{"id":84165,"date":"2026-04-03T10:01:20","date_gmt":"2026-04-03T13:01:20","guid":{"rendered":"https:\/\/noticiasribeiraopreto.com.br\/index.php\/2026\/04\/03\/encenacao-da-paixao-de-cristo-chega-a-41a-edicao-com-espetaculo-no-teatro-de-arena\/"},"modified":"2026-04-03T10:01:20","modified_gmt":"2026-04-03T13:01:20","slug":"encenacao-da-paixao-de-cristo-chega-a-41a-edicao-com-espetaculo-no-teatro-de-arena","status":"publish","type":"post","link":"https:\/\/noticiasribeiraopreto.com.br\/index.php\/2026\/04\/03\/encenacao-da-paixao-de-cristo-chega-a-41a-edicao-com-espetaculo-no-teatro-de-arena\/","title":{"rendered":"Encena\u00e7\u00e3o da Paix\u00e3o de Cristo chega \u00e0 41\u00aa edi\u00e7\u00e3o com espet\u00e1culo no Teatro de Arena"},"content":{"rendered":"<div class='code-block code-block-1' style='margin: 8px 0 8px auto; text-align: right; display: block; clear: both;'>\n<p><a href=\"https:\/\/wa.link\/vpicfd\"><img data-recalc-dims=\"1\" class=\"wp-image-4922\" style=\"aspect-ratio: 2.0253164556962027; width: 561px; height: auto;\" src=\"https:\/\/i0.wp.com\/ismaelcolosi.com.br\/wp-content\/uploads\/2023\/11\/grupo-de-empregos-whatsapp-e-facebook-ismael-colosi-vagas.jpg?ssl=1\" alt=\"\" \/><\/a><\/p>\n<!-- \/wp:image -->\n<\/div>\n<p> <br \/>\n<\/p>\n<div id=\"dsoaudio\">\n<div class=\"oknexcerpt resumo-noticia\">\n\t\t\t\t\t\t\t<button class=\"resumo-noticia__btn\" aria-expanded=\"false\" aria-controls=\"resumo-noticia-content\"><br \/>\n\t\t\t\t\t\t\t\t<span class=\"resumo-noticia__btn-text\">Ler o resumo da not\u00edcia<\/span><br \/>\n\t\t\t\t\t\t\t\t<svg xmlns=\"http:\/\/www.w3.org\/2000\/svg\" class=\"resumo-noticia__btn-icon\" width=\"24\" height=\"24\" viewbox=\"0 0 24 24\" fill=\"none\">\n\t\t\t\t\t\t\t\t\t<path d=\"M7.41 8.59L12 13.17L16.59 8.59L18 10L12 16L6 10L7.41 8.59Z\" fill=\"#196AA9\"\/>\n\t\t\t\t\t\t\t\t<\/svg><br \/>\n\t\t\t\t\t\t\t<\/button><\/p>\n<div class=\"resumo-noticia__content\" id=\"resumo-noticia-content\" style=\"max-height: 0px;\">\n<div class=\"resumo-noticia__content-inner\">\n<ul>\n<li>Encena\u00e7\u00e3o da Paix\u00e3o de Cristo chega \u00e0 41\u00aa edi\u00e7\u00e3o com espet\u00e1culo no Teatro de Arena<\/li>\n<li>A Secretaria Municipal da Cultura e Turismo de Ribeir\u00e3o Preto, em parceria com a Cia Minaz, realiza nesta sexta-feira (3), \u00e0s 18h, a 41\u00aa edi\u00e7\u00e3o da Paix\u00e3o de Cristo. O evento acontece no Teatro de Arena, do Morro do S\u00e3o Bento, e conta com entrada gratuita. Com formato de musical, a apresenta\u00e7\u00e3o re\u00fane atores, coral e solistas da Cia. Minaz, proporcionando ao p\u00fablico uma experi\u00eancia cultural marcada pela f\u00e9, emo\u00e7\u00e3o e sensibilidade art\u00edstica.\u00a0<\/li>\n<li>Ao longo das d\u00e9cadas, a Paix\u00e3o de Cristo se consolidou como uma das principais manifesta\u00e7\u00f5es culturais de Ribeir\u00e3o Preto. Servi\u00e7o<\/li>\n<li>41\u00aa Caminhada do Calv\u00e1rio \u2013 Encena\u00e7\u00e3o da Paix\u00e3o de CristoData: 3 de abril (sexta-feira)Hor\u00e1rio: 18hLocal: Teatro de Arena \u2013 Morro do S\u00e3o Bento<\/li>\n<li>Encena\u00e7\u00e3o da Paix\u00e3o de Cristo acontece nesta sexta-feira (3) (Foto: divulga\u00e7\u00e3o\/Amigos da Fotografia)<\/li>\n<li>Encena\u00e7\u00e3o da Paix\u00e3o de Cristo acontece nesta sexta-feira (3) (Foto: divulga\u00e7\u00e3o\/Amigos da Fotografia)<\/li>\n<li>Encena\u00e7\u00e3o da Paix\u00e3o de Cristo acontece nesta sexta-feira (3) (Foto: divulga\u00e7\u00e3o\/Amigos da Fotografia)<\/li>\n<li>SAIBA MAISMatogrosso e Mathias levam turn\u00ea de 50 anos ao palco do Ribeir\u00e3o Rodeo Music<\/li>\n<li>FIQUE ON<\/li>\n<li>Fique ligado em tudo que acontece em Ribeir\u00e3o Preto e regi\u00e3o. Siga os perfis do\u00a0acidade on\u00a0no\u00a0Instagram\u00a0e no\u00a0Facebook. Receba not\u00edcias do\u00a0acidade on\u00a0no WhatsApp. Fa\u00e7a uma den\u00fancia ou sugira uma reportagem sobre Ribeir\u00e3o Preto e regi\u00e3o pelo WhatsApp: 16 99117 7802. VEJA TAMB\u00c9MFifa come\u00e7a a testar nova regra de impedimento para favorecer ataques; entenda mudan\u00e7as<\/li>\n<\/ul><\/div>\n<\/p><\/div>\n<\/p><\/div>\n<p><button type=\"button\" title=\"Salvar mat\u00e9ria\" class=\"dso bookmark-injection bookmark-save\"><br \/>\n        <svg xmlns=\"http:\/\/www.w3.org\/2000\/svg\" width=\"20\" height=\"24\" viewbox=\"0 0 20 24\" fill=\"none\">\n            <path d=\"M1 23V1H19V23L10 15.6667L1 23Z\" stroke=\"black\" stroke-width=\"1.3\" stroke-linejoin=\"round\"\/>\n        <\/svg><br \/>\n    <\/button> <\/p>\n<p>A Secretaria Municipal da Cultura e Turismo de Ribeir\u00e3o Preto, em parceria com a Cia Minaz, realiza nesta sexta-feira (3), \u00e0s 18h, a 41\u00aa edi\u00e7\u00e3o da Paix\u00e3o de Cristo. O evento acontece no Teatro de Arena, do Morro do S\u00e3o Bento, e conta com <strong>entrada gratuita<\/strong>.<\/p>\n<p>Com formato de musical, a apresenta\u00e7\u00e3o re\u00fane atores, coral e solistas da Cia. Minaz, proporcionando ao p\u00fablico uma experi\u00eancia cultural marcada pela f\u00e9, emo\u00e7\u00e3o e sensibilidade art\u00edstica.\u00a0<\/p>\n<p>Ao longo das d\u00e9cadas, a Paix\u00e3o de Cristo se consolidou como uma das principais manifesta\u00e7\u00f5es culturais de Ribeir\u00e3o Preto.<\/p>\n<h2 class=\"wp-block-heading\"><strong>Servi\u00e7o<\/strong><\/h2>\n<p><strong>41\u00aa Caminhada do Calv\u00e1rio \u2013 Encena\u00e7\u00e3o da Paix\u00e3o de Cristo<\/strong><br \/><strong>Data: <\/strong>3 de abril (sexta-feira)<br \/><strong>Hor\u00e1rio: <\/strong>18h<br \/><strong>Local:<\/strong> Teatro de Arena \u2013 Morro do S\u00e3o Bento<\/p>\n<figure class=\"wp-block-gallery has-nested-images columns-default is-cropped wp-block-gallery-1 is-layout-flex wp-block-gallery-is-layout-flex\">\n<figure class=\"wp-block-image size-large\"><img data-recalc-dims=\"1\" loading=\"lazy\" decoding=\"async\" width=\"1024\" height=\"683\" data-id=\"151093\" alt=\"caminhada do calvario foto amigos da fotografia 3 2026 04 03 12 25 03\" class=\"wp-image-151093\" title=\"Encena\u00e7\u00e3o da Paix\u00e3o de Cristo chega \u00e0 41\u00aa edi\u00e7\u00e3o com espet\u00e1culo no Teatro de Arena 1\" srcset=\"https:\/\/www.acidadeon.com\/ribeiraopreto\/wp-content\/uploads\/sites\/3\/2026\/04\/caminhada_do_calvario_-_foto_amigos_da_fotografia_3_2026-04-03_12-25-03-1024x683.webp 1024w, https:\/\/www.acidadeon.com\/ribeiraopreto\/wp-content\/uploads\/sites\/3\/2026\/04\/caminhada_do_calvario_-_foto_amigos_da_fotografia_3_2026-04-03_12-25-03-300x200.webp 300w, https:\/\/www.acidadeon.com\/ribeiraopreto\/wp-content\/uploads\/sites\/3\/2026\/04\/caminhada_do_calvario_-_foto_amigos_da_fotografia_3_2026-04-03_12-25-03-768x512.webp 768w, https:\/\/www.acidadeon.com\/ribeiraopreto\/wp-content\/uploads\/sites\/3\/2026\/04\/caminhada_do_calvario_-_foto_amigos_da_fotografia_3_2026-04-03_12-25-03-400x267.webp 400w, https:\/\/www.acidadeon.com\/ribeiraopreto\/wp-content\/uploads\/sites\/3\/2026\/04\/caminhada_do_calvario_-_foto_amigos_da_fotografia_3_2026-04-03_12-25-03-150x100.webp 150w, https:\/\/www.acidadeon.com\/ribeiraopreto\/wp-content\/uploads\/sites\/3\/2026\/04\/caminhada_do_calvario_-_foto_amigos_da_fotografia_3_2026-04-03_12-25-03.webp 1200w\" data-lazy-sizes=\"(max-width: 1024px) 100vw, 1024px\" src=\"https:\/\/i0.wp.com\/www.acidadeon.com\/ribeiraopreto\/wp-content\/uploads\/sites\/3\/2026\/04\/caminhada_do_calvario_-_foto_amigos_da_fotografia_3_2026-04-03_12-25-03-1024x683.webp?resize=1024%2C683&#038;ssl=1\"\/><img data-recalc-dims=\"1\" loading=\"lazy\" decoding=\"async\" width=\"1024\" height=\"683\" data-id=\"151093\" src=\"https:\/\/i0.wp.com\/www.acidadeon.com\/ribeiraopreto\/wp-content\/uploads\/sites\/3\/2026\/04\/caminhada_do_calvario_-_foto_amigos_da_fotografia_3_2026-04-03_12-25-03-1024x683.webp?resize=1024%2C683&#038;ssl=1\" alt=\"caminhada do calvario foto amigos da fotografia 3 2026 04 03 12 25 03\" class=\"wp-image-151093\" title=\"Encena\u00e7\u00e3o da Paix\u00e3o de Cristo chega \u00e0 41\u00aa edi\u00e7\u00e3o com espet\u00e1culo no Teatro de Arena 1\" srcset=\"https:\/\/www.acidadeon.com\/ribeiraopreto\/wp-content\/uploads\/sites\/3\/2026\/04\/caminhada_do_calvario_-_foto_amigos_da_fotografia_3_2026-04-03_12-25-03-1024x683.webp 1024w, https:\/\/www.acidadeon.com\/ribeiraopreto\/wp-content\/uploads\/sites\/3\/2026\/04\/caminhada_do_calvario_-_foto_amigos_da_fotografia_3_2026-04-03_12-25-03-300x200.webp 300w, https:\/\/www.acidadeon.com\/ribeiraopreto\/wp-content\/uploads\/sites\/3\/2026\/04\/caminhada_do_calvario_-_foto_amigos_da_fotografia_3_2026-04-03_12-25-03-768x512.webp 768w, https:\/\/www.acidadeon.com\/ribeiraopreto\/wp-content\/uploads\/sites\/3\/2026\/04\/caminhada_do_calvario_-_foto_amigos_da_fotografia_3_2026-04-03_12-25-03-400x267.webp 400w, https:\/\/www.acidadeon.com\/ribeiraopreto\/wp-content\/uploads\/sites\/3\/2026\/04\/caminhada_do_calvario_-_foto_amigos_da_fotografia_3_2026-04-03_12-25-03-150x100.webp 150w, https:\/\/www.acidadeon.com\/ribeiraopreto\/wp-content\/uploads\/sites\/3\/2026\/04\/caminhada_do_calvario_-_foto_amigos_da_fotografia_3_2026-04-03_12-25-03.webp 1200w\" sizes=\"auto, (max-width: 1024px) 100vw, 1024px\"\/><figcaption class=\"wp-element-caption\">Encena\u00e7\u00e3o da Paix\u00e3o de Cristo acontece nesta sexta-feira (3) (Foto: divulga\u00e7\u00e3o\/Amigos da Fotografia)<\/figcaption><\/figure>\n<figure class=\"wp-block-image size-large\"><img data-recalc-dims=\"1\" loading=\"lazy\" decoding=\"async\" width=\"1024\" height=\"680\" data-id=\"151092\" alt=\"caminhada do calvario foto amigos da fotografia 2 2026 04 03 12 25 01\" class=\"wp-image-151092\" title=\"Encena\u00e7\u00e3o da Paix\u00e3o de Cristo chega \u00e0 41\u00aa edi\u00e7\u00e3o com espet\u00e1culo no Teatro de Arena 2\" srcset=\"https:\/\/www.acidadeon.com\/ribeiraopreto\/wp-content\/uploads\/sites\/3\/2026\/04\/caminhada_do_calvario_-_foto_amigos_da_fotografia_2_2026-04-03_12-25-01-1024x680.webp 1024w, https:\/\/www.acidadeon.com\/ribeiraopreto\/wp-content\/uploads\/sites\/3\/2026\/04\/caminhada_do_calvario_-_foto_amigos_da_fotografia_2_2026-04-03_12-25-01-300x199.webp 300w, https:\/\/www.acidadeon.com\/ribeiraopreto\/wp-content\/uploads\/sites\/3\/2026\/04\/caminhada_do_calvario_-_foto_amigos_da_fotografia_2_2026-04-03_12-25-01-768x510.webp 768w, https:\/\/www.acidadeon.com\/ribeiraopreto\/wp-content\/uploads\/sites\/3\/2026\/04\/caminhada_do_calvario_-_foto_amigos_da_fotografia_2_2026-04-03_12-25-01-400x266.webp 400w, https:\/\/www.acidadeon.com\/ribeiraopreto\/wp-content\/uploads\/sites\/3\/2026\/04\/caminhada_do_calvario_-_foto_amigos_da_fotografia_2_2026-04-03_12-25-01-150x100.webp 150w, https:\/\/www.acidadeon.com\/ribeiraopreto\/wp-content\/uploads\/sites\/3\/2026\/04\/caminhada_do_calvario_-_foto_amigos_da_fotografia_2_2026-04-03_12-25-01.webp 1200w\" data-lazy-sizes=\"(max-width: 1024px) 100vw, 1024px\" src=\"https:\/\/i0.wp.com\/www.acidadeon.com\/ribeiraopreto\/wp-content\/uploads\/sites\/3\/2026\/04\/caminhada_do_calvario_-_foto_amigos_da_fotografia_2_2026-04-03_12-25-01-1024x680.webp?resize=1024%2C680&#038;ssl=1\"\/><img data-recalc-dims=\"1\" loading=\"lazy\" decoding=\"async\" width=\"1024\" height=\"680\" data-id=\"151092\" src=\"https:\/\/i0.wp.com\/www.acidadeon.com\/ribeiraopreto\/wp-content\/uploads\/sites\/3\/2026\/04\/caminhada_do_calvario_-_foto_amigos_da_fotografia_2_2026-04-03_12-25-01-1024x680.webp?resize=1024%2C680&#038;ssl=1\" alt=\"caminhada do calvario foto amigos da fotografia 2 2026 04 03 12 25 01\" class=\"wp-image-151092\" title=\"Encena\u00e7\u00e3o da Paix\u00e3o de Cristo chega \u00e0 41\u00aa edi\u00e7\u00e3o com espet\u00e1culo no Teatro de Arena 2\" srcset=\"https:\/\/www.acidadeon.com\/ribeiraopreto\/wp-content\/uploads\/sites\/3\/2026\/04\/caminhada_do_calvario_-_foto_amigos_da_fotografia_2_2026-04-03_12-25-01-1024x680.webp 1024w, https:\/\/www.acidadeon.com\/ribeiraopreto\/wp-content\/uploads\/sites\/3\/2026\/04\/caminhada_do_calvario_-_foto_amigos_da_fotografia_2_2026-04-03_12-25-01-300x199.webp 300w, https:\/\/www.acidadeon.com\/ribeiraopreto\/wp-content\/uploads\/sites\/3\/2026\/04\/caminhada_do_calvario_-_foto_amigos_da_fotografia_2_2026-04-03_12-25-01-768x510.webp 768w, https:\/\/www.acidadeon.com\/ribeiraopreto\/wp-content\/uploads\/sites\/3\/2026\/04\/caminhada_do_calvario_-_foto_amigos_da_fotografia_2_2026-04-03_12-25-01-400x266.webp 400w, https:\/\/www.acidadeon.com\/ribeiraopreto\/wp-content\/uploads\/sites\/3\/2026\/04\/caminhada_do_calvario_-_foto_amigos_da_fotografia_2_2026-04-03_12-25-01-150x100.webp 150w, https:\/\/www.acidadeon.com\/ribeiraopreto\/wp-content\/uploads\/sites\/3\/2026\/04\/caminhada_do_calvario_-_foto_amigos_da_fotografia_2_2026-04-03_12-25-01.webp 1200w\" sizes=\"auto, (max-width: 1024px) 100vw, 1024px\"\/><figcaption class=\"wp-element-caption\">Encena\u00e7\u00e3o da Paix\u00e3o de Cristo acontece nesta sexta-feira (3) (Foto: divulga\u00e7\u00e3o\/Amigos da Fotografia)<\/figcaption><\/figure>\n<figure class=\"wp-block-image size-large\"><img data-recalc-dims=\"1\" loading=\"lazy\" decoding=\"async\" width=\"1024\" height=\"680\" data-id=\"151091\" alt=\"caminhada do calvario foto amigos da fotografia 1 2026 04 03 12 24 54\" class=\"wp-image-151091\" title=\"Encena\u00e7\u00e3o da Paix\u00e3o de Cristo chega \u00e0 41\u00aa edi\u00e7\u00e3o com espet\u00e1culo no Teatro de Arena 3\" srcset=\"https:\/\/www.acidadeon.com\/ribeiraopreto\/wp-content\/uploads\/sites\/3\/2026\/04\/caminhada_do_calvario_-_foto_amigos_da_fotografia_1_2026-04-03_12-24-54-1024x680.webp 1024w, https:\/\/www.acidadeon.com\/ribeiraopreto\/wp-content\/uploads\/sites\/3\/2026\/04\/caminhada_do_calvario_-_foto_amigos_da_fotografia_1_2026-04-03_12-24-54-300x199.webp 300w, https:\/\/www.acidadeon.com\/ribeiraopreto\/wp-content\/uploads\/sites\/3\/2026\/04\/caminhada_do_calvario_-_foto_amigos_da_fotografia_1_2026-04-03_12-24-54-768x510.webp 768w, https:\/\/www.acidadeon.com\/ribeiraopreto\/wp-content\/uploads\/sites\/3\/2026\/04\/caminhada_do_calvario_-_foto_amigos_da_fotografia_1_2026-04-03_12-24-54-400x266.webp 400w, https:\/\/www.acidadeon.com\/ribeiraopreto\/wp-content\/uploads\/sites\/3\/2026\/04\/caminhada_do_calvario_-_foto_amigos_da_fotografia_1_2026-04-03_12-24-54-150x100.webp 150w, https:\/\/www.acidadeon.com\/ribeiraopreto\/wp-content\/uploads\/sites\/3\/2026\/04\/caminhada_do_calvario_-_foto_amigos_da_fotografia_1_2026-04-03_12-24-54.webp 1200w\" data-lazy-sizes=\"(max-width: 1024px) 100vw, 1024px\" src=\"https:\/\/i0.wp.com\/www.acidadeon.com\/ribeiraopreto\/wp-content\/uploads\/sites\/3\/2026\/04\/caminhada_do_calvario_-_foto_amigos_da_fotografia_1_2026-04-03_12-24-54-1024x680.webp?resize=1024%2C680&#038;ssl=1\"\/><img data-recalc-dims=\"1\" loading=\"lazy\" decoding=\"async\" width=\"1024\" height=\"680\" data-id=\"151091\" src=\"https:\/\/i0.wp.com\/www.acidadeon.com\/ribeiraopreto\/wp-content\/uploads\/sites\/3\/2026\/04\/caminhada_do_calvario_-_foto_amigos_da_fotografia_1_2026-04-03_12-24-54-1024x680.webp?resize=1024%2C680&#038;ssl=1\" alt=\"caminhada do calvario foto amigos da fotografia 1 2026 04 03 12 24 54\" class=\"wp-image-151091\" title=\"Encena\u00e7\u00e3o da Paix\u00e3o de Cristo chega \u00e0 41\u00aa edi\u00e7\u00e3o com espet\u00e1culo no Teatro de Arena 3\" srcset=\"https:\/\/www.acidadeon.com\/ribeiraopreto\/wp-content\/uploads\/sites\/3\/2026\/04\/caminhada_do_calvario_-_foto_amigos_da_fotografia_1_2026-04-03_12-24-54-1024x680.webp 1024w, https:\/\/www.acidadeon.com\/ribeiraopreto\/wp-content\/uploads\/sites\/3\/2026\/04\/caminhada_do_calvario_-_foto_amigos_da_fotografia_1_2026-04-03_12-24-54-300x199.webp 300w, https:\/\/www.acidadeon.com\/ribeiraopreto\/wp-content\/uploads\/sites\/3\/2026\/04\/caminhada_do_calvario_-_foto_amigos_da_fotografia_1_2026-04-03_12-24-54-768x510.webp 768w, https:\/\/www.acidadeon.com\/ribeiraopreto\/wp-content\/uploads\/sites\/3\/2026\/04\/caminhada_do_calvario_-_foto_amigos_da_fotografia_1_2026-04-03_12-24-54-400x266.webp 400w, https:\/\/www.acidadeon.com\/ribeiraopreto\/wp-content\/uploads\/sites\/3\/2026\/04\/caminhada_do_calvario_-_foto_amigos_da_fotografia_1_2026-04-03_12-24-54-150x100.webp 150w, https:\/\/www.acidadeon.com\/ribeiraopreto\/wp-content\/uploads\/sites\/3\/2026\/04\/caminhada_do_calvario_-_foto_amigos_da_fotografia_1_2026-04-03_12-24-54.webp 1200w\" sizes=\"auto, (max-width: 1024px) 100vw, 1024px\"\/><figcaption class=\"wp-element-caption\">Encena\u00e7\u00e3o da Paix\u00e3o de Cristo acontece nesta sexta-feira (3) (Foto: divulga\u00e7\u00e3o\/Amigos da Fotografia)<\/figcaption><\/figure>\n<\/figure>\n<p>SAIBA MAIS<br \/>Matogrosso e Mathias levam turn\u00ea de 50 anos ao palco do Ribeir\u00e3o Rodeo Music<\/p>\n<h2 class=\"wp-block-heading\"><strong>FIQUE ON<\/strong><\/h2>\n<p>Fique ligado em tudo que acontece em Ribeir\u00e3o Preto e regi\u00e3o. Siga os perfis do\u00a0<strong>acidade on<\/strong>\u00a0no<a href=\"https:\/\/www.instagram.com\/acidadeonribeirao\/\" target=\"_blank\" rel=\"noreferrer noopener\">\u00a0Instagram<\/a>\u00a0e no\u00a0<a href=\"https:\/\/www.facebook.com\/acidadeonribeirao\" target=\"_blank\" rel=\"noreferrer noopener\">Facebook<\/a>.<\/p>\n<p>Receba not\u00edcias do<strong>\u00a0acidade on\u00a0<\/strong>no WhatsApp. Para entrar no grupo,\u00a0basta\u00a0<a href=\"https:\/\/chat.whatsapp.com\/DfXwcjKVIddHUT3BvnQuPZ?mode=hqctshi\" target=\"_blank\" rel=\"noreferrer noopener\">clicar aqui<\/a>. Ou, acesse o nosso\u00a0Canal\u00a0<a href=\"https:\/\/whatsapp.com\/channel\/0029Vb6IQl1JENyAeS57fk2p\" target=\"_blank\" rel=\"noreferrer noopener\">clicando aqui<\/a>.<\/p>\n<p>Fa\u00e7a uma den\u00fancia ou sugira uma reportagem sobre Ribeir\u00e3o Preto e regi\u00e3o pelo WhatsApp: 16 99117 7802.<\/p>\n<p>VEJA TAMB\u00c9M<br \/>Fifa come\u00e7a a testar nova regra de impedimento para favorecer ataques; entenda mudan\u00e7as<\/p>\n<p><input type=\"hidden\" name=\"postID\" id=\"postID\" value=\"151090\"\/><br \/>\n            <input type=\"hidden\" name=\"postType\" id=\"postType\" value=\"post\"\/><br \/>\n<!-- AI CONTENT END 1 -->\n        <\/div>\n<p><script async src=\"\/\/www.instagram.com\/embed.js\"><\/script><br \/>\n<br \/><br \/>\n<br \/><a href=\"https:\/\/www.acidadeon.com\/ribeiraopreto\/lazer-e-cultura\/encenacao-da-paixao-de-cristo-chega-a-41a-edicao-com-espetaculo-no-teatro-de-arena\/\">Source link <\/a><\/p>\n<!-- CONTENT END 1 -->\n","protected":false},"excerpt":{"rendered":"<p>Ler o resumo da not\u00edcia Encena\u00e7\u00e3o da Paix\u00e3o de Cristo chega \u00e0 41\u00aa edi\u00e7\u00e3o com espet\u00e1culo no Teatro de Arena A Secretaria Municipal da Cultura&#8230;<\/p>\n","protected":false},"author":1,"featured_media":84166,"comment_status":"open","ping_status":"open","sticky":false,"template":"","format":"standard","meta":{"advanced_seo_description":"","jetpack_seo_html_title":"","jetpack_seo_noindex":false,"jetpack_post_was_ever_published":false,"_jetpack_newsletter_access":"","_jetpack_dont_email_post_to_subs":false,"_jetpack_newsletter_tier_id":0,"_jetpack_memberships_contains_paywalled_content":false,"_jetpack_memberships_contains_paid_content":false,"footnotes":"","jetpack_publicize_message":"","jetpack_publicize_feature_enabled":true,"jetpack_social_post_already_shared":true,"jetpack_social_options":{"image_generator_settings":{"template":"highway","default_image_id":0,"font":"","enabled":false},"version":2}},"categories":[11],"tags":[],"class_list":["post-84165","post","type-post","status-publish","format-standard","has-post-thumbnail","hentry","category-noticias-de-ribeirao-preto-sp-e-regiao-ismael-colosi"],"jetpack_publicize_connections":[],"jetpack_featured_media_url":"https:\/\/i0.wp.com\/noticiasribeiraopreto.com.br\/wp-content\/uploads\/2026\/04\/caminhada_do_calvario_-_foto_amigos_da_fotografia_1_2026-04-03_12-24-54.webp.webp?fit=1200%2C797&ssl=1","jetpack-related-posts":[{"id":83898,"url":"https:\/\/noticiasribeiraopreto.com.br\/index.php\/2026\/03\/27\/veja-quando-acontece-a-encenacao-da-paixao-de-cristo-em-ribeirao-preto\/","url_meta":{"origin":84165,"position":0},"title":"Veja quando acontece a encena\u00e7\u00e3o da Paix\u00e3o de Cristo em Ribeir\u00e3o Preto","author":"noticiasribeiraopreto.com.br","date":"27 de March de 2026","format":false,"excerpt":"A 41\u00aa Caminhada do Calv\u00e1rio de Ribeir\u00e3o Preto \u2013 Encena\u00e7\u00e3o da Paix\u00e3o de Cristo, tradicional evento de P\u00e1scoa que re\u00fane milhares de fi\u00e9is, ser\u00e1 realizada no dia 3 de abril, \u00e0s 18h, no Teatro de Arena do Morro do S\u00e3o Bento. Segundo a Prefeitura, a apresenta\u00e7\u00e3o deste ano re\u00fane atores,\u2026","rel":"","context":"In &quot;Not\u00edcias de Ribeir\u00e3o Preto-SP e Regi\u00e3o&quot;","block_context":{"text":"Not\u00edcias de Ribeir\u00e3o Preto-SP e Regi\u00e3o","link":"https:\/\/noticiasribeiraopreto.com.br\/index.php\/category\/noticias-de-ribeirao-preto-sp-e-regiao-ismael-colosi\/"},"img":{"alt_text":"","src":"https:\/\/i0.wp.com\/noticiasribeiraopreto.com.br\/wp-content\/uploads\/2026\/03\/Copia-de-Copia-de-TAMANHO-EXATO-PARA-FOTOS-NO-SISTEMA-NOVO-6-1.jpg?fit=1200%2C675&ssl=1&resize=350%2C200","width":350,"height":200,"srcset":"https:\/\/i0.wp.com\/noticiasribeiraopreto.com.br\/wp-content\/uploads\/2026\/03\/Copia-de-Copia-de-TAMANHO-EXATO-PARA-FOTOS-NO-SISTEMA-NOVO-6-1.jpg?fit=1200%2C675&ssl=1&resize=350%2C200 1x, https:\/\/i0.wp.com\/noticiasribeiraopreto.com.br\/wp-content\/uploads\/2026\/03\/Copia-de-Copia-de-TAMANHO-EXATO-PARA-FOTOS-NO-SISTEMA-NOVO-6-1.jpg?fit=1200%2C675&ssl=1&resize=525%2C300 1.5x, https:\/\/i0.wp.com\/noticiasribeiraopreto.com.br\/wp-content\/uploads\/2026\/03\/Copia-de-Copia-de-TAMANHO-EXATO-PARA-FOTOS-NO-SISTEMA-NOVO-6-1.jpg?fit=1200%2C675&ssl=1&resize=700%2C400 2x, https:\/\/i0.wp.com\/noticiasribeiraopreto.com.br\/wp-content\/uploads\/2026\/03\/Copia-de-Copia-de-TAMANHO-EXATO-PARA-FOTOS-NO-SISTEMA-NOVO-6-1.jpg?fit=1200%2C675&ssl=1&resize=1050%2C600 3x"},"classes":[]},{"id":84004,"url":"https:\/\/noticiasribeiraopreto.com.br\/index.php\/2026\/03\/30\/pascoa-tem-programacao-religiosa-e-atracoes-em-shoppings-de-ribeirao-e-regiao-veja-a-lista\/","url_meta":{"origin":84165,"position":1},"title":"P\u00e1scoa tem programa\u00e7\u00e3o religiosa e atra\u00e7\u00f5es em shoppings de Ribeir\u00e3o e regi\u00e3o; Veja a lista","author":"noticiasribeiraopreto.com.br","date":"30 de March de 2026","format":false,"excerpt":"Ler o resumo da not\u00edcia Shoppings de Ribeir\u00e3o Preto, Franca e regi\u00e3o oferecem programa\u00e7\u00e3o infantil gratuita nos dias 4 e 5 de abril, com teatro, oficinas e presen\u00e7a do coelhinho. A 41\u00aa Caminhada do Calv\u00e1rio em Ribeir\u00e3o Preto ocorre na sexta-feira (3), \u00e0s 18h, no Teatro de Arena do Morro\u2026","rel":"","context":"In &quot;Not\u00edcias de Ribeir\u00e3o Preto-SP e Regi\u00e3o&quot;","block_context":{"text":"Not\u00edcias de Ribeir\u00e3o Preto-SP e Regi\u00e3o","link":"https:\/\/noticiasribeiraopreto.com.br\/index.php\/category\/noticias-de-ribeirao-preto-sp-e-regiao-ismael-colosi\/"},"img":{"alt_text":"","src":"https:\/\/i0.wp.com\/noticiasribeiraopreto.com.br\/wp-content\/uploads\/2026\/03\/WhatsApp-Image-2026-03-30-at-11.09.33-1_2026-03-30_21-09-25.webp.webp?fit=960%2C720&ssl=1&resize=350%2C200","width":350,"height":200,"srcset":"https:\/\/i0.wp.com\/noticiasribeiraopreto.com.br\/wp-content\/uploads\/2026\/03\/WhatsApp-Image-2026-03-30-at-11.09.33-1_2026-03-30_21-09-25.webp.webp?fit=960%2C720&ssl=1&resize=350%2C200 1x, https:\/\/i0.wp.com\/noticiasribeiraopreto.com.br\/wp-content\/uploads\/2026\/03\/WhatsApp-Image-2026-03-30-at-11.09.33-1_2026-03-30_21-09-25.webp.webp?fit=960%2C720&ssl=1&resize=525%2C300 1.5x, https:\/\/i0.wp.com\/noticiasribeiraopreto.com.br\/wp-content\/uploads\/2026\/03\/WhatsApp-Image-2026-03-30-at-11.09.33-1_2026-03-30_21-09-25.webp.webp?fit=960%2C720&ssl=1&resize=700%2C400 2x"},"classes":[]},{"id":44746,"url":"https:\/\/noticiasribeiraopreto.com.br\/index.php\/2024\/03\/30\/confira-as-fotos-da-caminhada-do-calvario-a-encenacao-da-paixao-de-cristo-em-ribeirao\/","url_meta":{"origin":84165,"position":2},"title":"Confira as fotos da \u2018Caminhada do Calv\u00e1rio \u2013 A Encena\u00e7\u00e3o da Paix\u00e3o de Cristo\u2019 em Ribeir\u00e3o","author":"noticiasribeiraopreto.com.br","date":"30 de March de 2024","format":false,"excerpt":"Milhares de fi\u00e9is assistiram na noite de Sexta-feira Santa (29) a apresenta\u00e7\u00e3o da tradicional \u201cCaminhada do Calv\u00e1rio \u2013 A Encena\u00e7\u00e3o da Paix\u00e3o de Cristo\u201d, que aconteceu no Teatro de Arena, no Morro do S\u00e3o Bento (veja fotos abaixo). A\u00a0Encena\u00e7\u00e3o da Paix\u00e3o de Cristo\u00a0retratou as\u00a0\u00faltimas horas de Jesus Cristo antes da\u2026","rel":"","context":"In &quot;Not\u00edcias de Ribeir\u00e3o Preto-SP e Regi\u00e3o&quot;","block_context":{"text":"Not\u00edcias de Ribeir\u00e3o Preto-SP e Regi\u00e3o","link":"https:\/\/noticiasribeiraopreto.com.br\/index.php\/category\/noticias-de-ribeirao-preto-sp-e-regiao-ismael-colosi\/"},"img":{"alt_text":"","src":"https:\/\/i0.wp.com\/noticiasribeiraopreto.com.br\/wp-content\/uploads\/2024\/03\/Copia-de-Copia-de-TAMANHO-EXATO-PARA-FOTOS-NO-SISTEMA-NOVO-10.jpg?fit=1200%2C675&ssl=1&resize=350%2C200","width":350,"height":200,"srcset":"https:\/\/i0.wp.com\/noticiasribeiraopreto.com.br\/wp-content\/uploads\/2024\/03\/Copia-de-Copia-de-TAMANHO-EXATO-PARA-FOTOS-NO-SISTEMA-NOVO-10.jpg?fit=1200%2C675&ssl=1&resize=350%2C200 1x, https:\/\/i0.wp.com\/noticiasribeiraopreto.com.br\/wp-content\/uploads\/2024\/03\/Copia-de-Copia-de-TAMANHO-EXATO-PARA-FOTOS-NO-SISTEMA-NOVO-10.jpg?fit=1200%2C675&ssl=1&resize=525%2C300 1.5x, https:\/\/i0.wp.com\/noticiasribeiraopreto.com.br\/wp-content\/uploads\/2024\/03\/Copia-de-Copia-de-TAMANHO-EXATO-PARA-FOTOS-NO-SISTEMA-NOVO-10.jpg?fit=1200%2C675&ssl=1&resize=700%2C400 2x, https:\/\/i0.wp.com\/noticiasribeiraopreto.com.br\/wp-content\/uploads\/2024\/03\/Copia-de-Copia-de-TAMANHO-EXATO-PARA-FOTOS-NO-SISTEMA-NOVO-10.jpg?fit=1200%2C675&ssl=1&resize=1050%2C600 3x"},"classes":[]},{"id":44681,"url":"https:\/\/noticiasribeiraopreto.com.br\/index.php\/2024\/03\/29\/confira-tudo-sobre-a-caminhada-do-calvario-encenacao-da-paixao-de-cristo-em-ribeirao\/","url_meta":{"origin":84165,"position":3},"title":"Confira tudo sobre a \u2018Caminhada do Calv\u00e1rio &#8211; Encena\u00e7\u00e3o da Paix\u00e3o de Cristo\u2019 em Ribeir\u00e3o","author":"noticiasribeiraopreto.com.br","date":"29 de March de 2024","format":false,"excerpt":"A tradicional \u201cCaminhada do Calv\u00e1rio \u2013 A Encena\u00e7\u00e3o da Paix\u00e3o de Cristo\u201d em Ribeir\u00e3o Preto acontece nesta sexta-feira (29), a partir das 18h, no Teatro de Arena, que fica no Morro do S\u00e3o Bento. O evento que est\u00e1 em sua 39\u00aa edi\u00e7\u00e3o \u00e9 de gra\u00e7a e deve receber milhares de\u2026","rel":"","context":"In &quot;Not\u00edcias de Ribeir\u00e3o Preto-SP e Regi\u00e3o&quot;","block_context":{"text":"Not\u00edcias de Ribeir\u00e3o Preto-SP e Regi\u00e3o","link":"https:\/\/noticiasribeiraopreto.com.br\/index.php\/category\/noticias-de-ribeirao-preto-sp-e-regiao-ismael-colosi\/"},"img":{"alt_text":"","src":"https:\/\/i0.wp.com\/noticiasribeiraopreto.com.br\/wp-content\/uploads\/2024\/03\/Copia-de-Copia-de-TAMANHO-EXATO-PARA-FOTOS-NO-SISTEMA-NOVO-6-1.jpg?fit=1200%2C675&ssl=1&resize=350%2C200","width":350,"height":200,"srcset":"https:\/\/i0.wp.com\/noticiasribeiraopreto.com.br\/wp-content\/uploads\/2024\/03\/Copia-de-Copia-de-TAMANHO-EXATO-PARA-FOTOS-NO-SISTEMA-NOVO-6-1.jpg?fit=1200%2C675&ssl=1&resize=350%2C200 1x, https:\/\/i0.wp.com\/noticiasribeiraopreto.com.br\/wp-content\/uploads\/2024\/03\/Copia-de-Copia-de-TAMANHO-EXATO-PARA-FOTOS-NO-SISTEMA-NOVO-6-1.jpg?fit=1200%2C675&ssl=1&resize=525%2C300 1.5x, https:\/\/i0.wp.com\/noticiasribeiraopreto.com.br\/wp-content\/uploads\/2024\/03\/Copia-de-Copia-de-TAMANHO-EXATO-PARA-FOTOS-NO-SISTEMA-NOVO-6-1.jpg?fit=1200%2C675&ssl=1&resize=700%2C400 2x, https:\/\/i0.wp.com\/noticiasribeiraopreto.com.br\/wp-content\/uploads\/2024\/03\/Copia-de-Copia-de-TAMANHO-EXATO-PARA-FOTOS-NO-SISTEMA-NOVO-6-1.jpg?fit=1200%2C675&ssl=1&resize=1050%2C600 3x"},"classes":[]},{"id":43726,"url":"https:\/\/noticiasribeiraopreto.com.br\/index.php\/2024\/03\/22\/caminhada-do-calvario-em-ribeirao-preto-acontece-no-teatro-de-arena-saiba-mais\/","url_meta":{"origin":84165,"position":4},"title":"Caminhada do Calv\u00e1rio em Ribeir\u00e3o Preto acontece no Teatro de Arena; Saiba mais","author":"noticiasribeiraopreto.com.br","date":"22 de March de 2024","format":false,"excerpt":"A tradicional Caminhada do Calv\u00e1rio de Ribeir\u00e3o Preto, que re\u00fane milhares de fi\u00e9is, acontece na pr\u00f3xima sexta-feira (29), \u00e0s 18h, no Teatro de Arena, que fica no Morro do S\u00e3o Bento. Com cerca de 60 pessoas envolvidas na encena\u00e7\u00e3o da Paix\u00e3o de Cristo, entre atores, volunt\u00e1rios, produ\u00e7\u00e3o, acessibilidade em libras\u2026","rel":"","context":"In &quot;Not\u00edcias de Ribeir\u00e3o Preto-SP e Regi\u00e3o&quot;","block_context":{"text":"Not\u00edcias de Ribeir\u00e3o Preto-SP e Regi\u00e3o","link":"https:\/\/noticiasribeiraopreto.com.br\/index.php\/category\/noticias-de-ribeirao-preto-sp-e-regiao-ismael-colosi\/"},"img":{"alt_text":"","src":"https:\/\/i0.wp.com\/noticiasribeiraopreto.com.br\/wp-content\/uploads\/2024\/03\/Copia-de-Copia-de-TAMANHO-EXATO-PARA-FOTOS-NO-SISTEMA-NOVO-5.png?fit=1200%2C675&ssl=1&resize=350%2C200","width":350,"height":200,"srcset":"https:\/\/i0.wp.com\/noticiasribeiraopreto.com.br\/wp-content\/uploads\/2024\/03\/Copia-de-Copia-de-TAMANHO-EXATO-PARA-FOTOS-NO-SISTEMA-NOVO-5.png?fit=1200%2C675&ssl=1&resize=350%2C200 1x, https:\/\/i0.wp.com\/noticiasribeiraopreto.com.br\/wp-content\/uploads\/2024\/03\/Copia-de-Copia-de-TAMANHO-EXATO-PARA-FOTOS-NO-SISTEMA-NOVO-5.png?fit=1200%2C675&ssl=1&resize=525%2C300 1.5x, https:\/\/i0.wp.com\/noticiasribeiraopreto.com.br\/wp-content\/uploads\/2024\/03\/Copia-de-Copia-de-TAMANHO-EXATO-PARA-FOTOS-NO-SISTEMA-NOVO-5.png?fit=1200%2C675&ssl=1&resize=700%2C400 2x, https:\/\/i0.wp.com\/noticiasribeiraopreto.com.br\/wp-content\/uploads\/2024\/03\/Copia-de-Copia-de-TAMANHO-EXATO-PARA-FOTOS-NO-SISTEMA-NOVO-5.png?fit=1200%2C675&ssl=1&resize=1050%2C600 3x"},"classes":[]},{"id":67746,"url":"https:\/\/noticiasribeiraopreto.com.br\/index.php\/2025\/04\/17\/jornal-da-franca-em-franca-paroquia-sao-judas-realiza-encenacao-da-paixao-de-cristo-nesta-sexta-18\/","url_meta":{"origin":84165,"position":5},"title":"Jornal da Franca &#8211; Em Franca, Par\u00f3quia S\u00e3o Judas realiza encena\u00e7\u00e3o da Paix\u00e3o de Cristo nesta sexta, 18","author":"noticiasribeiraopreto.com.br","date":"17 de April de 2025","format":false,"excerpt":"compartilhar no whatsapp compartilhar no telegram compartilhar no facebook compartilhar no linkedin A Par\u00f3quia S\u00e3o Judas se organiza para mais uma edi\u00e7\u00e3o da tradicional encena\u00e7\u00e3o da Paix\u00e3o de Cristo, que acontece h\u00e1 mais de tr\u00eas d\u00e9cadas Par\u00f3quia S\u00e3o Judas realiza encena\u00e7\u00e3o da Paix\u00e3o de Cristo h\u00e1 mais de 30 anos\u2026","rel":"","context":"In &quot;Not\u00edcias de Franca-SP&quot;","block_context":{"text":"Not\u00edcias de Franca-SP","link":"https:\/\/noticiasribeiraopreto.com.br\/index.php\/category\/noticias-de-ribeirao-preto-sp-e-regiao-ismael-colosi\/noticias-franca-sp\/"},"img":{"alt_text":"","src":"https:\/\/i0.wp.com\/noticiasribeiraopreto.com.br\/wp-content\/uploads\/2025\/04\/encenacao-paixao-de-cristo-franca-foto-divulgacao.jpg?fit=984%2C616&ssl=1&resize=350%2C200","width":350,"height":200,"srcset":"https:\/\/i0.wp.com\/noticiasribeiraopreto.com.br\/wp-content\/uploads\/2025\/04\/encenacao-paixao-de-cristo-franca-foto-divulgacao.jpg?fit=984%2C616&ssl=1&resize=350%2C200 1x, https:\/\/i0.wp.com\/noticiasribeiraopreto.com.br\/wp-content\/uploads\/2025\/04\/encenacao-paixao-de-cristo-franca-foto-divulgacao.jpg?fit=984%2C616&ssl=1&resize=525%2C300 1.5x, https:\/\/i0.wp.com\/noticiasribeiraopreto.com.br\/wp-content\/uploads\/2025\/04\/encenacao-paixao-de-cristo-franca-foto-divulgacao.jpg?fit=984%2C616&ssl=1&resize=700%2C400 2x"},"classes":[]}],"jetpack_sharing_enabled":true,"jetpack_shortlink":"https:\/\/wp.me\/peQAOb-lTv","_links":{"self":[{"href":"https:\/\/noticiasribeiraopreto.com.br\/index.php\/wp-json\/wp\/v2\/posts\/84165","targetHints":{"allow":["GET"]}}],"collection":[{"href":"https:\/\/noticiasribeiraopreto.com.br\/index.php\/wp-json\/wp\/v2\/posts"}],"about":[{"href":"https:\/\/noticiasribeiraopreto.com.br\/index.php\/wp-json\/wp\/v2\/types\/post"}],"author":[{"embeddable":true,"href":"https:\/\/noticiasribeiraopreto.com.br\/index.php\/wp-json\/wp\/v2\/users\/1"}],"replies":[{"embeddable":true,"href":"https:\/\/noticiasribeiraopreto.com.br\/index.php\/wp-json\/wp\/v2\/comments?post=84165"}],"version-history":[{"count":0,"href":"https:\/\/noticiasribeiraopreto.com.br\/index.php\/wp-json\/wp\/v2\/posts\/84165\/revisions"}],"wp:featuredmedia":[{"embeddable":true,"href":"https:\/\/noticiasribeiraopreto.com.br\/index.php\/wp-json\/wp\/v2\/media\/84166"}],"wp:attachment":[{"href":"https:\/\/noticiasribeiraopreto.com.br\/index.php\/wp-json\/wp\/v2\/media?parent=84165"}],"wp:term":[{"taxonomy":"category","embeddable":true,"href":"https:\/\/noticiasribeiraopreto.com.br\/index.php\/wp-json\/wp\/v2\/categories?post=84165"},{"taxonomy":"post_tag","embeddable":true,"href":"https:\/\/noticiasribeiraopreto.com.br\/index.php\/wp-json\/wp\/v2\/tags?post=84165"}],"curies":[{"name":"wp","href":"https:\/\/api.w.org\/{rel}","templated":true}]}}