{"id":84179,"date":"2026-04-03T14:09:50","date_gmt":"2026-04-03T17:09:50","guid":{"rendered":"https:\/\/noticiasribeiraopreto.com.br\/index.php\/2026\/04\/03\/moradores-de-ribeirao-preto-morrem-em-acidente-aereo-no-rs\/"},"modified":"2026-04-03T14:09:50","modified_gmt":"2026-04-03T17:09:50","slug":"moradores-de-ribeirao-preto-morrem-em-acidente-aereo-no-rs","status":"publish","type":"post","link":"https:\/\/noticiasribeiraopreto.com.br\/index.php\/2026\/04\/03\/moradores-de-ribeirao-preto-morrem-em-acidente-aereo-no-rs\/","title":{"rendered":"Moradores de Ribeir\u00e3o Preto morrem em acidente a\u00e9reo no RS"},"content":{"rendered":"<div class='code-block code-block-1' style='margin: 8px 0 8px auto; text-align: right; display: block; clear: both;'>\n<p><a href=\"https:\/\/wa.link\/vpicfd\"><img data-recalc-dims=\"1\" class=\"wp-image-4922\" style=\"aspect-ratio: 2.0253164556962027; width: 561px; height: auto;\" src=\"https:\/\/i0.wp.com\/ismaelcolosi.com.br\/wp-content\/uploads\/2023\/11\/grupo-de-empregos-whatsapp-e-facebook-ismael-colosi-vagas.jpg?ssl=1\" alt=\"\" \/><\/a><\/p>\n<!-- \/wp:image -->\n<\/div>\n<p> <br \/>\n<\/p>\n<div id=\"dsoaudio\">\n<div class=\"oknexcerpt resumo-noticia\">\n\t\t\t\t\t\t\t<button class=\"resumo-noticia__btn\" aria-expanded=\"false\" aria-controls=\"resumo-noticia-content\"><br \/>\n\t\t\t\t\t\t\t\t<span class=\"resumo-noticia__btn-text\">Ler o resumo da not\u00edcia<\/span><br \/>\n\t\t\t\t\t\t\t\t<svg xmlns=\"http:\/\/www.w3.org\/2000\/svg\" class=\"resumo-noticia__btn-icon\" width=\"24\" height=\"24\" viewbox=\"0 0 24 24\" fill=\"none\">\n\t\t\t\t\t\t\t\t\t<path d=\"M7.41 8.59L12 13.17L16.59 8.59L18 10L12 16L6 10L7.41 8.59Z\" fill=\"#196AA9\"\/>\n\t\t\t\t\t\t\t\t<\/svg><br \/>\n\t\t\t\t\t\t\t<\/button><\/p>\n<div class=\"resumo-noticia__content\" id=\"resumo-noticia-content\" style=\"max-height: 0px;\">\n<div class=\"resumo-noticia__content-inner\">\n<ul>\n<li>Moradores de Ribeir\u00e3o Preto morrem em acidente a\u00e9reo no RS<\/li>\n<li>Um avi\u00e3o de pequeno porte caiu sobre um restaurante na manh\u00e3 desta sexta-feira (3), em Cap\u00e3o da Canoa, no Litoral Norte do Rio Grande do Sul. O acidente tamb\u00e9m atingiu resid\u00eancias vizinhas. De acordo com o Corpo de Bombeiros, ao menos tr\u00eas mortes foram confirmadas at\u00e9 o momento. As v\u00edtimas estariam a bordo da aeronave, que seria ocupada por moradores de Ribeir\u00e3o Preto. Ver essa foto no Instagram Um post compartilhado por acidade on Ribeir\u00e3o (@acidadeonribeirao)<\/li>\n<li>Ainda n\u00e3o h\u00e1 informa\u00e7\u00f5es oficiais sobre a identidade das v\u00edtimas. SAIBA MAISMatogrosso e Mathias levam turn\u00ea de 50 anos ao palco do Ribeir\u00e3o Rodeo Music<\/li>\n<li>FIQUE ON<\/li>\n<li>Fique ligado em tudo que acontece em Ribeir\u00e3o Preto e regi\u00e3o. Siga os perfis do\u00a0acidade on\u00a0no\u00a0Instagram\u00a0e no\u00a0Facebook. Receba not\u00edcias do\u00a0acidade on\u00a0no WhatsApp. Fa\u00e7a uma den\u00fancia ou sugira uma reportagem sobre Ribeir\u00e3o Preto e regi\u00e3o pelo WhatsApp: 16 99117 7802. VEJA TAMB\u00c9MFifa come\u00e7a a testar nova regra de impedimento para favorecer ataques; entenda mudan\u00e7as<\/li>\n<\/ul><\/div>\n<\/p><\/div>\n<\/p><\/div>\n<p><button type=\"button\" title=\"Salvar mat\u00e9ria\" class=\"dso bookmark-injection bookmark-save\"><br \/>\n        <svg xmlns=\"http:\/\/www.w3.org\/2000\/svg\" width=\"20\" height=\"24\" viewbox=\"0 0 20 24\" fill=\"none\">\n            <path d=\"M1 23V1H19V23L10 15.6667L1 23Z\" stroke=\"black\" stroke-width=\"1.3\" stroke-linejoin=\"round\"\/>\n        <\/svg><br \/>\n    <\/button> <\/p>\n<p>Um<strong> avi\u00e3o de pequeno porte caiu sobre um restaurante na manh\u00e3 desta sexta-feira (3)<\/strong>, em Cap\u00e3o da Canoa, no Litoral Norte do Rio Grande do Sul. O acidente tamb\u00e9m atingiu resid\u00eancias vizinhas.<\/p>\n<p>De acordo com o Corpo de Bombeiros, ao menos tr\u00eas mortes foram confirmadas at\u00e9 o momento. As v\u00edtimas estariam a bordo da aeronave, que seria ocupada por <strong>moradores de Ribeir\u00e3o Preto<\/strong>.<\/p>\n<blockquote class=\"instagram-media\" data-instgrm-permalink=\"https:\/\/www.instagram.com\/reel\/DWrTnxZjiD0\/?utm_source=ig_embed&amp;utm_campaign=loading\" data-instgrm-version=\"14\" style=\" background:#FFF; border:0; border-radius:3px; box-shadow:0 0 1px 0 rgba(0,0,0,0.5),0 1px 10px 0 rgba(0,0,0,0.15); margin: 1px; max-width:540px; min-width:326px; padding:0; width:99.375%; width:-webkit-calc(100% - 2px); width:calc(100% - 2px);\"\/>\n<p>Ainda n\u00e3o h\u00e1 informa\u00e7\u00f5es oficiais sobre a identidade das v\u00edtimas. <\/p>\n<p><sup><sub>Com informa\u00e7\u00f5es da Rede Globo<\/sub><\/sup><\/p>\n<hr class=\"wp-block-separator has-alpha-channel-opacity\"\/>\n<p>SAIBA MAIS<br \/>Matogrosso e Mathias levam turn\u00ea de 50 anos ao palco do Ribeir\u00e3o Rodeo Music<\/p>\n<h2 class=\"wp-block-heading\"><strong>FIQUE ON<\/strong><\/h2>\n<p>Fique ligado em tudo que acontece em Ribeir\u00e3o Preto e regi\u00e3o. Siga os perfis do\u00a0<strong>acidade on<\/strong>\u00a0no<a href=\"https:\/\/www.instagram.com\/acidadeonribeirao\/\" target=\"_blank\" rel=\"noreferrer noopener\">\u00a0Instagram<\/a>\u00a0e no\u00a0<a href=\"https:\/\/www.facebook.com\/acidadeonribeirao\" target=\"_blank\" rel=\"noreferrer noopener\">Facebook<\/a>.<\/p>\n<p>Receba not\u00edcias do<strong>\u00a0acidade on\u00a0<\/strong>no WhatsApp. Para entrar no grupo,\u00a0basta\u00a0<a href=\"https:\/\/chat.whatsapp.com\/DfXwcjKVIddHUT3BvnQuPZ?mode=hqctshi\" target=\"_blank\" rel=\"noreferrer noopener\">clicar aqui<\/a>. Ou, acesse o nosso\u00a0Canal\u00a0<a href=\"https:\/\/whatsapp.com\/channel\/0029Vb6IQl1JENyAeS57fk2p\" target=\"_blank\" rel=\"noreferrer noopener\">clicando aqui<\/a>.<\/p>\n<p>Fa\u00e7a uma den\u00fancia ou sugira uma reportagem sobre Ribeir\u00e3o Preto e regi\u00e3o pelo WhatsApp: 16 99117 7802.<\/p>\n<p>VEJA TAMB\u00c9M<br \/>Fifa come\u00e7a a testar nova regra de impedimento para favorecer ataques; entenda mudan\u00e7as<\/p>\n<p><input type=\"hidden\" name=\"postID\" id=\"postID\" value=\"151129\"\/><br \/>\n            <input type=\"hidden\" name=\"postType\" id=\"postType\" value=\"post\"\/><br \/>\n<!-- AI CONTENT END 1 -->\n        <\/div>\n<p><script async src=\"\/\/www.instagram.com\/embed.js\"><\/script><br \/>\n<br \/><br \/>\n<br \/><a href=\"https:\/\/www.acidadeon.com\/ribeiraopreto\/cotidiano\/moradores-de-ribeirao-preto-morrem-em-acidente-aereo-no-rs\/\">Source link <\/a><\/p>\n<!-- CONTENT END 1 -->\n","protected":false},"excerpt":{"rendered":"<p>Ler o resumo da not\u00edcia Moradores de Ribeir\u00e3o Preto morrem em acidente a\u00e9reo no RS Um avi\u00e3o de pequeno porte caiu sobre um restaurante na&#8230;<\/p>\n","protected":false},"author":1,"featured_media":84180,"comment_status":"open","ping_status":"open","sticky":false,"template":"","format":"standard","meta":{"advanced_seo_description":"","jetpack_seo_html_title":"","jetpack_seo_noindex":false,"jetpack_post_was_ever_published":false,"_jetpack_newsletter_access":"","_jetpack_dont_email_post_to_subs":false,"_jetpack_newsletter_tier_id":0,"_jetpack_memberships_contains_paywalled_content":false,"_jetpack_memberships_contains_paid_content":false,"footnotes":"","jetpack_publicize_message":"","jetpack_publicize_feature_enabled":true,"jetpack_social_post_already_shared":true,"jetpack_social_options":{"image_generator_settings":{"template":"highway","default_image_id":0,"font":"","enabled":false},"version":2}},"categories":[11],"tags":[],"class_list":["post-84179","post","type-post","status-publish","format-standard","has-post-thumbnail","hentry","category-noticias-de-ribeirao-preto-sp-e-regiao-ismael-colosi"],"jetpack_publicize_connections":[],"jetpack_featured_media_url":"https:\/\/i0.wp.com\/noticiasribeiraopreto.com.br\/wp-content\/uploads\/2026\/04\/WhatsApp-Image-2026-04-03-at-13.46.23_2026-04-03_16-46-44.webp.webp?fit=1179%2C759&ssl=1","jetpack-related-posts":[{"id":52644,"url":"https:\/\/noticiasribeiraopreto.com.br\/index.php\/2024\/06\/10\/motociclista-e-cavalo-morrem-apos-acidente-em-rodovia-da-regiao-de-ribeirao-preto\/","url_meta":{"origin":84179,"position":0},"title":"Motociclista e cavalo morrem ap\u00f3s acidente em rodovia da regi\u00e3o de Ribeir\u00e3o Preto","author":"noticiasribeiraopreto.com.br","date":"10 de June de 2024","format":false,"excerpt":"Um motociclista e um cavalo morreram em um acidente na noite desta segunda-feira (10), na regi\u00e3o de Ribeir\u00e3o Preto. O acidente aconteceu na rodovia Maur\u00edlio Biagi, que liga Pontal ao munic\u00edpio de Sert\u00e3ozinho. De acordo com as informa\u00e7\u00f5es, o homem seguia pela via quando acabou colidindo com o animal que\u2026","rel":"","context":"In &quot;Not\u00edcias de Ribeir\u00e3o Preto-SP e Regi\u00e3o&quot;","block_context":{"text":"Not\u00edcias de Ribeir\u00e3o Preto-SP e Regi\u00e3o","link":"https:\/\/noticiasribeiraopreto.com.br\/index.php\/category\/noticias-de-ribeirao-preto-sp-e-regiao-ismael-colosi\/"},"img":{"alt_text":"","src":"https:\/\/i0.wp.com\/noticiasribeiraopreto.com.br\/wp-content\/uploads\/2024\/06\/WhatsApp-Image-2024-06-10-at-20.16.23_2024-06-11_00-15-24_jpeg_2024-06-11_00-15-25.webp.webp?fit=1200%2C675&ssl=1&resize=350%2C200","width":350,"height":200,"srcset":"https:\/\/i0.wp.com\/noticiasribeiraopreto.com.br\/wp-content\/uploads\/2024\/06\/WhatsApp-Image-2024-06-10-at-20.16.23_2024-06-11_00-15-24_jpeg_2024-06-11_00-15-25.webp.webp?fit=1200%2C675&ssl=1&resize=350%2C200 1x, https:\/\/i0.wp.com\/noticiasribeiraopreto.com.br\/wp-content\/uploads\/2024\/06\/WhatsApp-Image-2024-06-10-at-20.16.23_2024-06-11_00-15-24_jpeg_2024-06-11_00-15-25.webp.webp?fit=1200%2C675&ssl=1&resize=525%2C300 1.5x, https:\/\/i0.wp.com\/noticiasribeiraopreto.com.br\/wp-content\/uploads\/2024\/06\/WhatsApp-Image-2024-06-10-at-20.16.23_2024-06-11_00-15-24_jpeg_2024-06-11_00-15-25.webp.webp?fit=1200%2C675&ssl=1&resize=700%2C400 2x, https:\/\/i0.wp.com\/noticiasribeiraopreto.com.br\/wp-content\/uploads\/2024\/06\/WhatsApp-Image-2024-06-10-at-20.16.23_2024-06-11_00-15-24_jpeg_2024-06-11_00-15-25.webp.webp?fit=1200%2C675&ssl=1&resize=1050%2C600 3x"},"classes":[]},{"id":63090,"url":"https:\/\/noticiasribeiraopreto.com.br\/index.php\/2025\/02\/02\/duas-pessoas-morrem-em-acidente-entre-van-e-caminhao-na-anhanguera\/","url_meta":{"origin":84179,"position":1},"title":"Duas pessoas morrem em acidente entre van e caminh\u00e3o na Anhanguera","author":"noticiasribeiraopreto.com.br","date":"2 de February de 2025","format":false,"excerpt":"Duas pessoas morreram em um acidente entre uma van e um caminh\u00e3o na rodovia Anhanguera, na altura de Orl\u00e2ndia, na regi\u00e3o de Ribeir\u00e3o Preto, na manh\u00e3 deste domingo (2). Segundo o CCI (Centro de Controle de Informa\u00e7\u00f5es) da Artesp, o acidente aconteceu por volta das 7h50, na altura do quil\u00f4metro\u2026","rel":"","context":"In &quot;Not\u00edcias de Ribeir\u00e3o Preto-SP e Regi\u00e3o&quot;","block_context":{"text":"Not\u00edcias de Ribeir\u00e3o Preto-SP e Regi\u00e3o","link":"https:\/\/noticiasribeiraopreto.com.br\/index.php\/category\/noticias-de-ribeirao-preto-sp-e-regiao-ismael-colosi\/"},"img":{"alt_text":"","src":"https:\/\/i0.wp.com\/noticiasribeiraopreto.com.br\/wp-content\/uploads\/2025\/02\/acidente-anhanguera-4_2025-02-02_15-11-08_jpeg_2025-02-02_15-11-08.webp.webp?fit=1200%2C675&ssl=1&resize=350%2C200","width":350,"height":200,"srcset":"https:\/\/i0.wp.com\/noticiasribeiraopreto.com.br\/wp-content\/uploads\/2025\/02\/acidente-anhanguera-4_2025-02-02_15-11-08_jpeg_2025-02-02_15-11-08.webp.webp?fit=1200%2C675&ssl=1&resize=350%2C200 1x, https:\/\/i0.wp.com\/noticiasribeiraopreto.com.br\/wp-content\/uploads\/2025\/02\/acidente-anhanguera-4_2025-02-02_15-11-08_jpeg_2025-02-02_15-11-08.webp.webp?fit=1200%2C675&ssl=1&resize=525%2C300 1.5x, https:\/\/i0.wp.com\/noticiasribeiraopreto.com.br\/wp-content\/uploads\/2025\/02\/acidente-anhanguera-4_2025-02-02_15-11-08_jpeg_2025-02-02_15-11-08.webp.webp?fit=1200%2C675&ssl=1&resize=700%2C400 2x, https:\/\/i0.wp.com\/noticiasribeiraopreto.com.br\/wp-content\/uploads\/2025\/02\/acidente-anhanguera-4_2025-02-02_15-11-08_jpeg_2025-02-02_15-11-08.webp.webp?fit=1200%2C675&ssl=1&resize=1050%2C600 3x"},"classes":[]},{"id":69006,"url":"https:\/\/noticiasribeiraopreto.com.br\/index.php\/2025\/05\/01\/duas-pessoas-morrem-em-acidente-no-anel-viario-sul-em-ribeirao-preto\/","url_meta":{"origin":84179,"position":2},"title":"Duas pessoas morrem em acidente no Anel Vi\u00e1rio Sul em Ribeir\u00e3o Preto","author":"noticiasribeiraopreto.com.br","date":"1 de May de 2025","format":false,"excerpt":"Duas pessoas morreram em um acidente envolvendo um carro e uma moto na manh\u00e3 desta quinta-feira (1\u00ba de maio), no Anel Vi\u00e1rio Sul, em Ribeir\u00e3o Preto. Segundo o CCI (Centro de Controle de Informa\u00e7\u00f5es) da Artesp, a colis\u00e3o aconteceu por volta das 5h50, na altura do quil\u00f4metro 312, no sentido\u2026","rel":"","context":"In &quot;Not\u00edcias de Ribeir\u00e3o Preto-SP e Regi\u00e3o&quot;","block_context":{"text":"Not\u00edcias de Ribeir\u00e3o Preto-SP e Regi\u00e3o","link":"https:\/\/noticiasribeiraopreto.com.br\/index.php\/category\/noticias-de-ribeirao-preto-sp-e-regiao-ismael-colosi\/"},"img":{"alt_text":"","src":"https:\/\/i0.wp.com\/noticiasribeiraopreto.com.br\/wp-content\/uploads\/2025\/05\/acidente-anel-viario_2025-05-01_10-57-20.webp.webp?fit=1176%2C788&ssl=1&resize=350%2C200","width":350,"height":200,"srcset":"https:\/\/i0.wp.com\/noticiasribeiraopreto.com.br\/wp-content\/uploads\/2025\/05\/acidente-anel-viario_2025-05-01_10-57-20.webp.webp?fit=1176%2C788&ssl=1&resize=350%2C200 1x, https:\/\/i0.wp.com\/noticiasribeiraopreto.com.br\/wp-content\/uploads\/2025\/05\/acidente-anel-viario_2025-05-01_10-57-20.webp.webp?fit=1176%2C788&ssl=1&resize=525%2C300 1.5x, https:\/\/i0.wp.com\/noticiasribeiraopreto.com.br\/wp-content\/uploads\/2025\/05\/acidente-anel-viario_2025-05-01_10-57-20.webp.webp?fit=1176%2C788&ssl=1&resize=700%2C400 2x, https:\/\/i0.wp.com\/noticiasribeiraopreto.com.br\/wp-content\/uploads\/2025\/05\/acidente-anel-viario_2025-05-01_10-57-20.webp.webp?fit=1176%2C788&ssl=1&resize=1050%2C600 3x"},"classes":[]},{"id":65141,"url":"https:\/\/noticiasribeiraopreto.com.br\/index.php\/2025\/03\/16\/dois-jovens-morrem-em-acidente-entre-motos-na-regiao-de-ribeirao-preto\/","url_meta":{"origin":84179,"position":3},"title":"Dois jovens morrem em acidente entre motos na regi\u00e3o de Ribeir\u00e3o Preto","author":"noticiasribeiraopreto.com.br","date":"16 de March de 2025","format":false,"excerpt":"Um acidente envolvendo duas motocicletas na manh\u00e3 deste domingo (16) resultou na morte de dois jovens na estrada Pl\u00ednio de Castro Prado, em C\u00e2ndia, regi\u00e3o de Ribeir\u00e3o Preto. Segundo a equipe do Samu que atendeu a ocorr\u00eancia, testemunhas informaram que o condutor de uma das motos seguia em dire\u00e7\u00e3o a\u2026","rel":"","context":"In &quot;Not\u00edcias de Ribeir\u00e3o Preto-SP e Regi\u00e3o&quot;","block_context":{"text":"Not\u00edcias de Ribeir\u00e3o Preto-SP e Regi\u00e3o","link":"https:\/\/noticiasribeiraopreto.com.br\/index.php\/category\/noticias-de-ribeirao-preto-sp-e-regiao-ismael-colosi\/"},"img":{"alt_text":"","src":"https:\/\/i0.wp.com\/noticiasribeiraopreto.com.br\/wp-content\/uploads\/2025\/03\/Copia-de-Copia-de-Copia-de-TAMANHO-EXATO-PARA-FOTOS-NO-SISTEMA-NOVO-2025-03-16T123211.523_2025-03-16_15-32-19_png_2025-03-16_15-32-20.webp.webp?fit=1200%2C675&ssl=1&resize=350%2C200","width":350,"height":200,"srcset":"https:\/\/i0.wp.com\/noticiasribeiraopreto.com.br\/wp-content\/uploads\/2025\/03\/Copia-de-Copia-de-Copia-de-TAMANHO-EXATO-PARA-FOTOS-NO-SISTEMA-NOVO-2025-03-16T123211.523_2025-03-16_15-32-19_png_2025-03-16_15-32-20.webp.webp?fit=1200%2C675&ssl=1&resize=350%2C200 1x, https:\/\/i0.wp.com\/noticiasribeiraopreto.com.br\/wp-content\/uploads\/2025\/03\/Copia-de-Copia-de-Copia-de-TAMANHO-EXATO-PARA-FOTOS-NO-SISTEMA-NOVO-2025-03-16T123211.523_2025-03-16_15-32-19_png_2025-03-16_15-32-20.webp.webp?fit=1200%2C675&ssl=1&resize=525%2C300 1.5x, https:\/\/i0.wp.com\/noticiasribeiraopreto.com.br\/wp-content\/uploads\/2025\/03\/Copia-de-Copia-de-Copia-de-TAMANHO-EXATO-PARA-FOTOS-NO-SISTEMA-NOVO-2025-03-16T123211.523_2025-03-16_15-32-19_png_2025-03-16_15-32-20.webp.webp?fit=1200%2C675&ssl=1&resize=700%2C400 2x, https:\/\/i0.wp.com\/noticiasribeiraopreto.com.br\/wp-content\/uploads\/2025\/03\/Copia-de-Copia-de-Copia-de-TAMANHO-EXATO-PARA-FOTOS-NO-SISTEMA-NOVO-2025-03-16T123211.523_2025-03-16_15-32-19_png_2025-03-16_15-32-20.webp.webp?fit=1200%2C675&ssl=1&resize=1050%2C600 3x"},"classes":[]},{"id":69010,"url":"https:\/\/noticiasribeiraopreto.com.br\/index.php\/2025\/05\/01\/duas-pessoas-morrem-em-acidente-no-anel-viario-sul\/","url_meta":{"origin":84179,"position":4},"title":"Duas pessoas morrem em acidente no Anel Vi\u00e1rio Sul","author":"noticiasribeiraopreto.com.br","date":"1 de May de 2025","format":false,"excerpt":"1 de maio de 2025 10:111 de maio de 2025 10:132 Compartilhar0 Duas pessoas morreram em um acidente entre um carro e uma motocicleta na manh\u00e3 desta quinta-feira (1\u00ba), no Anel Vi\u00e1rio Sul de Ribeir\u00e3o Preto. De acordo com o Centro de Controle de Informa\u00e7\u00f5es (CCI) da Artesp, a colis\u00e3o\u2026","rel":"","context":"In &quot;Not\u00edcias de Ribeir\u00e3o Preto-SP e Regi\u00e3o&quot;","block_context":{"text":"Not\u00edcias de Ribeir\u00e3o Preto-SP e Regi\u00e3o","link":"https:\/\/noticiasribeiraopreto.com.br\/index.php\/category\/noticias-de-ribeirao-preto-sp-e-regiao-ismael-colosi\/"},"img":{"alt_text":"","src":"https:\/\/i0.wp.com\/noticiasribeiraopreto.com.br\/wp-content\/uploads\/2025\/05\/utilitario_suzuki-scaled.jpeg?fit=800%2C450&ssl=1&resize=350%2C200","width":350,"height":200,"srcset":"https:\/\/i0.wp.com\/noticiasribeiraopreto.com.br\/wp-content\/uploads\/2025\/05\/utilitario_suzuki-scaled.jpeg?fit=800%2C450&ssl=1&resize=350%2C200 1x, https:\/\/i0.wp.com\/noticiasribeiraopreto.com.br\/wp-content\/uploads\/2025\/05\/utilitario_suzuki-scaled.jpeg?fit=800%2C450&ssl=1&resize=525%2C300 1.5x, https:\/\/i0.wp.com\/noticiasribeiraopreto.com.br\/wp-content\/uploads\/2025\/05\/utilitario_suzuki-scaled.jpeg?fit=800%2C450&ssl=1&resize=700%2C400 2x"},"classes":[]},{"id":83695,"url":"https:\/\/noticiasribeiraopreto.com.br\/index.php\/2026\/03\/24\/prefeito-e-primeira-dama-morrem-em-acidente-na-regiao-de-ribeirao-preto\/","url_meta":{"origin":84179,"position":5},"title":"Prefeito e primeira-dama morrem em acidente na regi\u00e3o de Ribeir\u00e3o Preto","author":"noticiasribeiraopreto.com.br","date":"24 de March de 2026","format":false,"excerpt":"O prefeito e a primeira-dama de Vista Alegre do Alto, a 90 quil\u00f4metros de Ribeir\u00e3o Preto, morreram na noite desta segunda-feira (23), em um acidente de tr\u00e2nsito na rodovia Engenheiro Thyrso Micali (SP-319), em Taquaritinga. Segundo nota da Prefeitura de Vista Alegre, o prefeito, Nelson Antonio Rozani, de 65 anos,\u2026","rel":"","context":"In &quot;Not\u00edcias de Ribeir\u00e3o Preto-SP e Regi\u00e3o&quot;","block_context":{"text":"Not\u00edcias de Ribeir\u00e3o Preto-SP e Regi\u00e3o","link":"https:\/\/noticiasribeiraopreto.com.br\/index.php\/category\/noticias-de-ribeirao-preto-sp-e-regiao-ismael-colosi\/"},"img":{"alt_text":"","src":"https:\/\/i0.wp.com\/noticiasribeiraopreto.com.br\/wp-content\/uploads\/2026\/03\/prefeito-2_2026-03-24_09-54-50.webp.webp?fit=1200%2C996&ssl=1&resize=350%2C200","width":350,"height":200,"srcset":"https:\/\/i0.wp.com\/noticiasribeiraopreto.com.br\/wp-content\/uploads\/2026\/03\/prefeito-2_2026-03-24_09-54-50.webp.webp?fit=1200%2C996&ssl=1&resize=350%2C200 1x, https:\/\/i0.wp.com\/noticiasribeiraopreto.com.br\/wp-content\/uploads\/2026\/03\/prefeito-2_2026-03-24_09-54-50.webp.webp?fit=1200%2C996&ssl=1&resize=525%2C300 1.5x, https:\/\/i0.wp.com\/noticiasribeiraopreto.com.br\/wp-content\/uploads\/2026\/03\/prefeito-2_2026-03-24_09-54-50.webp.webp?fit=1200%2C996&ssl=1&resize=700%2C400 2x, https:\/\/i0.wp.com\/noticiasribeiraopreto.com.br\/wp-content\/uploads\/2026\/03\/prefeito-2_2026-03-24_09-54-50.webp.webp?fit=1200%2C996&ssl=1&resize=1050%2C600 3x"},"classes":[]}],"jetpack_sharing_enabled":true,"jetpack_shortlink":"https:\/\/wp.me\/peQAOb-lTJ","_links":{"self":[{"href":"https:\/\/noticiasribeiraopreto.com.br\/index.php\/wp-json\/wp\/v2\/posts\/84179","targetHints":{"allow":["GET"]}}],"collection":[{"href":"https:\/\/noticiasribeiraopreto.com.br\/index.php\/wp-json\/wp\/v2\/posts"}],"about":[{"href":"https:\/\/noticiasribeiraopreto.com.br\/index.php\/wp-json\/wp\/v2\/types\/post"}],"author":[{"embeddable":true,"href":"https:\/\/noticiasribeiraopreto.com.br\/index.php\/wp-json\/wp\/v2\/users\/1"}],"replies":[{"embeddable":true,"href":"https:\/\/noticiasribeiraopreto.com.br\/index.php\/wp-json\/wp\/v2\/comments?post=84179"}],"version-history":[{"count":0,"href":"https:\/\/noticiasribeiraopreto.com.br\/index.php\/wp-json\/wp\/v2\/posts\/84179\/revisions"}],"wp:featuredmedia":[{"embeddable":true,"href":"https:\/\/noticiasribeiraopreto.com.br\/index.php\/wp-json\/wp\/v2\/media\/84180"}],"wp:attachment":[{"href":"https:\/\/noticiasribeiraopreto.com.br\/index.php\/wp-json\/wp\/v2\/media?parent=84179"}],"wp:term":[{"taxonomy":"category","embeddable":true,"href":"https:\/\/noticiasribeiraopreto.com.br\/index.php\/wp-json\/wp\/v2\/categories?post=84179"},{"taxonomy":"post_tag","embeddable":true,"href":"https:\/\/noticiasribeiraopreto.com.br\/index.php\/wp-json\/wp\/v2\/tags?post=84179"}],"curies":[{"name":"wp","href":"https:\/\/api.w.org\/{rel}","templated":true}]}}