{"id":84194,"date":"2026-04-04T09:26:57","date_gmt":"2026-04-04T12:26:57","guid":{"rendered":"https:\/\/noticiasribeiraopreto.com.br\/index.php\/2026\/04\/04\/pets-projeto-cria-bancos-de-racao-e-medicamentos\/"},"modified":"2026-04-04T09:26:57","modified_gmt":"2026-04-04T12:26:57","slug":"pets-projeto-cria-bancos-de-racao-e-medicamentos","status":"publish","type":"post","link":"https:\/\/noticiasribeiraopreto.com.br\/index.php\/2026\/04\/04\/pets-projeto-cria-bancos-de-racao-e-medicamentos\/","title":{"rendered":"Pets\u2028: Projeto cria bancos de \u2028ra\u00e7\u00e3o e medicamentos"},"content":{"rendered":"<div class='code-block code-block-1' style='margin: 8px 0 8px auto; text-align: right; display: block; clear: both;'>\n<p><a href=\"https:\/\/wa.link\/vpicfd\"><img data-recalc-dims=\"1\" class=\"wp-image-4922\" style=\"aspect-ratio: 2.0253164556962027; width: 561px; height: auto;\" src=\"https:\/\/i0.wp.com\/ismaelcolosi.com.br\/wp-content\/uploads\/2023\/11\/grupo-de-empregos-whatsapp-e-facebook-ismael-colosi-vagas.jpg?ssl=1\" alt=\"\" \/><\/a><\/p>\n<!-- \/wp:image -->\n<\/div>\n<p> <br \/>\n<\/p>\n<div id=\"\">&#13;<br \/>\n\t\t\t\t\t\t\t\t&#13;<\/p>\n<p>&#13;<br \/>\n\t\t\t\t\t\t\t\t\t<span class=\"entry-meta-item penci-posted-on\"><i class=\"fa fa-clock-o\"\/><time class=\"entry-date published\" datetime=\"2026-04-04T09:26:30-03:00\">4 de abril de 2026 09:26<\/time><time class=\"updated\" datetime=\"2026-04-03T09:28:20-03:00\">3 de abril de 2026 09:28<\/time><\/span><span class=\"entry-meta-item penci-post-countview\"\/>\t\t\t\t\t\t\t\t<\/p>\n<p><!-- .entry-meta -->&#13;<br \/>\n\t\t\t\t\t\t\t\t<span class=\"penci-social-buttons penci-social-share-footer\"><span class=\"penci-social-share-text\">Compartilhar<\/span><a href=\"#\" class=\"penci-post-like penci_post-meta_item  single-like-button penci-social-item like\" data-post_id=\"459971\" title=\"Like\" data-like=\"Like\" data-unlike=\"Unlike\"><i class=\"fa fa-thumbs-o-up\"\/><span class=\"penci-share-number\">0<\/span><\/a><i class=\"fa fa-facebook\"\/><a class=\"penci-social-item twitter\" target=\"_blank\" rel=\"noopener\" title=\"\" href=\"https:\/\/twitter.com\/intent\/tweet?text=Pets\u2028:%20Projeto%20cria%20bancos%20de%20\u2028ra\u00e7\u00e3o%20e%20medicamentos%20-%20https:\/\/www.tribunaribeirao.com.br\/pets-projeto-cria-bancos-de-racao-e-medicamentos\/\"><i class=\"fa fa-twitter\"\/><\/a><i class=\"fa fa-linkedin\"\/><i class=\"fa fa-whatsapp\"\/><i class=\"fa fa-telegram\"\/><i class=\"fa fa-envelope\"\/><\/span>\t\t\t\t\t\t\t<\/div>\n<div>\n<p class=\"p1\">Com o objetivo de ampliar os cuidados com animais dom\u00e9sticos, como c\u00e3es e gatos, a prefeitura de Ribeir\u00e3o Preto, por meio da Secretaria de Meio Ambiente, Agricultura e Sustentabilidade, encaminhou \u00e0 C\u00e2mara de Vereadores projeto de lei que institui bancos de ra\u00e7\u00e3o e medicamentos para pets.<\/p>\n<p>A proposta prev\u00ea a cria\u00e7\u00e3o de pontos de coleta destinados ao recebimento de doa\u00e7\u00f5es de ra\u00e7\u00f5es e medicamentos, que ser\u00e3o posteriormente distribu\u00eddos a protetores independentes e organiza\u00e7\u00f5es sem fins lucrativos que atuam na causa animal no munic\u00edpio.<\/p>\n<p>Poder\u00e3o participar do programa pessoas f\u00edsicas e jur\u00eddicas, mediante cadastro pr\u00e9vio junto \u00e0 Ger\u00eancia de Bem-Estar Animal. Para garantir a seguran\u00e7a no uso, os itens doados dever\u00e3o estar com embalagens lacradas e n\u00e3o poder\u00e3o exigir refrigera\u00e7\u00e3o para armazenamento.<\/p>\n<p>\u201cO projeto representa um avan\u00e7o importante no apoio aos protetores e cuidadores de animais, que desempenham um papel fundamental no munic\u00edpio. Com a cria\u00e7\u00e3o dos bancos, buscamos ampliar as a\u00e7\u00f5es voltadas \u00e0 prote\u00e7\u00e3o, sa\u00fade e bem-estar dos pets\u201d, destaca o prefeito Ricardo Silva (PSD).<\/p>\n<p>O projeto de lei segue agora para an\u00e1lise do Poder Legislativo. Ap\u00f3s aprova\u00e7\u00e3o, ser\u00e1 sancionado e regulamentado para implementa\u00e7\u00e3o do programa.<\/p>\n<p>\u201cEstamos estruturando alternativas para oferecer melhores condi\u00e7\u00f5es de trabalho aos cuidadores e \u00e0s organiza\u00e7\u00f5es da causa animal. A iniciativa tamb\u00e9m estimula a economia circular e contribui diretamente para a qualidade de vida dos animais\u201d, afirma o secret\u00e1rio de Meio Ambiente, Agricultura e Sustentabilidade, Claudio Almeida.<\/p>\n<\/div>\n<p><script async src=\"\/\/platform.twitter.com\/widgets.js\" charset=\"utf-8\"><\/script><br \/>\n<br \/><br \/>\n<br \/><a href=\"https:\/\/www.tribunaribeirao.com.br\/pets-projeto-cria-bancos-de-racao-e-medicamentos\/\">Source link <\/a><\/p>\n<!-- CONTENT END 1 -->\n","protected":false},"excerpt":{"rendered":"<p>&#13; &#13; &#13; 4 de abril de 2026 09:263 de abril de 2026 09:28 &#13; Compartilhar0 Com o objetivo de ampliar os cuidados com animais&#8230;<\/p>\n","protected":false},"author":1,"featured_media":84195,"comment_status":"open","ping_status":"open","sticky":false,"template":"","format":"standard","meta":{"advanced_seo_description":"","jetpack_seo_html_title":"","jetpack_seo_noindex":false,"jetpack_post_was_ever_published":false,"_jetpack_newsletter_access":"","_jetpack_dont_email_post_to_subs":false,"_jetpack_newsletter_tier_id":0,"_jetpack_memberships_contains_paywalled_content":false,"_jetpack_memberships_contains_paid_content":false,"footnotes":"","jetpack_publicize_message":"","jetpack_publicize_feature_enabled":true,"jetpack_social_post_already_shared":true,"jetpack_social_options":{"image_generator_settings":{"template":"highway","default_image_id":0,"font":"","enabled":false},"version":2}},"categories":[11],"tags":[],"class_list":["post-84194","post","type-post","status-publish","format-standard","has-post-thumbnail","hentry","category-noticias-de-ribeirao-preto-sp-e-regiao-ismael-colosi"],"jetpack_publicize_connections":[],"jetpack_featured_media_url":"https:\/\/i0.wp.com\/noticiasribeiraopreto.com.br\/wp-content\/uploads\/2026\/04\/RacaoPET-Divulgacao-scaled.jpg?fit=1170%2C780&ssl=1","jetpack-related-posts":[{"id":67046,"url":"https:\/\/noticiasribeiraopreto.com.br\/index.php\/2025\/04\/09\/jornal-da-franca-calendario-de-pagamento-do-bolsa-familia-em-abril-preve-dinheiro-a-partir-de-terca\/","url_meta":{"origin":84194,"position":0},"title":"Jornal da Franca &#8211; Calend\u00e1rio de Pagamento do Bolsa Fam\u00edlia em abril prev\u00ea dinheiro a partir de ter\u00e7a","author":"noticiasribeiraopreto.com.br","date":"9 de April de 2025","format":false,"excerpt":"compartilhar no whatsapp compartilhar no telegram compartilhar no facebook compartilhar no linkedin O objetivo do benef\u00edcio do Governo Federal \u00e9 ajudar fam\u00edlias em vulnerabilidade social O pagamento do Bolsa Fam\u00edlia em abril seguir\u00e1 o cronograma previsto pelo Governo Federal. Os pagamentos come\u00e7ar\u00e3o na pr\u00f3xima ter\u00e7a-feira, dia 15. Os pagamentos ser\u00e3o\u2026","rel":"","context":"In &quot;Not\u00edcias de Franca-SP&quot;","block_context":{"text":"Not\u00edcias de Franca-SP","link":"https:\/\/noticiasribeiraopreto.com.br\/index.php\/category\/noticias-de-ribeirao-preto-sp-e-regiao-ismael-colosi\/noticias-franca-sp\/"},"img":{"alt_text":"","src":"https:\/\/i0.wp.com\/noticiasribeiraopreto.com.br\/wp-content\/uploads\/2025\/04\/lotericas-2.jpeg?fit=1200%2C800&ssl=1&resize=350%2C200","width":350,"height":200,"srcset":"https:\/\/i0.wp.com\/noticiasribeiraopreto.com.br\/wp-content\/uploads\/2025\/04\/lotericas-2.jpeg?fit=1200%2C800&ssl=1&resize=350%2C200 1x, https:\/\/i0.wp.com\/noticiasribeiraopreto.com.br\/wp-content\/uploads\/2025\/04\/lotericas-2.jpeg?fit=1200%2C800&ssl=1&resize=525%2C300 1.5x, https:\/\/i0.wp.com\/noticiasribeiraopreto.com.br\/wp-content\/uploads\/2025\/04\/lotericas-2.jpeg?fit=1200%2C800&ssl=1&resize=700%2C400 2x, https:\/\/i0.wp.com\/noticiasribeiraopreto.com.br\/wp-content\/uploads\/2025\/04\/lotericas-2.jpeg?fit=1200%2C800&ssl=1&resize=1050%2C600 3x"},"classes":[]},{"id":81455,"url":"https:\/\/noticiasribeiraopreto.com.br\/index.php\/2026\/01\/06\/vai-dar-para-viajar-confira-os-feriados-de-2026-em-ribeirao-preto-e-as-possiveis-emendas\/","url_meta":{"origin":84194,"position":1},"title":"Vai dar para viajar? Confira os feriados de 2026 em Ribeir\u00e3o Preto e as poss\u00edveis emendas","author":"noticiasribeiraopreto.com.br","date":"6 de January de 2026","format":false,"excerpt":"O ano come\u00e7ou animado para quem gosta de viajar ou planejar momentos de lazer e descanso. Isso porque janeiro j\u00e1 tem feriado em Ribeir\u00e3o Preto e com chance de emenda para alguns trabalhadores. Ao longo de 2026, os moradores do munic\u00edpio ter\u00e3o 14 feriados (entre municipais, estaduais e nacionais), a\u2026","rel":"","context":"In &quot;Not\u00edcias de Ribeir\u00e3o Preto-SP e Regi\u00e3o&quot;","block_context":{"text":"Not\u00edcias de Ribeir\u00e3o Preto-SP e Regi\u00e3o","link":"https:\/\/noticiasribeiraopreto.com.br\/index.php\/category\/noticias-de-ribeirao-preto-sp-e-regiao-ismael-colosi\/"},"img":{"alt_text":"","src":"https:\/\/i0.wp.com\/noticiasribeiraopreto.com.br\/wp-content\/uploads\/2026\/01\/Copia-de-Copia-de-Copia-de-TAMANHO-EXATO-PARA-FOTOS-NO-SISTEMA-NOVO-2025-01-22T154849.670_2025-01-22_18-48-57_png_2025-01-22_18-48-57.webp.webp?fit=1200%2C675&ssl=1&resize=350%2C200","width":350,"height":200,"srcset":"https:\/\/i0.wp.com\/noticiasribeiraopreto.com.br\/wp-content\/uploads\/2026\/01\/Copia-de-Copia-de-Copia-de-TAMANHO-EXATO-PARA-FOTOS-NO-SISTEMA-NOVO-2025-01-22T154849.670_2025-01-22_18-48-57_png_2025-01-22_18-48-57.webp.webp?fit=1200%2C675&ssl=1&resize=350%2C200 1x, https:\/\/i0.wp.com\/noticiasribeiraopreto.com.br\/wp-content\/uploads\/2026\/01\/Copia-de-Copia-de-Copia-de-TAMANHO-EXATO-PARA-FOTOS-NO-SISTEMA-NOVO-2025-01-22T154849.670_2025-01-22_18-48-57_png_2025-01-22_18-48-57.webp.webp?fit=1200%2C675&ssl=1&resize=525%2C300 1.5x, https:\/\/i0.wp.com\/noticiasribeiraopreto.com.br\/wp-content\/uploads\/2026\/01\/Copia-de-Copia-de-Copia-de-TAMANHO-EXATO-PARA-FOTOS-NO-SISTEMA-NOVO-2025-01-22T154849.670_2025-01-22_18-48-57_png_2025-01-22_18-48-57.webp.webp?fit=1200%2C675&ssl=1&resize=700%2C400 2x, https:\/\/i0.wp.com\/noticiasribeiraopreto.com.br\/wp-content\/uploads\/2026\/01\/Copia-de-Copia-de-Copia-de-TAMANHO-EXATO-PARA-FOTOS-NO-SISTEMA-NOVO-2025-01-22T154849.670_2025-01-22_18-48-57_png_2025-01-22_18-48-57.webp.webp?fit=1200%2C675&ssl=1&resize=1050%2C600 3x"},"classes":[]},{"id":85097,"url":"https:\/\/noticiasribeiraopreto.com.br\/index.php\/2026\/04\/21\/sorteio-tribuna-ribeirao-guardias-do-k-pop\/","url_meta":{"origin":84194,"position":2},"title":"Sorteio Tribuna Ribeir\u00e3o \u2013 \u201cGuardi\u00e3s do K-POP\u201d","author":"noticiasribeiraopreto.com.br","date":"21 de April de 2026","format":false,"excerpt":"\r \r \r \r \r 21 de abril de 2026 12:15 \r Compartilhar0 \r O jornal Tribuna Ribeir\u00e3o promove sorteio de ingressos para o espet\u00e1culo \u201cGuardi\u00e3s do K-POP\u201d, que ser\u00e1 realizado no dia 26 de abril, \u00e0s 16h, no Teatro Municipal de Ribeir\u00e3o Preto. Para participar, \u00e9 necess\u00e1rio seguir o\u2026","rel":"","context":"In &quot;Not\u00edcias de Ribeir\u00e3o Preto-SP e Regi\u00e3o&quot;","block_context":{"text":"Not\u00edcias de Ribeir\u00e3o Preto-SP e Regi\u00e3o","link":"https:\/\/noticiasribeiraopreto.com.br\/index.php\/category\/noticias-de-ribeirao-preto-sp-e-regiao-ismael-colosi\/"},"img":{"alt_text":"","src":"https:\/\/i0.wp.com\/noticiasribeiraopreto.com.br\/wp-content\/uploads\/2026\/04\/K-POP-scaled.png?fit=624%2C780&ssl=1&resize=350%2C200","width":350,"height":200,"srcset":"https:\/\/i0.wp.com\/noticiasribeiraopreto.com.br\/wp-content\/uploads\/2026\/04\/K-POP-scaled.png?fit=624%2C780&ssl=1&resize=350%2C200 1x, https:\/\/i0.wp.com\/noticiasribeiraopreto.com.br\/wp-content\/uploads\/2026\/04\/K-POP-scaled.png?fit=624%2C780&ssl=1&resize=525%2C300 1.5x"},"classes":[]},{"id":84196,"url":"https:\/\/noticiasribeiraopreto.com.br\/index.php\/2026\/04\/04\/senado-aprova-guarda-compartilhada-de-pets\/","url_meta":{"origin":84194,"position":3},"title":"Senado aprova guarda \u2028compartilhada de pets","author":"noticiasribeiraopreto.com.br","date":"4 de April de 2026","format":false,"excerpt":"\r \r \r 4 de abril de 2026 09:283 de abril de 2026 09:30 \r Compartilhar0 O Senado Federal aprovou na ter\u00e7a-feira, 31 de mar\u00e7o, projeto de lei (PL) que prev\u00ea a guarda compartilhada de animais de estima\u00e7\u00e3o em caso de separa\u00e7\u00e3o do casal tutor. A proposta segue para san\u00e7\u00e3o\u2026","rel":"","context":"In &quot;Not\u00edcias de Ribeir\u00e3o Preto-SP e Regi\u00e3o&quot;","block_context":{"text":"Not\u00edcias de Ribeir\u00e3o Preto-SP e Regi\u00e3o","link":"https:\/\/noticiasribeiraopreto.com.br\/index.php\/category\/noticias-de-ribeirao-preto-sp-e-regiao-ismael-colosi\/"},"img":{"alt_text":"","src":"https:\/\/i0.wp.com\/noticiasribeiraopreto.com.br\/wp-content\/uploads\/2026\/04\/Animal-Fernando-Gonzaga-scaled.jpg?fit=1170%2C780&ssl=1&resize=350%2C200","width":350,"height":200,"srcset":"https:\/\/i0.wp.com\/noticiasribeiraopreto.com.br\/wp-content\/uploads\/2026\/04\/Animal-Fernando-Gonzaga-scaled.jpg?fit=1170%2C780&ssl=1&resize=350%2C200 1x, https:\/\/i0.wp.com\/noticiasribeiraopreto.com.br\/wp-content\/uploads\/2026\/04\/Animal-Fernando-Gonzaga-scaled.jpg?fit=1170%2C780&ssl=1&resize=525%2C300 1.5x, https:\/\/i0.wp.com\/noticiasribeiraopreto.com.br\/wp-content\/uploads\/2026\/04\/Animal-Fernando-Gonzaga-scaled.jpg?fit=1170%2C780&ssl=1&resize=700%2C400 2x, https:\/\/i0.wp.com\/noticiasribeiraopreto.com.br\/wp-content\/uploads\/2026\/04\/Animal-Fernando-Gonzaga-scaled.jpg?fit=1170%2C780&ssl=1&resize=1050%2C600 3x"},"classes":[]},{"id":83104,"url":"https:\/\/noticiasribeiraopreto.com.br\/index.php\/2026\/03\/09\/botafogo-conhece-tabela-detalhada-da-serie-b-veja-a-sequencia-de-jogos\/","url_meta":{"origin":84194,"position":4},"title":"Botafogo conhece tabela detalhada da S\u00e9rie B; veja a sequ\u00eancia de jogos","author":"noticiasribeiraopreto.com.br","date":"9 de March de 2026","format":false,"excerpt":"A Confedera\u00e7\u00e3o Brasileira de Futebol (CBF) divulgou a tabela detalhada das cinco primeiras rodadas da S\u00e9rie B do Campeonato Brasileiro, e o Botafogo j\u00e1 conhece datas, hor\u00e1rios e advers\u00e1rios no in\u00edcio da competi\u00e7\u00e3o. O torneio come\u00e7a no dia 21 de mar\u00e7o, um s\u00e1bado, e seguir\u00e1 com jogos definidos at\u00e9 20\u2026","rel":"","context":"In &quot;Not\u00edcias de Ribeir\u00e3o Preto-SP e Regi\u00e3o&quot;","block_context":{"text":"Not\u00edcias de Ribeir\u00e3o Preto-SP e Regi\u00e3o","link":"https:\/\/noticiasribeiraopreto.com.br\/index.php\/category\/noticias-de-ribeirao-preto-sp-e-regiao-ismael-colosi\/"},"img":{"alt_text":"","src":"https:\/\/i0.wp.com\/noticiasribeiraopreto.com.br\/wp-content\/uploads\/2025\/12\/Imagem-do-WhatsApp-de-2025-12-01-as-13.18.24_26a34174_2025-12-01_16-21-16.webp.webp?fit=1200%2C675&ssl=1&resize=350%2C200","width":350,"height":200,"srcset":"https:\/\/i0.wp.com\/noticiasribeiraopreto.com.br\/wp-content\/uploads\/2025\/12\/Imagem-do-WhatsApp-de-2025-12-01-as-13.18.24_26a34174_2025-12-01_16-21-16.webp.webp?fit=1200%2C675&ssl=1&resize=350%2C200 1x, https:\/\/i0.wp.com\/noticiasribeiraopreto.com.br\/wp-content\/uploads\/2025\/12\/Imagem-do-WhatsApp-de-2025-12-01-as-13.18.24_26a34174_2025-12-01_16-21-16.webp.webp?fit=1200%2C675&ssl=1&resize=525%2C300 1.5x, https:\/\/i0.wp.com\/noticiasribeiraopreto.com.br\/wp-content\/uploads\/2025\/12\/Imagem-do-WhatsApp-de-2025-12-01-as-13.18.24_26a34174_2025-12-01_16-21-16.webp.webp?fit=1200%2C675&ssl=1&resize=700%2C400 2x, https:\/\/i0.wp.com\/noticiasribeiraopreto.com.br\/wp-content\/uploads\/2025\/12\/Imagem-do-WhatsApp-de-2025-12-01-as-13.18.24_26a34174_2025-12-01_16-21-16.webp.webp?fit=1200%2C675&ssl=1&resize=1050%2C600 3x"},"classes":[]},{"id":84992,"url":"https:\/\/noticiasribeiraopreto.com.br\/index.php\/2026\/04\/19\/veja-a-previsao-do-tempo-para-ribeirao-preto-nos-proximos-sete-dias\/","url_meta":{"origin":84194,"position":5},"title":"Veja a previs\u00e3o do tempo para Ribeir\u00e3o Preto nos pr\u00f3ximos sete dias","author":"noticiasribeiraopreto.com.br","date":"19 de April de 2026","format":false,"excerpt":"Ler o resumo da not\u00edcia Meteorologistas da Climatempo preveem semana quente e sem chuva em Ribeir\u00e3o Preto, com m\u00e1ximas pr\u00f3ximas a 34\u202f\u00b0C. De 20 a 24 de abril, as m\u00e1ximas variam entre 30\u202f\u00b0C e 31\u202f\u00b0C e as m\u00ednimas entre 14\u202f\u00b0C e 18\u202f\u00b0C. O per\u00edodo ser\u00e1 dominado por sol, com aumento\u2026","rel":"","context":"In &quot;Not\u00edcias de Ribeir\u00e3o Preto-SP e Regi\u00e3o&quot;","block_context":{"text":"Not\u00edcias de Ribeir\u00e3o Preto-SP e Regi\u00e3o","link":"https:\/\/noticiasribeiraopreto.com.br\/index.php\/category\/noticias-de-ribeirao-preto-sp-e-regiao-ismael-colosi\/"},"img":{"alt_text":"","src":"https:\/\/i0.wp.com\/noticiasribeiraopreto.com.br\/wp-content\/uploads\/2026\/04\/calor-ribeirao-preto_2025-12-28_12-33-59.webp.webp?fit=1200%2C900&ssl=1&resize=350%2C200","width":350,"height":200,"srcset":"https:\/\/i0.wp.com\/noticiasribeiraopreto.com.br\/wp-content\/uploads\/2026\/04\/calor-ribeirao-preto_2025-12-28_12-33-59.webp.webp?fit=1200%2C900&ssl=1&resize=350%2C200 1x, https:\/\/i0.wp.com\/noticiasribeiraopreto.com.br\/wp-content\/uploads\/2026\/04\/calor-ribeirao-preto_2025-12-28_12-33-59.webp.webp?fit=1200%2C900&ssl=1&resize=525%2C300 1.5x, https:\/\/i0.wp.com\/noticiasribeiraopreto.com.br\/wp-content\/uploads\/2026\/04\/calor-ribeirao-preto_2025-12-28_12-33-59.webp.webp?fit=1200%2C900&ssl=1&resize=700%2C400 2x, https:\/\/i0.wp.com\/noticiasribeiraopreto.com.br\/wp-content\/uploads\/2026\/04\/calor-ribeirao-preto_2025-12-28_12-33-59.webp.webp?fit=1200%2C900&ssl=1&resize=1050%2C600 3x"},"classes":[]}],"jetpack_sharing_enabled":true,"jetpack_shortlink":"https:\/\/wp.me\/peQAOb-lTY","_links":{"self":[{"href":"https:\/\/noticiasribeiraopreto.com.br\/index.php\/wp-json\/wp\/v2\/posts\/84194","targetHints":{"allow":["GET"]}}],"collection":[{"href":"https:\/\/noticiasribeiraopreto.com.br\/index.php\/wp-json\/wp\/v2\/posts"}],"about":[{"href":"https:\/\/noticiasribeiraopreto.com.br\/index.php\/wp-json\/wp\/v2\/types\/post"}],"author":[{"embeddable":true,"href":"https:\/\/noticiasribeiraopreto.com.br\/index.php\/wp-json\/wp\/v2\/users\/1"}],"replies":[{"embeddable":true,"href":"https:\/\/noticiasribeiraopreto.com.br\/index.php\/wp-json\/wp\/v2\/comments?post=84194"}],"version-history":[{"count":0,"href":"https:\/\/noticiasribeiraopreto.com.br\/index.php\/wp-json\/wp\/v2\/posts\/84194\/revisions"}],"wp:featuredmedia":[{"embeddable":true,"href":"https:\/\/noticiasribeiraopreto.com.br\/index.php\/wp-json\/wp\/v2\/media\/84195"}],"wp:attachment":[{"href":"https:\/\/noticiasribeiraopreto.com.br\/index.php\/wp-json\/wp\/v2\/media?parent=84194"}],"wp:term":[{"taxonomy":"category","embeddable":true,"href":"https:\/\/noticiasribeiraopreto.com.br\/index.php\/wp-json\/wp\/v2\/categories?post=84194"},{"taxonomy":"post_tag","embeddable":true,"href":"https:\/\/noticiasribeiraopreto.com.br\/index.php\/wp-json\/wp\/v2\/tags?post=84194"}],"curies":[{"name":"wp","href":"https:\/\/api.w.org\/{rel}","templated":true}]}}