{"id":84196,"date":"2026-04-04T09:34:34","date_gmt":"2026-04-04T12:34:34","guid":{"rendered":"https:\/\/noticiasribeiraopreto.com.br\/index.php\/2026\/04\/04\/senado-aprova-guarda-compartilhada-de-pets\/"},"modified":"2026-04-04T09:34:34","modified_gmt":"2026-04-04T12:34:34","slug":"senado-aprova-guarda-compartilhada-de-pets","status":"publish","type":"post","link":"https:\/\/noticiasribeiraopreto.com.br\/index.php\/2026\/04\/04\/senado-aprova-guarda-compartilhada-de-pets\/","title":{"rendered":"Senado aprova guarda \u2028compartilhada de pets"},"content":{"rendered":"<div class='code-block code-block-1' style='margin: 8px 0 8px auto; text-align: right; display: block; clear: both;'>\n<p><a href=\"https:\/\/wa.link\/vpicfd\"><img data-recalc-dims=\"1\" class=\"wp-image-4922\" style=\"aspect-ratio: 2.0253164556962027; width: 561px; height: auto;\" src=\"https:\/\/i0.wp.com\/ismaelcolosi.com.br\/wp-content\/uploads\/2023\/11\/grupo-de-empregos-whatsapp-e-facebook-ismael-colosi-vagas.jpg?ssl=1\" alt=\"\" \/><\/a><\/p>\n<!-- \/wp:image -->\n<\/div>\n<p> <br \/>\n<\/p>\n<div id=\"\">&#13;<br \/>\n\t\t\t\t\t\t\t\t&#13;<\/p>\n<p>&#13;<br \/>\n\t\t\t\t\t\t\t\t\t<span class=\"entry-meta-item penci-posted-on\"><i class=\"fa fa-clock-o\"\/><time class=\"entry-date published\" datetime=\"2026-04-04T09:28:46-03:00\">4 de abril de 2026 09:28<\/time><time class=\"updated\" datetime=\"2026-04-03T09:30:55-03:00\">3 de abril de 2026 09:30<\/time><\/span><span class=\"entry-meta-item penci-post-countview\"\/>\t\t\t\t\t\t\t\t<\/p>\n<p><!-- .entry-meta -->&#13;<br \/>\n\t\t\t\t\t\t\t\t<span class=\"penci-social-buttons penci-social-share-footer\"><span class=\"penci-social-share-text\">Compartilhar<\/span><a href=\"#\" class=\"penci-post-like penci_post-meta_item  single-like-button penci-social-item like\" data-post_id=\"459974\" title=\"Like\" data-like=\"Like\" data-unlike=\"Unlike\"><i class=\"fa fa-thumbs-o-up\"\/><span class=\"penci-share-number\">0<\/span><\/a><i class=\"fa fa-facebook\"\/><a class=\"penci-social-item twitter\" target=\"_blank\" rel=\"noopener\" title=\"\" href=\"https:\/\/twitter.com\/intent\/tweet?text=Senado%20aprova%20guarda%20\u2028compartilhada%20de%20pets%20-%20https:\/\/www.tribunaribeirao.com.br\/senado-aprova-guarda-compartilhada-de-pets\/\"><i class=\"fa fa-twitter\"\/><\/a><i class=\"fa fa-linkedin\"\/><i class=\"fa fa-whatsapp\"\/><i class=\"fa fa-telegram\"\/><i class=\"fa fa-envelope\"\/><\/span>\t\t\t\t\t\t\t<\/div>\n<div>\n<p class=\"p1\">O Senado Federal aprovou na ter\u00e7a-feira, 31 de mar\u00e7o, projeto de lei (PL) que prev\u00ea a guarda compartilhada de animais de estima\u00e7\u00e3o em caso de separa\u00e7\u00e3o do casal tutor. A proposta segue para san\u00e7\u00e3o do presidente Luiz In\u00e1cio Lula da Silva (PT). A medida vale para pets que passaram a maior parte de suas vidas com o casal.<\/p>\n<p>Caso ocorra o fim do casamento ou uni\u00e3o est\u00e1vel, a cust\u00f3dia e as despesas com o animal devem ser divididas de forma equilibrada. Os tutores podem recorrer \u00e0 Justi\u00e7a para garantir a guarda compartilhada. O per\u00edodo de conviv\u00eancia com o pet ser\u00e1 dividido de acordo com as condi\u00e7\u00f5es financeiras, de moradia, de cuidado, al\u00e9m da disponibilidade de tempo.<\/p>\n<p>As despesas de alimenta\u00e7\u00e3o, higiene e cuidado, como consultas veterin\u00e1rias e medicamentos, ser\u00e3o divididas igualmente entre os tutores. Se um dos tutores renunciar ao compartilhamento de cust\u00f3dia, ele perder\u00e1 a posse do animal, sem direito a indeniza\u00e7\u00e3o. Ele ter\u00e1 de pagar as despesas do pet at\u00e9 a data da ren\u00fancia.<\/p>\n<p>O tutor pode perder a guarda de forma definitiva e sem indeniza\u00e7\u00e3o caso descumpra reiteradamente e sem justificativa os termos da cust\u00f3dia. O juiz pode negar a guarda compartilhada caso identifique maus-tratos contra o animal, ou hist\u00f3rico ou risco de viol\u00eancia dom\u00e9stica. Nesse caso, o agressor perde a posse do pet.<\/p>\n<\/div>\n<p><script async src=\"\/\/platform.twitter.com\/widgets.js\" charset=\"utf-8\"><\/script><br \/>\n<br \/><br \/>\n<br \/><a href=\"https:\/\/www.tribunaribeirao.com.br\/senado-aprova-guarda-compartilhada-de-pets\/\">Source link <\/a><\/p>\n<!-- CONTENT END 1 -->\n","protected":false},"excerpt":{"rendered":"<p>&#13; &#13; &#13; 4 de abril de 2026 09:283 de abril de 2026 09:30 &#13; Compartilhar0 O Senado Federal aprovou na ter\u00e7a-feira, 31 de mar\u00e7o,&#8230;<\/p>\n","protected":false},"author":1,"featured_media":84197,"comment_status":"open","ping_status":"open","sticky":false,"template":"","format":"standard","meta":{"advanced_seo_description":"","jetpack_seo_html_title":"","jetpack_seo_noindex":false,"jetpack_post_was_ever_published":false,"_jetpack_newsletter_access":"","_jetpack_dont_email_post_to_subs":false,"_jetpack_newsletter_tier_id":0,"_jetpack_memberships_contains_paywalled_content":false,"_jetpack_memberships_contains_paid_content":false,"footnotes":"","jetpack_publicize_message":"","jetpack_publicize_feature_enabled":true,"jetpack_social_post_already_shared":true,"jetpack_social_options":{"image_generator_settings":{"template":"highway","default_image_id":0,"font":"","enabled":false},"version":2}},"categories":[11],"tags":[],"class_list":["post-84196","post","type-post","status-publish","format-standard","has-post-thumbnail","hentry","category-noticias-de-ribeirao-preto-sp-e-regiao-ismael-colosi"],"jetpack_publicize_connections":[],"jetpack_featured_media_url":"https:\/\/i0.wp.com\/noticiasribeiraopreto.com.br\/wp-content\/uploads\/2026\/04\/Animal-Fernando-Gonzaga-scaled.jpg?fit=1170%2C780&ssl=1","jetpack-related-posts":[{"id":67046,"url":"https:\/\/noticiasribeiraopreto.com.br\/index.php\/2025\/04\/09\/jornal-da-franca-calendario-de-pagamento-do-bolsa-familia-em-abril-preve-dinheiro-a-partir-de-terca\/","url_meta":{"origin":84196,"position":0},"title":"Jornal da Franca &#8211; Calend\u00e1rio de Pagamento do Bolsa Fam\u00edlia em abril prev\u00ea dinheiro a partir de ter\u00e7a","author":"noticiasribeiraopreto.com.br","date":"9 de April de 2025","format":false,"excerpt":"compartilhar no whatsapp compartilhar no telegram compartilhar no facebook compartilhar no linkedin O objetivo do benef\u00edcio do Governo Federal \u00e9 ajudar fam\u00edlias em vulnerabilidade social O pagamento do Bolsa Fam\u00edlia em abril seguir\u00e1 o cronograma previsto pelo Governo Federal. Os pagamentos come\u00e7ar\u00e3o na pr\u00f3xima ter\u00e7a-feira, dia 15. Os pagamentos ser\u00e3o\u2026","rel":"","context":"In &quot;Not\u00edcias de Franca-SP&quot;","block_context":{"text":"Not\u00edcias de Franca-SP","link":"https:\/\/noticiasribeiraopreto.com.br\/index.php\/category\/noticias-de-ribeirao-preto-sp-e-regiao-ismael-colosi\/noticias-franca-sp\/"},"img":{"alt_text":"","src":"https:\/\/i0.wp.com\/noticiasribeiraopreto.com.br\/wp-content\/uploads\/2025\/04\/lotericas-2.jpeg?fit=1200%2C800&ssl=1&resize=350%2C200","width":350,"height":200,"srcset":"https:\/\/i0.wp.com\/noticiasribeiraopreto.com.br\/wp-content\/uploads\/2025\/04\/lotericas-2.jpeg?fit=1200%2C800&ssl=1&resize=350%2C200 1x, https:\/\/i0.wp.com\/noticiasribeiraopreto.com.br\/wp-content\/uploads\/2025\/04\/lotericas-2.jpeg?fit=1200%2C800&ssl=1&resize=525%2C300 1.5x, https:\/\/i0.wp.com\/noticiasribeiraopreto.com.br\/wp-content\/uploads\/2025\/04\/lotericas-2.jpeg?fit=1200%2C800&ssl=1&resize=700%2C400 2x, https:\/\/i0.wp.com\/noticiasribeiraopreto.com.br\/wp-content\/uploads\/2025\/04\/lotericas-2.jpeg?fit=1200%2C800&ssl=1&resize=1050%2C600 3x"},"classes":[]},{"id":85097,"url":"https:\/\/noticiasribeiraopreto.com.br\/index.php\/2026\/04\/21\/sorteio-tribuna-ribeirao-guardias-do-k-pop\/","url_meta":{"origin":84196,"position":1},"title":"Sorteio Tribuna Ribeir\u00e3o \u2013 \u201cGuardi\u00e3s do K-POP\u201d","author":"noticiasribeiraopreto.com.br","date":"21 de April de 2026","format":false,"excerpt":"\r \r \r \r \r 21 de abril de 2026 12:15 \r Compartilhar0 \r O jornal Tribuna Ribeir\u00e3o promove sorteio de ingressos para o espet\u00e1culo \u201cGuardi\u00e3s do K-POP\u201d, que ser\u00e1 realizado no dia 26 de abril, \u00e0s 16h, no Teatro Municipal de Ribeir\u00e3o Preto. Para participar, \u00e9 necess\u00e1rio seguir o\u2026","rel":"","context":"In &quot;Not\u00edcias de Ribeir\u00e3o Preto-SP e Regi\u00e3o&quot;","block_context":{"text":"Not\u00edcias de Ribeir\u00e3o Preto-SP e Regi\u00e3o","link":"https:\/\/noticiasribeiraopreto.com.br\/index.php\/category\/noticias-de-ribeirao-preto-sp-e-regiao-ismael-colosi\/"},"img":{"alt_text":"","src":"https:\/\/i0.wp.com\/noticiasribeiraopreto.com.br\/wp-content\/uploads\/2026\/04\/K-POP-scaled.png?fit=624%2C780&ssl=1&resize=350%2C200","width":350,"height":200,"srcset":"https:\/\/i0.wp.com\/noticiasribeiraopreto.com.br\/wp-content\/uploads\/2026\/04\/K-POP-scaled.png?fit=624%2C780&ssl=1&resize=350%2C200 1x, https:\/\/i0.wp.com\/noticiasribeiraopreto.com.br\/wp-content\/uploads\/2026\/04\/K-POP-scaled.png?fit=624%2C780&ssl=1&resize=525%2C300 1.5x"},"classes":[]},{"id":81455,"url":"https:\/\/noticiasribeiraopreto.com.br\/index.php\/2026\/01\/06\/vai-dar-para-viajar-confira-os-feriados-de-2026-em-ribeirao-preto-e-as-possiveis-emendas\/","url_meta":{"origin":84196,"position":2},"title":"Vai dar para viajar? Confira os feriados de 2026 em Ribeir\u00e3o Preto e as poss\u00edveis emendas","author":"noticiasribeiraopreto.com.br","date":"6 de January de 2026","format":false,"excerpt":"O ano come\u00e7ou animado para quem gosta de viajar ou planejar momentos de lazer e descanso. Isso porque janeiro j\u00e1 tem feriado em Ribeir\u00e3o Preto e com chance de emenda para alguns trabalhadores. Ao longo de 2026, os moradores do munic\u00edpio ter\u00e3o 14 feriados (entre municipais, estaduais e nacionais), a\u2026","rel":"","context":"In &quot;Not\u00edcias de Ribeir\u00e3o Preto-SP e Regi\u00e3o&quot;","block_context":{"text":"Not\u00edcias de Ribeir\u00e3o Preto-SP e Regi\u00e3o","link":"https:\/\/noticiasribeiraopreto.com.br\/index.php\/category\/noticias-de-ribeirao-preto-sp-e-regiao-ismael-colosi\/"},"img":{"alt_text":"","src":"https:\/\/i0.wp.com\/noticiasribeiraopreto.com.br\/wp-content\/uploads\/2026\/01\/Copia-de-Copia-de-Copia-de-TAMANHO-EXATO-PARA-FOTOS-NO-SISTEMA-NOVO-2025-01-22T154849.670_2025-01-22_18-48-57_png_2025-01-22_18-48-57.webp.webp?fit=1200%2C675&ssl=1&resize=350%2C200","width":350,"height":200,"srcset":"https:\/\/i0.wp.com\/noticiasribeiraopreto.com.br\/wp-content\/uploads\/2026\/01\/Copia-de-Copia-de-Copia-de-TAMANHO-EXATO-PARA-FOTOS-NO-SISTEMA-NOVO-2025-01-22T154849.670_2025-01-22_18-48-57_png_2025-01-22_18-48-57.webp.webp?fit=1200%2C675&ssl=1&resize=350%2C200 1x, https:\/\/i0.wp.com\/noticiasribeiraopreto.com.br\/wp-content\/uploads\/2026\/01\/Copia-de-Copia-de-Copia-de-TAMANHO-EXATO-PARA-FOTOS-NO-SISTEMA-NOVO-2025-01-22T154849.670_2025-01-22_18-48-57_png_2025-01-22_18-48-57.webp.webp?fit=1200%2C675&ssl=1&resize=525%2C300 1.5x, https:\/\/i0.wp.com\/noticiasribeiraopreto.com.br\/wp-content\/uploads\/2026\/01\/Copia-de-Copia-de-Copia-de-TAMANHO-EXATO-PARA-FOTOS-NO-SISTEMA-NOVO-2025-01-22T154849.670_2025-01-22_18-48-57_png_2025-01-22_18-48-57.webp.webp?fit=1200%2C675&ssl=1&resize=700%2C400 2x, https:\/\/i0.wp.com\/noticiasribeiraopreto.com.br\/wp-content\/uploads\/2026\/01\/Copia-de-Copia-de-Copia-de-TAMANHO-EXATO-PARA-FOTOS-NO-SISTEMA-NOVO-2025-01-22T154849.670_2025-01-22_18-48-57_png_2025-01-22_18-48-57.webp.webp?fit=1200%2C675&ssl=1&resize=1050%2C600 3x"},"classes":[]},{"id":83104,"url":"https:\/\/noticiasribeiraopreto.com.br\/index.php\/2026\/03\/09\/botafogo-conhece-tabela-detalhada-da-serie-b-veja-a-sequencia-de-jogos\/","url_meta":{"origin":84196,"position":3},"title":"Botafogo conhece tabela detalhada da S\u00e9rie B; veja a sequ\u00eancia de jogos","author":"noticiasribeiraopreto.com.br","date":"9 de March de 2026","format":false,"excerpt":"A Confedera\u00e7\u00e3o Brasileira de Futebol (CBF) divulgou a tabela detalhada das cinco primeiras rodadas da S\u00e9rie B do Campeonato Brasileiro, e o Botafogo j\u00e1 conhece datas, hor\u00e1rios e advers\u00e1rios no in\u00edcio da competi\u00e7\u00e3o. O torneio come\u00e7a no dia 21 de mar\u00e7o, um s\u00e1bado, e seguir\u00e1 com jogos definidos at\u00e9 20\u2026","rel":"","context":"In &quot;Not\u00edcias de Ribeir\u00e3o Preto-SP e Regi\u00e3o&quot;","block_context":{"text":"Not\u00edcias de Ribeir\u00e3o Preto-SP e Regi\u00e3o","link":"https:\/\/noticiasribeiraopreto.com.br\/index.php\/category\/noticias-de-ribeirao-preto-sp-e-regiao-ismael-colosi\/"},"img":{"alt_text":"","src":"https:\/\/i0.wp.com\/noticiasribeiraopreto.com.br\/wp-content\/uploads\/2025\/12\/Imagem-do-WhatsApp-de-2025-12-01-as-13.18.24_26a34174_2025-12-01_16-21-16.webp.webp?fit=1200%2C675&ssl=1&resize=350%2C200","width":350,"height":200,"srcset":"https:\/\/i0.wp.com\/noticiasribeiraopreto.com.br\/wp-content\/uploads\/2025\/12\/Imagem-do-WhatsApp-de-2025-12-01-as-13.18.24_26a34174_2025-12-01_16-21-16.webp.webp?fit=1200%2C675&ssl=1&resize=350%2C200 1x, https:\/\/i0.wp.com\/noticiasribeiraopreto.com.br\/wp-content\/uploads\/2025\/12\/Imagem-do-WhatsApp-de-2025-12-01-as-13.18.24_26a34174_2025-12-01_16-21-16.webp.webp?fit=1200%2C675&ssl=1&resize=525%2C300 1.5x, https:\/\/i0.wp.com\/noticiasribeiraopreto.com.br\/wp-content\/uploads\/2025\/12\/Imagem-do-WhatsApp-de-2025-12-01-as-13.18.24_26a34174_2025-12-01_16-21-16.webp.webp?fit=1200%2C675&ssl=1&resize=700%2C400 2x, https:\/\/i0.wp.com\/noticiasribeiraopreto.com.br\/wp-content\/uploads\/2025\/12\/Imagem-do-WhatsApp-de-2025-12-01-as-13.18.24_26a34174_2025-12-01_16-21-16.webp.webp?fit=1200%2C675&ssl=1&resize=1050%2C600 3x"},"classes":[]},{"id":85063,"url":"https:\/\/noticiasribeiraopreto.com.br\/index.php\/2026\/04\/21\/morre-eduardo-prudente-correa-campeao-de-tiro-ao-prato\/","url_meta":{"origin":84196,"position":4},"title":"Morre Eduardo Prudente Corr\u00eaa, campe\u00e3o de tiro ao prato","author":"noticiasribeiraopreto.com.br","date":"21 de April de 2026","format":false,"excerpt":"\r \r \r \r \r 20 de abril de 2026 23:2121 de abril de 2026 07:55 \r Compartilhar0 \r Faleceu nesta segunda-feira, 20, aos 60 anos, o empres\u00e1rio Eduardo Rucian Prudente Corr\u00eaa, o Fof\u00e3o. A informa\u00e7\u00e3o foi divulgada por familiares por meio de nota. Eduardo Rucian Prudente Corr\u00eaa foi atleta\u2026","rel":"","context":"In &quot;Not\u00edcias de Ribeir\u00e3o Preto-SP e Regi\u00e3o&quot;","block_context":{"text":"Not\u00edcias de Ribeir\u00e3o Preto-SP e Regi\u00e3o","link":"https:\/\/noticiasribeiraopreto.com.br\/index.php\/category\/noticias-de-ribeirao-preto-sp-e-regiao-ismael-colosi\/"},"img":{"alt_text":"","src":"https:\/\/i0.wp.com\/noticiasribeiraopreto.com.br\/wp-content\/uploads\/2026\/04\/1776769105_prudente.jpeg?fit=445%2C237&ssl=1&resize=350%2C200","width":350,"height":200},"classes":[]},{"id":82804,"url":"https:\/\/noticiasribeiraopreto.com.br\/index.php\/2026\/02\/27\/quer-se-qualificar-ribeirao-preto-abre-600-vagas-em-cursos-gratuitos\/","url_meta":{"origin":84196,"position":5},"title":"Quer se qualificar? Ribeir\u00e3o Preto abre 600 vagas em cursos gratuitos","author":"noticiasribeiraopreto.com.br","date":"27 de February de 2026","format":false,"excerpt":"Ribeir\u00e3o Preto passa a contar com 600 vagas em cursos gratuitos de qualifica\u00e7\u00e3o profissional promovidos pelo iBEE (Instituto Brasileiro do Emprego e Empreendedorismo), em parceria com o Governo do Estado de S\u00e3o Paulo e a Etec Jos\u00e9 Martimiano da Silva. Ao final das aulas, os alunos recebem certificado e podem\u2026","rel":"","context":"In &quot;Not\u00edcias de Ribeir\u00e3o Preto-SP e Regi\u00e3o&quot;","block_context":{"text":"Not\u00edcias de Ribeir\u00e3o Preto-SP e Regi\u00e3o","link":"https:\/\/noticiasribeiraopreto.com.br\/index.php\/category\/noticias-de-ribeirao-preto-sp-e-regiao-ismael-colosi\/"},"img":{"alt_text":"","src":"https:\/\/i0.wp.com\/noticiasribeiraopreto.com.br\/wp-content\/uploads\/2026\/02\/curso-programacao_2026-02-09_14-25-03.webp.webp?fit=1200%2C800&ssl=1&resize=350%2C200","width":350,"height":200,"srcset":"https:\/\/i0.wp.com\/noticiasribeiraopreto.com.br\/wp-content\/uploads\/2026\/02\/curso-programacao_2026-02-09_14-25-03.webp.webp?fit=1200%2C800&ssl=1&resize=350%2C200 1x, https:\/\/i0.wp.com\/noticiasribeiraopreto.com.br\/wp-content\/uploads\/2026\/02\/curso-programacao_2026-02-09_14-25-03.webp.webp?fit=1200%2C800&ssl=1&resize=525%2C300 1.5x, https:\/\/i0.wp.com\/noticiasribeiraopreto.com.br\/wp-content\/uploads\/2026\/02\/curso-programacao_2026-02-09_14-25-03.webp.webp?fit=1200%2C800&ssl=1&resize=700%2C400 2x, https:\/\/i0.wp.com\/noticiasribeiraopreto.com.br\/wp-content\/uploads\/2026\/02\/curso-programacao_2026-02-09_14-25-03.webp.webp?fit=1200%2C800&ssl=1&resize=1050%2C600 3x"},"classes":[]}],"jetpack_sharing_enabled":true,"jetpack_shortlink":"https:\/\/wp.me\/peQAOb-lU0","_links":{"self":[{"href":"https:\/\/noticiasribeiraopreto.com.br\/index.php\/wp-json\/wp\/v2\/posts\/84196","targetHints":{"allow":["GET"]}}],"collection":[{"href":"https:\/\/noticiasribeiraopreto.com.br\/index.php\/wp-json\/wp\/v2\/posts"}],"about":[{"href":"https:\/\/noticiasribeiraopreto.com.br\/index.php\/wp-json\/wp\/v2\/types\/post"}],"author":[{"embeddable":true,"href":"https:\/\/noticiasribeiraopreto.com.br\/index.php\/wp-json\/wp\/v2\/users\/1"}],"replies":[{"embeddable":true,"href":"https:\/\/noticiasribeiraopreto.com.br\/index.php\/wp-json\/wp\/v2\/comments?post=84196"}],"version-history":[{"count":0,"href":"https:\/\/noticiasribeiraopreto.com.br\/index.php\/wp-json\/wp\/v2\/posts\/84196\/revisions"}],"wp:featuredmedia":[{"embeddable":true,"href":"https:\/\/noticiasribeiraopreto.com.br\/index.php\/wp-json\/wp\/v2\/media\/84197"}],"wp:attachment":[{"href":"https:\/\/noticiasribeiraopreto.com.br\/index.php\/wp-json\/wp\/v2\/media?parent=84196"}],"wp:term":[{"taxonomy":"category","embeddable":true,"href":"https:\/\/noticiasribeiraopreto.com.br\/index.php\/wp-json\/wp\/v2\/categories?post=84196"},{"taxonomy":"post_tag","embeddable":true,"href":"https:\/\/noticiasribeiraopreto.com.br\/index.php\/wp-json\/wp\/v2\/tags?post=84196"}],"curies":[{"name":"wp","href":"https:\/\/api.w.org\/{rel}","templated":true}]}}