{"id":84213,"date":"2026-04-04T17:12:34","date_gmt":"2026-04-04T20:12:34","guid":{"rendered":"https:\/\/noticiasribeiraopreto.com.br\/index.php\/2026\/04\/04\/ciclone-extratropical-e-frente-fria-trazem-chuva-forte-a-sp-nos-proximos-dias\/"},"modified":"2026-04-04T17:12:34","modified_gmt":"2026-04-04T20:12:34","slug":"ciclone-extratropical-e-frente-fria-trazem-chuva-forte-a-sp-nos-proximos-dias","status":"publish","type":"post","link":"https:\/\/noticiasribeiraopreto.com.br\/index.php\/2026\/04\/04\/ciclone-extratropical-e-frente-fria-trazem-chuva-forte-a-sp-nos-proximos-dias\/","title":{"rendered":"Ciclone extratropical e frente fria trazem chuva forte a SP nos pr\u00f3ximos dias"},"content":{"rendered":"<div class='code-block code-block-1' style='margin: 8px 0 8px auto; text-align: right; display: block; clear: both;'>\n<p><a href=\"https:\/\/wa.link\/vpicfd\"><img data-recalc-dims=\"1\" class=\"wp-image-4922\" style=\"aspect-ratio: 2.0253164556962027; width: 561px; height: auto;\" src=\"https:\/\/i0.wp.com\/ismaelcolosi.com.br\/wp-content\/uploads\/2023\/11\/grupo-de-empregos-whatsapp-e-facebook-ismael-colosi-vagas.jpg?ssl=1\" alt=\"\" \/><\/a><\/p>\n<!-- \/wp:image -->\n<\/div>\n<p> <br \/>\n<\/p>\n<div id=\"dsoaudio\">\n<div class=\"oknexcerpt resumo-noticia\">\n\t\t\t\t\t\t\t<button class=\"resumo-noticia__btn\" aria-expanded=\"false\" aria-controls=\"resumo-noticia-content\"><br \/>\n\t\t\t\t\t\t\t\t<span class=\"resumo-noticia__btn-text\">Ler o resumo da not\u00edcia<\/span><br \/>\n\t\t\t\t\t\t\t\t<svg xmlns=\"http:\/\/www.w3.org\/2000\/svg\" class=\"resumo-noticia__btn-icon\" width=\"24\" height=\"24\" viewbox=\"0 0 24 24\" fill=\"none\">\n\t\t\t\t\t\t\t\t\t<path d=\"M7.41 8.59L12 13.17L16.59 8.59L18 10L12 16L6 10L7.41 8.59Z\" fill=\"#196AA9\"\/>\n\t\t\t\t\t\t\t\t<\/svg><br \/>\n\t\t\t\t\t\t\t<\/button><\/p>\n<div class=\"resumo-noticia__content\" id=\"resumo-noticia-content\" style=\"max-height: 0px;\">\n<div class=\"resumo-noticia__content-inner\">\n<ul>\n<li>Ciclone extratropical e frente fria trazem chuva forte a SP nos pr\u00f3ximos dias<\/li>\n<li>A partir da pr\u00f3xima segunda-feira (6), um novo ciclone extratropical e uma frente fria v\u00e3o se organizar entre o Brasil, o Uruguai, a Argentina e o Paraguai, segundo a Climatempo. Com isso, at\u00e9 a pr\u00f3xima sexta-feira (10), esses sistemas ter\u00e3o impacto em diversas regi\u00f5es do pa\u00eds, incluindo o Sudeste, onde fica o estado de S\u00e3o Paulo. De acordo com os meteorologistas, o ciclone extratropical deve se formar entre o Uruguai e o Rio Grande do Sul. Isso come\u00e7a com a intensifica\u00e7\u00e3o de uma \u00e1rea de baixa press\u00e3o atmosf\u00e9rica entre o Paraguai e o norte da Argentina na segunda-feira. J\u00e1 na ter\u00e7a-feira (7), esta \u00e1rea de baixa press\u00e3o atmosf\u00e9rica se intensifica entre o Uruguai e Argentina e surge o centro do ciclone extratropical sobre o Uruguai, que vai se deslocando aos poucos para a regi\u00e3o litor\u00e2nea entre esses dois pa\u00edses. Fonte: Climatempo<\/li>\n<li>A Climatempo informa que esse ciclone extratropical ter\u00e1 forte intensidade e at\u00e9 a noite de ter\u00e7a-feira, a press\u00e3o atmosf\u00e9rica no centro do ciclone vai ficar abaixo de 1000 hectopascais. A frente fria associada a esse ciclone se organiza no mesmo dia. Ciclone e frente fria provocam temporais<\/li>\n<li>A partir de segunda-feira, a forma\u00e7\u00e3o do ciclone e da frente fria provoca temporais no sul. A frente fria deve chegar ao sudeste nos dias 8 e 9 de abril. \u201c Neste dia s\u00e3o esperadas fortes pancadas de chuva sobre S\u00e3o Paulo, no Tri\u00e2ngulo Mineiro, no Sul de Minas, em \u00e1reas da Zona da Mata Mineira, na Grande Belo Horizonte e no centro-sul do Rio de Janeiro\u201d, informa.\u00a0<\/li>\n<li>Contudo, com o avan\u00e7o da frente fria sobre o sudeste, a instabilidade diminui sobre S\u00e3o Paulo, a partir de quinta-feira (9).<\/li>\n<\/ul><\/div>\n<\/p><\/div>\n<\/p><\/div>\n<p><button type=\"button\" title=\"Salvar mat\u00e9ria\" class=\"dso bookmark-injection bookmark-save\"><br \/>\n        <svg xmlns=\"http:\/\/www.w3.org\/2000\/svg\" width=\"20\" height=\"24\" viewbox=\"0 0 20 24\" fill=\"none\">\n            <path d=\"M1 23V1H19V23L10 15.6667L1 23Z\" stroke=\"black\" stroke-width=\"1.3\" stroke-linejoin=\"round\"\/>\n        <\/svg><br \/>\n    <\/button> <\/p>\n<p>A partir da pr\u00f3xima segunda-feira (6), um novo<strong> ciclone extratropical <\/strong>e uma <strong>frente fria <\/strong>v\u00e3o se organizar entre o Brasil, o Uruguai, a Argentina e o Paraguai, segundo a <strong><a href=\"https:\/\/www.climatempo.com.br\/noticia\/ciclone\/novo-ciclone-extratropical-e-frente-fria-trazem-chuva-forte-para-o-brasil\" data-type=\"link\" data-id=\"https:\/\/www.climatempo.com.br\/noticia\/ciclone\/novo-ciclone-extratropical-e-frente-fria-trazem-chuva-forte-para-o-brasil\" target=\"_blank\" rel=\"noopener\">Climatempo<\/a><\/strong>. Com isso, at\u00e9 a pr\u00f3xima sexta-feira (10), esses sistemas ter\u00e3o impacto em diversas regi\u00f5es do pa\u00eds, incluindo o Sudeste, onde fica o <strong>estado de S\u00e3o Paulo<\/strong>.<\/p>\n<p>De acordo com os meteorologistas, o ciclone extratropical deve se formar entre o Uruguai e o Rio Grande do Sul. Isso come\u00e7a com a intensifica\u00e7\u00e3o de uma \u00e1rea de baixa press\u00e3o atmosf\u00e9rica entre o Paraguai e o norte da Argentina na segunda-feira.<\/p>\n<p>J\u00e1 na ter\u00e7a-feira (7), esta \u00e1rea de baixa press\u00e3o atmosf\u00e9rica se intensifica entre o Uruguai e Argentina e surge o centro do ciclone extratropical sobre o Uruguai, que vai se deslocando aos poucos para a regi\u00e3o litor\u00e2nea entre esses dois pa\u00edses.<\/p>\n<figure class=\"wp-block-image size-full\"><img data-recalc-dims=\"1\" loading=\"lazy\" decoding=\"async\" width=\"750\" height=\"427\" alt=\"formacao do ciclone extratropical contraste termico\" class=\"wp-image-151191\" title=\"Ciclone extratropical e frente fria trazem chuva forte a SP nos pr\u00f3ximos dias 1\" srcset=\"https:\/\/www.acidadeon.com\/ribeiraopreto\/wp-content\/uploads\/sites\/3\/2026\/04\/formacao-do-ciclone-extratropical-contraste-termico.webp 750w, https:\/\/www.acidadeon.com\/ribeiraopreto\/wp-content\/uploads\/sites\/3\/2026\/04\/formacao-do-ciclone-extratropical-contraste-termico-300x171.webp 300w, https:\/\/www.acidadeon.com\/ribeiraopreto\/wp-content\/uploads\/sites\/3\/2026\/04\/formacao-do-ciclone-extratropical-contraste-termico-400x228.webp 400w, https:\/\/www.acidadeon.com\/ribeiraopreto\/wp-content\/uploads\/sites\/3\/2026\/04\/formacao-do-ciclone-extratropical-contraste-termico-150x85.webp 150w\" data-lazy-sizes=\"(max-width: 750px) 100vw, 750px\" src=\"https:\/\/i0.wp.com\/www.acidadeon.com\/ribeiraopreto\/wp-content\/uploads\/sites\/3\/2026\/04\/formacao-do-ciclone-extratropical-contraste-termico.webp?resize=750%2C427&#038;ssl=1\"\/><img data-recalc-dims=\"1\" loading=\"lazy\" decoding=\"async\" width=\"750\" height=\"427\" src=\"https:\/\/i0.wp.com\/www.acidadeon.com\/ribeiraopreto\/wp-content\/uploads\/sites\/3\/2026\/04\/formacao-do-ciclone-extratropical-contraste-termico.webp?resize=750%2C427&#038;ssl=1\" alt=\"formacao do ciclone extratropical contraste termico\" class=\"wp-image-151191\" title=\"Ciclone extratropical e frente fria trazem chuva forte a SP nos pr\u00f3ximos dias 1\" srcset=\"https:\/\/www.acidadeon.com\/ribeiraopreto\/wp-content\/uploads\/sites\/3\/2026\/04\/formacao-do-ciclone-extratropical-contraste-termico.webp 750w, https:\/\/www.acidadeon.com\/ribeiraopreto\/wp-content\/uploads\/sites\/3\/2026\/04\/formacao-do-ciclone-extratropical-contraste-termico-300x171.webp 300w, https:\/\/www.acidadeon.com\/ribeiraopreto\/wp-content\/uploads\/sites\/3\/2026\/04\/formacao-do-ciclone-extratropical-contraste-termico-400x228.webp 400w, https:\/\/www.acidadeon.com\/ribeiraopreto\/wp-content\/uploads\/sites\/3\/2026\/04\/formacao-do-ciclone-extratropical-contraste-termico-150x85.webp 150w\" sizes=\"auto, (max-width: 750px) 100vw, 750px\"\/><figcaption class=\"wp-element-caption\">Fonte: Climatempo<\/figcaption><\/figure>\n<p>A Climatempo informa que esse ciclone extratropical ter\u00e1 forte intensidade e at\u00e9 a noite de ter\u00e7a-feira, a press\u00e3o atmosf\u00e9rica no centro do ciclone vai ficar abaixo de 1000 hectopascais. A frente fria associada a esse ciclone se organiza no mesmo dia.<\/p>\n<h2 class=\"wp-block-heading\"><strong>Ciclone e frente fria provocam temporais<\/strong><\/h2>\n<p>A partir de segunda-feira, a forma\u00e7\u00e3o do ciclone e da frente fria provoca temporais no sul. A frente fria deve chegar ao sudeste nos dias 8 e 9 de abril. \u201cNeste dia s\u00e3o esperadas fortes pancadas de chuva sobre S\u00e3o Paulo, no Tri\u00e2ngulo Mineiro, no Sul de Minas, em \u00e1reas da Zona da Mata Mineira, na Grande Belo Horizonte e no centro-sul do Rio de Janeiro\u201d, informa.\u00a0<\/p>\n<p>Contudo, com o avan\u00e7o da frente fria sobre o sudeste, a instabilidade diminui sobre S\u00e3o Paulo, a partir de quinta-feira (9). Na sexta-feira, o ciclone extratropical estar\u00e1 em \u00e1guas oce\u00e2nicas, longe do Brasil, e n\u00e3o h\u00e1 mais risco de ventos fortes na costa do Sul e do Sudeste.<\/p>\n<blockquote class=\"instagram-media\" data-instgrm-permalink=\"https:\/\/www.instagram.com\/reel\/DWtXIZKlhNx\/?utm_source=ig_embed&amp;utm_campaign=loading\" data-instgrm-version=\"14\" style=\" background:#FFF; border:0; border-radius:3px; box-shadow:0 0 1px 0 rgba(0,0,0,0.5),0 1px 10px 0 rgba(0,0,0,0.15); margin: 1px; max-width:540px; min-width:326px; padding:0; width:99.375%; width:-webkit-calc(100% - 2px); width:calc(100% - 2px);\"\/>\n<p>SAIBA MAIS<br \/>Parques de Ribeir\u00e3o Preto t\u00eam mudan\u00e7as no hor\u00e1rio neste fim de semana<\/p>\n<h2 class=\"wp-block-heading\"><strong>FIQUE ON<\/strong><\/h2>\n<p>Fique ligado em tudo que acontece em Ribeir\u00e3o Preto e regi\u00e3o. Siga os perfis do\u00a0<strong>acidade on\u00a0<\/strong>no<a href=\"https:\/\/www.instagram.com\/acidadeonribeirao\/\" target=\"_blank\" rel=\"noreferrer noopener\">\u00a0Instagram<\/a>\u00a0e no\u00a0<a href=\"https:\/\/www.facebook.com\/acidadeonribeirao\" target=\"_blank\" rel=\"noreferrer noopener\">Facebook<\/a>.<\/p>\n<p>Receba not\u00edcias do\u00a0<strong>acidade on\u00a0<\/strong>no WhatsApp. Para entrar no grupo,\u00a0basta\u00a0<a href=\"https:\/\/chat.whatsapp.com\/DfXwcjKVIddHUT3BvnQuPZ?mode=hqctshi\" target=\"_blank\" rel=\"noreferrer noopener\">clicar aqui<\/a>. Ou, acesse o nosso\u00a0Canal\u00a0<a href=\"https:\/\/whatsapp.com\/channel\/0029Vb6IQl1JENyAeS57fk2p\" target=\"_blank\" rel=\"noreferrer noopener\">clicando aqui<\/a>.<\/p>\n<p>Fa\u00e7a uma den\u00fancia ou sugira uma reportagem sobre Ribeir\u00e3o Preto e regi\u00e3o pelo WhatsApp: 16 99117 7802.<\/p>\n<p>VEJA TAMB\u00c9M<br \/>Fifa come\u00e7a a testar nova regra de impedimento para favorecer ataques; entenda mudan\u00e7as<\/p>\n<p><input type=\"hidden\" name=\"postID\" id=\"postID\" value=\"151190\"\/><br \/>\n            <input type=\"hidden\" name=\"postType\" id=\"postType\" value=\"post\"\/><br \/>\n<!-- AI CONTENT END 1 -->\n        <\/div>\n<p><script async src=\"\/\/www.instagram.com\/embed.js\"><\/script><br \/>\n<br \/><br \/>\n<br \/><a href=\"https:\/\/www.acidadeon.com\/ribeiraopreto\/cotidiano\/ciclone-extratropical-e-frente-fria-trazem-chuva-forte-a-sp-nos-proximos-dias\/\">Source link <\/a><\/p>\n<!-- CONTENT END 1 -->\n","protected":false},"excerpt":{"rendered":"<p>Ler o resumo da not\u00edcia Ciclone extratropical e frente fria trazem chuva forte a SP nos pr\u00f3ximos dias A partir da pr\u00f3xima segunda-feira (6), um&#8230;<\/p>\n","protected":false},"author":1,"featured_media":84214,"comment_status":"open","ping_status":"open","sticky":false,"template":"","format":"standard","meta":{"advanced_seo_description":"","jetpack_seo_html_title":"","jetpack_seo_noindex":false,"jetpack_post_was_ever_published":false,"_jetpack_newsletter_access":"","_jetpack_dont_email_post_to_subs":false,"_jetpack_newsletter_tier_id":0,"_jetpack_memberships_contains_paywalled_content":false,"_jetpack_memberships_contains_paid_content":false,"footnotes":"","jetpack_publicize_message":"","jetpack_publicize_feature_enabled":true,"jetpack_social_post_already_shared":true,"jetpack_social_options":{"image_generator_settings":{"template":"highway","default_image_id":0,"font":"","enabled":false},"version":2}},"categories":[11],"tags":[],"class_list":["post-84213","post","type-post","status-publish","format-standard","has-post-thumbnail","hentry","category-noticias-de-ribeirao-preto-sp-e-regiao-ismael-colosi"],"jetpack_publicize_connections":[],"jetpack_featured_media_url":"https:\/\/i0.wp.com\/noticiasribeiraopreto.com.br\/wp-content\/uploads\/2026\/04\/nuvens-chuva-ribeirao-preto_2026-02-12_12-20-30.webp.webp?fit=1200%2C540&ssl=1","jetpack-related-posts":[{"id":81541,"url":"https:\/\/noticiasribeiraopreto.com.br\/index.php\/2026\/01\/09\/ciclone-extratropical-se-forma-e-frente-fria-muda-o-tempo-em-sp-saiba-quando\/","url_meta":{"origin":84213,"position":0},"title":"Ciclone extratropical se forma e frente fria muda o tempo em SP; Saiba quando","author":"noticiasribeiraopreto.com.br","date":"9 de January de 2026","format":false,"excerpt":"Um ciclone extratropical se organiza entre o Uruguai e o Sul do Brasil neste fim de semana, e uma nova frente fria, associada a esse sistema, vai aumentar as condi\u00e7\u00f5es para chuva no estado de S\u00e3o Paulo \u2013 saiba mais abaixo. Conforme a Climatempo, a \u00e1rea de baixa press\u00e3o que\u2026","rel":"","context":"In &quot;Not\u00edcias de Ribeir\u00e3o Preto-SP e Regi\u00e3o&quot;","block_context":{"text":"Not\u00edcias de Ribeir\u00e3o Preto-SP e Regi\u00e3o","link":"https:\/\/noticiasribeiraopreto.com.br\/index.php\/category\/noticias-de-ribeirao-preto-sp-e-regiao-ismael-colosi\/"},"img":{"alt_text":"","src":"https:\/\/i0.wp.com\/noticiasribeiraopreto.com.br\/wp-content\/uploads\/2026\/01\/Copia-de-Copia-de-Copia-de-TAMANHO-EXATO-PARA-FOTOS-NO-SISTEMA-NOVO-40_2024-10-24_18-16-41_png_2024-10-24_18-16-41.webp.webp?fit=1200%2C675&ssl=1&resize=350%2C200","width":350,"height":200,"srcset":"https:\/\/i0.wp.com\/noticiasribeiraopreto.com.br\/wp-content\/uploads\/2026\/01\/Copia-de-Copia-de-Copia-de-TAMANHO-EXATO-PARA-FOTOS-NO-SISTEMA-NOVO-40_2024-10-24_18-16-41_png_2024-10-24_18-16-41.webp.webp?fit=1200%2C675&ssl=1&resize=350%2C200 1x, https:\/\/i0.wp.com\/noticiasribeiraopreto.com.br\/wp-content\/uploads\/2026\/01\/Copia-de-Copia-de-Copia-de-TAMANHO-EXATO-PARA-FOTOS-NO-SISTEMA-NOVO-40_2024-10-24_18-16-41_png_2024-10-24_18-16-41.webp.webp?fit=1200%2C675&ssl=1&resize=525%2C300 1.5x, https:\/\/i0.wp.com\/noticiasribeiraopreto.com.br\/wp-content\/uploads\/2026\/01\/Copia-de-Copia-de-Copia-de-TAMANHO-EXATO-PARA-FOTOS-NO-SISTEMA-NOVO-40_2024-10-24_18-16-41_png_2024-10-24_18-16-41.webp.webp?fit=1200%2C675&ssl=1&resize=700%2C400 2x, https:\/\/i0.wp.com\/noticiasribeiraopreto.com.br\/wp-content\/uploads\/2026\/01\/Copia-de-Copia-de-Copia-de-TAMANHO-EXATO-PARA-FOTOS-NO-SISTEMA-NOVO-40_2024-10-24_18-16-41_png_2024-10-24_18-16-41.webp.webp?fit=1200%2C675&ssl=1&resize=1050%2C600 3x"},"classes":[]},{"id":79676,"url":"https:\/\/noticiasribeiraopreto.com.br\/index.php\/2025\/11\/05\/ciclone-e-frente-fria-motivam-alerta-para-tempestades-e-ventania\/","url_meta":{"origin":84213,"position":1},"title":"Ciclone e frente fria motivam alerta para tempestades e ventania","author":"noticiasribeiraopreto.com.br","date":"5 de November de 2025","format":false,"excerpt":"A forma\u00e7\u00e3o de um novo ciclone extratropical, seguido pela forma\u00e7\u00e3o de uma frente fria sobre o Sul do Brasil entre os dias 7 e 8 de novembro, deixa os estados da regi\u00e3o sudeste, incluindo o Estado de S\u00e3o Paulo, em alerta para tempestades e ventania. Segundo a Climatempo, o processo\u2026","rel":"","context":"In &quot;Not\u00edcias de Ribeir\u00e3o Preto-SP e Regi\u00e3o&quot;","block_context":{"text":"Not\u00edcias de Ribeir\u00e3o Preto-SP e Regi\u00e3o","link":"https:\/\/noticiasribeiraopreto.com.br\/index.php\/category\/noticias-de-ribeirao-preto-sp-e-regiao-ismael-colosi\/"},"img":{"alt_text":"","src":"https:\/\/i0.wp.com\/noticiasribeiraopreto.com.br\/wp-content\/uploads\/2025\/11\/tempestade_2025-11-05_18-42-17.webp.webp?fit=1200%2C950&ssl=1&resize=350%2C200","width":350,"height":200,"srcset":"https:\/\/i0.wp.com\/noticiasribeiraopreto.com.br\/wp-content\/uploads\/2025\/11\/tempestade_2025-11-05_18-42-17.webp.webp?fit=1200%2C950&ssl=1&resize=350%2C200 1x, https:\/\/i0.wp.com\/noticiasribeiraopreto.com.br\/wp-content\/uploads\/2025\/11\/tempestade_2025-11-05_18-42-17.webp.webp?fit=1200%2C950&ssl=1&resize=525%2C300 1.5x, https:\/\/i0.wp.com\/noticiasribeiraopreto.com.br\/wp-content\/uploads\/2025\/11\/tempestade_2025-11-05_18-42-17.webp.webp?fit=1200%2C950&ssl=1&resize=700%2C400 2x, https:\/\/i0.wp.com\/noticiasribeiraopreto.com.br\/wp-content\/uploads\/2025\/11\/tempestade_2025-11-05_18-42-17.webp.webp?fit=1200%2C950&ssl=1&resize=1050%2C600 3x"},"classes":[]},{"id":49858,"url":"https:\/\/noticiasribeiraopreto.com.br\/index.php\/2024\/05\/13\/ciclone-extratropical-e-nova-frente-fria-veja-onde-pode-chover-no-interior-de-sp\/","url_meta":{"origin":84213,"position":2},"title":"Ciclone extratropical e nova frente fria: Veja onde pode chover no interior de SP","author":"noticiasribeiraopreto.com.br","date":"13 de May de 2024","format":false,"excerpt":"Uma nova frente fria come\u00e7ou se formar no Sul do Brasil, nesta segunda-feira (13), e deve aliviar o calor\u00e3o que atinge o estado de S\u00e3o Paulo desde o m\u00eas de abril, segundo a meteorologia. A chegada dessa frente fria tem influ\u00eancia de um ciclone extratropical em alto mar que provoca\u2026","rel":"","context":"In &quot;Not\u00edcias de Ribeir\u00e3o Preto-SP e Regi\u00e3o&quot;","block_context":{"text":"Not\u00edcias de Ribeir\u00e3o Preto-SP e Regi\u00e3o","link":"https:\/\/noticiasribeiraopreto.com.br\/index.php\/category\/noticias-de-ribeirao-preto-sp-e-regiao-ismael-colosi\/"},"img":{"alt_text":"","src":"https:\/\/i0.wp.com\/noticiasribeiraopreto.com.br\/wp-content\/uploads\/2024\/05\/chuva_forte_1024x576_06122019161537.jpg?fit=1024%2C575&ssl=1&resize=350%2C200","width":350,"height":200,"srcset":"https:\/\/i0.wp.com\/noticiasribeiraopreto.com.br\/wp-content\/uploads\/2024\/05\/chuva_forte_1024x576_06122019161537.jpg?fit=1024%2C575&ssl=1&resize=350%2C200 1x, https:\/\/i0.wp.com\/noticiasribeiraopreto.com.br\/wp-content\/uploads\/2024\/05\/chuva_forte_1024x576_06122019161537.jpg?fit=1024%2C575&ssl=1&resize=525%2C300 1.5x, https:\/\/i0.wp.com\/noticiasribeiraopreto.com.br\/wp-content\/uploads\/2024\/05\/chuva_forte_1024x576_06122019161537.jpg?fit=1024%2C575&ssl=1&resize=700%2C400 2x"},"classes":[]},{"id":64761,"url":"https:\/\/noticiasribeiraopreto.com.br\/index.php\/2025\/03\/12\/nova-frente-fria-traz-chuva-e-queda-de-temperatura-para-o-estado-de-sp-veja-quando\/","url_meta":{"origin":84213,"position":3},"title":"Nova frente fria traz chuva e queda de temperatura para o estado de SP; Veja quando","author":"noticiasribeiraopreto.com.br","date":"12 de March de 2025","format":false,"excerpt":"Uma nova frente fria dever\u00e1 trazer pancadas de chuva e provocar a queda da temperatura em grande parte do estado de S\u00e3o Paulo nos pr\u00f3ximos dias. Segundo a Meteored, entre o s\u00e1bado (15) e o domingo (16), a frente fria ser\u00e1 impulsionada por um ciclone e ir\u00e1 reorganizar o tempo\u2026","rel":"","context":"In &quot;Not\u00edcias de Ribeir\u00e3o Preto-SP e Regi\u00e3o&quot;","block_context":{"text":"Not\u00edcias de Ribeir\u00e3o Preto-SP e Regi\u00e3o","link":"https:\/\/noticiasribeiraopreto.com.br\/index.php\/category\/noticias-de-ribeirao-preto-sp-e-regiao-ismael-colosi\/"},"img":{"alt_text":"","src":"https:\/\/i0.wp.com\/noticiasribeiraopreto.com.br\/wp-content\/uploads\/2024\/08\/WhatsApp-Image-2024-07-13-at-19.42.17_2024-07-13_22-42-51_jpeg_2024-07-13_22-42-51.webp.webp?fit=1200%2C553&ssl=1&resize=350%2C200","width":350,"height":200,"srcset":"https:\/\/i0.wp.com\/noticiasribeiraopreto.com.br\/wp-content\/uploads\/2024\/08\/WhatsApp-Image-2024-07-13-at-19.42.17_2024-07-13_22-42-51_jpeg_2024-07-13_22-42-51.webp.webp?fit=1200%2C553&ssl=1&resize=350%2C200 1x, https:\/\/i0.wp.com\/noticiasribeiraopreto.com.br\/wp-content\/uploads\/2024\/08\/WhatsApp-Image-2024-07-13-at-19.42.17_2024-07-13_22-42-51_jpeg_2024-07-13_22-42-51.webp.webp?fit=1200%2C553&ssl=1&resize=525%2C300 1.5x, https:\/\/i0.wp.com\/noticiasribeiraopreto.com.br\/wp-content\/uploads\/2024\/08\/WhatsApp-Image-2024-07-13-at-19.42.17_2024-07-13_22-42-51_jpeg_2024-07-13_22-42-51.webp.webp?fit=1200%2C553&ssl=1&resize=700%2C400 2x, https:\/\/i0.wp.com\/noticiasribeiraopreto.com.br\/wp-content\/uploads\/2024\/08\/WhatsApp-Image-2024-07-13-at-19.42.17_2024-07-13_22-42-51_jpeg_2024-07-13_22-42-51.webp.webp?fit=1200%2C553&ssl=1&resize=1050%2C600 3x"},"classes":[]},{"id":82976,"url":"https:\/\/noticiasribeiraopreto.com.br\/index.php\/2026\/03\/05\/frente-fria-com-forca-acima-do-normal-alerta-meteorologista-veja-o-que-esperar\/","url_meta":{"origin":84213,"position":4},"title":"&#8216;Frente fria com for\u00e7a acima do normal&#8217;, alerta meteorologista; Veja o que esperar","author":"noticiasribeiraopreto.com.br","date":"5 de March de 2026","format":false,"excerpt":"A nova frente fria prevista para avan\u00e7ar nos pr\u00f3ximos dias ter\u00e1 for\u00e7a acima do normal para esta \u00e9poca e dever\u00e1 causar grandes mudan\u00e7as no tempo, segundo a meteorologista Jos\u00e9lia Pegorim, da Climatempo. De acordo com a previs\u00e3o, a frente fria dever\u00e1 chegar a S\u00e3o Paulo no pr\u00f3ximo domingo (8) e\u2026","rel":"","context":"In &quot;Not\u00edcias de Ribeir\u00e3o Preto-SP e Regi\u00e3o&quot;","block_context":{"text":"Not\u00edcias de Ribeir\u00e3o Preto-SP e Regi\u00e3o","link":"https:\/\/noticiasribeiraopreto.com.br\/index.php\/category\/noticias-de-ribeirao-preto-sp-e-regiao-ismael-colosi\/"},"img":{"alt_text":"","src":"https:\/\/i0.wp.com\/noticiasribeiraopreto.com.br\/wp-content\/uploads\/2025\/07\/WhatsApp-Image-2024-10-15-at-08.25.28_2024-10-15_11-26-55_jpeg_2024-10-15_11-26-55.webp.webp?fit=1200%2C540&ssl=1&resize=350%2C200","width":350,"height":200,"srcset":"https:\/\/i0.wp.com\/noticiasribeiraopreto.com.br\/wp-content\/uploads\/2025\/07\/WhatsApp-Image-2024-10-15-at-08.25.28_2024-10-15_11-26-55_jpeg_2024-10-15_11-26-55.webp.webp?fit=1200%2C540&ssl=1&resize=350%2C200 1x, https:\/\/i0.wp.com\/noticiasribeiraopreto.com.br\/wp-content\/uploads\/2025\/07\/WhatsApp-Image-2024-10-15-at-08.25.28_2024-10-15_11-26-55_jpeg_2024-10-15_11-26-55.webp.webp?fit=1200%2C540&ssl=1&resize=525%2C300 1.5x, https:\/\/i0.wp.com\/noticiasribeiraopreto.com.br\/wp-content\/uploads\/2025\/07\/WhatsApp-Image-2024-10-15-at-08.25.28_2024-10-15_11-26-55_jpeg_2024-10-15_11-26-55.webp.webp?fit=1200%2C540&ssl=1&resize=700%2C400 2x, https:\/\/i0.wp.com\/noticiasribeiraopreto.com.br\/wp-content\/uploads\/2025\/07\/WhatsApp-Image-2024-10-15-at-08.25.28_2024-10-15_11-26-55_jpeg_2024-10-15_11-26-55.webp.webp?fit=1200%2C540&ssl=1&resize=1050%2C600 3x"},"classes":[]},{"id":60978,"url":"https:\/\/noticiasribeiraopreto.com.br\/index.php\/2024\/11\/30\/veja-quando-chega-ao-estado-de-sp-a-primeira-frente-fria-de-dezembro\/","url_meta":{"origin":84213,"position":5},"title":"Veja quando chega ao estado de SP a primeira frente fria de dezembro","author":"noticiasribeiraopreto.com.br","date":"30 de November de 2024","format":false,"excerpt":"A primeira frente fria de dezembro deve chegar ao Estado de S\u00e3o Paulo at\u00e9 o final da pr\u00f3xima semana, que come\u00e7a neste domingo (1\u00b0). Segundo a Climatempo, a expectativa \u00e9 de que dezembro tenha 4 ou 5 frentes frias. \u201cA primeira frente fria de dezembro de 2024 surge a partir\u2026","rel":"","context":"In &quot;Not\u00edcias de Ribeir\u00e3o Preto-SP e Regi\u00e3o&quot;","block_context":{"text":"Not\u00edcias de Ribeir\u00e3o Preto-SP e Regi\u00e3o","link":"https:\/\/noticiasribeiraopreto.com.br\/index.php\/category\/noticias-de-ribeirao-preto-sp-e-regiao-ismael-colosi\/"},"img":{"alt_text":"","src":"https:\/\/i0.wp.com\/noticiasribeiraopreto.com.br\/wp-content\/uploads\/2024\/11\/Tempo-ribeirao-preto-4_2024-11-30_18-54-05_jpeg_2024-11-30_18-54-05.webp.webp?fit=1200%2C900&ssl=1&resize=350%2C200","width":350,"height":200,"srcset":"https:\/\/i0.wp.com\/noticiasribeiraopreto.com.br\/wp-content\/uploads\/2024\/11\/Tempo-ribeirao-preto-4_2024-11-30_18-54-05_jpeg_2024-11-30_18-54-05.webp.webp?fit=1200%2C900&ssl=1&resize=350%2C200 1x, https:\/\/i0.wp.com\/noticiasribeiraopreto.com.br\/wp-content\/uploads\/2024\/11\/Tempo-ribeirao-preto-4_2024-11-30_18-54-05_jpeg_2024-11-30_18-54-05.webp.webp?fit=1200%2C900&ssl=1&resize=525%2C300 1.5x, https:\/\/i0.wp.com\/noticiasribeiraopreto.com.br\/wp-content\/uploads\/2024\/11\/Tempo-ribeirao-preto-4_2024-11-30_18-54-05_jpeg_2024-11-30_18-54-05.webp.webp?fit=1200%2C900&ssl=1&resize=700%2C400 2x, https:\/\/i0.wp.com\/noticiasribeiraopreto.com.br\/wp-content\/uploads\/2024\/11\/Tempo-ribeirao-preto-4_2024-11-30_18-54-05_jpeg_2024-11-30_18-54-05.webp.webp?fit=1200%2C900&ssl=1&resize=1050%2C600 3x"},"classes":[]}],"jetpack_sharing_enabled":true,"jetpack_shortlink":"https:\/\/wp.me\/peQAOb-lUh","_links":{"self":[{"href":"https:\/\/noticiasribeiraopreto.com.br\/index.php\/wp-json\/wp\/v2\/posts\/84213","targetHints":{"allow":["GET"]}}],"collection":[{"href":"https:\/\/noticiasribeiraopreto.com.br\/index.php\/wp-json\/wp\/v2\/posts"}],"about":[{"href":"https:\/\/noticiasribeiraopreto.com.br\/index.php\/wp-json\/wp\/v2\/types\/post"}],"author":[{"embeddable":true,"href":"https:\/\/noticiasribeiraopreto.com.br\/index.php\/wp-json\/wp\/v2\/users\/1"}],"replies":[{"embeddable":true,"href":"https:\/\/noticiasribeiraopreto.com.br\/index.php\/wp-json\/wp\/v2\/comments?post=84213"}],"version-history":[{"count":0,"href":"https:\/\/noticiasribeiraopreto.com.br\/index.php\/wp-json\/wp\/v2\/posts\/84213\/revisions"}],"wp:featuredmedia":[{"embeddable":true,"href":"https:\/\/noticiasribeiraopreto.com.br\/index.php\/wp-json\/wp\/v2\/media\/84214"}],"wp:attachment":[{"href":"https:\/\/noticiasribeiraopreto.com.br\/index.php\/wp-json\/wp\/v2\/media?parent=84213"}],"wp:term":[{"taxonomy":"category","embeddable":true,"href":"https:\/\/noticiasribeiraopreto.com.br\/index.php\/wp-json\/wp\/v2\/categories?post=84213"},{"taxonomy":"post_tag","embeddable":true,"href":"https:\/\/noticiasribeiraopreto.com.br\/index.php\/wp-json\/wp\/v2\/tags?post=84213"}],"curies":[{"name":"wp","href":"https:\/\/api.w.org\/{rel}","templated":true}]}}