{"id":84215,"date":"2026-04-04T17:34:46","date_gmt":"2026-04-04T20:34:46","guid":{"rendered":"https:\/\/noticiasribeiraopreto.com.br\/index.php\/2026\/04\/04\/comercial-encerra-serie-a4-com-vitoria\/"},"modified":"2026-04-04T17:34:46","modified_gmt":"2026-04-04T20:34:46","slug":"comercial-encerra-serie-a4-com-vitoria","status":"publish","type":"post","link":"https:\/\/noticiasribeiraopreto.com.br\/index.php\/2026\/04\/04\/comercial-encerra-serie-a4-com-vitoria\/","title":{"rendered":"Comercial encerra S\u00e9rie A4 com vit\u00f3ria"},"content":{"rendered":"<div class='code-block code-block-1' style='margin: 8px 0 8px auto; text-align: right; display: block; clear: both;'>\n<p><a href=\"https:\/\/wa.link\/vpicfd\"><img data-recalc-dims=\"1\" class=\"wp-image-4922\" style=\"aspect-ratio: 2.0253164556962027; width: 561px; height: auto;\" src=\"https:\/\/i0.wp.com\/ismaelcolosi.com.br\/wp-content\/uploads\/2023\/11\/grupo-de-empregos-whatsapp-e-facebook-ismael-colosi-vagas.jpg?ssl=1\" alt=\"\" \/><\/a><\/p>\n<!-- \/wp:image -->\n<\/div>\n<p> <br \/>\n<\/p>\n<div>\n<p><em><strong>Por Hugo Luque<\/strong><\/em><\/p>\n<p>O Comercial levou a melhor em sua despedida da S\u00e9rie A4 do Campeonato Paulista, neste s\u00e1bado (4). A equipe derrotou o Tanabi por 2 a 1, no Est\u00e1dio Palma Travassos, pela 15\u00aa e \u00faltima rodada da primeira fase da competi\u00e7\u00e3o.<\/p>\n<p>Sem chances de avan\u00e7ar ao mata-mata ou de cair de divis\u00e3o, o Le\u00e3o do Norte foi a campo mais leve, apenas para encerrar a campanha de forma digna. De virada, Patrick e Felipe Mian garantiram o triunfo alvinegro.<\/p>\n<p>O Tanabi abriu o placar logo aos 13 minutos, com Kennedy. No segundo tempo, tamb\u00e9m aos 13, Patrick empatou da entrada da \u00e1rea. Pouco depois, David parou no travess\u00e3o. Deu tempo, no entanto, de o segundo gol sair, aos 36, dos p\u00e9s de Felipe Mian, que acertou belo chute no canto para confirmar a vit\u00f3ria comercialina.<\/p>\n<p>Ap\u00f3s uma S\u00e9rie A4 que desapontou boa parte da torcida, o Comercial encerrou sua campanha na d\u00e9cima posi\u00e7\u00e3o, com 20 pontos, dois atr\u00e1s do Lemense, \u00faltimo classificado ao mata-mata. Est\u00e3o nas quartas de final Inter de Bebedouro, S\u00e3o Caetano, Penapolense, S\u00e3o-Carlense, Barretos, Taquaritinga, Jacare\u00ed e Lemense.<\/p>\n<p>O clube divulgou que n\u00e3o haver\u00e1 coletiva de imprensa ap\u00f3s a \u00faltima partida do Comercial na quarta divis\u00e3o. A equipe aguarda, agora, a defini\u00e7\u00e3o dos times que participar\u00e3o da Copa Paulista para saber se ter\u00e1 uma vaga no torneio.<\/p>\n<\/div>\n<p><br \/>\n<br \/><a href=\"https:\/\/www.tribunaribeirao.com.br\/comercial-encerra-serie-a4-com-vitoria\/\">Source link <\/a><\/p>\n<!-- CONTENT END 1 -->\n","protected":false},"excerpt":{"rendered":"<p>Por Hugo Luque O Comercial levou a melhor em sua despedida da S\u00e9rie A4 do Campeonato Paulista, neste s\u00e1bado (4). A equipe derrotou o Tanabi&#8230;<\/p>\n","protected":false},"author":1,"featured_media":84216,"comment_status":"open","ping_status":"open","sticky":false,"template":"","format":"standard","meta":{"advanced_seo_description":"","jetpack_seo_html_title":"","jetpack_seo_noindex":false,"jetpack_post_was_ever_published":false,"_jetpack_newsletter_access":"","_jetpack_dont_email_post_to_subs":false,"_jetpack_newsletter_tier_id":0,"_jetpack_memberships_contains_paywalled_content":false,"_jetpack_memberships_contains_paid_content":false,"footnotes":"","jetpack_publicize_message":"","jetpack_publicize_feature_enabled":true,"jetpack_social_post_already_shared":true,"jetpack_social_options":{"image_generator_settings":{"template":"highway","default_image_id":0,"font":"","enabled":false},"version":2}},"categories":[11],"tags":[],"class_list":["post-84215","post","type-post","status-publish","format-standard","has-post-thumbnail","hentry","category-noticias-de-ribeirao-preto-sp-e-regiao-ismael-colosi"],"jetpack_publicize_connections":[],"jetpack_featured_media_url":"https:\/\/i0.wp.com\/noticiasribeiraopreto.com.br\/wp-content\/uploads\/2026\/04\/Comercial-x-Tanabi-Vinicius-Bosak_Divulgacao-scaled.jpeg?fit=1071%2C780&ssl=1","jetpack-related-posts":[{"id":84219,"url":"https:\/\/noticiasribeiraopreto.com.br\/index.php\/2026\/04\/04\/comercial-vence-o-tanabi-na-despedida-do-paulista-da-serie-a4-2026\/","url_meta":{"origin":84215,"position":0},"title":"Comercial vence o Tanabi na despedida do Paulista da S\u00e9rie A4 2026","author":"noticiasribeiraopreto.com.br","date":"4 de April de 2026","format":false,"excerpt":"Ler o resumo da not\u00edcia Comercial vence o Tanabi na despedida do Paulista da S\u00e9rie A4 2026 O Comercial venceu o Tanabi por 2 a 1, na tarde deste s\u00e1bado (4), na despedida do Campeonato Paulista da S\u00e9rie A4 2026. O confronto aconteceu no est\u00e1dio Palma Travassos, em Ribeir\u00e3o Preto.\u2026","rel":"","context":"In &quot;Not\u00edcias de Ribeir\u00e3o Preto-SP e Regi\u00e3o&quot;","block_context":{"text":"Not\u00edcias de Ribeir\u00e3o Preto-SP e Regi\u00e3o","link":"https:\/\/noticiasribeiraopreto.com.br\/index.php\/category\/noticias-de-ribeirao-preto-sp-e-regiao-ismael-colosi\/"},"img":{"alt_text":"","src":"https:\/\/i0.wp.com\/noticiasribeiraopreto.com.br\/wp-content\/uploads\/2026\/04\/comercial-tanabi-4_2026-04-04_20-14-08.webp.webp?fit=1200%2C800&ssl=1&resize=350%2C200","width":350,"height":200,"srcset":"https:\/\/i0.wp.com\/noticiasribeiraopreto.com.br\/wp-content\/uploads\/2026\/04\/comercial-tanabi-4_2026-04-04_20-14-08.webp.webp?fit=1200%2C800&ssl=1&resize=350%2C200 1x, https:\/\/i0.wp.com\/noticiasribeiraopreto.com.br\/wp-content\/uploads\/2026\/04\/comercial-tanabi-4_2026-04-04_20-14-08.webp.webp?fit=1200%2C800&ssl=1&resize=525%2C300 1.5x, https:\/\/i0.wp.com\/noticiasribeiraopreto.com.br\/wp-content\/uploads\/2026\/04\/comercial-tanabi-4_2026-04-04_20-14-08.webp.webp?fit=1200%2C800&ssl=1&resize=700%2C400 2x, https:\/\/i0.wp.com\/noticiasribeiraopreto.com.br\/wp-content\/uploads\/2026\/04\/comercial-tanabi-4_2026-04-04_20-14-08.webp.webp?fit=1200%2C800&ssl=1&resize=1050%2C600 3x"},"classes":[]},{"id":83925,"url":"https:\/\/noticiasribeiraopreto.com.br\/index.php\/2026\/03\/28\/comercial-perde-e-esta-fora-do-mata-mata-da-serie-a4\/","url_meta":{"origin":84215,"position":1},"title":"Comercial perde e est\u00e1 fora do mata-mata da S\u00e9rie A4","author":"noticiasribeiraopreto.com.br","date":"28 de March de 2026","format":false,"excerpt":"\r Le\u00e3o do Norte \u00e9 superado pela Jabaquara e apenas cumprir\u00e1 tabela na \u00faltima rodada\r \r 28 de mar\u00e7o de 2026 17:32 \r Compartilhar2 Por Hugo Luque O Comercial n\u00e3o tem mais chances de chegar ao mata-mata da S\u00e9rie A4 do Campeonato Paulista. O Le\u00e3o do Norte foi superado pelo\u2026","rel":"","context":"In &quot;Not\u00edcias de Ribeir\u00e3o Preto-SP e Regi\u00e3o&quot;","block_context":{"text":"Not\u00edcias de Ribeir\u00e3o Preto-SP e Regi\u00e3o","link":"https:\/\/noticiasribeiraopreto.com.br\/index.php\/category\/noticias-de-ribeirao-preto-sp-e-regiao-ismael-colosi\/"},"img":{"alt_text":"","src":"https:\/\/i0.wp.com\/noticiasribeiraopreto.com.br\/wp-content\/uploads\/2026\/03\/Jabaquara-x-Comercial-Barbara-Pires_Comercial-FC-scaled.jpeg?fit=1169%2C780&ssl=1&resize=350%2C200","width":350,"height":200,"srcset":"https:\/\/i0.wp.com\/noticiasribeiraopreto.com.br\/wp-content\/uploads\/2026\/03\/Jabaquara-x-Comercial-Barbara-Pires_Comercial-FC-scaled.jpeg?fit=1169%2C780&ssl=1&resize=350%2C200 1x, https:\/\/i0.wp.com\/noticiasribeiraopreto.com.br\/wp-content\/uploads\/2026\/03\/Jabaquara-x-Comercial-Barbara-Pires_Comercial-FC-scaled.jpeg?fit=1169%2C780&ssl=1&resize=525%2C300 1.5x, https:\/\/i0.wp.com\/noticiasribeiraopreto.com.br\/wp-content\/uploads\/2026\/03\/Jabaquara-x-Comercial-Barbara-Pires_Comercial-FC-scaled.jpeg?fit=1169%2C780&ssl=1&resize=700%2C400 2x, https:\/\/i0.wp.com\/noticiasribeiraopreto.com.br\/wp-content\/uploads\/2026\/03\/Jabaquara-x-Comercial-Barbara-Pires_Comercial-FC-scaled.jpeg?fit=1169%2C780&ssl=1&resize=1050%2C600 3x"},"classes":[]},{"id":78751,"url":"https:\/\/noticiasribeiraopreto.com.br\/index.php\/2025\/10\/17\/comercial-anuncia-renovacao-de-felipe-mian\/","url_meta":{"origin":84215,"position":2},"title":"Comercial anuncia renova\u00e7\u00e3o de Felipe Mian","author":"noticiasribeiraopreto.com.br","date":"17 de October de 2025","format":false,"excerpt":"Volante de 19 anos assinou novo v\u00ednculo v\u00e1lido at\u00e9 outubro de 2027 17 de outubro de 2025 13:372 Compartilhar1 Por Hugo Luque Ap\u00f3s acertar a perman\u00eancia do t\u00e9cnico Roberval Davino para a disputa da S\u00e9rie A4 do Campeonato Paulista de 2026, o Comercial oficializou, nesta sexta-feira (17), a primeira renova\u00e7\u00e3o\u2026","rel":"","context":"In &quot;Not\u00edcias de Ribeir\u00e3o Preto-SP e Regi\u00e3o&quot;","block_context":{"text":"Not\u00edcias de Ribeir\u00e3o Preto-SP e Regi\u00e3o","link":"https:\/\/noticiasribeiraopreto.com.br\/index.php\/category\/noticias-de-ribeirao-preto-sp-e-regiao-ismael-colosi\/"},"img":{"alt_text":"","src":"https:\/\/i0.wp.com\/noticiasribeiraopreto.com.br\/wp-content\/uploads\/2025\/10\/VOL-Felipe-Mian-Raul-Ramos.jpg?fit=799%2C533&ssl=1&resize=350%2C200","width":350,"height":200,"srcset":"https:\/\/i0.wp.com\/noticiasribeiraopreto.com.br\/wp-content\/uploads\/2025\/10\/VOL-Felipe-Mian-Raul-Ramos.jpg?fit=799%2C533&ssl=1&resize=350%2C200 1x, https:\/\/i0.wp.com\/noticiasribeiraopreto.com.br\/wp-content\/uploads\/2025\/10\/VOL-Felipe-Mian-Raul-Ramos.jpg?fit=799%2C533&ssl=1&resize=525%2C300 1.5x, https:\/\/i0.wp.com\/noticiasribeiraopreto.com.br\/wp-content\/uploads\/2025\/10\/VOL-Felipe-Mian-Raul-Ramos.jpg?fit=799%2C533&ssl=1&resize=700%2C400 2x"},"classes":[]},{"id":83778,"url":"https:\/\/noticiasribeiraopreto.com.br\/index.php\/2026\/03\/25\/comercial-vence-mais-uma-e-sonha-com-classificacao-na-a4\/","url_meta":{"origin":84215,"position":3},"title":"Comercial vence mais uma e sonha com classifica\u00e7\u00e3o na A4","author":"noticiasribeiraopreto.com.br","date":"25 de March de 2026","format":false,"excerpt":"\r Le\u00e3o do Norte bate Inter de Bebedouro e chega a tr\u00eas vit\u00f3rias seguidas\r \r 25 de mar\u00e7o de 2026 22:23 \r Compartilhar1 Por Hugo Luque Aquilo que parecia imposs\u00edvel se torna, a cada rodada, um sonho ao alcance do Comercial. Nesta quarta-feira (25), a equipe deu mais um passo\u2026","rel":"","context":"In &quot;Not\u00edcias de Ribeir\u00e3o Preto-SP e Regi\u00e3o&quot;","block_context":{"text":"Not\u00edcias de Ribeir\u00e3o Preto-SP e Regi\u00e3o","link":"https:\/\/noticiasribeiraopreto.com.br\/index.php\/category\/noticias-de-ribeirao-preto-sp-e-regiao-ismael-colosi\/"},"img":{"alt_text":"","src":"https:\/\/i0.wp.com\/noticiasribeiraopreto.com.br\/wp-content\/uploads\/2026\/03\/1-ZAG-Cristopher-Raul-Ramos-scaled.jpeg?fit=1170%2C780&ssl=1&resize=350%2C200","width":350,"height":200,"srcset":"https:\/\/i0.wp.com\/noticiasribeiraopreto.com.br\/wp-content\/uploads\/2026\/03\/1-ZAG-Cristopher-Raul-Ramos-scaled.jpeg?fit=1170%2C780&ssl=1&resize=350%2C200 1x, https:\/\/i0.wp.com\/noticiasribeiraopreto.com.br\/wp-content\/uploads\/2026\/03\/1-ZAG-Cristopher-Raul-Ramos-scaled.jpeg?fit=1170%2C780&ssl=1&resize=525%2C300 1.5x, https:\/\/i0.wp.com\/noticiasribeiraopreto.com.br\/wp-content\/uploads\/2026\/03\/1-ZAG-Cristopher-Raul-Ramos-scaled.jpeg?fit=1170%2C780&ssl=1&resize=700%2C400 2x, https:\/\/i0.wp.com\/noticiasribeiraopreto.com.br\/wp-content\/uploads\/2026\/03\/1-ZAG-Cristopher-Raul-Ramos-scaled.jpeg?fit=1170%2C780&ssl=1&resize=1050%2C600 3x"},"classes":[]},{"id":82625,"url":"https:\/\/noticiasribeiraopreto.com.br\/index.php\/2026\/02\/21\/comercial-recebe-barretos-pela-serie-a4\/","url_meta":{"origin":84215,"position":4},"title":"Comercial recebe Barretos pela S\u00e9rie A4","author":"noticiasribeiraopreto.com.br","date":"21 de February de 2026","format":false,"excerpt":"\r \r \r 21 de fevereiro de 2026 10:0221 de fevereiro de 2026 01:55 \r Compartilhar0 Por Hugo Luque O Comercial tenta se reerguer na S\u00e9rie A4 do Campeonato Paulista neste s\u00e1bado (21), \u00e0s 15h, no Est\u00e1dio Palma Travassos, contra o Barretos. No cl\u00e1ssico regional, v\u00e1lido pela quinta rodada do\u2026","rel":"","context":"In &quot;Not\u00edcias de Ribeir\u00e3o Preto-SP e Regi\u00e3o&quot;","block_context":{"text":"Not\u00edcias de Ribeir\u00e3o Preto-SP e Regi\u00e3o","link":"https:\/\/noticiasribeiraopreto.com.br\/index.php\/category\/noticias-de-ribeirao-preto-sp-e-regiao-ismael-colosi\/"},"img":{"alt_text":"","src":"https:\/\/i0.wp.com\/noticiasribeiraopreto.com.br\/wp-content\/uploads\/2026\/02\/1-Sao-Carlense-x-Comercial-Barbara-Pires_Comercial-FC-2-scaled.jpeg?fit=1169%2C780&ssl=1&resize=350%2C200","width":350,"height":200,"srcset":"https:\/\/i0.wp.com\/noticiasribeiraopreto.com.br\/wp-content\/uploads\/2026\/02\/1-Sao-Carlense-x-Comercial-Barbara-Pires_Comercial-FC-2-scaled.jpeg?fit=1169%2C780&ssl=1&resize=350%2C200 1x, https:\/\/i0.wp.com\/noticiasribeiraopreto.com.br\/wp-content\/uploads\/2026\/02\/1-Sao-Carlense-x-Comercial-Barbara-Pires_Comercial-FC-2-scaled.jpeg?fit=1169%2C780&ssl=1&resize=525%2C300 1.5x, https:\/\/i0.wp.com\/noticiasribeiraopreto.com.br\/wp-content\/uploads\/2026\/02\/1-Sao-Carlense-x-Comercial-Barbara-Pires_Comercial-FC-2-scaled.jpeg?fit=1169%2C780&ssl=1&resize=700%2C400 2x, https:\/\/i0.wp.com\/noticiasribeiraopreto.com.br\/wp-content\/uploads\/2026\/02\/1-Sao-Carlense-x-Comercial-Barbara-Pires_Comercial-FC-2-scaled.jpeg?fit=1169%2C780&ssl=1&resize=1050%2C600 3x"},"classes":[]},{"id":83050,"url":"https:\/\/noticiasribeiraopreto.com.br\/index.php\/2026\/03\/07\/comercial-vence-a-primeira-em-casa-na-a4\/","url_meta":{"origin":84215,"position":5},"title":"Comercial vence a primeira em casa na A4","author":"noticiasribeiraopreto.com.br","date":"7 de March de 2026","format":false,"excerpt":"\r \r \r Na reestreia de Pinho, Bafo supera lanterna Nacional\r \r 7 de mar\u00e7o de 2026 17:21 \r Compartilhar1 \r Por Hugo LuqueO Comercial enfim venceu sua primeira partida em casa nesta temporada. No Palma Travassos, a equipe superou o Nacional por 2 a 0 neste s\u00e1bado (7), pela\u2026","rel":"","context":"In &quot;Not\u00edcias de Ribeir\u00e3o Preto-SP e Regi\u00e3o&quot;","block_context":{"text":"Not\u00edcias de Ribeir\u00e3o Preto-SP e Regi\u00e3o","link":"https:\/\/noticiasribeiraopreto.com.br\/index.php\/category\/noticias-de-ribeirao-preto-sp-e-regiao-ismael-colosi\/"},"img":{"alt_text":"","src":"https:\/\/i0.wp.com\/noticiasribeiraopreto.com.br\/wp-content\/uploads\/2026\/03\/764ff3d9-b946-4844-add4-c3cd3f5d1535-scaled.jpeg?fit=1169%2C780&ssl=1&resize=350%2C200","width":350,"height":200,"srcset":"https:\/\/i0.wp.com\/noticiasribeiraopreto.com.br\/wp-content\/uploads\/2026\/03\/764ff3d9-b946-4844-add4-c3cd3f5d1535-scaled.jpeg?fit=1169%2C780&ssl=1&resize=350%2C200 1x, https:\/\/i0.wp.com\/noticiasribeiraopreto.com.br\/wp-content\/uploads\/2026\/03\/764ff3d9-b946-4844-add4-c3cd3f5d1535-scaled.jpeg?fit=1169%2C780&ssl=1&resize=525%2C300 1.5x, https:\/\/i0.wp.com\/noticiasribeiraopreto.com.br\/wp-content\/uploads\/2026\/03\/764ff3d9-b946-4844-add4-c3cd3f5d1535-scaled.jpeg?fit=1169%2C780&ssl=1&resize=700%2C400 2x, https:\/\/i0.wp.com\/noticiasribeiraopreto.com.br\/wp-content\/uploads\/2026\/03\/764ff3d9-b946-4844-add4-c3cd3f5d1535-scaled.jpeg?fit=1169%2C780&ssl=1&resize=1050%2C600 3x"},"classes":[]}],"jetpack_sharing_enabled":true,"jetpack_shortlink":"https:\/\/wp.me\/peQAOb-lUj","_links":{"self":[{"href":"https:\/\/noticiasribeiraopreto.com.br\/index.php\/wp-json\/wp\/v2\/posts\/84215","targetHints":{"allow":["GET"]}}],"collection":[{"href":"https:\/\/noticiasribeiraopreto.com.br\/index.php\/wp-json\/wp\/v2\/posts"}],"about":[{"href":"https:\/\/noticiasribeiraopreto.com.br\/index.php\/wp-json\/wp\/v2\/types\/post"}],"author":[{"embeddable":true,"href":"https:\/\/noticiasribeiraopreto.com.br\/index.php\/wp-json\/wp\/v2\/users\/1"}],"replies":[{"embeddable":true,"href":"https:\/\/noticiasribeiraopreto.com.br\/index.php\/wp-json\/wp\/v2\/comments?post=84215"}],"version-history":[{"count":0,"href":"https:\/\/noticiasribeiraopreto.com.br\/index.php\/wp-json\/wp\/v2\/posts\/84215\/revisions"}],"wp:featuredmedia":[{"embeddable":true,"href":"https:\/\/noticiasribeiraopreto.com.br\/index.php\/wp-json\/wp\/v2\/media\/84216"}],"wp:attachment":[{"href":"https:\/\/noticiasribeiraopreto.com.br\/index.php\/wp-json\/wp\/v2\/media?parent=84215"}],"wp:term":[{"taxonomy":"category","embeddable":true,"href":"https:\/\/noticiasribeiraopreto.com.br\/index.php\/wp-json\/wp\/v2\/categories?post=84215"},{"taxonomy":"post_tag","embeddable":true,"href":"https:\/\/noticiasribeiraopreto.com.br\/index.php\/wp-json\/wp\/v2\/tags?post=84215"}],"curies":[{"name":"wp","href":"https:\/\/api.w.org\/{rel}","templated":true}]}}