{"id":84219,"date":"2026-04-04T19:03:49","date_gmt":"2026-04-04T22:03:49","guid":{"rendered":"https:\/\/noticiasribeiraopreto.com.br\/index.php\/2026\/04\/04\/comercial-vence-o-tanabi-na-despedida-do-paulista-da-serie-a4-2026\/"},"modified":"2026-04-04T19:03:49","modified_gmt":"2026-04-04T22:03:49","slug":"comercial-vence-o-tanabi-na-despedida-do-paulista-da-serie-a4-2026","status":"publish","type":"post","link":"https:\/\/noticiasribeiraopreto.com.br\/index.php\/2026\/04\/04\/comercial-vence-o-tanabi-na-despedida-do-paulista-da-serie-a4-2026\/","title":{"rendered":"Comercial vence o Tanabi na despedida do Paulista da S\u00e9rie A4 2026"},"content":{"rendered":"<div class='code-block code-block-1' style='margin: 8px 0 8px auto; text-align: right; display: block; clear: both;'>\n<p><a href=\"https:\/\/wa.link\/vpicfd\"><img data-recalc-dims=\"1\" class=\"wp-image-4922\" style=\"aspect-ratio: 2.0253164556962027; width: 561px; height: auto;\" src=\"https:\/\/i0.wp.com\/ismaelcolosi.com.br\/wp-content\/uploads\/2023\/11\/grupo-de-empregos-whatsapp-e-facebook-ismael-colosi-vagas.jpg?ssl=1\" alt=\"\" \/><\/a><\/p>\n<!-- \/wp:image -->\n<\/div>\n<p> <br \/>\n<\/p>\n<div id=\"dsoaudio\">\n<div class=\"oknexcerpt resumo-noticia\">\n\t\t\t\t\t\t\t<button class=\"resumo-noticia__btn\" aria-expanded=\"false\" aria-controls=\"resumo-noticia-content\"><br \/>\n\t\t\t\t\t\t\t\t<span class=\"resumo-noticia__btn-text\">Ler o resumo da not\u00edcia<\/span><br \/>\n\t\t\t\t\t\t\t\t<svg xmlns=\"http:\/\/www.w3.org\/2000\/svg\" class=\"resumo-noticia__btn-icon\" width=\"24\" height=\"24\" viewbox=\"0 0 24 24\" fill=\"none\">\n\t\t\t\t\t\t\t\t\t<path d=\"M7.41 8.59L12 13.17L16.59 8.59L18 10L12 16L6 10L7.41 8.59Z\" fill=\"#196AA9\"\/>\n\t\t\t\t\t\t\t\t<\/svg><br \/>\n\t\t\t\t\t\t\t<\/button><\/p>\n<div class=\"resumo-noticia__content\" id=\"resumo-noticia-content\" style=\"max-height: 0px;\">\n<div class=\"resumo-noticia__content-inner\">\n<ul>\n<li>Comercial vence o Tanabi na despedida do Paulista da S\u00e9rie A4 2026<\/li>\n<li>O Comercial venceu o Tanabi por 2 a 1, na tarde deste s\u00e1bado (4), na despedida do Campeonato Paulista da S\u00e9rie A4 2026. O confronto aconteceu no est\u00e1dio Palma Travassos, em Ribeir\u00e3o Preto. Classifica\u00e7\u00e3o final<\/li>\n<li>Com o resultado, o Comercial terminou a primeira fase na 10\u00aa coloca\u00e7\u00e3o, com 20 pontos. Os gols<\/li>\n<li>O Tanabi abriu o placar aos 13 minutos do primeiro tempo com Kennedy. O empate do Le\u00e3o do Norte veio aos 13 minutos da segunda etapa com Patrick. J\u00e1 a virada veio aos 36 minutos do segundo tempo, com Felipe Mian. Foto: Vin\u00edcius Bosak \/ Divulga\u00e7\u00e3o<\/li>\n<li>Foto: Vin\u00edcius Bosak \/ Divulga\u00e7\u00e3o<\/li>\n<li>Foto: Vin\u00edcius Bosak \/ Divulga\u00e7\u00e3o<\/li>\n<li>Foto: Vin\u00edcius Bosak \/ Divulga\u00e7\u00e3o<\/li>\n<li>Foto: Vin\u00edcius Bosak \/ Divulga\u00e7\u00e3o<\/li>\n<li>SAIBA MAISParques de Ribeir\u00e3o Preto t\u00eam mudan\u00e7as no hor\u00e1rio neste fim de semana<\/li>\n<li>FIQUE ON<\/li>\n<li>Fique ligado em tudo que acontece em Ribeir\u00e3o Preto e regi\u00e3o. Siga os perfis do\u00a0acidade on\u00a0no\u00a0Instagram\u00a0e no\u00a0Facebook. Receba not\u00edcias do\u00a0acidade on\u00a0no WhatsApp. Fa\u00e7a uma den\u00fancia ou sugira uma reportagem sobre Ribeir\u00e3o Preto e regi\u00e3o pelo WhatsApp: 16 99117 7802.<\/li>\n<\/ul><\/div>\n<\/p><\/div>\n<\/p><\/div>\n<p><button type=\"button\" title=\"Salvar mat\u00e9ria\" class=\"dso bookmark-injection bookmark-save\"><br \/>\n        <svg xmlns=\"http:\/\/www.w3.org\/2000\/svg\" width=\"20\" height=\"24\" viewbox=\"0 0 20 24\" fill=\"none\">\n            <path d=\"M1 23V1H19V23L10 15.6667L1 23Z\" stroke=\"black\" stroke-width=\"1.3\" stroke-linejoin=\"round\"\/>\n        <\/svg><br \/>\n    <\/button> <\/p>\n<p>O <strong>Comercial<\/strong> venceu o<strong> Tanabi <\/strong>por 2 a 1, na tarde deste s\u00e1bado (4), na despedida do <strong>Campeonato Paulista da S\u00e9rie A4 2026<\/strong>. O confronto aconteceu no <strong>est\u00e1dio Palma Travassos<\/strong>, em <strong>Ribeir\u00e3o Preto<\/strong>.<\/p>\n<h2 class=\"wp-block-heading\"><strong>Classifica\u00e7\u00e3o final<\/strong><\/h2>\n<p>Com o resultado, o Comercial terminou a primeira fase na 10\u00aa coloca\u00e7\u00e3o, com 20 pontos. O Tanabi foi o 11\u00ba, com 18 pontos. As duas equipes chegaram na \u00faltima rodada sem chances de classifica\u00e7\u00e3o.<\/p>\n<h2 class=\"wp-block-heading\"><strong>Os gols<\/strong><\/h2>\n<p>O Tanabi abriu o placar aos 13 minutos do primeiro tempo com Kennedy. O empate do Le\u00e3o do Norte veio aos 13 minutos da segunda etapa com Patrick. J\u00e1 a virada veio aos 36 minutos do segundo tempo, com Felipe Mian.<\/p>\n<figure class=\"wp-block-gallery has-nested-images columns-default is-cropped wp-block-gallery-1 is-layout-flex wp-block-gallery-is-layout-flex\">\n<figure class=\"wp-block-image size-large\"><img data-recalc-dims=\"1\" loading=\"lazy\" decoding=\"async\" width=\"1024\" height=\"683\" data-id=\"151204\" alt=\"comercial tanabi 2 2026 04 04 20 15 35\" class=\"wp-image-151204\" title=\"Comercial vence o Tanabi na despedida do Paulista da S\u00e9rie A4 2026 1\" srcset=\"https:\/\/www.acidadeon.com\/ribeiraopreto\/wp-content\/uploads\/sites\/3\/2026\/04\/comercial-tanabi-2_2026-04-04_20-15-35-1024x683.webp 1024w, https:\/\/www.acidadeon.com\/ribeiraopreto\/wp-content\/uploads\/sites\/3\/2026\/04\/comercial-tanabi-2_2026-04-04_20-15-35-300x200.webp 300w, https:\/\/www.acidadeon.com\/ribeiraopreto\/wp-content\/uploads\/sites\/3\/2026\/04\/comercial-tanabi-2_2026-04-04_20-15-35-768x512.webp 768w, https:\/\/www.acidadeon.com\/ribeiraopreto\/wp-content\/uploads\/sites\/3\/2026\/04\/comercial-tanabi-2_2026-04-04_20-15-35-400x267.webp 400w, https:\/\/www.acidadeon.com\/ribeiraopreto\/wp-content\/uploads\/sites\/3\/2026\/04\/comercial-tanabi-2_2026-04-04_20-15-35-150x100.webp 150w, https:\/\/www.acidadeon.com\/ribeiraopreto\/wp-content\/uploads\/sites\/3\/2026\/04\/comercial-tanabi-2_2026-04-04_20-15-35.webp 1200w\" data-lazy-sizes=\"(max-width: 1024px) 100vw, 1024px\" src=\"https:\/\/i0.wp.com\/www.acidadeon.com\/ribeiraopreto\/wp-content\/uploads\/sites\/3\/2026\/04\/comercial-tanabi-2_2026-04-04_20-15-35-1024x683.webp?resize=1024%2C683&#038;ssl=1\"\/><img data-recalc-dims=\"1\" loading=\"lazy\" decoding=\"async\" width=\"1024\" height=\"683\" data-id=\"151204\" src=\"https:\/\/i0.wp.com\/www.acidadeon.com\/ribeiraopreto\/wp-content\/uploads\/sites\/3\/2026\/04\/comercial-tanabi-2_2026-04-04_20-15-35-1024x683.webp?resize=1024%2C683&#038;ssl=1\" alt=\"comercial tanabi 2 2026 04 04 20 15 35\" class=\"wp-image-151204\" title=\"Comercial vence o Tanabi na despedida do Paulista da S\u00e9rie A4 2026 1\" srcset=\"https:\/\/www.acidadeon.com\/ribeiraopreto\/wp-content\/uploads\/sites\/3\/2026\/04\/comercial-tanabi-2_2026-04-04_20-15-35-1024x683.webp 1024w, https:\/\/www.acidadeon.com\/ribeiraopreto\/wp-content\/uploads\/sites\/3\/2026\/04\/comercial-tanabi-2_2026-04-04_20-15-35-300x200.webp 300w, https:\/\/www.acidadeon.com\/ribeiraopreto\/wp-content\/uploads\/sites\/3\/2026\/04\/comercial-tanabi-2_2026-04-04_20-15-35-768x512.webp 768w, https:\/\/www.acidadeon.com\/ribeiraopreto\/wp-content\/uploads\/sites\/3\/2026\/04\/comercial-tanabi-2_2026-04-04_20-15-35-400x267.webp 400w, https:\/\/www.acidadeon.com\/ribeiraopreto\/wp-content\/uploads\/sites\/3\/2026\/04\/comercial-tanabi-2_2026-04-04_20-15-35-150x100.webp 150w, https:\/\/www.acidadeon.com\/ribeiraopreto\/wp-content\/uploads\/sites\/3\/2026\/04\/comercial-tanabi-2_2026-04-04_20-15-35.webp 1200w\" sizes=\"auto, (max-width: 1024px) 100vw, 1024px\"\/><\/figure>\n<figure class=\"wp-block-image size-large\"><img data-recalc-dims=\"1\" loading=\"lazy\" decoding=\"async\" width=\"1024\" height=\"683\" data-id=\"151203\" alt=\"comercial tanabi 3 2026 04 04 20 15 35\" class=\"wp-image-151203\" title=\"Comercial vence o Tanabi na despedida do Paulista da S\u00e9rie A4 2026 2\" srcset=\"https:\/\/www.acidadeon.com\/ribeiraopreto\/wp-content\/uploads\/sites\/3\/2026\/04\/comercial-tanabi-3_2026-04-04_20-15-35-1024x683.webp 1024w, https:\/\/www.acidadeon.com\/ribeiraopreto\/wp-content\/uploads\/sites\/3\/2026\/04\/comercial-tanabi-3_2026-04-04_20-15-35-300x200.webp 300w, https:\/\/www.acidadeon.com\/ribeiraopreto\/wp-content\/uploads\/sites\/3\/2026\/04\/comercial-tanabi-3_2026-04-04_20-15-35-768x512.webp 768w, https:\/\/www.acidadeon.com\/ribeiraopreto\/wp-content\/uploads\/sites\/3\/2026\/04\/comercial-tanabi-3_2026-04-04_20-15-35-400x267.webp 400w, https:\/\/www.acidadeon.com\/ribeiraopreto\/wp-content\/uploads\/sites\/3\/2026\/04\/comercial-tanabi-3_2026-04-04_20-15-35-150x100.webp 150w, https:\/\/www.acidadeon.com\/ribeiraopreto\/wp-content\/uploads\/sites\/3\/2026\/04\/comercial-tanabi-3_2026-04-04_20-15-35.webp 1200w\" data-lazy-sizes=\"(max-width: 1024px) 100vw, 1024px\" src=\"https:\/\/i0.wp.com\/www.acidadeon.com\/ribeiraopreto\/wp-content\/uploads\/sites\/3\/2026\/04\/comercial-tanabi-3_2026-04-04_20-15-35-1024x683.webp?resize=1024%2C683&#038;ssl=1\"\/><img data-recalc-dims=\"1\" loading=\"lazy\" decoding=\"async\" width=\"1024\" height=\"683\" data-id=\"151203\" src=\"https:\/\/i0.wp.com\/www.acidadeon.com\/ribeiraopreto\/wp-content\/uploads\/sites\/3\/2026\/04\/comercial-tanabi-3_2026-04-04_20-15-35-1024x683.webp?resize=1024%2C683&#038;ssl=1\" alt=\"comercial tanabi 3 2026 04 04 20 15 35\" class=\"wp-image-151203\" title=\"Comercial vence o Tanabi na despedida do Paulista da S\u00e9rie A4 2026 2\" srcset=\"https:\/\/www.acidadeon.com\/ribeiraopreto\/wp-content\/uploads\/sites\/3\/2026\/04\/comercial-tanabi-3_2026-04-04_20-15-35-1024x683.webp 1024w, https:\/\/www.acidadeon.com\/ribeiraopreto\/wp-content\/uploads\/sites\/3\/2026\/04\/comercial-tanabi-3_2026-04-04_20-15-35-300x200.webp 300w, https:\/\/www.acidadeon.com\/ribeiraopreto\/wp-content\/uploads\/sites\/3\/2026\/04\/comercial-tanabi-3_2026-04-04_20-15-35-768x512.webp 768w, https:\/\/www.acidadeon.com\/ribeiraopreto\/wp-content\/uploads\/sites\/3\/2026\/04\/comercial-tanabi-3_2026-04-04_20-15-35-400x267.webp 400w, https:\/\/www.acidadeon.com\/ribeiraopreto\/wp-content\/uploads\/sites\/3\/2026\/04\/comercial-tanabi-3_2026-04-04_20-15-35-150x100.webp 150w, https:\/\/www.acidadeon.com\/ribeiraopreto\/wp-content\/uploads\/sites\/3\/2026\/04\/comercial-tanabi-3_2026-04-04_20-15-35.webp 1200w\" sizes=\"auto, (max-width: 1024px) 100vw, 1024px\"\/><figcaption class=\"wp-element-caption\">Foto: Vin\u00edcius Bosak \/ Divulga\u00e7\u00e3o<\/figcaption><\/figure>\n<figure class=\"wp-block-image size-large\"><img data-recalc-dims=\"1\" loading=\"lazy\" decoding=\"async\" width=\"1024\" height=\"683\" data-id=\"151205\" alt=\"comercial tanabi 4 2026 04 04 20 15 35\" class=\"wp-image-151205\" title=\"Comercial vence o Tanabi na despedida do Paulista da S\u00e9rie A4 2026 3\" srcset=\"https:\/\/www.acidadeon.com\/ribeiraopreto\/wp-content\/uploads\/sites\/3\/2026\/04\/comercial-tanabi-4_2026-04-04_20-15-35-1024x683.webp 1024w, https:\/\/www.acidadeon.com\/ribeiraopreto\/wp-content\/uploads\/sites\/3\/2026\/04\/comercial-tanabi-4_2026-04-04_20-15-35-300x200.webp 300w, https:\/\/www.acidadeon.com\/ribeiraopreto\/wp-content\/uploads\/sites\/3\/2026\/04\/comercial-tanabi-4_2026-04-04_20-15-35-768x512.webp 768w, https:\/\/www.acidadeon.com\/ribeiraopreto\/wp-content\/uploads\/sites\/3\/2026\/04\/comercial-tanabi-4_2026-04-04_20-15-35-400x267.webp 400w, https:\/\/www.acidadeon.com\/ribeiraopreto\/wp-content\/uploads\/sites\/3\/2026\/04\/comercial-tanabi-4_2026-04-04_20-15-35-150x100.webp 150w, https:\/\/www.acidadeon.com\/ribeiraopreto\/wp-content\/uploads\/sites\/3\/2026\/04\/comercial-tanabi-4_2026-04-04_20-15-35.webp 1200w\" data-lazy-sizes=\"(max-width: 1024px) 100vw, 1024px\" src=\"https:\/\/i0.wp.com\/www.acidadeon.com\/ribeiraopreto\/wp-content\/uploads\/sites\/3\/2026\/04\/comercial-tanabi-4_2026-04-04_20-15-35-1024x683.webp?resize=1024%2C683&#038;ssl=1\"\/><img data-recalc-dims=\"1\" loading=\"lazy\" decoding=\"async\" width=\"1024\" height=\"683\" data-id=\"151205\" src=\"https:\/\/i0.wp.com\/www.acidadeon.com\/ribeiraopreto\/wp-content\/uploads\/sites\/3\/2026\/04\/comercial-tanabi-4_2026-04-04_20-15-35-1024x683.webp?resize=1024%2C683&#038;ssl=1\" alt=\"comercial tanabi 4 2026 04 04 20 15 35\" class=\"wp-image-151205\" title=\"Comercial vence o Tanabi na despedida do Paulista da S\u00e9rie A4 2026 3\" srcset=\"https:\/\/www.acidadeon.com\/ribeiraopreto\/wp-content\/uploads\/sites\/3\/2026\/04\/comercial-tanabi-4_2026-04-04_20-15-35-1024x683.webp 1024w, https:\/\/www.acidadeon.com\/ribeiraopreto\/wp-content\/uploads\/sites\/3\/2026\/04\/comercial-tanabi-4_2026-04-04_20-15-35-300x200.webp 300w, https:\/\/www.acidadeon.com\/ribeiraopreto\/wp-content\/uploads\/sites\/3\/2026\/04\/comercial-tanabi-4_2026-04-04_20-15-35-768x512.webp 768w, https:\/\/www.acidadeon.com\/ribeiraopreto\/wp-content\/uploads\/sites\/3\/2026\/04\/comercial-tanabi-4_2026-04-04_20-15-35-400x267.webp 400w, https:\/\/www.acidadeon.com\/ribeiraopreto\/wp-content\/uploads\/sites\/3\/2026\/04\/comercial-tanabi-4_2026-04-04_20-15-35-150x100.webp 150w, https:\/\/www.acidadeon.com\/ribeiraopreto\/wp-content\/uploads\/sites\/3\/2026\/04\/comercial-tanabi-4_2026-04-04_20-15-35.webp 1200w\" sizes=\"auto, (max-width: 1024px) 100vw, 1024px\"\/><figcaption class=\"wp-element-caption\">Foto: Vin\u00edcius Bosak \/ Divulga\u00e7\u00e3o<\/figcaption><\/figure>\n<figure class=\"wp-block-image size-large\"><img data-recalc-dims=\"1\" loading=\"lazy\" decoding=\"async\" width=\"1024\" height=\"683\" data-id=\"151208\" alt=\"comercial tanabi 5 2026 04 04 20 15 36\" class=\"wp-image-151208\" title=\"Comercial vence o Tanabi na despedida do Paulista da S\u00e9rie A4 2026 4\" srcset=\"https:\/\/www.acidadeon.com\/ribeiraopreto\/wp-content\/uploads\/sites\/3\/2026\/04\/comercial-tanabi-5_2026-04-04_20-15-36-1024x683.webp 1024w, https:\/\/www.acidadeon.com\/ribeiraopreto\/wp-content\/uploads\/sites\/3\/2026\/04\/comercial-tanabi-5_2026-04-04_20-15-36-300x200.webp 300w, https:\/\/www.acidadeon.com\/ribeiraopreto\/wp-content\/uploads\/sites\/3\/2026\/04\/comercial-tanabi-5_2026-04-04_20-15-36-768x512.webp 768w, https:\/\/www.acidadeon.com\/ribeiraopreto\/wp-content\/uploads\/sites\/3\/2026\/04\/comercial-tanabi-5_2026-04-04_20-15-36-400x267.webp 400w, https:\/\/www.acidadeon.com\/ribeiraopreto\/wp-content\/uploads\/sites\/3\/2026\/04\/comercial-tanabi-5_2026-04-04_20-15-36-150x100.webp 150w, https:\/\/www.acidadeon.com\/ribeiraopreto\/wp-content\/uploads\/sites\/3\/2026\/04\/comercial-tanabi-5_2026-04-04_20-15-36.webp 1200w\" data-lazy-sizes=\"(max-width: 1024px) 100vw, 1024px\" src=\"https:\/\/i0.wp.com\/www.acidadeon.com\/ribeiraopreto\/wp-content\/uploads\/sites\/3\/2026\/04\/comercial-tanabi-5_2026-04-04_20-15-36-1024x683.webp?resize=1024%2C683&#038;ssl=1\"\/><img data-recalc-dims=\"1\" loading=\"lazy\" decoding=\"async\" width=\"1024\" height=\"683\" data-id=\"151208\" src=\"https:\/\/i0.wp.com\/www.acidadeon.com\/ribeiraopreto\/wp-content\/uploads\/sites\/3\/2026\/04\/comercial-tanabi-5_2026-04-04_20-15-36-1024x683.webp?resize=1024%2C683&#038;ssl=1\" alt=\"comercial tanabi 5 2026 04 04 20 15 36\" class=\"wp-image-151208\" title=\"Comercial vence o Tanabi na despedida do Paulista da S\u00e9rie A4 2026 4\" srcset=\"https:\/\/www.acidadeon.com\/ribeiraopreto\/wp-content\/uploads\/sites\/3\/2026\/04\/comercial-tanabi-5_2026-04-04_20-15-36-1024x683.webp 1024w, https:\/\/www.acidadeon.com\/ribeiraopreto\/wp-content\/uploads\/sites\/3\/2026\/04\/comercial-tanabi-5_2026-04-04_20-15-36-300x200.webp 300w, https:\/\/www.acidadeon.com\/ribeiraopreto\/wp-content\/uploads\/sites\/3\/2026\/04\/comercial-tanabi-5_2026-04-04_20-15-36-768x512.webp 768w, https:\/\/www.acidadeon.com\/ribeiraopreto\/wp-content\/uploads\/sites\/3\/2026\/04\/comercial-tanabi-5_2026-04-04_20-15-36-400x267.webp 400w, https:\/\/www.acidadeon.com\/ribeiraopreto\/wp-content\/uploads\/sites\/3\/2026\/04\/comercial-tanabi-5_2026-04-04_20-15-36-150x100.webp 150w, https:\/\/www.acidadeon.com\/ribeiraopreto\/wp-content\/uploads\/sites\/3\/2026\/04\/comercial-tanabi-5_2026-04-04_20-15-36.webp 1200w\" sizes=\"auto, (max-width: 1024px) 100vw, 1024px\"\/><figcaption class=\"wp-element-caption\">Foto: Vin\u00edcius Bosak \/ Divulga\u00e7\u00e3o<\/figcaption><\/figure>\n<figure class=\"wp-block-image size-large\"><img data-recalc-dims=\"1\" loading=\"lazy\" decoding=\"async\" width=\"1024\" height=\"683\" data-id=\"151207\" alt=\"comercial tanabi 6 2026 04 04 20 15 36\" class=\"wp-image-151207\" title=\"Comercial vence o Tanabi na despedida do Paulista da S\u00e9rie A4 2026 5\" srcset=\"https:\/\/www.acidadeon.com\/ribeiraopreto\/wp-content\/uploads\/sites\/3\/2026\/04\/comercial-tanabi-6_2026-04-04_20-15-36-1024x683.webp 1024w, https:\/\/www.acidadeon.com\/ribeiraopreto\/wp-content\/uploads\/sites\/3\/2026\/04\/comercial-tanabi-6_2026-04-04_20-15-36-300x200.webp 300w, https:\/\/www.acidadeon.com\/ribeiraopreto\/wp-content\/uploads\/sites\/3\/2026\/04\/comercial-tanabi-6_2026-04-04_20-15-36-768x512.webp 768w, https:\/\/www.acidadeon.com\/ribeiraopreto\/wp-content\/uploads\/sites\/3\/2026\/04\/comercial-tanabi-6_2026-04-04_20-15-36-400x267.webp 400w, https:\/\/www.acidadeon.com\/ribeiraopreto\/wp-content\/uploads\/sites\/3\/2026\/04\/comercial-tanabi-6_2026-04-04_20-15-36-150x100.webp 150w, https:\/\/www.acidadeon.com\/ribeiraopreto\/wp-content\/uploads\/sites\/3\/2026\/04\/comercial-tanabi-6_2026-04-04_20-15-36.webp 1200w\" data-lazy-sizes=\"(max-width: 1024px) 100vw, 1024px\" src=\"https:\/\/i0.wp.com\/www.acidadeon.com\/ribeiraopreto\/wp-content\/uploads\/sites\/3\/2026\/04\/comercial-tanabi-6_2026-04-04_20-15-36-1024x683.webp?resize=1024%2C683&#038;ssl=1\"\/><img data-recalc-dims=\"1\" loading=\"lazy\" decoding=\"async\" width=\"1024\" height=\"683\" data-id=\"151207\" src=\"https:\/\/i0.wp.com\/www.acidadeon.com\/ribeiraopreto\/wp-content\/uploads\/sites\/3\/2026\/04\/comercial-tanabi-6_2026-04-04_20-15-36-1024x683.webp?resize=1024%2C683&#038;ssl=1\" alt=\"comercial tanabi 6 2026 04 04 20 15 36\" class=\"wp-image-151207\" title=\"Comercial vence o Tanabi na despedida do Paulista da S\u00e9rie A4 2026 5\" srcset=\"https:\/\/www.acidadeon.com\/ribeiraopreto\/wp-content\/uploads\/sites\/3\/2026\/04\/comercial-tanabi-6_2026-04-04_20-15-36-1024x683.webp 1024w, https:\/\/www.acidadeon.com\/ribeiraopreto\/wp-content\/uploads\/sites\/3\/2026\/04\/comercial-tanabi-6_2026-04-04_20-15-36-300x200.webp 300w, https:\/\/www.acidadeon.com\/ribeiraopreto\/wp-content\/uploads\/sites\/3\/2026\/04\/comercial-tanabi-6_2026-04-04_20-15-36-768x512.webp 768w, https:\/\/www.acidadeon.com\/ribeiraopreto\/wp-content\/uploads\/sites\/3\/2026\/04\/comercial-tanabi-6_2026-04-04_20-15-36-400x267.webp 400w, https:\/\/www.acidadeon.com\/ribeiraopreto\/wp-content\/uploads\/sites\/3\/2026\/04\/comercial-tanabi-6_2026-04-04_20-15-36-150x100.webp 150w, https:\/\/www.acidadeon.com\/ribeiraopreto\/wp-content\/uploads\/sites\/3\/2026\/04\/comercial-tanabi-6_2026-04-04_20-15-36.webp 1200w\" sizes=\"auto, (max-width: 1024px) 100vw, 1024px\"\/><figcaption class=\"wp-element-caption\">Foto: Vin\u00edcius Bosak \/ Divulga\u00e7\u00e3o<\/figcaption><\/figure>\n<figure class=\"wp-block-image size-large\"><img data-recalc-dims=\"1\" loading=\"lazy\" decoding=\"async\" width=\"1024\" height=\"683\" data-id=\"151206\" alt=\"comercial tanabi 1 2026 04 04 20 15 35\" class=\"wp-image-151206\" title=\"Comercial vence o Tanabi na despedida do Paulista da S\u00e9rie A4 2026 6\" srcset=\"https:\/\/www.acidadeon.com\/ribeiraopreto\/wp-content\/uploads\/sites\/3\/2026\/04\/comercial-tanabi-1_2026-04-04_20-15-35-1024x683.webp 1024w, https:\/\/www.acidadeon.com\/ribeiraopreto\/wp-content\/uploads\/sites\/3\/2026\/04\/comercial-tanabi-1_2026-04-04_20-15-35-300x200.webp 300w, https:\/\/www.acidadeon.com\/ribeiraopreto\/wp-content\/uploads\/sites\/3\/2026\/04\/comercial-tanabi-1_2026-04-04_20-15-35-768x512.webp 768w, https:\/\/www.acidadeon.com\/ribeiraopreto\/wp-content\/uploads\/sites\/3\/2026\/04\/comercial-tanabi-1_2026-04-04_20-15-35-400x267.webp 400w, https:\/\/www.acidadeon.com\/ribeiraopreto\/wp-content\/uploads\/sites\/3\/2026\/04\/comercial-tanabi-1_2026-04-04_20-15-35-150x100.webp 150w, https:\/\/www.acidadeon.com\/ribeiraopreto\/wp-content\/uploads\/sites\/3\/2026\/04\/comercial-tanabi-1_2026-04-04_20-15-35.webp 1200w\" data-lazy-sizes=\"(max-width: 1024px) 100vw, 1024px\" src=\"https:\/\/i0.wp.com\/www.acidadeon.com\/ribeiraopreto\/wp-content\/uploads\/sites\/3\/2026\/04\/comercial-tanabi-1_2026-04-04_20-15-35-1024x683.webp?resize=1024%2C683&#038;ssl=1\"\/><img data-recalc-dims=\"1\" loading=\"lazy\" decoding=\"async\" width=\"1024\" height=\"683\" data-id=\"151206\" src=\"https:\/\/i0.wp.com\/www.acidadeon.com\/ribeiraopreto\/wp-content\/uploads\/sites\/3\/2026\/04\/comercial-tanabi-1_2026-04-04_20-15-35-1024x683.webp?resize=1024%2C683&#038;ssl=1\" alt=\"comercial tanabi 1 2026 04 04 20 15 35\" class=\"wp-image-151206\" title=\"Comercial vence o Tanabi na despedida do Paulista da S\u00e9rie A4 2026 6\" srcset=\"https:\/\/www.acidadeon.com\/ribeiraopreto\/wp-content\/uploads\/sites\/3\/2026\/04\/comercial-tanabi-1_2026-04-04_20-15-35-1024x683.webp 1024w, https:\/\/www.acidadeon.com\/ribeiraopreto\/wp-content\/uploads\/sites\/3\/2026\/04\/comercial-tanabi-1_2026-04-04_20-15-35-300x200.webp 300w, https:\/\/www.acidadeon.com\/ribeiraopreto\/wp-content\/uploads\/sites\/3\/2026\/04\/comercial-tanabi-1_2026-04-04_20-15-35-768x512.webp 768w, https:\/\/www.acidadeon.com\/ribeiraopreto\/wp-content\/uploads\/sites\/3\/2026\/04\/comercial-tanabi-1_2026-04-04_20-15-35-400x267.webp 400w, https:\/\/www.acidadeon.com\/ribeiraopreto\/wp-content\/uploads\/sites\/3\/2026\/04\/comercial-tanabi-1_2026-04-04_20-15-35-150x100.webp 150w, https:\/\/www.acidadeon.com\/ribeiraopreto\/wp-content\/uploads\/sites\/3\/2026\/04\/comercial-tanabi-1_2026-04-04_20-15-35.webp 1200w\" sizes=\"auto, (max-width: 1024px) 100vw, 1024px\"\/><figcaption class=\"wp-element-caption\">Foto: Vin\u00edcius Bosak \/ Divulga\u00e7\u00e3o<\/figcaption><\/figure>\n<\/figure>\n<p>SAIBA MAIS<br \/>Parques de Ribeir\u00e3o Preto t\u00eam mudan\u00e7as no hor\u00e1rio neste fim de semana<\/p>\n<h2 class=\"wp-block-heading\"><strong>FIQUE ON<\/strong><\/h2>\n<p>Fique ligado em tudo que acontece em Ribeir\u00e3o Preto e regi\u00e3o. Siga os perfis do\u00a0<strong>acidade on\u00a0<\/strong>no<a href=\"https:\/\/www.instagram.com\/acidadeonribeirao\/\" target=\"_blank\" rel=\"noreferrer noopener\">\u00a0Instagram<\/a>\u00a0e no\u00a0<a href=\"https:\/\/www.facebook.com\/acidadeonribeirao\" target=\"_blank\" rel=\"noreferrer noopener\">Facebook<\/a>.<\/p>\n<p>Receba not\u00edcias do\u00a0<strong>acidade on\u00a0<\/strong>no WhatsApp. Para entrar no grupo,\u00a0basta\u00a0<a href=\"https:\/\/chat.whatsapp.com\/DfXwcjKVIddHUT3BvnQuPZ?mode=hqctshi\" target=\"_blank\" rel=\"noreferrer noopener\">clicar aqui<\/a>. Ou, acesse o nosso\u00a0Canal\u00a0<a href=\"https:\/\/whatsapp.com\/channel\/0029Vb6IQl1JENyAeS57fk2p\" target=\"_blank\" rel=\"noreferrer noopener\">clicando aqui<\/a>.<\/p>\n<p>Fa\u00e7a uma den\u00fancia ou sugira uma reportagem sobre Ribeir\u00e3o Preto e regi\u00e3o pelo WhatsApp: 16 99117 7802.<\/p>\n<p>VEJA TAMB\u00c9M<br \/>Fifa come\u00e7a a testar nova regra de impedimento para favorecer ataques; entenda mudan\u00e7as<\/p>\n<p><input type=\"hidden\" name=\"postID\" id=\"postID\" value=\"151200\"\/><br \/>\n            <input type=\"hidden\" name=\"postType\" id=\"postType\" value=\"post\"\/><br \/>\n<!-- AI CONTENT END 1 -->\n        <\/div>\n<p><script async src=\"\/\/www.instagram.com\/embed.js\"><\/script><br \/>\n<br \/><br \/>\n<br \/><a href=\"https:\/\/www.acidadeon.com\/ribeiraopreto\/esportes\/comercial-vence-o-tanabi-na-despedida-do-paulista-da-serie-a4-2026\/\">Source link <\/a><\/p>\n<!-- CONTENT END 1 -->\n","protected":false},"excerpt":{"rendered":"<p>Ler o resumo da not\u00edcia Comercial vence o Tanabi na despedida do Paulista da S\u00e9rie A4 2026 O Comercial venceu o Tanabi por 2 a&#8230;<\/p>\n","protected":false},"author":1,"featured_media":84220,"comment_status":"open","ping_status":"open","sticky":false,"template":"","format":"standard","meta":{"advanced_seo_description":"","jetpack_seo_html_title":"","jetpack_seo_noindex":false,"jetpack_post_was_ever_published":false,"_jetpack_newsletter_access":"","_jetpack_dont_email_post_to_subs":false,"_jetpack_newsletter_tier_id":0,"_jetpack_memberships_contains_paywalled_content":false,"_jetpack_memberships_contains_paid_content":false,"footnotes":"","jetpack_publicize_message":"","jetpack_publicize_feature_enabled":true,"jetpack_social_post_already_shared":true,"jetpack_social_options":{"image_generator_settings":{"template":"highway","default_image_id":0,"font":"","enabled":false},"version":2}},"categories":[11],"tags":[],"class_list":["post-84219","post","type-post","status-publish","format-standard","has-post-thumbnail","hentry","category-noticias-de-ribeirao-preto-sp-e-regiao-ismael-colosi"],"jetpack_publicize_connections":[],"jetpack_featured_media_url":"https:\/\/i0.wp.com\/noticiasribeiraopreto.com.br\/wp-content\/uploads\/2026\/04\/comercial-tanabi-4_2026-04-04_20-14-08.webp.webp?fit=1200%2C800&ssl=1","jetpack-related-posts":[{"id":84215,"url":"https:\/\/noticiasribeiraopreto.com.br\/index.php\/2026\/04\/04\/comercial-encerra-serie-a4-com-vitoria\/","url_meta":{"origin":84219,"position":0},"title":"Comercial encerra S\u00e9rie A4 com vit\u00f3ria","author":"noticiasribeiraopreto.com.br","date":"4 de April de 2026","format":false,"excerpt":"Por Hugo Luque O Comercial levou a melhor em sua despedida da S\u00e9rie A4 do Campeonato Paulista, neste s\u00e1bado (4). A equipe derrotou o Tanabi por 2 a 1, no Est\u00e1dio Palma Travassos, pela 15\u00aa e \u00faltima rodada da primeira fase da competi\u00e7\u00e3o. Sem chances de avan\u00e7ar ao mata-mata ou\u2026","rel":"","context":"In &quot;Not\u00edcias de Ribeir\u00e3o Preto-SP e Regi\u00e3o&quot;","block_context":{"text":"Not\u00edcias de Ribeir\u00e3o Preto-SP e Regi\u00e3o","link":"https:\/\/noticiasribeiraopreto.com.br\/index.php\/category\/noticias-de-ribeirao-preto-sp-e-regiao-ismael-colosi\/"},"img":{"alt_text":"","src":"https:\/\/i0.wp.com\/noticiasribeiraopreto.com.br\/wp-content\/uploads\/2026\/04\/Comercial-x-Tanabi-Vinicius-Bosak_Divulgacao-scaled.jpeg?fit=1071%2C780&ssl=1&resize=350%2C200","width":350,"height":200,"srcset":"https:\/\/i0.wp.com\/noticiasribeiraopreto.com.br\/wp-content\/uploads\/2026\/04\/Comercial-x-Tanabi-Vinicius-Bosak_Divulgacao-scaled.jpeg?fit=1071%2C780&ssl=1&resize=350%2C200 1x, https:\/\/i0.wp.com\/noticiasribeiraopreto.com.br\/wp-content\/uploads\/2026\/04\/Comercial-x-Tanabi-Vinicius-Bosak_Divulgacao-scaled.jpeg?fit=1071%2C780&ssl=1&resize=525%2C300 1.5x, https:\/\/i0.wp.com\/noticiasribeiraopreto.com.br\/wp-content\/uploads\/2026\/04\/Comercial-x-Tanabi-Vinicius-Bosak_Divulgacao-scaled.jpeg?fit=1071%2C780&ssl=1&resize=700%2C400 2x, https:\/\/i0.wp.com\/noticiasribeiraopreto.com.br\/wp-content\/uploads\/2026\/04\/Comercial-x-Tanabi-Vinicius-Bosak_Divulgacao-scaled.jpeg?fit=1071%2C780&ssl=1&resize=1050%2C600 3x"},"classes":[]},{"id":83925,"url":"https:\/\/noticiasribeiraopreto.com.br\/index.php\/2026\/03\/28\/comercial-perde-e-esta-fora-do-mata-mata-da-serie-a4\/","url_meta":{"origin":84219,"position":1},"title":"Comercial perde e est\u00e1 fora do mata-mata da S\u00e9rie A4","author":"noticiasribeiraopreto.com.br","date":"28 de March de 2026","format":false,"excerpt":"\r Le\u00e3o do Norte \u00e9 superado pela Jabaquara e apenas cumprir\u00e1 tabela na \u00faltima rodada\r \r 28 de mar\u00e7o de 2026 17:32 \r Compartilhar2 Por Hugo Luque O Comercial n\u00e3o tem mais chances de chegar ao mata-mata da S\u00e9rie A4 do Campeonato Paulista. O Le\u00e3o do Norte foi superado pelo\u2026","rel":"","context":"In &quot;Not\u00edcias de Ribeir\u00e3o Preto-SP e Regi\u00e3o&quot;","block_context":{"text":"Not\u00edcias de Ribeir\u00e3o Preto-SP e Regi\u00e3o","link":"https:\/\/noticiasribeiraopreto.com.br\/index.php\/category\/noticias-de-ribeirao-preto-sp-e-regiao-ismael-colosi\/"},"img":{"alt_text":"","src":"https:\/\/i0.wp.com\/noticiasribeiraopreto.com.br\/wp-content\/uploads\/2026\/03\/Jabaquara-x-Comercial-Barbara-Pires_Comercial-FC-scaled.jpeg?fit=1169%2C780&ssl=1&resize=350%2C200","width":350,"height":200,"srcset":"https:\/\/i0.wp.com\/noticiasribeiraopreto.com.br\/wp-content\/uploads\/2026\/03\/Jabaquara-x-Comercial-Barbara-Pires_Comercial-FC-scaled.jpeg?fit=1169%2C780&ssl=1&resize=350%2C200 1x, https:\/\/i0.wp.com\/noticiasribeiraopreto.com.br\/wp-content\/uploads\/2026\/03\/Jabaquara-x-Comercial-Barbara-Pires_Comercial-FC-scaled.jpeg?fit=1169%2C780&ssl=1&resize=525%2C300 1.5x, https:\/\/i0.wp.com\/noticiasribeiraopreto.com.br\/wp-content\/uploads\/2026\/03\/Jabaquara-x-Comercial-Barbara-Pires_Comercial-FC-scaled.jpeg?fit=1169%2C780&ssl=1&resize=700%2C400 2x, https:\/\/i0.wp.com\/noticiasribeiraopreto.com.br\/wp-content\/uploads\/2026\/03\/Jabaquara-x-Comercial-Barbara-Pires_Comercial-FC-scaled.jpeg?fit=1169%2C780&ssl=1&resize=1050%2C600 3x"},"classes":[]},{"id":82105,"url":"https:\/\/noticiasribeiraopreto.com.br\/index.php\/2026\/02\/04\/comercial-perde-para-o-penapolense-pela-serie-a4\/","url_meta":{"origin":84219,"position":2},"title":"Comercial perde para o Penapolense pela S\u00e9rie A4","author":"noticiasribeiraopreto.com.br","date":"4 de February de 2026","format":false,"excerpt":"O Comercial foi derrotado pelo Penapolense por 2 a 1 na noite desta ter\u00e7a-feira (3), no est\u00e1dio Santa Cruz, em Ribeir\u00e3o Preto, pela segunda rodada da S\u00e9rie A4 do Campeonato Paulista. O Penapolense saiu na frente ainda no primeiro tempo. Aos 14 minutos, o zagueiro L\u00f6ic MPasso, camisa 3, marcou\u2026","rel":"","context":"In &quot;Not\u00edcias de Ribeir\u00e3o Preto-SP e Regi\u00e3o&quot;","block_context":{"text":"Not\u00edcias de Ribeir\u00e3o Preto-SP e Regi\u00e3o","link":"https:\/\/noticiasribeiraopreto.com.br\/index.php\/category\/noticias-de-ribeirao-preto-sp-e-regiao-ismael-colosi\/"},"img":{"alt_text":"","src":"https:\/\/i0.wp.com\/noticiasribeiraopreto.com.br\/wp-content\/uploads\/2026\/02\/WhatsApp-Image-2026-02-03-at-21.14.56_2026-02-04_00-39-51.webp.webp?fit=1200%2C801&ssl=1&resize=350%2C200","width":350,"height":200,"srcset":"https:\/\/i0.wp.com\/noticiasribeiraopreto.com.br\/wp-content\/uploads\/2026\/02\/WhatsApp-Image-2026-02-03-at-21.14.56_2026-02-04_00-39-51.webp.webp?fit=1200%2C801&ssl=1&resize=350%2C200 1x, https:\/\/i0.wp.com\/noticiasribeiraopreto.com.br\/wp-content\/uploads\/2026\/02\/WhatsApp-Image-2026-02-03-at-21.14.56_2026-02-04_00-39-51.webp.webp?fit=1200%2C801&ssl=1&resize=525%2C300 1.5x, https:\/\/i0.wp.com\/noticiasribeiraopreto.com.br\/wp-content\/uploads\/2026\/02\/WhatsApp-Image-2026-02-03-at-21.14.56_2026-02-04_00-39-51.webp.webp?fit=1200%2C801&ssl=1&resize=700%2C400 2x, https:\/\/i0.wp.com\/noticiasribeiraopreto.com.br\/wp-content\/uploads\/2026\/02\/WhatsApp-Image-2026-02-03-at-21.14.56_2026-02-04_00-39-51.webp.webp?fit=1200%2C801&ssl=1&resize=1050%2C600 3x"},"classes":[]},{"id":83780,"url":"https:\/\/noticiasribeiraopreto.com.br\/index.php\/2026\/03\/25\/comercial-vence-a-terceira-partida-consecutiva-no-paulista-a4\/","url_meta":{"origin":84219,"position":3},"title":"Comercial vence a terceira partida consecutiva no Paulista A4","author":"noticiasribeiraopreto.com.br","date":"25 de March de 2026","format":false,"excerpt":"O Comercial venceu a Inter de Bebedouro por 1 a 0 na noite desta quarta-feira (25), no est\u00e1dio Palma Travassos, em Ribeir\u00e3o Preto. A partida foi v\u00e1lida pela13\u00aa rodada do Campeonato Paulista da S\u00e9rie A4. Gol O Comercial abriu o placar aos 10 minutos do segundo tempo com Cristopher, ap\u00f3s\u2026","rel":"","context":"In &quot;Not\u00edcias de Ribeir\u00e3o Preto-SP e Regi\u00e3o&quot;","block_context":{"text":"Not\u00edcias de Ribeir\u00e3o Preto-SP e Regi\u00e3o","link":"https:\/\/noticiasribeiraopreto.com.br\/index.php\/category\/noticias-de-ribeirao-preto-sp-e-regiao-ismael-colosi\/"},"img":{"alt_text":"","src":"https:\/\/i0.wp.com\/noticiasribeiraopreto.com.br\/wp-content\/uploads\/2026\/03\/comercial-inter-de-bebedouro_2026-03-26_00-30-59.webp.webp?fit=1200%2C801&ssl=1&resize=350%2C200","width":350,"height":200,"srcset":"https:\/\/i0.wp.com\/noticiasribeiraopreto.com.br\/wp-content\/uploads\/2026\/03\/comercial-inter-de-bebedouro_2026-03-26_00-30-59.webp.webp?fit=1200%2C801&ssl=1&resize=350%2C200 1x, https:\/\/i0.wp.com\/noticiasribeiraopreto.com.br\/wp-content\/uploads\/2026\/03\/comercial-inter-de-bebedouro_2026-03-26_00-30-59.webp.webp?fit=1200%2C801&ssl=1&resize=525%2C300 1.5x, https:\/\/i0.wp.com\/noticiasribeiraopreto.com.br\/wp-content\/uploads\/2026\/03\/comercial-inter-de-bebedouro_2026-03-26_00-30-59.webp.webp?fit=1200%2C801&ssl=1&resize=700%2C400 2x, https:\/\/i0.wp.com\/noticiasribeiraopreto.com.br\/wp-content\/uploads\/2026\/03\/comercial-inter-de-bebedouro_2026-03-26_00-30-59.webp.webp?fit=1200%2C801&ssl=1&resize=1050%2C600 3x"},"classes":[]},{"id":83778,"url":"https:\/\/noticiasribeiraopreto.com.br\/index.php\/2026\/03\/25\/comercial-vence-mais-uma-e-sonha-com-classificacao-na-a4\/","url_meta":{"origin":84219,"position":4},"title":"Comercial vence mais uma e sonha com classifica\u00e7\u00e3o na A4","author":"noticiasribeiraopreto.com.br","date":"25 de March de 2026","format":false,"excerpt":"\r Le\u00e3o do Norte bate Inter de Bebedouro e chega a tr\u00eas vit\u00f3rias seguidas\r \r 25 de mar\u00e7o de 2026 22:23 \r Compartilhar1 Por Hugo Luque Aquilo que parecia imposs\u00edvel se torna, a cada rodada, um sonho ao alcance do Comercial. Nesta quarta-feira (25), a equipe deu mais um passo\u2026","rel":"","context":"In &quot;Not\u00edcias de Ribeir\u00e3o Preto-SP e Regi\u00e3o&quot;","block_context":{"text":"Not\u00edcias de Ribeir\u00e3o Preto-SP e Regi\u00e3o","link":"https:\/\/noticiasribeiraopreto.com.br\/index.php\/category\/noticias-de-ribeirao-preto-sp-e-regiao-ismael-colosi\/"},"img":{"alt_text":"","src":"https:\/\/i0.wp.com\/noticiasribeiraopreto.com.br\/wp-content\/uploads\/2026\/03\/1-ZAG-Cristopher-Raul-Ramos-scaled.jpeg?fit=1170%2C780&ssl=1&resize=350%2C200","width":350,"height":200,"srcset":"https:\/\/i0.wp.com\/noticiasribeiraopreto.com.br\/wp-content\/uploads\/2026\/03\/1-ZAG-Cristopher-Raul-Ramos-scaled.jpeg?fit=1170%2C780&ssl=1&resize=350%2C200 1x, https:\/\/i0.wp.com\/noticiasribeiraopreto.com.br\/wp-content\/uploads\/2026\/03\/1-ZAG-Cristopher-Raul-Ramos-scaled.jpeg?fit=1170%2C780&ssl=1&resize=525%2C300 1.5x, https:\/\/i0.wp.com\/noticiasribeiraopreto.com.br\/wp-content\/uploads\/2026\/03\/1-ZAG-Cristopher-Raul-Ramos-scaled.jpeg?fit=1170%2C780&ssl=1&resize=700%2C400 2x, https:\/\/i0.wp.com\/noticiasribeiraopreto.com.br\/wp-content\/uploads\/2026\/03\/1-ZAG-Cristopher-Raul-Ramos-scaled.jpeg?fit=1170%2C780&ssl=1&resize=1050%2C600 3x"},"classes":[]},{"id":83466,"url":"https:\/\/noticiasribeiraopreto.com.br\/index.php\/2026\/03\/18\/comercial-vence-o-vocem-pela-serie-a4-em-ribeirao-preto\/","url_meta":{"origin":84219,"position":5},"title":"Comercial vence o Vocem pela S\u00e9rie A4 em Ribeir\u00e3o Preto","author":"noticiasribeiraopreto.com.br","date":"18 de March de 2026","format":false,"excerpt":"O Comercial venceu o Vocem por 3 a 1 na noite desta ter\u00e7a-feira (18), pela 11\u00aa \u00a0rodada da S\u00e9rie A4 do Campeonato Paulista. A disputa aconteceu no est\u00e1dio Palma Travassos, em Ribeir\u00e3o Preto. Os gols da partida foram marcados pelo meio-campista Fof\u00e3o, o atacante Mikael e o meia David. Do\u2026","rel":"","context":"In &quot;Not\u00edcias de Ribeir\u00e3o Preto-SP e Regi\u00e3o&quot;","block_context":{"text":"Not\u00edcias de Ribeir\u00e3o Preto-SP e Regi\u00e3o","link":"https:\/\/noticiasribeiraopreto.com.br\/index.php\/category\/noticias-de-ribeirao-preto-sp-e-regiao-ismael-colosi\/"},"img":{"alt_text":"","src":"https:\/\/i0.wp.com\/noticiasribeiraopreto.com.br\/wp-content\/uploads\/2026\/03\/WhatsApp-Image-2026-03-18-at-21.27.37_2026-03-19_00-30-26.webp.webp?fit=1200%2C801&ssl=1&resize=350%2C200","width":350,"height":200,"srcset":"https:\/\/i0.wp.com\/noticiasribeiraopreto.com.br\/wp-content\/uploads\/2026\/03\/WhatsApp-Image-2026-03-18-at-21.27.37_2026-03-19_00-30-26.webp.webp?fit=1200%2C801&ssl=1&resize=350%2C200 1x, https:\/\/i0.wp.com\/noticiasribeiraopreto.com.br\/wp-content\/uploads\/2026\/03\/WhatsApp-Image-2026-03-18-at-21.27.37_2026-03-19_00-30-26.webp.webp?fit=1200%2C801&ssl=1&resize=525%2C300 1.5x, https:\/\/i0.wp.com\/noticiasribeiraopreto.com.br\/wp-content\/uploads\/2026\/03\/WhatsApp-Image-2026-03-18-at-21.27.37_2026-03-19_00-30-26.webp.webp?fit=1200%2C801&ssl=1&resize=700%2C400 2x, https:\/\/i0.wp.com\/noticiasribeiraopreto.com.br\/wp-content\/uploads\/2026\/03\/WhatsApp-Image-2026-03-18-at-21.27.37_2026-03-19_00-30-26.webp.webp?fit=1200%2C801&ssl=1&resize=1050%2C600 3x"},"classes":[]}],"jetpack_sharing_enabled":true,"jetpack_shortlink":"https:\/\/wp.me\/peQAOb-lUn","_links":{"self":[{"href":"https:\/\/noticiasribeiraopreto.com.br\/index.php\/wp-json\/wp\/v2\/posts\/84219","targetHints":{"allow":["GET"]}}],"collection":[{"href":"https:\/\/noticiasribeiraopreto.com.br\/index.php\/wp-json\/wp\/v2\/posts"}],"about":[{"href":"https:\/\/noticiasribeiraopreto.com.br\/index.php\/wp-json\/wp\/v2\/types\/post"}],"author":[{"embeddable":true,"href":"https:\/\/noticiasribeiraopreto.com.br\/index.php\/wp-json\/wp\/v2\/users\/1"}],"replies":[{"embeddable":true,"href":"https:\/\/noticiasribeiraopreto.com.br\/index.php\/wp-json\/wp\/v2\/comments?post=84219"}],"version-history":[{"count":0,"href":"https:\/\/noticiasribeiraopreto.com.br\/index.php\/wp-json\/wp\/v2\/posts\/84219\/revisions"}],"wp:featuredmedia":[{"embeddable":true,"href":"https:\/\/noticiasribeiraopreto.com.br\/index.php\/wp-json\/wp\/v2\/media\/84220"}],"wp:attachment":[{"href":"https:\/\/noticiasribeiraopreto.com.br\/index.php\/wp-json\/wp\/v2\/media?parent=84219"}],"wp:term":[{"taxonomy":"category","embeddable":true,"href":"https:\/\/noticiasribeiraopreto.com.br\/index.php\/wp-json\/wp\/v2\/categories?post=84219"},{"taxonomy":"post_tag","embeddable":true,"href":"https:\/\/noticiasribeiraopreto.com.br\/index.php\/wp-json\/wp\/v2\/tags?post=84219"}],"curies":[{"name":"wp","href":"https:\/\/api.w.org\/{rel}","templated":true}]}}