{"id":84329,"date":"2026-04-07T16:32:24","date_gmt":"2026-04-07T19:32:24","guid":{"rendered":"https:\/\/noticiasribeiraopreto.com.br\/index.php\/2026\/04\/07\/morre-mircea-lucescu-autor-de-um-dos-gols-na-inauguracao-do-estadio-santa-cruz\/"},"modified":"2026-04-07T16:32:24","modified_gmt":"2026-04-07T19:32:24","slug":"morre-mircea-lucescu-autor-de-um-dos-gols-na-inauguracao-do-estadio-santa-cruz","status":"publish","type":"post","link":"https:\/\/noticiasribeiraopreto.com.br\/index.php\/2026\/04\/07\/morre-mircea-lucescu-autor-de-um-dos-gols-na-inauguracao-do-estadio-santa-cruz\/","title":{"rendered":"Morre Mircea Lucescu, autor de um dos gols na inaugura\u00e7\u00e3o do Est\u00e1dio Santa Cruz"},"content":{"rendered":"<div class='code-block code-block-1' style='margin: 8px 0 8px auto; text-align: right; display: block; clear: both;'>\n<p><a href=\"https:\/\/wa.link\/vpicfd\"><img data-recalc-dims=\"1\" class=\"wp-image-4922\" style=\"aspect-ratio: 2.0253164556962027; width: 561px; height: auto;\" src=\"https:\/\/i0.wp.com\/ismaelcolosi.com.br\/wp-content\/uploads\/2023\/11\/grupo-de-empregos-whatsapp-e-facebook-ismael-colosi-vagas.jpg?ssl=1\" alt=\"\" \/><\/a><\/p>\n<!-- \/wp:image -->\n<\/div>\n<p> <br \/>\n<\/p>\n<div id=\"dsoaudio\">\n<div class=\"oknexcerpt resumo-noticia\">\n\t\t\t\t\t\t\t<button class=\"resumo-noticia__btn\" aria-expanded=\"false\" aria-controls=\"resumo-noticia-content\"><br \/>\n\t\t\t\t\t\t\t\t<span class=\"resumo-noticia__btn-text\">Ler o resumo da not\u00edcia<\/span><br \/>\n\t\t\t\t\t\t\t\t<svg xmlns=\"http:\/\/www.w3.org\/2000\/svg\" class=\"resumo-noticia__btn-icon\" width=\"24\" height=\"24\" viewbox=\"0 0 24 24\" fill=\"none\">\n\t\t\t\t\t\t\t\t\t<path d=\"M7.41 8.59L12 13.17L16.59 8.59L18 10L12 16L6 10L7.41 8.59Z\" fill=\"#196AA9\"\/>\n\t\t\t\t\t\t\t\t<\/svg><br \/>\n\t\t\t\t\t\t\t<\/button><\/p>\n<div class=\"resumo-noticia__content\" id=\"resumo-noticia-content\" style=\"max-height: 0px;\">\n<div class=\"resumo-noticia__content-inner\">\n<ul>\n<li>Mircea Lucescu morreu nesta ter\u00e7a-feira (7), aos 80 anos.<\/li>\n<li>O ex-jogador e t\u00e9cnico romeno ficou conhecido no futebol europeu, com passagens por Dinamo Bucareste e sele\u00e7\u00e3o da Rom\u00eania.<\/li>\n<li>Em 21 de janeiro de 1968, ele marcou um gol pela sele\u00e7\u00e3o romena na inaugura\u00e7\u00e3o do Est\u00e1dio Santa Cruz, em Ribeir\u00e3o Preto.<\/li>\n<li>O amistoso terminou com vit\u00f3ria brasileira por 6 a 2.<\/li>\n<\/ul><\/div>\n<\/p><\/div>\n<\/p><\/div>\n<p><button type=\"button\" title=\"Salvar mat\u00e9ria\" class=\"dso bookmark-injection bookmark-save\"><br \/>\n        <svg xmlns=\"http:\/\/www.w3.org\/2000\/svg\" width=\"20\" height=\"24\" viewbox=\"0 0 20 24\" fill=\"none\">\n            <path d=\"M1 23V1H19V23L10 15.6667L1 23Z\" stroke=\"black\" stroke-width=\"1.3\" stroke-linejoin=\"round\"\/>\n        <\/svg><br \/>\n    <\/button> <\/p>\n<p><strong>Mircea Lucescu<\/strong> morreu nesta ter\u00e7a-feira (7), aos 80 anos. Ele ganhou reconhecimento internacional como um dos principais nomes do futebol europeu, com trajet\u00f3ria marcante como jogador e treinador.<\/p>\n<div class=\"wp-block-image\">\n<figure class=\"aligncenter size-full\"><img data-recalc-dims=\"1\" loading=\"lazy\" decoding=\"async\" width=\"774\" height=\"499\" alt=\"Mircea Lucescu\" class=\"wp-image-151516\" title=\"Morre Mircea Lucescu, autor de um dos gols na inaugura\u00e7\u00e3o do Est\u00e1dio Santa Cruz 1\" srcset=\"https:\/\/www.acidadeon.com\/ribeiraopreto\/wp-content\/uploads\/sites\/3\/2026\/04\/image_2026-04-07_18-56-46.webp 774w, https:\/\/www.acidadeon.com\/ribeiraopreto\/wp-content\/uploads\/sites\/3\/2026\/04\/image_2026-04-07_18-56-46-300x193.webp 300w, https:\/\/www.acidadeon.com\/ribeiraopreto\/wp-content\/uploads\/sites\/3\/2026\/04\/image_2026-04-07_18-56-46-768x495.webp 768w, https:\/\/www.acidadeon.com\/ribeiraopreto\/wp-content\/uploads\/sites\/3\/2026\/04\/image_2026-04-07_18-56-46-400x258.webp 400w, https:\/\/www.acidadeon.com\/ribeiraopreto\/wp-content\/uploads\/sites\/3\/2026\/04\/image_2026-04-07_18-56-46-150x97.webp 150w\" data-lazy-sizes=\"(max-width: 774px) 100vw, 774px\" src=\"https:\/\/i0.wp.com\/www.acidadeon.com\/ribeiraopreto\/wp-content\/uploads\/sites\/3\/2026\/04\/image_2026-04-07_18-56-46.webp?resize=774%2C499&#038;ssl=1\"\/><img data-recalc-dims=\"1\" loading=\"lazy\" decoding=\"async\" width=\"774\" height=\"499\" src=\"https:\/\/i0.wp.com\/www.acidadeon.com\/ribeiraopreto\/wp-content\/uploads\/sites\/3\/2026\/04\/image_2026-04-07_18-56-46.webp?resize=774%2C499&#038;ssl=1\" alt=\"Mircea Lucescu\" class=\"wp-image-151516\" title=\"Morre Mircea Lucescu, autor de um dos gols na inaugura\u00e7\u00e3o do Est\u00e1dio Santa Cruz 1\" srcset=\"https:\/\/www.acidadeon.com\/ribeiraopreto\/wp-content\/uploads\/sites\/3\/2026\/04\/image_2026-04-07_18-56-46.webp 774w, https:\/\/www.acidadeon.com\/ribeiraopreto\/wp-content\/uploads\/sites\/3\/2026\/04\/image_2026-04-07_18-56-46-300x193.webp 300w, https:\/\/www.acidadeon.com\/ribeiraopreto\/wp-content\/uploads\/sites\/3\/2026\/04\/image_2026-04-07_18-56-46-768x495.webp 768w, https:\/\/www.acidadeon.com\/ribeiraopreto\/wp-content\/uploads\/sites\/3\/2026\/04\/image_2026-04-07_18-56-46-400x258.webp 400w, https:\/\/www.acidadeon.com\/ribeiraopreto\/wp-content\/uploads\/sites\/3\/2026\/04\/image_2026-04-07_18-56-46-150x97.webp 150w\" sizes=\"auto, (max-width: 774px) 100vw, 774px\"\/><figcaption class=\"wp-element-caption\">Foto: Jogada 10<\/figcaption><\/figure>\n<\/div>\n<p>Lucescu construiu carreira como atleta no Dinamo Bucareste e defendeu a sele\u00e7\u00e3o da Rom\u00eania por v\u00e1rios anos. Em 1968, participou de um epis\u00f3dio que entrou para a <strong>hist\u00f3ria do futebol de Ribeir\u00e3o Preto.<\/strong><\/p>\n<h2 class=\"wp-block-heading\">Lucescu em Ribeir\u00e3o Preto<\/h2>\n<p>No <strong>dia 21 de janeiro de 1968<\/strong>, ele atuou pela sele\u00e7\u00e3o romena na partida de inaugura\u00e7\u00e3o do Est\u00e1dio Santa Cruz, casa do Botafogo. Durante o amistoso, que terminou com vit\u00f3ria brasileira por 6 a 2,<strong> Lucescu marcou um dos gols da equipe europeia.<\/strong><\/p>\n<p>O confronto reuniu grande p\u00fablico e integrou uma s\u00e9rie de eventos festivos comuns na \u00e9poca, com a presen\u00e7a de sele\u00e7\u00f5es estrangeiras no Brasil. Sicupira fez o primeiro gol da hist\u00f3ria do est\u00e1dio.<\/p>\n<p>Ap\u00f3s encerrar a carreira como jogador, <strong>Lucescu iniciou trajet\u00f3ria como treinador<\/strong> e alcan\u00e7ou proje\u00e7\u00e3o internacional. Ele comandou clubes como <strong>Shakhtar Donetsk<\/strong> e <strong>Dynamo de Kiev<\/strong>, acumulou t\u00edtulos e formou equipes competitivas ao longo de d\u00e9cadas.<\/p>\n<figure class=\"wp-block-gallery has-nested-images columns-default is-cropped wp-block-gallery-1 is-layout-flex wp-block-gallery-is-layout-flex\">\n<figure class=\"wp-block-image size-large\"><img data-recalc-dims=\"1\" loading=\"lazy\" decoding=\"async\" width=\"960\" height=\"685\" data-id=\"151515\" alt=\"image 2026 04 07 18 54 36\" class=\"wp-image-151515\" title=\"Morre Mircea Lucescu, autor de um dos gols na inaugura\u00e7\u00e3o do Est\u00e1dio Santa Cruz 2\" srcset=\"https:\/\/www.acidadeon.com\/ribeiraopreto\/wp-content\/uploads\/sites\/3\/2026\/04\/image_2026-04-07_18-54-36.webp 960w, https:\/\/www.acidadeon.com\/ribeiraopreto\/wp-content\/uploads\/sites\/3\/2026\/04\/image_2026-04-07_18-54-36-300x214.webp 300w, https:\/\/www.acidadeon.com\/ribeiraopreto\/wp-content\/uploads\/sites\/3\/2026\/04\/image_2026-04-07_18-54-36-768x548.webp 768w, https:\/\/www.acidadeon.com\/ribeiraopreto\/wp-content\/uploads\/sites\/3\/2026\/04\/image_2026-04-07_18-54-36-400x285.webp 400w, https:\/\/www.acidadeon.com\/ribeiraopreto\/wp-content\/uploads\/sites\/3\/2026\/04\/image_2026-04-07_18-54-36-150x107.webp 150w\" data-lazy-sizes=\"(max-width: 960px) 100vw, 960px\" src=\"https:\/\/i0.wp.com\/www.acidadeon.com\/ribeiraopreto\/wp-content\/uploads\/sites\/3\/2026\/04\/image_2026-04-07_18-54-36.webp?resize=960%2C685&#038;ssl=1\"\/><img data-recalc-dims=\"1\" loading=\"lazy\" decoding=\"async\" width=\"960\" height=\"685\" data-id=\"151515\" src=\"https:\/\/i0.wp.com\/www.acidadeon.com\/ribeiraopreto\/wp-content\/uploads\/sites\/3\/2026\/04\/image_2026-04-07_18-54-36.webp?resize=960%2C685&#038;ssl=1\" alt=\"image 2026 04 07 18 54 36\" class=\"wp-image-151515\" title=\"Morre Mircea Lucescu, autor de um dos gols na inaugura\u00e7\u00e3o do Est\u00e1dio Santa Cruz 2\" srcset=\"https:\/\/www.acidadeon.com\/ribeiraopreto\/wp-content\/uploads\/sites\/3\/2026\/04\/image_2026-04-07_18-54-36.webp 960w, https:\/\/www.acidadeon.com\/ribeiraopreto\/wp-content\/uploads\/sites\/3\/2026\/04\/image_2026-04-07_18-54-36-300x214.webp 300w, https:\/\/www.acidadeon.com\/ribeiraopreto\/wp-content\/uploads\/sites\/3\/2026\/04\/image_2026-04-07_18-54-36-768x548.webp 768w, https:\/\/www.acidadeon.com\/ribeiraopreto\/wp-content\/uploads\/sites\/3\/2026\/04\/image_2026-04-07_18-54-36-400x285.webp 400w, https:\/\/www.acidadeon.com\/ribeiraopreto\/wp-content\/uploads\/sites\/3\/2026\/04\/image_2026-04-07_18-54-36-150x107.webp 150w\" sizes=\"auto, (max-width: 960px) 100vw, 960px\"\/><figcaption class=\"wp-element-caption\">Foto: Reprodu\u00e7\u00e3o\/ Wikip\u00e9dia<\/figcaption><\/figure>\n<figure class=\"wp-block-image size-large\"><img data-recalc-dims=\"1\" loading=\"lazy\" decoding=\"async\" width=\"849\" height=\"1024\" data-id=\"151514\" alt=\"lucescu\" class=\"wp-image-151514\" title=\"Morre Mircea Lucescu, autor de um dos gols na inaugura\u00e7\u00e3o do Est\u00e1dio Santa Cruz 3\" srcset=\"https:\/\/www.acidadeon.com\/ribeiraopreto\/wp-content\/uploads\/sites\/3\/2026\/04\/image_2026-04-07_18-54-00-849x1024.webp 849w, https:\/\/www.acidadeon.com\/ribeiraopreto\/wp-content\/uploads\/sites\/3\/2026\/04\/image_2026-04-07_18-54-00-249x300.webp 249w, https:\/\/www.acidadeon.com\/ribeiraopreto\/wp-content\/uploads\/sites\/3\/2026\/04\/image_2026-04-07_18-54-00-768x926.webp 768w, https:\/\/www.acidadeon.com\/ribeiraopreto\/wp-content\/uploads\/sites\/3\/2026\/04\/image_2026-04-07_18-54-00-400x483.webp 400w, https:\/\/www.acidadeon.com\/ribeiraopreto\/wp-content\/uploads\/sites\/3\/2026\/04\/image_2026-04-07_18-54-00-150x181.webp 150w, https:\/\/www.acidadeon.com\/ribeiraopreto\/wp-content\/uploads\/sites\/3\/2026\/04\/image_2026-04-07_18-54-00.webp 960w\" data-lazy-sizes=\"(max-width: 849px) 100vw, 849px\" src=\"https:\/\/i0.wp.com\/www.acidadeon.com\/ribeiraopreto\/wp-content\/uploads\/sites\/3\/2026\/04\/image_2026-04-07_18-54-00-849x1024.webp?resize=849%2C1024&#038;ssl=1\"\/><img data-recalc-dims=\"1\" loading=\"lazy\" decoding=\"async\" width=\"849\" height=\"1024\" data-id=\"151514\" src=\"https:\/\/i0.wp.com\/www.acidadeon.com\/ribeiraopreto\/wp-content\/uploads\/sites\/3\/2026\/04\/image_2026-04-07_18-54-00-849x1024.webp?resize=849%2C1024&#038;ssl=1\" alt=\"lucescu\" class=\"wp-image-151514\" title=\"Morre Mircea Lucescu, autor de um dos gols na inaugura\u00e7\u00e3o do Est\u00e1dio Santa Cruz 3\" srcset=\"https:\/\/www.acidadeon.com\/ribeiraopreto\/wp-content\/uploads\/sites\/3\/2026\/04\/image_2026-04-07_18-54-00-849x1024.webp 849w, https:\/\/www.acidadeon.com\/ribeiraopreto\/wp-content\/uploads\/sites\/3\/2026\/04\/image_2026-04-07_18-54-00-249x300.webp 249w, https:\/\/www.acidadeon.com\/ribeiraopreto\/wp-content\/uploads\/sites\/3\/2026\/04\/image_2026-04-07_18-54-00-768x926.webp 768w, https:\/\/www.acidadeon.com\/ribeiraopreto\/wp-content\/uploads\/sites\/3\/2026\/04\/image_2026-04-07_18-54-00-400x483.webp 400w, https:\/\/www.acidadeon.com\/ribeiraopreto\/wp-content\/uploads\/sites\/3\/2026\/04\/image_2026-04-07_18-54-00-150x181.webp 150w, https:\/\/www.acidadeon.com\/ribeiraopreto\/wp-content\/uploads\/sites\/3\/2026\/04\/image_2026-04-07_18-54-00.webp 960w\" sizes=\"auto, (max-width: 849px) 100vw, 849px\"\/><figcaption class=\"wp-element-caption\">Foto: Reprodu\u00e7\u00e3o\/ Wikip\u00e9dia<\/figcaption><\/figure>\n<\/figure>\n<hr class=\"wp-block-separator has-alpha-channel-opacity\"\/>\n<p>SAIBA MAIS<\/p>\n<p>Alerta de chuvas intensas \u00e9 emitido para o interior de SP; Veja cidades<\/p>\n<h3 class=\"wp-block-heading\">FIQUE ON<\/h3>\n<p>Fique ligado em tudo que acontece em Ribeir\u00e3o Preto e regi\u00e3o. Siga os perfis do\u00a0<strong>acidade on\u00a0<\/strong>no<a href=\"https:\/\/www.instagram.com\/acidadeonribeirao\/\" target=\"_blank\" rel=\"noreferrer noopener\">\u00a0Instagram<\/a>\u00a0e no\u00a0<a href=\"https:\/\/www.facebook.com\/acidadeonribeirao\" target=\"_blank\" rel=\"noreferrer noopener\">Facebook<\/a>.<\/p>\n<p>Receba not\u00edcias do\u00a0<strong>acidade on\u00a0<\/strong>no WhatsApp. Para entrar no grupo,\u00a0basta\u00a0<a href=\"https:\/\/chat.whatsapp.com\/DfXwcjKVIddHUT3BvnQuPZ?mode=hqctshi\" target=\"_blank\" rel=\"noreferrer noopener\">clicar aqui<\/a>. Ou, acesse o nosso\u00a0Canal\u00a0<a href=\"https:\/\/whatsapp.com\/channel\/0029Vb6IQl1JENyAeS57fk2p\" target=\"_blank\" rel=\"noreferrer noopener\">clicando aqui<\/a>.<\/p>\n<p>Fa\u00e7a uma den\u00fancia ou sugira uma reportagem sobre Ribeir\u00e3o Preto e regi\u00e3o pelo WhatsApp: 16 99117 7802.<\/p>\n<p>VEJA TAMB\u00c9M<\/p>\n<p>Fifa come\u00e7a a testar nova regra de impedimento para favorecer ataques; entenda mudan\u00e7as<\/p>\n<p><input type=\"hidden\" name=\"postID\" id=\"postID\" value=\"151513\"\/><br \/>\n            <input type=\"hidden\" name=\"postType\" id=\"postType\" value=\"post\"\/><br \/>\n<!-- AI CONTENT END 1 -->\n        <\/div>\n<p><script async src=\"\/\/www.instagram.com\/embed.js\"><\/script><br \/>\n<br \/><br \/>\n<br \/><a href=\"https:\/\/www.acidadeon.com\/ribeiraopreto\/esportes\/morre-mircea-lucescu-autor-de-um-dos-gols-na-inauguracao-do-estadio-santa-cruz\/\">Source link <\/a><\/p>\n<!-- CONTENT END 1 -->\n","protected":false},"excerpt":{"rendered":"<p>Ler o resumo da not\u00edcia Mircea Lucescu morreu nesta ter\u00e7a-feira (7), aos 80 anos. O ex-jogador e t\u00e9cnico romeno ficou conhecido no futebol europeu, com&#8230;<\/p>\n","protected":false},"author":1,"featured_media":84330,"comment_status":"open","ping_status":"open","sticky":false,"template":"","format":"standard","meta":{"advanced_seo_description":"","jetpack_seo_html_title":"","jetpack_seo_noindex":false,"jetpack_post_was_ever_published":false,"_jetpack_newsletter_access":"","_jetpack_dont_email_post_to_subs":false,"_jetpack_newsletter_tier_id":0,"_jetpack_memberships_contains_paywalled_content":false,"_jetpack_memberships_contains_paid_content":false,"footnotes":"","jetpack_publicize_message":"","jetpack_publicize_feature_enabled":true,"jetpack_social_post_already_shared":true,"jetpack_social_options":{"image_generator_settings":{"template":"highway","default_image_id":0,"font":"","enabled":false},"version":2}},"categories":[11],"tags":[],"class_list":["post-84329","post","type-post","status-publish","format-standard","has-post-thumbnail","hentry","category-noticias-de-ribeirao-preto-sp-e-regiao-ismael-colosi"],"jetpack_publicize_connections":[],"jetpack_featured_media_url":"https:\/\/i0.wp.com\/noticiasribeiraopreto.com.br\/wp-content\/uploads\/2026\/04\/276_pri__20260331153119_mircea_lucescu_2026-04-07_19-14-41.webp.webp?fit=486%2C333&ssl=1","jetpack-related-posts":[{"id":71112,"url":"https:\/\/noticiasribeiraopreto.com.br\/index.php\/2025\/06\/02\/estadio-pode-se-tornar-patrimonio-historico-e-cultural-em-ribeirao-preto-entenda\/","url_meta":{"origin":84329,"position":0},"title":"Est\u00e1dio pode se tornar Patrim\u00f4nio Hist\u00f3rico e Cultural em Ribeir\u00e3o Preto; entenda","author":"noticiasribeiraopreto.com.br","date":"2 de June de 2025","format":false,"excerpt":"A C\u00e2mara Municipal de Ribeir\u00e3o Preto vai analisar o Projeto de Lei n\u00ba 219\/2025, que prop\u00f5e reconhecer o Est\u00e1dio Santa Cruz como Patrim\u00f4nio Hist\u00f3rico, Cultural e Arquitet\u00f4nico do munic\u00edpio. A proposta, do vereador Jean Corauci (PSD), busca preservar o local e garantir seu uso pela popula\u00e7\u00e3o e pelo Botafogo Futebol\u2026","rel":"","context":"In &quot;Not\u00edcias de Ribeir\u00e3o Preto-SP e Regi\u00e3o&quot;","block_context":{"text":"Not\u00edcias de Ribeir\u00e3o Preto-SP e Regi\u00e3o","link":"https:\/\/noticiasribeiraopreto.com.br\/index.php\/category\/noticias-de-ribeirao-preto-sp-e-regiao-ismael-colosi\/"},"img":{"alt_text":"","src":"https:\/\/i0.wp.com\/noticiasribeiraopreto.com.br\/wp-content\/uploads\/2024\/04\/Botafogo-6.webp.webp?fit=1200%2C800&ssl=1&resize=350%2C200","width":350,"height":200,"srcset":"https:\/\/i0.wp.com\/noticiasribeiraopreto.com.br\/wp-content\/uploads\/2024\/04\/Botafogo-6.webp.webp?fit=1200%2C800&ssl=1&resize=350%2C200 1x, https:\/\/i0.wp.com\/noticiasribeiraopreto.com.br\/wp-content\/uploads\/2024\/04\/Botafogo-6.webp.webp?fit=1200%2C800&ssl=1&resize=525%2C300 1.5x, https:\/\/i0.wp.com\/noticiasribeiraopreto.com.br\/wp-content\/uploads\/2024\/04\/Botafogo-6.webp.webp?fit=1200%2C800&ssl=1&resize=700%2C400 2x, https:\/\/i0.wp.com\/noticiasribeiraopreto.com.br\/wp-content\/uploads\/2024\/04\/Botafogo-6.webp.webp?fit=1200%2C800&ssl=1&resize=1050%2C600 3x"},"classes":[]},{"id":84337,"url":"https:\/\/noticiasribeiraopreto.com.br\/index.php\/2026\/04\/07\/parque-de-ribeirao-preto-recebe-acao-esportiva-gratuita-veja-quando\/","url_meta":{"origin":84329,"position":1},"title":"Parque de Ribeir\u00e3o Preto recebe a\u00e7\u00e3o esportiva gratuita; Veja quando","author":"noticiasribeiraopreto.com.br","date":"7 de April de 2026","format":false,"excerpt":"Ler o resumo da not\u00edcia O parque Maur\u00edlio Biagi, em Ribeir\u00e3o Preto, recebe neste s\u00e1bado (11) a a\u00e7\u00e3o \"Esporte na Rua\", com atividades gratuitas. A iniciativa ocorre das 7h30 \u00e0s 11h30 e oferece oficinas de basquete, skate e futebol abertas ao p\u00fablico. O evento \u00e9 promovido pela Rede Esporte pela\u2026","rel":"","context":"In &quot;Not\u00edcias de Ribeir\u00e3o Preto-SP e Regi\u00e3o&quot;","block_context":{"text":"Not\u00edcias de Ribeir\u00e3o Preto-SP e Regi\u00e3o","link":"https:\/\/noticiasribeiraopreto.com.br\/index.php\/category\/noticias-de-ribeirao-preto-sp-e-regiao-ismael-colosi\/"},"img":{"alt_text":"","src":"https:\/\/i0.wp.com\/noticiasribeiraopreto.com.br\/wp-content\/uploads\/2026\/04\/parque-maurilio-biagi_2025-07-22_13-13-00.webp.webp?fit=1200%2C800&ssl=1&resize=350%2C200","width":350,"height":200,"srcset":"https:\/\/i0.wp.com\/noticiasribeiraopreto.com.br\/wp-content\/uploads\/2026\/04\/parque-maurilio-biagi_2025-07-22_13-13-00.webp.webp?fit=1200%2C800&ssl=1&resize=350%2C200 1x, https:\/\/i0.wp.com\/noticiasribeiraopreto.com.br\/wp-content\/uploads\/2026\/04\/parque-maurilio-biagi_2025-07-22_13-13-00.webp.webp?fit=1200%2C800&ssl=1&resize=525%2C300 1.5x, https:\/\/i0.wp.com\/noticiasribeiraopreto.com.br\/wp-content\/uploads\/2026\/04\/parque-maurilio-biagi_2025-07-22_13-13-00.webp.webp?fit=1200%2C800&ssl=1&resize=700%2C400 2x, https:\/\/i0.wp.com\/noticiasribeiraopreto.com.br\/wp-content\/uploads\/2026\/04\/parque-maurilio-biagi_2025-07-22_13-13-00.webp.webp?fit=1200%2C800&ssl=1&resize=1050%2C600 3x"},"classes":[]},{"id":54305,"url":"https:\/\/noticiasribeiraopreto.com.br\/index.php\/2024\/07\/08\/botafogo-leva-gol-olimpico-tenta-reagir-mas-perde-pela-serie-b\/","url_meta":{"origin":84329,"position":2},"title":"Botafogo leva gol ol\u00edmpico, tenta reagir, mas perde pela S\u00e9rie B","author":"noticiasribeiraopreto.com.br","date":"8 de July de 2024","format":false,"excerpt":"O Botafogo perdeu por 3 a 2 para o Ituano, na tarde deste domingo (7), pela 14\u00aa rodada do Campeonato Brasileiro da S\u00e9rie B. A partida foi disputada no est\u00e1dio Novelli J\u00fanior, em Itu. O Ituano abriu o placar aos 2 minutos de partida, com Jos\u00e9 Aldo marcando um gol\u2026","rel":"","context":"In &quot;Not\u00edcias de Ribeir\u00e3o Preto-SP e Regi\u00e3o&quot;","block_context":{"text":"Not\u00edcias de Ribeir\u00e3o Preto-SP e Regi\u00e3o","link":"https:\/\/noticiasribeiraopreto.com.br\/index.php\/category\/noticias-de-ribeirao-preto-sp-e-regiao-ismael-colosi\/"},"img":{"alt_text":"","src":"https:\/\/i0.wp.com\/noticiasribeiraopreto.com.br\/wp-content\/uploads\/2024\/07\/botafogo-ituano_2024-07-07_20-47-09_jpeg_2024-07-07_20-47-09.webp.webp?fit=1200%2C800&ssl=1&resize=350%2C200","width":350,"height":200,"srcset":"https:\/\/i0.wp.com\/noticiasribeiraopreto.com.br\/wp-content\/uploads\/2024\/07\/botafogo-ituano_2024-07-07_20-47-09_jpeg_2024-07-07_20-47-09.webp.webp?fit=1200%2C800&ssl=1&resize=350%2C200 1x, https:\/\/i0.wp.com\/noticiasribeiraopreto.com.br\/wp-content\/uploads\/2024\/07\/botafogo-ituano_2024-07-07_20-47-09_jpeg_2024-07-07_20-47-09.webp.webp?fit=1200%2C800&ssl=1&resize=525%2C300 1.5x, https:\/\/i0.wp.com\/noticiasribeiraopreto.com.br\/wp-content\/uploads\/2024\/07\/botafogo-ituano_2024-07-07_20-47-09_jpeg_2024-07-07_20-47-09.webp.webp?fit=1200%2C800&ssl=1&resize=700%2C400 2x, https:\/\/i0.wp.com\/noticiasribeiraopreto.com.br\/wp-content\/uploads\/2024\/07\/botafogo-ituano_2024-07-07_20-47-09_jpeg_2024-07-07_20-47-09.webp.webp?fit=1200%2C800&ssl=1&resize=1050%2C600 3x"},"classes":[]},{"id":84756,"url":"https:\/\/noticiasribeiraopreto.com.br\/index.php\/2026\/04\/15\/fifa-seleciona-ribeirao-preto-como-subsede-da-copa-do-mundo-feminina-de-2027\/","url_meta":{"origin":84329,"position":3},"title":"Fifa seleciona Ribeir\u00e3o Preto como subsede da Copa do Mundo feminina de 2027","author":"noticiasribeiraopreto.com.br","date":"15 de April de 2026","format":false,"excerpt":"\r Local aprovado, Est\u00e1dio Santa Cruz\/Arena Nicnet j\u00e1 recebeu sele\u00e7\u00e3o francesa no Mundial masculino de 2014\r \r 15 de abril de 2026 13:09 \r Compartilhar0 Por Hugo Luque O Est\u00e1dio Santa Cruz\/Arena Nicnet pode voltar a receber uma sele\u00e7\u00e3o em um Mundial no ano que vem, durante a Copa do\u2026","rel":"","context":"In &quot;Not\u00edcias de Ribeir\u00e3o Preto-SP e Regi\u00e3o&quot;","block_context":{"text":"Not\u00edcias de Ribeir\u00e3o Preto-SP e Regi\u00e3o","link":"https:\/\/noticiasribeiraopreto.com.br\/index.php\/category\/noticias-de-ribeirao-preto-sp-e-regiao-ismael-colosi\/"},"img":{"alt_text":"","src":"https:\/\/i0.wp.com\/noticiasribeiraopreto.com.br\/wp-content\/uploads\/2026\/04\/3-Estadio-Santa-Cruz-Raul-Ramos.jpg?fit=755%2C500&ssl=1&resize=350%2C200","width":350,"height":200,"srcset":"https:\/\/i0.wp.com\/noticiasribeiraopreto.com.br\/wp-content\/uploads\/2026\/04\/3-Estadio-Santa-Cruz-Raul-Ramos.jpg?fit=755%2C500&ssl=1&resize=350%2C200 1x, https:\/\/i0.wp.com\/noticiasribeiraopreto.com.br\/wp-content\/uploads\/2026\/04\/3-Estadio-Santa-Cruz-Raul-Ramos.jpg?fit=755%2C500&ssl=1&resize=525%2C300 1.5x, https:\/\/i0.wp.com\/noticiasribeiraopreto.com.br\/wp-content\/uploads\/2026\/04\/3-Estadio-Santa-Cruz-Raul-Ramos.jpg?fit=755%2C500&ssl=1&resize=700%2C400 2x"},"classes":[]},{"id":51132,"url":"https:\/\/noticiasribeiraopreto.com.br\/index.php\/2024\/05\/23\/saiba-onde-assistir-o-jogo-botafogo-e-palmeiras-que-acontece-em-ribeirao-preto\/","url_meta":{"origin":84329,"position":4},"title":"Saiba onde assistir o jogo Botafogo e Palmeiras que acontece em Ribeir\u00e3o Preto","author":"noticiasribeiraopreto.com.br","date":"23 de May de 2024","format":false,"excerpt":"O Botafogo enfrenta o Palmeiras, nesta quinta-feira (23), pela terceira fase da Copa do Brasil. O jogo de volta ser\u00e1, \u00e0s 19h, no est\u00e1dio Santa Cruz\/Arena Nicnet, em Ribeir\u00e3o Preto. No confronto de ida, realizado no\u00a0Allianz Parque, em\u00a0S\u00e3o Paulo, o Palmeiras venceu por 2 a 1 e precisa apenas do\u2026","rel":"","context":"In &quot;Not\u00edcias de Ribeir\u00e3o Preto-SP e Regi\u00e3o&quot;","block_context":{"text":"Not\u00edcias de Ribeir\u00e3o Preto-SP e Regi\u00e3o","link":"https:\/\/noticiasribeiraopreto.com.br\/index.php\/category\/noticias-de-ribeirao-preto-sp-e-regiao-ismael-colosi\/"},"img":{"alt_text":"","src":"https:\/\/i0.wp.com\/noticiasribeiraopreto.com.br\/wp-content\/uploads\/2024\/05\/palmeiras-botafogo_2024-05-03_01-55-36_jpg_2024-05-03_01-55-36.webp.webp?fit=1200%2C675&ssl=1&resize=350%2C200","width":350,"height":200,"srcset":"https:\/\/i0.wp.com\/noticiasribeiraopreto.com.br\/wp-content\/uploads\/2024\/05\/palmeiras-botafogo_2024-05-03_01-55-36_jpg_2024-05-03_01-55-36.webp.webp?fit=1200%2C675&ssl=1&resize=350%2C200 1x, https:\/\/i0.wp.com\/noticiasribeiraopreto.com.br\/wp-content\/uploads\/2024\/05\/palmeiras-botafogo_2024-05-03_01-55-36_jpg_2024-05-03_01-55-36.webp.webp?fit=1200%2C675&ssl=1&resize=525%2C300 1.5x, https:\/\/i0.wp.com\/noticiasribeiraopreto.com.br\/wp-content\/uploads\/2024\/05\/palmeiras-botafogo_2024-05-03_01-55-36_jpg_2024-05-03_01-55-36.webp.webp?fit=1200%2C675&ssl=1&resize=700%2C400 2x, https:\/\/i0.wp.com\/noticiasribeiraopreto.com.br\/wp-content\/uploads\/2024\/05\/palmeiras-botafogo_2024-05-03_01-55-36_jpg_2024-05-03_01-55-36.webp.webp?fit=1200%2C675&ssl=1&resize=1050%2C600 3x"},"classes":[]},{"id":43885,"url":"https:\/\/noticiasribeiraopreto.com.br\/index.php\/2024\/03\/23\/com-gol-de-endrick-brasil-vence-inglaterra-em-wembley-na-estreia-de-dorival\/","url_meta":{"origin":84329,"position":5},"title":"Com gol de Endrick, Brasil vence Inglaterra em Wembley na estreia de Dorival","author":"noticiasribeiraopreto.com.br","date":"23 de March de 2024","format":false,"excerpt":"Com gol do atacante Endrick, do Palmeiras, a sele\u00e7\u00e3o brasileira venceu a Inglaterra por 1 a 0 no est\u00e1dio de Wembley, em Londres, nesta s\u00e1bado (23). A partida marcou a estreia do t\u00e9cnico Dorival J\u00fanior no comando da amarelinha. Endrick marcou o gol do Brasil aos 34 minutos do segundo\u2026","rel":"","context":"In &quot;Not\u00edcias de Ribeir\u00e3o Preto-SP e Regi\u00e3o&quot;","block_context":{"text":"Not\u00edcias de Ribeir\u00e3o Preto-SP e Regi\u00e3o","link":"https:\/\/noticiasribeiraopreto.com.br\/index.php\/category\/noticias-de-ribeirao-preto-sp-e-regiao-ismael-colosi\/"},"img":{"alt_text":"","src":"https:\/\/i0.wp.com\/noticiasribeiraopreto.com.br\/wp-content\/uploads\/2024\/03\/endrick.jpg?fit=1200%2C788&ssl=1&resize=350%2C200","width":350,"height":200,"srcset":"https:\/\/i0.wp.com\/noticiasribeiraopreto.com.br\/wp-content\/uploads\/2024\/03\/endrick.jpg?fit=1200%2C788&ssl=1&resize=350%2C200 1x, https:\/\/i0.wp.com\/noticiasribeiraopreto.com.br\/wp-content\/uploads\/2024\/03\/endrick.jpg?fit=1200%2C788&ssl=1&resize=525%2C300 1.5x, https:\/\/i0.wp.com\/noticiasribeiraopreto.com.br\/wp-content\/uploads\/2024\/03\/endrick.jpg?fit=1200%2C788&ssl=1&resize=700%2C400 2x, https:\/\/i0.wp.com\/noticiasribeiraopreto.com.br\/wp-content\/uploads\/2024\/03\/endrick.jpg?fit=1200%2C788&ssl=1&resize=1050%2C600 3x"},"classes":[]}],"jetpack_sharing_enabled":true,"jetpack_shortlink":"https:\/\/wp.me\/peQAOb-lW9","_links":{"self":[{"href":"https:\/\/noticiasribeiraopreto.com.br\/index.php\/wp-json\/wp\/v2\/posts\/84329","targetHints":{"allow":["GET"]}}],"collection":[{"href":"https:\/\/noticiasribeiraopreto.com.br\/index.php\/wp-json\/wp\/v2\/posts"}],"about":[{"href":"https:\/\/noticiasribeiraopreto.com.br\/index.php\/wp-json\/wp\/v2\/types\/post"}],"author":[{"embeddable":true,"href":"https:\/\/noticiasribeiraopreto.com.br\/index.php\/wp-json\/wp\/v2\/users\/1"}],"replies":[{"embeddable":true,"href":"https:\/\/noticiasribeiraopreto.com.br\/index.php\/wp-json\/wp\/v2\/comments?post=84329"}],"version-history":[{"count":0,"href":"https:\/\/noticiasribeiraopreto.com.br\/index.php\/wp-json\/wp\/v2\/posts\/84329\/revisions"}],"wp:featuredmedia":[{"embeddable":true,"href":"https:\/\/noticiasribeiraopreto.com.br\/index.php\/wp-json\/wp\/v2\/media\/84330"}],"wp:attachment":[{"href":"https:\/\/noticiasribeiraopreto.com.br\/index.php\/wp-json\/wp\/v2\/media?parent=84329"}],"wp:term":[{"taxonomy":"category","embeddable":true,"href":"https:\/\/noticiasribeiraopreto.com.br\/index.php\/wp-json\/wp\/v2\/categories?post=84329"},{"taxonomy":"post_tag","embeddable":true,"href":"https:\/\/noticiasribeiraopreto.com.br\/index.php\/wp-json\/wp\/v2\/tags?post=84329"}],"curies":[{"name":"wp","href":"https:\/\/api.w.org\/{rel}","templated":true}]}}