{"id":84331,"date":"2026-04-07T16:39:14","date_gmt":"2026-04-07T19:39:14","guid":{"rendered":"https:\/\/noticiasribeiraopreto.com.br\/index.php\/2026\/04\/07\/prefeitura-de-ribeirao-anuncia-exoneracao-de-secretaria-de-infraestrutura-adjunto-tambem-deixa-o-cargo\/"},"modified":"2026-04-07T16:39:14","modified_gmt":"2026-04-07T19:39:14","slug":"prefeitura-de-ribeirao-anuncia-exoneracao-de-secretaria-de-infraestrutura-adjunto-tambem-deixa-o-cargo","status":"publish","type":"post","link":"https:\/\/noticiasribeiraopreto.com.br\/index.php\/2026\/04\/07\/prefeitura-de-ribeirao-anuncia-exoneracao-de-secretaria-de-infraestrutura-adjunto-tambem-deixa-o-cargo\/","title":{"rendered":"Prefeitura de Ribeir\u00e3o anuncia exonera\u00e7\u00e3o de secret\u00e1ria de Infraestrutura; adjunto tamb\u00e9m deixa o cargo"},"content":{"rendered":"<div class='code-block code-block-1' style='margin: 8px 0 8px auto; text-align: right; display: block; clear: both;'>\n<p><a href=\"https:\/\/wa.link\/vpicfd\"><img data-recalc-dims=\"1\" class=\"wp-image-4922\" style=\"aspect-ratio: 2.0253164556962027; width: 561px; height: auto;\" src=\"https:\/\/i0.wp.com\/ismaelcolosi.com.br\/wp-content\/uploads\/2023\/11\/grupo-de-empregos-whatsapp-e-facebook-ismael-colosi-vagas.jpg?ssl=1\" alt=\"\" \/><\/a><\/p>\n<!-- \/wp:image -->\n<\/div>\n<p> <br \/>\n<\/p>\n<div id=\"dsoaudio\">\n<div class=\"oknexcerpt resumo-noticia\">\n\t\t\t\t\t\t\t<button class=\"resumo-noticia__btn\" aria-expanded=\"false\" aria-controls=\"resumo-noticia-content\"><br \/>\n\t\t\t\t\t\t\t\t<span class=\"resumo-noticia__btn-text\">Ler o resumo da not\u00edcia<\/span><br \/>\n\t\t\t\t\t\t\t\t<svg xmlns=\"http:\/\/www.w3.org\/2000\/svg\" class=\"resumo-noticia__btn-icon\" width=\"24\" height=\"24\" viewbox=\"0 0 24 24\" fill=\"none\">\n\t\t\t\t\t\t\t\t\t<path d=\"M7.41 8.59L12 13.17L16.59 8.59L18 10L12 16L6 10L7.41 8.59Z\" fill=\"#196AA9\"\/>\n\t\t\t\t\t\t\t\t<\/svg><br \/>\n\t\t\t\t\t\t\t<\/button><\/p>\n<div class=\"resumo-noticia__content\" id=\"resumo-noticia-content\" style=\"max-height: 0px;\">\n<div class=\"resumo-noticia__content-inner\">\n<ul>\n<li>A Prefeitura de Ribeir\u00e3o Preto anunciou na ter\u00e7a-feira (7) a exonera\u00e7\u00e3o de Juliana Ogawa do cargo de secret\u00e1ria de Infraestrutura e Zeladoria.<\/li>\n<li>O secretary adjunto, Rodrigo Leal, tamb\u00e9m pediu demiss\u00e3o do cargo.<\/li>\n<li>Cl\u00e1udio Almeida assumir\u00e1 interinamente a pasta, acumulando com a Secretaria de Planejamento e Desenvolvimento Urbano.<\/li>\n<li>J\u00falio Caliento ser\u00e1 o novo secret\u00e1rio adjunto da Infraestrutura, e Mariana Sargento ocupar\u00e1 interinamente a Secretaria de Meio Ambiente.<\/li>\n<\/ul><\/div>\n<\/p><\/div>\n<\/p><\/div>\n<p><button type=\"button\" title=\"Salvar mat\u00e9ria\" class=\"dso bookmark-injection bookmark-save\"><br \/>\n        <svg xmlns=\"http:\/\/www.w3.org\/2000\/svg\" width=\"20\" height=\"24\" viewbox=\"0 0 20 24\" fill=\"none\">\n            <path d=\"M1 23V1H19V23L10 15.6667L1 23Z\" stroke=\"black\" stroke-width=\"1.3\" stroke-linejoin=\"round\"\/>\n        <\/svg><br \/>\n    <\/button> <\/p>\n<p>A <strong>Prefeitura de Ribeir\u00e3o Preto<\/strong> anunciou nesta ter\u00e7a-feira (7) a sa\u00edda de <strong>Juliana Ogawa<\/strong> do cargo de secret\u00e1ria de Infraestrutura e Zeladoria. J\u00e1 o secret\u00e1rio adjunto,<strong> Rodrigo Leal<\/strong>, tamb\u00e9m pediu para deixar a fun\u00e7\u00e3o.<\/p>\n<p>A exonera\u00e7\u00e3o de Ogawa deve ser publicada na edi\u00e7\u00e3o de hoje do <a href=\"https:\/\/cespro.com.br\/visualizarDiarioOficial.php?cdMunicipio=9314\" target=\"_blank\" data-type=\"link\" data-id=\"https:\/\/cespro.com.br\/visualizarDiarioOficial.php?cdMunicipio=9314\" rel=\"noreferrer noopener\">Di\u00e1rio Oficial do Munic\u00edpio<\/a>. Ela estava no cargo desde janeiro de 2025, in\u00edcio da gest\u00e3o do atual prefeito da cidade.<\/p>\n<blockquote class=\"wp-block-quote is-layout-flow wp-block-quote-is-layout-flow\">\n<p>\u201cO prefeito Ricardo Silva agradece \u00e0 ex-secret\u00e1ria Juliana Ogawa pelo comprometimento e lideran\u00e7a, com atua\u00e7\u00e3o marcada pelo empenho e pelos resultados entregues ao munic\u00edpio. O prefeito agradece tamb\u00e9m ao ex-secret\u00e1rio adjunto Rodrigo Leal pela dedica\u00e7\u00e3o \u00e0 pasta\u201d.<\/p>\n<\/blockquote>\n<div class=\"wp-block-image\">\n<figure class=\"aligncenter size-large is-resized\"><img data-recalc-dims=\"1\" loading=\"lazy\" decoding=\"async\" width=\"1024\" height=\"576\" alt=\"Copia de Copia de Copia de TAMANHO EXATO PARA FOTOS NO SISTEMA NOVO 2025 01 13T143912.584 2025 01 13 17 39 24 png 2025 01 13 17 39 24\" class=\"wp-image-105334\" style=\"width:654px\" title=\"Prefeitura de Ribeir\u00e3o anuncia exonera\u00e7\u00e3o de secret\u00e1ria de Infraestrutura; adjunto tamb\u00e9m deixa o cargo 1\" srcset=\"https:\/\/www.acidadeon.com\/ribeiraopreto\/wp-content\/uploads\/sites\/3\/2025\/01\/Copia-de-Copia-de-Copia-de-TAMANHO-EXATO-PARA-FOTOS-NO-SISTEMA-NOVO-2025-01-13T143912.584_2025-01-13_17-39-24_png_2025-01-13_17-39-24-1024x576.webp 1024w, https:\/\/www.acidadeon.com\/ribeiraopreto\/wp-content\/uploads\/sites\/3\/2025\/01\/Copia-de-Copia-de-Copia-de-TAMANHO-EXATO-PARA-FOTOS-NO-SISTEMA-NOVO-2025-01-13T143912.584_2025-01-13_17-39-24_png_2025-01-13_17-39-24-300x169.webp 300w, https:\/\/www.acidadeon.com\/ribeiraopreto\/wp-content\/uploads\/sites\/3\/2025\/01\/Copia-de-Copia-de-Copia-de-TAMANHO-EXATO-PARA-FOTOS-NO-SISTEMA-NOVO-2025-01-13T143912.584_2025-01-13_17-39-24_png_2025-01-13_17-39-24-768x432.webp 768w, https:\/\/www.acidadeon.com\/ribeiraopreto\/wp-content\/uploads\/sites\/3\/2025\/01\/Copia-de-Copia-de-Copia-de-TAMANHO-EXATO-PARA-FOTOS-NO-SISTEMA-NOVO-2025-01-13T143912.584_2025-01-13_17-39-24_png_2025-01-13_17-39-24-696x392.webp 696w, https:\/\/www.acidadeon.com\/ribeiraopreto\/wp-content\/uploads\/sites\/3\/2025\/01\/Copia-de-Copia-de-Copia-de-TAMANHO-EXATO-PARA-FOTOS-NO-SISTEMA-NOVO-2025-01-13T143912.584_2025-01-13_17-39-24_png_2025-01-13_17-39-24-1068x601.webp 1068w, https:\/\/www.acidadeon.com\/ribeiraopreto\/wp-content\/uploads\/sites\/3\/2025\/01\/Copia-de-Copia-de-Copia-de-TAMANHO-EXATO-PARA-FOTOS-NO-SISTEMA-NOVO-2025-01-13T143912.584_2025-01-13_17-39-24_png_2025-01-13_17-39-24.webp 1200w\" data-lazy-sizes=\"(max-width: 1024px) 100vw, 1024px\" src=\"https:\/\/i0.wp.com\/www.acidadeon.com\/ribeiraopreto\/wp-content\/uploads\/sites\/3\/2025\/01\/Copia-de-Copia-de-Copia-de-TAMANHO-EXATO-PARA-FOTOS-NO-SISTEMA-NOVO-2025-01-13T143912.584_2025-01-13_17-39-24_png_2025-01-13_17-39-24-1024x576.webp?resize=1024%2C576&#038;ssl=1\"\/><img data-recalc-dims=\"1\" loading=\"lazy\" decoding=\"async\" width=\"1024\" height=\"576\" src=\"https:\/\/i0.wp.com\/www.acidadeon.com\/ribeiraopreto\/wp-content\/uploads\/sites\/3\/2025\/01\/Copia-de-Copia-de-Copia-de-TAMANHO-EXATO-PARA-FOTOS-NO-SISTEMA-NOVO-2025-01-13T143912.584_2025-01-13_17-39-24_png_2025-01-13_17-39-24-1024x576.webp?resize=1024%2C576&#038;ssl=1\" alt=\"Copia de Copia de Copia de TAMANHO EXATO PARA FOTOS NO SISTEMA NOVO 2025 01 13T143912.584 2025 01 13 17 39 24 png 2025 01 13 17 39 24\" class=\"wp-image-105334\" style=\"width:654px\" title=\"Prefeitura de Ribeir\u00e3o anuncia exonera\u00e7\u00e3o de secret\u00e1ria de Infraestrutura; adjunto tamb\u00e9m deixa o cargo 1\" srcset=\"https:\/\/www.acidadeon.com\/ribeiraopreto\/wp-content\/uploads\/sites\/3\/2025\/01\/Copia-de-Copia-de-Copia-de-TAMANHO-EXATO-PARA-FOTOS-NO-SISTEMA-NOVO-2025-01-13T143912.584_2025-01-13_17-39-24_png_2025-01-13_17-39-24-1024x576.webp 1024w, https:\/\/www.acidadeon.com\/ribeiraopreto\/wp-content\/uploads\/sites\/3\/2025\/01\/Copia-de-Copia-de-Copia-de-TAMANHO-EXATO-PARA-FOTOS-NO-SISTEMA-NOVO-2025-01-13T143912.584_2025-01-13_17-39-24_png_2025-01-13_17-39-24-300x169.webp 300w, https:\/\/www.acidadeon.com\/ribeiraopreto\/wp-content\/uploads\/sites\/3\/2025\/01\/Copia-de-Copia-de-Copia-de-TAMANHO-EXATO-PARA-FOTOS-NO-SISTEMA-NOVO-2025-01-13T143912.584_2025-01-13_17-39-24_png_2025-01-13_17-39-24-768x432.webp 768w, https:\/\/www.acidadeon.com\/ribeiraopreto\/wp-content\/uploads\/sites\/3\/2025\/01\/Copia-de-Copia-de-Copia-de-TAMANHO-EXATO-PARA-FOTOS-NO-SISTEMA-NOVO-2025-01-13T143912.584_2025-01-13_17-39-24_png_2025-01-13_17-39-24-696x392.webp 696w, https:\/\/www.acidadeon.com\/ribeiraopreto\/wp-content\/uploads\/sites\/3\/2025\/01\/Copia-de-Copia-de-Copia-de-TAMANHO-EXATO-PARA-FOTOS-NO-SISTEMA-NOVO-2025-01-13T143912.584_2025-01-13_17-39-24_png_2025-01-13_17-39-24-1068x601.webp 1068w, https:\/\/www.acidadeon.com\/ribeiraopreto\/wp-content\/uploads\/sites\/3\/2025\/01\/Copia-de-Copia-de-Copia-de-TAMANHO-EXATO-PARA-FOTOS-NO-SISTEMA-NOVO-2025-01-13T143912.584_2025-01-13_17-39-24_png_2025-01-13_17-39-24.webp 1200w\" sizes=\"auto, (max-width: 1024px) 100vw, 1024px\"\/><figcaption class=\"wp-element-caption\">Juliana Ogawa, Ricardo Silva e Alessandro Maraca, em Ribeir\u00e3o Preto \u2013 Foto: Reprodu\u00e7\u00e3o \/ Instagram<\/figcaption><\/figure>\n<\/div>\n<h2 class=\"wp-block-heading\"><strong>Como fica?<\/strong><\/h2>\n<p>Com a sa\u00edda de Juliana, a Administra\u00e7\u00e3o Municipal informou que <strong>Cl\u00e1udio Almeida vai assumir interinamente a pasta<\/strong>,<mark style=\"background-color:#fcb900\" class=\"has-inline-color\"> acumulando a fun\u00e7\u00e3o com a Secretaria de Planejamento e Desenvolvimento Urbano.<\/mark><\/p>\n<p>J\u00e1 <strong>J\u00falio Caliento<\/strong>, que ocupava o cargo de subsecret\u00e1rio de Turismo na Secretaria de Cultura e Turismo, <strong>passa a responder como secret\u00e1rio adjunto da Infraestrutura<\/strong>.<\/p>\n<p>Al\u00e9m disso, devido \u00e0s mudan\u00e7as, <strong>Cl\u00e1udio Almeida deixa a Secretaria de Meio Ambiente, Agricultura e Sustentabilidade<\/strong>, que ser\u00e1 ocupada interinamente por <strong>Mariana Sargento<\/strong>, atual secret\u00e1ria adjunta da pasta.<\/p>\n<hr class=\"wp-block-separator has-alpha-channel-opacity\"\/>\n<p>SAIBA MAIS<\/p>\n<p>Alexandre de Moraes reduz pena de Walter Delgatti Neto por desempenho no Enem<\/p>\n<h2 class=\"wp-block-heading\"><strong>FIQUE ON<\/strong><\/h2>\n<p>Fique ligado em tudo que acontece em Ribeir\u00e3o Preto e regi\u00e3o. Siga os perfis do<strong>\u00a0acidade on\u00a0<\/strong>no<a href=\"https:\/\/www.instagram.com\/acidadeonribeirao\/\" target=\"_blank\" rel=\"noreferrer noopener\">\u00a0Instagram\u00a0<\/a>e no\u00a0<a href=\"https:\/\/www.facebook.com\/acidadeonribeirao\" target=\"_blank\" rel=\"noreferrer noopener\">Facebook<\/a>.<\/p>\n<p>Receba not\u00edcias do<strong>\u00a0acidade on\u00a0<\/strong>no WhatsApp. Para entrar no grupo,\u00a0basta\u00a0<a href=\"https:\/\/chat.whatsapp.com\/DfXwcjKVIddHUT3BvnQuPZ?mode=hqctshi\" target=\"_blank\" rel=\"noreferrer noopener\">clicar aqui<\/a>. Ou, acesse o nosso\u00a0Canal\u00a0<a href=\"https:\/\/whatsapp.com\/channel\/0029Vb6IQl1JENyAeS57fk2p\" target=\"_blank\" rel=\"noreferrer noopener\">clicando aqui<\/a>.<\/p>\n<p>Fa\u00e7a uma den\u00fancia ou sugira uma reportagem sobre Ribeir\u00e3o Preto e regi\u00e3o pelo WhatsApp: 16 99117 7802.<\/p>\n<p>VEJA TAMB\u00c9M<br \/>Sucesso de \u2018Emerg\u00eancia Radioativa\u2019 surpreende diretor<\/p>\n<p><input type=\"hidden\" name=\"postID\" id=\"postID\" value=\"151508\"\/><br \/>\n            <input type=\"hidden\" name=\"postType\" id=\"postType\" value=\"post\"\/><br \/>\n<!-- AI CONTENT END 1 -->\n        <\/div>\n<p><script async src=\"\/\/www.instagram.com\/embed.js\"><\/script><br \/>\n<br \/><br \/>\n<br \/><a href=\"https:\/\/www.acidadeon.com\/ribeiraopreto\/politica\/prefeitura-de-ribeirao-anuncia-exoneracao-de-secretaria-de-infraestrutura-adjunto-tambem-deixa-o-cargo\/\">Source link <\/a><\/p>\n<!-- CONTENT END 1 -->\n","protected":false},"excerpt":{"rendered":"<p>Ler o resumo da not\u00edcia A Prefeitura de Ribeir\u00e3o Preto anunciou na ter\u00e7a-feira (7) a exonera\u00e7\u00e3o de Juliana Ogawa do cargo de secret\u00e1ria de Infraestrutura&#8230;<\/p>\n","protected":false},"author":1,"featured_media":84332,"comment_status":"open","ping_status":"open","sticky":false,"template":"","format":"standard","meta":{"advanced_seo_description":"","jetpack_seo_html_title":"","jetpack_seo_noindex":false,"jetpack_post_was_ever_published":false,"_jetpack_newsletter_access":"","_jetpack_dont_email_post_to_subs":false,"_jetpack_newsletter_tier_id":0,"_jetpack_memberships_contains_paywalled_content":false,"_jetpack_memberships_contains_paid_content":false,"footnotes":"","jetpack_publicize_message":"","jetpack_publicize_feature_enabled":true,"jetpack_social_post_already_shared":true,"jetpack_social_options":{"image_generator_settings":{"template":"highway","default_image_id":0,"font":"","enabled":false},"version":2}},"categories":[11],"tags":[],"class_list":["post-84331","post","type-post","status-publish","format-standard","has-post-thumbnail","hentry","category-noticias-de-ribeirao-preto-sp-e-regiao-ismael-colosi"],"jetpack_publicize_connections":[],"jetpack_featured_media_url":"https:\/\/i0.wp.com\/noticiasribeiraopreto.com.br\/wp-content\/uploads\/2026\/04\/palace-22_2026-04-07_18-21-02.webp.webp?fit=1200%2C675&ssl=1","jetpack-related-posts":[{"id":84389,"url":"https:\/\/noticiasribeiraopreto.com.br\/index.php\/2026\/04\/08\/prefeito-de-ribeirao-preto-comenta-exoneracao-na-infraestrutura-nova-fase\/","url_meta":{"origin":84331,"position":0},"title":"Prefeito de Ribeir\u00e3o Preto comenta exonera\u00e7\u00e3o na Infraestrutura: \u2018nova fase\u2019","author":"noticiasribeiraopreto.com.br","date":"8 de April de 2026","format":false,"excerpt":"Ler o resumo da not\u00edcia Ricardo Silva (PSD), prefeito de Ribeir\u00e3o Preto, comentou nesta quarta-feira (8) a exonera\u00e7\u00e3o de Juliana Ogawa da Secretaria de Infraestrutura, anunciada na ter\u00e7a (7). O prefeito afirmou que a gest\u00e3o \"passa por uma nova fase, um pouco mais incisiva na infraestrutura\", citando desafios como ilumina\u00e7\u00e3o\u2026","rel":"","context":"In &quot;Not\u00edcias de Ribeir\u00e3o Preto-SP e Regi\u00e3o&quot;","block_context":{"text":"Not\u00edcias de Ribeir\u00e3o Preto-SP e Regi\u00e3o","link":"https:\/\/noticiasribeiraopreto.com.br\/index.php\/category\/noticias-de-ribeirao-preto-sp-e-regiao-ismael-colosi\/"},"img":{"alt_text":"","src":"https:\/\/i0.wp.com\/noticiasribeiraopreto.com.br\/wp-content\/uploads\/2026\/04\/ricardo-silva-7_2026-04-08_20-37-10.webp.webp?fit=1200%2C900&ssl=1&resize=350%2C200","width":350,"height":200,"srcset":"https:\/\/i0.wp.com\/noticiasribeiraopreto.com.br\/wp-content\/uploads\/2026\/04\/ricardo-silva-7_2026-04-08_20-37-10.webp.webp?fit=1200%2C900&ssl=1&resize=350%2C200 1x, https:\/\/i0.wp.com\/noticiasribeiraopreto.com.br\/wp-content\/uploads\/2026\/04\/ricardo-silva-7_2026-04-08_20-37-10.webp.webp?fit=1200%2C900&ssl=1&resize=525%2C300 1.5x, https:\/\/i0.wp.com\/noticiasribeiraopreto.com.br\/wp-content\/uploads\/2026\/04\/ricardo-silva-7_2026-04-08_20-37-10.webp.webp?fit=1200%2C900&ssl=1&resize=700%2C400 2x, https:\/\/i0.wp.com\/noticiasribeiraopreto.com.br\/wp-content\/uploads\/2026\/04\/ricardo-silva-7_2026-04-08_20-37-10.webp.webp?fit=1200%2C900&ssl=1&resize=1050%2C600 3x"},"classes":[]},{"id":84320,"url":"https:\/\/noticiasribeiraopreto.com.br\/index.php\/2026\/04\/07\/secretaria-de-infraestrutura-e-exonerada\/","url_meta":{"origin":84331,"position":1},"title":"Secret\u00e1ria de Infraestrutura \u00e9 exonerada","author":"noticiasribeiraopreto.com.br","date":"7 de April de 2026","format":false,"excerpt":"O Tribuna Ribeir\u00e3o apurou que o prefeito Ricardo Silva (PSD) anunciar\u00e1 nesta ter\u00e7a-feira, 7 de abril, a exonera\u00e7\u00e3o da secret\u00e1ria de Infraestrutura e Zeladoria Urbana, Juliana Ogawa. Ela estava no cargo, desde janeiro de 2025, in\u00edcio da gest\u00e3o do atual prefeito. No lugar dela assumir\u00e1 a pasta o atual secret\u00e1rio\u2026","rel":"","context":"In &quot;Not\u00edcias de Ribeir\u00e3o Preto-SP e Regi\u00e3o&quot;","block_context":{"text":"Not\u00edcias de Ribeir\u00e3o Preto-SP e Regi\u00e3o","link":"https:\/\/noticiasribeiraopreto.com.br\/index.php\/category\/noticias-de-ribeirao-preto-sp-e-regiao-ismael-colosi\/"},"img":{"alt_text":"","src":"https:\/\/i0.wp.com\/noticiasribeiraopreto.com.br\/wp-content\/uploads\/2026\/04\/juliana-ogawa-_-alfredo-risk-1-scaled.jpg?fit=1170%2C780&ssl=1&resize=350%2C200","width":350,"height":200,"srcset":"https:\/\/i0.wp.com\/noticiasribeiraopreto.com.br\/wp-content\/uploads\/2026\/04\/juliana-ogawa-_-alfredo-risk-1-scaled.jpg?fit=1170%2C780&ssl=1&resize=350%2C200 1x, https:\/\/i0.wp.com\/noticiasribeiraopreto.com.br\/wp-content\/uploads\/2026\/04\/juliana-ogawa-_-alfredo-risk-1-scaled.jpg?fit=1170%2C780&ssl=1&resize=525%2C300 1.5x, https:\/\/i0.wp.com\/noticiasribeiraopreto.com.br\/wp-content\/uploads\/2026\/04\/juliana-ogawa-_-alfredo-risk-1-scaled.jpg?fit=1170%2C780&ssl=1&resize=700%2C400 2x, https:\/\/i0.wp.com\/noticiasribeiraopreto.com.br\/wp-content\/uploads\/2026\/04\/juliana-ogawa-_-alfredo-risk-1-scaled.jpg?fit=1170%2C780&ssl=1&resize=1050%2C600 3x"},"classes":[]},{"id":66094,"url":"https:\/\/noticiasribeiraopreto.com.br\/index.php\/2025\/03\/27\/apos-45-dias-ex-vereador-pede-exoneracao-da-prefeitura-de-ribeirao-preto\/","url_meta":{"origin":84331,"position":2},"title":"Ap\u00f3s 45 dias, ex-vereador pede exonera\u00e7\u00e3o da Prefeitura de Ribeir\u00e3o Preto","author":"noticiasribeiraopreto.com.br","date":"27 de March de 2025","format":false,"excerpt":"Ap\u00f3s 45 dias, o ex-vereador S\u00e9rgio Zerbinato pediu exonera\u00e7\u00e3o do cargo de diretor do Departamento de Gest\u00e3o do Sistema Municipal de Sa\u00fade, da Secretaria Municipal de Assist\u00eancia Social de Ribeir\u00e3o Preto. A informa\u00e7\u00e3o consta em of\u00edcio enviado pelo ex-parlamentar nesta quinta-feira (27). A nomea\u00e7\u00e3o foi publicada no dia 28 de\u2026","rel":"","context":"In &quot;Not\u00edcias de Ribeir\u00e3o Preto-SP e Regi\u00e3o&quot;","block_context":{"text":"Not\u00edcias de Ribeir\u00e3o Preto-SP e Regi\u00e3o","link":"https:\/\/noticiasribeiraopreto.com.br\/index.php\/category\/noticias-de-ribeirao-preto-sp-e-regiao-ismael-colosi\/"},"img":{"alt_text":"","src":"https:\/\/i0.wp.com\/noticiasribeiraopreto.com.br\/wp-content\/uploads\/2025\/02\/Copia-de-Copia-de-Copia-de-TAMANHO-EXATO-PARA-FOTOS-NO-SISTEMA-NOVO-2025-02-28T193352.729_2025-02-28_22-34-02_png_2025-02-28_22-34-02.webp.webp?fit=1200%2C675&ssl=1&resize=350%2C200","width":350,"height":200,"srcset":"https:\/\/i0.wp.com\/noticiasribeiraopreto.com.br\/wp-content\/uploads\/2025\/02\/Copia-de-Copia-de-Copia-de-TAMANHO-EXATO-PARA-FOTOS-NO-SISTEMA-NOVO-2025-02-28T193352.729_2025-02-28_22-34-02_png_2025-02-28_22-34-02.webp.webp?fit=1200%2C675&ssl=1&resize=350%2C200 1x, https:\/\/i0.wp.com\/noticiasribeiraopreto.com.br\/wp-content\/uploads\/2025\/02\/Copia-de-Copia-de-Copia-de-TAMANHO-EXATO-PARA-FOTOS-NO-SISTEMA-NOVO-2025-02-28T193352.729_2025-02-28_22-34-02_png_2025-02-28_22-34-02.webp.webp?fit=1200%2C675&ssl=1&resize=525%2C300 1.5x, https:\/\/i0.wp.com\/noticiasribeiraopreto.com.br\/wp-content\/uploads\/2025\/02\/Copia-de-Copia-de-Copia-de-TAMANHO-EXATO-PARA-FOTOS-NO-SISTEMA-NOVO-2025-02-28T193352.729_2025-02-28_22-34-02_png_2025-02-28_22-34-02.webp.webp?fit=1200%2C675&ssl=1&resize=700%2C400 2x, https:\/\/i0.wp.com\/noticiasribeiraopreto.com.br\/wp-content\/uploads\/2025\/02\/Copia-de-Copia-de-Copia-de-TAMANHO-EXATO-PARA-FOTOS-NO-SISTEMA-NOVO-2025-02-28T193352.729_2025-02-28_22-34-02_png_2025-02-28_22-34-02.webp.webp?fit=1200%2C675&ssl=1&resize=1050%2C600 3x"},"classes":[]},{"id":83220,"url":"https:\/\/noticiasribeiraopreto.com.br\/index.php\/2026\/03\/13\/julio-balieiro-deixa-a-gestao-ricardo-silva\/","url_meta":{"origin":84331,"position":3},"title":"Julio Balieiro deixa a \u2028gest\u00e3o Ricardo Silva","author":"noticiasribeiraopreto.com.br","date":"13 de March de 2026","format":false,"excerpt":"Maur\u00edcio Godinho assume interinamente a pasta e continua \u00e0 frente da Secretaria de Sa\u00fade J\u00falio Balieiro deixou o cargo de secret\u00e1rio municipal de Assist\u00eancia Social por motivos de ordem pessoal, segundo informou na tarde desta quinta-feira, 12 de mar\u00e7o, a prefeitura de Ribeir\u00e3o Preto. \u201cO prefeito Ricardo Silva (PSD) agradece\u2026","rel":"","context":"In &quot;Not\u00edcias de Ribeir\u00e3o Preto-SP e Regi\u00e3o&quot;","block_context":{"text":"Not\u00edcias de Ribeir\u00e3o Preto-SP e Regi\u00e3o","link":"https:\/\/noticiasribeiraopreto.com.br\/index.php\/category\/noticias-de-ribeirao-preto-sp-e-regiao-ismael-colosi\/"},"img":{"alt_text":"","src":"https:\/\/i0.wp.com\/noticiasribeiraopreto.com.br\/wp-content\/uploads\/2026\/03\/SecreRP-Jul-Divulgacao-scaled.jpg?fit=520%2C780&ssl=1&resize=350%2C200","width":350,"height":200},"classes":[]},{"id":72495,"url":"https:\/\/noticiasribeiraopreto.com.br\/index.php\/2025\/06\/17\/mudancas-nas-secretarias-de-ribeirao-saiba-quem-assume-as-pastas-momentaneamente\/","url_meta":{"origin":84331,"position":4},"title":"Mudan\u00e7as nas secretarias de Ribeir\u00e3o: saiba quem assume as pastas momentaneamente","author":"noticiasribeiraopreto.com.br","date":"17 de June de 2025","format":false,"excerpt":"A Prefeitura de Ribeir\u00e3o Preto informou ao acidade on, no final da tarde desta ter\u00e7a-feira (17), quem ficar\u00e1 a frente das secretarias de Governo e de Planejamento e Desenvolvimento Urbano, ap\u00f3s a sa\u00edda dos titulares das pastas. De acordo com a Administra\u00e7\u00e3o, at\u00e9 que haja uma nova delibera\u00e7\u00e3o e sejam\u2026","rel":"","context":"In &quot;Not\u00edcias de Ribeir\u00e3o Preto-SP e Regi\u00e3o&quot;","block_context":{"text":"Not\u00edcias de Ribeir\u00e3o Preto-SP e Regi\u00e3o","link":"https:\/\/noticiasribeiraopreto.com.br\/index.php\/category\/noticias-de-ribeirao-preto-sp-e-regiao-ismael-colosi\/"},"img":{"alt_text":"","src":"https:\/\/i0.wp.com\/noticiasribeiraopreto.com.br\/wp-content\/uploads\/2025\/06\/Copia-de-Copia-de-Copia-de-TAMANHO-EXATO-PARA-FOTOS-NO-SISTEMA-NOVO-2025-06-17T175035.026_2025-06-17_20-50-40.webp.webp?fit=1200%2C675&ssl=1&resize=350%2C200","width":350,"height":200,"srcset":"https:\/\/i0.wp.com\/noticiasribeiraopreto.com.br\/wp-content\/uploads\/2025\/06\/Copia-de-Copia-de-Copia-de-TAMANHO-EXATO-PARA-FOTOS-NO-SISTEMA-NOVO-2025-06-17T175035.026_2025-06-17_20-50-40.webp.webp?fit=1200%2C675&ssl=1&resize=350%2C200 1x, https:\/\/i0.wp.com\/noticiasribeiraopreto.com.br\/wp-content\/uploads\/2025\/06\/Copia-de-Copia-de-Copia-de-TAMANHO-EXATO-PARA-FOTOS-NO-SISTEMA-NOVO-2025-06-17T175035.026_2025-06-17_20-50-40.webp.webp?fit=1200%2C675&ssl=1&resize=525%2C300 1.5x, https:\/\/i0.wp.com\/noticiasribeiraopreto.com.br\/wp-content\/uploads\/2025\/06\/Copia-de-Copia-de-Copia-de-TAMANHO-EXATO-PARA-FOTOS-NO-SISTEMA-NOVO-2025-06-17T175035.026_2025-06-17_20-50-40.webp.webp?fit=1200%2C675&ssl=1&resize=700%2C400 2x, https:\/\/i0.wp.com\/noticiasribeiraopreto.com.br\/wp-content\/uploads\/2025\/06\/Copia-de-Copia-de-Copia-de-TAMANHO-EXATO-PARA-FOTOS-NO-SISTEMA-NOVO-2025-06-17T175035.026_2025-06-17_20-50-40.webp.webp?fit=1200%2C675&ssl=1&resize=1050%2C600 3x"},"classes":[]},{"id":62401,"url":"https:\/\/noticiasribeiraopreto.com.br\/index.php\/2025\/01\/13\/secretaria-e-nomeada-interinamente-para-pasta-de-obras-publicas-de-ribeirao-preto\/","url_meta":{"origin":84331,"position":5},"title":"Secret\u00e1ria \u00e9 nomeada interinamente para pasta de Obras P\u00fablicas de Ribeir\u00e3o Preto","author":"noticiasribeiraopreto.com.br","date":"13 de January de 2025","format":false,"excerpt":"A Secret\u00e1ria de Infraestrutura de Ribeir\u00e3o Preto, Juliana Ogawa, foi nomeada interinamente para a Secretaria de Obras P\u00fablicas do munic\u00edpio. A nomea\u00e7\u00e3o foi oficializada no Di\u00e1rio Oficial da \u00faltima sexta-feira, 10 de janeiro, com efeito retroativo a 2 de janeiro de 2025. Walter Telli, que havia sido originalmente nomeado para\u2026","rel":"","context":"In &quot;Not\u00edcias de Ribeir\u00e3o Preto-SP e Regi\u00e3o&quot;","block_context":{"text":"Not\u00edcias de Ribeir\u00e3o Preto-SP e Regi\u00e3o","link":"https:\/\/noticiasribeiraopreto.com.br\/index.php\/category\/noticias-de-ribeirao-preto-sp-e-regiao-ismael-colosi\/"},"img":{"alt_text":"","src":"https:\/\/i0.wp.com\/noticiasribeiraopreto.com.br\/wp-content\/uploads\/2025\/01\/Copia-de-Copia-de-Copia-de-TAMANHO-EXATO-PARA-FOTOS-NO-SISTEMA-NOVO-2025-01-13T143912.584_2025-01-13_17-39-24_png_2025-01-13_17-39-24.webp.webp?fit=1200%2C675&ssl=1&resize=350%2C200","width":350,"height":200,"srcset":"https:\/\/i0.wp.com\/noticiasribeiraopreto.com.br\/wp-content\/uploads\/2025\/01\/Copia-de-Copia-de-Copia-de-TAMANHO-EXATO-PARA-FOTOS-NO-SISTEMA-NOVO-2025-01-13T143912.584_2025-01-13_17-39-24_png_2025-01-13_17-39-24.webp.webp?fit=1200%2C675&ssl=1&resize=350%2C200 1x, https:\/\/i0.wp.com\/noticiasribeiraopreto.com.br\/wp-content\/uploads\/2025\/01\/Copia-de-Copia-de-Copia-de-TAMANHO-EXATO-PARA-FOTOS-NO-SISTEMA-NOVO-2025-01-13T143912.584_2025-01-13_17-39-24_png_2025-01-13_17-39-24.webp.webp?fit=1200%2C675&ssl=1&resize=525%2C300 1.5x, https:\/\/i0.wp.com\/noticiasribeiraopreto.com.br\/wp-content\/uploads\/2025\/01\/Copia-de-Copia-de-Copia-de-TAMANHO-EXATO-PARA-FOTOS-NO-SISTEMA-NOVO-2025-01-13T143912.584_2025-01-13_17-39-24_png_2025-01-13_17-39-24.webp.webp?fit=1200%2C675&ssl=1&resize=700%2C400 2x, https:\/\/i0.wp.com\/noticiasribeiraopreto.com.br\/wp-content\/uploads\/2025\/01\/Copia-de-Copia-de-Copia-de-TAMANHO-EXATO-PARA-FOTOS-NO-SISTEMA-NOVO-2025-01-13T143912.584_2025-01-13_17-39-24_png_2025-01-13_17-39-24.webp.webp?fit=1200%2C675&ssl=1&resize=1050%2C600 3x"},"classes":[]}],"jetpack_sharing_enabled":true,"jetpack_shortlink":"https:\/\/wp.me\/peQAOb-lWb","_links":{"self":[{"href":"https:\/\/noticiasribeiraopreto.com.br\/index.php\/wp-json\/wp\/v2\/posts\/84331","targetHints":{"allow":["GET"]}}],"collection":[{"href":"https:\/\/noticiasribeiraopreto.com.br\/index.php\/wp-json\/wp\/v2\/posts"}],"about":[{"href":"https:\/\/noticiasribeiraopreto.com.br\/index.php\/wp-json\/wp\/v2\/types\/post"}],"author":[{"embeddable":true,"href":"https:\/\/noticiasribeiraopreto.com.br\/index.php\/wp-json\/wp\/v2\/users\/1"}],"replies":[{"embeddable":true,"href":"https:\/\/noticiasribeiraopreto.com.br\/index.php\/wp-json\/wp\/v2\/comments?post=84331"}],"version-history":[{"count":0,"href":"https:\/\/noticiasribeiraopreto.com.br\/index.php\/wp-json\/wp\/v2\/posts\/84331\/revisions"}],"wp:featuredmedia":[{"embeddable":true,"href":"https:\/\/noticiasribeiraopreto.com.br\/index.php\/wp-json\/wp\/v2\/media\/84332"}],"wp:attachment":[{"href":"https:\/\/noticiasribeiraopreto.com.br\/index.php\/wp-json\/wp\/v2\/media?parent=84331"}],"wp:term":[{"taxonomy":"category","embeddable":true,"href":"https:\/\/noticiasribeiraopreto.com.br\/index.php\/wp-json\/wp\/v2\/categories?post=84331"},{"taxonomy":"post_tag","embeddable":true,"href":"https:\/\/noticiasribeiraopreto.com.br\/index.php\/wp-json\/wp\/v2\/tags?post=84331"}],"curies":[{"name":"wp","href":"https:\/\/api.w.org\/{rel}","templated":true}]}}