{"id":84339,"date":"2026-04-07T18:57:24","date_gmt":"2026-04-07T21:57:24","guid":{"rendered":"https:\/\/noticiasribeiraopreto.com.br\/index.php\/2026\/04\/07\/ribeirao-preto-recebe-estreia-da-turne-classicos-de-gika-bacci\/"},"modified":"2026-04-07T18:57:24","modified_gmt":"2026-04-07T21:57:24","slug":"ribeirao-preto-recebe-estreia-da-turne-classicos-de-gika-bacci","status":"publish","type":"post","link":"https:\/\/noticiasribeiraopreto.com.br\/index.php\/2026\/04\/07\/ribeirao-preto-recebe-estreia-da-turne-classicos-de-gika-bacci\/","title":{"rendered":"Ribeir\u00e3o Preto recebe estreia da turn\u00ea &#8216;Cl\u00e1ssicos&#8217;, de Gika Bacci"},"content":{"rendered":"<div class='code-block code-block-1' style='margin: 8px 0 8px auto; text-align: right; display: block; clear: both;'>\n<p><a href=\"https:\/\/wa.link\/vpicfd\"><img data-recalc-dims=\"1\" class=\"wp-image-4922\" style=\"aspect-ratio: 2.0253164556962027; width: 561px; height: auto;\" src=\"https:\/\/i0.wp.com\/ismaelcolosi.com.br\/wp-content\/uploads\/2023\/11\/grupo-de-empregos-whatsapp-e-facebook-ismael-colosi-vagas.jpg?ssl=1\" alt=\"\" \/><\/a><\/p>\n<!-- \/wp:image -->\n<\/div>\n<p> <br \/>\n<\/p>\n<div id=\"dsoaudio\">\n<div class=\"oknexcerpt resumo-noticia\">\n\t\t\t\t\t\t\t<button class=\"resumo-noticia__btn\" aria-expanded=\"false\" aria-controls=\"resumo-noticia-content\"><br \/>\n\t\t\t\t\t\t\t\t<span class=\"resumo-noticia__btn-text\">Ler o resumo da not\u00edcia<\/span><br \/>\n\t\t\t\t\t\t\t\t<svg xmlns=\"http:\/\/www.w3.org\/2000\/svg\" class=\"resumo-noticia__btn-icon\" width=\"24\" height=\"24\" viewbox=\"0 0 24 24\" fill=\"none\">\n\t\t\t\t\t\t\t\t\t<path d=\"M7.41 8.59L12 13.17L16.59 8.59L18 10L12 16L6 10L7.41 8.59Z\" fill=\"#196AA9\"\/>\n\t\t\t\t\t\t\t\t<\/svg><br \/>\n\t\t\t\t\t\t\t<\/button><\/p>\n<div class=\"resumo-noticia__content\" id=\"resumo-noticia-content\" style=\"max-height: 0px;\">\n<div class=\"resumo-noticia__content-inner\">\n<ul>&#13;<\/p>\n<li>Gika Bacci estr\u00e9i\u00e9 turn\u00ea &#8220;Cl\u00e1ssicos&#8221; em Ribeir\u00e3o Preto no dia 23 de abril, no Hard Rock Cafe.<\/li>\n<p>&#13;<\/p>\n<li>O show apresenta releituras de cl\u00e1ssicos do soul, R&amp;B e rock, com m\u00fasicas de Phil Collins, Elton John, Cyndi Lauper, Bon Jovi e Aerosmith.<\/li>\n<p>&#13;<\/p>\n<li>A apresenta\u00e7\u00e3o tamb\u00e9m inclui can\u00e7\u00f5es de artistas contempor\u00e2neos, como Adele e Lady Gaga.<\/li>\n<p>&#13;<\/p>\n<li>A\u6b4c\u624b\u6765\u81eaRibeir\u00e3o Preto\uff0c\u5de1\u6f14\u5c06\u5728\u5168\u5e74\u7ee7\u7eed\u5728\u5176\u4ed6\u57ce\u5e02\u8fdb\u884c\u3002<\/li>\n<p>&#13;\n<\/ul>\n<\/p><\/div>\n<\/p><\/div>\n<\/p><\/div>\n<p><button type=\"button\" title=\"Salvar mat\u00e9ria\" class=\"dso bookmark-injection bookmark-save\"><br \/>\n        <svg xmlns=\"http:\/\/www.w3.org\/2000\/svg\" width=\"20\" height=\"24\" viewbox=\"0 0 20 24\" fill=\"none\">\n            <path d=\"M1 23V1H19V23L10 15.6667L1 23Z\" stroke=\"black\" stroke-width=\"1.3\" stroke-linejoin=\"round\"\/>\n        <\/svg><br \/>\n    <\/button> <\/p>\n<p><strong>Ribeir\u00e3o Preto<\/strong> recebe, no dia 23 de abril, a estreia da turn\u00ea \u201cCl\u00e1ssicos\u201d, da cantora Gika Bacci. O show acontece no <strong>Hard Rock Cafe Ribeir\u00e3o Preto<\/strong> e marca o in\u00edcio de um novo projeto da artista, que ganhou proje\u00e7\u00e3o nacional ap\u00f3s participa\u00e7\u00e3o no <strong>The Voice Brasil 2018.<\/strong><\/p>\n<p>Natural da cidade, <strong>Gika Bacci<\/strong> apresenta um espet\u00e1culo voltado aos grandes sucessos internacionais que marcaram diferentes gera\u00e7\u00f5es. O repert\u00f3rio re\u00fane interpreta\u00e7\u00f5es de cl\u00e1ssicos do soul, <strong>R&amp;B e rock<\/strong>, com m\u00fasicas de artistas como<strong> Phil Collins<\/strong>,<strong> Elton John<\/strong>, <strong>Cyndi Lauper<\/strong>, <strong>Bon Jovi<\/strong> e <strong>Aerosmith<\/strong>. A apresenta\u00e7\u00e3o tamb\u00e9m inclui can\u00e7\u00f5es de nomes contempor\u00e2neos, como <strong>Adele e Lady Gaga<\/strong>.<\/p>\n<blockquote class=\"instagram-media\" data-instgrm-permalink=\"https:\/\/www.instagram.com\/reel\/Csou-8EPPqR\/?utm_source=ig_embed&amp;utm_campaign=loading\" data-instgrm-version=\"14\" style=\" background:#FFF; border:0; border-radius:3px; box-shadow:0 0 1px 0 rgba(0,0,0,0.5),0 1px 10px 0 rgba(0,0,0,0.15); margin: 1px; max-width:540px; min-width:326px; padding:0; width:99.375%; width:-webkit-calc(100% - 2px); width:calc(100% - 2px);\"\/>\n<h2 class=\"wp-block-heading\">Turn\u00ea \u2018Cl\u00e1ssicos\u2019<\/h2>\n<p>A proposta da turn\u00ea \u201cCl\u00e1ssicos\u201d destaca releituras com identidade pr\u00f3pria, explorando a pot\u00eancia vocal da cantora em arranjos que dialogam com suas influ\u00eancias musicais. Segundo <strong>Gika Bacci<\/strong>, o projeto surgiu a partir de uma imers\u00e3o em refer\u00eancias que constru\u00edram sua trajet\u00f3ria art\u00edstica.<\/p>\n<div class=\"wp-block-image\">\n<figure class=\"aligncenter size-large\"><img data-recalc-dims=\"1\" loading=\"lazy\" decoding=\"async\" width=\"768\" height=\"1024\" alt=\"gika\" class=\"wp-image-151526\" title=\"Ribeir\u00e3o Preto recebe estreia da turn\u00ea 'Cl\u00e1ssicos', de Gika Bacci 1\" srcset=\"https:\/\/www.acidadeon.com\/ribeiraopreto\/wp-content\/uploads\/sites\/3\/2026\/04\/Fiquei-bem-de-chapelao-gente-\u2764\ufe0fCaso-do-acaso-bem-marcado-em-cartas-de-tarot-\ud83c\udf1e\ud83c\udf1d\ud83d\udcf8-@danubio_bim_2026-04-07_20-01-31-768x1024.webp 768w, https:\/\/www.acidadeon.com\/ribeiraopreto\/wp-content\/uploads\/sites\/3\/2026\/04\/Fiquei-bem-de-chapelao-gente-\u2764\ufe0fCaso-do-acaso-bem-marcado-em-cartas-de-tarot-\ud83c\udf1e\ud83c\udf1d\ud83d\udcf8-@danubio_bim_2026-04-07_20-01-31-225x300.webp 225w, https:\/\/www.acidadeon.com\/ribeiraopreto\/wp-content\/uploads\/sites\/3\/2026\/04\/Fiquei-bem-de-chapelao-gente-\u2764\ufe0fCaso-do-acaso-bem-marcado-em-cartas-de-tarot-\ud83c\udf1e\ud83c\udf1d\ud83d\udcf8-@danubio_bim_2026-04-07_20-01-31-400x533.webp 400w, https:\/\/www.acidadeon.com\/ribeiraopreto\/wp-content\/uploads\/sites\/3\/2026\/04\/Fiquei-bem-de-chapelao-gente-\u2764\ufe0fCaso-do-acaso-bem-marcado-em-cartas-de-tarot-\ud83c\udf1e\ud83c\udf1d\ud83d\udcf8-@danubio_bim_2026-04-07_20-01-31-640x853.webp 640w, https:\/\/www.acidadeon.com\/ribeiraopreto\/wp-content\/uploads\/sites\/3\/2026\/04\/Fiquei-bem-de-chapelao-gente-\u2764\ufe0fCaso-do-acaso-bem-marcado-em-cartas-de-tarot-\ud83c\udf1e\ud83c\udf1d\ud83d\udcf8-@danubio_bim_2026-04-07_20-01-31-150x200.webp 150w, https:\/\/www.acidadeon.com\/ribeiraopreto\/wp-content\/uploads\/sites\/3\/2026\/04\/Fiquei-bem-de-chapelao-gente-\u2764\ufe0fCaso-do-acaso-bem-marcado-em-cartas-de-tarot-\ud83c\udf1e\ud83c\udf1d\ud83d\udcf8-@danubio_bim_2026-04-07_20-01-31.webp 1080w\" data-lazy-sizes=\"(max-width: 768px) 100vw, 768px\" src=\"https:\/\/i0.wp.com\/www.acidadeon.com\/ribeiraopreto\/wp-content\/uploads\/sites\/3\/2026\/04\/Fiquei-bem-de-chapelao-gente-%E2%9D%A4%EF%B8%8FCaso-do-acaso-bem-marcado-em-cartas-de-tarot-%F0%9F%8C%9E%F0%9F%8C%9D%F0%9F%93%B8-%40danubio_bim_2026-04-07_20-01-31-768x1024.webp?resize=768%2C1024&#038;ssl=1\"\/><img data-recalc-dims=\"1\" loading=\"lazy\" decoding=\"async\" width=\"768\" height=\"1024\" src=\"https:\/\/i0.wp.com\/www.acidadeon.com\/ribeiraopreto\/wp-content\/uploads\/sites\/3\/2026\/04\/Fiquei-bem-de-chapelao-gente-%E2%9D%A4%EF%B8%8FCaso-do-acaso-bem-marcado-em-cartas-de-tarot-%F0%9F%8C%9E%F0%9F%8C%9D%F0%9F%93%B8-%40danubio_bim_2026-04-07_20-01-31-768x1024.webp?resize=768%2C1024&#038;ssl=1\" alt=\"gika\" class=\"wp-image-151526\" title=\"Ribeir\u00e3o Preto recebe estreia da turn\u00ea 'Cl\u00e1ssicos', de Gika Bacci 1\" srcset=\"https:\/\/www.acidadeon.com\/ribeiraopreto\/wp-content\/uploads\/sites\/3\/2026\/04\/Fiquei-bem-de-chapelao-gente-\u2764\ufe0fCaso-do-acaso-bem-marcado-em-cartas-de-tarot-\ud83c\udf1e\ud83c\udf1d\ud83d\udcf8-@danubio_bim_2026-04-07_20-01-31-768x1024.webp 768w, https:\/\/www.acidadeon.com\/ribeiraopreto\/wp-content\/uploads\/sites\/3\/2026\/04\/Fiquei-bem-de-chapelao-gente-\u2764\ufe0fCaso-do-acaso-bem-marcado-em-cartas-de-tarot-\ud83c\udf1e\ud83c\udf1d\ud83d\udcf8-@danubio_bim_2026-04-07_20-01-31-225x300.webp 225w, https:\/\/www.acidadeon.com\/ribeiraopreto\/wp-content\/uploads\/sites\/3\/2026\/04\/Fiquei-bem-de-chapelao-gente-\u2764\ufe0fCaso-do-acaso-bem-marcado-em-cartas-de-tarot-\ud83c\udf1e\ud83c\udf1d\ud83d\udcf8-@danubio_bim_2026-04-07_20-01-31-400x533.webp 400w, https:\/\/www.acidadeon.com\/ribeiraopreto\/wp-content\/uploads\/sites\/3\/2026\/04\/Fiquei-bem-de-chapelao-gente-\u2764\ufe0fCaso-do-acaso-bem-marcado-em-cartas-de-tarot-\ud83c\udf1e\ud83c\udf1d\ud83d\udcf8-@danubio_bim_2026-04-07_20-01-31-640x853.webp 640w, https:\/\/www.acidadeon.com\/ribeiraopreto\/wp-content\/uploads\/sites\/3\/2026\/04\/Fiquei-bem-de-chapelao-gente-\u2764\ufe0fCaso-do-acaso-bem-marcado-em-cartas-de-tarot-\ud83c\udf1e\ud83c\udf1d\ud83d\udcf8-@danubio_bim_2026-04-07_20-01-31-150x200.webp 150w, https:\/\/www.acidadeon.com\/ribeiraopreto\/wp-content\/uploads\/sites\/3\/2026\/04\/Fiquei-bem-de-chapelao-gente-\u2764\ufe0fCaso-do-acaso-bem-marcado-em-cartas-de-tarot-\ud83c\udf1e\ud83c\udf1d\ud83d\udcf8-@danubio_bim_2026-04-07_20-01-31.webp 1080w\" sizes=\"auto, (max-width: 768px) 100vw, 768px\"\/><\/figure>\n<\/div>\n<p>A estreia em Ribeir\u00e3o Preto abre a agenda de shows da turn\u00ea, que deve percorrer outras cidades ao longo do ano. <\/p>\n<p>Os ingressos para o show de Gika Bacci no Hard Rock Cafe Ribeir\u00e3o Preto j\u00e1 est\u00e3o \u00e0 venda \u2013 <a href=\"https:\/\/www.sympla.com.br\/evento\/gika-bacci-canta-classicos-da-musica\/3351761?referrer=instagram.com&amp;referrer=instagram.com&amp;share_id=copiarlink\" target=\"_blank\" rel=\"noopener\">clique aqui<\/a>. O primeiro lote possui quantidade limitada e pode ser adquirido antecipadamente.<\/p>\n<p><strong>Servi\u00e7o<\/strong><br \/>Evento: Estreia da turn\u00ea \u201cCl\u00e1ssicos\u201d \u2013 Gika Bacci<br \/>Data: 23 de abril<br \/>Local: Hard Rock Cafe Ribeir\u00e3o Preto<\/p>\n<hr class=\"wp-block-separator has-alpha-channel-opacity\"\/>\n<p>SAIBA MAIS<br \/>Evento re\u00fane 40 brech\u00f3s e 15 mil pe\u00e7as em Ribeir\u00e3o Preto; Veja quando<\/p>\n<h2 class=\"wp-block-heading\"><strong>FIQUE ON<\/strong><\/h2>\n<p>Fique ligado em tudo que acontece em Ribeir\u00e3o Preto e regi\u00e3o. Siga os perfis do<strong>\u00a0acidade on\u00a0<\/strong>no<a href=\"https:\/\/www.instagram.com\/acidadeonribeirao\/\" target=\"_blank\" rel=\"noreferrer noopener\">\u00a0Instagram\u00a0<\/a>e no\u00a0<a href=\"https:\/\/www.facebook.com\/acidadeonribeirao\" target=\"_blank\" rel=\"noreferrer noopener\">Facebook<\/a>.<\/p>\n<p>Receba not\u00edcias do<strong>\u00a0acidade on\u00a0<\/strong>no WhatsApp. Para entrar no grupo,\u00a0basta\u00a0<a href=\"https:\/\/chat.whatsapp.com\/DfXwcjKVIddHUT3BvnQuPZ?mode=hqctshi\" target=\"_blank\" rel=\"noreferrer noopener\">clicar aqui<\/a>. Ou, acesse o nosso\u00a0Canal\u00a0<a href=\"https:\/\/whatsapp.com\/channel\/0029Vb6IQl1JENyAeS57fk2p\" target=\"_blank\" rel=\"noreferrer noopener\">clicando aqui<\/a>.<\/p>\n<p>Fa\u00e7a uma den\u00fancia ou sugira uma reportagem sobre Ribeir\u00e3o Preto e regi\u00e3o pelo WhatsApp: 16 99117 7802.<\/p>\n<p>VEJA TAMB\u00c9M<br \/>Sucesso de \u2018Emerg\u00eancia Radioativa\u2019 surpreende diretor<\/p>\n<p><input type=\"hidden\" name=\"postID\" id=\"postID\" value=\"151525\"\/><br \/>\n            <input type=\"hidden\" name=\"postType\" id=\"postType\" value=\"post\"\/><br \/>\n<!-- AI CONTENT END 1 -->\n        <\/div>\n<p><script async src=\"\/\/www.instagram.com\/embed.js\"><\/script><br \/>\n<br \/><br \/>\n<br \/><a href=\"https:\/\/www.acidadeon.com\/ribeiraopreto\/lazer-e-cultura\/ribeirao-preto-recebe-estreia-da-turne-classicos-de-gika-bacci\/\">Source link <\/a><\/p>\n<!-- CONTENT END 1 -->\n","protected":false},"excerpt":{"rendered":"<p>Ler o resumo da not\u00edcia &#13; Gika Bacci estr\u00e9i\u00e9 turn\u00ea &#8220;Cl\u00e1ssicos&#8221; em Ribeir\u00e3o Preto no dia 23 de abril, no Hard Rock Cafe. &#13; O&#8230;<\/p>\n","protected":false},"author":1,"featured_media":84340,"comment_status":"open","ping_status":"open","sticky":false,"template":"","format":"standard","meta":{"advanced_seo_description":"","jetpack_seo_html_title":"","jetpack_seo_noindex":false,"jetpack_post_was_ever_published":false,"_jetpack_newsletter_access":"","_jetpack_dont_email_post_to_subs":false,"_jetpack_newsletter_tier_id":0,"_jetpack_memberships_contains_paywalled_content":false,"_jetpack_memberships_contains_paid_content":false,"footnotes":"","jetpack_publicize_message":"","jetpack_publicize_feature_enabled":true,"jetpack_social_post_already_shared":true,"jetpack_social_options":{"image_generator_settings":{"template":"highway","default_image_id":0,"font":"","enabled":false},"version":2}},"categories":[11],"tags":[],"class_list":["post-84339","post","type-post","status-publish","format-standard","has-post-thumbnail","hentry","category-noticias-de-ribeirao-preto-sp-e-regiao-ismael-colosi"],"jetpack_publicize_connections":[],"jetpack_featured_media_url":"https:\/\/i0.wp.com\/noticiasribeiraopreto.com.br\/wp-content\/uploads\/2026\/04\/palace-2026-04-07T165738.131_2026-04-07_20-03-52.webp.webp?fit=1200%2C675&ssl=1","jetpack-related-posts":[{"id":60241,"url":"https:\/\/noticiasribeiraopreto.com.br\/index.php\/2024\/11\/08\/ribeirao-tem-feira-com-cerveja-artesanal-food-trucks-e-musica-ao-vivo-veja-quando\/","url_meta":{"origin":84339,"position":0},"title":"Ribeir\u00e3o tem feira com cerveja artesanal, food trucks e m\u00fasica ao vivo; Veja quando","author":"noticiasribeiraopreto.com.br","date":"8 de November de 2024","format":false,"excerpt":"Ribeir\u00e3o Preto recebe neste domingo (10), uma nova edi\u00e7\u00e3o da Feira do Coletivo na pra\u00e7a Sete de Setembro, regi\u00e3o Central do munic\u00edpio. O evento \u00e9 gratuito e aberto ao p\u00fablico. A feira acontece das 15h \u00e0s 21h e conta com m\u00fasica ao vivo, food trucks, cervejas e chopes artesanais, comidas\u2026","rel":"","context":"In &quot;Not\u00edcias de Ribeir\u00e3o Preto-SP e Regi\u00e3o&quot;","block_context":{"text":"Not\u00edcias de Ribeir\u00e3o Preto-SP e Regi\u00e3o","link":"https:\/\/noticiasribeiraopreto.com.br\/index.php\/category\/noticias-de-ribeirao-preto-sp-e-regiao-ismael-colosi\/"},"img":{"alt_text":"","src":"https:\/\/i0.wp.com\/noticiasribeiraopreto.com.br\/wp-content\/uploads\/2024\/11\/Leo-Gallo_Coletivo.jpeg?fit=1143%2C761&ssl=1&resize=350%2C200","width":350,"height":200,"srcset":"https:\/\/i0.wp.com\/noticiasribeiraopreto.com.br\/wp-content\/uploads\/2024\/11\/Leo-Gallo_Coletivo.jpeg?fit=1143%2C761&ssl=1&resize=350%2C200 1x, https:\/\/i0.wp.com\/noticiasribeiraopreto.com.br\/wp-content\/uploads\/2024\/11\/Leo-Gallo_Coletivo.jpeg?fit=1143%2C761&ssl=1&resize=525%2C300 1.5x, https:\/\/i0.wp.com\/noticiasribeiraopreto.com.br\/wp-content\/uploads\/2024\/11\/Leo-Gallo_Coletivo.jpeg?fit=1143%2C761&ssl=1&resize=700%2C400 2x, https:\/\/i0.wp.com\/noticiasribeiraopreto.com.br\/wp-content\/uploads\/2024\/11\/Leo-Gallo_Coletivo.jpeg?fit=1143%2C761&ssl=1&resize=1050%2C600 3x"},"classes":[]},{"id":76409,"url":"https:\/\/noticiasribeiraopreto.com.br\/index.php\/2025\/08\/28\/eptv-leva-diversao-musica-e-brindes-para-a-festa-do-peao-de-barretos-nesta-sexta\/","url_meta":{"origin":84339,"position":1},"title":"EPTV leva divers\u00e3o, m\u00fasica e brindes para a Festa do Pe\u00e3o de Barretos nesta sexta","author":"noticiasribeiraopreto.com.br","date":"28 de August de 2025","format":false,"excerpt":"A Festa do Pe\u00e3o de Barretos vai ganhar ainda mais interatividade e entretenimento nesta sexta-feira (29). Das 18h \u00e0s 23h, o estande da EPTV ser\u00e1 palco de uma s\u00e9rie de ativa\u00e7\u00f5es especiais, abertas ao p\u00fablico que quiser se divertir e viver novas experi\u00eancias durante o evento. A programa\u00e7\u00e3o traz atra\u00e7\u00f5es\u2026","rel":"","context":"In &quot;Not\u00edcias de Ribeir\u00e3o Preto-SP e Regi\u00e3o&quot;","block_context":{"text":"Not\u00edcias de Ribeir\u00e3o Preto-SP e Regi\u00e3o","link":"https:\/\/noticiasribeiraopreto.com.br\/index.php\/category\/noticias-de-ribeirao-preto-sp-e-regiao-ismael-colosi\/"},"img":{"alt_text":"","src":"https:\/\/i0.wp.com\/noticiasribeiraopreto.com.br\/wp-content\/uploads\/2025\/08\/festa-do-peao-de-barretos-eptv_2025-08-28_16-57-15.webp.webp?fit=1200%2C795&ssl=1&resize=350%2C200","width":350,"height":200,"srcset":"https:\/\/i0.wp.com\/noticiasribeiraopreto.com.br\/wp-content\/uploads\/2025\/08\/festa-do-peao-de-barretos-eptv_2025-08-28_16-57-15.webp.webp?fit=1200%2C795&ssl=1&resize=350%2C200 1x, https:\/\/i0.wp.com\/noticiasribeiraopreto.com.br\/wp-content\/uploads\/2025\/08\/festa-do-peao-de-barretos-eptv_2025-08-28_16-57-15.webp.webp?fit=1200%2C795&ssl=1&resize=525%2C300 1.5x, https:\/\/i0.wp.com\/noticiasribeiraopreto.com.br\/wp-content\/uploads\/2025\/08\/festa-do-peao-de-barretos-eptv_2025-08-28_16-57-15.webp.webp?fit=1200%2C795&ssl=1&resize=700%2C400 2x, https:\/\/i0.wp.com\/noticiasribeiraopreto.com.br\/wp-content\/uploads\/2025\/08\/festa-do-peao-de-barretos-eptv_2025-08-28_16-57-15.webp.webp?fit=1200%2C795&ssl=1&resize=1050%2C600 3x"},"classes":[]},{"id":44624,"url":"https:\/\/noticiasribeiraopreto.com.br\/index.php\/2024\/03\/28\/confira-a-programacao-do-fim-de-semana-de-feriado-em-ribeirao-preto\/","url_meta":{"origin":84339,"position":2},"title":"Confira a programa\u00e7\u00e3o do fim de semana de feriado em Ribeir\u00e3o Preto","author":"noticiasribeiraopreto.com.br","date":"28 de March de 2024","format":false,"excerpt":"Ribeir\u00e3o Preto conta com uma programa\u00e7\u00e3o diversificada para todas as idades neste fim de semana de feriado. Para fechar o m\u00eas de mar\u00e7o, entre as op\u00e7\u00f5es tem Caminhada do Calv\u00e1rio, Dead Fish, slam e shows. Confira: 39\u00aa Caminhada do Calv\u00e1rio \u2013 A Encena\u00e7\u00e3o da Paix\u00e3o de Cristo A Caminhada do\u2026","rel":"","context":"In &quot;Not\u00edcias de Ribeir\u00e3o Preto-SP e Regi\u00e3o&quot;","block_context":{"text":"Not\u00edcias de Ribeir\u00e3o Preto-SP e Regi\u00e3o","link":"https:\/\/noticiasribeiraopreto.com.br\/index.php\/category\/noticias-de-ribeirao-preto-sp-e-regiao-ismael-colosi\/"},"img":{"alt_text":"","src":"https:\/\/i0.wp.com\/noticiasribeiraopreto.com.br\/wp-content\/uploads\/2024\/03\/virgula-2022-08-29t160229-837.png?fit=1200%2C800&ssl=1&resize=350%2C200","width":350,"height":200,"srcset":"https:\/\/i0.wp.com\/noticiasribeiraopreto.com.br\/wp-content\/uploads\/2024\/03\/virgula-2022-08-29t160229-837.png?fit=1200%2C800&ssl=1&resize=350%2C200 1x, https:\/\/i0.wp.com\/noticiasribeiraopreto.com.br\/wp-content\/uploads\/2024\/03\/virgula-2022-08-29t160229-837.png?fit=1200%2C800&ssl=1&resize=525%2C300 1.5x, https:\/\/i0.wp.com\/noticiasribeiraopreto.com.br\/wp-content\/uploads\/2024\/03\/virgula-2022-08-29t160229-837.png?fit=1200%2C800&ssl=1&resize=700%2C400 2x, https:\/\/i0.wp.com\/noticiasribeiraopreto.com.br\/wp-content\/uploads\/2024\/03\/virgula-2022-08-29t160229-837.png?fit=1200%2C800&ssl=1&resize=1050%2C600 3x"},"classes":[]},{"id":82922,"url":"https:\/\/noticiasribeiraopreto.com.br\/index.php\/2026\/03\/03\/ribeirao-preto-recebe-festival-gastronomico-com-entrada-gratuita\/","url_meta":{"origin":84339,"position":3},"title":"Ribeir\u00e3o Preto recebe festival gastron\u00f4mico com entrada gratuita","author":"noticiasribeiraopreto.com.br","date":"3 de March de 2026","format":false,"excerpt":"O Festival Degusta Brasil traz \u00e0 Ribeir\u00e3o Preto os sabores e tradi\u00e7\u00f5es dos estados brasileiros. O festival tem entrada gratuita e acontece entre os dias 13 e 15 de mar\u00e7o, das 12h \u00e0s 22h, no estacionamento do Novo Shopping (pr\u00f3ximo ao Parque Goril\u00e3o). Ser\u00e3o mais de 20 expositores, todos sendo\u2026","rel":"","context":"In &quot;Not\u00edcias de Ribeir\u00e3o Preto-SP e Regi\u00e3o&quot;","block_context":{"text":"Not\u00edcias de Ribeir\u00e3o Preto-SP e Regi\u00e3o","link":"https:\/\/noticiasribeiraopreto.com.br\/index.php\/category\/noticias-de-ribeirao-preto-sp-e-regiao-ismael-colosi\/"},"img":{"alt_text":"","src":"https:\/\/i0.wp.com\/noticiasribeiraopreto.com.br\/wp-content\/uploads\/2026\/03\/Choripan-Degusta-oficial-1_2026-03-02_19-38-46.webp.webp?fit=1200%2C800&ssl=1&resize=350%2C200","width":350,"height":200,"srcset":"https:\/\/i0.wp.com\/noticiasribeiraopreto.com.br\/wp-content\/uploads\/2026\/03\/Choripan-Degusta-oficial-1_2026-03-02_19-38-46.webp.webp?fit=1200%2C800&ssl=1&resize=350%2C200 1x, https:\/\/i0.wp.com\/noticiasribeiraopreto.com.br\/wp-content\/uploads\/2026\/03\/Choripan-Degusta-oficial-1_2026-03-02_19-38-46.webp.webp?fit=1200%2C800&ssl=1&resize=525%2C300 1.5x, https:\/\/i0.wp.com\/noticiasribeiraopreto.com.br\/wp-content\/uploads\/2026\/03\/Choripan-Degusta-oficial-1_2026-03-02_19-38-46.webp.webp?fit=1200%2C800&ssl=1&resize=700%2C400 2x, https:\/\/i0.wp.com\/noticiasribeiraopreto.com.br\/wp-content\/uploads\/2026\/03\/Choripan-Degusta-oficial-1_2026-03-02_19-38-46.webp.webp?fit=1200%2C800&ssl=1&resize=1050%2C600 3x"},"classes":[]},{"id":84028,"url":"https:\/\/noticiasribeiraopreto.com.br\/index.php\/2026\/03\/31\/teatro-municipal-de-ribeirao-preto-recebe-show-divas-in-concert\/","url_meta":{"origin":84339,"position":4},"title":"Teatro Municipal de Ribeir\u00e3o Preto recebe show Divas In Concert","author":"noticiasribeiraopreto.com.br","date":"31 de March de 2026","format":false,"excerpt":"Ler o resumo da not\u00edcia Teatro Municipal de Ribeir\u00e3o Preto recebe show Divas in Concert nesta ter\u00e7a-feira (31), \u00e0s 20h. O espet\u00e1culo, com a orquestra Lyra, celebra vozes de artistas como Nina Simone, Elis Regina, Rita Lee e C\u00e1ssia Eller. As int\u00e9rpretes ser\u00e3o Fernanda Marx, Avinny, Bartira Sene, Gika Bacchi,\u2026","rel":"","context":"In &quot;Not\u00edcias de Ribeir\u00e3o Preto-SP e Regi\u00e3o&quot;","block_context":{"text":"Not\u00edcias de Ribeir\u00e3o Preto-SP e Regi\u00e3o","link":"https:\/\/noticiasribeiraopreto.com.br\/index.php\/category\/noticias-de-ribeirao-preto-sp-e-regiao-ismael-colosi\/"},"img":{"alt_text":"","src":"https:\/\/i0.wp.com\/noticiasribeiraopreto.com.br\/wp-content\/uploads\/2026\/03\/divas-in-concert-colagem_2026-03-31_14-17-53.webp.webp?fit=1200%2C674&ssl=1&resize=350%2C200","width":350,"height":200,"srcset":"https:\/\/i0.wp.com\/noticiasribeiraopreto.com.br\/wp-content\/uploads\/2026\/03\/divas-in-concert-colagem_2026-03-31_14-17-53.webp.webp?fit=1200%2C674&ssl=1&resize=350%2C200 1x, https:\/\/i0.wp.com\/noticiasribeiraopreto.com.br\/wp-content\/uploads\/2026\/03\/divas-in-concert-colagem_2026-03-31_14-17-53.webp.webp?fit=1200%2C674&ssl=1&resize=525%2C300 1.5x, https:\/\/i0.wp.com\/noticiasribeiraopreto.com.br\/wp-content\/uploads\/2026\/03\/divas-in-concert-colagem_2026-03-31_14-17-53.webp.webp?fit=1200%2C674&ssl=1&resize=700%2C400 2x, https:\/\/i0.wp.com\/noticiasribeiraopreto.com.br\/wp-content\/uploads\/2026\/03\/divas-in-concert-colagem_2026-03-31_14-17-53.webp.webp?fit=1200%2C674&ssl=1&resize=1050%2C600 3x"},"classes":[]},{"id":61767,"url":"https:\/\/noticiasribeiraopreto.com.br\/index.php\/2024\/12\/21\/feira-vegana-tem-local-alterado-em-ribeirao-preto-confira\/","url_meta":{"origin":84339,"position":5},"title":"Feira vegana tem local alterado em Ribeir\u00e3o Preto; Confira","author":"noticiasribeiraopreto.com.br","date":"21 de December de 2024","format":false,"excerpt":"Ribeir\u00e3o Preto recebe neste s\u00e1bado (21), a edi\u00e7\u00e3o especial de Natal da Feira Veg, evento com entrada gratuita que re\u00fane uma sele\u00e7\u00e3o de expositores locais e oferece op\u00e7\u00f5es livre de ingredientes de origem animal ou testes em animais. O evento aconteceria em uma pra\u00e7a da zona Leste da cidade, no\u2026","rel":"","context":"In &quot;Not\u00edcias de Ribeir\u00e3o Preto-SP e Regi\u00e3o&quot;","block_context":{"text":"Not\u00edcias de Ribeir\u00e3o Preto-SP e Regi\u00e3o","link":"https:\/\/noticiasribeiraopreto.com.br\/index.php\/category\/noticias-de-ribeirao-preto-sp-e-regiao-ismael-colosi\/"},"img":{"alt_text":"","src":"https:\/\/i0.wp.com\/noticiasribeiraopreto.com.br\/wp-content\/uploads\/2024\/12\/WhatsApp-Image-2024-12-21-at-08.34.29_2024-12-21_13-09-56_jpeg_2024-12-21_13-09-57.webp.webp?fit=1200%2C800&ssl=1&resize=350%2C200","width":350,"height":200,"srcset":"https:\/\/i0.wp.com\/noticiasribeiraopreto.com.br\/wp-content\/uploads\/2024\/12\/WhatsApp-Image-2024-12-21-at-08.34.29_2024-12-21_13-09-56_jpeg_2024-12-21_13-09-57.webp.webp?fit=1200%2C800&ssl=1&resize=350%2C200 1x, https:\/\/i0.wp.com\/noticiasribeiraopreto.com.br\/wp-content\/uploads\/2024\/12\/WhatsApp-Image-2024-12-21-at-08.34.29_2024-12-21_13-09-56_jpeg_2024-12-21_13-09-57.webp.webp?fit=1200%2C800&ssl=1&resize=525%2C300 1.5x, https:\/\/i0.wp.com\/noticiasribeiraopreto.com.br\/wp-content\/uploads\/2024\/12\/WhatsApp-Image-2024-12-21-at-08.34.29_2024-12-21_13-09-56_jpeg_2024-12-21_13-09-57.webp.webp?fit=1200%2C800&ssl=1&resize=700%2C400 2x, https:\/\/i0.wp.com\/noticiasribeiraopreto.com.br\/wp-content\/uploads\/2024\/12\/WhatsApp-Image-2024-12-21-at-08.34.29_2024-12-21_13-09-56_jpeg_2024-12-21_13-09-57.webp.webp?fit=1200%2C800&ssl=1&resize=1050%2C600 3x"},"classes":[]}],"jetpack_sharing_enabled":true,"jetpack_shortlink":"https:\/\/wp.me\/peQAOb-lWj","_links":{"self":[{"href":"https:\/\/noticiasribeiraopreto.com.br\/index.php\/wp-json\/wp\/v2\/posts\/84339","targetHints":{"allow":["GET"]}}],"collection":[{"href":"https:\/\/noticiasribeiraopreto.com.br\/index.php\/wp-json\/wp\/v2\/posts"}],"about":[{"href":"https:\/\/noticiasribeiraopreto.com.br\/index.php\/wp-json\/wp\/v2\/types\/post"}],"author":[{"embeddable":true,"href":"https:\/\/noticiasribeiraopreto.com.br\/index.php\/wp-json\/wp\/v2\/users\/1"}],"replies":[{"embeddable":true,"href":"https:\/\/noticiasribeiraopreto.com.br\/index.php\/wp-json\/wp\/v2\/comments?post=84339"}],"version-history":[{"count":0,"href":"https:\/\/noticiasribeiraopreto.com.br\/index.php\/wp-json\/wp\/v2\/posts\/84339\/revisions"}],"wp:featuredmedia":[{"embeddable":true,"href":"https:\/\/noticiasribeiraopreto.com.br\/index.php\/wp-json\/wp\/v2\/media\/84340"}],"wp:attachment":[{"href":"https:\/\/noticiasribeiraopreto.com.br\/index.php\/wp-json\/wp\/v2\/media?parent=84339"}],"wp:term":[{"taxonomy":"category","embeddable":true,"href":"https:\/\/noticiasribeiraopreto.com.br\/index.php\/wp-json\/wp\/v2\/categories?post=84339"},{"taxonomy":"post_tag","embeddable":true,"href":"https:\/\/noticiasribeiraopreto.com.br\/index.php\/wp-json\/wp\/v2\/tags?post=84339"}],"curies":[{"name":"wp","href":"https:\/\/api.w.org\/{rel}","templated":true}]}}