{"id":84363,"date":"2026-04-08T10:52:07","date_gmt":"2026-04-08T13:52:07","guid":{"rendered":"https:\/\/noticiasribeiraopreto.com.br\/index.php\/2026\/04\/08\/ribeirao-preto-recebe-show-em-homenagem-a-cantora-fatima-guedes\/"},"modified":"2026-04-08T10:52:07","modified_gmt":"2026-04-08T13:52:07","slug":"ribeirao-preto-recebe-show-em-homenagem-a-cantora-fatima-guedes","status":"publish","type":"post","link":"https:\/\/noticiasribeiraopreto.com.br\/index.php\/2026\/04\/08\/ribeirao-preto-recebe-show-em-homenagem-a-cantora-fatima-guedes\/","title":{"rendered":"Ribeir\u00e3o Preto recebe show em homenagem \u00e0 cantora F\u00e1tima Guedes"},"content":{"rendered":"<div class='code-block code-block-1' style='margin: 8px 0 8px auto; text-align: right; display: block; clear: both;'>\n<p><a href=\"https:\/\/wa.link\/vpicfd\"><img data-recalc-dims=\"1\" class=\"wp-image-4922\" style=\"aspect-ratio: 2.0253164556962027; width: 561px; height: auto;\" src=\"https:\/\/i0.wp.com\/ismaelcolosi.com.br\/wp-content\/uploads\/2023\/11\/grupo-de-empregos-whatsapp-e-facebook-ismael-colosi-vagas.jpg?ssl=1\" alt=\"\" \/><\/a><\/p>\n<!-- \/wp:image -->\n<\/div>\n<p> <br \/>\n<\/p>\n<div id=\"dsoaudio\">\n<div class=\"oknexcerpt resumo-noticia\">\n\t\t\t\t\t\t\t<button class=\"resumo-noticia__btn\" aria-expanded=\"false\" aria-controls=\"resumo-noticia-content\"><br \/>\n\t\t\t\t\t\t\t\t<span class=\"resumo-noticia__btn-text\">Ler o resumo da not\u00edcia<\/span><br \/>\n\t\t\t\t\t\t\t\t<svg xmlns=\"http:\/\/www.w3.org\/2000\/svg\" class=\"resumo-noticia__btn-icon\" width=\"24\" height=\"24\" viewbox=\"0 0 24 24\" fill=\"none\">\n\t\t\t\t\t\t\t\t\t<path d=\"M7.41 8.59L12 13.17L16.59 8.59L18 10L12 16L6 10L7.41 8.59Z\" fill=\"#196AA9\"\/>\n\t\t\t\t\t\t\t\t<\/svg><br \/>\n\t\t\t\t\t\t\t<\/button><\/p>\n<div class=\"resumo-noticia__content\" id=\"resumo-noticia-content\" style=\"max-height: 0px;\">\n<div class=\"resumo-noticia__content-inner\">\n<ul>&#13;<\/p>\n<li>Show &#8220;A Feminina Can\u00e7\u00e3o de F\u00e1tima Guedes&#8221; estr\u00e9ias em 17 de abril no Teatro Minaz, em Ribeir\u00e3o Preto.<\/li>\n<p>&#13;<\/p>\n<li>O cantor e ator Andr\u00e9 Mastro apresentar\u00e1 releituras de composi\u00e7\u00f5es da artista carioca.<\/li>\n<p>&#13;<\/p>\n<li>O repert\u00f3rio abrange quatro d\u00e9cadas de produ\u00e7\u00e3o de F\u00e1tima Guedes, com m\u00fasicas como &#8220;Natureza Morta&#8221; e &#8220;Corpo Mesti\u00e7o&#8221;.<\/li>\n<p>&#13;<\/p>\n<li>A banda incluir\u00e1 os m\u00fasicos Leonardo Freitas (piano), Eder Bortolato (contrabaixo) e Juca Vieira (bateria), \u00e0s 20h.<\/li>\n<p>&#13;\n<\/ul>\n<\/p><\/div>\n<\/p><\/div>\n<\/p><\/div>\n<p><button type=\"button\" title=\"Salvar mat\u00e9ria\" class=\"dso bookmark-injection bookmark-save\"><br \/>\n        <svg xmlns=\"http:\/\/www.w3.org\/2000\/svg\" width=\"20\" height=\"24\" viewbox=\"0 0 20 24\" fill=\"none\">\n            <path d=\"M1 23V1H19V23L10 15.6667L1 23Z\" stroke=\"black\" stroke-width=\"1.3\" stroke-linejoin=\"round\"\/>\n        <\/svg><br \/>\n    <\/button> <\/p>\n<p>A s\u00e9rie <strong>Minaz Jazz <\/strong>recebe no pr\u00f3ximo dia 17 de abril o cantor e ator<strong> Andr\u00e9 Mastro<\/strong> na estreia do show <strong>\u201cA Feminina Can\u00e7\u00e3o de F\u00e1tima Guedes\u201d<\/strong>. O espet\u00e1culo homenageia a cantora e compositora carioca <strong>F\u00e1tima Guedes.<\/strong><\/p>\n<p>F\u00e1tima \u00e9 reconhecida por sua autenticidade e profundidade po\u00e9tica, tendo suas can\u00e7\u00f5es interpretadas e gravadas por grandes nomes da m\u00fasica brasileira como Elis Regina, Maria Beth\u00e2nia, Nana Caymmi, Ney Matogrosso, entre outros. Adriana Calcanhotto, Fil\u00f3 Machado, Djavan, Joyce, Ivan Lins integram a lista de parceiros de composi\u00e7\u00e3o.\u00a0<\/p>\n<p>No espet\u00e1culo Andr\u00e9 entrega sua voz a releituras de obras da artista, em um repert\u00f3rio que percorrem por quatro d\u00e9cadas de produ\u00e7\u00e3o de Fatima, passando por v\u00e1rias atmosferas musicais: da jazz\u00edstica \u201cNatureza Morta\u201d, \u00e0 matriz afro de \u201cCorpo Mesti\u00e7o\u201d; da djavaneana \u201cA \u00cdndia\u201d \u00e0 quase ora\u00e7\u00e3o \u201cMinha Nossa Senhora\u201d, entre outras.\u00a0\u00a0<\/p>\n<p>\u201cA arte da compositora \u00e9 atual\u00edssima em sua diversidade de temas sociais, principalmente os que traduzem as m\u00faltiplas nuances da \u00edntima alma feminina. Este projeto faz um recorte significativo das composi\u00e7\u00f5es de F\u00e1tima apresentado por uma voz masculina, trazendo uma nova luz a melodias inesperadas, que se unem a palavras po\u00e9ticas, leves e, ao mesmo tempo, imperativas\u201d, detalha o cantor.\u00a0<\/p>\n<p>Al\u00e9m de Andr\u00e9, forma a banda de \u201cA Feminina Can\u00e7\u00e3o de F\u00e1tima Guedes\u201d\u00a0 os m\u00fasicos Leonardo Freitas (Piano), Eder Bortolato (Contrabaixo) e Juca Vieira (Bateria).<\/p>\n<h2 class=\"wp-block-heading\"><strong>Ingressos<\/strong><\/h2>\n<p>O show \u201cA Feminina Can\u00e7\u00e3o de F\u00e1tima Guedes\u201d, acontece no Teatro Minaz que est\u00e1 localizado na rua Carlos Chagas, 273 \u2013 Jardim Paulista, \u00e0s 20 horas.\u00a0<\/p>\n<p>Os ingressos para o show custam R$ 60 (inteira) e R$ 30\u00a0 (meia e antecipado). A venda de ingresso com desconto acontecer\u00e1 at\u00e9 dia 16\/04\u00a0 e as compras podem ser feitas no site da Cia. Minaz (<a href=\"https:\/\/www.minaz.com.br\/\" data-type=\"link\" data-id=\"https:\/\/www.minaz.com.br\/\" target=\"_blank\" rel=\"noopener\">clique aqui<\/a>) .\u00a0<\/p>\n<h2 class=\"wp-block-heading\"><strong>SERVI\u00c7O\u00a0<\/strong><\/h2>\n<p><strong>S\u00e9rie Minaz Jazz \u2013\u00a0 \u201cA Feminina Can\u00e7\u00e3o de F\u00e1tima Guedes\u201d com Andr\u00e9 Mastro\u00a0<br \/><\/strong>Dia: 17 de abril de 2026<br \/>Local: Teatro Minaz (Rua Carlos Chagas, 273 \u2013 Jardim Paulista)\u00a0<br \/>Hor\u00e1rio: 20 horas\u00a0<br \/>Ingressos: Vendas no site (<a href=\"https:\/\/www.minaz.com.br\/\" data-type=\"link\" data-id=\"https:\/\/www.minaz.com.br\/\" target=\"_blank\" rel=\"noopener\">clique aqui<\/a>) \u2013 R$ 60 (inteira) e R$ 30 (meia\/antecipado)\u00a0\u00a0<\/p>\n<p>SAIBA MAIS<br \/>Com frente fria, Inmet emite alerta laranja para tempestade no estado de SP; Confira<\/p>\n<h2 class=\"wp-block-heading\"><strong>FIQUE ON<\/strong><\/h2>\n<p>Fique ligado em tudo que acontece em Ribeir\u00e3o Preto e regi\u00e3o. Siga os perfis do\u00a0<strong>acidade on\u00a0<\/strong>no<a href=\"https:\/\/www.instagram.com\/acidadeonribeirao\/\" data-type=\"link\" data-id=\"https:\/\/www.instagram.com\/acidadeonribeirao\/\" target=\"_blank\" rel=\"noopener\">\u00a0Instagram<\/a>\u00a0e no<a href=\"https:\/\/www.facebook.com\/acidadeonribeirao\" data-type=\"link\" data-id=\"https:\/\/www.facebook.com\/acidadeonribeirao\" target=\"_blank\" rel=\"noopener\">\u00a0Facebook<\/a>.<\/p>\n<p>Receba not\u00edcias do<strong>\u00a0acidade on<\/strong>\u00a0no WhatsApp. Para entrar no grupo,\u00a0basta <a href=\"https:\/\/chat.whatsapp.com\/DfXwcjKVIddHUT3BvnQuPZ?mode=hqctshi\" data-type=\"link\" data-id=\"https:\/\/chat.whatsapp.com\/DfXwcjKVIddHUT3BvnQuPZ?mode=hqctshi\" target=\"_blank\" rel=\"noopener\">clicar aqui<\/a>. Ou, acesse o nosso\u00a0Canal <a href=\"https:\/\/whatsapp.com\/channel\/0029Vb6IQl1JENyAeS57fk2p\" data-type=\"link\" data-id=\"https:\/\/whatsapp.com\/channel\/0029Vb6IQl1JENyAeS57fk2p\" target=\"_blank\" rel=\"noopener\">clicando aqui<\/a>.<\/p>\n<p>Fa\u00e7a uma den\u00fancia ou sugira uma reportagem sobre Ribeir\u00e3o Preto e regi\u00e3o pelo WhatsApp: 16 99117 7802.<\/p>\n<p>VEJA TAMB\u00c9M<br \/>Banheiro quebrado e Nutella: veja curiosidades sobre a miss\u00e3o Artemis II<\/p>\n<p><input type=\"hidden\" name=\"postID\" id=\"postID\" value=\"151598\"\/><br \/>\n            <input type=\"hidden\" name=\"postType\" id=\"postType\" value=\"post\"\/><br \/>\n<!-- AI CONTENT END 1 -->\n        <\/div>\n<p><script async src=\"\/\/www.instagram.com\/embed.js\"><\/script><br \/>\n<br \/><br \/>\n<br \/><a href=\"https:\/\/www.acidadeon.com\/ribeiraopreto\/lazer-e-cultura\/ribeirao-preto-recebe-show-homenagem-a-cantora-fatima-guedes\/\">Source link <\/a><\/p>\n<!-- CONTENT END 1 -->\n","protected":false},"excerpt":{"rendered":"<p>Ler o resumo da not\u00edcia &#13; Show &#8220;A Feminina Can\u00e7\u00e3o de F\u00e1tima Guedes&#8221; estr\u00e9ias em 17 de abril no Teatro Minaz, em Ribeir\u00e3o Preto. &#13;&#8230;<\/p>\n","protected":false},"author":1,"featured_media":84364,"comment_status":"open","ping_status":"open","sticky":false,"template":"","format":"standard","meta":{"advanced_seo_description":"","jetpack_seo_html_title":"","jetpack_seo_noindex":false,"jetpack_post_was_ever_published":false,"_jetpack_newsletter_access":"","_jetpack_dont_email_post_to_subs":false,"_jetpack_newsletter_tier_id":0,"_jetpack_memberships_contains_paywalled_content":false,"_jetpack_memberships_contains_paid_content":false,"footnotes":"","jetpack_publicize_message":"","jetpack_publicize_feature_enabled":true,"jetpack_social_post_already_shared":true,"jetpack_social_options":{"image_generator_settings":{"template":"highway","default_image_id":0,"font":"","enabled":false},"version":2}},"categories":[11],"tags":[],"class_list":["post-84363","post","type-post","status-publish","format-standard","has-post-thumbnail","hentry","category-noticias-de-ribeirao-preto-sp-e-regiao-ismael-colosi"],"jetpack_publicize_connections":[],"jetpack_featured_media_url":"https:\/\/i0.wp.com\/noticiasribeiraopreto.com.br\/wp-content\/uploads\/2026\/04\/fatima-guedes_2026-04-08_13-09-26.webp.webp?fit=1200%2C674&ssl=1","jetpack-related-posts":[{"id":80313,"url":"https:\/\/noticiasribeiraopreto.com.br\/index.php\/2025\/11\/19\/edu-guedes-desembarca-em-ribeirao-preto-para-encontro-do-food-service\/","url_meta":{"origin":84363,"position":0},"title":"Edu Guedes desembarca em Ribeir\u00e3o Preto para encontro do food service","author":"noticiasribeiraopreto.com.br","date":"19 de November de 2025","format":false,"excerpt":"O chef e apresentador Edu Guedes estar\u00e1 em Ribeir\u00e3o Preto no dia 10 de dezembro para participar do Unique Food Show, evento que re\u00fane grandes nomes do setor de alimenta\u00e7\u00e3o fora do lar. Al\u00e9m dele, outros 20 palestrantes e mentores de refer\u00eancia nacional e regional tamb\u00e9m estar\u00e3o no evento, que\u2026","rel":"","context":"In &quot;Not\u00edcias de Ribeir\u00e3o Preto-SP e Regi\u00e3o&quot;","block_context":{"text":"Not\u00edcias de Ribeir\u00e3o Preto-SP e Regi\u00e3o","link":"https:\/\/noticiasribeiraopreto.com.br\/index.php\/category\/noticias-de-ribeirao-preto-sp-e-regiao-ismael-colosi\/"},"img":{"alt_text":"","src":"https:\/\/i0.wp.com\/noticiasribeiraopreto.com.br\/wp-content\/uploads\/2025\/11\/edu-guedes-0000_2025-11-19_17-38-22.webp.webp?fit=1080%2C608&ssl=1&resize=350%2C200","width":350,"height":200,"srcset":"https:\/\/i0.wp.com\/noticiasribeiraopreto.com.br\/wp-content\/uploads\/2025\/11\/edu-guedes-0000_2025-11-19_17-38-22.webp.webp?fit=1080%2C608&ssl=1&resize=350%2C200 1x, https:\/\/i0.wp.com\/noticiasribeiraopreto.com.br\/wp-content\/uploads\/2025\/11\/edu-guedes-0000_2025-11-19_17-38-22.webp.webp?fit=1080%2C608&ssl=1&resize=525%2C300 1.5x, https:\/\/i0.wp.com\/noticiasribeiraopreto.com.br\/wp-content\/uploads\/2025\/11\/edu-guedes-0000_2025-11-19_17-38-22.webp.webp?fit=1080%2C608&ssl=1&resize=700%2C400 2x, https:\/\/i0.wp.com\/noticiasribeiraopreto.com.br\/wp-content\/uploads\/2025\/11\/edu-guedes-0000_2025-11-19_17-38-22.webp.webp?fit=1080%2C608&ssl=1&resize=1050%2C600 3x"},"classes":[]},{"id":60970,"url":"https:\/\/noticiasribeiraopreto.com.br\/index.php\/2024\/11\/30\/beto-guedes-flavio-venturini-e-lo-borges-se-apresentam-em-ribeirao-preto\/","url_meta":{"origin":84363,"position":1},"title":"Beto Guedes, Fl\u00e1vio Venturini e Lo Borges se apresentam em Ribeir\u00e3o Preto","author":"noticiasribeiraopreto.com.br","date":"30 de November de 2024","format":false,"excerpt":"Os \u00edcones da MPB (M\u00fasica Popular Brasileira) Beto Guedes, Fl\u00e1vio Venturini e Lo Borges se apresentam em Ribeir\u00e3o Preto na noite deste s\u00e1bado (30), no Multiplan Hall, do Ribeir\u00e3o Shopping. A apresenta\u00e7\u00e3o do trio \u201cMineiros\u201d est\u00e1 prevista para come\u00e7ar \u00e0s 21h. Ainda h\u00e1 ingressos dispon\u00edveis. O show \u201c50 Anos da\u2026","rel":"","context":"In &quot;Not\u00edcias de Ribeir\u00e3o Preto-SP e Regi\u00e3o&quot;","block_context":{"text":"Not\u00edcias de Ribeir\u00e3o Preto-SP e Regi\u00e3o","link":"https:\/\/noticiasribeiraopreto.com.br\/index.php\/category\/noticias-de-ribeirao-preto-sp-e-regiao-ismael-colosi\/"},"img":{"alt_text":"","src":"https:\/\/i0.wp.com\/noticiasribeiraopreto.com.br\/wp-content\/uploads\/2024\/11\/MINEIROS_2024-11-30_15-05-32_jpg_2024-11-30_15-05-32.webp.webp?fit=1043%2C803&ssl=1&resize=350%2C200","width":350,"height":200,"srcset":"https:\/\/i0.wp.com\/noticiasribeiraopreto.com.br\/wp-content\/uploads\/2024\/11\/MINEIROS_2024-11-30_15-05-32_jpg_2024-11-30_15-05-32.webp.webp?fit=1043%2C803&ssl=1&resize=350%2C200 1x, https:\/\/i0.wp.com\/noticiasribeiraopreto.com.br\/wp-content\/uploads\/2024\/11\/MINEIROS_2024-11-30_15-05-32_jpg_2024-11-30_15-05-32.webp.webp?fit=1043%2C803&ssl=1&resize=525%2C300 1.5x, https:\/\/i0.wp.com\/noticiasribeiraopreto.com.br\/wp-content\/uploads\/2024\/11\/MINEIROS_2024-11-30_15-05-32_jpg_2024-11-30_15-05-32.webp.webp?fit=1043%2C803&ssl=1&resize=700%2C400 2x"},"classes":[]},{"id":84885,"url":"https:\/\/noticiasribeiraopreto.com.br\/index.php\/2026\/04\/17\/ribeirao-preto-tem-teatro-samba-e-rock-no-final-de-semana-veja-as-opcoes-para-curtir\/","url_meta":{"origin":84363,"position":2},"title":"Ribeir\u00e3o Preto tem teatro, samba e rock no final de semana; Veja as op\u00e7\u00f5es para curtir","author":"noticiasribeiraopreto.com.br","date":"17 de April de 2026","format":false,"excerpt":"Ler o resumo da not\u00edcia \r No feriado prolongado, Ribeir\u00e3o Preto receber\u00e1 o espet\u00e1culo \u201cA Feminina Can\u00e7\u00e3o de F\u00e1tima Guedes\u201d, com Andr\u00e9\u202fMastro, em 17\/04\/2026, \u00e0s 20h, no Teatro Minaz.\r Tamb\u00e9m em 17\/04\/2026, \u00e0s 19h, a banda Selfie Brasil estreia na F\u00e1brica de Extintores, em Campos\u202fEl\u00edsios.\r A montagem \u201cSenhora\u202fX, Senhorita\u202fY\u201d, baseada\u2026","rel":"","context":"In &quot;Not\u00edcias de Ribeir\u00e3o Preto-SP e Regi\u00e3o&quot;","block_context":{"text":"Not\u00edcias de Ribeir\u00e3o Preto-SP e Regi\u00e3o","link":"https:\/\/noticiasribeiraopreto.com.br\/index.php\/category\/noticias-de-ribeirao-preto-sp-e-regiao-ismael-colosi\/"},"img":{"alt_text":"","src":"https:\/\/i0.wp.com\/noticiasribeiraopreto.com.br\/wp-content\/uploads\/2026\/04\/domingo_2026-04-17_14-29-33.webp.webp?fit=1200%2C675&ssl=1&resize=350%2C200","width":350,"height":200,"srcset":"https:\/\/i0.wp.com\/noticiasribeiraopreto.com.br\/wp-content\/uploads\/2026\/04\/domingo_2026-04-17_14-29-33.webp.webp?fit=1200%2C675&ssl=1&resize=350%2C200 1x, https:\/\/i0.wp.com\/noticiasribeiraopreto.com.br\/wp-content\/uploads\/2026\/04\/domingo_2026-04-17_14-29-33.webp.webp?fit=1200%2C675&ssl=1&resize=525%2C300 1.5x, https:\/\/i0.wp.com\/noticiasribeiraopreto.com.br\/wp-content\/uploads\/2026\/04\/domingo_2026-04-17_14-29-33.webp.webp?fit=1200%2C675&ssl=1&resize=700%2C400 2x, https:\/\/i0.wp.com\/noticiasribeiraopreto.com.br\/wp-content\/uploads\/2026\/04\/domingo_2026-04-17_14-29-33.webp.webp?fit=1200%2C675&ssl=1&resize=1050%2C600 3x"},"classes":[]},{"id":28734,"url":"https:\/\/noticiasribeiraopreto.com.br\/index.php\/2024\/01\/16\/edu-guedes-finalmente-rompe-o-silencio-e-conta-a-verdade-sobre-os-rumores-de-seu-relacionamento-com-ana-hickmann\/","url_meta":{"origin":84363,"position":3},"title":"Edu Guedes finalmente rompe o sil\u00eancio e conta a verdade sobre os rumores de seu relacionamento com Ana Hickmann","author":"noticiasribeiraopreto.com.br","date":"16 de January de 2024","format":false,"excerpt":"O mundo das celebridades brasileiras foi recentemente abalado por rumores de um novo casal: Edu Guedes e Ana Hickmann. A hist\u00f3ria surgiu ap\u00f3s declara\u00e7\u00e3o do colunista Ricardo Feltrin.No entanto, o famoso chef de cozinha, Edu Guedes, de 49 anos, veio a p\u00fablico para esclarecer a verdadeira natureza de sua rela\u00e7\u00e3o\u2026","rel":"","context":"In &quot;Blog&quot;","block_context":{"text":"Blog","link":"https:\/\/noticiasribeiraopreto.com.br\/index.php\/category\/blog\/"},"img":{"alt_text":"","src":"https:\/\/i0.wp.com\/noticiasribeiraopreto.com.br\/wp-content\/uploads\/2024\/01\/postimg-65a6b632c7f057828.jpg?fit=1200%2C628&ssl=1&resize=350%2C200","width":350,"height":200,"srcset":"https:\/\/i0.wp.com\/noticiasribeiraopreto.com.br\/wp-content\/uploads\/2024\/01\/postimg-65a6b632c7f057828.jpg?fit=1200%2C628&ssl=1&resize=350%2C200 1x, https:\/\/i0.wp.com\/noticiasribeiraopreto.com.br\/wp-content\/uploads\/2024\/01\/postimg-65a6b632c7f057828.jpg?fit=1200%2C628&ssl=1&resize=525%2C300 1.5x, https:\/\/i0.wp.com\/noticiasribeiraopreto.com.br\/wp-content\/uploads\/2024\/01\/postimg-65a6b632c7f057828.jpg?fit=1200%2C628&ssl=1&resize=700%2C400 2x, https:\/\/i0.wp.com\/noticiasribeiraopreto.com.br\/wp-content\/uploads\/2024\/01\/postimg-65a6b632c7f057828.jpg?fit=1200%2C628&ssl=1&resize=1050%2C600 3x"},"classes":[]},{"id":82445,"url":"https:\/\/noticiasribeiraopreto.com.br\/index.php\/2026\/02\/14\/namorado-e-condenado-por-feminicidio\/","url_meta":{"origin":84363,"position":4},"title":"Namorado \u00e9 condenado por feminic\u00eddio","author":"noticiasribeiraopreto.com.br","date":"14 de February de 2026","format":false,"excerpt":"\r \r \r 14 de fevereiro de 2026 11:3013 de fevereiro de 2026 21:57 \r Compartilhar0 Adalberto Luque Um j\u00fari popular condenou Gabriel Francisco Barbosa, de 50 anos, a 18 anos de pris\u00e3o \u2013 em regime inicialmente fechado \u2013 pelo feminic\u00eddio qualificado da namorada, a t\u00e9cnica de enfermagem Jaqueline de\u2026","rel":"","context":"In &quot;Not\u00edcias de Ribeir\u00e3o Preto-SP e Regi\u00e3o&quot;","block_context":{"text":"Not\u00edcias de Ribeir\u00e3o Preto-SP e Regi\u00e3o","link":"https:\/\/noticiasribeiraopreto.com.br\/index.php\/category\/noticias-de-ribeirao-preto-sp-e-regiao-ismael-colosi\/"},"img":{"alt_text":"","src":"https:\/\/i0.wp.com\/noticiasribeiraopreto.com.br\/wp-content\/uploads\/2026\/02\/FeminiRP-Reproducao.jpg?fit=960%2C537&ssl=1&resize=350%2C200","width":350,"height":200,"srcset":"https:\/\/i0.wp.com\/noticiasribeiraopreto.com.br\/wp-content\/uploads\/2026\/02\/FeminiRP-Reproducao.jpg?fit=960%2C537&ssl=1&resize=350%2C200 1x, https:\/\/i0.wp.com\/noticiasribeiraopreto.com.br\/wp-content\/uploads\/2026\/02\/FeminiRP-Reproducao.jpg?fit=960%2C537&ssl=1&resize=525%2C300 1.5x, https:\/\/i0.wp.com\/noticiasribeiraopreto.com.br\/wp-content\/uploads\/2026\/02\/FeminiRP-Reproducao.jpg?fit=960%2C537&ssl=1&resize=700%2C400 2x"},"classes":[]},{"id":37905,"url":"https:\/\/noticiasribeiraopreto.com.br\/index.php\/2024\/02\/19\/ana-hickmann-se-cansa-e-decide-falar-a-verdade-sobre-seu-relacionamento-amoroso-com-edu-guedes-eu-estouver-mais\/","url_meta":{"origin":84363,"position":5},"title":"Ana Hickmann SE CANSA e decide falar a verdade sobre seu RELACIONAMENTO AMOROSO com Edu Guedes: \u201cEu estou\u2026Ver mais","author":"noticiasribeiraopreto.com.br","date":"19 de February de 2024","format":false,"excerpt":"Uma not\u00edcia bomb\u00e1stica sobre a apresentadora Ana Hickmann foi divulgada nesta Segunda-Feira (15) e a artista veio a se pronunciar sobre os rumores de um novo relacionamento. Depois de sair de um casamento conturbado com o seu ex Alexandre Correa, o jornalista Ricardo Feltrin soltou uma exclusiva e revelou que\u2026","rel":"","context":"In &quot;Variedades&quot;","block_context":{"text":"Variedades","link":"https:\/\/noticiasribeiraopreto.com.br\/index.php\/category\/variedades\/"},"img":{"alt_text":"","src":"https:\/\/i0.wp.com\/noticiasribeiraopreto.com.br\/wp-content\/uploads\/2024\/02\/Apresentacao-sem-titulo-1.png?fit=960%2C540&ssl=1&resize=350%2C200","width":350,"height":200,"srcset":"https:\/\/i0.wp.com\/noticiasribeiraopreto.com.br\/wp-content\/uploads\/2024\/02\/Apresentacao-sem-titulo-1.png?fit=960%2C540&ssl=1&resize=350%2C200 1x, https:\/\/i0.wp.com\/noticiasribeiraopreto.com.br\/wp-content\/uploads\/2024\/02\/Apresentacao-sem-titulo-1.png?fit=960%2C540&ssl=1&resize=525%2C300 1.5x, https:\/\/i0.wp.com\/noticiasribeiraopreto.com.br\/wp-content\/uploads\/2024\/02\/Apresentacao-sem-titulo-1.png?fit=960%2C540&ssl=1&resize=700%2C400 2x"},"classes":[]}],"jetpack_sharing_enabled":true,"jetpack_shortlink":"https:\/\/wp.me\/peQAOb-lWH","_links":{"self":[{"href":"https:\/\/noticiasribeiraopreto.com.br\/index.php\/wp-json\/wp\/v2\/posts\/84363","targetHints":{"allow":["GET"]}}],"collection":[{"href":"https:\/\/noticiasribeiraopreto.com.br\/index.php\/wp-json\/wp\/v2\/posts"}],"about":[{"href":"https:\/\/noticiasribeiraopreto.com.br\/index.php\/wp-json\/wp\/v2\/types\/post"}],"author":[{"embeddable":true,"href":"https:\/\/noticiasribeiraopreto.com.br\/index.php\/wp-json\/wp\/v2\/users\/1"}],"replies":[{"embeddable":true,"href":"https:\/\/noticiasribeiraopreto.com.br\/index.php\/wp-json\/wp\/v2\/comments?post=84363"}],"version-history":[{"count":0,"href":"https:\/\/noticiasribeiraopreto.com.br\/index.php\/wp-json\/wp\/v2\/posts\/84363\/revisions"}],"wp:featuredmedia":[{"embeddable":true,"href":"https:\/\/noticiasribeiraopreto.com.br\/index.php\/wp-json\/wp\/v2\/media\/84364"}],"wp:attachment":[{"href":"https:\/\/noticiasribeiraopreto.com.br\/index.php\/wp-json\/wp\/v2\/media?parent=84363"}],"wp:term":[{"taxonomy":"category","embeddable":true,"href":"https:\/\/noticiasribeiraopreto.com.br\/index.php\/wp-json\/wp\/v2\/categories?post=84363"},{"taxonomy":"post_tag","embeddable":true,"href":"https:\/\/noticiasribeiraopreto.com.br\/index.php\/wp-json\/wp\/v2\/tags?post=84363"}],"curies":[{"name":"wp","href":"https:\/\/api.w.org\/{rel}","templated":true}]}}