{"id":84442,"date":"2026-04-09T15:25:23","date_gmt":"2026-04-09T18:25:23","guid":{"rendered":"https:\/\/noticiasribeiraopreto.com.br\/index.php\/2026\/04\/09\/policia-civil-prende-suspeito-de-vender-municoes-para-acusado-de-homicidio-em-ribeirao-preto\/"},"modified":"2026-04-09T15:25:23","modified_gmt":"2026-04-09T18:25:23","slug":"policia-civil-prende-suspeito-de-vender-municoes-para-acusado-de-homicidio-em-ribeirao-preto","status":"publish","type":"post","link":"https:\/\/noticiasribeiraopreto.com.br\/index.php\/2026\/04\/09\/policia-civil-prende-suspeito-de-vender-municoes-para-acusado-de-homicidio-em-ribeirao-preto\/","title":{"rendered":"Pol\u00edcia Civil prende suspeito de vender muni\u00e7\u00f5es para acusado de homic\u00eddio em Ribeir\u00e3o Preto"},"content":{"rendered":"<div class='code-block code-block-1' style='margin: 8px 0 8px auto; text-align: right; display: block; clear: both;'>\n<p><a href=\"https:\/\/wa.link\/vpicfd\"><img data-recalc-dims=\"1\" class=\"wp-image-4922\" style=\"aspect-ratio: 2.0253164556962027; width: 561px; height: auto;\" src=\"https:\/\/i0.wp.com\/ismaelcolosi.com.br\/wp-content\/uploads\/2023\/11\/grupo-de-empregos-whatsapp-e-facebook-ismael-colosi-vagas.jpg?ssl=1\" alt=\"\" \/><\/a><\/p>\n<!-- \/wp:image -->\n<\/div>\n<p> <br \/>\n<\/p>\n<div id=\"dsoaudio\">\n<div class=\"oknexcerpt resumo-noticia\">\n\t\t\t\t\t\t\t<button class=\"resumo-noticia__btn\" aria-expanded=\"false\" aria-controls=\"resumo-noticia-content\"><br \/>\n\t\t\t\t\t\t\t\t<span class=\"resumo-noticia__btn-text\">Ler o resumo da not\u00edcia<\/span><br \/>\n\t\t\t\t\t\t\t\t<svg xmlns=\"http:\/\/www.w3.org\/2000\/svg\" class=\"resumo-noticia__btn-icon\" width=\"24\" height=\"24\" viewbox=\"0 0 24 24\" fill=\"none\">\n\t\t\t\t\t\t\t\t\t<path d=\"M7.41 8.59L12 13.17L16.59 8.59L18 10L12 16L6 10L7.41 8.59Z\" fill=\"#196AA9\"\/>\n\t\t\t\t\t\t\t\t<\/svg><br \/>\n\t\t\t\t\t\t\t<\/button><\/p>\n<div class=\"resumo-noticia__content\" id=\"resumo-noticia-content\" style=\"max-height: 0px;\">\n<div class=\"resumo-noticia__content-inner\">\n<ul>\n<li>Homem de 34 anos foi preso pela Pol\u00edcia Civil de Ribeir\u00e3o Preto nesta quinta-feira (9), suspeito de vender muni\u00e7\u00f5es para o autor de um homic\u00eddio em fevereiro.<\/li>\n<li>O crime ocorreu na rua Bol\u00edvia, na Vila Mariana, zona Norte, quando a v\u00edtima Freud dos Santos Pereira, 39 anos, foi baleada por um motociclista dentro de um carro.<\/li>\n<li>O suspeito foi localizado em uma casa no Ipiranga, tamb\u00e9m na regi\u00e3o Norte, durante cumprimento de mandado de busca.<\/li>\n<li>A pris\u00e3o foi em flagrante ap\u00f3s a pol\u00edcia encontrar muni\u00e7\u00f5es de calibre restrito e do mesmo calibre utilizado no homic\u00eddio. Ele responder\u00e1 por posse e venda ilegal de muni\u00e7\u00f5es.<\/li>\n<\/ul><\/div>\n<\/p><\/div>\n<\/p><\/div>\n<p><button type=\"button\" title=\"Salvar mat\u00e9ria\" class=\"dso bookmark-injection bookmark-save\"><br \/>\n        <svg xmlns=\"http:\/\/www.w3.org\/2000\/svg\" width=\"20\" height=\"24\" viewbox=\"0 0 20 24\" fill=\"none\">\n            <path d=\"M1 23V1H19V23L10 15.6667L1 23Z\" stroke=\"black\" stroke-width=\"1.3\" stroke-linejoin=\"round\"\/>\n        <\/svg><br \/>\n    <\/button> <\/p>\n<p><strong>A Pol\u00edcia Civil de Ribeir\u00e3o Preto prendeu nesta quinta-feira (9) um homem, de 34 anos, suspeito de vender muni\u00e7\u00f5es para outro homem apontado como autor de um homic\u00eddio ocorrido em fevereiro deste ano, na rua Bol\u00edvia, na Vila Mariana, zona Norte de Ribeir\u00e3o Preto.<\/strong><\/p>\n<p>O <strong>delegado Fernando Bravo<\/strong>, da <strong>3\u00aa Delegacia de Homic\u00eddios<\/strong>, disse que <mark style=\"background-color:#fcb900\" class=\"has-inline-color has-black-color\">o suspeito, que n\u00e3o teve o nome divulgado, foi encontrado em uma casa no Ipiranga, tamb\u00e9m na regi\u00e3o Norte, durante o cumprimento de mandado de busca na tentativa de localizar a arma do crime.<\/mark> A <strong>arma<\/strong>, contudo, n\u00e3o foi <strong>encontrada<\/strong>. <\/p>\n<blockquote class=\"wp-block-quote is-layout-flow wp-block-quote-is-layout-flow\">\n<p>\u201cDurante a investiga\u00e7\u00e3o, prendemos o autor e analisando o telefone dele verificamos que ele encomendava muni\u00e7\u00e3o de uma pessoa. O vendedor da muni\u00e7\u00e3o foi preso em flagrante, porque dentro da casa dele n\u00f3s encontramos diversas muni\u00e7\u00f5es de calibre restrito, outras muni\u00e7\u00f5es do mesmo calibre utilizado no homic\u00eddio e que ele n\u00e3o poderia ter em casa. N\u00e3o ficou comprovada a participa\u00e7\u00e3o desse sujeito preso hoje no homic\u00eddio, por\u00e9m, temos fartas provas, provas robustas que indicam que ele estava comercializando ilegalmente muni\u00e7\u00f5es\u201d, disse o delegado. <\/p>\n<\/blockquote>\n<p>O homem preso dever\u00e1 responder pelos crimes de posse de muni\u00e7\u00e3o de uso permitido, posse ilegal de muni\u00e7\u00e3o de uso restrito e venda ilegal de muni\u00e7\u00f5es.<\/p>\n<h2 class=\"wp-block-heading\">O crime<\/h2>\n<p>A v\u00edtima do homic\u00eddio, identificada como Freud dos Santos Pereira, de 39 anos, estava dentro de um carro, quando um motociclista se aproximou e efetuou ao menos quatro disparos. Freud morreu no local, no interior do ve\u00edculo. O suspeito foi preso no \u00faltimo dia 9 de mar\u00e7o.<\/p>\n<p>O delegado Fernando Bravo disse que o motivo do crime seria uma desaven\u00e7a por uma namorada.<\/p>\n<p><em>Receba not\u00edcias do\u00a0<strong>acidade on Ribeir\u00e3o<\/strong>\u00a0no WhatsApp e fique por dentro de tudo! Basta acessar o link\u00a0<a href=\"https:\/\/chat.whatsapp.com\/DfXwcjKVIddHUT3BvnQuPZ?mode=hqctshi\" target=\"_blank\" rel=\"noreferrer noopener\">aqui<\/a>!<\/em><\/p>\n<p><em>Fa\u00e7a uma\u00a0<strong>den\u00fancia<\/strong>\u00a0ou sugira uma reportagem sobre\u00a0<strong>Ribeir\u00e3o Preto e regi\u00e3o\u00a0<\/strong>por meio do WhatsApp do\u00a0<strong>acidade on Ribeir\u00e3o<\/strong>: (16) 99117-7802.<\/em><\/p>\n<p><input type=\"hidden\" name=\"postID\" id=\"postID\" value=\"151810\"\/><br \/>\n            <input type=\"hidden\" name=\"postType\" id=\"postType\" value=\"post\"\/><br \/>\n<!-- AI CONTENT END 1 -->\n        <\/div>\n<p><br \/>\n<br \/><a href=\"https:\/\/www.acidadeon.com\/ribeiraopreto\/cotidiano\/policia-civil-prende-suspeito-de-vender-municoes-para-acusado-de-homicidio-em-ribeirao-preto\/\">Source link <\/a><\/p>\n<!-- CONTENT END 1 -->\n","protected":false},"excerpt":{"rendered":"<p>Ler o resumo da not\u00edcia Homem de 34 anos foi preso pela Pol\u00edcia Civil de Ribeir\u00e3o Preto nesta quinta-feira (9), suspeito de vender muni\u00e7\u00f5es para&#8230;<\/p>\n","protected":false},"author":1,"featured_media":84443,"comment_status":"open","ping_status":"open","sticky":false,"template":"","format":"standard","meta":{"advanced_seo_description":"","jetpack_seo_html_title":"","jetpack_seo_noindex":false,"jetpack_post_was_ever_published":false,"_jetpack_newsletter_access":"","_jetpack_dont_email_post_to_subs":false,"_jetpack_newsletter_tier_id":0,"_jetpack_memberships_contains_paywalled_content":false,"_jetpack_memberships_contains_paid_content":false,"footnotes":"","jetpack_publicize_message":"","jetpack_publicize_feature_enabled":true,"jetpack_social_post_already_shared":true,"jetpack_social_options":{"image_generator_settings":{"template":"highway","default_image_id":0,"font":"","enabled":false},"version":2}},"categories":[11],"tags":[],"class_list":["post-84442","post","type-post","status-publish","format-standard","has-post-thumbnail","hentry","category-noticias-de-ribeirao-preto-sp-e-regiao-ismael-colosi"],"jetpack_publicize_connections":[],"jetpack_featured_media_url":"https:\/\/i0.wp.com\/noticiasribeiraopreto.com.br\/wp-content\/uploads\/2026\/04\/fernando-bravo_2026-04-09_17-44-19.webp.webp?fit=1200%2C827&ssl=1","jetpack-related-posts":[{"id":75536,"url":"https:\/\/noticiasribeiraopreto.com.br\/index.php\/2025\/08\/11\/suspeito-de-matar-mulher-de-22-anos-e-preso-em-casa-na-zona-norte-de-ribeirao-preto\/","url_meta":{"origin":84442,"position":0},"title":"Suspeito de matar mulher de 22 anos \u00e9 preso em casa na zona Norte de Ribeir\u00e3o Preto","author":"noticiasribeiraopreto.com.br","date":"11 de August de 2025","format":false,"excerpt":"A Pol\u00edcia Civil prendeu nesta segunda-feira (11) o homem suspeito de matar Karina Cristina Queiroz, de 22 anos, em Ribeir\u00e3o Preto. O crime ocorreu no \u00faltimo dia 1\u00ba, na casa onde a v\u00edtima morava, no Jardim Cristo Redentor, zona Norte. Segundo informa\u00e7\u00f5es da pol\u00edcia, o suspeito, identificado como Rodrigo Totti\u2026","rel":"","context":"In &quot;Not\u00edcias de Ribeir\u00e3o Preto-SP e Regi\u00e3o&quot;","block_context":{"text":"Not\u00edcias de Ribeir\u00e3o Preto-SP e Regi\u00e3o","link":"https:\/\/noticiasribeiraopreto.com.br\/index.php\/category\/noticias-de-ribeirao-preto-sp-e-regiao-ismael-colosi\/"},"img":{"alt_text":"","src":"https:\/\/i0.wp.com\/noticiasribeiraopreto.com.br\/wp-content\/uploads\/2025\/08\/RODRIGO-1_2025-08-11_11-30-56.webp.webp?fit=1200%2C911&ssl=1&resize=350%2C200","width":350,"height":200,"srcset":"https:\/\/i0.wp.com\/noticiasribeiraopreto.com.br\/wp-content\/uploads\/2025\/08\/RODRIGO-1_2025-08-11_11-30-56.webp.webp?fit=1200%2C911&ssl=1&resize=350%2C200 1x, https:\/\/i0.wp.com\/noticiasribeiraopreto.com.br\/wp-content\/uploads\/2025\/08\/RODRIGO-1_2025-08-11_11-30-56.webp.webp?fit=1200%2C911&ssl=1&resize=525%2C300 1.5x, https:\/\/i0.wp.com\/noticiasribeiraopreto.com.br\/wp-content\/uploads\/2025\/08\/RODRIGO-1_2025-08-11_11-30-56.webp.webp?fit=1200%2C911&ssl=1&resize=700%2C400 2x, https:\/\/i0.wp.com\/noticiasribeiraopreto.com.br\/wp-content\/uploads\/2025\/08\/RODRIGO-1_2025-08-11_11-30-56.webp.webp?fit=1200%2C911&ssl=1&resize=1050%2C600 3x"},"classes":[]},{"id":64372,"url":"https:\/\/noticiasribeiraopreto.com.br\/index.php\/2025\/03\/07\/homem-de-20-anos-tenta-vender-revolver-e-municoes-em-rua-do-parque-vicente-leporace\/","url_meta":{"origin":84442,"position":1},"title":"Homem de 20 anos tenta vender rev\u00f3lver e muni\u00e7\u00f5es em rua do Parque Vicente Leporace","author":"noticiasribeiraopreto.com.br","date":"7 de March de 2025","format":false,"excerpt":"A Pol\u00edcia Militar prendeu um homem de 20 anos no Parque Vicente Leporace III quando ele tentava vender uma arma. O flagrante foi feito durante ronda ostensiva da PM na rua Silvano David, na noite desta ter\u00e7a-feira (4). Perto desse endere\u00e7o h\u00e1 uma unidade de ensino e algumas pra\u00e7as onde\u2026","rel":"","context":"In &quot;Not\u00edcias de Franca-SP&quot;","block_context":{"text":"Not\u00edcias de Franca-SP","link":"https:\/\/noticiasribeiraopreto.com.br\/index.php\/category\/noticias-de-ribeirao-preto-sp-e-regiao-ismael-colosi\/noticias-franca-sp\/"},"img":{"alt_text":"","src":"https:\/\/i0.wp.com\/noticiasribeiraopreto.com.br\/wp-content\/uploads\/2025\/03\/leporace-ruasilvano.png?fit=700%2C456&ssl=1&resize=350%2C200","width":350,"height":200,"srcset":"https:\/\/i0.wp.com\/noticiasribeiraopreto.com.br\/wp-content\/uploads\/2025\/03\/leporace-ruasilvano.png?fit=700%2C456&ssl=1&resize=350%2C200 1x, https:\/\/i0.wp.com\/noticiasribeiraopreto.com.br\/wp-content\/uploads\/2025\/03\/leporace-ruasilvano.png?fit=700%2C456&ssl=1&resize=525%2C300 1.5x, https:\/\/i0.wp.com\/noticiasribeiraopreto.com.br\/wp-content\/uploads\/2025\/03\/leporace-ruasilvano.png?fit=700%2C456&ssl=1&resize=700%2C400 2x"},"classes":[]},{"id":63332,"url":"https:\/\/noticiasribeiraopreto.com.br\/index.php\/2025\/02\/10\/pm-de-ribeirao-preto-e-preso-por-tentativa-de-homicidio-apos-atirar-em-jovem-durante-discussao\/","url_meta":{"origin":84442,"position":2},"title":"PM de Ribeir\u00e3o Preto \u00e9 preso por tentativa de homic\u00eddio ap\u00f3s atirar em jovem durante discuss\u00e3o","author":"noticiasribeiraopreto.com.br","date":"10 de February de 2025","format":false,"excerpt":"Um policial militar, que trabalha em\u00a0Ribeir\u00e3o Preto, foi preso em\u00a0S\u00e3o Joaquim da Barra por tentativa de homic\u00eddio. Ele \u00e9 suspeito de disparar contra um jovem ap\u00f3s discuss\u00e3o. Na tarde do domingo (9), o PM estava com a namorada no Parque da Barra quando outras pessoas chegaram. Segundo boletim de ocorr\u00eancia,\u2026","rel":"","context":"In &quot;Not\u00edcias de Ribeir\u00e3o Preto-SP e Regi\u00e3o&quot;","block_context":{"text":"Not\u00edcias de Ribeir\u00e3o Preto-SP e Regi\u00e3o","link":"https:\/\/noticiasribeiraopreto.com.br\/index.php\/category\/noticias-de-ribeirao-preto-sp-e-regiao-ismael-colosi\/"},"img":{"alt_text":"","src":"https:\/\/i0.wp.com\/noticiasribeiraopreto.com.br\/wp-content\/uploads\/2024\/09\/policia_qru_1200x675_24052022175115_2024-09-13_14-18-22_jpg_2024-09-13_14-18-22.webp.webp?fit=1200%2C675&ssl=1&resize=350%2C200","width":350,"height":200,"srcset":"https:\/\/i0.wp.com\/noticiasribeiraopreto.com.br\/wp-content\/uploads\/2024\/09\/policia_qru_1200x675_24052022175115_2024-09-13_14-18-22_jpg_2024-09-13_14-18-22.webp.webp?fit=1200%2C675&ssl=1&resize=350%2C200 1x, https:\/\/i0.wp.com\/noticiasribeiraopreto.com.br\/wp-content\/uploads\/2024\/09\/policia_qru_1200x675_24052022175115_2024-09-13_14-18-22_jpg_2024-09-13_14-18-22.webp.webp?fit=1200%2C675&ssl=1&resize=525%2C300 1.5x, https:\/\/i0.wp.com\/noticiasribeiraopreto.com.br\/wp-content\/uploads\/2024\/09\/policia_qru_1200x675_24052022175115_2024-09-13_14-18-22_jpg_2024-09-13_14-18-22.webp.webp?fit=1200%2C675&ssl=1&resize=700%2C400 2x, https:\/\/i0.wp.com\/noticiasribeiraopreto.com.br\/wp-content\/uploads\/2024\/09\/policia_qru_1200x675_24052022175115_2024-09-13_14-18-22_jpg_2024-09-13_14-18-22.webp.webp?fit=1200%2C675&ssl=1&resize=1050%2C600 3x"},"classes":[]},{"id":59078,"url":"https:\/\/noticiasribeiraopreto.com.br\/index.php\/2024\/10\/14\/policia-investiga-morte-de-suspeito-por-atropelamento-na-zona-sul-de-ribeirao\/","url_meta":{"origin":84442,"position":3},"title":"Pol\u00edcia investiga morte de suspeito por atropelamento na zona Sul de Ribeir\u00e3o","author":"noticiasribeiraopreto.com.br","date":"14 de October de 2024","format":false,"excerpt":"Um homem de 30 anos foi encontrado morto na madrugada desta segunda-feira (14), no cruzamento das ruas Altino Arantes e Marechal Deodoro, no Jardim Sumar\u00e9, zona Sul de Ribeir\u00e3o Preto. Segundo o boletim de ocorr\u00eancia (BO), a PM (Pol\u00edcia Miliar) foi chamada para ocorr\u00eancia de atropelamento. Ao chegar, o homem\u2026","rel":"","context":"In &quot;Not\u00edcias de Ribeir\u00e3o Preto-SP e Regi\u00e3o&quot;","block_context":{"text":"Not\u00edcias de Ribeir\u00e3o Preto-SP e Regi\u00e3o","link":"https:\/\/noticiasribeiraopreto.com.br\/index.php\/category\/noticias-de-ribeirao-preto-sp-e-regiao-ismael-colosi\/"},"img":{"alt_text":"","src":"https:\/\/i0.wp.com\/noticiasribeiraopreto.com.br\/wp-content\/uploads\/2024\/10\/1728914646_20220620_114539075_policia_qru_1024x576_25052021184749_jpg_715985292.jpg?fit=1200%2C606&ssl=1&resize=350%2C200","width":350,"height":200,"srcset":"https:\/\/i0.wp.com\/noticiasribeiraopreto.com.br\/wp-content\/uploads\/2024\/10\/1728914646_20220620_114539075_policia_qru_1024x576_25052021184749_jpg_715985292.jpg?fit=1200%2C606&ssl=1&resize=350%2C200 1x, https:\/\/i0.wp.com\/noticiasribeiraopreto.com.br\/wp-content\/uploads\/2024\/10\/1728914646_20220620_114539075_policia_qru_1024x576_25052021184749_jpg_715985292.jpg?fit=1200%2C606&ssl=1&resize=525%2C300 1.5x, https:\/\/i0.wp.com\/noticiasribeiraopreto.com.br\/wp-content\/uploads\/2024\/10\/1728914646_20220620_114539075_policia_qru_1024x576_25052021184749_jpg_715985292.jpg?fit=1200%2C606&ssl=1&resize=700%2C400 2x, https:\/\/i0.wp.com\/noticiasribeiraopreto.com.br\/wp-content\/uploads\/2024\/10\/1728914646_20220620_114539075_policia_qru_1024x576_25052021184749_jpg_715985292.jpg?fit=1200%2C606&ssl=1&resize=1050%2C600 3x"},"classes":[]},{"id":52123,"url":"https:\/\/noticiasribeiraopreto.com.br\/index.php\/2024\/06\/04\/policia-identifica-vitimas-executadas-por-atiradores-em-carro-na-zona-oeste-de-ribeirao\/","url_meta":{"origin":84442,"position":4},"title":"Pol\u00edcia identifica v\u00edtimas executadas por atiradores em carro na zona Oeste de Ribeir\u00e3o","author":"noticiasribeiraopreto.com.br","date":"4 de June de 2024","format":false,"excerpt":"A Pol\u00edcia Civil identificou os dois homens mortos a tiros na noite desta segunda-feira (3), no Jardim Progresso, zona Oeste de Ribeir\u00e3o Preto. As v\u00edtimas foram alvos de atiradores que estavam em um carro. Um idoso de 60 anos tamb\u00e9m foi baleado na a\u00e7\u00e3o e socorrido em estado grave. Segundo\u2026","rel":"","context":"In &quot;Not\u00edcias de Ribeir\u00e3o Preto-SP e Regi\u00e3o&quot;","block_context":{"text":"Not\u00edcias de Ribeir\u00e3o Preto-SP e Regi\u00e3o","link":"https:\/\/noticiasribeiraopreto.com.br\/index.php\/category\/noticias-de-ribeirao-preto-sp-e-regiao-ismael-colosi\/"},"img":{"alt_text":"","src":"https:\/\/i0.wp.com\/noticiasribeiraopreto.com.br\/wp-content\/uploads\/2024\/06\/PROGRESSO_2024-06-04_13-16-45_jpg_2024-06-04_13-16-45.webp.webp?fit=1200%2C761&ssl=1&resize=350%2C200","width":350,"height":200,"srcset":"https:\/\/i0.wp.com\/noticiasribeiraopreto.com.br\/wp-content\/uploads\/2024\/06\/PROGRESSO_2024-06-04_13-16-45_jpg_2024-06-04_13-16-45.webp.webp?fit=1200%2C761&ssl=1&resize=350%2C200 1x, https:\/\/i0.wp.com\/noticiasribeiraopreto.com.br\/wp-content\/uploads\/2024\/06\/PROGRESSO_2024-06-04_13-16-45_jpg_2024-06-04_13-16-45.webp.webp?fit=1200%2C761&ssl=1&resize=525%2C300 1.5x, https:\/\/i0.wp.com\/noticiasribeiraopreto.com.br\/wp-content\/uploads\/2024\/06\/PROGRESSO_2024-06-04_13-16-45_jpg_2024-06-04_13-16-45.webp.webp?fit=1200%2C761&ssl=1&resize=700%2C400 2x, https:\/\/i0.wp.com\/noticiasribeiraopreto.com.br\/wp-content\/uploads\/2024\/06\/PROGRESSO_2024-06-04_13-16-45_jpg_2024-06-04_13-16-45.webp.webp?fit=1200%2C761&ssl=1&resize=1050%2C600 3x"},"classes":[]},{"id":84618,"url":"https:\/\/noticiasribeiraopreto.com.br\/index.php\/2026\/04\/13\/homem-e-preso-suspeito-de-matar-padrasto-apos-encontrar-mae-morta-na-regiao-de-ribeirao-preto\/","url_meta":{"origin":84442,"position":5},"title":"Homem \u00e9 preso suspeito de matar padrasto ap\u00f3s encontrar m\u00e3e morta na regi\u00e3o de Ribeir\u00e3o Preto","author":"noticiasribeiraopreto.com.br","date":"13 de April de 2026","format":false,"excerpt":"Ler o resumo da not\u00edcia Homem de 39 anos foi preso suspeito de matar o padrasto na madrugada de domingo (12), em Cajuru, a 60 km de Ribeir\u00e3o Preto. Ele afirmou ter encontrado a m\u00e3e, Luzia Marques, de 74 anos, atropelada no s\u00edtio onde a fam\u00edlia residia. A suspeita \u00e9\u2026","rel":"","context":"In &quot;Not\u00edcias de Ribeir\u00e3o Preto-SP e Regi\u00e3o&quot;","block_context":{"text":"Not\u00edcias de Ribeir\u00e3o Preto-SP e Regi\u00e3o","link":"https:\/\/noticiasribeiraopreto.com.br\/index.php\/category\/noticias-de-ribeirao-preto-sp-e-regiao-ismael-colosi\/"},"img":{"alt_text":"","src":"https:\/\/i0.wp.com\/noticiasribeiraopreto.com.br\/wp-content\/uploads\/2026\/04\/WhatsApp-Image-2026-04-13-at-10.04.17_2026-04-13_13-04-41.webp.webp?fit=1200%2C900&ssl=1&resize=350%2C200","width":350,"height":200,"srcset":"https:\/\/i0.wp.com\/noticiasribeiraopreto.com.br\/wp-content\/uploads\/2026\/04\/WhatsApp-Image-2026-04-13-at-10.04.17_2026-04-13_13-04-41.webp.webp?fit=1200%2C900&ssl=1&resize=350%2C200 1x, https:\/\/i0.wp.com\/noticiasribeiraopreto.com.br\/wp-content\/uploads\/2026\/04\/WhatsApp-Image-2026-04-13-at-10.04.17_2026-04-13_13-04-41.webp.webp?fit=1200%2C900&ssl=1&resize=525%2C300 1.5x, https:\/\/i0.wp.com\/noticiasribeiraopreto.com.br\/wp-content\/uploads\/2026\/04\/WhatsApp-Image-2026-04-13-at-10.04.17_2026-04-13_13-04-41.webp.webp?fit=1200%2C900&ssl=1&resize=700%2C400 2x, https:\/\/i0.wp.com\/noticiasribeiraopreto.com.br\/wp-content\/uploads\/2026\/04\/WhatsApp-Image-2026-04-13-at-10.04.17_2026-04-13_13-04-41.webp.webp?fit=1200%2C900&ssl=1&resize=1050%2C600 3x"},"classes":[]}],"jetpack_sharing_enabled":true,"jetpack_shortlink":"https:\/\/wp.me\/peQAOb-lXY","_links":{"self":[{"href":"https:\/\/noticiasribeiraopreto.com.br\/index.php\/wp-json\/wp\/v2\/posts\/84442","targetHints":{"allow":["GET"]}}],"collection":[{"href":"https:\/\/noticiasribeiraopreto.com.br\/index.php\/wp-json\/wp\/v2\/posts"}],"about":[{"href":"https:\/\/noticiasribeiraopreto.com.br\/index.php\/wp-json\/wp\/v2\/types\/post"}],"author":[{"embeddable":true,"href":"https:\/\/noticiasribeiraopreto.com.br\/index.php\/wp-json\/wp\/v2\/users\/1"}],"replies":[{"embeddable":true,"href":"https:\/\/noticiasribeiraopreto.com.br\/index.php\/wp-json\/wp\/v2\/comments?post=84442"}],"version-history":[{"count":0,"href":"https:\/\/noticiasribeiraopreto.com.br\/index.php\/wp-json\/wp\/v2\/posts\/84442\/revisions"}],"wp:featuredmedia":[{"embeddable":true,"href":"https:\/\/noticiasribeiraopreto.com.br\/index.php\/wp-json\/wp\/v2\/media\/84443"}],"wp:attachment":[{"href":"https:\/\/noticiasribeiraopreto.com.br\/index.php\/wp-json\/wp\/v2\/media?parent=84442"}],"wp:term":[{"taxonomy":"category","embeddable":true,"href":"https:\/\/noticiasribeiraopreto.com.br\/index.php\/wp-json\/wp\/v2\/categories?post=84442"},{"taxonomy":"post_tag","embeddable":true,"href":"https:\/\/noticiasribeiraopreto.com.br\/index.php\/wp-json\/wp\/v2\/tags?post=84442"}],"curies":[{"name":"wp","href":"https:\/\/api.w.org\/{rel}","templated":true}]}}