{"id":84444,"date":"2026-04-09T15:31:47","date_gmt":"2026-04-09T18:31:47","guid":{"rendered":"https:\/\/noticiasribeiraopreto.com.br\/index.php\/2026\/04\/09\/contagem-regressiva-para-o-ribeirao-rodeo-music-confira-as-atracoes-e-novidades\/"},"modified":"2026-04-09T15:31:47","modified_gmt":"2026-04-09T18:31:47","slug":"contagem-regressiva-para-o-ribeirao-rodeo-music-confira-as-atracoes-e-novidades","status":"publish","type":"post","link":"https:\/\/noticiasribeiraopreto.com.br\/index.php\/2026\/04\/09\/contagem-regressiva-para-o-ribeirao-rodeo-music-confira-as-atracoes-e-novidades\/","title":{"rendered":"Contagem regressiva para o Ribeir\u00e3o Rodeo Music: confira as atra\u00e7\u00f5es e novidades"},"content":{"rendered":"<div class='code-block code-block-1' style='margin: 8px 0 8px auto; text-align: right; display: block; clear: both;'>\n<p><a href=\"https:\/\/wa.link\/vpicfd\"><img data-recalc-dims=\"1\" class=\"wp-image-4922\" style=\"aspect-ratio: 2.0253164556962027; width: 561px; height: auto;\" src=\"https:\/\/i0.wp.com\/ismaelcolosi.com.br\/wp-content\/uploads\/2023\/11\/grupo-de-empregos-whatsapp-e-facebook-ismael-colosi-vagas.jpg?ssl=1\" alt=\"\" \/><\/a><\/p>\n<!-- \/wp:image -->\n<\/div>\n<p> <br \/>\n<\/p>\n<div id=\"dsoaudio\">\n<div class=\"oknexcerpt resumo-noticia\">\n\t\t\t\t\t\t\t<button class=\"resumo-noticia__btn\" aria-expanded=\"false\" aria-controls=\"resumo-noticia-content\"><br \/>\n\t\t\t\t\t\t\t\t<span class=\"resumo-noticia__btn-text\">Ler o resumo da not\u00edcia<\/span><br \/>\n\t\t\t\t\t\t\t\t<svg xmlns=\"http:\/\/www.w3.org\/2000\/svg\" class=\"resumo-noticia__btn-icon\" width=\"24\" height=\"24\" viewbox=\"0 0 24 24\" fill=\"none\">\n\t\t\t\t\t\t\t\t\t<path d=\"M7.41 8.59L12 13.17L16.59 8.59L18 10L12 16L6 10L7.41 8.59Z\" fill=\"#196AA9\"\/>\n\t\t\t\t\t\t\t\t<\/svg><br \/>\n\t\t\t\t\t\t\t<\/button><\/p>\n<div class=\"resumo-noticia__content\" id=\"resumo-noticia-content\" style=\"max-height: 0px;\">\n<div class=\"resumo-noticia__content-inner\">\n<ul>&#13;<\/p>\n<li>Ribeir\u00e3o Rodeo Music ocorre de 30 de abril a 9 de maio no Parque Permanente de Exposi\u00e7\u00f5es, em Ribeir\u00e3o Preto.<\/li>\n<p>&#13;<\/p>\n<li>O evento tradicional do interior Paulista inclui montarias, competi\u00e7\u00f5es e shows de Gusttavo Lima, Ana Castela, Bruno e Marrone, L\u00e9o Foguete, entre outros.<\/li>\n<p>&#13;<\/p>\n<li>Esta edi\u00e7\u00e3o trar\u00e1 ativa\u00e7\u00f5es de marcas e espa\u00e7os de entretenimento dentro da arena do rodeio.<\/li>\n<p>&#13;<\/p>\n<li>Uma das novidades \u00e9 a presen\u00e7a do Circuito Corote ICE, que integra eventos sertanejos pelo pa\u00eds em 2016.<\/li>\n<p>&#13;\n<\/ul>\n<\/p><\/div>\n<\/p><\/div>\n<\/p><\/div>\n<p><button type=\"button\" title=\"Salvar mat\u00e9ria\" class=\"dso bookmark-injection bookmark-save\"><br \/>\n        <svg xmlns=\"http:\/\/www.w3.org\/2000\/svg\" width=\"20\" height=\"24\" viewbox=\"0 0 20 24\" fill=\"none\">\n            <path d=\"M1 23V1H19V23L10 15.6667L1 23Z\" stroke=\"black\" stroke-width=\"1.3\" stroke-linejoin=\"round\"\/>\n        <\/svg><br \/>\n    <\/button> <\/p>\n<p>Est\u00e1 chegando a hora de aproveitar todas as atra\u00e7\u00f5es do <strong>Ribeir\u00e3o Rodeo Music<\/strong>, que acontece entre os dias 30 de abril e 9 de maio, no Parque Permanente de Exposi\u00e7\u00f5es, em <strong>Ribeir\u00e3o Preto<\/strong>.<\/p>\n<p>Considerado um dos eventos mais tradicionais do interior paulista, a festa re\u00fane montarias e competi\u00e7\u00f5es, al\u00e9m de grandes shows de <strong>Gusttavo Lima, Ana Castela, Bruno e Marrone, L\u00e9o Foguete e mais<\/strong> \u2013 veja todas as atra\u00e7\u00f5es abaixo.<\/p>\n<p>Pela primeira vez, o palco do <strong>Ribeir\u00e3o Rodeo Music<\/strong> tamb\u00e9m receber\u00e1 uma <strong>atra\u00e7\u00e3o internacional<\/strong>, o cantor Drew Baldridge. <mark style=\"background-color:#fcb900\" class=\"has-inline-color\"><strong>Os ingressos para o evento ainda est\u00e3o dispon\u00edveis e podem ser adquiridos de forma online (<\/strong><\/mark><strong><a href=\"https:\/\/www.totalacesso.com\/categories\/rrm?utm_source=ig&amp;utm_medium=social&amp;utm_content=link_in_bio&amp;fbclid=PAZXh0bgNhZW0CMTEAc3J0YwZhcHBfaWQMMjU2MjgxMDQwNTU4AAGneMTuXbY9dFkojGgQjwXlzsypZMbbfg7F5MRfGq8foDzjglrQw-WUwrHzVU4_aem_ZirRH6X6RoPdBKHmhBBpMw\" target=\"_blank\" data-type=\"link\" data-id=\"https:\/\/www.totalacesso.com\/categories\/rrm?utm_source=ig&amp;utm_medium=social&amp;utm_content=link_in_bio&amp;fbclid=PAZXh0bgNhZW0CMTEAc3J0YwZhcHBfaWQMMjU2MjgxMDQwNTU4AAGneMTuXbY9dFkojGgQjwXlzsypZMbbfg7F5MRfGq8foDzjglrQw-WUwrHzVU4_aem_ZirRH6X6RoPdBKHmhBBpMw\" rel=\"noreferrer noopener\"><mark style=\"background-color:#fcb900;color:#0a4364\" class=\"has-inline-color\">clique aqui<\/mark><\/a><\/strong><mark style=\"background-color:#fcb900\" class=\"has-inline-color\"><strong>).<\/strong><\/mark><\/p>\n<div class=\"wp-block-image\">\n<figure class=\"aligncenter size-full is-resized\"><img data-recalc-dims=\"1\" loading=\"lazy\" decoding=\"async\" width=\"800\" height=\"533\" alt=\"Ribeir\u00e3o Rodeo Music - Foto: Divulga\u00e7\u00e3o.\" class=\"wp-image-147819\" style=\"width:654px\" title=\"Contagem regressiva para o Ribeir\u00e3o Rodeo Music: confira as atra\u00e7\u00f5es e novidades 1\" srcset=\"https:\/\/www.acidadeon.com\/ribeiraopreto\/wp-content\/uploads\/sites\/3\/2026\/03\/49753_2026-03-05_18-02-22.webp 800w, https:\/\/www.acidadeon.com\/ribeiraopreto\/wp-content\/uploads\/sites\/3\/2026\/03\/49753_2026-03-05_18-02-22-300x200.webp 300w, https:\/\/www.acidadeon.com\/ribeiraopreto\/wp-content\/uploads\/sites\/3\/2026\/03\/49753_2026-03-05_18-02-22-768x512.webp 768w, https:\/\/www.acidadeon.com\/ribeiraopreto\/wp-content\/uploads\/sites\/3\/2026\/03\/49753_2026-03-05_18-02-22-696x464.webp 696w\" data-lazy-sizes=\"(max-width: 800px) 100vw, 800px\" src=\"https:\/\/i0.wp.com\/www.acidadeon.com\/ribeiraopreto\/wp-content\/uploads\/sites\/3\/2026\/03\/49753_2026-03-05_18-02-22.webp?resize=800%2C533&#038;ssl=1\"\/><img data-recalc-dims=\"1\" loading=\"lazy\" decoding=\"async\" width=\"800\" height=\"533\" src=\"https:\/\/i0.wp.com\/www.acidadeon.com\/ribeiraopreto\/wp-content\/uploads\/sites\/3\/2026\/03\/49753_2026-03-05_18-02-22.webp?resize=800%2C533&#038;ssl=1\" alt=\"Ribeir\u00e3o Rodeo Music - Foto: Divulga\u00e7\u00e3o.\" class=\"wp-image-147819\" style=\"width:654px\" title=\"Contagem regressiva para o Ribeir\u00e3o Rodeo Music: confira as atra\u00e7\u00f5es e novidades 1\" srcset=\"https:\/\/www.acidadeon.com\/ribeiraopreto\/wp-content\/uploads\/sites\/3\/2026\/03\/49753_2026-03-05_18-02-22.webp 800w, https:\/\/www.acidadeon.com\/ribeiraopreto\/wp-content\/uploads\/sites\/3\/2026\/03\/49753_2026-03-05_18-02-22-300x200.webp 300w, https:\/\/www.acidadeon.com\/ribeiraopreto\/wp-content\/uploads\/sites\/3\/2026\/03\/49753_2026-03-05_18-02-22-768x512.webp 768w, https:\/\/www.acidadeon.com\/ribeiraopreto\/wp-content\/uploads\/sites\/3\/2026\/03\/49753_2026-03-05_18-02-22-696x464.webp 696w\" sizes=\"auto, (max-width: 800px) 100vw, 800px\"\/><figcaption class=\"wp-element-caption\">Ribeir\u00e3o Rodeo Music \u2013 Foto: Divulga\u00e7\u00e3o.<br \/><\/figcaption><\/figure>\n<\/div>\n<h2 class=\"wp-block-heading\"><strong>Novidades do RRM<\/strong><\/h2>\n<p>Al\u00e9m das competi\u00e7\u00f5es e dos shows, o <strong>Ribeir\u00e3o Rodeo Music<\/strong> tamb\u00e9m contar\u00e1 com ativa\u00e7\u00f5es de marcas e espa\u00e7os voltados ao entretenimento dentro da arena.<\/p>\n<p>Entre as novidades deste ano est\u00e1 a presen\u00e7a do <strong>Circuito Corote ICE<\/strong>, uma parceria entre o Viola Show com a Corote Ice, que integra uma s\u00e9rie de <strong>eventos sertanejos pelo pa\u00eds<\/strong> ao longo do ano e que chega ao rodeio com a\u00e7\u00f5es voltadas ao p\u00fablico, ampliando as op\u00e7\u00f5es de conviv\u00eancia durante a festa.<\/p>\n<blockquote class=\"wp-block-quote is-layout-flow wp-block-quote-is-layout-flow\">\n<p>\u201cAo longo de 2026, o circuito passar\u00e1 por mais de 20 eventos, levando estruturas exclusivas da marca, bares tem\u00e1ticos e experi\u00eancias interativas para o p\u00fablico. A expectativa \u00e9 impactar mais de 500 mil pessoas em diversas cidades do Brasil\u201d<\/p>\n<\/blockquote>\n<p>A programa\u00e7\u00e3o completa inclui ainda \u00e1reas de alimenta\u00e7\u00e3o, setores tem\u00e1ticos e experi\u00eancias que acompanham a proposta do evento de unir m\u00fasica, tradi\u00e7\u00e3o e entretenimento.<\/p>\n<div class=\"wp-block-image\">\n<figure class=\"aligncenter size-full is-resized\"><img data-recalc-dims=\"1\" loading=\"lazy\" decoding=\"async\" width=\"640\" height=\"800\" alt=\"669742424 18573825700010870 1255721359323816461 n 2026 04 09 16 53 17\" class=\"wp-image-151808\" style=\"width:654px\" title=\"Contagem regressiva para o Ribeir\u00e3o Rodeo Music: confira as atra\u00e7\u00f5es e novidades 2\" srcset=\"https:\/\/www.acidadeon.com\/ribeiraopreto\/wp-content\/uploads\/sites\/3\/2026\/04\/669742424_18573825700010870_1255721359323816461_n_2026-04-09_16-53-17.webp 640w, https:\/\/www.acidadeon.com\/ribeiraopreto\/wp-content\/uploads\/sites\/3\/2026\/04\/669742424_18573825700010870_1255721359323816461_n_2026-04-09_16-53-17-240x300.webp 240w, https:\/\/www.acidadeon.com\/ribeiraopreto\/wp-content\/uploads\/sites\/3\/2026\/04\/669742424_18573825700010870_1255721359323816461_n_2026-04-09_16-53-17-400x500.webp 400w, https:\/\/www.acidadeon.com\/ribeiraopreto\/wp-content\/uploads\/sites\/3\/2026\/04\/669742424_18573825700010870_1255721359323816461_n_2026-04-09_16-53-17-150x188.webp 150w\" data-lazy-sizes=\"(max-width: 640px) 100vw, 640px\" src=\"https:\/\/i0.wp.com\/www.acidadeon.com\/ribeiraopreto\/wp-content\/uploads\/sites\/3\/2026\/04\/669742424_18573825700010870_1255721359323816461_n_2026-04-09_16-53-17.webp?resize=640%2C800&#038;ssl=1\"\/><img data-recalc-dims=\"1\" loading=\"lazy\" decoding=\"async\" width=\"640\" height=\"800\" src=\"https:\/\/i0.wp.com\/www.acidadeon.com\/ribeiraopreto\/wp-content\/uploads\/sites\/3\/2026\/04\/669742424_18573825700010870_1255721359323816461_n_2026-04-09_16-53-17.webp?resize=640%2C800&#038;ssl=1\" alt=\"669742424 18573825700010870 1255721359323816461 n 2026 04 09 16 53 17\" class=\"wp-image-151808\" style=\"width:654px\" title=\"Contagem regressiva para o Ribeir\u00e3o Rodeo Music: confira as atra\u00e7\u00f5es e novidades 2\" srcset=\"https:\/\/www.acidadeon.com\/ribeiraopreto\/wp-content\/uploads\/sites\/3\/2026\/04\/669742424_18573825700010870_1255721359323816461_n_2026-04-09_16-53-17.webp 640w, https:\/\/www.acidadeon.com\/ribeiraopreto\/wp-content\/uploads\/sites\/3\/2026\/04\/669742424_18573825700010870_1255721359323816461_n_2026-04-09_16-53-17-240x300.webp 240w, https:\/\/www.acidadeon.com\/ribeiraopreto\/wp-content\/uploads\/sites\/3\/2026\/04\/669742424_18573825700010870_1255721359323816461_n_2026-04-09_16-53-17-400x500.webp 400w, https:\/\/www.acidadeon.com\/ribeiraopreto\/wp-content\/uploads\/sites\/3\/2026\/04\/669742424_18573825700010870_1255721359323816461_n_2026-04-09_16-53-17-150x188.webp 150w\" sizes=\"auto, (max-width: 640px) 100vw, 640px\"\/><\/figure>\n<\/div>\n<h2 class=\"wp-block-heading\">Confira o line-up do RRM 2026<\/h2>\n<ul class=\"wp-block-list\">\n<li><strong>30 de abril \u2013<\/strong>\u00a0Bruno &amp; Marrone, \u00cdcaro &amp; Gilmar, Matheus &amp; Kauan e Fred &amp; Fabr\u00edcio;<\/li>\n<li><strong>2 de maio \u2013\u00a0<\/strong>Drew Baldridge (atra\u00e7\u00e3o internacional), Matogrosso &amp; Mathias, Panda, Wesley Safad\u00e3o e Nattanzinho Lima;<\/li>\n<li><strong>8 de maio \u2013\u00a0<\/strong>Ana Castela, Zez\u00e9 Di Camargo &amp; Luciano, L\u00e9o Foguete e Diego &amp; Victor Hugo;<\/li>\n<li><strong>9 de maio \u2013\u00a0<\/strong>Jo\u00e3o Bosco &amp; Vinicius, Nattan, Gusttavo Lima e Serest\u00e3o do Z\u00e9.<\/li>\n<\/ul>\n<h2 class=\"wp-block-heading\">Conhe\u00e7a os setores do RRM<\/h2>\n<p>O rodeio ter\u00e1 quatro setores principais, al\u00e9m de camarotes corporativos.\u00a0<strong>Veja o mapa do evento e conhe\u00e7a mais de cada setor:<\/strong><\/p>\n<div class=\"wp-block-image\">\n<figure class=\"aligncenter size-large is-resized\"><img data-recalc-dims=\"1\" loading=\"lazy\" decoding=\"async\" width=\"1024\" height=\"777\" alt=\"Mapa do Ribeir\u00e3o Rodeo Music - Foto: Divulga\u00e7\u00e3o.\" class=\"wp-image-147813\" style=\"width:654px\" title=\"Contagem regressiva para o Ribeir\u00e3o Rodeo Music: confira as atra\u00e7\u00f5es e novidades 3\" srcset=\"https:\/\/www.acidadeon.com\/ribeiraopreto\/wp-content\/uploads\/sites\/3\/2026\/03\/WhatsApp-Image-2026-03-05-at-14.29.45_2026-03-05_17-51-54-1024x777.webp 1024w, https:\/\/www.acidadeon.com\/ribeiraopreto\/wp-content\/uploads\/sites\/3\/2026\/03\/WhatsApp-Image-2026-03-05-at-14.29.45_2026-03-05_17-51-54-300x228.webp 300w, https:\/\/www.acidadeon.com\/ribeiraopreto\/wp-content\/uploads\/sites\/3\/2026\/03\/WhatsApp-Image-2026-03-05-at-14.29.45_2026-03-05_17-51-54-768x583.webp 768w, https:\/\/www.acidadeon.com\/ribeiraopreto\/wp-content\/uploads\/sites\/3\/2026\/03\/WhatsApp-Image-2026-03-05-at-14.29.45_2026-03-05_17-51-54-696x528.webp 696w, https:\/\/www.acidadeon.com\/ribeiraopreto\/wp-content\/uploads\/sites\/3\/2026\/03\/WhatsApp-Image-2026-03-05-at-14.29.45_2026-03-05_17-51-54-1068x811.webp 1068w, https:\/\/www.acidadeon.com\/ribeiraopreto\/wp-content\/uploads\/sites\/3\/2026\/03\/WhatsApp-Image-2026-03-05-at-14.29.45_2026-03-05_17-51-54.webp 1100w\" data-lazy-sizes=\"(max-width: 1024px) 100vw, 1024px\" src=\"https:\/\/i0.wp.com\/www.acidadeon.com\/ribeiraopreto\/wp-content\/uploads\/sites\/3\/2026\/03\/WhatsApp-Image-2026-03-05-at-14.29.45_2026-03-05_17-51-54-1024x777.webp?resize=1024%2C777&#038;ssl=1\"\/><img data-recalc-dims=\"1\" loading=\"lazy\" decoding=\"async\" width=\"1024\" height=\"777\" src=\"https:\/\/i0.wp.com\/www.acidadeon.com\/ribeiraopreto\/wp-content\/uploads\/sites\/3\/2026\/03\/WhatsApp-Image-2026-03-05-at-14.29.45_2026-03-05_17-51-54-1024x777.webp?resize=1024%2C777&#038;ssl=1\" alt=\"Mapa do Ribeir\u00e3o Rodeo Music - Foto: Divulga\u00e7\u00e3o.\" class=\"wp-image-147813\" style=\"width:654px\" title=\"Contagem regressiva para o Ribeir\u00e3o Rodeo Music: confira as atra\u00e7\u00f5es e novidades 3\" srcset=\"https:\/\/www.acidadeon.com\/ribeiraopreto\/wp-content\/uploads\/sites\/3\/2026\/03\/WhatsApp-Image-2026-03-05-at-14.29.45_2026-03-05_17-51-54-1024x777.webp 1024w, https:\/\/www.acidadeon.com\/ribeiraopreto\/wp-content\/uploads\/sites\/3\/2026\/03\/WhatsApp-Image-2026-03-05-at-14.29.45_2026-03-05_17-51-54-300x228.webp 300w, https:\/\/www.acidadeon.com\/ribeiraopreto\/wp-content\/uploads\/sites\/3\/2026\/03\/WhatsApp-Image-2026-03-05-at-14.29.45_2026-03-05_17-51-54-768x583.webp 768w, https:\/\/www.acidadeon.com\/ribeiraopreto\/wp-content\/uploads\/sites\/3\/2026\/03\/WhatsApp-Image-2026-03-05-at-14.29.45_2026-03-05_17-51-54-696x528.webp 696w, https:\/\/www.acidadeon.com\/ribeiraopreto\/wp-content\/uploads\/sites\/3\/2026\/03\/WhatsApp-Image-2026-03-05-at-14.29.45_2026-03-05_17-51-54-1068x811.webp 1068w, https:\/\/www.acidadeon.com\/ribeiraopreto\/wp-content\/uploads\/sites\/3\/2026\/03\/WhatsApp-Image-2026-03-05-at-14.29.45_2026-03-05_17-51-54.webp 1100w\" sizes=\"auto, (max-width: 1024px) 100vw, 1024px\"\/><figcaption class=\"wp-element-caption\">Mapa do Ribeir\u00e3o Rodeo Music \u2013 Foto: Divulga\u00e7\u00e3o.<\/figcaption><\/figure>\n<\/div>\n<h3 class=\"wp-block-heading\"><strong>Camarote Brahma<\/strong><\/h3>\n<p>O\u00a0<strong>Camarote Brahma<\/strong>\u00a0oferece servi\u00e7o\u00a0<strong>all-inclusive, com camiseta oficial, open bar com chopp Brahma, cerveja, refrigerante e \u00e1gua, al\u00e9m de buf\u00ea<\/strong>\u00a0com diversas op\u00e7\u00f5es gastron\u00f4micas. O p\u00fablico tamb\u00e9m tem acesso ao Front Stage, ao camarote Black Lounge Ballantine\u2019s (n\u00e3o open) e \u00e0 Arena.<\/p>\n<h3 class=\"wp-block-heading\"><strong>Black Lounge Ballantine\u2019s Open<\/strong><\/h3>\n<p>O\u00a0<strong>Black Lounge Ballantine\u2019s Open<\/strong>\u00a0\u00e9 um<strong>\u00a0camarote com open bar de gin, vodca, u\u00edsque, cerveja, refrigerante e \u00e1gua<\/strong>, al\u00e9m de bares e banheiros exclusivos. O espa\u00e7o tamb\u00e9m d\u00e1 acesso ao Front Stage, \u00e0 Arena e ao camarote Black Lounge Ballantine\u2019s (n\u00e3o open).<\/p>\n<h3 class=\"wp-block-heading\"><strong>Black Lounge Ballantine\u2019s<\/strong><\/h3>\n<p>O<strong>\u00a0Black Lounge Ballantine\u2019s (n\u00e3o open)<\/strong>\u00a0\u00e9 um<strong>\u00a0espa\u00e7o VIP que permite acesso ao Front Stage, al\u00e9m de contar com bares, \u00e1rea de alimenta\u00e7\u00e3o e banheiros<\/strong>\u00a0exclusivos. O p\u00fablico tamb\u00e9m pode circular pela Arena.<\/p>\n<h3 class=\"wp-block-heading\"><strong>Arena<\/strong><\/h3>\n<p>O setor\u00a0Arena \u00e9 aberto ao p\u00fablico ap\u00f3s as provas e montarias\u00a0e conta com bares e pra\u00e7a de alimenta\u00e7\u00e3o.<\/p>\n<p>Menores entre 7 e 17 anos, acompanhados pelos pais ou respons\u00e1veis, podem acessar os setores Arena e Black Lounge Ballantine\u2019s (n\u00e3o open) mediante apresenta\u00e7\u00e3o de autoriza\u00e7\u00e3o.<\/p>\n<p><input type=\"hidden\" name=\"postID\" id=\"postID\" value=\"151767\"\/><br \/>\n            <input type=\"hidden\" name=\"postType\" id=\"postType\" value=\"post\"\/><br \/>\n<!-- AI CONTENT END 1 -->\n        <\/div>\n<p><br \/>\n<br \/><a href=\"https:\/\/www.acidadeon.com\/ribeiraopreto\/ribeirao-rodeo-music\/contagem-regressiva-para-o-ribeirao-rodeo-music-confira-as-atracoes-e-novidades\/\">Source link <\/a><\/p>\n<!-- CONTENT END 1 -->\n","protected":false},"excerpt":{"rendered":"<p>Ler o resumo da not\u00edcia &#13; Ribeir\u00e3o Rodeo Music ocorre de 30 de abril a 9 de maio no Parque Permanente de Exposi\u00e7\u00f5es, em Ribeir\u00e3o&#8230;<\/p>\n","protected":false},"author":1,"featured_media":84445,"comment_status":"open","ping_status":"open","sticky":false,"template":"","format":"standard","meta":{"advanced_seo_description":"","jetpack_seo_html_title":"","jetpack_seo_noindex":false,"jetpack_post_was_ever_published":false,"_jetpack_newsletter_access":"","_jetpack_dont_email_post_to_subs":false,"_jetpack_newsletter_tier_id":0,"_jetpack_memberships_contains_paywalled_content":false,"_jetpack_memberships_contains_paid_content":false,"footnotes":"","jetpack_publicize_message":"","jetpack_publicize_feature_enabled":true,"jetpack_social_post_already_shared":true,"jetpack_social_options":{"image_generator_settings":{"template":"highway","default_image_id":0,"font":"","enabled":false},"version":2}},"categories":[11],"tags":[],"class_list":["post-84444","post","type-post","status-publish","format-standard","has-post-thumbnail","hentry","category-noticias-de-ribeirao-preto-sp-e-regiao-ismael-colosi"],"jetpack_publicize_connections":[],"jetpack_featured_media_url":"https:\/\/i0.wp.com\/noticiasribeiraopreto.com.br\/wp-content\/uploads\/2026\/04\/ribeirao-rodeo-music-ribeirao-preto_2026-01-22_17-09-35.webp.webp?fit=1200%2C800&ssl=1","jetpack-related-posts":[{"id":47784,"url":"https:\/\/noticiasribeiraopreto.com.br\/index.php\/2024\/04\/28\/galeria-confira-como-foi-a-terceira-noite-de-shows-do-ribeirao-rodeo-music\/","url_meta":{"origin":84444,"position":0},"title":"Galeria: Confira como foi a terceira noite de shows do Ribeir\u00e3o Rodeo Music","author":"noticiasribeiraopreto.com.br","date":"28 de April de 2024","format":false,"excerpt":"Nesse s\u00e1bado, 27, o palco do Ribeir\u00e3o Rodeo Music recebeu o primeiro show de Fred & Fabr\u00edcio. A dupla formada por um mineiro e um goiano aqueceu o p\u00fablico em grande estilo com seus sucessos autorais, dentre eles \u201cGuarda Roupa\u201d e \u201cContra a Mar\u00e9\u201d, al\u00e9m de sucessos consagrados, desde o\u2026","rel":"","context":"In &quot;Not\u00edcias de Ribeir\u00e3o Preto-SP e Regi\u00e3o&quot;","block_context":{"text":"Not\u00edcias de Ribeir\u00e3o Preto-SP e Regi\u00e3o","link":"https:\/\/noticiasribeiraopreto.com.br\/index.php\/category\/noticias-de-ribeirao-preto-sp-e-regiao-ismael-colosi\/"},"img":{"alt_text":"","src":"https:\/\/i0.wp.com\/noticiasribeiraopreto.com.br\/wp-content\/uploads\/2024\/04\/AnyConv.com__GL_III-e1714330490605.webp.webp?fit=900%2C692&ssl=1&resize=350%2C200","width":350,"height":200,"srcset":"https:\/\/i0.wp.com\/noticiasribeiraopreto.com.br\/wp-content\/uploads\/2024\/04\/AnyConv.com__GL_III-e1714330490605.webp.webp?fit=900%2C692&ssl=1&resize=350%2C200 1x, https:\/\/i0.wp.com\/noticiasribeiraopreto.com.br\/wp-content\/uploads\/2024\/04\/AnyConv.com__GL_III-e1714330490605.webp.webp?fit=900%2C692&ssl=1&resize=525%2C300 1.5x, https:\/\/i0.wp.com\/noticiasribeiraopreto.com.br\/wp-content\/uploads\/2024\/04\/AnyConv.com__GL_III-e1714330490605.webp.webp?fit=900%2C692&ssl=1&resize=700%2C400 2x"},"classes":[]},{"id":77951,"url":"https:\/\/noticiasribeiraopreto.com.br\/index.php\/2025\/09\/29\/ribeirao-rodeo-music-abre-vendas-do-lote-raiz-para-a-edicao-de-20-anos\/","url_meta":{"origin":84444,"position":1},"title":"Ribeir\u00e3o Rodeo Music abre vendas do Lote Raiz para a edi\u00e7\u00e3o de 20 anos","author":"noticiasribeiraopreto.com.br","date":"29 de September de 2025","format":false,"excerpt":"Entre os dias 1\u00ba e 20 de outubro, o Ribeir\u00e3o Rodeo Music disponibilizar\u00e1 o Lote Raiz, a pr\u00e9-venda da edi\u00e7\u00e3o de 2026, quando o evento completa 20 anos. Os passaportes poder\u00e3o ser parcelados em at\u00e9 10 vezes sem juros no cart\u00e3o de cr\u00e9dito. Nesta fase, o p\u00fablico do Ribeir\u00e3o Rodeo\u2026","rel":"","context":"In &quot;Not\u00edcias de Ribeir\u00e3o Preto-SP e Regi\u00e3o&quot;","block_context":{"text":"Not\u00edcias de Ribeir\u00e3o Preto-SP e Regi\u00e3o","link":"https:\/\/noticiasribeiraopreto.com.br\/index.php\/category\/noticias-de-ribeirao-preto-sp-e-regiao-ismael-colosi\/"},"img":{"alt_text":"","src":"https:\/\/i0.wp.com\/noticiasribeiraopreto.com.br\/wp-content\/uploads\/2025\/09\/ribeirao-rodeo-music-2_2025-09-29_18-11-46.webp.webp?fit=1200%2C684&ssl=1&resize=350%2C200","width":350,"height":200,"srcset":"https:\/\/i0.wp.com\/noticiasribeiraopreto.com.br\/wp-content\/uploads\/2025\/09\/ribeirao-rodeo-music-2_2025-09-29_18-11-46.webp.webp?fit=1200%2C684&ssl=1&resize=350%2C200 1x, https:\/\/i0.wp.com\/noticiasribeiraopreto.com.br\/wp-content\/uploads\/2025\/09\/ribeirao-rodeo-music-2_2025-09-29_18-11-46.webp.webp?fit=1200%2C684&ssl=1&resize=525%2C300 1.5x, https:\/\/i0.wp.com\/noticiasribeiraopreto.com.br\/wp-content\/uploads\/2025\/09\/ribeirao-rodeo-music-2_2025-09-29_18-11-46.webp.webp?fit=1200%2C684&ssl=1&resize=700%2C400 2x, https:\/\/i0.wp.com\/noticiasribeiraopreto.com.br\/wp-content\/uploads\/2025\/09\/ribeirao-rodeo-music-2_2025-09-29_18-11-46.webp.webp?fit=1200%2C684&ssl=1&resize=1050%2C600 3x"},"classes":[]},{"id":68628,"url":"https:\/\/noticiasribeiraopreto.com.br\/index.php\/2025\/04\/27\/ribeirao-rodeo-music-traz-impactos-positivos-na-economia-de-ribeirao-preto\/","url_meta":{"origin":84444,"position":2},"title":"Ribeir\u00e3o Rodeo Music traz impactos positivos na economia de Ribeir\u00e3o Preto","author":"noticiasribeiraopreto.com.br","date":"27 de April de 2025","format":false,"excerpt":"O Ribeir\u00e3o Rodeo Music tem um impacto significativo na economia de Ribeir\u00e3o Preto. Durante o evento, diversos setores s\u00e3o beneficiados, incluindo turismo e hotelaria, transporte, bares, restaurantes, servi\u00e7os e o com\u00e9rcio varejista. O evento come\u00e7ou neste s\u00e1bado (26) e continua nos dias 30 de abril e 2 e 3 de\u2026","rel":"","context":"In &quot;Not\u00edcias de Ribeir\u00e3o Preto-SP e Regi\u00e3o&quot;","block_context":{"text":"Not\u00edcias de Ribeir\u00e3o Preto-SP e Regi\u00e3o","link":"https:\/\/noticiasribeiraopreto.com.br\/index.php\/category\/noticias-de-ribeirao-preto-sp-e-regiao-ismael-colosi\/"},"img":{"alt_text":"","src":"https:\/\/i0.wp.com\/noticiasribeiraopreto.com.br\/wp-content\/uploads\/2025\/04\/rrm-2025_2025-04-26_22-42-24.webp.webp?fit=1200%2C800&ssl=1&resize=350%2C200","width":350,"height":200,"srcset":"https:\/\/i0.wp.com\/noticiasribeiraopreto.com.br\/wp-content\/uploads\/2025\/04\/rrm-2025_2025-04-26_22-42-24.webp.webp?fit=1200%2C800&ssl=1&resize=350%2C200 1x, https:\/\/i0.wp.com\/noticiasribeiraopreto.com.br\/wp-content\/uploads\/2025\/04\/rrm-2025_2025-04-26_22-42-24.webp.webp?fit=1200%2C800&ssl=1&resize=525%2C300 1.5x, https:\/\/i0.wp.com\/noticiasribeiraopreto.com.br\/wp-content\/uploads\/2025\/04\/rrm-2025_2025-04-26_22-42-24.webp.webp?fit=1200%2C800&ssl=1&resize=700%2C400 2x, https:\/\/i0.wp.com\/noticiasribeiraopreto.com.br\/wp-content\/uploads\/2025\/04\/rrm-2025_2025-04-26_22-42-24.webp.webp?fit=1200%2C800&ssl=1&resize=1050%2C600 3x"},"classes":[]},{"id":69839,"url":"https:\/\/noticiasribeiraopreto.com.br\/index.php\/2025\/05\/09\/fundo-social-recebeu-12-toneladas-de-alimentos-do-ribeirao-rodeo-music\/","url_meta":{"origin":84444,"position":3},"title":"Fundo Social recebeu 12 toneladas de alimentos do Ribeir\u00e3o Rodeo Music","author":"noticiasribeiraopreto.com.br","date":"9 de May de 2025","format":false,"excerpt":"O Fundo Social de Solidariedade de Ribeir\u00e3o Preto recebeu 12 toneladas de alimentos arrecadados durante os quatro dias do Ribeir\u00e3o Rodeo Music. O evento aconteceu nos dias 26 e 30 de abril e 2 e 3 de maio, no Parque Permanente de Exposi\u00e7\u00f5es. De acordo com o Fundo Social de\u2026","rel":"","context":"In &quot;Not\u00edcias de Ribeir\u00e3o Preto-SP e Regi\u00e3o&quot;","block_context":{"text":"Not\u00edcias de Ribeir\u00e3o Preto-SP e Regi\u00e3o","link":"https:\/\/noticiasribeiraopreto.com.br\/index.php\/category\/noticias-de-ribeirao-preto-sp-e-regiao-ismael-colosi\/"},"img":{"alt_text":"","src":"https:\/\/i0.wp.com\/noticiasribeiraopreto.com.br\/wp-content\/uploads\/2025\/05\/alimentos-RRM_2025-05-09_20-31-03.webp.webp?fit=1200%2C800&ssl=1&resize=350%2C200","width":350,"height":200,"srcset":"https:\/\/i0.wp.com\/noticiasribeiraopreto.com.br\/wp-content\/uploads\/2025\/05\/alimentos-RRM_2025-05-09_20-31-03.webp.webp?fit=1200%2C800&ssl=1&resize=350%2C200 1x, https:\/\/i0.wp.com\/noticiasribeiraopreto.com.br\/wp-content\/uploads\/2025\/05\/alimentos-RRM_2025-05-09_20-31-03.webp.webp?fit=1200%2C800&ssl=1&resize=525%2C300 1.5x, https:\/\/i0.wp.com\/noticiasribeiraopreto.com.br\/wp-content\/uploads\/2025\/05\/alimentos-RRM_2025-05-09_20-31-03.webp.webp?fit=1200%2C800&ssl=1&resize=700%2C400 2x, https:\/\/i0.wp.com\/noticiasribeiraopreto.com.br\/wp-content\/uploads\/2025\/05\/alimentos-RRM_2025-05-09_20-31-03.webp.webp?fit=1200%2C800&ssl=1&resize=1050%2C600 3x"},"classes":[]},{"id":69858,"url":"https:\/\/noticiasribeiraopreto.com.br\/index.php\/2025\/05\/09\/fundo-social-recebe-12-toneladas-de-alimentos-do-ribeirao-rodeo-music\/","url_meta":{"origin":84444,"position":4},"title":"Fundo Social recebe 12 toneladas de alimentos do Ribeir\u00e3o Rodeo Music","author":"noticiasribeiraopreto.com.br","date":"9 de May de 2025","format":false,"excerpt":"O Fundo Social de Solidariedade de Ribeir\u00e3o Preto recebeu 12 toneladas de alimentos arrecadados durante os quatro dias do Ribeir\u00e3o Rodeo Music. O evento aconteceu nos dias 26 e 30 de abril e 2 e 3 de maio, no Parque Permanente de Exposi\u00e7\u00f5es. De acordo com o Fundo Social de\u2026","rel":"","context":"In &quot;Not\u00edcias de Ribeir\u00e3o Preto-SP e Regi\u00e3o&quot;","block_context":{"text":"Not\u00edcias de Ribeir\u00e3o Preto-SP e Regi\u00e3o","link":"https:\/\/noticiasribeiraopreto.com.br\/index.php\/category\/noticias-de-ribeirao-preto-sp-e-regiao-ismael-colosi\/"},"img":{"alt_text":"","src":"https:\/\/i0.wp.com\/noticiasribeiraopreto.com.br\/wp-content\/uploads\/2025\/05\/alimentos-RRM_2025-05-09_20-31-03.webp.webp?fit=1200%2C800&ssl=1&resize=350%2C200","width":350,"height":200,"srcset":"https:\/\/i0.wp.com\/noticiasribeiraopreto.com.br\/wp-content\/uploads\/2025\/05\/alimentos-RRM_2025-05-09_20-31-03.webp.webp?fit=1200%2C800&ssl=1&resize=350%2C200 1x, https:\/\/i0.wp.com\/noticiasribeiraopreto.com.br\/wp-content\/uploads\/2025\/05\/alimentos-RRM_2025-05-09_20-31-03.webp.webp?fit=1200%2C800&ssl=1&resize=525%2C300 1.5x, https:\/\/i0.wp.com\/noticiasribeiraopreto.com.br\/wp-content\/uploads\/2025\/05\/alimentos-RRM_2025-05-09_20-31-03.webp.webp?fit=1200%2C800&ssl=1&resize=700%2C400 2x, https:\/\/i0.wp.com\/noticiasribeiraopreto.com.br\/wp-content\/uploads\/2025\/05\/alimentos-RRM_2025-05-09_20-31-03.webp.webp?fit=1200%2C800&ssl=1&resize=1050%2C600 3x"},"classes":[]},{"id":64687,"url":"https:\/\/noticiasribeiraopreto.com.br\/index.php\/2025\/03\/11\/ribeirao-rodeo-music-e-sinonimo-de-diversidade-musical\/","url_meta":{"origin":84444,"position":5},"title":"Ribeir\u00e3o Rodeo Music \u00e9 sin\u00f4nimo de diversidade musical","author":"noticiasribeiraopreto.com.br","date":"11 de March de 2025","format":false,"excerpt":"A variedade de ritmos e estilos musicais \u00e9 uma das caracter\u00edsticas do Ribeir\u00e3o Rodeo Music. Grandes nomes da m\u00fasica sertaneja dividem o palco com artistas de ritmos variados que v\u00e3o do samba ao pop e m\u00fasica eletr\u00f4nica. \u201cProcuramos sempre ouvir as demandas do p\u00fablico e estamos antenados \u00e0s tend\u00eancias para\u2026","rel":"","context":"In &quot;Not\u00edcias de Ribeir\u00e3o Preto-SP e Regi\u00e3o&quot;","block_context":{"text":"Not\u00edcias de Ribeir\u00e3o Preto-SP e Regi\u00e3o","link":"https:\/\/noticiasribeiraopreto.com.br\/index.php\/category\/noticias-de-ribeirao-preto-sp-e-regiao-ismael-colosi\/"},"img":{"alt_text":"","src":"https:\/\/i0.wp.com\/noticiasribeiraopreto.com.br\/wp-content\/uploads\/2025\/03\/alok_2025-03-11_16-18-26_jpeg_2025-03-11_16-18-27.webp.webp?fit=1200%2C800&ssl=1&resize=350%2C200","width":350,"height":200,"srcset":"https:\/\/i0.wp.com\/noticiasribeiraopreto.com.br\/wp-content\/uploads\/2025\/03\/alok_2025-03-11_16-18-26_jpeg_2025-03-11_16-18-27.webp.webp?fit=1200%2C800&ssl=1&resize=350%2C200 1x, https:\/\/i0.wp.com\/noticiasribeiraopreto.com.br\/wp-content\/uploads\/2025\/03\/alok_2025-03-11_16-18-26_jpeg_2025-03-11_16-18-27.webp.webp?fit=1200%2C800&ssl=1&resize=525%2C300 1.5x, https:\/\/i0.wp.com\/noticiasribeiraopreto.com.br\/wp-content\/uploads\/2025\/03\/alok_2025-03-11_16-18-26_jpeg_2025-03-11_16-18-27.webp.webp?fit=1200%2C800&ssl=1&resize=700%2C400 2x, https:\/\/i0.wp.com\/noticiasribeiraopreto.com.br\/wp-content\/uploads\/2025\/03\/alok_2025-03-11_16-18-26_jpeg_2025-03-11_16-18-27.webp.webp?fit=1200%2C800&ssl=1&resize=1050%2C600 3x"},"classes":[]}],"jetpack_sharing_enabled":true,"jetpack_shortlink":"https:\/\/wp.me\/peQAOb-lY0","_links":{"self":[{"href":"https:\/\/noticiasribeiraopreto.com.br\/index.php\/wp-json\/wp\/v2\/posts\/84444","targetHints":{"allow":["GET"]}}],"collection":[{"href":"https:\/\/noticiasribeiraopreto.com.br\/index.php\/wp-json\/wp\/v2\/posts"}],"about":[{"href":"https:\/\/noticiasribeiraopreto.com.br\/index.php\/wp-json\/wp\/v2\/types\/post"}],"author":[{"embeddable":true,"href":"https:\/\/noticiasribeiraopreto.com.br\/index.php\/wp-json\/wp\/v2\/users\/1"}],"replies":[{"embeddable":true,"href":"https:\/\/noticiasribeiraopreto.com.br\/index.php\/wp-json\/wp\/v2\/comments?post=84444"}],"version-history":[{"count":0,"href":"https:\/\/noticiasribeiraopreto.com.br\/index.php\/wp-json\/wp\/v2\/posts\/84444\/revisions"}],"wp:featuredmedia":[{"embeddable":true,"href":"https:\/\/noticiasribeiraopreto.com.br\/index.php\/wp-json\/wp\/v2\/media\/84445"}],"wp:attachment":[{"href":"https:\/\/noticiasribeiraopreto.com.br\/index.php\/wp-json\/wp\/v2\/media?parent=84444"}],"wp:term":[{"taxonomy":"category","embeddable":true,"href":"https:\/\/noticiasribeiraopreto.com.br\/index.php\/wp-json\/wp\/v2\/categories?post=84444"},{"taxonomy":"post_tag","embeddable":true,"href":"https:\/\/noticiasribeiraopreto.com.br\/index.php\/wp-json\/wp\/v2\/tags?post=84444"}],"curies":[{"name":"wp","href":"https:\/\/api.w.org\/{rel}","templated":true}]}}