{"id":84447,"date":"2026-04-09T15:38:30","date_gmt":"2026-04-09T18:38:30","guid":{"rendered":"https:\/\/noticiasribeiraopreto.com.br\/index.php\/2026\/04\/09\/canetas-emagrecedoras-sao-apreendidas-em-apartamento-de-alto-padrao-em-ribeirao-preto\/"},"modified":"2026-04-09T15:38:30","modified_gmt":"2026-04-09T18:38:30","slug":"canetas-emagrecedoras-sao-apreendidas-em-apartamento-de-alto-padrao-em-ribeirao-preto","status":"publish","type":"post","link":"https:\/\/noticiasribeiraopreto.com.br\/index.php\/2026\/04\/09\/canetas-emagrecedoras-sao-apreendidas-em-apartamento-de-alto-padrao-em-ribeirao-preto\/","title":{"rendered":"Canetas emagrecedoras s\u00e3o apreendidas em apartamento de alto padr\u00e3o em Ribeir\u00e3o Preto"},"content":{"rendered":"<div class='code-block code-block-1' style='margin: 8px 0 8px auto; text-align: right; display: block; clear: both;'>\n<p><a href=\"https:\/\/wa.link\/vpicfd\"><img data-recalc-dims=\"1\" class=\"wp-image-4922\" style=\"aspect-ratio: 2.0253164556962027; width: 561px; height: auto;\" src=\"https:\/\/i0.wp.com\/ismaelcolosi.com.br\/wp-content\/uploads\/2023\/11\/grupo-de-empregos-whatsapp-e-facebook-ismael-colosi-vagas.jpg?ssl=1\" alt=\"\" \/><\/a><\/p>\n<!-- \/wp:image -->\n<\/div>\n<p> <br \/>\n<\/p>\n<div id=\"dsoaudio\">\n<div class=\"oknexcerpt resumo-noticia\">\n\t\t\t\t\t\t\t<button class=\"resumo-noticia__btn\" aria-expanded=\"false\" aria-controls=\"resumo-noticia-content\"><br \/>\n\t\t\t\t\t\t\t\t<span class=\"resumo-noticia__btn-text\">Ler o resumo da not\u00edcia<\/span><br \/>\n\t\t\t\t\t\t\t\t<svg xmlns=\"http:\/\/www.w3.org\/2000\/svg\" class=\"resumo-noticia__btn-icon\" width=\"24\" height=\"24\" viewbox=\"0 0 24 24\" fill=\"none\">\n\t\t\t\t\t\t\t\t\t<path d=\"M7.41 8.59L12 13.17L16.59 8.59L18 10L12 16L6 10L7.41 8.59Z\" fill=\"#196AA9\"\/>\n\t\t\t\t\t\t\t\t<\/svg><br \/>\n\t\t\t\t\t\t\t<\/button><\/p>\n<div class=\"resumo-noticia__content\" id=\"resumo-noticia-content\" style=\"max-height: 0px;\">\n<div class=\"resumo-noticia__content-inner\">\n<ul>\n<li>Pol\u00edcia Civil apreendeu canetas emagrecedoras e cigarros eletr\u00f4nicos em apartamento de alto padr\u00e3o na zona Sul de Ribeir\u00e3o Preto.<\/li>\n<li>Um empres\u00e1rio de 46 anos foi preso em flagrante na manh\u00e3 desta quinta-feira (9).<\/li>\n<li>As canetas s\u00e3o provenientes do Paraguai e s\u00e3o proibidas no Brasil por n\u00e3o terem aprova\u00e7\u00e3o da Anvisa.<\/li>\n<li>Tamb\u00e9m foram apreendidos isopores e gelo, material utilizado na venda dos produtos.<\/li>\n<\/ul><\/div>\n<\/p><\/div>\n<\/p><\/div>\n<p><button type=\"button\" title=\"Salvar mat\u00e9ria\" class=\"dso bookmark-injection bookmark-save\"><br \/>\n        <svg xmlns=\"http:\/\/www.w3.org\/2000\/svg\" width=\"20\" height=\"24\" viewbox=\"0 0 20 24\" fill=\"none\">\n            <path d=\"M1 23V1H19V23L10 15.6667L1 23Z\" stroke=\"black\" stroke-width=\"1.3\" stroke-linejoin=\"round\"\/>\n        <\/svg><br \/>\n    <\/button> <\/p>\n<p>A<strong> Pol\u00edcia Civil<\/strong> apreendeu na manh\u00e3 desta quinta-feira (9) canetas emagrecedoras e cigarros eletr\u00f4nicos em um apartamento de alto padr\u00e3o na<strong> avenida Jo\u00e3o Fi\u00fasa<\/strong>, na zona Sul de <strong>Ribeir\u00e3o Preto<\/strong>. Um empres\u00e1rio de 46 anos foi preso em flagrante \u2013 o nome dele n\u00e3o foi divulgado.<\/p>\n<p>Segundo o delegado <strong>Ricardo Turra<\/strong>, as canetas s\u00e3o provenientes do Paraguai e s\u00e3o proibidas no Brasil por n\u00e3o terem sido aprovadas pela <strong>Anvisa (Ag\u00eancia Nacional de Vigil\u00e2ncia Sanit\u00e1ria)<\/strong>.<\/p>\n<p><em>Receba not\u00edcias do\u00a0<strong>acidade on Ribeir\u00e3o\u00a0<\/strong>no\u00a0<strong>WhatsApp<\/strong>\u00a0e fique por dentro de tudo! Basta acessar o link\u00a0<a href=\"https:\/\/chat.whatsapp.com\/DfXwcjKVIddHUT3BvnQuPZ?mode=hqctshi\" target=\"_blank\" rel=\"noreferrer noopener\">aqui<\/a>!<\/em><\/p>\n<p>\u201cHoje cumprimos o mandado e encontramos no apartamento do suspeito essa quantidade de cigarros eletr\u00f4nicos e tamb\u00e9m canetas emagrecedoras, que s\u00e3o proibidas\u201d, disse o delegado.\u00a0<\/p>\n<p>Tamb\u00e9m foram apreendidos isopores e gelo, material utilizado na venda das canetas emagrecedoras (com informa\u00e7\u00f5es<strong> EPTV<\/strong>).<\/p>\n<p><em>Fa\u00e7a uma den\u00fancia ou sugira uma reportagem sobre\u00a0<strong>Ribeir\u00e3o Preto\u00a0<\/strong>e regi\u00e3o por meio do<strong>\u00a0WhatsApp\u00a0<\/strong>do\u00a0<strong>acidade on Ribeir\u00e3o<\/strong>: (16) 99117-7802.<\/em><\/p>\n<p><input type=\"hidden\" name=\"postID\" id=\"postID\" value=\"151807\"\/><br \/>\n            <input type=\"hidden\" name=\"postType\" id=\"postType\" value=\"post\"\/><br \/>\n<!-- AI CONTENT END 1 -->\n        <\/div>\n<p><br \/>\n<br \/><a href=\"https:\/\/www.acidadeon.com\/ribeiraopreto\/cotidiano\/canetas-emagrecedoras-sao-apreendidas-em-apartamento-de-alto-padrao-em-ribeirao-preto\/\">Source link <\/a><\/p>\n<!-- CONTENT END 1 -->\n","protected":false},"excerpt":{"rendered":"<p>Ler o resumo da not\u00edcia Pol\u00edcia Civil apreendeu canetas emagrecedoras e cigarros eletr\u00f4nicos em apartamento de alto padr\u00e3o na zona Sul de Ribeir\u00e3o Preto. Um&#8230;<\/p>\n","protected":false},"author":1,"featured_media":84448,"comment_status":"open","ping_status":"open","sticky":false,"template":"","format":"standard","meta":{"advanced_seo_description":"","jetpack_seo_html_title":"","jetpack_seo_noindex":false,"jetpack_post_was_ever_published":false,"_jetpack_newsletter_access":"","_jetpack_dont_email_post_to_subs":false,"_jetpack_newsletter_tier_id":0,"_jetpack_memberships_contains_paywalled_content":false,"_jetpack_memberships_contains_paid_content":false,"footnotes":"","jetpack_publicize_message":"","jetpack_publicize_feature_enabled":true,"jetpack_social_post_already_shared":true,"jetpack_social_options":{"image_generator_settings":{"template":"highway","default_image_id":0,"font":"","enabled":false},"version":2}},"categories":[11],"tags":[],"class_list":["post-84447","post","type-post","status-publish","format-standard","has-post-thumbnail","hentry","category-noticias-de-ribeirao-preto-sp-e-regiao-ismael-colosi"],"jetpack_publicize_connections":[],"jetpack_featured_media_url":"https:\/\/i0.wp.com\/noticiasribeiraopreto.com.br\/wp-content\/uploads\/2026\/04\/apreensao-canetas_2026-04-09_16-54-24.webp.webp?fit=1200%2C903&ssl=1","jetpack-related-posts":[{"id":75022,"url":"https:\/\/noticiasribeiraopreto.com.br\/index.php\/2025\/08\/01\/caneta-emagrecedora-produzida-no-interior-de-sp-chega-as-farmacias-veja-o-preco\/","url_meta":{"origin":84447,"position":0},"title":"Caneta emagrecedora produzida no interior de SP chega \u00e0s farm\u00e1cias; veja o pre\u00e7o","author":"noticiasribeiraopreto.com.br","date":"1 de August de 2025","format":false,"excerpt":"A farmac\u00eautica EMS come\u00e7a a vender na pr\u00f3xima segunda-feira (4) as primeiras canetas produzidas integralmente no Brasil para o tratamento da obesidade e da diabetes tipo 2. A fabrica\u00e7\u00e3o acontece na unidade da empresa em Hortol\u00e2ndia, no interior de S\u00e3o Paulo. O mercado receber\u00e1 duas vers\u00f5es do medicamento: Olire, indicado\u2026","rel":"","context":"In &quot;Not\u00edcias de Ribeir\u00e3o Preto-SP e Regi\u00e3o&quot;","block_context":{"text":"Not\u00edcias de Ribeir\u00e3o Preto-SP e Regi\u00e3o","link":"https:\/\/noticiasribeiraopreto.com.br\/index.php\/category\/noticias-de-ribeirao-preto-sp-e-regiao-ismael-colosi\/"},"img":{"alt_text":"","src":"https:\/\/i0.wp.com\/noticiasribeiraopreto.com.br\/wp-content\/uploads\/2025\/08\/high-angle-diabetic-woman-checking-her-glucose-level_2025-04-16_23-31-08_jpg_2025-04-16_23-31-11-1024x681.webp.webp?fit=1024%2C681&ssl=1&resize=350%2C200","width":350,"height":200,"srcset":"https:\/\/i0.wp.com\/noticiasribeiraopreto.com.br\/wp-content\/uploads\/2025\/08\/high-angle-diabetic-woman-checking-her-glucose-level_2025-04-16_23-31-08_jpg_2025-04-16_23-31-11-1024x681.webp.webp?fit=1024%2C681&ssl=1&resize=350%2C200 1x, https:\/\/i0.wp.com\/noticiasribeiraopreto.com.br\/wp-content\/uploads\/2025\/08\/high-angle-diabetic-woman-checking-her-glucose-level_2025-04-16_23-31-08_jpg_2025-04-16_23-31-11-1024x681.webp.webp?fit=1024%2C681&ssl=1&resize=525%2C300 1.5x, https:\/\/i0.wp.com\/noticiasribeiraopreto.com.br\/wp-content\/uploads\/2025\/08\/high-angle-diabetic-woman-checking-her-glucose-level_2025-04-16_23-31-08_jpg_2025-04-16_23-31-11-1024x681.webp.webp?fit=1024%2C681&ssl=1&resize=700%2C400 2x"},"classes":[]},{"id":79024,"url":"https:\/\/noticiasribeiraopreto.com.br\/index.php\/2025\/10\/22\/justica-concede-prisao-domiciliar-a-cabeleireira-investigada-por-venda-de-canetas-para-emagrecer\/","url_meta":{"origin":84447,"position":1},"title":"Justi\u00e7a concede pris\u00e3o domiciliar a cabeleireira investigada por venda de canetas para emagrecer","author":"noticiasribeiraopreto.com.br","date":"22 de October de 2025","format":false,"excerpt":"O Tribunal de Justi\u00e7a do Estado de S\u00e3o Paulo determinou pris\u00e3o domiciliar para a cabeleireira La\u00eds Samara Alonso, presa na ter\u00e7a-feira (21) em Jaboticabal, na regi\u00e3o de Ribeir\u00e3o Preto, por comercializar canetas emagrecedoras em seu pr\u00f3prio sal\u00e3o de beleza. A decis\u00e3o ocorreu ap\u00f3s audi\u00eancia de cust\u00f3dia realizada na quarta-feira (22).\u2026","rel":"","context":"In &quot;Not\u00edcias de Ribeir\u00e3o Preto-SP e Regi\u00e3o&quot;","block_context":{"text":"Not\u00edcias de Ribeir\u00e3o Preto-SP e Regi\u00e3o","link":"https:\/\/noticiasribeiraopreto.com.br\/index.php\/category\/noticias-de-ribeirao-preto-sp-e-regiao-ismael-colosi\/"},"img":{"alt_text":"","src":"https:\/\/i0.wp.com\/noticiasribeiraopreto.com.br\/wp-content\/uploads\/2025\/10\/Copia-de-Copia-de-Copia-de-TAMANHO-EXATO-PARA-FOTOS-NO-SISTEMA-NOVO-2025-10-22T191950.572_2025-10-22_22-20-01.webp.webp?fit=1200%2C675&ssl=1&resize=350%2C200","width":350,"height":200,"srcset":"https:\/\/i0.wp.com\/noticiasribeiraopreto.com.br\/wp-content\/uploads\/2025\/10\/Copia-de-Copia-de-Copia-de-TAMANHO-EXATO-PARA-FOTOS-NO-SISTEMA-NOVO-2025-10-22T191950.572_2025-10-22_22-20-01.webp.webp?fit=1200%2C675&ssl=1&resize=350%2C200 1x, https:\/\/i0.wp.com\/noticiasribeiraopreto.com.br\/wp-content\/uploads\/2025\/10\/Copia-de-Copia-de-Copia-de-TAMANHO-EXATO-PARA-FOTOS-NO-SISTEMA-NOVO-2025-10-22T191950.572_2025-10-22_22-20-01.webp.webp?fit=1200%2C675&ssl=1&resize=525%2C300 1.5x, https:\/\/i0.wp.com\/noticiasribeiraopreto.com.br\/wp-content\/uploads\/2025\/10\/Copia-de-Copia-de-Copia-de-TAMANHO-EXATO-PARA-FOTOS-NO-SISTEMA-NOVO-2025-10-22T191950.572_2025-10-22_22-20-01.webp.webp?fit=1200%2C675&ssl=1&resize=700%2C400 2x, https:\/\/i0.wp.com\/noticiasribeiraopreto.com.br\/wp-content\/uploads\/2025\/10\/Copia-de-Copia-de-Copia-de-TAMANHO-EXATO-PARA-FOTOS-NO-SISTEMA-NOVO-2025-10-22T191950.572_2025-10-22_22-20-01.webp.webp?fit=1200%2C675&ssl=1&resize=1050%2C600 3x"},"classes":[]},{"id":78958,"url":"https:\/\/noticiasribeiraopreto.com.br\/index.php\/2025\/10\/21\/policia-prende-cabeleireira-suspeita-de-vender-canetas-emagrecedoras-em-salao-de-beleza\/","url_meta":{"origin":84447,"position":2},"title":"Pol\u00edcia prende cabeleireira suspeita de vender canetas emagrecedoras em sal\u00e3o de beleza","author":"noticiasribeiraopreto.com.br","date":"21 de October de 2025","format":false,"excerpt":"Uma cabeleireira de Jaboticabal, na regi\u00e3o de Ribeir\u00e3o Preto, foi presa em flagrante nesta ter\u00e7a-feira (21) por suspeita de vender canetas emagrecedoras dentro do pr\u00f3prio sal\u00e3o de beleza. A a\u00e7\u00e3o ocorreu ap\u00f3s den\u00fancia an\u00f4nima que levou a pol\u00edcia at\u00e9 o local. Os investigadores apreenderam 14 unidades do produto, prontas para\u2026","rel":"","context":"In &quot;Not\u00edcias de Ribeir\u00e3o Preto-SP e Regi\u00e3o&quot;","block_context":{"text":"Not\u00edcias de Ribeir\u00e3o Preto-SP e Regi\u00e3o","link":"https:\/\/noticiasribeiraopreto.com.br\/index.php\/category\/noticias-de-ribeirao-preto-sp-e-regiao-ismael-colosi\/"},"img":{"alt_text":"","src":"https:\/\/i0.wp.com\/noticiasribeiraopreto.com.br\/wp-content\/uploads\/2025\/10\/Copia-de-Copia-de-Copia-de-TAMANHO-EXATO-PARA-FOTOS-NO-SISTEMA-NOVO-2025-10-21T190418.930_2025-10-21_22-04-26.webp.webp?fit=1200%2C675&ssl=1&resize=350%2C200","width":350,"height":200,"srcset":"https:\/\/i0.wp.com\/noticiasribeiraopreto.com.br\/wp-content\/uploads\/2025\/10\/Copia-de-Copia-de-Copia-de-TAMANHO-EXATO-PARA-FOTOS-NO-SISTEMA-NOVO-2025-10-21T190418.930_2025-10-21_22-04-26.webp.webp?fit=1200%2C675&ssl=1&resize=350%2C200 1x, https:\/\/i0.wp.com\/noticiasribeiraopreto.com.br\/wp-content\/uploads\/2025\/10\/Copia-de-Copia-de-Copia-de-TAMANHO-EXATO-PARA-FOTOS-NO-SISTEMA-NOVO-2025-10-21T190418.930_2025-10-21_22-04-26.webp.webp?fit=1200%2C675&ssl=1&resize=525%2C300 1.5x, https:\/\/i0.wp.com\/noticiasribeiraopreto.com.br\/wp-content\/uploads\/2025\/10\/Copia-de-Copia-de-Copia-de-TAMANHO-EXATO-PARA-FOTOS-NO-SISTEMA-NOVO-2025-10-21T190418.930_2025-10-21_22-04-26.webp.webp?fit=1200%2C675&ssl=1&resize=700%2C400 2x, https:\/\/i0.wp.com\/noticiasribeiraopreto.com.br\/wp-content\/uploads\/2025\/10\/Copia-de-Copia-de-Copia-de-TAMANHO-EXATO-PARA-FOTOS-NO-SISTEMA-NOVO-2025-10-21T190418.930_2025-10-21_22-04-26.webp.webp?fit=1200%2C675&ssl=1&resize=1050%2C600 3x"},"classes":[]},{"id":84181,"url":"https:\/\/noticiasribeiraopreto.com.br\/index.php\/2026\/04\/03\/o-que-se-sabe-sobre-o-esquema-ilegal-de-canetas-emagrecedoras-no-interior-de-sp\/","url_meta":{"origin":84447,"position":3},"title":"O que se sabe sobre o esquema ilegal de canetas emagrecedoras no interior de SP","author":"noticiasribeiraopreto.com.br","date":"3 de April de 2026","format":false,"excerpt":"Ler o resumo da not\u00edcia O que se sabe sobre o esquema ilegal de canetas emagrecedoras no interior de SP Duas cl\u00ednicas investigadas por aplica\u00e7\u00e3o irregular de canetas emagrecedoras em Monte Alto, no interior de S\u00e3o Paulo, atuavam de forma conjunta e faziam indica\u00e7\u00e3o m\u00fatua de clientes, segundo a Pol\u00edcia\u2026","rel":"","context":"In &quot;Not\u00edcias de Ribeir\u00e3o Preto-SP e Regi\u00e3o&quot;","block_context":{"text":"Not\u00edcias de Ribeir\u00e3o Preto-SP e Regi\u00e3o","link":"https:\/\/noticiasribeiraopreto.com.br\/index.php\/category\/noticias-de-ribeirao-preto-sp-e-regiao-ismael-colosi\/"},"img":{"alt_text":"","src":"https:\/\/i0.wp.com\/noticiasribeiraopreto.com.br\/wp-content\/uploads\/2026\/04\/palace-2026-04-03T131819.934_2026-04-03_16-18-31.webp.webp?fit=1200%2C675&ssl=1&resize=350%2C200","width":350,"height":200,"srcset":"https:\/\/i0.wp.com\/noticiasribeiraopreto.com.br\/wp-content\/uploads\/2026\/04\/palace-2026-04-03T131819.934_2026-04-03_16-18-31.webp.webp?fit=1200%2C675&ssl=1&resize=350%2C200 1x, https:\/\/i0.wp.com\/noticiasribeiraopreto.com.br\/wp-content\/uploads\/2026\/04\/palace-2026-04-03T131819.934_2026-04-03_16-18-31.webp.webp?fit=1200%2C675&ssl=1&resize=525%2C300 1.5x, https:\/\/i0.wp.com\/noticiasribeiraopreto.com.br\/wp-content\/uploads\/2026\/04\/palace-2026-04-03T131819.934_2026-04-03_16-18-31.webp.webp?fit=1200%2C675&ssl=1&resize=700%2C400 2x, https:\/\/i0.wp.com\/noticiasribeiraopreto.com.br\/wp-content\/uploads\/2026\/04\/palace-2026-04-03T131819.934_2026-04-03_16-18-31.webp.webp?fit=1200%2C675&ssl=1&resize=1050%2C600 3x"},"classes":[]},{"id":78982,"url":"https:\/\/noticiasribeiraopreto.com.br\/index.php\/2025\/10\/22\/cabeleireira-e-presa-por-vender-canetas-emagrecedoras-em-salao-de-beleza\/","url_meta":{"origin":84447,"position":4},"title":"Cabeleireira \u00e9 presa por vender canetas emagrecedoras em sal\u00e3o de beleza","author":"noticiasribeiraopreto.com.br","date":"22 de October de 2025","format":false,"excerpt":"Ela anunciava os produtos em redes sociais e h\u00e1 suspeitas de que tamb\u00e9m fizesse aplica\u00e7\u00f5es; um dos rem\u00e9dios n\u00e3o tem registro na Anvisa 22 de outubro de 2025 10:392 Compartilhar1 Por: Adalberto Luque Uma mulher foi presa na ter\u00e7a-feira, 21 de outubro, ap\u00f3s ser flagrada com canetas emagrecedoras e seringas\u2026","rel":"","context":"In &quot;Not\u00edcias de Ribeir\u00e3o Preto-SP e Regi\u00e3o&quot;","block_context":{"text":"Not\u00edcias de Ribeir\u00e3o Preto-SP e Regi\u00e3o","link":"https:\/\/noticiasribeiraopreto.com.br\/index.php\/category\/noticias-de-ribeirao-preto-sp-e-regiao-ismael-colosi\/"},"img":{"alt_text":"","src":"https:\/\/i0.wp.com\/noticiasribeiraopreto.com.br\/wp-content\/uploads\/2025\/10\/22-out-2025-canetasfalsas1.jpg?fit=782%2C780&ssl=1&resize=350%2C200","width":350,"height":200,"srcset":"https:\/\/i0.wp.com\/noticiasribeiraopreto.com.br\/wp-content\/uploads\/2025\/10\/22-out-2025-canetasfalsas1.jpg?fit=782%2C780&ssl=1&resize=350%2C200 1x, https:\/\/i0.wp.com\/noticiasribeiraopreto.com.br\/wp-content\/uploads\/2025\/10\/22-out-2025-canetasfalsas1.jpg?fit=782%2C780&ssl=1&resize=525%2C300 1.5x, https:\/\/i0.wp.com\/noticiasribeiraopreto.com.br\/wp-content\/uploads\/2025\/10\/22-out-2025-canetasfalsas1.jpg?fit=782%2C780&ssl=1&resize=700%2C400 2x"},"classes":[]},{"id":67658,"url":"https:\/\/noticiasribeiraopreto.com.br\/index.php\/2025\/04\/16\/anvisa-restringe-venda-de-canetas-emagrecedoras-veja-o-que-muda\/","url_meta":{"origin":84447,"position":5},"title":"Anvisa restringe venda de canetas emagrecedoras; veja o que muda","author":"noticiasribeiraopreto.com.br","date":"16 de April de 2025","format":false,"excerpt":"Nesta quarta-feira (16), a Diretoria Colegiada da Anvisa aprovou novas regras para a prescri\u00e7\u00e3o e a dispensa\u00e7\u00e3o de medicamentos agonistas do receptor GLP-1. Com a nova medida, se torna obrigat\u00f3ria a reten\u00e7\u00e3o de receita m\u00e9dica para a venda desses medicamentos. Entre os medicamentos afetados est\u00e3o semaglutida, liraglutida, dulaglutida, exenatida, tirzepatida\u2026","rel":"","context":"In &quot;Not\u00edcias de Ribeir\u00e3o Preto-SP e Regi\u00e3o&quot;","block_context":{"text":"Not\u00edcias de Ribeir\u00e3o Preto-SP e Regi\u00e3o","link":"https:\/\/noticiasribeiraopreto.com.br\/index.php\/category\/noticias-de-ribeirao-preto-sp-e-regiao-ismael-colosi\/"},"img":{"alt_text":"","src":"https:\/\/i0.wp.com\/noticiasribeiraopreto.com.br\/wp-content\/uploads\/2025\/04\/high-angle-diabetic-woman-checking-her-glucose-level_2025-04-16_23-31-08_jpg_2025-04-16_23-31-11-scaled.webp.webp?fit=1200%2C798&ssl=1&resize=350%2C200","width":350,"height":200,"srcset":"https:\/\/i0.wp.com\/noticiasribeiraopreto.com.br\/wp-content\/uploads\/2025\/04\/high-angle-diabetic-woman-checking-her-glucose-level_2025-04-16_23-31-08_jpg_2025-04-16_23-31-11-scaled.webp.webp?fit=1200%2C798&ssl=1&resize=350%2C200 1x, https:\/\/i0.wp.com\/noticiasribeiraopreto.com.br\/wp-content\/uploads\/2025\/04\/high-angle-diabetic-woman-checking-her-glucose-level_2025-04-16_23-31-08_jpg_2025-04-16_23-31-11-scaled.webp.webp?fit=1200%2C798&ssl=1&resize=525%2C300 1.5x, https:\/\/i0.wp.com\/noticiasribeiraopreto.com.br\/wp-content\/uploads\/2025\/04\/high-angle-diabetic-woman-checking-her-glucose-level_2025-04-16_23-31-08_jpg_2025-04-16_23-31-11-scaled.webp.webp?fit=1200%2C798&ssl=1&resize=700%2C400 2x, https:\/\/i0.wp.com\/noticiasribeiraopreto.com.br\/wp-content\/uploads\/2025\/04\/high-angle-diabetic-woman-checking-her-glucose-level_2025-04-16_23-31-08_jpg_2025-04-16_23-31-11-scaled.webp.webp?fit=1200%2C798&ssl=1&resize=1050%2C600 3x"},"classes":[]}],"jetpack_sharing_enabled":true,"jetpack_shortlink":"https:\/\/wp.me\/peQAOb-lY3","_links":{"self":[{"href":"https:\/\/noticiasribeiraopreto.com.br\/index.php\/wp-json\/wp\/v2\/posts\/84447","targetHints":{"allow":["GET"]}}],"collection":[{"href":"https:\/\/noticiasribeiraopreto.com.br\/index.php\/wp-json\/wp\/v2\/posts"}],"about":[{"href":"https:\/\/noticiasribeiraopreto.com.br\/index.php\/wp-json\/wp\/v2\/types\/post"}],"author":[{"embeddable":true,"href":"https:\/\/noticiasribeiraopreto.com.br\/index.php\/wp-json\/wp\/v2\/users\/1"}],"replies":[{"embeddable":true,"href":"https:\/\/noticiasribeiraopreto.com.br\/index.php\/wp-json\/wp\/v2\/comments?post=84447"}],"version-history":[{"count":0,"href":"https:\/\/noticiasribeiraopreto.com.br\/index.php\/wp-json\/wp\/v2\/posts\/84447\/revisions"}],"wp:featuredmedia":[{"embeddable":true,"href":"https:\/\/noticiasribeiraopreto.com.br\/index.php\/wp-json\/wp\/v2\/media\/84448"}],"wp:attachment":[{"href":"https:\/\/noticiasribeiraopreto.com.br\/index.php\/wp-json\/wp\/v2\/media?parent=84447"}],"wp:term":[{"taxonomy":"category","embeddable":true,"href":"https:\/\/noticiasribeiraopreto.com.br\/index.php\/wp-json\/wp\/v2\/categories?post=84447"},{"taxonomy":"post_tag","embeddable":true,"href":"https:\/\/noticiasribeiraopreto.com.br\/index.php\/wp-json\/wp\/v2\/tags?post=84447"}],"curies":[{"name":"wp","href":"https:\/\/api.w.org\/{rel}","templated":true}]}}