{"id":84449,"date":"2026-04-09T15:45:19","date_gmt":"2026-04-09T18:45:19","guid":{"rendered":"https:\/\/noticiasribeiraopreto.com.br\/index.php\/2026\/04\/09\/evento-com-entrada-gratuita-reune-42-marcas-autorais-chope-e-musica-em-ribeirao-preto\/"},"modified":"2026-04-09T15:45:19","modified_gmt":"2026-04-09T18:45:19","slug":"evento-com-entrada-gratuita-reune-42-marcas-autorais-chope-e-musica-em-ribeirao-preto","status":"publish","type":"post","link":"https:\/\/noticiasribeiraopreto.com.br\/index.php\/2026\/04\/09\/evento-com-entrada-gratuita-reune-42-marcas-autorais-chope-e-musica-em-ribeirao-preto\/","title":{"rendered":"Evento com entrada gratuita re\u00fane 42 marcas autorais, chope e m\u00fasica em Ribeir\u00e3o Preto"},"content":{"rendered":"<div class='code-block code-block-1' style='margin: 8px 0 8px auto; text-align: right; display: block; clear: both;'>\n<p><a href=\"https:\/\/wa.link\/vpicfd\"><img data-recalc-dims=\"1\" class=\"wp-image-4922\" style=\"aspect-ratio: 2.0253164556962027; width: 561px; height: auto;\" src=\"https:\/\/i0.wp.com\/ismaelcolosi.com.br\/wp-content\/uploads\/2023\/11\/grupo-de-empregos-whatsapp-e-facebook-ismael-colosi-vagas.jpg?ssl=1\" alt=\"\" \/><\/a><\/p>\n<!-- \/wp:image -->\n<\/div>\n<p> <br \/>\n<\/p>\n<div id=\"dsoaudio\">\n<div class=\"oknexcerpt resumo-noticia\">\n\t\t\t\t\t\t\t<button class=\"resumo-noticia__btn\" aria-expanded=\"false\" aria-controls=\"resumo-noticia-content\"><br \/>\n\t\t\t\t\t\t\t\t<span class=\"resumo-noticia__btn-text\">Ler o resumo da not\u00edcia<\/span><br \/>\n\t\t\t\t\t\t\t\t<svg xmlns=\"http:\/\/www.w3.org\/2000\/svg\" class=\"resumo-noticia__btn-icon\" width=\"24\" height=\"24\" viewbox=\"0 0 24 24\" fill=\"none\">\n\t\t\t\t\t\t\t\t\t<path d=\"M7.41 8.59L12 13.17L16.59 8.59L18 10L12 16L6 10L7.41 8.59Z\" fill=\"#196AA9\"\/>\n\t\t\t\t\t\t\t\t<\/svg><br \/>\n\t\t\t\t\t\t\t<\/button><\/p>\n<div class=\"resumo-noticia__content\" id=\"resumo-noticia-content\" style=\"max-height: 0px;\">\n<div class=\"resumo-noticia__content-inner\">\n<ul>\n<li>A Pra\u00e7a 7 de Setembro, no Centro de Ribeir\u00e3o Preto, recebe no domingo (12) a Feira do Coletivo, das 15h \u00e0s 21h, com entrada gratuita.<\/li>\n<li>O evento re\u00fane 42 marcas autorais dos setores de moda, arte, gastronomia, bem-estar e infantil, al\u00e9m de chopp e food trucks.<\/li>\n<li>As atra\u00e7\u00f5es musicais incluem a\u6b4c\u624b Lee Anne (15h30) e a banda C\u00e3es de Aluguel (18h).<\/li>\n<li>A Liga Acad\u00eamica de Imunologia da USP promove atividades educativas sobre sa\u00fade e preven\u00e7\u00e3o no local.<\/li>\n<\/ul><\/div>\n<\/p><\/div>\n<\/p><\/div>\n<p><button type=\"button\" title=\"Salvar mat\u00e9ria\" class=\"dso bookmark-injection bookmark-save\"><br \/>\n        <svg xmlns=\"http:\/\/www.w3.org\/2000\/svg\" width=\"20\" height=\"24\" viewbox=\"0 0 20 24\" fill=\"none\">\n            <path d=\"M1 23V1H19V23L10 15.6667L1 23Z\" stroke=\"black\" stroke-width=\"1.3\" stroke-linejoin=\"round\"\/>\n        <\/svg><br \/>\n    <\/button> <\/p>\n<p>A <strong>Pra\u00e7a 7 de Setembro<\/strong>, no Centro de Ribeir\u00e3o Preto, recebe no pr\u00f3ximo domingo (12), das <strong>15h \u00e0s 21h<\/strong>, a Feira do Coletivo. O evento, que tem<strong> entrada gratuita<\/strong>, re\u00fane arte, cultura e economia criativa em um s\u00f3 espa\u00e7o. <\/p>\n<p>A programa\u00e7\u00e3o destaca o trabalho de artistas, artes\u00e3os e pequenos produtores, al\u00e9m de oferecer atra\u00e7\u00f5es para diferentes p\u00fablicos. Vale ressaltar que o<strong> evento tamb\u00e9m \u00e9 pet friendly.<\/strong><\/p>\n<figure class=\"wp-block-gallery has-nested-images columns-default is-cropped wp-block-gallery-1 is-layout-flex wp-block-gallery-is-layout-flex\">\n<figure class=\"wp-block-image size-large\"><img data-recalc-dims=\"1\" loading=\"lazy\" decoding=\"async\" width=\"1024\" height=\"682\" data-id=\"151796\" alt=\"WhatsApp Image 2026 04 09 at 12.41.15 2 2026 04 09 16 18 33\" class=\"wp-image-151796\" title=\"Evento com entrada gratuita re\u00fane 42 marcas autorais, chope e m\u00fasica em Ribeir\u00e3o Preto 1\" srcset=\"https:\/\/www.acidadeon.com\/ribeiraopreto\/wp-content\/uploads\/sites\/3\/2026\/04\/WhatsApp-Image-2026-04-09-at-12.41.15-2_2026-04-09_16-18-33-1024x682.webp 1024w, https:\/\/www.acidadeon.com\/ribeiraopreto\/wp-content\/uploads\/sites\/3\/2026\/04\/WhatsApp-Image-2026-04-09-at-12.41.15-2_2026-04-09_16-18-33-300x200.webp 300w, https:\/\/www.acidadeon.com\/ribeiraopreto\/wp-content\/uploads\/sites\/3\/2026\/04\/WhatsApp-Image-2026-04-09-at-12.41.15-2_2026-04-09_16-18-33-768x511.webp 768w, https:\/\/www.acidadeon.com\/ribeiraopreto\/wp-content\/uploads\/sites\/3\/2026\/04\/WhatsApp-Image-2026-04-09-at-12.41.15-2_2026-04-09_16-18-33-400x266.webp 400w, https:\/\/www.acidadeon.com\/ribeiraopreto\/wp-content\/uploads\/sites\/3\/2026\/04\/WhatsApp-Image-2026-04-09-at-12.41.15-2_2026-04-09_16-18-33-150x100.webp 150w, https:\/\/www.acidadeon.com\/ribeiraopreto\/wp-content\/uploads\/sites\/3\/2026\/04\/WhatsApp-Image-2026-04-09-at-12.41.15-2_2026-04-09_16-18-33.webp 1200w\" data-lazy-sizes=\"(max-width: 1024px) 100vw, 1024px\" src=\"https:\/\/i0.wp.com\/www.acidadeon.com\/ribeiraopreto\/wp-content\/uploads\/sites\/3\/2026\/04\/WhatsApp-Image-2026-04-09-at-12.41.15-2_2026-04-09_16-18-33-1024x682.webp?resize=1024%2C682&#038;ssl=1\"\/><img data-recalc-dims=\"1\" loading=\"lazy\" decoding=\"async\" width=\"1024\" height=\"682\" data-id=\"151796\" src=\"https:\/\/i0.wp.com\/www.acidadeon.com\/ribeiraopreto\/wp-content\/uploads\/sites\/3\/2026\/04\/WhatsApp-Image-2026-04-09-at-12.41.15-2_2026-04-09_16-18-33-1024x682.webp?resize=1024%2C682&#038;ssl=1\" alt=\"WhatsApp Image 2026 04 09 at 12.41.15 2 2026 04 09 16 18 33\" class=\"wp-image-151796\" title=\"Evento com entrada gratuita re\u00fane 42 marcas autorais, chope e m\u00fasica em Ribeir\u00e3o Preto 1\" srcset=\"https:\/\/www.acidadeon.com\/ribeiraopreto\/wp-content\/uploads\/sites\/3\/2026\/04\/WhatsApp-Image-2026-04-09-at-12.41.15-2_2026-04-09_16-18-33-1024x682.webp 1024w, https:\/\/www.acidadeon.com\/ribeiraopreto\/wp-content\/uploads\/sites\/3\/2026\/04\/WhatsApp-Image-2026-04-09-at-12.41.15-2_2026-04-09_16-18-33-300x200.webp 300w, https:\/\/www.acidadeon.com\/ribeiraopreto\/wp-content\/uploads\/sites\/3\/2026\/04\/WhatsApp-Image-2026-04-09-at-12.41.15-2_2026-04-09_16-18-33-768x511.webp 768w, https:\/\/www.acidadeon.com\/ribeiraopreto\/wp-content\/uploads\/sites\/3\/2026\/04\/WhatsApp-Image-2026-04-09-at-12.41.15-2_2026-04-09_16-18-33-400x266.webp 400w, https:\/\/www.acidadeon.com\/ribeiraopreto\/wp-content\/uploads\/sites\/3\/2026\/04\/WhatsApp-Image-2026-04-09-at-12.41.15-2_2026-04-09_16-18-33-150x100.webp 150w, https:\/\/www.acidadeon.com\/ribeiraopreto\/wp-content\/uploads\/sites\/3\/2026\/04\/WhatsApp-Image-2026-04-09-at-12.41.15-2_2026-04-09_16-18-33.webp 1200w\" sizes=\"auto, (max-width: 1024px) 100vw, 1024px\"\/><figcaption class=\"wp-element-caption\">Foto: L\u00e9o Gallo e C\u00e9lio Messias<\/figcaption><\/figure>\n<figure class=\"wp-block-image size-large\"><img data-recalc-dims=\"1\" loading=\"lazy\" decoding=\"async\" width=\"1024\" height=\"682\" data-id=\"151795\" alt=\"WhatsApp Image 2026 04 09 at 12.41.15 3 2026 04 09 16 18 26\" class=\"wp-image-151795\" title=\"Evento com entrada gratuita re\u00fane 42 marcas autorais, chope e m\u00fasica em Ribeir\u00e3o Preto 2\" srcset=\"https:\/\/www.acidadeon.com\/ribeiraopreto\/wp-content\/uploads\/sites\/3\/2026\/04\/WhatsApp-Image-2026-04-09-at-12.41.15-3_2026-04-09_16-18-26-1024x682.webp 1024w, https:\/\/www.acidadeon.com\/ribeiraopreto\/wp-content\/uploads\/sites\/3\/2026\/04\/WhatsApp-Image-2026-04-09-at-12.41.15-3_2026-04-09_16-18-26-300x200.webp 300w, https:\/\/www.acidadeon.com\/ribeiraopreto\/wp-content\/uploads\/sites\/3\/2026\/04\/WhatsApp-Image-2026-04-09-at-12.41.15-3_2026-04-09_16-18-26-768x512.webp 768w, https:\/\/www.acidadeon.com\/ribeiraopreto\/wp-content\/uploads\/sites\/3\/2026\/04\/WhatsApp-Image-2026-04-09-at-12.41.15-3_2026-04-09_16-18-26-400x267.webp 400w, https:\/\/www.acidadeon.com\/ribeiraopreto\/wp-content\/uploads\/sites\/3\/2026\/04\/WhatsApp-Image-2026-04-09-at-12.41.15-3_2026-04-09_16-18-26-150x100.webp 150w, https:\/\/www.acidadeon.com\/ribeiraopreto\/wp-content\/uploads\/sites\/3\/2026\/04\/WhatsApp-Image-2026-04-09-at-12.41.15-3_2026-04-09_16-18-26.webp 1181w\" data-lazy-sizes=\"(max-width: 1024px) 100vw, 1024px\" src=\"https:\/\/i0.wp.com\/www.acidadeon.com\/ribeiraopreto\/wp-content\/uploads\/sites\/3\/2026\/04\/WhatsApp-Image-2026-04-09-at-12.41.15-3_2026-04-09_16-18-26-1024x682.webp?resize=1024%2C682&#038;ssl=1\"\/><img data-recalc-dims=\"1\" loading=\"lazy\" decoding=\"async\" width=\"1024\" height=\"682\" data-id=\"151795\" src=\"https:\/\/i0.wp.com\/www.acidadeon.com\/ribeiraopreto\/wp-content\/uploads\/sites\/3\/2026\/04\/WhatsApp-Image-2026-04-09-at-12.41.15-3_2026-04-09_16-18-26-1024x682.webp?resize=1024%2C682&#038;ssl=1\" alt=\"WhatsApp Image 2026 04 09 at 12.41.15 3 2026 04 09 16 18 26\" class=\"wp-image-151795\" title=\"Evento com entrada gratuita re\u00fane 42 marcas autorais, chope e m\u00fasica em Ribeir\u00e3o Preto 2\" srcset=\"https:\/\/www.acidadeon.com\/ribeiraopreto\/wp-content\/uploads\/sites\/3\/2026\/04\/WhatsApp-Image-2026-04-09-at-12.41.15-3_2026-04-09_16-18-26-1024x682.webp 1024w, https:\/\/www.acidadeon.com\/ribeiraopreto\/wp-content\/uploads\/sites\/3\/2026\/04\/WhatsApp-Image-2026-04-09-at-12.41.15-3_2026-04-09_16-18-26-300x200.webp 300w, https:\/\/www.acidadeon.com\/ribeiraopreto\/wp-content\/uploads\/sites\/3\/2026\/04\/WhatsApp-Image-2026-04-09-at-12.41.15-3_2026-04-09_16-18-26-768x512.webp 768w, https:\/\/www.acidadeon.com\/ribeiraopreto\/wp-content\/uploads\/sites\/3\/2026\/04\/WhatsApp-Image-2026-04-09-at-12.41.15-3_2026-04-09_16-18-26-400x267.webp 400w, https:\/\/www.acidadeon.com\/ribeiraopreto\/wp-content\/uploads\/sites\/3\/2026\/04\/WhatsApp-Image-2026-04-09-at-12.41.15-3_2026-04-09_16-18-26-150x100.webp 150w, https:\/\/www.acidadeon.com\/ribeiraopreto\/wp-content\/uploads\/sites\/3\/2026\/04\/WhatsApp-Image-2026-04-09-at-12.41.15-3_2026-04-09_16-18-26.webp 1181w\" sizes=\"auto, (max-width: 1024px) 100vw, 1024px\"\/><figcaption class=\"wp-element-caption\">Foto: L\u00e9o Gallo e C\u00e9lio Messias<\/figcaption><\/figure>\n<figure class=\"wp-block-image size-large\"><img data-recalc-dims=\"1\" loading=\"lazy\" decoding=\"async\" width=\"1024\" height=\"683\" data-id=\"151797\" alt=\"WhatsApp Image 2026 04 09 at 12.41.15 2026 04 09 16 18 36\" class=\"wp-image-151797\" title=\"Evento com entrada gratuita re\u00fane 42 marcas autorais, chope e m\u00fasica em Ribeir\u00e3o Preto 3\" srcset=\"https:\/\/www.acidadeon.com\/ribeiraopreto\/wp-content\/uploads\/sites\/3\/2026\/04\/WhatsApp-Image-2026-04-09-at-12.41.15_2026-04-09_16-18-36-1024x683.webp 1024w, https:\/\/www.acidadeon.com\/ribeiraopreto\/wp-content\/uploads\/sites\/3\/2026\/04\/WhatsApp-Image-2026-04-09-at-12.41.15_2026-04-09_16-18-36-300x200.webp 300w, https:\/\/www.acidadeon.com\/ribeiraopreto\/wp-content\/uploads\/sites\/3\/2026\/04\/WhatsApp-Image-2026-04-09-at-12.41.15_2026-04-09_16-18-36-768x512.webp 768w, https:\/\/www.acidadeon.com\/ribeiraopreto\/wp-content\/uploads\/sites\/3\/2026\/04\/WhatsApp-Image-2026-04-09-at-12.41.15_2026-04-09_16-18-36-400x267.webp 400w, https:\/\/www.acidadeon.com\/ribeiraopreto\/wp-content\/uploads\/sites\/3\/2026\/04\/WhatsApp-Image-2026-04-09-at-12.41.15_2026-04-09_16-18-36-150x100.webp 150w, https:\/\/www.acidadeon.com\/ribeiraopreto\/wp-content\/uploads\/sites\/3\/2026\/04\/WhatsApp-Image-2026-04-09-at-12.41.15_2026-04-09_16-18-36.webp 1200w\" data-lazy-sizes=\"(max-width: 1024px) 100vw, 1024px\" src=\"https:\/\/i0.wp.com\/www.acidadeon.com\/ribeiraopreto\/wp-content\/uploads\/sites\/3\/2026\/04\/WhatsApp-Image-2026-04-09-at-12.41.15_2026-04-09_16-18-36-1024x683.webp?resize=1024%2C683&#038;ssl=1\"\/><img data-recalc-dims=\"1\" loading=\"lazy\" decoding=\"async\" width=\"1024\" height=\"683\" data-id=\"151797\" src=\"https:\/\/i0.wp.com\/www.acidadeon.com\/ribeiraopreto\/wp-content\/uploads\/sites\/3\/2026\/04\/WhatsApp-Image-2026-04-09-at-12.41.15_2026-04-09_16-18-36-1024x683.webp?resize=1024%2C683&#038;ssl=1\" alt=\"WhatsApp Image 2026 04 09 at 12.41.15 2026 04 09 16 18 36\" class=\"wp-image-151797\" title=\"Evento com entrada gratuita re\u00fane 42 marcas autorais, chope e m\u00fasica em Ribeir\u00e3o Preto 3\" srcset=\"https:\/\/www.acidadeon.com\/ribeiraopreto\/wp-content\/uploads\/sites\/3\/2026\/04\/WhatsApp-Image-2026-04-09-at-12.41.15_2026-04-09_16-18-36-1024x683.webp 1024w, https:\/\/www.acidadeon.com\/ribeiraopreto\/wp-content\/uploads\/sites\/3\/2026\/04\/WhatsApp-Image-2026-04-09-at-12.41.15_2026-04-09_16-18-36-300x200.webp 300w, https:\/\/www.acidadeon.com\/ribeiraopreto\/wp-content\/uploads\/sites\/3\/2026\/04\/WhatsApp-Image-2026-04-09-at-12.41.15_2026-04-09_16-18-36-768x512.webp 768w, https:\/\/www.acidadeon.com\/ribeiraopreto\/wp-content\/uploads\/sites\/3\/2026\/04\/WhatsApp-Image-2026-04-09-at-12.41.15_2026-04-09_16-18-36-400x267.webp 400w, https:\/\/www.acidadeon.com\/ribeiraopreto\/wp-content\/uploads\/sites\/3\/2026\/04\/WhatsApp-Image-2026-04-09-at-12.41.15_2026-04-09_16-18-36-150x100.webp 150w, https:\/\/www.acidadeon.com\/ribeiraopreto\/wp-content\/uploads\/sites\/3\/2026\/04\/WhatsApp-Image-2026-04-09-at-12.41.15_2026-04-09_16-18-36.webp 1200w\" sizes=\"auto, (max-width: 1024px) 100vw, 1024px\"\/><figcaption class=\"wp-element-caption\">Foto: L\u00e9o Gallo e C\u00e9lio Messias<\/figcaption><\/figure>\n<\/figure>\n<hr class=\"wp-block-separator has-alpha-channel-opacity\"\/>\n<p><em>Receba not\u00edcias do\u00a0<strong>acidade on Ribeir\u00e3o\u00a0<\/strong>no\u00a0<strong>WhatsApp<\/strong>\u00a0e fique por dentro de tudo! Basta acessar o link\u00a0<a href=\"https:\/\/chat.whatsapp.com\/DfXwcjKVIddHUT3BvnQuPZ?mode=hqctshi\" target=\"_blank\" rel=\"noreferrer noopener\">aqui<\/a>!<\/em><\/p>\n<hr class=\"wp-block-separator has-alpha-channel-opacity\"\/>\n<h2 class=\"wp-block-heading\">Evento tem show, arte e gastronomia<\/h2>\n<p>A <strong>edi\u00e7\u00e3o contar\u00e1 com 42 marcas autorais dos segmentos de moda<\/strong>, <strong>arte<\/strong>, <strong>gastronomia<\/strong>, <strong>bem-estar<\/strong> e <strong>infantil<\/strong>.<\/p>\n<p>Entre as atra\u00e7\u00f5es musicais, a cantora Lee Anne se apresenta \u00e0s 15h30, seguida pela banda C\u00e3es de Aluguel, \u00e0s 18h. O evento tamb\u00e9m contar\u00e1 com chopp e diversas op\u00e7\u00f5es gastron\u00f4micas em food trucks, incluindo alternativas para vegetarianos e veganos.<\/p>\n<figure class=\"wp-block-gallery has-nested-images columns-default is-cropped wp-block-gallery-2 is-layout-flex wp-block-gallery-is-layout-flex\">\n<figure class=\"wp-block-image size-large\"><img data-recalc-dims=\"1\" loading=\"lazy\" decoding=\"async\" width=\"1024\" height=\"682\" data-id=\"151798\" alt=\"evento\" class=\"wp-image-151798\" title=\"Evento com entrada gratuita re\u00fane 42 marcas autorais, chope e m\u00fasica em Ribeir\u00e3o Preto 4\" srcset=\"https:\/\/www.acidadeon.com\/ribeiraopreto\/wp-content\/uploads\/sites\/3\/2026\/04\/WhatsApp-Image-2026-04-09-at-12.41.14-2_2026-04-09_16-23-09-1024x682.webp 1024w, https:\/\/www.acidadeon.com\/ribeiraopreto\/wp-content\/uploads\/sites\/3\/2026\/04\/WhatsApp-Image-2026-04-09-at-12.41.14-2_2026-04-09_16-23-09-300x200.webp 300w, https:\/\/www.acidadeon.com\/ribeiraopreto\/wp-content\/uploads\/sites\/3\/2026\/04\/WhatsApp-Image-2026-04-09-at-12.41.14-2_2026-04-09_16-23-09-768x511.webp 768w, https:\/\/www.acidadeon.com\/ribeiraopreto\/wp-content\/uploads\/sites\/3\/2026\/04\/WhatsApp-Image-2026-04-09-at-12.41.14-2_2026-04-09_16-23-09-400x266.webp 400w, https:\/\/www.acidadeon.com\/ribeiraopreto\/wp-content\/uploads\/sites\/3\/2026\/04\/WhatsApp-Image-2026-04-09-at-12.41.14-2_2026-04-09_16-23-09-150x100.webp 150w, https:\/\/www.acidadeon.com\/ribeiraopreto\/wp-content\/uploads\/sites\/3\/2026\/04\/WhatsApp-Image-2026-04-09-at-12.41.14-2_2026-04-09_16-23-09.webp 1200w\" data-lazy-sizes=\"(max-width: 1024px) 100vw, 1024px\" src=\"https:\/\/i0.wp.com\/www.acidadeon.com\/ribeiraopreto\/wp-content\/uploads\/sites\/3\/2026\/04\/WhatsApp-Image-2026-04-09-at-12.41.14-2_2026-04-09_16-23-09-1024x682.webp?resize=1024%2C682&#038;ssl=1\"\/><img data-recalc-dims=\"1\" loading=\"lazy\" decoding=\"async\" width=\"1024\" height=\"682\" data-id=\"151798\" src=\"https:\/\/i0.wp.com\/www.acidadeon.com\/ribeiraopreto\/wp-content\/uploads\/sites\/3\/2026\/04\/WhatsApp-Image-2026-04-09-at-12.41.14-2_2026-04-09_16-23-09-1024x682.webp?resize=1024%2C682&#038;ssl=1\" alt=\"evento\" class=\"wp-image-151798\" title=\"Evento com entrada gratuita re\u00fane 42 marcas autorais, chope e m\u00fasica em Ribeir\u00e3o Preto 4\" srcset=\"https:\/\/www.acidadeon.com\/ribeiraopreto\/wp-content\/uploads\/sites\/3\/2026\/04\/WhatsApp-Image-2026-04-09-at-12.41.14-2_2026-04-09_16-23-09-1024x682.webp 1024w, https:\/\/www.acidadeon.com\/ribeiraopreto\/wp-content\/uploads\/sites\/3\/2026\/04\/WhatsApp-Image-2026-04-09-at-12.41.14-2_2026-04-09_16-23-09-300x200.webp 300w, https:\/\/www.acidadeon.com\/ribeiraopreto\/wp-content\/uploads\/sites\/3\/2026\/04\/WhatsApp-Image-2026-04-09-at-12.41.14-2_2026-04-09_16-23-09-768x511.webp 768w, https:\/\/www.acidadeon.com\/ribeiraopreto\/wp-content\/uploads\/sites\/3\/2026\/04\/WhatsApp-Image-2026-04-09-at-12.41.14-2_2026-04-09_16-23-09-400x266.webp 400w, https:\/\/www.acidadeon.com\/ribeiraopreto\/wp-content\/uploads\/sites\/3\/2026\/04\/WhatsApp-Image-2026-04-09-at-12.41.14-2_2026-04-09_16-23-09-150x100.webp 150w, https:\/\/www.acidadeon.com\/ribeiraopreto\/wp-content\/uploads\/sites\/3\/2026\/04\/WhatsApp-Image-2026-04-09-at-12.41.14-2_2026-04-09_16-23-09.webp 1200w\" sizes=\"auto, (max-width: 1024px) 100vw, 1024px\"\/><figcaption class=\"wp-element-caption\">Foto: L\u00e9o Gallo e C\u00e9lio Messias<\/figcaption><\/figure>\n<figure class=\"wp-block-image size-large\"><img data-recalc-dims=\"1\" loading=\"lazy\" decoding=\"async\" width=\"1024\" height=\"682\" data-id=\"151799\" alt=\"marca&#10;\" class=\"wp-image-151799\" title=\"Evento com entrada gratuita re\u00fane 42 marcas autorais, chope e m\u00fasica em Ribeir\u00e3o Preto 5\" srcset=\"https:\/\/www.acidadeon.com\/ribeiraopreto\/wp-content\/uploads\/sites\/3\/2026\/04\/WhatsApp-Image-2026-04-09-at-12.41.14-1_2026-04-09_16-23-16-1024x682.webp 1024w, https:\/\/www.acidadeon.com\/ribeiraopreto\/wp-content\/uploads\/sites\/3\/2026\/04\/WhatsApp-Image-2026-04-09-at-12.41.14-1_2026-04-09_16-23-16-300x200.webp 300w, https:\/\/www.acidadeon.com\/ribeiraopreto\/wp-content\/uploads\/sites\/3\/2026\/04\/WhatsApp-Image-2026-04-09-at-12.41.14-1_2026-04-09_16-23-16-768x511.webp 768w, https:\/\/www.acidadeon.com\/ribeiraopreto\/wp-content\/uploads\/sites\/3\/2026\/04\/WhatsApp-Image-2026-04-09-at-12.41.14-1_2026-04-09_16-23-16-400x266.webp 400w, https:\/\/www.acidadeon.com\/ribeiraopreto\/wp-content\/uploads\/sites\/3\/2026\/04\/WhatsApp-Image-2026-04-09-at-12.41.14-1_2026-04-09_16-23-16-150x100.webp 150w, https:\/\/www.acidadeon.com\/ribeiraopreto\/wp-content\/uploads\/sites\/3\/2026\/04\/WhatsApp-Image-2026-04-09-at-12.41.14-1_2026-04-09_16-23-16.webp 1200w\" data-lazy-sizes=\"(max-width: 1024px) 100vw, 1024px\" src=\"https:\/\/i0.wp.com\/www.acidadeon.com\/ribeiraopreto\/wp-content\/uploads\/sites\/3\/2026\/04\/WhatsApp-Image-2026-04-09-at-12.41.14-1_2026-04-09_16-23-16-1024x682.webp?resize=1024%2C682&#038;ssl=1\"\/><img data-recalc-dims=\"1\" loading=\"lazy\" decoding=\"async\" width=\"1024\" height=\"682\" data-id=\"151799\" src=\"https:\/\/i0.wp.com\/www.acidadeon.com\/ribeiraopreto\/wp-content\/uploads\/sites\/3\/2026\/04\/WhatsApp-Image-2026-04-09-at-12.41.14-1_2026-04-09_16-23-16-1024x682.webp?resize=1024%2C682&#038;ssl=1\" alt=\"marca&#10;\" class=\"wp-image-151799\" title=\"Evento com entrada gratuita re\u00fane 42 marcas autorais, chope e m\u00fasica em Ribeir\u00e3o Preto 5\" srcset=\"https:\/\/www.acidadeon.com\/ribeiraopreto\/wp-content\/uploads\/sites\/3\/2026\/04\/WhatsApp-Image-2026-04-09-at-12.41.14-1_2026-04-09_16-23-16-1024x682.webp 1024w, https:\/\/www.acidadeon.com\/ribeiraopreto\/wp-content\/uploads\/sites\/3\/2026\/04\/WhatsApp-Image-2026-04-09-at-12.41.14-1_2026-04-09_16-23-16-300x200.webp 300w, https:\/\/www.acidadeon.com\/ribeiraopreto\/wp-content\/uploads\/sites\/3\/2026\/04\/WhatsApp-Image-2026-04-09-at-12.41.14-1_2026-04-09_16-23-16-768x511.webp 768w, https:\/\/www.acidadeon.com\/ribeiraopreto\/wp-content\/uploads\/sites\/3\/2026\/04\/WhatsApp-Image-2026-04-09-at-12.41.14-1_2026-04-09_16-23-16-400x266.webp 400w, https:\/\/www.acidadeon.com\/ribeiraopreto\/wp-content\/uploads\/sites\/3\/2026\/04\/WhatsApp-Image-2026-04-09-at-12.41.14-1_2026-04-09_16-23-16-150x100.webp 150w, https:\/\/www.acidadeon.com\/ribeiraopreto\/wp-content\/uploads\/sites\/3\/2026\/04\/WhatsApp-Image-2026-04-09-at-12.41.14-1_2026-04-09_16-23-16.webp 1200w\" sizes=\"auto, (max-width: 1024px) 100vw, 1024px\"\/><figcaption class=\"wp-element-caption\">Foto: L\u00e9o Gallo e C\u00e9lio Messias<\/figcaption><\/figure>\n<figure class=\"wp-block-image size-large\"><img data-recalc-dims=\"1\" loading=\"lazy\" decoding=\"async\" width=\"1024\" height=\"736\" data-id=\"151800\" alt=\"WhatsApp Image 2026 04 09 at 12.41.14 2026 04 09 16 23 18\" class=\"wp-image-151800\" title=\"Evento com entrada gratuita re\u00fane 42 marcas autorais, chope e m\u00fasica em Ribeir\u00e3o Preto 6\" srcset=\"https:\/\/www.acidadeon.com\/ribeiraopreto\/wp-content\/uploads\/sites\/3\/2026\/04\/WhatsApp-Image-2026-04-09-at-12.41.14_2026-04-09_16-23-18-1024x736.webp 1024w, https:\/\/www.acidadeon.com\/ribeiraopreto\/wp-content\/uploads\/sites\/3\/2026\/04\/WhatsApp-Image-2026-04-09-at-12.41.14_2026-04-09_16-23-18-300x216.webp 300w, https:\/\/www.acidadeon.com\/ribeiraopreto\/wp-content\/uploads\/sites\/3\/2026\/04\/WhatsApp-Image-2026-04-09-at-12.41.14_2026-04-09_16-23-18-768x552.webp 768w, https:\/\/www.acidadeon.com\/ribeiraopreto\/wp-content\/uploads\/sites\/3\/2026\/04\/WhatsApp-Image-2026-04-09-at-12.41.14_2026-04-09_16-23-18-400x288.webp 400w, https:\/\/www.acidadeon.com\/ribeiraopreto\/wp-content\/uploads\/sites\/3\/2026\/04\/WhatsApp-Image-2026-04-09-at-12.41.14_2026-04-09_16-23-18-150x108.webp 150w, https:\/\/www.acidadeon.com\/ribeiraopreto\/wp-content\/uploads\/sites\/3\/2026\/04\/WhatsApp-Image-2026-04-09-at-12.41.14_2026-04-09_16-23-18.webp 1200w\" data-lazy-sizes=\"(max-width: 1024px) 100vw, 1024px\" src=\"https:\/\/i0.wp.com\/www.acidadeon.com\/ribeiraopreto\/wp-content\/uploads\/sites\/3\/2026\/04\/WhatsApp-Image-2026-04-09-at-12.41.14_2026-04-09_16-23-18-1024x736.webp?resize=1024%2C736&#038;ssl=1\"\/><img data-recalc-dims=\"1\" loading=\"lazy\" decoding=\"async\" width=\"1024\" height=\"736\" data-id=\"151800\" src=\"https:\/\/i0.wp.com\/www.acidadeon.com\/ribeiraopreto\/wp-content\/uploads\/sites\/3\/2026\/04\/WhatsApp-Image-2026-04-09-at-12.41.14_2026-04-09_16-23-18-1024x736.webp?resize=1024%2C736&#038;ssl=1\" alt=\"WhatsApp Image 2026 04 09 at 12.41.14 2026 04 09 16 23 18\" class=\"wp-image-151800\" title=\"Evento com entrada gratuita re\u00fane 42 marcas autorais, chope e m\u00fasica em Ribeir\u00e3o Preto 6\" srcset=\"https:\/\/www.acidadeon.com\/ribeiraopreto\/wp-content\/uploads\/sites\/3\/2026\/04\/WhatsApp-Image-2026-04-09-at-12.41.14_2026-04-09_16-23-18-1024x736.webp 1024w, https:\/\/www.acidadeon.com\/ribeiraopreto\/wp-content\/uploads\/sites\/3\/2026\/04\/WhatsApp-Image-2026-04-09-at-12.41.14_2026-04-09_16-23-18-300x216.webp 300w, https:\/\/www.acidadeon.com\/ribeiraopreto\/wp-content\/uploads\/sites\/3\/2026\/04\/WhatsApp-Image-2026-04-09-at-12.41.14_2026-04-09_16-23-18-768x552.webp 768w, https:\/\/www.acidadeon.com\/ribeiraopreto\/wp-content\/uploads\/sites\/3\/2026\/04\/WhatsApp-Image-2026-04-09-at-12.41.14_2026-04-09_16-23-18-400x288.webp 400w, https:\/\/www.acidadeon.com\/ribeiraopreto\/wp-content\/uploads\/sites\/3\/2026\/04\/WhatsApp-Image-2026-04-09-at-12.41.14_2026-04-09_16-23-18-150x108.webp 150w, https:\/\/www.acidadeon.com\/ribeiraopreto\/wp-content\/uploads\/sites\/3\/2026\/04\/WhatsApp-Image-2026-04-09-at-12.41.14_2026-04-09_16-23-18.webp 1200w\" sizes=\"auto, (max-width: 1024px) 100vw, 1024px\"\/><figcaption class=\"wp-element-caption\">Foto: L\u00e9o Gallo e C\u00e9lio Messias<\/figcaption><\/figure>\n<\/figure>\n<p>A programa\u00e7\u00e3o inclui ainda atividades para crian\u00e7as, como brinquedos infl\u00e1veis, recrea\u00e7\u00e3o, oficinas e pintura facial. Para o p\u00fablico adulto, haver\u00e1 leitura de tar\u00f4, al\u00e9m de um aul\u00e3o de yoga \u00e0s 17h.<\/p>\n<p>Outro destaque s\u00e3o as atividades educativas promovidas pela Liga Acad\u00eamica de Imunologia B\u00e1sica e Aplicada da USP, que abordam temas como preven\u00e7\u00e3o, sa\u00fade e cuidado comunit\u00e1rio de forma l\u00fadica e acess\u00edvel.<\/p>\n<h2 class=\"wp-block-heading\">Servi\u00e7o<\/h2>\n<p>Data: 12 de abril<br \/>Hor\u00e1rio: das 15h \u00e0s 21h<br \/>Local: Pra\u00e7a 7 de Setembro \u2013 Rua Sete de Setembro, 579 \u2013 Centro \u2013 Ribeir\u00e3o Preto<br \/>Entrada gratuita<\/p>\n<hr class=\"wp-block-separator has-alpha-channel-opacity\"\/>\n<p><em>Fa\u00e7a uma den\u00fancia ou sugira uma reportagem sobre\u00a0<strong>Ribeir\u00e3o Preto\u00a0<\/strong>e regi\u00e3o por meio do<strong>\u00a0WhatsApp\u00a0<\/strong>do\u00a0<strong>acidade on Ribeir\u00e3o<\/strong>: (16) 99117-7802.<\/em><\/p>\n<p><input type=\"hidden\" name=\"postID\" id=\"postID\" value=\"151794\"\/><br \/>\n            <input type=\"hidden\" name=\"postType\" id=\"postType\" value=\"post\"\/><br \/>\n<!-- AI CONTENT END 1 -->\n        <\/div>\n<p><br \/>\n<br \/><a href=\"https:\/\/www.acidadeon.com\/ribeiraopreto\/lazer-e-cultura\/evento-com-entrada-gratuita-reune-42-marcas-autorais-chope-e-musica-em-ribeirao-preto\/\">Source link <\/a><\/p>\n<!-- CONTENT END 1 -->\n","protected":false},"excerpt":{"rendered":"<p>Ler o resumo da not\u00edcia A Pra\u00e7a 7 de Setembro, no Centro de Ribeir\u00e3o Preto, recebe no domingo (12) a Feira do Coletivo, das 15h&#8230;<\/p>\n","protected":false},"author":1,"featured_media":84450,"comment_status":"open","ping_status":"open","sticky":false,"template":"","format":"standard","meta":{"advanced_seo_description":"","jetpack_seo_html_title":"","jetpack_seo_noindex":false,"jetpack_post_was_ever_published":false,"_jetpack_newsletter_access":"","_jetpack_dont_email_post_to_subs":false,"_jetpack_newsletter_tier_id":0,"_jetpack_memberships_contains_paywalled_content":false,"_jetpack_memberships_contains_paid_content":false,"footnotes":"","jetpack_publicize_message":"","jetpack_publicize_feature_enabled":true,"jetpack_social_post_already_shared":true,"jetpack_social_options":{"image_generator_settings":{"template":"highway","default_image_id":0,"font":"","enabled":false},"version":2}},"categories":[11],"tags":[],"class_list":["post-84449","post","type-post","status-publish","format-standard","has-post-thumbnail","hentry","category-noticias-de-ribeirao-preto-sp-e-regiao-ismael-colosi"],"jetpack_publicize_connections":[],"jetpack_featured_media_url":"https:\/\/i0.wp.com\/noticiasribeiraopreto.com.br\/wp-content\/uploads\/2026\/04\/WhatsApp-Image-2026-04-09-at-12.41.16_2026-04-09_16-24-24.webp.webp?fit=1200%2C800&ssl=1","jetpack-related-posts":[{"id":80592,"url":"https:\/\/noticiasribeiraopreto.com.br\/index.php\/2025\/12\/07\/festival-pe-na-rua-oferece-gastronomia-arte-e-programacao-infantil-em-ribeirao-preto\/","url_meta":{"origin":84449,"position":0},"title":"Festival P\u00e9 na Rua oferece gastronomia, arte e programa\u00e7\u00e3o infantil em Ribeir\u00e3o Preto","author":"noticiasribeiraopreto.com.br","date":"7 de December de 2025","format":false,"excerpt":"O Festival P\u00e9 na Rua realiza mais uma edi\u00e7\u00e3o neste domingo (7), na avenida Nove de Julho, em Ribeir\u00e3o Preto, a partir das 14h. Com entrada gratuita, o evento re\u00fane gastronomia, feira criativa, apresenta\u00e7\u00f5es art\u00edsticas e atividades para todas as idades ao longo do dia. A programa\u00e7\u00e3o inclui corredor gastron\u00f4mico\u2026","rel":"","context":"In &quot;Not\u00edcias de Ribeir\u00e3o Preto-SP e Regi\u00e3o&quot;","block_context":{"text":"Not\u00edcias de Ribeir\u00e3o Preto-SP e Regi\u00e3o","link":"https:\/\/noticiasribeiraopreto.com.br\/index.php\/category\/noticias-de-ribeirao-preto-sp-e-regiao-ismael-colosi\/"},"img":{"alt_text":"","src":"https:\/\/i0.wp.com\/noticiasribeiraopreto.com.br\/wp-content\/uploads\/2025\/07\/avenida-nove-de-julho_2025-07-18_19-28-18.webp.webp?fit=1200%2C800&ssl=1&resize=350%2C200","width":350,"height":200,"srcset":"https:\/\/i0.wp.com\/noticiasribeiraopreto.com.br\/wp-content\/uploads\/2025\/07\/avenida-nove-de-julho_2025-07-18_19-28-18.webp.webp?fit=1200%2C800&ssl=1&resize=350%2C200 1x, https:\/\/i0.wp.com\/noticiasribeiraopreto.com.br\/wp-content\/uploads\/2025\/07\/avenida-nove-de-julho_2025-07-18_19-28-18.webp.webp?fit=1200%2C800&ssl=1&resize=525%2C300 1.5x, https:\/\/i0.wp.com\/noticiasribeiraopreto.com.br\/wp-content\/uploads\/2025\/07\/avenida-nove-de-julho_2025-07-18_19-28-18.webp.webp?fit=1200%2C800&ssl=1&resize=700%2C400 2x, https:\/\/i0.wp.com\/noticiasribeiraopreto.com.br\/wp-content\/uploads\/2025\/07\/avenida-nove-de-julho_2025-07-18_19-28-18.webp.webp?fit=1200%2C800&ssl=1&resize=1050%2C600 3x"},"classes":[]},{"id":75194,"url":"https:\/\/noticiasribeiraopreto.com.br\/index.php\/2025\/08\/05\/praca-de-ribeirao-preto-recebe-evento-gratuito-em-homenagem-aos-pais-veja-quando\/","url_meta":{"origin":84449,"position":1},"title":"Pra\u00e7a de Ribeir\u00e3o Preto recebe evento gratuito em homenagem aos pais; Veja quando","author":"noticiasribeiraopreto.com.br","date":"5 de August de 2025","format":false,"excerpt":"A Pra\u00e7a dos Expedicion\u00e1rios Brasileiros, conhecida como Pra\u00e7a do Canh\u00e3o, na zona Leste de Ribeir\u00e3o Preto, recebe o evento \u201cRol\u00ea na Pra\u00e7a Ribeir\u00e3o\u201d, edi\u00e7\u00e3o comemorativa ao m\u00eas dos pais. O evento ser\u00e1 realizado na pr\u00f3xima quinta-feira (7), das 18h \u00e0s 22h, com entrada gratuita e atra\u00e7\u00f5es culturais, arte, gastronomia e\u2026","rel":"","context":"In &quot;Not\u00edcias de Ribeir\u00e3o Preto-SP e Regi\u00e3o&quot;","block_context":{"text":"Not\u00edcias de Ribeir\u00e3o Preto-SP e Regi\u00e3o","link":"https:\/\/noticiasribeiraopreto.com.br\/index.php\/category\/noticias-de-ribeirao-preto-sp-e-regiao-ismael-colosi\/"},"img":{"alt_text":"","src":"https:\/\/i0.wp.com\/noticiasribeiraopreto.com.br\/wp-content\/uploads\/2025\/08\/PRACA-DO-CANHAO_2025-08-05_14-45-04.webp.webp?fit=1200%2C857&ssl=1&resize=350%2C200","width":350,"height":200,"srcset":"https:\/\/i0.wp.com\/noticiasribeiraopreto.com.br\/wp-content\/uploads\/2025\/08\/PRACA-DO-CANHAO_2025-08-05_14-45-04.webp.webp?fit=1200%2C857&ssl=1&resize=350%2C200 1x, https:\/\/i0.wp.com\/noticiasribeiraopreto.com.br\/wp-content\/uploads\/2025\/08\/PRACA-DO-CANHAO_2025-08-05_14-45-04.webp.webp?fit=1200%2C857&ssl=1&resize=525%2C300 1.5x, https:\/\/i0.wp.com\/noticiasribeiraopreto.com.br\/wp-content\/uploads\/2025\/08\/PRACA-DO-CANHAO_2025-08-05_14-45-04.webp.webp?fit=1200%2C857&ssl=1&resize=700%2C400 2x, https:\/\/i0.wp.com\/noticiasribeiraopreto.com.br\/wp-content\/uploads\/2025\/08\/PRACA-DO-CANHAO_2025-08-05_14-45-04.webp.webp?fit=1200%2C857&ssl=1&resize=1050%2C600 3x"},"classes":[]},{"id":76710,"url":"https:\/\/noticiasribeiraopreto.com.br\/index.php\/2025\/09\/03\/feira-em-ribeirao-preto-celebra-7-anos-com-musica-gastronomia-e-chope-veja-quando\/","url_meta":{"origin":84449,"position":2},"title":"Feira em Ribeir\u00e3o Preto celebra 7 anos com m\u00fasica, gastronomia e chope; veja quando","author":"noticiasribeiraopreto.com.br","date":"3 de September de 2025","format":false,"excerpt":"A Feira do Coletivo celebra sete anos em Ribeir\u00e3o Preto com uma edi\u00e7\u00e3o especial na Pra\u00e7a 7 de Setembro. Neste domingo (7), o evento re\u00fane artistas, artes\u00e3os e pequenos produtores e oferece arte, cultura, gastronomia e atividades, com entrada gratuita. M\u00fasica e gastronomia A programa\u00e7\u00e3o inclui 50 marcas autorais, m\u00fasica\u2026","rel":"","context":"In &quot;Not\u00edcias de Ribeir\u00e3o Preto-SP e Regi\u00e3o&quot;","block_context":{"text":"Not\u00edcias de Ribeir\u00e3o Preto-SP e Regi\u00e3o","link":"https:\/\/noticiasribeiraopreto.com.br\/index.php\/category\/noticias-de-ribeirao-preto-sp-e-regiao-ismael-colosi\/"},"img":{"alt_text":"","src":"https:\/\/i0.wp.com\/noticiasribeiraopreto.com.br\/wp-content\/uploads\/2025\/09\/Imagem-do-WhatsApp-de-2025-07-29-as-16.05.01_1d53c35a_2025-09-03_22-01-07.webp.webp?fit=1181%2C787&ssl=1&resize=350%2C200","width":350,"height":200,"srcset":"https:\/\/i0.wp.com\/noticiasribeiraopreto.com.br\/wp-content\/uploads\/2025\/09\/Imagem-do-WhatsApp-de-2025-07-29-as-16.05.01_1d53c35a_2025-09-03_22-01-07.webp.webp?fit=1181%2C787&ssl=1&resize=350%2C200 1x, https:\/\/i0.wp.com\/noticiasribeiraopreto.com.br\/wp-content\/uploads\/2025\/09\/Imagem-do-WhatsApp-de-2025-07-29-as-16.05.01_1d53c35a_2025-09-03_22-01-07.webp.webp?fit=1181%2C787&ssl=1&resize=525%2C300 1.5x, https:\/\/i0.wp.com\/noticiasribeiraopreto.com.br\/wp-content\/uploads\/2025\/09\/Imagem-do-WhatsApp-de-2025-07-29-as-16.05.01_1d53c35a_2025-09-03_22-01-07.webp.webp?fit=1181%2C787&ssl=1&resize=700%2C400 2x, https:\/\/i0.wp.com\/noticiasribeiraopreto.com.br\/wp-content\/uploads\/2025\/09\/Imagem-do-WhatsApp-de-2025-07-29-as-16.05.01_1d53c35a_2025-09-03_22-01-07.webp.webp?fit=1181%2C787&ssl=1&resize=1050%2C600 3x"},"classes":[]},{"id":79725,"url":"https:\/\/noticiasribeiraopreto.com.br\/index.php\/2025\/11\/06\/feira-em-ribeirao-preto-reune-cerveja-artesanal-food-trucks-e-musica-ao-vivo\/","url_meta":{"origin":84449,"position":3},"title":"Feira em Ribeir\u00e3o Preto re\u00fane cerveja artesanal, food trucks e m\u00fasica ao vivo","author":"noticiasribeiraopreto.com.br","date":"6 de November de 2025","format":false,"excerpt":"Ribeir\u00e3o Preto recebe neste domingo (9) mais uma edi\u00e7\u00e3o da Feira do Coletivo, na Pra\u00e7a 7 de Setembro, no Centro da cidade. O evento acontece das 15h \u00e0s 21h, com entrada gratuita e programa\u00e7\u00e3o voltada para todas as idades. A feira re\u00fane 46 marcas autorais de moda, arte, gastronomia, bem-estar\u2026","rel":"","context":"In &quot;Not\u00edcias de Ribeir\u00e3o Preto-SP e Regi\u00e3o&quot;","block_context":{"text":"Not\u00edcias de Ribeir\u00e3o Preto-SP e Regi\u00e3o","link":"https:\/\/noticiasribeiraopreto.com.br\/index.php\/category\/noticias-de-ribeirao-preto-sp-e-regiao-ismael-colosi\/"},"img":{"alt_text":"","src":"https:\/\/i0.wp.com\/noticiasribeiraopreto.com.br\/wp-content\/uploads\/2025\/11\/Imagem-do-WhatsApp-de-2025-11-06-as-14.50.22_797ac666_2025-11-06_18-12-00.webp.webp?fit=1200%2C801&ssl=1&resize=350%2C200","width":350,"height":200,"srcset":"https:\/\/i0.wp.com\/noticiasribeiraopreto.com.br\/wp-content\/uploads\/2025\/11\/Imagem-do-WhatsApp-de-2025-11-06-as-14.50.22_797ac666_2025-11-06_18-12-00.webp.webp?fit=1200%2C801&ssl=1&resize=350%2C200 1x, https:\/\/i0.wp.com\/noticiasribeiraopreto.com.br\/wp-content\/uploads\/2025\/11\/Imagem-do-WhatsApp-de-2025-11-06-as-14.50.22_797ac666_2025-11-06_18-12-00.webp.webp?fit=1200%2C801&ssl=1&resize=525%2C300 1.5x, https:\/\/i0.wp.com\/noticiasribeiraopreto.com.br\/wp-content\/uploads\/2025\/11\/Imagem-do-WhatsApp-de-2025-11-06-as-14.50.22_797ac666_2025-11-06_18-12-00.webp.webp?fit=1200%2C801&ssl=1&resize=700%2C400 2x, https:\/\/i0.wp.com\/noticiasribeiraopreto.com.br\/wp-content\/uploads\/2025\/11\/Imagem-do-WhatsApp-de-2025-11-06-as-14.50.22_797ac666_2025-11-06_18-12-00.webp.webp?fit=1200%2C801&ssl=1&resize=1050%2C600 3x"},"classes":[]},{"id":80761,"url":"https:\/\/noticiasribeiraopreto.com.br\/index.php\/2025\/12\/13\/tres-mulheres-altas-e-coral-dos-meninos-cantores-veja-opcoes-para-curtir-fim-de-semana-em-ribeirao-preto\/","url_meta":{"origin":84449,"position":4},"title":"&#8216;Tr\u00eas Mulheres Altas&#8217; e Coral dos Meninos Cantores: veja op\u00e7\u00f5es para curtir fim de semana em Ribeir\u00e3o Preto","author":"noticiasribeiraopreto.com.br","date":"13 de December de 2025","format":false,"excerpt":"A agenda cultural deste fim de semana est\u00e1 em clima natalino. H\u00e1 diversas op\u00e7\u00f5es para aproveitar com os amigos e a fam\u00edlia, como a tradicional apresenta\u00e7\u00e3o do Coral dos Meninos Cantores, a locomotiva iluminada do Natal da VLI e feiras com tem\u00e1tica natalina. Al\u00e9m disso, a cidade tamb\u00e9m recebe a\u2026","rel":"","context":"In &quot;Not\u00edcias de Ribeir\u00e3o Preto-SP e Regi\u00e3o&quot;","block_context":{"text":"Not\u00edcias de Ribeir\u00e3o Preto-SP e Regi\u00e3o","link":"https:\/\/noticiasribeiraopreto.com.br\/index.php\/category\/noticias-de-ribeirao-preto-sp-e-regiao-ismael-colosi\/"},"img":{"alt_text":"","src":"https:\/\/i0.wp.com\/noticiasribeiraopreto.com.br\/wp-content\/uploads\/2025\/12\/MENINOS-CANTORES-2.jpg?fit=1200%2C670&ssl=1&resize=350%2C200","width":350,"height":200,"srcset":"https:\/\/i0.wp.com\/noticiasribeiraopreto.com.br\/wp-content\/uploads\/2025\/12\/MENINOS-CANTORES-2.jpg?fit=1200%2C670&ssl=1&resize=350%2C200 1x, https:\/\/i0.wp.com\/noticiasribeiraopreto.com.br\/wp-content\/uploads\/2025\/12\/MENINOS-CANTORES-2.jpg?fit=1200%2C670&ssl=1&resize=525%2C300 1.5x, https:\/\/i0.wp.com\/noticiasribeiraopreto.com.br\/wp-content\/uploads\/2025\/12\/MENINOS-CANTORES-2.jpg?fit=1200%2C670&ssl=1&resize=700%2C400 2x, https:\/\/i0.wp.com\/noticiasribeiraopreto.com.br\/wp-content\/uploads\/2025\/12\/MENINOS-CANTORES-2.jpg?fit=1200%2C670&ssl=1&resize=1050%2C600 3x"},"classes":[]},{"id":79459,"url":"https:\/\/noticiasribeiraopreto.com.br\/index.php\/2025\/11\/01\/evento-com-entrada-gratuita-reune-12-cervejarias-independentes-em-ribeirao-preto\/","url_meta":{"origin":84449,"position":5},"title":"Evento com entrada gratuita re\u00fane 12 cervejarias independentes em Ribeir\u00e3o Preto","author":"noticiasribeiraopreto.com.br","date":"1 de November de 2025","format":false,"excerpt":"Ribeir\u00e3o Preto vai receber neste domingo (2), um evento que re\u00fane 12 cervejarias independentes da cidade e regi\u00e3o. O \u00c1gora ser\u00e1 realizado na rua Sete de Setembro e oferece ao p\u00fablico degusta\u00e7\u00e3o de diferentes estilos de cerveja, m\u00fasica ao vivo, gastronomia e atividades culturais. Inspirado nas \u00e1goras gregas, o evento,\u2026","rel":"","context":"In &quot;Not\u00edcias de Ribeir\u00e3o Preto-SP e Regi\u00e3o&quot;","block_context":{"text":"Not\u00edcias de Ribeir\u00e3o Preto-SP e Regi\u00e3o","link":"https:\/\/noticiasribeiraopreto.com.br\/index.php\/category\/noticias-de-ribeirao-preto-sp-e-regiao-ismael-colosi\/"},"img":{"alt_text":"","src":"https:\/\/i0.wp.com\/noticiasribeiraopreto.com.br\/wp-content\/uploads\/2025\/06\/cerveja-artesanal_2025-06-17_14-49-37.webp.webp?fit=1200%2C675&ssl=1&resize=350%2C200","width":350,"height":200,"srcset":"https:\/\/i0.wp.com\/noticiasribeiraopreto.com.br\/wp-content\/uploads\/2025\/06\/cerveja-artesanal_2025-06-17_14-49-37.webp.webp?fit=1200%2C675&ssl=1&resize=350%2C200 1x, https:\/\/i0.wp.com\/noticiasribeiraopreto.com.br\/wp-content\/uploads\/2025\/06\/cerveja-artesanal_2025-06-17_14-49-37.webp.webp?fit=1200%2C675&ssl=1&resize=525%2C300 1.5x, https:\/\/i0.wp.com\/noticiasribeiraopreto.com.br\/wp-content\/uploads\/2025\/06\/cerveja-artesanal_2025-06-17_14-49-37.webp.webp?fit=1200%2C675&ssl=1&resize=700%2C400 2x, https:\/\/i0.wp.com\/noticiasribeiraopreto.com.br\/wp-content\/uploads\/2025\/06\/cerveja-artesanal_2025-06-17_14-49-37.webp.webp?fit=1200%2C675&ssl=1&resize=1050%2C600 3x"},"classes":[]}],"jetpack_sharing_enabled":true,"jetpack_shortlink":"https:\/\/wp.me\/peQAOb-lY5","_links":{"self":[{"href":"https:\/\/noticiasribeiraopreto.com.br\/index.php\/wp-json\/wp\/v2\/posts\/84449","targetHints":{"allow":["GET"]}}],"collection":[{"href":"https:\/\/noticiasribeiraopreto.com.br\/index.php\/wp-json\/wp\/v2\/posts"}],"about":[{"href":"https:\/\/noticiasribeiraopreto.com.br\/index.php\/wp-json\/wp\/v2\/types\/post"}],"author":[{"embeddable":true,"href":"https:\/\/noticiasribeiraopreto.com.br\/index.php\/wp-json\/wp\/v2\/users\/1"}],"replies":[{"embeddable":true,"href":"https:\/\/noticiasribeiraopreto.com.br\/index.php\/wp-json\/wp\/v2\/comments?post=84449"}],"version-history":[{"count":0,"href":"https:\/\/noticiasribeiraopreto.com.br\/index.php\/wp-json\/wp\/v2\/posts\/84449\/revisions"}],"wp:featuredmedia":[{"embeddable":true,"href":"https:\/\/noticiasribeiraopreto.com.br\/index.php\/wp-json\/wp\/v2\/media\/84450"}],"wp:attachment":[{"href":"https:\/\/noticiasribeiraopreto.com.br\/index.php\/wp-json\/wp\/v2\/media?parent=84449"}],"wp:term":[{"taxonomy":"category","embeddable":true,"href":"https:\/\/noticiasribeiraopreto.com.br\/index.php\/wp-json\/wp\/v2\/categories?post=84449"},{"taxonomy":"post_tag","embeddable":true,"href":"https:\/\/noticiasribeiraopreto.com.br\/index.php\/wp-json\/wp\/v2\/tags?post=84449"}],"curies":[{"name":"wp","href":"https:\/\/api.w.org\/{rel}","templated":true}]}}