{"id":84451,"date":"2026-04-09T16:07:03","date_gmt":"2026-04-09T19:07:03","guid":{"rendered":"https:\/\/noticiasribeiraopreto.com.br\/index.php\/2026\/04\/09\/pacientes-reclamam-de-problemas-com-servico-de-transporte\/"},"modified":"2026-04-09T16:07:03","modified_gmt":"2026-04-09T19:07:03","slug":"pacientes-reclamam-de-problemas-com-servico-de-transporte","status":"publish","type":"post","link":"https:\/\/noticiasribeiraopreto.com.br\/index.php\/2026\/04\/09\/pacientes-reclamam-de-problemas-com-servico-de-transporte\/","title":{"rendered":"Pacientes reclamam de problemas com servi\u00e7o de transporte"},"content":{"rendered":"<div class='code-block code-block-1' style='margin: 8px 0 8px auto; text-align: right; display: block; clear: both;'>\n<p><a href=\"https:\/\/wa.link\/vpicfd\"><img data-recalc-dims=\"1\" class=\"wp-image-4922\" style=\"aspect-ratio: 2.0253164556962027; width: 561px; height: auto;\" src=\"https:\/\/i0.wp.com\/ismaelcolosi.com.br\/wp-content\/uploads\/2023\/11\/grupo-de-empregos-whatsapp-e-facebook-ismael-colosi-vagas.jpg?ssl=1\" alt=\"\" \/><\/a><\/p>\n<!-- \/wp:image -->\n<\/div>\n<p> <br \/>\n<\/p>\n<div>\n<p><em>Usu\u00e1rios reclamam que a nova empresa contratada para fazer o transporte n\u00e3o estaria conseguido realizar todas as viagens di\u00e1rias<\/em><\/p>\n<p>Os dois primeiros dias de opera\u00e7\u00e3o \u2013 quarta e quinta-feira \u2013 da nova empresa contratada pela prefeitura para realizar o transporte de pacientes \u2013 incluindo os cadeirantes \u2013 para atendimentos em Ribeir\u00e3o Preto provocou reclama\u00e7\u00f5es dos usu\u00e1rios.<\/p>\n<p>Segundo usu\u00e1rios que entraram em contato com o Tribuna, a nova empresa, n\u00e3o estaria realizando todas viagens programadas e teria deixado de fazer muitos atendimentos. Em um dos casos uma usu\u00e1ria teria sido levada para o local errado por falha no aplicativo que estaria com o endere\u00e7o do destino errado. Outro problema apontado pelos usu\u00e1rios, est\u00e1 no tempo de demora pelo servi\u00e7o individual.<\/p>\n<p>A empresa Conduz que deixou de prestar o servi\u00e7o realizava transporte coletivos em vans \u2013 incluindo os cadeirantes. Cerca de 200 cadeirantes utilizavam o servi\u00e7o em vans, com viagens di\u00e1rias programadas, al\u00e9m de atendimentos espor\u00e1dicos. Para esse p\u00fablico, o novo modelo implantado prev\u00ea ve\u00edculos adaptados, equipados com plataforma elevat\u00f3ria.<\/p>\n<p>J\u00e1 entre os pacientes n\u00e3o cadeirantes, h\u00e1 uma m\u00e9dia de 232 pessoas em tratamento de sa\u00fade, que passar\u00e3o a ser transportadas em ve\u00edculos leves, n\u00e3o adaptados, destinados a viagens individuais.<br \/>O Programa Vai e Vem foi lan\u00e7ado na semana passada pela Prefeitura. Com a mudan\u00e7a, a administra\u00e7\u00e3o afirma que encerrou o modelo conhecido como \u201cpinga-pinga\u201d, no qual os ve\u00edculos realizam m\u00faltiplas paradas antes de chegar ao destino final. A proposta \u00e9 reduzir o tempo de deslocamento e oferecer mais conforto, especialmente a pacientes em condi\u00e7\u00f5es cl\u00ednicas mais sens\u00edveis.<\/p>\n<p>A empresa Sentran foi contratada pelo valor de R$ 69.483.264,60 milh\u00f5es por um per\u00edodo de cinco anos e dever\u00e1 realizar cerca de 500 viagens por dia. Procurada, a Secretaria Municipal de Sa\u00fade n\u00e3o havia se manifestado oficialmente at\u00e9 a publica\u00e7\u00e3o desta mat\u00e9ria. J\u00e1 a C\u00e2mara, por meio do vereador Danilo Scochi (MDB) quer criar uma Comiss\u00e3o Especial de Estudos (CEE) sobre o assunto.<\/p>\n<\/div>\n<p><br \/>\n<br \/><a href=\"https:\/\/www.tribunaribeirao.com.br\/pacientes-reclamam-de-problemas-com-servico-de-transporte\/\">Source link <\/a><\/p>\n<!-- CONTENT END 1 -->\n","protected":false},"excerpt":{"rendered":"<p>Usu\u00e1rios reclamam que a nova empresa contratada para fazer o transporte n\u00e3o estaria conseguido realizar todas as viagens di\u00e1rias Os dois primeiros dias de opera\u00e7\u00e3o&#8230;<\/p>\n","protected":false},"author":1,"featured_media":84452,"comment_status":"open","ping_status":"open","sticky":false,"template":"","format":"standard","meta":{"advanced_seo_description":"","jetpack_seo_html_title":"","jetpack_seo_noindex":false,"jetpack_post_was_ever_published":false,"_jetpack_newsletter_access":"","_jetpack_dont_email_post_to_subs":false,"_jetpack_newsletter_tier_id":0,"_jetpack_memberships_contains_paywalled_content":false,"_jetpack_memberships_contains_paid_content":false,"footnotes":"","jetpack_publicize_message":"","jetpack_publicize_feature_enabled":true,"jetpack_social_post_already_shared":true,"jetpack_social_options":{"image_generator_settings":{"template":"highway","default_image_id":0,"font":"","enabled":false},"version":2}},"categories":[11],"tags":[],"class_list":["post-84451","post","type-post","status-publish","format-standard","has-post-thumbnail","hentry","category-noticias-de-ribeirao-preto-sp-e-regiao-ismael-colosi"],"jetpack_publicize_connections":[],"jetpack_featured_media_url":"https:\/\/i0.wp.com\/noticiasribeiraopreto.com.br\/wp-content\/uploads\/2026\/04\/transporte-especial-scaled.jpeg?fit=1170%2C780&ssl=1","jetpack-related-posts":[{"id":84796,"url":"https:\/\/noticiasribeiraopreto.com.br\/index.php\/2026\/04\/16\/camara-aprova-curso-para-motoristas-de-pcd\/","url_meta":{"origin":84451,"position":0},"title":"C\u00e2mara aprova curso \u2028para motoristas de PcD","author":"noticiasribeiraopreto.com.br","date":"16 de April de 2026","format":false,"excerpt":"\r \r \r 16 de abril de 2026 07:27 \r Compartilhar0 A C\u00e2mara de Ribeir\u00e3o Preto aprovou, na sess\u00e3o desta quarta-feira, 15 de abril, projeto de lei que obriga profissionais respons\u00e1veis pelo transporte p\u00fablico de pessoas com defici\u00eancia (PcD) a passar por curso espec\u00edfico. A proposta aprovada \u00e9 do vereador\u2026","rel":"","context":"In &quot;Not\u00edcias de Ribeir\u00e3o Preto-SP e Regi\u00e3o&quot;","block_context":{"text":"Not\u00edcias de Ribeir\u00e3o Preto-SP e Regi\u00e3o","link":"https:\/\/noticiasribeiraopreto.com.br\/index.php\/category\/noticias-de-ribeirao-preto-sp-e-regiao-ismael-colosi\/"},"img":{"alt_text":"","src":"https:\/\/i0.wp.com\/noticiasribeiraopreto.com.br\/wp-content\/uploads\/2026\/04\/Vaivem-Guilherme-Sircili-03-scaled.jpg?fit=1170%2C780&ssl=1&resize=350%2C200","width":350,"height":200,"srcset":"https:\/\/i0.wp.com\/noticiasribeiraopreto.com.br\/wp-content\/uploads\/2026\/04\/Vaivem-Guilherme-Sircili-03-scaled.jpg?fit=1170%2C780&ssl=1&resize=350%2C200 1x, https:\/\/i0.wp.com\/noticiasribeiraopreto.com.br\/wp-content\/uploads\/2026\/04\/Vaivem-Guilherme-Sircili-03-scaled.jpg?fit=1170%2C780&ssl=1&resize=525%2C300 1.5x, https:\/\/i0.wp.com\/noticiasribeiraopreto.com.br\/wp-content\/uploads\/2026\/04\/Vaivem-Guilherme-Sircili-03-scaled.jpg?fit=1170%2C780&ssl=1&resize=700%2C400 2x, https:\/\/i0.wp.com\/noticiasribeiraopreto.com.br\/wp-content\/uploads\/2026\/04\/Vaivem-Guilherme-Sircili-03-scaled.jpg?fit=1170%2C780&ssl=1&resize=1050%2C600 3x"},"classes":[]},{"id":84798,"url":"https:\/\/noticiasribeiraopreto.com.br\/index.php\/2026\/04\/16\/camara-aprova-curso-para-motoristas-de-pcd-2\/","url_meta":{"origin":84451,"position":1},"title":"C\u00e2mara aprova curso \u2028para motoristas de PcD","author":"noticiasribeiraopreto.com.br","date":"16 de April de 2026","format":false,"excerpt":"\r \r \r 16 de abril de 2026 07:25 \r Compartilhar0 A C\u00e2mara de Ribeir\u00e3o Preto aprovou, na sess\u00e3o desta quarta-feira, 15 de abril, projeto de lei que obriga profissionais respons\u00e1veis pelo transporte p\u00fablico de pessoas com defici\u00eancia (PcD) a passar por curso espec\u00edfico. A proposta aprovada \u00e9 do vereador\u2026","rel":"","context":"In &quot;Not\u00edcias de Ribeir\u00e3o Preto-SP e Regi\u00e3o&quot;","block_context":{"text":"Not\u00edcias de Ribeir\u00e3o Preto-SP e Regi\u00e3o","link":"https:\/\/noticiasribeiraopreto.com.br\/index.php\/category\/noticias-de-ribeirao-preto-sp-e-regiao-ismael-colosi\/"},"img":{"alt_text":"","src":"https:\/\/i0.wp.com\/noticiasribeiraopreto.com.br\/wp-content\/uploads\/2026\/04\/Charuri-Guilherme-Sircili-scaled.jpg?fit=1171%2C780&ssl=1&resize=350%2C200","width":350,"height":200,"srcset":"https:\/\/i0.wp.com\/noticiasribeiraopreto.com.br\/wp-content\/uploads\/2026\/04\/Charuri-Guilherme-Sircili-scaled.jpg?fit=1171%2C780&ssl=1&resize=350%2C200 1x, https:\/\/i0.wp.com\/noticiasribeiraopreto.com.br\/wp-content\/uploads\/2026\/04\/Charuri-Guilherme-Sircili-scaled.jpg?fit=1171%2C780&ssl=1&resize=525%2C300 1.5x, https:\/\/i0.wp.com\/noticiasribeiraopreto.com.br\/wp-content\/uploads\/2026\/04\/Charuri-Guilherme-Sircili-scaled.jpg?fit=1171%2C780&ssl=1&resize=700%2C400 2x, https:\/\/i0.wp.com\/noticiasribeiraopreto.com.br\/wp-content\/uploads\/2026\/04\/Charuri-Guilherme-Sircili-scaled.jpg?fit=1171%2C780&ssl=1&resize=1050%2C600 3x"},"classes":[]},{"id":84207,"url":"https:\/\/noticiasribeiraopreto.com.br\/index.php\/2026\/04\/04\/veja-como-fazer-o-cadastro-no-servico-de-transporte-individual-de-pacientes-em-ribeirao\/","url_meta":{"origin":84451,"position":2},"title":"Veja como fazer o cadastro no servi\u00e7o de transporte individual de pacientes em Ribeir\u00e3o","author":"noticiasribeiraopreto.com.br","date":"4 de April de 2026","format":false,"excerpt":"Ler o resumo da not\u00edcia Veja como fazer o cadastro no servi\u00e7o de transporte individual de pacientes em Ribeir\u00e3o J\u00e1 est\u00e1 em opera\u00e7\u00e3o o novo modelo de transporte para pacientes da rede p\u00fablica em Ribeir\u00e3o Preto. O servi\u00e7o batizado de Vai e Vem - Transporte Adaptado Individual, substitui o atual\u2026","rel":"","context":"In &quot;Not\u00edcias de Ribeir\u00e3o Preto-SP e Regi\u00e3o&quot;","block_context":{"text":"Not\u00edcias de Ribeir\u00e3o Preto-SP e Regi\u00e3o","link":"https:\/\/noticiasribeiraopreto.com.br\/index.php\/category\/noticias-de-ribeirao-preto-sp-e-regiao-ismael-colosi\/"},"img":{"alt_text":"","src":"https:\/\/i0.wp.com\/noticiasribeiraopreto.com.br\/wp-content\/uploads\/2026\/04\/carro_vai_e_vem_-_foto_guilherme_sircili_7_2026-04-04_16-09-09.webp.webp?fit=1200%2C800&ssl=1&resize=350%2C200","width":350,"height":200,"srcset":"https:\/\/i0.wp.com\/noticiasribeiraopreto.com.br\/wp-content\/uploads\/2026\/04\/carro_vai_e_vem_-_foto_guilherme_sircili_7_2026-04-04_16-09-09.webp.webp?fit=1200%2C800&ssl=1&resize=350%2C200 1x, https:\/\/i0.wp.com\/noticiasribeiraopreto.com.br\/wp-content\/uploads\/2026\/04\/carro_vai_e_vem_-_foto_guilherme_sircili_7_2026-04-04_16-09-09.webp.webp?fit=1200%2C800&ssl=1&resize=525%2C300 1.5x, https:\/\/i0.wp.com\/noticiasribeiraopreto.com.br\/wp-content\/uploads\/2026\/04\/carro_vai_e_vem_-_foto_guilherme_sircili_7_2026-04-04_16-09-09.webp.webp?fit=1200%2C800&ssl=1&resize=700%2C400 2x, https:\/\/i0.wp.com\/noticiasribeiraopreto.com.br\/wp-content\/uploads\/2026\/04\/carro_vai_e_vem_-_foto_guilherme_sircili_7_2026-04-04_16-09-09.webp.webp?fit=1200%2C800&ssl=1&resize=1050%2C600 3x"},"classes":[]},{"id":84157,"url":"https:\/\/noticiasribeiraopreto.com.br\/index.php\/2026\/04\/03\/ribeirai-implanta-transporte-individual-para-pacientes\/","url_meta":{"origin":84451,"position":3},"title":"Ribeir\u00e3i implanta transporte \u2028individual para pacientes","author":"noticiasribeiraopreto.com.br","date":"3 de April de 2026","format":false,"excerpt":"A prefeitura de Ribeir\u00e3o Preto, por meio da Secretaria da Sa\u00fade, inicia a opera\u00e7\u00e3o de um novo modelo de transporte para pacientes da rede p\u00fablica. Batizado de Vai e Vem \u2013 Transporte Adaptado Individual, o servi\u00e7o substitui o atual sistema realizado por vans coletivas por um formato individualizado, com viagens\u2026","rel":"","context":"In &quot;Not\u00edcias de Ribeir\u00e3o Preto-SP e Regi\u00e3o&quot;","block_context":{"text":"Not\u00edcias de Ribeir\u00e3o Preto-SP e Regi\u00e3o","link":"https:\/\/noticiasribeiraopreto.com.br\/index.php\/category\/noticias-de-ribeirao-preto-sp-e-regiao-ismael-colosi\/"},"img":{"alt_text":"","src":"https:\/\/i0.wp.com\/noticiasribeiraopreto.com.br\/wp-content\/uploads\/2026\/04\/Paciente-Guilherme-Sircili-scaled.jpg?fit=1170%2C780&ssl=1&resize=350%2C200","width":350,"height":200,"srcset":"https:\/\/i0.wp.com\/noticiasribeiraopreto.com.br\/wp-content\/uploads\/2026\/04\/Paciente-Guilherme-Sircili-scaled.jpg?fit=1170%2C780&ssl=1&resize=350%2C200 1x, https:\/\/i0.wp.com\/noticiasribeiraopreto.com.br\/wp-content\/uploads\/2026\/04\/Paciente-Guilherme-Sircili-scaled.jpg?fit=1170%2C780&ssl=1&resize=525%2C300 1.5x, https:\/\/i0.wp.com\/noticiasribeiraopreto.com.br\/wp-content\/uploads\/2026\/04\/Paciente-Guilherme-Sircili-scaled.jpg?fit=1170%2C780&ssl=1&resize=700%2C400 2x, https:\/\/i0.wp.com\/noticiasribeiraopreto.com.br\/wp-content\/uploads\/2026\/04\/Paciente-Guilherme-Sircili-scaled.jpg?fit=1170%2C780&ssl=1&resize=1050%2C600 3x"},"classes":[]},{"id":21456,"url":"https:\/\/noticiasribeiraopreto.com.br\/index.php\/2023\/12\/27\/rp-tera-telefone-exclusivo-para-atendimento-aos-usuarios-do-transporte-coletivo-urbano\/","url_meta":{"origin":84451,"position":4},"title":"RP ter\u00e1 telefone exclusivo para atendimento aos usu\u00e1rios do transporte coletivo urbano","author":"noticiasribeiraopreto.com.br","date":"27 de December de 2023","format":false,"excerpt":"27 de dezembro de 2023 | 17:40 0Os usu\u00e1rios do transporte coletivo urbano de Ribeir\u00e3o Preto j\u00e1 contam com um novo telefone para os atendimentos sobre este servi\u00e7o p\u00fablico na cidade, por meio do n\u00famero: 0800 16 16 001.\u00a0 A partir de 2024, este n\u00famero passar\u00e1 a ser o canal\u2026","rel":"","context":"In &quot;Not\u00edcias de Ribeir\u00e3o Preto-SP e Regi\u00e3o&quot;","block_context":{"text":"Not\u00edcias de Ribeir\u00e3o Preto-SP e Regi\u00e3o","link":"https:\/\/noticiasribeiraopreto.com.br\/index.php\/category\/noticias-de-ribeirao-preto-sp-e-regiao-ismael-colosi\/"},"img":{"alt_text":"","src":"https:\/\/i0.wp.com\/noticiasribeiraopreto.com.br\/wp-content\/uploads\/2023\/12\/1onibus_rpmobilidade-scaled.jpg?fit=1000%2C563&ssl=1&resize=350%2C200","width":350,"height":200,"srcset":"https:\/\/i0.wp.com\/noticiasribeiraopreto.com.br\/wp-content\/uploads\/2023\/12\/1onibus_rpmobilidade-scaled.jpg?fit=1000%2C563&ssl=1&resize=350%2C200 1x, https:\/\/i0.wp.com\/noticiasribeiraopreto.com.br\/wp-content\/uploads\/2023\/12\/1onibus_rpmobilidade-scaled.jpg?fit=1000%2C563&ssl=1&resize=525%2C300 1.5x, https:\/\/i0.wp.com\/noticiasribeiraopreto.com.br\/wp-content\/uploads\/2023\/12\/1onibus_rpmobilidade-scaled.jpg?fit=1000%2C563&ssl=1&resize=700%2C400 2x"},"classes":[]},{"id":29558,"url":"https:\/\/noticiasribeiraopreto.com.br\/index.php\/2024\/01\/18\/nubank-fora-do-ar-usuarios-reclamam-de-instabilidade-no-aplicativo-e-cartao-digital-e-banco-responde-sobre-a-falha\/","url_meta":{"origin":84451,"position":5},"title":"Nubank fora do ar? Usu\u00e1rios reclamam de instabilidade no aplicativo e cart\u00e3o digital \u2014 e banco responde sobre a falha","author":"noticiasribeiraopreto.com.br","date":"18 de January de 2024","format":false,"excerpt":"O \"quintou\" dos clientes do Nubank ter\u00e1 que ser adiado. Diversos usu\u00e1rios relatam dificuldades para acessar o aplicativo do banco digital no final da tarde desta quinta-feira (18). Os problemas na plataforma nos dispositivos m\u00f3veis come\u00e7aram por volta das 16h32 de hoje, de acordo com dados do site DownDetector. A\u2026","rel":"","context":"In &quot;Dinheiro e Investimento&quot;","block_context":{"text":"Dinheiro e Investimento","link":"https:\/\/noticiasribeiraopreto.com.br\/index.php\/category\/dinheiro-e-investimento-como-fazer-como-ganhar\/"},"img":{"alt_text":"","src":"https:\/\/i0.wp.com\/noticiasribeiraopreto.com.br\/wp-content\/uploads\/2024\/01\/Sede-do-Nubank-715x402.jpg?fit=715%2C402&ssl=1&resize=350%2C200","width":350,"height":200,"srcset":"https:\/\/i0.wp.com\/noticiasribeiraopreto.com.br\/wp-content\/uploads\/2024\/01\/Sede-do-Nubank-715x402.jpg?fit=715%2C402&ssl=1&resize=350%2C200 1x, https:\/\/i0.wp.com\/noticiasribeiraopreto.com.br\/wp-content\/uploads\/2024\/01\/Sede-do-Nubank-715x402.jpg?fit=715%2C402&ssl=1&resize=525%2C300 1.5x, https:\/\/i0.wp.com\/noticiasribeiraopreto.com.br\/wp-content\/uploads\/2024\/01\/Sede-do-Nubank-715x402.jpg?fit=715%2C402&ssl=1&resize=700%2C400 2x"},"classes":[]}],"jetpack_sharing_enabled":true,"jetpack_shortlink":"https:\/\/wp.me\/peQAOb-lY7","_links":{"self":[{"href":"https:\/\/noticiasribeiraopreto.com.br\/index.php\/wp-json\/wp\/v2\/posts\/84451","targetHints":{"allow":["GET"]}}],"collection":[{"href":"https:\/\/noticiasribeiraopreto.com.br\/index.php\/wp-json\/wp\/v2\/posts"}],"about":[{"href":"https:\/\/noticiasribeiraopreto.com.br\/index.php\/wp-json\/wp\/v2\/types\/post"}],"author":[{"embeddable":true,"href":"https:\/\/noticiasribeiraopreto.com.br\/index.php\/wp-json\/wp\/v2\/users\/1"}],"replies":[{"embeddable":true,"href":"https:\/\/noticiasribeiraopreto.com.br\/index.php\/wp-json\/wp\/v2\/comments?post=84451"}],"version-history":[{"count":0,"href":"https:\/\/noticiasribeiraopreto.com.br\/index.php\/wp-json\/wp\/v2\/posts\/84451\/revisions"}],"wp:featuredmedia":[{"embeddable":true,"href":"https:\/\/noticiasribeiraopreto.com.br\/index.php\/wp-json\/wp\/v2\/media\/84452"}],"wp:attachment":[{"href":"https:\/\/noticiasribeiraopreto.com.br\/index.php\/wp-json\/wp\/v2\/media?parent=84451"}],"wp:term":[{"taxonomy":"category","embeddable":true,"href":"https:\/\/noticiasribeiraopreto.com.br\/index.php\/wp-json\/wp\/v2\/categories?post=84451"},{"taxonomy":"post_tag","embeddable":true,"href":"https:\/\/noticiasribeiraopreto.com.br\/index.php\/wp-json\/wp\/v2\/tags?post=84451"}],"curies":[{"name":"wp","href":"https:\/\/api.w.org\/{rel}","templated":true}]}}