{"id":85119,"date":"2026-04-22T01:23:52","date_gmt":"2026-04-22T04:23:52","guid":{"rendered":"https:\/\/noticiasribeiraopreto.com.br\/index.php\/2026\/04\/22\/corinthians-derrota-barra-por-1-a-0-pela-copa-do-brasil-mas-volta-a-jogar-mal\/"},"modified":"2026-04-22T01:23:52","modified_gmt":"2026-04-22T04:23:52","slug":"corinthians-derrota-barra-por-1-a-0-pela-copa-do-brasil-mas-volta-a-jogar-mal","status":"publish","type":"post","link":"https:\/\/noticiasribeiraopreto.com.br\/index.php\/2026\/04\/22\/corinthians-derrota-barra-por-1-a-0-pela-copa-do-brasil-mas-volta-a-jogar-mal\/","title":{"rendered":"Corinthians derrota Barra por 1 a 0 pela Copa do Brasil, mas volta a jogar mal"},"content":{"rendered":"<div class='code-block code-block-1' style='margin: 8px 0 8px auto; text-align: right; display: block; clear: both;'>\n<p><a href=\"https:\/\/wa.link\/vpicfd\"><img data-recalc-dims=\"1\" class=\"wp-image-4922\" style=\"aspect-ratio: 2.0253164556962027; width: 561px; height: auto;\" src=\"https:\/\/i0.wp.com\/ismaelcolosi.com.br\/wp-content\/uploads\/2023\/11\/grupo-de-empregos-whatsapp-e-facebook-ismael-colosi-vagas.jpg?ssl=1\" alt=\"\" \/><\/a><\/p>\n<!-- \/wp:image -->\n<\/div>\n<p> <br \/>\n<\/p>\n<div>\n<p>Em mais uma atua\u00e7\u00e3o fraca, o Corinthians derrotou o Barra-SC, por 1 a 0, nesta ter\u00e7a-feira, no Est\u00e1dio da Ressacada, em Florian\u00f3polis, pelo jogo de ida da quinta fase da Copa do Brasil. O \u00fanico gol do jogo foi marcado pelo ingl\u00eas Lingard nos acr\u00e9scimos do primeiro tempo.<\/p>\n<p>Destaque positivo para o time do Corinthians \u00e9 o fato de a defesa ainda n\u00e3o ter sofrido gol sob a dire\u00e7\u00e3o de Fernando Diniz, ap\u00f3s cinco jogos. Mas para defender o t\u00edtulo conquistado ano passado, a equipe alvinegra vai ter de melhorar bastante.<\/p>\n<p>O jogo de volta ser\u00e1 na Neo Qu\u00edmica Arena dia 14 de maio, quando o Corinthians poder\u00e1 empatar para ficar com a vaga nas oitavas de final. O Barra precisa de uma vit\u00f3ria por dois gols para se classificar. Uma vit\u00f3ria catarinense por um gol de diferen\u00e7a leva a decis\u00e3o para os p\u00eanaltis.<\/p>\n<p>Repleto de reservas, o Corinthians n\u00e3o intimidou o Barra, que empurrado pela torcida e bem distribu\u00eddo taticamente, foi para o ataque desde o come\u00e7o do jogo e com menos de cinco minutos j\u00e1 assustou o goleiro Kau\u00ea. O volante Henrique acertou belo chute da entrada da \u00e1rea e a bola passou perto da trave.<\/p>\n<p>O susto inicial fez o Corinthians passar a trocar mais a bola na tentativa de diminuir a press\u00e3o e encontrar espa\u00e7os no setor defensivo advers\u00e1rio. Uma falha do goleiro Ewerton na sa\u00fada do gol proporcionou o primeiro lance de emo\u00e7\u00e3o para a equipe alvinegra, aos nove minutos.<\/p>\n<p>O jogo ficou equilibrado e o Corinthians passou a utilizar as bolas al\u00e7adas na \u00e1rea. Em uma dessas jogadas, Vitinho, que entrou no lugar de Kayke (machucado) cabeceou e acertou a trave, mas o lance foi impugnado pelo VAR.<\/p>\n<p>Atual campe\u00e3o catarinense, o Barra manteve a intensidade na marca\u00e7\u00e3o. Do lado do Corinthians, Dieguinho tentou armar as jogadas, mas se precipitou.<\/p>\n<p>O Corinthians abusou do toque de bola, mas n\u00e3o chegava perto da \u00e1rea do Barra. Andr\u00e9 Ramalho e Allan tentaram \u2018virar o jogo\u2019, mas erraram.<\/p>\n<p>Aos poucos o jogo foi piorando tecnicamente e praticamente nada de ofensivo foi constru\u00eddo pelas equipes, que tocavam a bola at\u00e9 a intermedi\u00e1ria ofensiva para perder a bola. A expectativa era de que uma falta fosse obtida para levantar a bola em dire\u00e7\u00e3o ao gol advers\u00e1rio.<\/p>\n<p>A primeira defesa de um goleiro foi acontecer aos 41 minutos. Kau\u00ea defendeu finaliza\u00e7\u00e3o do lateral F\u00e1bio. A resposta corintiana veio na sequ\u00eancia. Ap\u00f3s cobran\u00e7a de falta de Matheuzinho, Pedro Raul tocou e Lingard, at\u00e9 ent\u00e3o sumido em campo, fez 1 a 0, aos 46 minutos.<\/p>\n<p>O segundo tempo come\u00e7ou um pouco melhor com os times conseguindo pelo menos exigir a participa\u00e7\u00e3o mais efetiva dos goleiros. Ambos j\u00e1 tinham sido exigidos antes dos dez minutos. Vitinho por pouco n\u00e3o fez o segundo gol corintiano.<\/p>\n<p>A marca\u00e7\u00e3o ficou menos r\u00edgida e os times ganharam espa\u00e7o para as jogadas. Desta forma, Kaye e Ewerton voltaram a fazer boas defesas. Em uma delas, o marroquino Labyad, que entrou no lugar de Dieguinho, levou perigo para o time catarinense. O jogo ficou aberto e um novo gol poderia sair para qualquer lado.<\/p>\n<p>O Barra perdeu o ritmo, enquanto o Corinthians, mais experiente, passou a tocar mais a bola para \u2018gastar\u2019 o tempo. E foi assim at\u00e9 o final.<\/p>\n<p>O Corinthians volta a campo no domingo, \u00e0s 16 horas, na Neo Qu\u00edmica Arena, quando enfrenta o Vasco pela 13\u00aa rodada do Campeonato Brasileiro, competi\u00e7\u00e3o na qual est\u00e1 na zona de rebaixamento e n\u00e3o vence desde fevereiro.<\/p>\n<p>BARRA 0 X 1 CORINTHIANS<\/p>\n<p>BARRA \u2013 Ewerton; F\u00e1bio, Jean Pierre, Alem\u00e3o e Da Rocha; Tet\u00ea, Henrique (Pablo Gabriel) e Matheus Barbosa (Marcelinho); Gabriel Silva (Warley), Cl\u00e9o (Renan Bernab\u00e9) e Lucas Vargas (Saymon). T\u00e9cnico: Bernardo Franco.<\/p>\n<p>CORINTHIANS \u2013 Kau\u00ea; Matheuzinho, Andr\u00e9 Ramalho, Gustavo Henrique e Fabrizio Angileri; Allan, Matheus Pereira (Raniele), Dieguinho (Labyad) e Jesse Lingard (Kaio C\u00e9sar); Kayke (Vitinho) e Pedro Raul (Yuri Alberto). T\u00e9cnico: Fernando Diniz.<\/p>\n<p>GOL \u2013 Lingard aos 46 minutos do primeiro tempo.<\/p>\n<p>CART\u00d5ES AMARELOS \u2013 Matheus Pereira, Lingard, Andr\u00e9 Ramalho.<\/p>\n<p>\u00c1RBITRO: Rafael Rodrigo Klein (RS).<\/p>\n<p>RENDA \u2013 R$ 2.620.420,00.<\/p>\n<p>P\u00daBLICO \u2013 14.137 torcedores.<\/p>\n<p>LOCAL \u2013 Est\u00e1dio da Ressacada, em Florian\u00f3polis (SC).<\/p>\n<\/div>\n<p><br \/>\n<br \/><a href=\"https:\/\/www.tribunaribeirao.com.br\/corinthians-derrota-barra-por-1-a-0-pela-copa-do-brasil-mas-volta-a-jogar-mal\/\">Texto original daqui <\/a><\/p>\n<!-- CONTENT END 1 -->\n","protected":false},"excerpt":{"rendered":"<p>Em mais uma atua\u00e7\u00e3o fraca, o Corinthians derrotou o Barra-SC, por 1 a 0, nesta ter\u00e7a-feira, no Est\u00e1dio da Ressacada, em Florian\u00f3polis, pelo jogo de&#8230;<\/p>\n","protected":false},"author":1,"featured_media":85120,"comment_status":"open","ping_status":"open","sticky":false,"template":"","format":"standard","meta":{"advanced_seo_description":"","jetpack_seo_html_title":"","jetpack_seo_noindex":false,"jetpack_post_was_ever_published":false,"_jetpack_newsletter_access":"","_jetpack_dont_email_post_to_subs":false,"_jetpack_newsletter_tier_id":0,"_jetpack_memberships_contains_paywalled_content":false,"_jetpack_memberships_contains_paid_content":false,"footnotes":"","jetpack_publicize_message":"","jetpack_publicize_feature_enabled":true,"jetpack_social_post_already_shared":true,"jetpack_social_options":{"image_generator_settings":{"template":"highway","default_image_id":0,"font":"","enabled":false},"version":2}},"categories":[11],"tags":[3427,137,707,1723,2999,2700,632,2090,188,134,2052],"class_list":["post-85119","post","type-post","status-publish","format-standard","has-post-thumbnail","hentry","category-noticias-de-ribeirao-preto-sp-e-regiao-ismael-colosi","tag-barra","tag-brasil","tag-copa","tag-corinthians","tag-derrota","tag-jogar","tag-mal","tag-mas","tag-pela","tag-por","tag-volta"],"jetpack_publicize_connections":[],"jetpack_featured_media_url":"https:\/\/i0.wp.com\/noticiasribeiraopreto.com.br\/wp-content\/uploads\/2026\/04\/sccp.webp.webp?fit=675%2C450&ssl=1","jetpack-related-posts":[{"id":85111,"url":"https:\/\/noticiasribeiraopreto.com.br\/index.php\/2026\/04\/21\/corinthians-estreia-contra-o-barra-sc-pela-copa-do-brasil\/","url_meta":{"origin":85119,"position":0},"title":"Corinthians estreia contra o Barra-SC pela Copa do Brasil","author":"noticiasribeiraopreto.com.br","date":"21 de April de 2026","format":false,"excerpt":"\r \r \r 21 de abril de 2026 11:04 \r Compartilhar0 Tim\u00e3o defende t\u00edtulo da competi\u00e7\u00e3o nacional e inicia caminhada contra o campe\u00e3o catarinense Por Hugo Luque O atual campe\u00e3o da Copa do Brasil estreia no torneio nesta ter\u00e7a-feira (21), \u00e0s 21h30. Na Ressacada, em Florian\u00f3polis (SC), o Corinthians visita\u2026","rel":"","context":"In &quot;Not\u00edcias de Ribeir\u00e3o Preto-SP e Regi\u00e3o&quot;","block_context":{"text":"Not\u00edcias de Ribeir\u00e3o Preto-SP e Regi\u00e3o","link":"https:\/\/noticiasribeiraopreto.com.br\/index.php\/category\/noticias-de-ribeirao-preto-sp-e-regiao-ismael-colosi\/"},"img":{"alt_text":"","src":"https:\/\/i0.wp.com\/noticiasribeiraopreto.com.br\/wp-content\/uploads\/2026\/04\/2-Vitoria-x-Corinthians-Rodrigo-Coca_Ag.-Corinthians.jpg?fit=400%2C267&ssl=1&resize=350%2C200","width":350,"height":200},"classes":[]},{"id":84245,"url":"https:\/\/noticiasribeiraopreto.com.br\/index.php\/2026\/04\/06\/dorival-nao-resiste-a-nova-derrota-e-e-demitido-do-corinthians\/","url_meta":{"origin":85119,"position":1},"title":"Dorival n\u00e3o resiste \u00e0 nova derrota e \u00e9 demitido do Corinthians","author":"noticiasribeiraopreto.com.br","date":"6 de April de 2026","format":false,"excerpt":"\r \r \r \r \r 6 de abril de 2026 07:236 de abril de 2026 07:58 \r Compartilhar0 \r Por Sergio Neto Dorival J\u00fanior n\u00e3o \u00e9 mais t\u00e9cnico do Corinthians. O time do Parque S\u00e3o Jorge emitiu uma nota oficial na noite deste domingo, logo ap\u00f3s a derrota para o\u2026","rel":"","context":"In &quot;Not\u00edcias de Ribeir\u00e3o Preto-SP e Regi\u00e3o&quot;","block_context":{"text":"Not\u00edcias de Ribeir\u00e3o Preto-SP e Regi\u00e3o","link":"https:\/\/noticiasribeiraopreto.com.br\/index.php\/category\/noticias-de-ribeirao-preto-sp-e-regiao-ismael-colosi\/"},"img":{"alt_text":"","src":"https:\/\/i0.wp.com\/noticiasribeiraopreto.com.br\/wp-content\/uploads\/2026\/04\/dorival_corinthians-e1745945891125.webp.webp?fit=1200%2C676&ssl=1&resize=350%2C200","width":350,"height":200,"srcset":"https:\/\/i0.wp.com\/noticiasribeiraopreto.com.br\/wp-content\/uploads\/2026\/04\/dorival_corinthians-e1745945891125.webp.webp?fit=1200%2C676&ssl=1&resize=350%2C200 1x, https:\/\/i0.wp.com\/noticiasribeiraopreto.com.br\/wp-content\/uploads\/2026\/04\/dorival_corinthians-e1745945891125.webp.webp?fit=1200%2C676&ssl=1&resize=525%2C300 1.5x, https:\/\/i0.wp.com\/noticiasribeiraopreto.com.br\/wp-content\/uploads\/2026\/04\/dorival_corinthians-e1745945891125.webp.webp?fit=1200%2C676&ssl=1&resize=700%2C400 2x, https:\/\/i0.wp.com\/noticiasribeiraopreto.com.br\/wp-content\/uploads\/2026\/04\/dorival_corinthians-e1745945891125.webp.webp?fit=1200%2C676&ssl=1&resize=1050%2C600 3x"},"classes":[]},{"id":75286,"url":"https:\/\/noticiasribeiraopreto.com.br\/index.php\/2025\/08\/06\/palmeiras-recebe-corinthians-pela-copa-do-brasil\/","url_meta":{"origin":85119,"position":2},"title":"Palmeiras recebe Corinthians pela Copa do Brasil","author":"noticiasribeiraopreto.com.br","date":"6 de August de 2025","format":false,"excerpt":"6 de agosto de 2025 15:306 de agosto de 2025 12:597 Compartilhar0 Por Hugo Luque O Palmeiras recebe o Corinthians nesta quarta-feira (6), \u00e0s 21h30, no Allianz Parque, pela partida de volta das oitavas de final da Copa do Brasil. Em desvantagem, o Verd\u00e3o busca a virada no placar agregado\u2026","rel":"","context":"In &quot;Not\u00edcias de Ribeir\u00e3o Preto-SP e Regi\u00e3o&quot;","block_context":{"text":"Not\u00edcias de Ribeir\u00e3o Preto-SP e Regi\u00e3o","link":"https:\/\/noticiasribeiraopreto.com.br\/index.php\/category\/noticias-de-ribeirao-preto-sp-e-regiao-ismael-colosi\/"},"img":{"alt_text":"","src":"https:\/\/i0.wp.com\/noticiasribeiraopreto.com.br\/wp-content\/uploads\/2025\/08\/1-Corinthians-x-Palmeiras-Copa-do-Brasil-Cesar-Greco_Palmeiras.jpg?fit=800%2C450&ssl=1&resize=350%2C200","width":350,"height":200,"srcset":"https:\/\/i0.wp.com\/noticiasribeiraopreto.com.br\/wp-content\/uploads\/2025\/08\/1-Corinthians-x-Palmeiras-Copa-do-Brasil-Cesar-Greco_Palmeiras.jpg?fit=800%2C450&ssl=1&resize=350%2C200 1x, https:\/\/i0.wp.com\/noticiasribeiraopreto.com.br\/wp-content\/uploads\/2025\/08\/1-Corinthians-x-Palmeiras-Copa-do-Brasil-Cesar-Greco_Palmeiras.jpg?fit=800%2C450&ssl=1&resize=525%2C300 1.5x, https:\/\/i0.wp.com\/noticiasribeiraopreto.com.br\/wp-content\/uploads\/2025\/08\/1-Corinthians-x-Palmeiras-Copa-do-Brasil-Cesar-Greco_Palmeiras.jpg?fit=800%2C450&ssl=1&resize=700%2C400 2x"},"classes":[]},{"id":81025,"url":"https:\/\/noticiasribeiraopreto.com.br\/index.php\/2025\/12\/21\/corinthians-e-vasco-decidem-a-copa-do-brasil\/","url_meta":{"origin":85119,"position":3},"title":"Corinthians e Vasco decidem a Copa do Brasil","author":"noticiasribeiraopreto.com.br","date":"21 de December de 2025","format":false,"excerpt":"\r \r \r 21 de dezembro de 2025 08:3520 de dezembro de 2025 03:23 \r Compartilhar0 Por Hugo Luque No fechamento da temporada de 2025 do futebol brasileiro, o Corinthians encara o Vasco neste domingo (21), \u00e0s 18h, no Maracan\u00e3, pela grande final da Copa do Brasil. Ap\u00f3s o empate\u2026","rel":"","context":"In &quot;Not\u00edcias de Ribeir\u00e3o Preto-SP e Regi\u00e3o&quot;","block_context":{"text":"Not\u00edcias de Ribeir\u00e3o Preto-SP e Regi\u00e3o","link":"https:\/\/noticiasribeiraopreto.com.br\/index.php\/category\/noticias-de-ribeirao-preto-sp-e-regiao-ismael-colosi\/"},"img":{"alt_text":"","src":"https:\/\/i0.wp.com\/noticiasribeiraopreto.com.br\/wp-content\/uploads\/2025\/12\/2-copa-br-Foto-01-Rodrigo-Coca_Ag.-Corinthians.jpg?fit=400%2C271&ssl=1&resize=350%2C200","width":350,"height":200},"classes":[]},{"id":81030,"url":"https:\/\/noticiasribeiraopreto.com.br\/index.php\/2025\/12\/21\/corinthians-supera-vasco-e-conquista-copa-do-brasil\/","url_meta":{"origin":85119,"position":4},"title":"Corinthians supera Vasco e conquista Copa do Brasil","author":"noticiasribeiraopreto.com.br","date":"21 de December de 2025","format":false,"excerpt":"\r Depay decide e Tim\u00e3o garante vaga na Libertadores\r \r 21 de dezembro de 2025 20:0821 de dezembro de 2025 20:10 \r Compartilhar1 Por Hugo Luque O Corinthians \u00e9 o campe\u00e3o da Copa do Brasil de 2025. No fechamento da temporada do futebol nacional, o Tim\u00e3o bateu o Vasco por\u2026","rel":"","context":"In &quot;Not\u00edcias de Ribeir\u00e3o Preto-SP e Regi\u00e3o&quot;","block_context":{"text":"Not\u00edcias de Ribeir\u00e3o Preto-SP e Regi\u00e3o","link":"https:\/\/noticiasribeiraopreto.com.br\/index.php\/category\/noticias-de-ribeirao-preto-sp-e-regiao-ismael-colosi\/"},"img":{"alt_text":"","src":"https:\/\/i0.wp.com\/noticiasribeiraopreto.com.br\/wp-content\/uploads\/2025\/12\/IMG_4369-1-scaled.jpeg?fit=1170%2C780&ssl=1&resize=350%2C200","width":350,"height":200,"srcset":"https:\/\/i0.wp.com\/noticiasribeiraopreto.com.br\/wp-content\/uploads\/2025\/12\/IMG_4369-1-scaled.jpeg?fit=1170%2C780&ssl=1&resize=350%2C200 1x, https:\/\/i0.wp.com\/noticiasribeiraopreto.com.br\/wp-content\/uploads\/2025\/12\/IMG_4369-1-scaled.jpeg?fit=1170%2C780&ssl=1&resize=525%2C300 1.5x, https:\/\/i0.wp.com\/noticiasribeiraopreto.com.br\/wp-content\/uploads\/2025\/12\/IMG_4369-1-scaled.jpeg?fit=1170%2C780&ssl=1&resize=700%2C400 2x, https:\/\/i0.wp.com\/noticiasribeiraopreto.com.br\/wp-content\/uploads\/2025\/12\/IMG_4369-1-scaled.jpeg?fit=1170%2C780&ssl=1&resize=1050%2C600 3x"},"classes":[]},{"id":83666,"url":"https:\/\/noticiasribeiraopreto.com.br\/index.php\/2026\/03\/23\/cbf-sorteia-confrontos-da-5a-fase-da-copa-do-brasil\/","url_meta":{"origin":85119,"position":5},"title":"CBF sorteia confrontos da 5\u00aa fase da Copa do Brasil","author":"noticiasribeiraopreto.com.br","date":"23 de March de 2026","format":false,"excerpt":"\r Times da S\u00e9rie A conhecem advers\u00e1rios na estreia\r \r 23 de mar\u00e7o de 2026 16:0323 de mar\u00e7o de 2026 16:04 \r Compartilhar1 Os duelos da quinta fase da Copa do Brasil 2026 foram definidos nesta segunda-feira (23), em sorteio realizado na sede da Confedera\u00e7\u00e3o Brasileira de Futebol (CBF), no\u2026","rel":"","context":"In &quot;Not\u00edcias de Ribeir\u00e3o Preto-SP e Regi\u00e3o&quot;","block_context":{"text":"Not\u00edcias de Ribeir\u00e3o Preto-SP e Regi\u00e3o","link":"https:\/\/noticiasribeiraopreto.com.br\/index.php\/category\/noticias-de-ribeirao-preto-sp-e-regiao-ismael-colosi\/"},"img":{"alt_text":"","src":"https:\/\/i0.wp.com\/noticiasribeiraopreto.com.br\/wp-content\/uploads\/2026\/03\/1-Sorteio-Copa-do-Brasil-Staff-Images_CBF.jpg?fit=799%2C533&ssl=1&resize=350%2C200","width":350,"height":200,"srcset":"https:\/\/i0.wp.com\/noticiasribeiraopreto.com.br\/wp-content\/uploads\/2026\/03\/1-Sorteio-Copa-do-Brasil-Staff-Images_CBF.jpg?fit=799%2C533&ssl=1&resize=350%2C200 1x, https:\/\/i0.wp.com\/noticiasribeiraopreto.com.br\/wp-content\/uploads\/2026\/03\/1-Sorteio-Copa-do-Brasil-Staff-Images_CBF.jpg?fit=799%2C533&ssl=1&resize=525%2C300 1.5x, https:\/\/i0.wp.com\/noticiasribeiraopreto.com.br\/wp-content\/uploads\/2026\/03\/1-Sorteio-Copa-do-Brasil-Staff-Images_CBF.jpg?fit=799%2C533&ssl=1&resize=700%2C400 2x"},"classes":[]}],"jetpack_sharing_enabled":true,"jetpack_shortlink":"https:\/\/wp.me\/peQAOb-m8T","_links":{"self":[{"href":"https:\/\/noticiasribeiraopreto.com.br\/index.php\/wp-json\/wp\/v2\/posts\/85119","targetHints":{"allow":["GET"]}}],"collection":[{"href":"https:\/\/noticiasribeiraopreto.com.br\/index.php\/wp-json\/wp\/v2\/posts"}],"about":[{"href":"https:\/\/noticiasribeiraopreto.com.br\/index.php\/wp-json\/wp\/v2\/types\/post"}],"author":[{"embeddable":true,"href":"https:\/\/noticiasribeiraopreto.com.br\/index.php\/wp-json\/wp\/v2\/users\/1"}],"replies":[{"embeddable":true,"href":"https:\/\/noticiasribeiraopreto.com.br\/index.php\/wp-json\/wp\/v2\/comments?post=85119"}],"version-history":[{"count":0,"href":"https:\/\/noticiasribeiraopreto.com.br\/index.php\/wp-json\/wp\/v2\/posts\/85119\/revisions"}],"wp:featuredmedia":[{"embeddable":true,"href":"https:\/\/noticiasribeiraopreto.com.br\/index.php\/wp-json\/wp\/v2\/media\/85120"}],"wp:attachment":[{"href":"https:\/\/noticiasribeiraopreto.com.br\/index.php\/wp-json\/wp\/v2\/media?parent=85119"}],"wp:term":[{"taxonomy":"category","embeddable":true,"href":"https:\/\/noticiasribeiraopreto.com.br\/index.php\/wp-json\/wp\/v2\/categories?post=85119"},{"taxonomy":"post_tag","embeddable":true,"href":"https:\/\/noticiasribeiraopreto.com.br\/index.php\/wp-json\/wp\/v2\/tags?post=85119"}],"curies":[{"name":"wp","href":"https:\/\/api.w.org\/{rel}","templated":true}]}}