{"id":85121,"date":"2026-04-22T01:28:13","date_gmt":"2026-04-22T04:28:13","guid":{"rendered":"https:\/\/noticiasribeiraopreto.com.br\/index.php\/2026\/04\/22\/luciano-da-razao-a-vaias-mas-defende-roger-nos-jogadores-somos-os-maiores-culpados\/"},"modified":"2026-04-22T01:28:13","modified_gmt":"2026-04-22T04:28:13","slug":"luciano-da-razao-a-vaias-mas-defende-roger-nos-jogadores-somos-os-maiores-culpados","status":"publish","type":"post","link":"https:\/\/noticiasribeiraopreto.com.br\/index.php\/2026\/04\/22\/luciano-da-razao-a-vaias-mas-defende-roger-nos-jogadores-somos-os-maiores-culpados\/","title":{"rendered":"Luciano d\u00e1 raz\u00e3o a vaias, mas defende Roger: &#8216;N\u00f3s, jogadores, somos os maiores culpados&#8217;"},"content":{"rendered":"<div class='code-block code-block-1' style='margin: 8px 0 8px auto; text-align: right; display: block; clear: both;'>\n<p><a href=\"https:\/\/wa.link\/vpicfd\"><img data-recalc-dims=\"1\" class=\"wp-image-4922\" style=\"aspect-ratio: 2.0253164556962027; width: 561px; height: auto;\" src=\"https:\/\/i0.wp.com\/ismaelcolosi.com.br\/wp-content\/uploads\/2023\/11\/grupo-de-empregos-whatsapp-e-facebook-ismael-colosi-vagas.jpg?ssl=1\" alt=\"\" \/><\/a><\/p>\n<!-- \/wp:image -->\n<\/div>\n<p> <br \/>\n<\/p>\n<div id=\"\">&#13;<br \/>\n\t\t\t\t\t\t\t\t&#13;<\/p>\n<p>&#13;<br \/>\n\t\t\t\t\t\t\t\t\t<span class=\"entry-meta-item penci-posted-on\"><i class=\"fa fa-clock-o\"\/><time class=\"entry-date published updated\" datetime=\"2026-04-22T01:27:32-03:00\">22 de abril de 2026 01:27<\/time><\/span><span class=\"entry-meta-item penci-post-countview\"\/>\t\t\t\t\t\t\t\t<\/p>\n<p><!-- .entry-meta -->&#13;<br \/>\n\t\t\t\t\t\t\t\t<span class=\"penci-social-buttons penci-social-share-footer\"><span class=\"penci-social-share-text\">Compartilhar<\/span><a href=\"#\" class=\"penci-post-like penci_post-meta_item  single-like-button penci-social-item like\" data-post_id=\"461731\" title=\"Like\" data-like=\"Like\" data-unlike=\"Unlike\"><i class=\"fa fa-thumbs-o-up\"\/><span class=\"penci-share-number\">0<\/span><\/a><i class=\"fa fa-facebook\"\/><a class=\"penci-social-item twitter\" target=\"_blank\" rel=\"noopener\" title=\"\" href=\"https:\/\/twitter.com\/intent\/tweet?text=Luciano%20d\u00e1%20raz\u00e3o%20a%20vaias,%20mas%20defende%20Roger:%20-N\u00f3s,%20jogadores,%20somos%20os%20maiores%20culpados-%20-%20https:\/\/www.tribunaribeirao.com.br\/luciano-da-razao-a-vaias-mas-defende-roger-nos-jogadores-somos-os-maiores-culpados\/\"><i class=\"fa fa-twitter\"\/><\/a><i class=\"fa fa-linkedin\"\/><i class=\"fa fa-whatsapp\"\/><i class=\"fa fa-telegram\"\/><i class=\"fa fa-envelope\"\/><\/span>\t\t\t\t\t\t\t<\/div>\n<div>\n<p>Ap\u00f3s a vit\u00f3ria magra do S\u00e3o Paulo sobre o Juventude no jogo de ida da quinta fase da Copa do Brasil nesta ter\u00e7a-feira, o atacante Luciano deu raz\u00e3o aos protestos das arquibancadas do MorumBis. No entanto, o autor do gol do triunfo do time tricolor saiu em defesa do t\u00e9cnico Roger Machado.<\/p>\n<p>\u201cAcho que o professor est\u00e1\u2026 ele passa os v\u00eddeos, tudo para n\u00f3s, deixa desenhado o que temos que fazer. Se a torcida vaia, cobra, eles est\u00e3o na raz\u00e3o, mas n\u00f3s jogadores somos os maiores culpados.\u201d<\/p>\n<p>O S\u00e3o Paulo foi para o intervalo com a vantagem m\u00ednima sobre a equipe ga\u00facha. Aos 32 minutos, Artur fez bela jogada individual e Luciano apareceu para cabecear na \u00e1rea do Juventude e balan\u00e7ar as redes.<\/p>\n<p>Logo no inicio do segundo tempo, Diogo Barbosa foi expulso por atingir Luciano com as travas da chuteira. Com um jogador a mais, o time tricolor criou in\u00fameras chances, mas n\u00e3o conseguiu ampliar o placar. Calleri, inclusive, teve a oportunidade de anotar o segundo em cobran\u00e7a de p\u00eanalti, mas desperdi\u00e7ou a chance.<\/p>\n<p>Na sequ\u00eancia da temporada, o S\u00e3o Paulo enfrenta o Mirassol no pr\u00f3ximo s\u00e1bado, \u00e0s 21h (hor\u00e1rio de Bras\u00edlia), no MorumBis, pela 13\u00aa rodada do Brasileir\u00e3o. Para o atacante, este jogo \u00e9 providencial para que o bom futebol volte ao time tricolor.<\/p>\n<p>\u201cTivemos chances de fazer tr\u00eas, quatro gols, e isso acaba afetando o treinador porque a torcida j\u00e1 n\u00e3o est\u00e1 com tanta paci\u00eancia. Os protestos, o que acontece fora, claro que atrapalham, a gente precisa de uma boa vit\u00f3ria para voltar a confian\u00e7a de todos os jogadores, espero que essa vit\u00f3ria venha no s\u00e1bado\u201d, finalizou.<\/p>\n<\/div>\n<p><script async src=\"\/\/platform.twitter.com\/widgets.js\" charset=\"utf-8\"><\/script><br \/>\n<br \/><br \/>\n<br \/><a href=\"https:\/\/www.tribunaribeirao.com.br\/luciano-da-razao-a-vaias-mas-defende-roger-nos-jogadores-somos-os-maiores-culpados\/\">Texto original daqui <\/a><\/p>\n<!-- CONTENT END 1 -->\n","protected":false},"excerpt":{"rendered":"<p>&#13; &#13; &#13; 22 de abril de 2026 01:27 &#13; Compartilhar0 Ap\u00f3s a vit\u00f3ria magra do S\u00e3o Paulo sobre o Juventude no jogo de ida&#8230;<\/p>\n","protected":false},"author":1,"featured_media":85122,"comment_status":"open","ping_status":"open","sticky":false,"template":"","format":"standard","meta":{"advanced_seo_description":"","jetpack_seo_html_title":"","jetpack_seo_noindex":false,"jetpack_post_was_ever_published":false,"_jetpack_newsletter_access":"","_jetpack_dont_email_post_to_subs":false,"_jetpack_newsletter_tier_id":0,"_jetpack_memberships_contains_paywalled_content":false,"_jetpack_memberships_contains_paid_content":false,"footnotes":"","jetpack_publicize_message":"","jetpack_publicize_feature_enabled":true,"jetpack_social_post_already_shared":true,"jetpack_social_options":{"image_generator_settings":{"template":"highway","default_image_id":0,"font":"","enabled":false},"version":2}},"categories":[11],"tags":[6425,1632,5221,1470,6420,586,2090,896,6421,6423,6424,6422],"class_list":["post-85121","post","type-post","status-publish","format-standard","has-post-thumbnail","hentry","category-noticias-de-ribeirao-preto-sp-e-regiao-ismael-colosi","tag-culpados","tag-da","tag-defende","tag-jogadores","tag-luciano","tag-maiores","tag-mas","tag-nos","tag-razao","tag-roger","tag-somos","tag-vaias"],"jetpack_publicize_connections":[],"jetpack_featured_media_url":"https:\/\/i0.wp.com\/noticiasribeiraopreto.com.br\/wp-content\/uploads\/2026\/04\/int7046-1024x683-1.jpg?fit=1024%2C683&ssl=1","jetpack-related-posts":[{"id":83216,"url":"https:\/\/noticiasribeiraopreto.com.br\/index.php\/2026\/03\/12\/sao-paulo-vence-chapecoense-na-estreia-de-roger-machado-e-assume-a-lideranca\/","url_meta":{"origin":85121,"position":0},"title":"S\u00e3o Paulo vence Chapecoense na estreia de Roger Machado e assume a lideran\u00e7a","author":"noticiasribeiraopreto.com.br","date":"12 de March de 2026","format":false,"excerpt":"Na estreia do t\u00e9cnico Roger Machado, o S\u00e3o Paulo assumiu a lideran\u00e7a do Campeonato Brasileiro, nesta quinta-feira, ao derrotar a Chapecoense, por 2 a 0, no Canind\u00e9, em duelo v\u00e1lido pela quinta rodada. O time tricolor chegou aos 13 pontos e superou o Palmeiras, que permaneceu com dez, ao perder\u2026","rel":"","context":"In &quot;Not\u00edcias de Ribeir\u00e3o Preto-SP e Regi\u00e3o&quot;","block_context":{"text":"Not\u00edcias de Ribeir\u00e3o Preto-SP e Regi\u00e3o","link":"https:\/\/noticiasribeiraopreto.com.br\/index.php\/category\/noticias-de-ribeirao-preto-sp-e-regiao-ismael-colosi\/"},"img":{"alt_text":"","src":"https:\/\/i0.wp.com\/noticiasribeiraopreto.com.br\/wp-content\/uploads\/2026\/03\/WhatsApp-Image-2026-03-12-at-22.05.59-scaled.jpeg?fit=1170%2C780&ssl=1&resize=350%2C200","width":350,"height":200,"srcset":"https:\/\/i0.wp.com\/noticiasribeiraopreto.com.br\/wp-content\/uploads\/2026\/03\/WhatsApp-Image-2026-03-12-at-22.05.59-scaled.jpeg?fit=1170%2C780&ssl=1&resize=350%2C200 1x, https:\/\/i0.wp.com\/noticiasribeiraopreto.com.br\/wp-content\/uploads\/2026\/03\/WhatsApp-Image-2026-03-12-at-22.05.59-scaled.jpeg?fit=1170%2C780&ssl=1&resize=525%2C300 1.5x, https:\/\/i0.wp.com\/noticiasribeiraopreto.com.br\/wp-content\/uploads\/2026\/03\/WhatsApp-Image-2026-03-12-at-22.05.59-scaled.jpeg?fit=1170%2C780&ssl=1&resize=700%2C400 2x, https:\/\/i0.wp.com\/noticiasribeiraopreto.com.br\/wp-content\/uploads\/2026\/03\/WhatsApp-Image-2026-03-12-at-22.05.59-scaled.jpeg?fit=1170%2C780&ssl=1&resize=1050%2C600 3x"},"classes":[]},{"id":77820,"url":"https:\/\/noticiasribeiraopreto.com.br\/index.php\/2025\/09\/26\/sao-paulo-e-eliminado-da-libertadores\/","url_meta":{"origin":85121,"position":1},"title":"S\u00e3o Paulo \u00e9 eliminado da Libertadores","author":"noticiasribeiraopreto.com.br","date":"26 de September de 2025","format":false,"excerpt":"Tricolor joga mal perde da LDU e transforma festa da torcida em clima de \u2018vel\u00f3rio\u2019 O S\u00e3o Paulo se despediu da Copa Libertadores nesta quinta-feira (25). Depois da derrota por 2 a 0 para a LDU em Quito, no jogo de idas quartas de final, o Tricolor foi eliminado em\u2026","rel":"","context":"In &quot;Not\u00edcias de Ribeir\u00e3o Preto-SP e Regi\u00e3o&quot;","block_context":{"text":"Not\u00edcias de Ribeir\u00e3o Preto-SP e Regi\u00e3o","link":"https:\/\/noticiasribeiraopreto.com.br\/index.php\/category\/noticias-de-ribeirao-preto-sp-e-regiao-ismael-colosi\/"},"img":{"alt_text":"","src":"https:\/\/i0.wp.com\/noticiasribeiraopreto.com.br\/wp-content\/uploads\/2025\/09\/1-Sao-Paulo-x-LDU-Rubens-Chiri_Sao-Paulo-FC.jpg?fit=800%2C545&ssl=1&resize=350%2C200","width":350,"height":200,"srcset":"https:\/\/i0.wp.com\/noticiasribeiraopreto.com.br\/wp-content\/uploads\/2025\/09\/1-Sao-Paulo-x-LDU-Rubens-Chiri_Sao-Paulo-FC.jpg?fit=800%2C545&ssl=1&resize=350%2C200 1x, https:\/\/i0.wp.com\/noticiasribeiraopreto.com.br\/wp-content\/uploads\/2025\/09\/1-Sao-Paulo-x-LDU-Rubens-Chiri_Sao-Paulo-FC.jpg?fit=800%2C545&ssl=1&resize=525%2C300 1.5x, https:\/\/i0.wp.com\/noticiasribeiraopreto.com.br\/wp-content\/uploads\/2025\/09\/1-Sao-Paulo-x-LDU-Rubens-Chiri_Sao-Paulo-FC.jpg?fit=800%2C545&ssl=1&resize=700%2C400 2x"},"classes":[]},{"id":43950,"url":"https:\/\/noticiasribeiraopreto.com.br\/index.php\/2024\/03\/24\/robinho-e-mais-uma-celebridade-a-cumprir-pena-no-presidio-dos-famosos\/","url_meta":{"origin":85121,"position":2},"title":"Robinho \u00e9 mais uma celebridade a cumprir pena no pres\u00eddio dos famosos\u00a0","author":"noticiasribeiraopreto.com.br","date":"24 de March de 2024","format":false,"excerpt":"A penitenci\u00e1ria de Trememb\u00e9, que fica no Vale do Para\u00edba, interior de S\u00e3o Paulo, leva a fama de ser o \u201cpres\u00eddio dos famosos\u201d. Condenados em casos de repercuss\u00e3o nacional costumam ser encaminhados ao complexo para o cumprimento da pena por terem algum tipo de fama e por estarem em risco\u2026","rel":"","context":"In &quot;Not\u00edcias de Ribeir\u00e3o Preto-SP e Regi\u00e3o&quot;","block_context":{"text":"Not\u00edcias de Ribeir\u00e3o Preto-SP e Regi\u00e3o","link":"https:\/\/noticiasribeiraopreto.com.br\/index.php\/category\/noticias-de-ribeirao-preto-sp-e-regiao-ismael-colosi\/"},"img":{"alt_text":"","src":"https:\/\/i0.wp.com\/noticiasribeiraopreto.com.br\/wp-content\/uploads\/2024\/03\/Robinho-selecao-1.jpg?fit=1200%2C758&ssl=1&resize=350%2C200","width":350,"height":200,"srcset":"https:\/\/i0.wp.com\/noticiasribeiraopreto.com.br\/wp-content\/uploads\/2024\/03\/Robinho-selecao-1.jpg?fit=1200%2C758&ssl=1&resize=350%2C200 1x, https:\/\/i0.wp.com\/noticiasribeiraopreto.com.br\/wp-content\/uploads\/2024\/03\/Robinho-selecao-1.jpg?fit=1200%2C758&ssl=1&resize=525%2C300 1.5x, https:\/\/i0.wp.com\/noticiasribeiraopreto.com.br\/wp-content\/uploads\/2024\/03\/Robinho-selecao-1.jpg?fit=1200%2C758&ssl=1&resize=700%2C400 2x, https:\/\/i0.wp.com\/noticiasribeiraopreto.com.br\/wp-content\/uploads\/2024\/03\/Robinho-selecao-1.jpg?fit=1200%2C758&ssl=1&resize=1050%2C600 3x"},"classes":[]},{"id":79539,"url":"https:\/\/noticiasribeiraopreto.com.br\/index.php\/2025\/11\/03\/ancelotti-convoca-selecao-para-dois-ultimos-jogos-de-2025\/","url_meta":{"origin":85121,"position":3},"title":"Ancelotti convoca sele\u00e7\u00e3o para dois \u00faltimos jogos de 2025","author":"noticiasribeiraopreto.com.br","date":"3 de November de 2025","format":false,"excerpt":"3 de novembro de 2025 17:133 de novembro de 2025 17:157 Compartilhar0 Brasil encara Senegal em 15 de novembro e Tun\u00edsia tr\u00eas dias depois O t\u00e9cnico Carlo Ancelotti convocou a sele\u00e7\u00e3o brasileira masculina de futebol nesta segunda-feira (3) para os dois \u00faltimos amistosos de 2025, contra Senegal e Tun\u00edsia, nos\u2026","rel":"","context":"In &quot;Not\u00edcias de Ribeir\u00e3o Preto-SP e Regi\u00e3o&quot;","block_context":{"text":"Not\u00edcias de Ribeir\u00e3o Preto-SP e Regi\u00e3o","link":"https:\/\/noticiasribeiraopreto.com.br\/index.php\/category\/noticias-de-ribeirao-preto-sp-e-regiao-ismael-colosi\/"},"img":{"alt_text":"","src":"https:\/\/i0.wp.com\/noticiasribeiraopreto.com.br\/wp-content\/uploads\/2025\/11\/convocacao_ultima_selecao_2025.webp.webp?fit=1170%2C700&ssl=1&resize=350%2C200","width":350,"height":200,"srcset":"https:\/\/i0.wp.com\/noticiasribeiraopreto.com.br\/wp-content\/uploads\/2025\/11\/convocacao_ultima_selecao_2025.webp.webp?fit=1170%2C700&ssl=1&resize=350%2C200 1x, https:\/\/i0.wp.com\/noticiasribeiraopreto.com.br\/wp-content\/uploads\/2025\/11\/convocacao_ultima_selecao_2025.webp.webp?fit=1170%2C700&ssl=1&resize=525%2C300 1.5x, https:\/\/i0.wp.com\/noticiasribeiraopreto.com.br\/wp-content\/uploads\/2025\/11\/convocacao_ultima_selecao_2025.webp.webp?fit=1170%2C700&ssl=1&resize=700%2C400 2x, https:\/\/i0.wp.com\/noticiasribeiraopreto.com.br\/wp-content\/uploads\/2025\/11\/convocacao_ultima_selecao_2025.webp.webp?fit=1170%2C700&ssl=1&resize=1050%2C600 3x"},"classes":[]},{"id":70066,"url":"https:\/\/noticiasribeiraopreto.com.br\/index.php\/2025\/05\/22\/ex-vereador-e-condenado-por-esquema-de-corrupcao-no-transporte-escolar-2\/","url_meta":{"origin":85121,"position":4},"title":"Ex-vereador \u00e9 condenado por esquema de corrup\u00e7\u00e3o no transporte escolar","author":"noticiasribeiraopreto.com.br","date":"22 de May de 2025","format":false,"excerpt":"A Justi\u00e7a condenou o ex-vereador Silvano Costa Arruda (Solidariedade) e outras tr\u00eas pessoas envolvidas em um esquema de corrup\u00e7\u00e3o relacionado \u00e0 contrata\u00e7\u00e3o do transporte escolar em Cajuru, cidade na regi\u00e3o de Ribeir\u00e3o Preto, a penas que variam de 6 a 13 anos de pris\u00e3o. Na decis\u00e3o, portanto, os r\u00e9us foram\u2026","rel":"","context":"In &quot;Not\u00edcias de Ribeir\u00e3o Preto-SP e Regi\u00e3o&quot;","block_context":{"text":"Not\u00edcias de Ribeir\u00e3o Preto-SP e Regi\u00e3o","link":"https:\/\/noticiasribeiraopreto.com.br\/index.php\/category\/noticias-de-ribeirao-preto-sp-e-regiao-ismael-colosi\/"},"img":{"alt_text":"","src":"https:\/\/i0.wp.com\/noticiasribeiraopreto.com.br\/wp-content\/uploads\/2025\/05\/Copia-de-Copia-de-Copia-de-TAMANHO-EXATO-PARA-FOTOS-NO-SISTEMA-NOVO-2025-05-22T083928.338_2025-05-22_11-40-30.webp.webp?fit=1200%2C675&ssl=1&resize=350%2C200","width":350,"height":200,"srcset":"https:\/\/i0.wp.com\/noticiasribeiraopreto.com.br\/wp-content\/uploads\/2025\/05\/Copia-de-Copia-de-Copia-de-TAMANHO-EXATO-PARA-FOTOS-NO-SISTEMA-NOVO-2025-05-22T083928.338_2025-05-22_11-40-30.webp.webp?fit=1200%2C675&ssl=1&resize=350%2C200 1x, https:\/\/i0.wp.com\/noticiasribeiraopreto.com.br\/wp-content\/uploads\/2025\/05\/Copia-de-Copia-de-Copia-de-TAMANHO-EXATO-PARA-FOTOS-NO-SISTEMA-NOVO-2025-05-22T083928.338_2025-05-22_11-40-30.webp.webp?fit=1200%2C675&ssl=1&resize=525%2C300 1.5x, https:\/\/i0.wp.com\/noticiasribeiraopreto.com.br\/wp-content\/uploads\/2025\/05\/Copia-de-Copia-de-Copia-de-TAMANHO-EXATO-PARA-FOTOS-NO-SISTEMA-NOVO-2025-05-22T083928.338_2025-05-22_11-40-30.webp.webp?fit=1200%2C675&ssl=1&resize=700%2C400 2x, https:\/\/i0.wp.com\/noticiasribeiraopreto.com.br\/wp-content\/uploads\/2025\/05\/Copia-de-Copia-de-Copia-de-TAMANHO-EXATO-PARA-FOTOS-NO-SISTEMA-NOVO-2025-05-22T083928.338_2025-05-22_11-40-30.webp.webp?fit=1200%2C675&ssl=1&resize=1050%2C600 3x"},"classes":[]},{"id":70040,"url":"https:\/\/noticiasribeiraopreto.com.br\/index.php\/2025\/05\/22\/ex-vereador-e-condenado-por-esquema-de-corrupcao-no-transporte-escolar\/","url_meta":{"origin":85121,"position":5},"title":"Ex-vereador \u00e9 condenado por esquema de corrup\u00e7\u00e3o no transporte escolar","author":"noticiasribeiraopreto.com.br","date":"22 de May de 2025","format":false,"excerpt":"A Justi\u00e7a condenou o ex-vereador Silvano Costa Arruda (Solidariedade) e outras tr\u00eas pessoas envolvidas em um esquema de corrup\u00e7\u00e3o relacionado \u00e0 contrata\u00e7\u00e3o do transporte escolar em Cajuru, cidade na regi\u00e3o de Ribeir\u00e3o Preto, a penas que variam de 6 a 13 anos de pris\u00e3o. Na decis\u00e3o, portanto, os r\u00e9us foram\u2026","rel":"","context":"In &quot;Not\u00edcias de Ribeir\u00e3o Preto-SP e Regi\u00e3o&quot;","block_context":{"text":"Not\u00edcias de Ribeir\u00e3o Preto-SP e Regi\u00e3o","link":"https:\/\/noticiasribeiraopreto.com.br\/index.php\/category\/noticias-de-ribeirao-preto-sp-e-regiao-ismael-colosi\/"},"img":{"alt_text":"","src":"https:\/\/i0.wp.com\/noticiasribeiraopreto.com.br\/wp-content\/uploads\/2025\/05\/Copia-de-Copia-de-Copia-de-TAMANHO-EXATO-PARA-FOTOS-NO-SISTEMA-NOVO-2025-05-22T083928.338_2025-05-22_11-40-30.webp.webp?fit=1200%2C675&ssl=1&resize=350%2C200","width":350,"height":200,"srcset":"https:\/\/i0.wp.com\/noticiasribeiraopreto.com.br\/wp-content\/uploads\/2025\/05\/Copia-de-Copia-de-Copia-de-TAMANHO-EXATO-PARA-FOTOS-NO-SISTEMA-NOVO-2025-05-22T083928.338_2025-05-22_11-40-30.webp.webp?fit=1200%2C675&ssl=1&resize=350%2C200 1x, https:\/\/i0.wp.com\/noticiasribeiraopreto.com.br\/wp-content\/uploads\/2025\/05\/Copia-de-Copia-de-Copia-de-TAMANHO-EXATO-PARA-FOTOS-NO-SISTEMA-NOVO-2025-05-22T083928.338_2025-05-22_11-40-30.webp.webp?fit=1200%2C675&ssl=1&resize=525%2C300 1.5x, https:\/\/i0.wp.com\/noticiasribeiraopreto.com.br\/wp-content\/uploads\/2025\/05\/Copia-de-Copia-de-Copia-de-TAMANHO-EXATO-PARA-FOTOS-NO-SISTEMA-NOVO-2025-05-22T083928.338_2025-05-22_11-40-30.webp.webp?fit=1200%2C675&ssl=1&resize=700%2C400 2x, https:\/\/i0.wp.com\/noticiasribeiraopreto.com.br\/wp-content\/uploads\/2025\/05\/Copia-de-Copia-de-Copia-de-TAMANHO-EXATO-PARA-FOTOS-NO-SISTEMA-NOVO-2025-05-22T083928.338_2025-05-22_11-40-30.webp.webp?fit=1200%2C675&ssl=1&resize=1050%2C600 3x"},"classes":[]}],"jetpack_sharing_enabled":true,"jetpack_shortlink":"https:\/\/wp.me\/peQAOb-m8V","_links":{"self":[{"href":"https:\/\/noticiasribeiraopreto.com.br\/index.php\/wp-json\/wp\/v2\/posts\/85121","targetHints":{"allow":["GET"]}}],"collection":[{"href":"https:\/\/noticiasribeiraopreto.com.br\/index.php\/wp-json\/wp\/v2\/posts"}],"about":[{"href":"https:\/\/noticiasribeiraopreto.com.br\/index.php\/wp-json\/wp\/v2\/types\/post"}],"author":[{"embeddable":true,"href":"https:\/\/noticiasribeiraopreto.com.br\/index.php\/wp-json\/wp\/v2\/users\/1"}],"replies":[{"embeddable":true,"href":"https:\/\/noticiasribeiraopreto.com.br\/index.php\/wp-json\/wp\/v2\/comments?post=85121"}],"version-history":[{"count":0,"href":"https:\/\/noticiasribeiraopreto.com.br\/index.php\/wp-json\/wp\/v2\/posts\/85121\/revisions"}],"wp:featuredmedia":[{"embeddable":true,"href":"https:\/\/noticiasribeiraopreto.com.br\/index.php\/wp-json\/wp\/v2\/media\/85122"}],"wp:attachment":[{"href":"https:\/\/noticiasribeiraopreto.com.br\/index.php\/wp-json\/wp\/v2\/media?parent=85121"}],"wp:term":[{"taxonomy":"category","embeddable":true,"href":"https:\/\/noticiasribeiraopreto.com.br\/index.php\/wp-json\/wp\/v2\/categories?post=85121"},{"taxonomy":"post_tag","embeddable":true,"href":"https:\/\/noticiasribeiraopreto.com.br\/index.php\/wp-json\/wp\/v2\/tags?post=85121"}],"curies":[{"name":"wp","href":"https:\/\/api.w.org\/{rel}","templated":true}]}}