{"id":85190,"date":"2026-04-24T08:30:11","date_gmt":"2026-04-24T11:30:11","guid":{"rendered":"https:\/\/noticiasribeiraopreto.com.br\/index.php\/2026\/04\/24\/ribeirao-preto-promove-acao-para-zerar-fila-do-implanon-e-convoca-180-mulheres-para-insercao-de-contraceptivo\/"},"modified":"2026-04-24T08:30:11","modified_gmt":"2026-04-24T11:30:11","slug":"ribeirao-preto-promove-acao-para-zerar-fila-do-implanon-e-convoca-180-mulheres-para-insercao-de-contraceptivo","status":"publish","type":"post","link":"https:\/\/noticiasribeiraopreto.com.br\/index.php\/2026\/04\/24\/ribeirao-preto-promove-acao-para-zerar-fila-do-implanon-e-convoca-180-mulheres-para-insercao-de-contraceptivo\/","title":{"rendered":"Ribeir\u00e3o Preto promove a\u00e7\u00e3o para zerar fila do Implanon e convoca 180 mulheres para inser\u00e7\u00e3o de contraceptivo &#8211; THMais"},"content":{"rendered":"<div class='code-block code-block-1' style='margin: 8px 0 8px auto; text-align: right; display: block; clear: both;'>\n<p><a href=\"https:\/\/wa.link\/vpicfd\"><img data-recalc-dims=\"1\" class=\"wp-image-4922\" style=\"aspect-ratio: 2.0253164556962027; width: 561px; height: auto;\" src=\"https:\/\/i0.wp.com\/ismaelcolosi.com.br\/wp-content\/uploads\/2023\/11\/grupo-de-empregos-whatsapp-e-facebook-ismael-colosi-vagas.jpg?ssl=1\" alt=\"\" \/><\/a><\/p>\n<!-- \/wp:image -->\n<\/div>\n<p> <br \/>\n<\/p>\n<div>\n<p>A Prefeitura de Ribeir\u00e3o Preto, por meio da Secretaria Municipal da Sa\u00fade, realiza neste s\u00e1bado (25) uma a\u00e7\u00e3o para zerar a fila de espera pelo Implanon, contraceptivo subd\u00e9rmico de longa dura\u00e7\u00e3o e alta efic\u00e1cia. A iniciativa ocorrer\u00e1 em duas unidades de sa\u00fade, a UBS Rubens Issa Halak, no Jardim Juliana, e o Centro de Refer\u00eancia em Especialidades (CRE) Central, e deve atender 180 mulheres que aguardam pelo procedimento via Complexo Regulador.<\/p>\n<p>A a\u00e7\u00e3o integra uma estrat\u00e9gia mais ampla da pasta para facilitar o acesso ao m\u00e9todo e ampliar a autonomia reprodutiva, especialmente entre p\u00fablicos em situa\u00e7\u00e3o de maior vulnerabilidade.<\/p>\n<p>O Implanon \u00e9 ofertado para adolescentes entre 10 e 19 anos (at\u00e9 11 meses e 29 dias) e para mulheres em situa\u00e7\u00e3o de vulnerabilidade social, como aquelas em situa\u00e7\u00e3o de rua, com depend\u00eancia de subst\u00e2ncias psicoativas, v\u00edtimas de viol\u00eancia dom\u00e9stica, privadas de liberdade ou profissionais do sexo.<\/p>\n<p>Tamb\u00e9m contempla mulheres com transtornos mentais graves em acompanhamento na rede, pessoas que vivem com HIV, homens trans e usu\u00e1rias que j\u00e1 utilizam o m\u00e9todo e precisam realizar a troca, desde que n\u00e3o haja contraindica\u00e7\u00e3o e haja interesse na continuidade. Al\u00e9m disso, o implante \u00e9 uma alternativa para casos em que outros m\u00e9todos contraceptivos s\u00e3o contraindicados.<\/p>\n<h2>Amplia\u00e7\u00e3o do acesso<\/h2>\n<p>Para sustentar a expans\u00e3o da oferta, o munic\u00edpio investe na capacita\u00e7\u00e3o de enfermeiros. No in\u00edcio do m\u00eas, Ribeir\u00e3o Preto sediou a segunda etapa de um treinamento regional, reunindo profissionais de cidades como Franca, Batatais e Jaboticabal.<\/p>\n<p>A forma\u00e7\u00e3o, realizada em parceria com o Minist\u00e9rio da Sa\u00fade, a Secretaria de Estado da Sa\u00fade e entidades cient\u00edficas, permite que enfermeiros passem a realizar a inser\u00e7\u00e3o do Implanon, procedimento antes restrito a m\u00e9dicos de fam\u00edlia e ginecologistas. A capacita\u00e7\u00e3o foi conduzida pelo Coren-SP (Conselho Regional de Enfermagem de S\u00e3o Paulo) e incluiu treinamento pr\u00e1tico, com 14 pacientes atendidas.<\/p>\n<p>A estrat\u00e9gia busca descentralizar o acesso e reduzir o tempo de espera. Segundo Camila Balsero, enfermeira da \u00e1rea t\u00e9cnica de sa\u00fade da mulher, a medida fortalece a aten\u00e7\u00e3o prim\u00e1ria e amplia o protagonismo dos profissionais de enfermagem. \u201cCom acesso mais facilitado, conseguimos garantir que mulheres e pessoas trans tenham mais autonomia para decidir o melhor momento para uma gesta\u00e7\u00e3o\u201d, afirma.<\/p>\n<h2>Efic\u00e1cia e praticidade<\/h2>\n<p>O Implanon \u00e9 considerado um dos m\u00e9todos mais eficazes para prevenir a gravidez, especialmente na adolesc\u00eancia. Diferentemente dos anticoncepcionais orais, n\u00e3o depende de uso di\u00e1rio, o que reduz falhas associadas ao esquecimento.<\/p>\n<p>O implante tem dura\u00e7\u00e3o de at\u00e9 tr\u00eas anos e, al\u00e9m de evitar gesta\u00e7\u00f5es n\u00e3o planejadas, o m\u00e9todo tamb\u00e9m contribui para a redu\u00e7\u00e3o da mortalidade materna, fen\u00f4meno influenciado por m\u00faltiplos fatores.<\/p>\n<h2>Como acessar<\/h2>\n<p>Para iniciar o processo, \u00e9 necess\u00e1rio agendar uma consulta pelo aplicativo Sa\u00fade Digital. Ap\u00f3s avalia\u00e7\u00e3o cl\u00ednica e verifica\u00e7\u00e3o dos crit\u00e9rios de elegibilidade, a inser\u00e7\u00e3o pode ser realizada na pr\u00f3pria unidade de sa\u00fade.<\/p>\n<\/div>\n<p><br \/>\n<br \/><a href=\"https:\/\/thmais.com.br\/cidades\/ribeirao-preto\/ribeirao-preto-promove-acao-para-zerar-fila-do-implanon-e-convoca-180-mulheres-para-insercao-de-contraceptivo\/\">Link para o texto original <\/a><\/p>\n<!-- CONTENT END 1 -->\n","protected":false},"excerpt":{"rendered":"<p>A Prefeitura de Ribeir\u00e3o Preto, por meio da Secretaria Municipal da Sa\u00fade, realiza neste s\u00e1bado (25) uma a\u00e7\u00e3o para zerar a fila de espera pelo&#8230;<\/p>\n","protected":false},"author":1,"featured_media":85191,"comment_status":"","ping_status":"","sticky":false,"template":"","format":"standard","meta":{"advanced_seo_description":"","jetpack_seo_html_title":"","jetpack_seo_noindex":false,"jetpack_post_was_ever_published":false,"_jetpack_newsletter_access":"","_jetpack_dont_email_post_to_subs":false,"_jetpack_newsletter_tier_id":0,"_jetpack_memberships_contains_paywalled_content":false,"_jetpack_memberships_contains_paid_content":false,"footnotes":"","jetpack_publicize_message":"","jetpack_publicize_feature_enabled":true,"jetpack_social_post_already_shared":true,"jetpack_social_options":{"image_generator_settings":{"template":"highway","default_image_id":0,"font":"","enabled":false},"version":2}},"categories":[11],"tags":[5352,6448,1788,2976,6446,6447,980,71,27,157,26,6443,2975],"class_list":["post-85190","post","type-post","status-publish","format-standard","has-post-thumbnail","hentry","category-noticias-de-ribeirao-preto-sp-e-regiao-ismael-colosi","tag-acao","tag-contraceptivo","tag-convoca","tag-fila","tag-implanon","tag-insercao","tag-mulheres","tag-para","tag-preto","tag-promove","tag-ribeirao","tag-thmais","tag-zerar"],"jetpack_publicize_connections":[],"jetpack_featured_media_url":"https:\/\/i0.wp.com\/noticiasribeiraopreto.com.br\/wp-content\/uploads\/2026\/04\/implanon1.jpg?fit=999%2C666&ssl=1","jetpack-related-posts":[{"id":63152,"url":"https:\/\/noticiasribeiraopreto.com.br\/index.php\/2025\/02\/04\/com-investimento-de-r-2-milhoes-ribeirao-preto-pretende-zerar-fila-de-exames-em-4-meses\/","url_meta":{"origin":85190,"position":0},"title":"Com investimento de R$ 2 milh\u00f5es, Ribeir\u00e3o Preto pretende zerar fila de exames em 4 meses","author":"noticiasribeiraopreto.com.br","date":"4 de February de 2025","format":false,"excerpt":"A Prefeitura de Ribeir\u00e3o Preto lan\u00e7ou o programa \u2018Cuidar Mais\u2018, com o objetivo de zerar a fila de exames de ultrassonografia transvaginal e colonoscopia em apenas quatro meses. O programa foi oficializado nesta ter\u00e7a-feira (4) pelo prefeito Ricardo Silva e pelo secret\u00e1rio municipal da sa\u00fade, Maur\u00edcio Godinho. Com uma fila\u2026","rel":"","context":"In &quot;Not\u00edcias de Ribeir\u00e3o Preto-SP e Regi\u00e3o&quot;","block_context":{"text":"Not\u00edcias de Ribeir\u00e3o Preto-SP e Regi\u00e3o","link":"https:\/\/noticiasribeiraopreto.com.br\/index.php\/category\/noticias-de-ribeirao-preto-sp-e-regiao-ismael-colosi\/"},"img":{"alt_text":"","src":"https:\/\/i0.wp.com\/noticiasribeiraopreto.com.br\/wp-content\/uploads\/2025\/02\/beautiful-female-doctor-sitting-her-office-near-ultrasound-sc_2025-02-04_18-21-03_jpg_2025-02-04_18-21-06-scaled.webp.webp?fit=1200%2C801&ssl=1&resize=350%2C200","width":350,"height":200,"srcset":"https:\/\/i0.wp.com\/noticiasribeiraopreto.com.br\/wp-content\/uploads\/2025\/02\/beautiful-female-doctor-sitting-her-office-near-ultrasound-sc_2025-02-04_18-21-03_jpg_2025-02-04_18-21-06-scaled.webp.webp?fit=1200%2C801&ssl=1&resize=350%2C200 1x, https:\/\/i0.wp.com\/noticiasribeiraopreto.com.br\/wp-content\/uploads\/2025\/02\/beautiful-female-doctor-sitting-her-office-near-ultrasound-sc_2025-02-04_18-21-03_jpg_2025-02-04_18-21-06-scaled.webp.webp?fit=1200%2C801&ssl=1&resize=525%2C300 1.5x, https:\/\/i0.wp.com\/noticiasribeiraopreto.com.br\/wp-content\/uploads\/2025\/02\/beautiful-female-doctor-sitting-her-office-near-ultrasound-sc_2025-02-04_18-21-03_jpg_2025-02-04_18-21-06-scaled.webp.webp?fit=1200%2C801&ssl=1&resize=700%2C400 2x, https:\/\/i0.wp.com\/noticiasribeiraopreto.com.br\/wp-content\/uploads\/2025\/02\/beautiful-female-doctor-sitting-her-office-near-ultrasound-sc_2025-02-04_18-21-03_jpg_2025-02-04_18-21-06-scaled.webp.webp?fit=1200%2C801&ssl=1&resize=1050%2C600 3x"},"classes":[]},{"id":76598,"url":"https:\/\/noticiasribeiraopreto.com.br\/index.php\/2025\/09\/01\/implante-contraceptivo-de-r-4-mil-passa-a-ser-obrigatorio-nos-planos-de-saude\/","url_meta":{"origin":85190,"position":1},"title":"Implante contraceptivo de R$ 4 mil passa a ser obrigat\u00f3rio nos planos de sa\u00fade","author":"noticiasribeiraopreto.com.br","date":"1 de September de 2025","format":false,"excerpt":"A partir desta segunda-feira (1\u00ba), planos de sa\u00fade come\u00e7am a oferecer cobertura obrigat\u00f3ria para o implante contraceptivo Implanon, que libera etonogestrel de forma cont\u00ednua. A Ag\u00eancia Nacional de Sa\u00fade Suplementar (ANS) definiu a medida em agosto para mulheres entre 18 e 49 anos como preven\u00e7\u00e3o \u00e0 gravidez n\u00e3o planejada. Caso\u2026","rel":"","context":"In &quot;Not\u00edcias de Ribeir\u00e3o Preto-SP e Regi\u00e3o&quot;","block_context":{"text":"Not\u00edcias de Ribeir\u00e3o Preto-SP e Regi\u00e3o","link":"https:\/\/noticiasribeiraopreto.com.br\/index.php\/category\/noticias-de-ribeirao-preto-sp-e-regiao-ismael-colosi\/"},"img":{"alt_text":"","src":"https:\/\/i0.wp.com\/noticiasribeiraopreto.com.br\/wp-content\/uploads\/2025\/07\/280e56bb-cade-4234-82d5-359324465d48_2025-07-04_19-49-10.webp.webp?fit=768%2C354&ssl=1&resize=350%2C200","width":350,"height":200,"srcset":"https:\/\/i0.wp.com\/noticiasribeiraopreto.com.br\/wp-content\/uploads\/2025\/07\/280e56bb-cade-4234-82d5-359324465d48_2025-07-04_19-49-10.webp.webp?fit=768%2C354&ssl=1&resize=350%2C200 1x, https:\/\/i0.wp.com\/noticiasribeiraopreto.com.br\/wp-content\/uploads\/2025\/07\/280e56bb-cade-4234-82d5-359324465d48_2025-07-04_19-49-10.webp.webp?fit=768%2C354&ssl=1&resize=525%2C300 1.5x, https:\/\/i0.wp.com\/noticiasribeiraopreto.com.br\/wp-content\/uploads\/2025\/07\/280e56bb-cade-4234-82d5-359324465d48_2025-07-04_19-49-10.webp.webp?fit=768%2C354&ssl=1&resize=700%2C400 2x"},"classes":[]},{"id":73590,"url":"https:\/\/noticiasribeiraopreto.com.br\/index.php\/2025\/07\/05\/o-que-e-o-implanon-sus-vai-oferecer-novo-implante-contraceptivo-a-partir-de-2025\/","url_meta":{"origin":85190,"position":2},"title":"O que \u00e9 o Implanon? SUS vai oferecer novo implante contraceptivo a partir de 2025","author":"noticiasribeiraopreto.com.br","date":"5 de July de 2025","format":false,"excerpt":"O Sistema \u00danico de Sa\u00fade (SUS) come\u00e7ar\u00e1 a oferecer o Implanon, um implante contraceptivo hormonal de longa dura\u00e7\u00e3o, de forma gratuita \u00e0s mulheres brasileiras. A previs\u00e3o \u00e9 que o m\u00e9todo esteja dispon\u00edvel na rede p\u00fablica a partir do segundo semestre de 2025. O Minist\u00e9rio da Sa\u00fade anunciou a inclus\u00e3o do\u2026","rel":"","context":"In &quot;Not\u00edcias de Ribeir\u00e3o Preto-SP e Regi\u00e3o&quot;","block_context":{"text":"Not\u00edcias de Ribeir\u00e3o Preto-SP e Regi\u00e3o","link":"https:\/\/noticiasribeiraopreto.com.br\/index.php\/category\/noticias-de-ribeirao-preto-sp-e-regiao-ismael-colosi\/"},"img":{"alt_text":"","src":"https:\/\/i0.wp.com\/noticiasribeiraopreto.com.br\/wp-content\/uploads\/2025\/07\/280e56bb-cade-4234-82d5-359324465d48_2025-07-04_19-49-10.webp.webp?fit=768%2C354&ssl=1&resize=350%2C200","width":350,"height":200,"srcset":"https:\/\/i0.wp.com\/noticiasribeiraopreto.com.br\/wp-content\/uploads\/2025\/07\/280e56bb-cade-4234-82d5-359324465d48_2025-07-04_19-49-10.webp.webp?fit=768%2C354&ssl=1&resize=350%2C200 1x, https:\/\/i0.wp.com\/noticiasribeiraopreto.com.br\/wp-content\/uploads\/2025\/07\/280e56bb-cade-4234-82d5-359324465d48_2025-07-04_19-49-10.webp.webp?fit=768%2C354&ssl=1&resize=525%2C300 1.5x, https:\/\/i0.wp.com\/noticiasribeiraopreto.com.br\/wp-content\/uploads\/2025\/07\/280e56bb-cade-4234-82d5-359324465d48_2025-07-04_19-49-10.webp.webp?fit=768%2C354&ssl=1&resize=700%2C400 2x"},"classes":[]},{"id":63157,"url":"https:\/\/noticiasribeiraopreto.com.br\/index.php\/2025\/02\/04\/saude-de-ribeirao-preto-quer-realizar-10-mil-exames-em-4-meses\/","url_meta":{"origin":85190,"position":3},"title":"Sa\u00fade de Ribeir\u00e3o Preto quer realizar 10 mil exames em 4 meses","author":"noticiasribeiraopreto.com.br","date":"4 de February de 2025","format":false,"excerpt":"A Prefeitura de Ribeir\u00e3o Preto lan\u00e7ou o programa \u2018Cuidar Mais\u2018, com o objetivo de zerar a fila de exames de ultrassonografia transvaginal e colonoscopia em apenas quatro meses. O programa foi oficializado nesta ter\u00e7a-feira (4) pelo prefeito Ricardo Silva e pelo secret\u00e1rio municipal da sa\u00fade, Maur\u00edcio Godinho. Com uma fila\u2026","rel":"","context":"In &quot;Not\u00edcias de Ribeir\u00e3o Preto-SP e Regi\u00e3o&quot;","block_context":{"text":"Not\u00edcias de Ribeir\u00e3o Preto-SP e Regi\u00e3o","link":"https:\/\/noticiasribeiraopreto.com.br\/index.php\/category\/noticias-de-ribeirao-preto-sp-e-regiao-ismael-colosi\/"},"img":{"alt_text":"","src":"https:\/\/i0.wp.com\/noticiasribeiraopreto.com.br\/wp-content\/uploads\/2025\/02\/beautiful-female-doctor-sitting-her-office-near-ultrasound-sc_2025-02-04_18-21-03_jpg_2025-02-04_18-21-06-scaled.webp.webp?fit=1200%2C801&ssl=1&resize=350%2C200","width":350,"height":200,"srcset":"https:\/\/i0.wp.com\/noticiasribeiraopreto.com.br\/wp-content\/uploads\/2025\/02\/beautiful-female-doctor-sitting-her-office-near-ultrasound-sc_2025-02-04_18-21-03_jpg_2025-02-04_18-21-06-scaled.webp.webp?fit=1200%2C801&ssl=1&resize=350%2C200 1x, https:\/\/i0.wp.com\/noticiasribeiraopreto.com.br\/wp-content\/uploads\/2025\/02\/beautiful-female-doctor-sitting-her-office-near-ultrasound-sc_2025-02-04_18-21-03_jpg_2025-02-04_18-21-06-scaled.webp.webp?fit=1200%2C801&ssl=1&resize=525%2C300 1.5x, https:\/\/i0.wp.com\/noticiasribeiraopreto.com.br\/wp-content\/uploads\/2025\/02\/beautiful-female-doctor-sitting-her-office-near-ultrasound-sc_2025-02-04_18-21-03_jpg_2025-02-04_18-21-06-scaled.webp.webp?fit=1200%2C801&ssl=1&resize=700%2C400 2x, https:\/\/i0.wp.com\/noticiasribeiraopreto.com.br\/wp-content\/uploads\/2025\/02\/beautiful-female-doctor-sitting-her-office-near-ultrasound-sc_2025-02-04_18-21-03_jpg_2025-02-04_18-21-06-scaled.webp.webp?fit=1200%2C801&ssl=1&resize=1050%2C600 3x"},"classes":[]},{"id":24169,"url":"https:\/\/noticiasribeiraopreto.com.br\/index.php\/2024\/01\/03\/cinco-estados-podem-zerar-fila-de-cirurgias-no-sus\/","url_meta":{"origin":85190,"position":4},"title":"Cinco estados podem zerar fila de cirurgias no SUS\u00a0\u00a0","author":"noticiasribeiraopreto.com.br","date":"3 de January de 2024","format":false,"excerpt":"3 de janeiro de 2024 | 17:003 de janeiro de 2024 | 9:55 0Tocantins, Sergipe, Piau\u00ed, Para\u00edba e Mato Grosso do Sul podem zerar suas filas de cirurgias no Sistema \u00danico de Sa\u00fade (SUS), conforme previs\u00e3o do pr\u00f3prio Minist\u00e9rio da Sa\u00fade. Balan\u00e7o divulgado pela pasta mostra que, at\u00e9 outubro de\u2026","rel":"","context":"In &quot;Not\u00edcias de Ribeir\u00e3o Preto-SP e Regi\u00e3o&quot;","block_context":{"text":"Not\u00edcias de Ribeir\u00e3o Preto-SP e Regi\u00e3o","link":"https:\/\/noticiasribeiraopreto.com.br\/index.php\/category\/noticias-de-ribeirao-preto-sp-e-regiao-ismael-colosi\/"},"img":{"alt_text":"","src":"https:\/\/i0.wp.com\/noticiasribeiraopreto.com.br\/wp-content\/uploads\/2024\/01\/4-filas-scaled.jpg?fit=1000%2C598&ssl=1&resize=350%2C200","width":350,"height":200,"srcset":"https:\/\/i0.wp.com\/noticiasribeiraopreto.com.br\/wp-content\/uploads\/2024\/01\/4-filas-scaled.jpg?fit=1000%2C598&ssl=1&resize=350%2C200 1x, https:\/\/i0.wp.com\/noticiasribeiraopreto.com.br\/wp-content\/uploads\/2024\/01\/4-filas-scaled.jpg?fit=1000%2C598&ssl=1&resize=525%2C300 1.5x, https:\/\/i0.wp.com\/noticiasribeiraopreto.com.br\/wp-content\/uploads\/2024\/01\/4-filas-scaled.jpg?fit=1000%2C598&ssl=1&resize=700%2C400 2x"},"classes":[]},{"id":53867,"url":"https:\/\/noticiasribeiraopreto.com.br\/index.php\/2024\/06\/25\/ribeirao-chega-perto-de-zerar-estoque-de-vacina-contra-dengue-e-faixa-etaria-e-mantida\/","url_meta":{"origin":85190,"position":5},"title":"\u200b\u200bRibeir\u00e3o chega perto de zerar estoque de vacina contra dengue e faixa et\u00e1ria \u00e9 mantida","author":"noticiasribeiraopreto.com.br","date":"25 de June de 2024","format":false,"excerpt":"A vacina\u00e7\u00e3o contra dengue em Ribeir\u00e3o Preto est\u00e1 pr\u00f3xima de atingir a meta de aplicar as 11 mil doses recebidas pelo Minist\u00e9rio da Sa\u00fade, em abril, deste ano. Segundo a Secretaria Municipal da Sa\u00fade, diante do alcance da vacina\u00e7\u00e3o no p\u00fablico-alvo, que \u00e9 de crian\u00e7as e adolescentes de 10 a\u2026","rel":"","context":"In &quot;Not\u00edcias de Ribeir\u00e3o Preto-SP e Regi\u00e3o&quot;","block_context":{"text":"Not\u00edcias de Ribeir\u00e3o Preto-SP e Regi\u00e3o","link":"https:\/\/noticiasribeiraopreto.com.br\/index.php\/category\/noticias-de-ribeirao-preto-sp-e-regiao-ismael-colosi\/"},"img":{"alt_text":"","src":"https:\/\/i0.wp.com\/noticiasribeiraopreto.com.br\/wp-content\/uploads\/2024\/06\/Copia-de-Copia-de-TAMANHO-EXATO-PARA-FOTOS-NO-SISTEMA-NOVO-16_2024-06-25_19-10-16_jpg_2024-06-25_19-10-16.webp.webp?fit=1200%2C675&ssl=1&resize=350%2C200","width":350,"height":200,"srcset":"https:\/\/i0.wp.com\/noticiasribeiraopreto.com.br\/wp-content\/uploads\/2024\/06\/Copia-de-Copia-de-TAMANHO-EXATO-PARA-FOTOS-NO-SISTEMA-NOVO-16_2024-06-25_19-10-16_jpg_2024-06-25_19-10-16.webp.webp?fit=1200%2C675&ssl=1&resize=350%2C200 1x, https:\/\/i0.wp.com\/noticiasribeiraopreto.com.br\/wp-content\/uploads\/2024\/06\/Copia-de-Copia-de-TAMANHO-EXATO-PARA-FOTOS-NO-SISTEMA-NOVO-16_2024-06-25_19-10-16_jpg_2024-06-25_19-10-16.webp.webp?fit=1200%2C675&ssl=1&resize=525%2C300 1.5x, https:\/\/i0.wp.com\/noticiasribeiraopreto.com.br\/wp-content\/uploads\/2024\/06\/Copia-de-Copia-de-TAMANHO-EXATO-PARA-FOTOS-NO-SISTEMA-NOVO-16_2024-06-25_19-10-16_jpg_2024-06-25_19-10-16.webp.webp?fit=1200%2C675&ssl=1&resize=700%2C400 2x, https:\/\/i0.wp.com\/noticiasribeiraopreto.com.br\/wp-content\/uploads\/2024\/06\/Copia-de-Copia-de-TAMANHO-EXATO-PARA-FOTOS-NO-SISTEMA-NOVO-16_2024-06-25_19-10-16_jpg_2024-06-25_19-10-16.webp.webp?fit=1200%2C675&ssl=1&resize=1050%2C600 3x"},"classes":[]}],"jetpack_sharing_enabled":true,"jetpack_shortlink":"https:\/\/wp.me\/peQAOb-ma2","_links":{"self":[{"href":"https:\/\/noticiasribeiraopreto.com.br\/index.php\/wp-json\/wp\/v2\/posts\/85190","targetHints":{"allow":["GET"]}}],"collection":[{"href":"https:\/\/noticiasribeiraopreto.com.br\/index.php\/wp-json\/wp\/v2\/posts"}],"about":[{"href":"https:\/\/noticiasribeiraopreto.com.br\/index.php\/wp-json\/wp\/v2\/types\/post"}],"author":[{"embeddable":true,"href":"https:\/\/noticiasribeiraopreto.com.br\/index.php\/wp-json\/wp\/v2\/users\/1"}],"replies":[{"embeddable":true,"href":"https:\/\/noticiasribeiraopreto.com.br\/index.php\/wp-json\/wp\/v2\/comments?post=85190"}],"version-history":[{"count":0,"href":"https:\/\/noticiasribeiraopreto.com.br\/index.php\/wp-json\/wp\/v2\/posts\/85190\/revisions"}],"wp:featuredmedia":[{"embeddable":true,"href":"https:\/\/noticiasribeiraopreto.com.br\/index.php\/wp-json\/wp\/v2\/media\/85191"}],"wp:attachment":[{"href":"https:\/\/noticiasribeiraopreto.com.br\/index.php\/wp-json\/wp\/v2\/media?parent=85190"}],"wp:term":[{"taxonomy":"category","embeddable":true,"href":"https:\/\/noticiasribeiraopreto.com.br\/index.php\/wp-json\/wp\/v2\/categories?post=85190"},{"taxonomy":"post_tag","embeddable":true,"href":"https:\/\/noticiasribeiraopreto.com.br\/index.php\/wp-json\/wp\/v2\/tags?post=85190"}],"curies":[{"name":"wp","href":"https:\/\/api.w.org\/{rel}","templated":true}]}}