{"id":85224,"date":"2026-04-25T08:35:15","date_gmt":"2026-04-25T11:35:15","guid":{"rendered":"https:\/\/noticiasribeiraopreto.com.br\/index.php\/2026\/04\/25\/escola-seb-portugal-realiza-mostra-de-artes-aberta-ao-publico\/"},"modified":"2026-04-25T08:35:15","modified_gmt":"2026-04-25T11:35:15","slug":"escola-seb-portugal-realiza-mostra-de-artes-aberta-ao-publico","status":"publish","type":"post","link":"https:\/\/noticiasribeiraopreto.com.br\/index.php\/2026\/04\/25\/escola-seb-portugal-realiza-mostra-de-artes-aberta-ao-publico\/","title":{"rendered":"Escola SEB Portugal realiza mostra de artes aberta ao p\u00fablico &#8211; THMais"},"content":{"rendered":"<div class='code-block code-block-1' style='margin: 8px 0 8px auto; text-align: right; display: block; clear: both;'>\n<p><a href=\"https:\/\/wa.link\/vpicfd\"><img data-recalc-dims=\"1\" class=\"wp-image-4922\" style=\"aspect-ratio: 2.0253164556962027; width: 561px; height: auto;\" src=\"https:\/\/i0.wp.com\/ismaelcolosi.com.br\/wp-content\/uploads\/2023\/11\/grupo-de-empregos-whatsapp-e-facebook-ismael-colosi-vagas.jpg?ssl=1\" alt=\"\" \/><\/a><\/p>\n<!-- \/wp:image -->\n<\/div>\n<p> <br \/>\n<\/p>\n<div data-td-block-uid=\"tdi_144\">\n<div class=\"tdb-block-inner td-fix-index\">\n<p>A Escola SEB Portugal Bil\u00edngue realiza neste s\u00e1bado (25), das 9h \u00e0s 12h, sua mostra de artes totalmente gratuita e aberta ao p\u00fablico. A Vivenciarte, que acontece no Instituto SEB, no Centro de Ribeir\u00e3o Preto, ter\u00e1 apresenta\u00e7\u00f5es de dan\u00e7a e m\u00fasica, exposi\u00e7\u00e3o art\u00edstica e cultural, oficinas no Espa\u00e7o Crian\u00e7a e recrea\u00e7\u00e3o.<\/p>\n<p>\u201cSer\u00e1 um encontro para prestigiar as produ\u00e7\u00f5es dos nossos alunos, viver momentos de arte e cultura e acompanhar apresenta\u00e7\u00f5es preparadas com carinho, talento e dedica\u00e7\u00e3o. A proposta \u00e9 proporcionar viv\u00eancias significativas, ampliar repert\u00f3rios e fortalecer experi\u00eancias que unem express\u00e3o, aprendizagem e participa\u00e7\u00e3o da comunidade escolar\u201d, diz Luciana Ridolfo, diretora da Escola SEB Portugal Bil\u00edngue.<\/p>\n<p>Tamb\u00e9m durante a mostra, a Escola ir\u00e1 dar in\u00edcio \u00e0 campanha de doa\u00e7\u00f5es em homenagem ao Dia das M\u00e3es. Ser\u00e3o arrecadados itens de higiene e autocuidado para m\u00e3es e gestantes em situa\u00e7\u00e3o de vulnerabilidade social.<\/p>\n<p>Interessados podem doar absorventes \u00edntimos, sabonetes \u00edntimos ou neutros, shampoo, condicionador, hidratante corporal, desodorante, escova e creme dental e len\u00e7o umedecido. Todos os itens devem ser novos, lacrados e dentro do prazo de validade. O material ser\u00e1 encaminhado para institui\u00e7\u00f5es parceiras de Ribeir\u00e3o Preto.<\/p>\n<h2>Servi\u00e7o Vivenciarte<\/h2>\n<p><strong>Data:<\/strong> 25 de abril<br \/><strong>Hor\u00e1rio:<\/strong> 9h \u00e0s 12h<br \/><strong>Endere\u00e7o:<\/strong> Instituto SEB \u2013 Rua Mariana Junqueira, 33 \u2013 Centro, Ribeir\u00e3o Preto.<br \/><strong>Entrada gratuita<\/strong><\/p>\n<\/div>\n<\/div>\n<p><br \/>\n<br \/><a href=\"https:\/\/thmais.com.br\/cidades\/ribeirao-preto\/escola-seb-portugal-realiza-mostra-de-artes-aberta-ao-publico\/\">Link para o texto original <\/a><\/p>\n<!-- CONTENT END 1 -->\n","protected":false},"excerpt":{"rendered":"<p>A Escola SEB Portugal Bil\u00edngue realiza neste s\u00e1bado (25), das 9h \u00e0s 12h, sua mostra de artes totalmente gratuita e aberta ao p\u00fablico. A Vivenciarte,&#8230;<\/p>\n","protected":false},"author":1,"featured_media":85225,"comment_status":"","ping_status":"","sticky":false,"template":"","format":"standard","meta":{"advanced_seo_description":"","jetpack_seo_html_title":"","jetpack_seo_noindex":false,"jetpack_post_was_ever_published":false,"_jetpack_newsletter_access":"","_jetpack_dont_email_post_to_subs":false,"_jetpack_newsletter_tier_id":0,"_jetpack_memberships_contains_paywalled_content":false,"_jetpack_memberships_contains_paid_content":false,"footnotes":"","jetpack_publicize_message":"","jetpack_publicize_feature_enabled":true,"jetpack_social_post_already_shared":true,"jetpack_social_options":{"image_generator_settings":{"template":"highway","default_image_id":0,"font":"","enabled":false},"version":2}},"categories":[11],"tags":[5615,6464,1898,2737,6463,282,415,6462,6443],"class_list":["post-85224","post","type-post","status-publish","format-standard","has-post-thumbnail","hentry","category-noticias-de-ribeirao-preto-sp-e-regiao-ismael-colosi","tag-aberta","tag-artes","tag-escola","tag-mostra","tag-portugal","tag-publico","tag-realiza","tag-seb","tag-thmais"],"jetpack_publicize_connections":[],"jetpack_featured_media_url":"https:\/\/i0.wp.com\/noticiasribeiraopreto.com.br\/wp-content\/uploads\/2026\/04\/WhatsApp-Image-2026-04-24-at-14.23.27-1.jpeg?fit=1600%2C1203&ssl=1","jetpack-related-posts":[{"id":85266,"url":"https:\/\/noticiasribeiraopreto.com.br\/index.php\/2026\/04\/27\/grupo-educacional-seb-articula-criacao-de-faculdade-de-agronegocio-em-abu-dhabi\/","url_meta":{"origin":85224,"position":0},"title":"Grupo educacional SEB articula cria\u00e7\u00e3o de faculdade de agroneg\u00f3cio em Abu Dhabi &#8211; THMais","author":"noticiasribeiraopreto.com.br","date":"27 de April de 2026","format":false,"excerpt":"O grupo educacional brasileiro SEB negocia com o governo de Abu Dhabi a abertura de uma unidade da Harven Agribusiness School, com foco em agroneg\u00f3cio, e intensificou as tratativas ap\u00f3s o agravamento da guerra no Oriente M\u00e9dio. O projeto envolve investimento estimado em US$ 100 milh\u00f5es e previs\u00e3o de funcionamento\u2026","rel":"","context":"In &quot;Not\u00edcias de Ribeir\u00e3o Preto-SP e Regi\u00e3o&quot;","block_context":{"text":"Not\u00edcias de Ribeir\u00e3o Preto-SP e Regi\u00e3o","link":"https:\/\/noticiasribeiraopreto.com.br\/index.php\/category\/noticias-de-ribeirao-preto-sp-e-regiao-ismael-colosi\/"},"img":{"alt_text":"","src":"https:\/\/i0.wp.com\/noticiasribeiraopreto.com.br\/wp-content\/uploads\/2026\/04\/chain.png?fit=990%2C619&ssl=1&resize=350%2C200","width":350,"height":200,"srcset":"https:\/\/i0.wp.com\/noticiasribeiraopreto.com.br\/wp-content\/uploads\/2026\/04\/chain.png?fit=990%2C619&ssl=1&resize=350%2C200 1x, https:\/\/i0.wp.com\/noticiasribeiraopreto.com.br\/wp-content\/uploads\/2026\/04\/chain.png?fit=990%2C619&ssl=1&resize=525%2C300 1.5x, https:\/\/i0.wp.com\/noticiasribeiraopreto.com.br\/wp-content\/uploads\/2026\/04\/chain.png?fit=990%2C619&ssl=1&resize=700%2C400 2x"},"classes":[]},{"id":71682,"url":"https:\/\/noticiasribeiraopreto.com.br\/index.php\/2025\/06\/09\/jornal-da-franca-escola-de-franca-promove-evento-artistico-para-celebrar-a-diversidade-do-brasil\/","url_meta":{"origin":85224,"position":1},"title":"Jornal da Franca &#8211; Escola de Franca promove evento art\u00edstico para celebrar a diversidade do Brasil","author":"noticiasribeiraopreto.com.br","date":"9 de June de 2025","format":false,"excerpt":"compartilhar no whatsapp compartilhar no telegram compartilhar no facebook compartilhar no linkedin Evento gratuito da EMEB Aldo Prata re\u00fane mais de 550 alunos em apresenta\u00e7\u00f5es que exaltam as ra\u00edzes culturais do Brasil Mostra CulturALDO ser\u00e1 aberta ao p\u00fablico com apresenta\u00e7\u00f5es nos per\u00edodos da manh\u00e3 e tarde \u2013 foto Arquivo \u00a0\u2026","rel":"","context":"In &quot;Not\u00edcias de Franca-SP&quot;","block_context":{"text":"Not\u00edcias de Franca-SP","link":"https:\/\/noticiasribeiraopreto.com.br\/index.php\/category\/noticias-de-ribeirao-preto-sp-e-regiao-ismael-colosi\/noticias-franca-sp\/"},"img":{"alt_text":"","src":"https:\/\/i0.wp.com\/noticiasribeiraopreto.com.br\/wp-content\/uploads\/2025\/06\/cultura-freepik-scaled.jpg?fit=1200%2C800&ssl=1&resize=350%2C200","width":350,"height":200,"srcset":"https:\/\/i0.wp.com\/noticiasribeiraopreto.com.br\/wp-content\/uploads\/2025\/06\/cultura-freepik-scaled.jpg?fit=1200%2C800&ssl=1&resize=350%2C200 1x, https:\/\/i0.wp.com\/noticiasribeiraopreto.com.br\/wp-content\/uploads\/2025\/06\/cultura-freepik-scaled.jpg?fit=1200%2C800&ssl=1&resize=525%2C300 1.5x, https:\/\/i0.wp.com\/noticiasribeiraopreto.com.br\/wp-content\/uploads\/2025\/06\/cultura-freepik-scaled.jpg?fit=1200%2C800&ssl=1&resize=700%2C400 2x, https:\/\/i0.wp.com\/noticiasribeiraopreto.com.br\/wp-content\/uploads\/2025\/06\/cultura-freepik-scaled.jpg?fit=1200%2C800&ssl=1&resize=1050%2C600 3x"},"classes":[]},{"id":73029,"url":"https:\/\/noticiasribeiraopreto.com.br\/index.php\/2025\/06\/24\/confessionario-tribuna-ribeirao-35\/","url_meta":{"origin":85224,"position":2},"title":"Confession\u00e1rio &#8211; Tribuna Ribeir\u00e3o","author":"noticiasribeiraopreto.com.br","date":"24 de June de 2025","format":false,"excerpt":"24 de junho de 2025 10:094 Compartilhar0 Em terras cearenses Chaim Zaher, empres\u00e1rio e fundador do Grupo SEB, ser\u00e1 Conselheiro Pedag\u00f3gico do Ensino Fundamental da TreeHouse, escola bil\u00edngue em Fortaleza (CE). A nova etapa est\u00e1 prevista para ter in\u00edcio em janeiro de 2026. Na \u00e1rea bilingue, Zaher possui a experi\u00eancia\u2026","rel":"","context":"In &quot;Not\u00edcias de Ribeir\u00e3o Preto-SP e Regi\u00e3o&quot;","block_context":{"text":"Not\u00edcias de Ribeir\u00e3o Preto-SP e Regi\u00e3o","link":"https:\/\/noticiasribeiraopreto.com.br\/index.php\/category\/noticias-de-ribeirao-preto-sp-e-regiao-ismael-colosi\/"},"img":{"alt_text":"","src":"https:\/\/i0.wp.com\/noticiasribeiraopreto.com.br\/wp-content\/uploads\/2025\/06\/timeline-educacao-bilingue-scaled.jpg?fit=800%2C418&ssl=1&resize=350%2C200","width":350,"height":200,"srcset":"https:\/\/i0.wp.com\/noticiasribeiraopreto.com.br\/wp-content\/uploads\/2025\/06\/timeline-educacao-bilingue-scaled.jpg?fit=800%2C418&ssl=1&resize=350%2C200 1x, https:\/\/i0.wp.com\/noticiasribeiraopreto.com.br\/wp-content\/uploads\/2025\/06\/timeline-educacao-bilingue-scaled.jpg?fit=800%2C418&ssl=1&resize=525%2C300 1.5x, https:\/\/i0.wp.com\/noticiasribeiraopreto.com.br\/wp-content\/uploads\/2025\/06\/timeline-educacao-bilingue-scaled.jpg?fit=800%2C418&ssl=1&resize=700%2C400 2x"},"classes":[]},{"id":53697,"url":"https:\/\/noticiasribeiraopreto.com.br\/index.php\/2024\/06\/22\/bicampeao-da-champions-league-realiza-intercambio-com-botafogo-veja-como-participar\/","url_meta":{"origin":85224,"position":3},"title":"Bicampe\u00e3o da Champions League realiza interc\u00e2mbio com Botafogo; Veja como participar","author":"noticiasribeiraopreto.com.br","date":"22 de June de 2024","format":false,"excerpt":"O Botafogo FC fechou uma parceria com o FC Porto, de Portugal, clube bicampe\u00e3o da Champions League, para realiza\u00e7\u00e3o de um interc\u00e2mbio com sua escola de futebol ao longo dos pr\u00f3ximos meses. A primeira etapa ser\u00e1 em julho. De acordo com o Botafogo FC, respons\u00e1vel pela administra\u00e7\u00e3o da escolinha do\u2026","rel":"","context":"In &quot;Not\u00edcias de Ribeir\u00e3o Preto-SP e Regi\u00e3o&quot;","block_context":{"text":"Not\u00edcias de Ribeir\u00e3o Preto-SP e Regi\u00e3o","link":"https:\/\/noticiasribeiraopreto.com.br\/index.php\/category\/noticias-de-ribeirao-preto-sp-e-regiao-ismael-colosi\/"},"img":{"alt_text":"","src":"https:\/\/i0.wp.com\/noticiasribeiraopreto.com.br\/wp-content\/uploads\/2024\/06\/AnyConv.com__porto_2024-06-22_20-51-17-scaled.webp.webp?fit=1200%2C800&ssl=1&resize=350%2C200","width":350,"height":200,"srcset":"https:\/\/i0.wp.com\/noticiasribeiraopreto.com.br\/wp-content\/uploads\/2024\/06\/AnyConv.com__porto_2024-06-22_20-51-17-scaled.webp.webp?fit=1200%2C800&ssl=1&resize=350%2C200 1x, https:\/\/i0.wp.com\/noticiasribeiraopreto.com.br\/wp-content\/uploads\/2024\/06\/AnyConv.com__porto_2024-06-22_20-51-17-scaled.webp.webp?fit=1200%2C800&ssl=1&resize=525%2C300 1.5x, https:\/\/i0.wp.com\/noticiasribeiraopreto.com.br\/wp-content\/uploads\/2024\/06\/AnyConv.com__porto_2024-06-22_20-51-17-scaled.webp.webp?fit=1200%2C800&ssl=1&resize=700%2C400 2x, https:\/\/i0.wp.com\/noticiasribeiraopreto.com.br\/wp-content\/uploads\/2024\/06\/AnyConv.com__porto_2024-06-22_20-51-17-scaled.webp.webp?fit=1200%2C800&ssl=1&resize=1050%2C600 3x"},"classes":[]},{"id":74529,"url":"https:\/\/noticiasribeiraopreto.com.br\/index.php\/2025\/07\/24\/ribeirao-preto-recebe-a-18a-edicao-da-mostra-de-performance-verbo\/","url_meta":{"origin":85224,"position":4},"title":"Ribeir\u00e3o Preto recebe a 18\u00aa edi\u00e7\u00e3o da mostra de performance Verbo","author":"noticiasribeiraopreto.com.br","date":"24 de July de 2025","format":false,"excerpt":"Ribeir\u00e3o Preto recebe nos dias 25 e 26 de julho, a 18\u00aa edi\u00e7\u00e3o da Verbo \u2013 Mostra de Performance Arte. A mostra tem entrada gratuita e acontece no Espa\u00e7o Escada, que fica na rua Campos Salles, 315, no Centro. O p\u00fablico poder\u00e1 acompanhar apresenta\u00e7\u00f5es de artistas como Renata Martelli e\u2026","rel":"","context":"In &quot;Not\u00edcias de Ribeir\u00e3o Preto-SP e Regi\u00e3o&quot;","block_context":{"text":"Not\u00edcias de Ribeir\u00e3o Preto-SP e Regi\u00e3o","link":"https:\/\/noticiasribeiraopreto.com.br\/index.php\/category\/noticias-de-ribeirao-preto-sp-e-regiao-ismael-colosi\/"},"img":{"alt_text":"","src":"https:\/\/i0.wp.com\/noticiasribeiraopreto.com.br\/wp-content\/uploads\/2025\/07\/verbo-1_2025-07-24_13-43-35.webp.webp?fit=1200%2C800&ssl=1&resize=350%2C200","width":350,"height":200,"srcset":"https:\/\/i0.wp.com\/noticiasribeiraopreto.com.br\/wp-content\/uploads\/2025\/07\/verbo-1_2025-07-24_13-43-35.webp.webp?fit=1200%2C800&ssl=1&resize=350%2C200 1x, https:\/\/i0.wp.com\/noticiasribeiraopreto.com.br\/wp-content\/uploads\/2025\/07\/verbo-1_2025-07-24_13-43-35.webp.webp?fit=1200%2C800&ssl=1&resize=525%2C300 1.5x, https:\/\/i0.wp.com\/noticiasribeiraopreto.com.br\/wp-content\/uploads\/2025\/07\/verbo-1_2025-07-24_13-43-35.webp.webp?fit=1200%2C800&ssl=1&resize=700%2C400 2x, https:\/\/i0.wp.com\/noticiasribeiraopreto.com.br\/wp-content\/uploads\/2025\/07\/verbo-1_2025-07-24_13-43-35.webp.webp?fit=1200%2C800&ssl=1&resize=1050%2C600 3x"},"classes":[]},{"id":73456,"url":"https:\/\/noticiasribeiraopreto.com.br\/index.php\/2025\/07\/02\/projeto-de-artes-marciais-abre-inscricoes-gratuitas-em-ribeirao-preto\/","url_meta":{"origin":85224,"position":5},"title":"Projeto de artes marciais abre inscri\u00e7\u00f5es gratuitas em Ribeir\u00e3o Preto","author":"noticiasribeiraopreto.com.br","date":"2 de July de 2025","format":false,"excerpt":"O projeto Escola Aberta de Artes Marciais recebe inscri\u00e7\u00f5es at\u00e9 sexta-feira (4), \u00e0s 14h. As vagas s\u00e3o para as modalidades de jiu-jitsu e capoeira. As aulas come\u00e7aram nesta semana e acontecem na Escola de Educa\u00e7\u00e3o F\u00edsica e Esporte de Ribeir\u00e3o Preto (EEFERP) da USP, em parceria com o Centro Internacional\u2026","rel":"","context":"In &quot;Not\u00edcias de Ribeir\u00e3o Preto-SP e Regi\u00e3o&quot;","block_context":{"text":"Not\u00edcias de Ribeir\u00e3o Preto-SP e Regi\u00e3o","link":"https:\/\/noticiasribeiraopreto.com.br\/index.php\/category\/noticias-de-ribeirao-preto-sp-e-regiao-ismael-colosi\/"},"img":{"alt_text":"","src":"https:\/\/i0.wp.com\/noticiasribeiraopreto.com.br\/wp-content\/uploads\/2025\/07\/karate-player-performing-karate-stance_2025-07-02_20-35-10.webp.webp?fit=1200%2C800&ssl=1&resize=350%2C200","width":350,"height":200,"srcset":"https:\/\/i0.wp.com\/noticiasribeiraopreto.com.br\/wp-content\/uploads\/2025\/07\/karate-player-performing-karate-stance_2025-07-02_20-35-10.webp.webp?fit=1200%2C800&ssl=1&resize=350%2C200 1x, https:\/\/i0.wp.com\/noticiasribeiraopreto.com.br\/wp-content\/uploads\/2025\/07\/karate-player-performing-karate-stance_2025-07-02_20-35-10.webp.webp?fit=1200%2C800&ssl=1&resize=525%2C300 1.5x, https:\/\/i0.wp.com\/noticiasribeiraopreto.com.br\/wp-content\/uploads\/2025\/07\/karate-player-performing-karate-stance_2025-07-02_20-35-10.webp.webp?fit=1200%2C800&ssl=1&resize=700%2C400 2x, https:\/\/i0.wp.com\/noticiasribeiraopreto.com.br\/wp-content\/uploads\/2025\/07\/karate-player-performing-karate-stance_2025-07-02_20-35-10.webp.webp?fit=1200%2C800&ssl=1&resize=1050%2C600 3x"},"classes":[]}],"jetpack_sharing_enabled":true,"jetpack_shortlink":"https:\/\/wp.me\/peQAOb-maA","_links":{"self":[{"href":"https:\/\/noticiasribeiraopreto.com.br\/index.php\/wp-json\/wp\/v2\/posts\/85224","targetHints":{"allow":["GET"]}}],"collection":[{"href":"https:\/\/noticiasribeiraopreto.com.br\/index.php\/wp-json\/wp\/v2\/posts"}],"about":[{"href":"https:\/\/noticiasribeiraopreto.com.br\/index.php\/wp-json\/wp\/v2\/types\/post"}],"author":[{"embeddable":true,"href":"https:\/\/noticiasribeiraopreto.com.br\/index.php\/wp-json\/wp\/v2\/users\/1"}],"replies":[{"embeddable":true,"href":"https:\/\/noticiasribeiraopreto.com.br\/index.php\/wp-json\/wp\/v2\/comments?post=85224"}],"version-history":[{"count":0,"href":"https:\/\/noticiasribeiraopreto.com.br\/index.php\/wp-json\/wp\/v2\/posts\/85224\/revisions"}],"wp:featuredmedia":[{"embeddable":true,"href":"https:\/\/noticiasribeiraopreto.com.br\/index.php\/wp-json\/wp\/v2\/media\/85225"}],"wp:attachment":[{"href":"https:\/\/noticiasribeiraopreto.com.br\/index.php\/wp-json\/wp\/v2\/media?parent=85224"}],"wp:term":[{"taxonomy":"category","embeddable":true,"href":"https:\/\/noticiasribeiraopreto.com.br\/index.php\/wp-json\/wp\/v2\/categories?post=85224"},{"taxonomy":"post_tag","embeddable":true,"href":"https:\/\/noticiasribeiraopreto.com.br\/index.php\/wp-json\/wp\/v2\/tags?post=85224"}],"curies":[{"name":"wp","href":"https:\/\/api.w.org\/{rel}","templated":true}]}}