{"id":85229,"date":"2026-04-25T08:40:29","date_gmt":"2026-04-25T11:40:29","guid":{"rendered":"https:\/\/noticiasribeiraopreto.com.br\/index.php\/2026\/04\/25\/foto-do-ano-traz-ice-separando-pai-e-filhas\/"},"modified":"2026-04-25T08:40:29","modified_gmt":"2026-04-25T11:40:29","slug":"foto-do-ano-traz-ice-separando-pai-e-filhas","status":"publish","type":"post","link":"https:\/\/noticiasribeiraopreto.com.br\/index.php\/2026\/04\/25\/foto-do-ano-traz-ice-separando-pai-e-filhas\/","title":{"rendered":"Foto do ano traz ICE separando pai e filhas"},"content":{"rendered":"<div class='code-block code-block-1' style='margin: 8px 0 8px auto; text-align: right; display: block; clear: both;'>\n<p><a href=\"https:\/\/wa.link\/vpicfd\"><img data-recalc-dims=\"1\" class=\"wp-image-4922\" style=\"aspect-ratio: 2.0253164556962027; width: 561px; height: auto;\" src=\"https:\/\/i0.wp.com\/ismaelcolosi.com.br\/wp-content\/uploads\/2023\/11\/grupo-de-empregos-whatsapp-e-facebook-ismael-colosi-vagas.jpg?ssl=1\" alt=\"\" \/><\/a><\/p>\n<!-- \/wp:image -->\n<\/div>\n<p> <br \/>\n<\/p>\n<div id=\"\">&#13;<br \/>\n\t\t\t\t\t\t\t\t&#13;<\/p>\n<p>&#13;<br \/>\n\t\t\t\t\t\t\t\t\t<span class=\"entry-meta-item penci-posted-on\"><i class=\"fa fa-clock-o\"\/><time class=\"entry-date published\" datetime=\"2026-04-25T08:39:41-03:00\">25 de abril de 2026 08:39<\/time><time class=\"updated\" datetime=\"2026-04-24T23:32:09-03:00\">24 de abril de 2026 23:32<\/time><\/span><span class=\"entry-meta-item penci-post-countview\"\/>\t\t\t\t\t\t\t\t<\/p>\n<p><!-- .entry-meta -->&#13;<br \/>\n\t\t\t\t\t\t\t\t<span class=\"penci-social-buttons penci-social-share-footer\"><span class=\"penci-social-share-text\">Compartilhar<\/span><a href=\"#\" class=\"penci-post-like penci_post-meta_item  single-like-button penci-social-item like\" data-post_id=\"462070\" title=\"Like\" data-like=\"Like\" data-unlike=\"Unlike\"><i class=\"fa fa-thumbs-o-up\"\/><span class=\"penci-share-number\">0<\/span><\/a><i class=\"fa fa-facebook\"\/><a class=\"penci-social-item twitter\" target=\"_blank\" rel=\"noopener\" title=\"\" href=\"https:\/\/twitter.com\/intent\/tweet?text=Foto%20do%20ano%20traz%20ICE%20separando%20pai%20e%20filhas%20-%20https:\/\/www.tribunaribeirao.com.br\/foto-do-ano-traz-ice-separando-pai-e-filhas\/\"><i class=\"fa fa-twitter\"\/><\/a><i class=\"fa fa-linkedin\"\/><i class=\"fa fa-whatsapp\"\/><i class=\"fa fa-telegram\"\/><i class=\"fa fa-envelope\"\/><\/span>\t\t\t\t\t\t\t<\/div>\n<div>\n<p>A imagem \u201cSeparated by ICE\u201d (\u201cSeparados Pelo ICE\u201d, em tradu\u00e7\u00e3o para o portugu\u00eas), da fotojornalista Carol Guzy, foi escolhida como a Foto do Ano de 2026 do World Press Photo, considerado o principal pr\u00eamio de fotojornalismo do mundo. O resultado foi divulgado na noite de quinta-feira,23 de abril<\/p>\n<p>A fotografia mostra duas meninas agarradas ao pai no momento em que ele \u00e9 detido por agentes do Immigration and Customs Enforcement (ICE), logo ap\u00f3s uma audi\u00eancia de imigra\u00e7\u00e3o em Nova York, nos Estados Unidos. O homem, um migrante equatoriano que vivia no Bronx, n\u00e3o tinha antecedentes criminais, segundo a fam\u00edlia.<\/p>\n<p>A imagem faz parte de um projeto mais amplo que documenta pris\u00f5es realizadas dentro e no entorno de tribunais de imigra\u00e7\u00e3o na cidade. Em 2025, uma mudan\u00e7a nas diretrizes do ICE passou a permitir deten\u00e7\u00f5es em locais antes considerados \u201csens\u00edveis\u201d, como tribunais, escolas e hospitais, o que ampliou o alcance das opera\u00e7\u00f5es.<\/p>\n<p>A nova estrat\u00e9gia levou a um aumento expressivo no n\u00famero de deten\u00e7\u00f5es, incluindo pessoas sem hist\u00f3rico criminal. O trabalho de Guzy evidencia o que o j\u00fari do World Press Photo classificou como o \u201ccusto humano\u201d dessas a\u00e7\u00f5es.<\/p>\n<p>Reconhecida por cobrir crises humanit\u00e1rias e conflitos, Carol Guzy desenvolve projetos documentais de longo prazo nos Estados Unidos e em outros pa\u00edses. Para os organizadores, o trabalho refor\u00e7a o papel do fotojornalismo em expor os impactos de decis\u00f5es governamentais e estimular o debate p\u00fablico sobre temas sens\u00edveis, como a pol\u00edtica migrat\u00f3ria.<\/p>\n<\/div>\n<p><script async src=\"\/\/platform.twitter.com\/widgets.js\" charset=\"utf-8\"><\/script><br \/>\n<br \/><br \/>\n<br \/><a href=\"https:\/\/www.tribunaribeirao.com.br\/foto-do-ano-traz-ice-separando-pai-e-filhas\/\">Texto original daqui <\/a><\/p>\n<!-- CONTENT END 1 -->\n","protected":false},"excerpt":{"rendered":"<p>&#13; &#13; &#13; 25 de abril de 2026 08:3924 de abril de 2026 23:32 &#13; Compartilhar0 A imagem \u201cSeparated by ICE\u201d (\u201cSeparados Pelo ICE\u201d, em&#8230;<\/p>\n","protected":false},"author":1,"featured_media":85230,"comment_status":"","ping_status":"","sticky":false,"template":"","format":"standard","meta":{"advanced_seo_description":"","jetpack_seo_html_title":"","jetpack_seo_noindex":false,"jetpack_post_was_ever_published":false,"_jetpack_newsletter_access":"","_jetpack_dont_email_post_to_subs":false,"_jetpack_newsletter_tier_id":0,"_jetpack_memberships_contains_paywalled_content":false,"_jetpack_memberships_contains_paid_content":false,"footnotes":"","jetpack_publicize_message":"","jetpack_publicize_feature_enabled":true,"jetpack_social_post_already_shared":true,"jetpack_social_options":{"image_generator_settings":{"template":"highway","default_image_id":0,"font":"","enabled":false},"version":2}},"categories":[11],"tags":[681,6469,3566,6467,3194,6468,702],"class_list":["post-85229","post","type-post","status-publish","format-standard","has-post-thumbnail","hentry","category-noticias-de-ribeirao-preto-sp-e-regiao-ismael-colosi","tag-ano","tag-filhas","tag-foto","tag-ice","tag-pai","tag-separando","tag-traz"],"jetpack_publicize_connections":[],"jetpack_featured_media_url":"https:\/\/i0.wp.com\/noticiasribeiraopreto.com.br\/wp-content\/uploads\/2026\/04\/Foto2026-Carol-Guzy-Zuma-Press-World-Press-Photo-2026.jpg?fit=1170%2C700&ssl=1","jetpack-related-posts":[{"id":85204,"url":"https:\/\/noticiasribeiraopreto.com.br\/index.php\/2026\/04\/24\/suspeito-de-feminicidio-e-preso-em-rp\/","url_meta":{"origin":85229,"position":0},"title":"Suspeito de feminic\u00eddio \u00e9 preso em RP","author":"noticiasribeiraopreto.com.br","date":"24 de April de 2026","format":false,"excerpt":"\r Homem foi encontrado com duas facas e com ferimento no bra\u00e7o e teria admitido o crime para policiais militares\r \r 24 de abril de 2026 12:55 \r Compartilhar2 | Por: Adalberto Luque | O principal suspeito do feminic\u00eddio cometido contra a cabeleireira Jeane Ferreira da Silva Funes, morta em\u2026","rel":"","context":"In &quot;Not\u00edcias de Ribeir\u00e3o Preto-SP e Regi\u00e3o&quot;","block_context":{"text":"Not\u00edcias de Ribeir\u00e3o Preto-SP e Regi\u00e3o","link":"https:\/\/noticiasribeiraopreto.com.br\/index.php\/category\/noticias-de-ribeirao-preto-sp-e-regiao-ismael-colosi\/"},"img":{"alt_text":"","src":"https:\/\/i0.wp.com\/noticiasribeiraopreto.com.br\/wp-content\/uploads\/2026\/04\/24-abr-2026-feminicidacabeleireira1-scaled.jpg?fit=1200%2C800&ssl=1&resize=350%2C200","width":350,"height":200,"srcset":"https:\/\/i0.wp.com\/noticiasribeiraopreto.com.br\/wp-content\/uploads\/2026\/04\/24-abr-2026-feminicidacabeleireira1-scaled.jpg?fit=1200%2C800&ssl=1&resize=350%2C200 1x, https:\/\/i0.wp.com\/noticiasribeiraopreto.com.br\/wp-content\/uploads\/2026\/04\/24-abr-2026-feminicidacabeleireira1-scaled.jpg?fit=1200%2C800&ssl=1&resize=525%2C300 1.5x, https:\/\/i0.wp.com\/noticiasribeiraopreto.com.br\/wp-content\/uploads\/2026\/04\/24-abr-2026-feminicidacabeleireira1-scaled.jpg?fit=1200%2C800&ssl=1&resize=700%2C400 2x, https:\/\/i0.wp.com\/noticiasribeiraopreto.com.br\/wp-content\/uploads\/2026\/04\/24-abr-2026-feminicidacabeleireira1-scaled.jpg?fit=1200%2C800&ssl=1&resize=1050%2C600 3x"},"classes":[]},{"id":25039,"url":"https:\/\/noticiasribeiraopreto.com.br\/index.php\/2024\/01\/05\/com-menos-de-1-ano-de-idade-filha-de-viih-tube-ja-tem-presente-dos-15-garantido-saiba-qual\/","url_meta":{"origin":85229,"position":1},"title":"Com menos de 1 ano de idade, filha de Viih Tube j\u00e1 tem presente dos 15 garantido; saiba qual","author":"noticiasribeiraopreto.com.br","date":"5 de January de 2024","format":false,"excerpt":"Alguns pais consideram importantes a comemora\u00e7\u00e3o e presentes especiais em algumas idades espec\u00edficas. Para as meninas, os t\u00e3o sonhados 15 anos para os pais \u00e9 motivo de preparar aquele fest\u00e3o.J\u00e1 outros, pensam desde o primeiro momento do filho na barriga um presente especial. Como fez a influenciadora digital Viih Tube,\u2026","rel":"","context":"In &quot;Blog&quot;","block_context":{"text":"Blog","link":"https:\/\/noticiasribeiraopreto.com.br\/index.php\/category\/blog\/"},"img":{"alt_text":"","src":"https:\/\/i0.wp.com\/noticiasribeiraopreto.com.br\/wp-content\/uploads\/2024\/01\/postimg-65984872b936e7404.jpg?fit=1200%2C628&ssl=1&resize=350%2C200","width":350,"height":200,"srcset":"https:\/\/i0.wp.com\/noticiasribeiraopreto.com.br\/wp-content\/uploads\/2024\/01\/postimg-65984872b936e7404.jpg?fit=1200%2C628&ssl=1&resize=350%2C200 1x, https:\/\/i0.wp.com\/noticiasribeiraopreto.com.br\/wp-content\/uploads\/2024\/01\/postimg-65984872b936e7404.jpg?fit=1200%2C628&ssl=1&resize=525%2C300 1.5x, https:\/\/i0.wp.com\/noticiasribeiraopreto.com.br\/wp-content\/uploads\/2024\/01\/postimg-65984872b936e7404.jpg?fit=1200%2C628&ssl=1&resize=700%2C400 2x, https:\/\/i0.wp.com\/noticiasribeiraopreto.com.br\/wp-content\/uploads\/2024\/01\/postimg-65984872b936e7404.jpg?fit=1200%2C628&ssl=1&resize=1050%2C600 3x"},"classes":[]},{"id":25968,"url":"https:\/\/noticiasribeiraopreto.com.br\/index.php\/2024\/01\/08\/xanddy-aparece-em-clima-descontraido-com-namorada-da-filha-apos-familia-ser-alvo-de-boatos\/","url_meta":{"origin":85229,"position":2},"title":"Xanddy aparece em clima descontra\u00eddo com namorada da filha ap\u00f3s fam\u00edlia ser alvo de boatos","author":"noticiasribeiraopreto.com.br","date":"8 de January de 2024","format":false,"excerpt":"Ao longo do ano passado, Camilly Vict\u00f3ria, filha de Xanddy e Carla Perez, foi alvo de uma s\u00e9rie de boatos. A fam\u00edlia toda foi alvo de uma s\u00e9rie de not\u00edcias falsas que tinham a orienta\u00e7\u00e3o sexual da jovem como ponto de partida.Isso porque Camilly estava se relacionando com uma jovem,\u2026","rel":"","context":"In &quot;Blog&quot;","block_context":{"text":"Blog","link":"https:\/\/noticiasribeiraopreto.com.br\/index.php\/category\/blog\/"},"img":{"alt_text":"","src":"https:\/\/i0.wp.com\/noticiasribeiraopreto.com.br\/wp-content\/uploads\/2024\/01\/postimg-659c895d3d8e79729.jpg?fit=1200%2C628&ssl=1&resize=350%2C200","width":350,"height":200,"srcset":"https:\/\/i0.wp.com\/noticiasribeiraopreto.com.br\/wp-content\/uploads\/2024\/01\/postimg-659c895d3d8e79729.jpg?fit=1200%2C628&ssl=1&resize=350%2C200 1x, https:\/\/i0.wp.com\/noticiasribeiraopreto.com.br\/wp-content\/uploads\/2024\/01\/postimg-659c895d3d8e79729.jpg?fit=1200%2C628&ssl=1&resize=525%2C300 1.5x, https:\/\/i0.wp.com\/noticiasribeiraopreto.com.br\/wp-content\/uploads\/2024\/01\/postimg-659c895d3d8e79729.jpg?fit=1200%2C628&ssl=1&resize=700%2C400 2x, https:\/\/i0.wp.com\/noticiasribeiraopreto.com.br\/wp-content\/uploads\/2024\/01\/postimg-659c895d3d8e79729.jpg?fit=1200%2C628&ssl=1&resize=1050%2C600 3x"},"classes":[]},{"id":85194,"url":"https:\/\/noticiasribeiraopreto.com.br\/index.php\/2026\/04\/24\/video-idoso-e-assaltado-quando-se-preparava-para-assar-paes\/","url_meta":{"origin":85229,"position":3},"title":"V\u00cdDEO &#8211; Idoso \u00e9 assaltado quando se preparava para assar p\u00e3es","author":"noticiasribeiraopreto.com.br","date":"24 de April de 2026","format":false,"excerpt":"\r \r \r Homem estava preparando os produtos para vender em sua padaria quando foi rendido por dois assaltantes, um deles armado\r \r 24 de abril de 2026 10:36 \r Compartilhar0 \r | Por: Adalberto Luque | Um comerciante de 70 anos foi v\u00edtima de um assalto, na madrugada desta\u2026","rel":"","context":"In &quot;Not\u00edcias de Ribeir\u00e3o Preto-SP e Regi\u00e3o&quot;","block_context":{"text":"Not\u00edcias de Ribeir\u00e3o Preto-SP e Regi\u00e3o","link":"https:\/\/noticiasribeiraopreto.com.br\/index.php\/category\/noticias-de-ribeirao-preto-sp-e-regiao-ismael-colosi\/"},"img":{"alt_text":"","src":"https:\/\/i0.wp.com\/noticiasribeiraopreto.com.br\/wp-content\/uploads\/2026\/04\/24-abr-2026-assaltoidoso.jpg?fit=1134%2C673&ssl=1&resize=350%2C200","width":350,"height":200,"srcset":"https:\/\/i0.wp.com\/noticiasribeiraopreto.com.br\/wp-content\/uploads\/2026\/04\/24-abr-2026-assaltoidoso.jpg?fit=1134%2C673&ssl=1&resize=350%2C200 1x, https:\/\/i0.wp.com\/noticiasribeiraopreto.com.br\/wp-content\/uploads\/2026\/04\/24-abr-2026-assaltoidoso.jpg?fit=1134%2C673&ssl=1&resize=525%2C300 1.5x, https:\/\/i0.wp.com\/noticiasribeiraopreto.com.br\/wp-content\/uploads\/2026\/04\/24-abr-2026-assaltoidoso.jpg?fit=1134%2C673&ssl=1&resize=700%2C400 2x, https:\/\/i0.wp.com\/noticiasribeiraopreto.com.br\/wp-content\/uploads\/2026\/04\/24-abr-2026-assaltoidoso.jpg?fit=1134%2C673&ssl=1&resize=1050%2C600 3x"},"classes":[]},{"id":26008,"url":"https:\/\/noticiasribeiraopreto.com.br\/index.php\/2024\/01\/08\/aos-46-anos-carla-perez-publica-nova-foto-e-deixa-fas-empolgados-vem-um-bebe-ai\/","url_meta":{"origin":85229,"position":4},"title":"Aos 46 anos, Carla Perez publica nova foto e deixa f\u00e3s empolgados: &#8216;Vem um beb\u00ea a\u00ed?&#8217;","author":"noticiasribeiraopreto.com.br","date":"8 de January de 2024","format":false,"excerpt":"Aos 46 anos de idade, a renomada dan\u00e7arina Carla Perez gerou especula\u00e7\u00f5es sobre uma poss\u00edvel gravidez ao compartilhar uma foto ao lado de seu marido, Xanddy, durante a virada do ano.Na imagem que chamou aten\u00e7\u00e3o dos f\u00e3s, o cantor apareceu com a m\u00e3o na barriga dela, o que levou questionamentos\u2026","rel":"","context":"In &quot;Blog&quot;","block_context":{"text":"Blog","link":"https:\/\/noticiasribeiraopreto.com.br\/index.php\/category\/blog\/"},"img":{"alt_text":"","src":"https:\/\/i0.wp.com\/noticiasribeiraopreto.com.br\/wp-content\/uploads\/2024\/01\/postimg-659c9387155509830.jpg?fit=1200%2C628&ssl=1&resize=350%2C200","width":350,"height":200,"srcset":"https:\/\/i0.wp.com\/noticiasribeiraopreto.com.br\/wp-content\/uploads\/2024\/01\/postimg-659c9387155509830.jpg?fit=1200%2C628&ssl=1&resize=350%2C200 1x, https:\/\/i0.wp.com\/noticiasribeiraopreto.com.br\/wp-content\/uploads\/2024\/01\/postimg-659c9387155509830.jpg?fit=1200%2C628&ssl=1&resize=525%2C300 1.5x, https:\/\/i0.wp.com\/noticiasribeiraopreto.com.br\/wp-content\/uploads\/2024\/01\/postimg-659c9387155509830.jpg?fit=1200%2C628&ssl=1&resize=700%2C400 2x, https:\/\/i0.wp.com\/noticiasribeiraopreto.com.br\/wp-content\/uploads\/2024\/01\/postimg-659c9387155509830.jpg?fit=1200%2C628&ssl=1&resize=1050%2C600 3x"},"classes":[]},{"id":79199,"url":"https:\/\/noticiasribeiraopreto.com.br\/index.php\/2025\/10\/27\/pai-e-suspeito-de-matar-filha-com-mais-de-30-golpes-na-cabeca\/","url_meta":{"origin":85229,"position":5},"title":"Pai \u00e9 suspeito de matar filha com mais de 30 golpes na cabe\u00e7a","author":"noticiasribeiraopreto.com.br","date":"27 de October de 2025","format":false,"excerpt":"Homem foi preso em flagrante ap\u00f3s o crime, mas permaneceu em sil\u00eancio e n\u00e3o falou sobre o caso 27 de outubro de 2025 11:0527 de outubro de 2025 11:065 Compartilhar0 Por: Adalberto Luque Um homem de 77 anos foi preso, na noite deste domingo, 26 de outubro, suspeito de matar\u2026","rel":"","context":"In &quot;Not\u00edcias de Ribeir\u00e3o Preto-SP e Regi\u00e3o&quot;","block_context":{"text":"Not\u00edcias de Ribeir\u00e3o Preto-SP e Regi\u00e3o","link":"https:\/\/noticiasribeiraopreto.com.br\/index.php\/category\/noticias-de-ribeirao-preto-sp-e-regiao-ismael-colosi\/"},"img":{"alt_text":"","src":"https:\/\/i0.wp.com\/noticiasribeiraopreto.com.br\/wp-content\/uploads\/2025\/10\/27-out-2025-paimatafilha2.jpg?fit=969%2C576&ssl=1&resize=350%2C200","width":350,"height":200,"srcset":"https:\/\/i0.wp.com\/noticiasribeiraopreto.com.br\/wp-content\/uploads\/2025\/10\/27-out-2025-paimatafilha2.jpg?fit=969%2C576&ssl=1&resize=350%2C200 1x, https:\/\/i0.wp.com\/noticiasribeiraopreto.com.br\/wp-content\/uploads\/2025\/10\/27-out-2025-paimatafilha2.jpg?fit=969%2C576&ssl=1&resize=525%2C300 1.5x, https:\/\/i0.wp.com\/noticiasribeiraopreto.com.br\/wp-content\/uploads\/2025\/10\/27-out-2025-paimatafilha2.jpg?fit=969%2C576&ssl=1&resize=700%2C400 2x"},"classes":[]}],"jetpack_sharing_enabled":true,"jetpack_shortlink":"https:\/\/wp.me\/peQAOb-maF","_links":{"self":[{"href":"https:\/\/noticiasribeiraopreto.com.br\/index.php\/wp-json\/wp\/v2\/posts\/85229","targetHints":{"allow":["GET"]}}],"collection":[{"href":"https:\/\/noticiasribeiraopreto.com.br\/index.php\/wp-json\/wp\/v2\/posts"}],"about":[{"href":"https:\/\/noticiasribeiraopreto.com.br\/index.php\/wp-json\/wp\/v2\/types\/post"}],"author":[{"embeddable":true,"href":"https:\/\/noticiasribeiraopreto.com.br\/index.php\/wp-json\/wp\/v2\/users\/1"}],"replies":[{"embeddable":true,"href":"https:\/\/noticiasribeiraopreto.com.br\/index.php\/wp-json\/wp\/v2\/comments?post=85229"}],"version-history":[{"count":0,"href":"https:\/\/noticiasribeiraopreto.com.br\/index.php\/wp-json\/wp\/v2\/posts\/85229\/revisions"}],"wp:featuredmedia":[{"embeddable":true,"href":"https:\/\/noticiasribeiraopreto.com.br\/index.php\/wp-json\/wp\/v2\/media\/85230"}],"wp:attachment":[{"href":"https:\/\/noticiasribeiraopreto.com.br\/index.php\/wp-json\/wp\/v2\/media?parent=85229"}],"wp:term":[{"taxonomy":"category","embeddable":true,"href":"https:\/\/noticiasribeiraopreto.com.br\/index.php\/wp-json\/wp\/v2\/categories?post=85229"},{"taxonomy":"post_tag","embeddable":true,"href":"https:\/\/noticiasribeiraopreto.com.br\/index.php\/wp-json\/wp\/v2\/tags?post=85229"}],"curies":[{"name":"wp","href":"https:\/\/api.w.org\/{rel}","templated":true}]}}