{"id":85242,"date":"2026-04-26T09:05:32","date_gmt":"2026-04-26T12:05:32","guid":{"rendered":"https:\/\/noticiasribeiraopreto.com.br\/index.php\/2026\/04\/26\/uso-de-ia-para-desinformar-aumenta\/"},"modified":"2026-04-26T09:05:32","modified_gmt":"2026-04-26T12:05:32","slug":"uso-de-ia-para-desinformar-aumenta","status":"publish","type":"post","link":"https:\/\/noticiasribeiraopreto.com.br\/index.php\/2026\/04\/26\/uso-de-ia-para-desinformar-aumenta\/","title":{"rendered":"Uso de IA para desinformar aumenta"},"content":{"rendered":"<div class='code-block code-block-1' style='margin: 8px 0 8px auto; text-align: right; display: block; clear: both;'>\n<p><a href=\"https:\/\/wa.link\/vpicfd\"><img data-recalc-dims=\"1\" class=\"wp-image-4922\" style=\"aspect-ratio: 2.0253164556962027; width: 561px; height: auto;\" src=\"https:\/\/i0.wp.com\/ismaelcolosi.com.br\/wp-content\/uploads\/2023\/11\/grupo-de-empregos-whatsapp-e-facebook-ismael-colosi-vagas.jpg?ssl=1\" alt=\"\" \/><\/a><\/p>\n<!-- \/wp:image -->\n<\/div>\n<p> <br \/>\n<\/p>\n<div>\n<p>O rosto \u00e9 igual. A voz, tamb\u00e9m. Mas a informa\u00e7\u00e3o \u00e9 suspeita. As ferramentas de intelig\u00eancia artificial (IA) elevaram a necessidade de desconfian\u00e7a dos conte\u00fados que as pessoas recebem, como em nenhum outro momento da hist\u00f3ria. Quem diz isso s\u00e3o os profissionais que fazem checagem de informa\u00e7\u00e3o nas redes sociais.<\/p>\n<p>Um exemplo disso foi comprovado em um levantamento, divulgado na semana passada, feito a partir de 1.294 checagens profissionais em pelo menos dez idiomas, produzido pela Ag\u00eancia Lupa.<\/p>\n<p>O resultado do levantamento \u00e9 que 81,2% dos casos de desinforma\u00e7\u00e3o com tecnologias de intelig\u00eancia artificial surgiram apenas nos \u00faltimos dois anos \u2014 entre janeiro de 2024 e mar\u00e7o de 2026. Elei\u00e7\u00f5es, guerras e golpes foram os assuntos mais recorrentes.<\/p>\n<p>Segundo a gerente de inova\u00e7\u00e3o e forma\u00e7\u00e3o da Ag\u00eancia Lupa, Cristina Tard\u00e1guila, o uso da IA est\u00e1 redefinindo o campo da desinforma\u00e7\u00e3o em escala global. \u201cA imensa maioria das pe\u00e7as que s\u00e3o analisadas pelos checadores acaba levando a etiqueta de falso ou de enganoso. A IA dificilmente tem sido feita para impulsionar conte\u00fados verdadeiros\u201d, afirma.<\/p>\n<p>A pesquisadora tamb\u00e9m observa que a desinforma\u00e7\u00e3o chega ao p\u00fablico em diferentes formatos, como v\u00eddeos, \u00e1udios curtos, fotos e textos. Uma preocupa\u00e7\u00e3o \u00e9 o uso dessas tecnologias nos per\u00edodos eleitorais no mundo todo. Para ela, essas pr\u00e1ticas amea\u00e7am democracias.<\/p>\n<p>\u201cEste \u00e9 um ano eleitoral importante no Brasil e em outros parceiros da regi\u00e3o.\u201d Ela cita os processos nos Estados Unidos, no Peru, na Costa Rica e na Col\u00f4mbia. Esse cen\u00e1rio vai impactar a vida dos checadores desses pa\u00edses e tamb\u00e9m dos eleitores. \u201cEles v\u00e3o receber uma enxurrada de conte\u00fados com IA e com grande chance de essas pe\u00e7as serem, na verdade, grandes falsidades\u201d, acrescenta.<\/p>\n<p>Isso significa que o uso de IA para manipular conte\u00fado deixou de ser pontual e passou a integrar de forma permanente o ambiente da desinforma\u00e7\u00e3o digital. O volume de checagens que identificaram esse tipo de mentira cresceu de 160 casos em 2023 para 578 em 2025. At\u00e9 mar\u00e7o deste ano, j\u00e1 havia 205 verifica\u00e7\u00f5es.<\/p>\n<h2><strong>Mentiras em diferentes l\u00ednguas<\/strong><\/h2>\n<p>O estudo n\u00e3o tem recorte geogr\u00e1fico, mas lingu\u00edstico. Em ingl\u00eas, foram flagrados 427 casos de desinforma\u00e7\u00e3o por IA e deepfakes \u2014 substitui\u00e7\u00e3o de rosto e voz, por exemplo. Em espanhol, foram 198, e, em portugu\u00eas, 111.<\/p>\n<p>A pesquisadora defende que o mais importante neste momento \u00e9 a propaga\u00e7\u00e3o de educa\u00e7\u00e3o midi\u00e1tica. Ela afirma que os projetos de checagem mundo afora apoiam legisla\u00e7\u00f5es que busquem promover, incentivar e estimular a sociedade a compreender o que pode ser falso nas postagens. A educa\u00e7\u00e3o midi\u00e1tica teria papel semelhante ao de uma vacina.<\/p>\n<p>\u201cA gente precisa que a vacina contra a desinforma\u00e7\u00e3o, que \u00e9, na verdade, a informa\u00e7\u00e3o de qualidade, chegue antes para que as pessoas possam estar preparadas e resilientes quando elas virem a mentira em formato de IA\u201d, ressalta Cristina Tard\u00e1guila. O estudo levou em conta as checagens publicadas e indexadas pelo Google no Fact Check Explorer (ferramenta de busca gratuita para verifica\u00e7\u00e3o de informa\u00e7\u00f5es desmentidas).<\/p>\n<h3><strong>Educa\u00e7\u00e3o midi\u00e1tica<\/strong><\/h3>\n<p>A necessidade de pol\u00edticas p\u00fablicas de educa\u00e7\u00e3o midi\u00e1tica e literacia \u2014 habilidade de ler, escrever, interpretar e utilizar a linguagem de forma eficiente \u2014 \u00e9 apontada pelos especialistas como uma das formas de enfrentamento deste novo v\u00edrus comportamental. E que esse seria um papel a ser implementado urgentemente nas escolas.<\/p>\n<p>Al\u00e9m do papel do poder p\u00fablico, as empresas de comunica\u00e7\u00e3o tradicionais tamb\u00e9m podem colaborar. \u201cN\u00e3o tenho a menor d\u00favida de que 2026 \u00e9 um ano em que veremos cada vez mais IA. \u00c9 bom que o brasileiro saiba disso, se prepare, esteja ativo e capaz de identificar a desinforma\u00e7\u00e3o\u201d, completa a gerente de inova\u00e7\u00e3o e forma\u00e7\u00e3o da Ag\u00eancia Lupa, Cristina Tard\u00e1guila. A pesquisadora ressalta que qualquer cidad\u00e3o pode fazer uma checagem quando tiver d\u00favida da legitimidade da informa\u00e7\u00e3o que receber.<\/p>\n<h4><strong>Ribeir\u00e3o investe em Plano de Educa\u00e7\u00e3o Digital<\/strong><\/h4>\n<p>A Secretaria Municipal de Educa\u00e7\u00e3o lan\u00e7ou o Plano Municipal de Educa\u00e7\u00e3o Digital (PMED). O plano \u00e9 um instrumento de planejamento estrat\u00e9gico que estabelece diretrizes, metas e a\u00e7\u00f5es voltadas \u00e0 inclus\u00e3o digital, \u00e0 capacita\u00e7\u00e3o de alunos e professores e ao uso consciente da tecnologia nas escolas da rede municipal.<\/p>\n<figure id=\"attachment_462112\" aria-describedby=\"caption-attachment-462112\" style=\"width: 450px\" class=\"wp-caption aligncenter\"><figcaption id=\"caption-attachment-462112\" class=\"wp-caption-text\">Rede Municipal trabalha para garantir o uso \u00e9tico e respons\u00e1vel das ferramentas digitais pelos estudantes | Foto: Fernando Gonzaga<\/figcaption><\/figure>\n<p>Al\u00e9m disso, orientar\u00e1 a comunidade escolar sobre a utiliza\u00e7\u00e3o de recursos digitais, em alinhamento com a Pol\u00edtica Nacional de Educa\u00e7\u00e3o Digital (PNED). A iniciativa tem como meta transformar Ribeir\u00e3o Preto em uma refer\u00eancia nacional em educa\u00e7\u00e3o digital, adotando a tecnologia como pol\u00edtica p\u00fablica, e n\u00e3o apenas como aquisi\u00e7\u00e3o de equipamentos.<\/p>\n<p>Os dados coletados na consulta p\u00fablica feita pela Educa\u00e7\u00e3o municipal mostram que a comunidade reconhece a import\u00e2ncia da educa\u00e7\u00e3o digital na forma\u00e7\u00e3o integral dos estudantes. J\u00e1 os professores destacaram a necessidade de forma\u00e7\u00e3o continuada para implementar projetos, metodologias e pr\u00e1ticas digitais, alinhadas \u00e0 realidade contempor\u00e2nea.<\/p>\n<p>Para pais e respons\u00e1veis, a educa\u00e7\u00e3o digital \u00e9 vista como essencial, especialmente diante do enfrentamento ao cyberbullying e da necessidade de apoiar crian\u00e7as e jovens no uso seguro das tecnologias.<\/p>\n<p>A partir da aprova\u00e7\u00e3o do plano, a rede municipal poder\u00e1 implementar pol\u00edticas e a\u00e7\u00f5es pedag\u00f3gicas para o cumprimento das metas estipuladas. Isso inclui a amplia\u00e7\u00e3o dos recursos digitais nas unidades escolares, a articula\u00e7\u00e3o entre o desenvolvimento curricular e o uso de ferramentas digitais e a capacita\u00e7\u00e3o dos profissionais da educa\u00e7\u00e3o para a utiliza\u00e7\u00e3o desses recursos.<\/p>\n<p>Na Educa\u00e7\u00e3o Infantil, a tecnologia ser\u00e1 utilizada como media\u00e7\u00e3o e registro pedag\u00f3gico, nunca como substitui\u00e7\u00e3o da intera\u00e7\u00e3o humana. Haver\u00e1 organiza\u00e7\u00e3o de ambientes que estimulem a explora\u00e7\u00e3o, a criatividade, a linguagem e a resolu\u00e7\u00e3o de problemas.<\/p>\n<p>J\u00e1 no Ensino Fundamental, o foco ser\u00e1 o desenvolvimento de compet\u00eancias digitais e do pensamento computacional. Tamb\u00e9m prev\u00ea o fortalecimento de pr\u00e1ticas inovadoras, como projetos, rob\u00f3tica e laborat\u00f3rios criativos, e o uso de plataformas de aprendizagem e dados para a melhoria dos resultados educacionais.<\/p>\n<p>\u201c\u00c9 um documento estrat\u00e9gico que vai orientar como as tecnologias digitais ser\u00e3o integradas ao ensino da nossa rede municipal nos pr\u00f3ximos anos. Ele est\u00e1 alinhado \u00e0s orienta\u00e7\u00f5es do Governo Federal e \u00e0 Estrat\u00e9gia Nacional de Educa\u00e7\u00e3o Digital. O principal objetivo \u00e9 garantir que nossas escolas estejam preparadas para formar estudantes com as compet\u00eancias digitais necess\u00e1rias para o s\u00e9culo XXI. Mas este plano s\u00f3 faz sentido se for constru\u00eddo junto com a comunidade escolar\u201d, destaca o secret\u00e1rio de Educa\u00e7\u00e3o, Christian Viana Oliveira.<\/p>\n<p>A rede municipal \u00e9 composta por 146 unidades escolares. S\u00e3o 36 Centros de Educa\u00e7\u00e3o Infantil (Ceis), 41 Escolas Municipais de Educa\u00e7\u00e3o Infantil (Emeis), 29 escolas de Educa\u00e7\u00e3o Infantil conveniadas, 35 Escolas Municipais de Ensino Fundamental (Emefs) e 5 de Educa\u00e7\u00e3o Especial. Neste ano letivo, a rede municipal conta com mais de 50 mil alunos.<\/p>\n<p><strong>Cartilha orienta agentes p\u00fablicos sobre fake news nas elei\u00e7\u00f5es<\/strong><\/p>\n<p>Cartilha produzida pela Advocacia-Geral da Uni\u00e3o (AGU) orienta os agentes p\u00fablicos sobre a\u00e7\u00f5es proibidas nas elei\u00e7\u00f5es deste ano, com primeiro turno marcado para o dia 4 de outubro. Denominado \u201cCartilha Eleitoral: Condutas Vedadas aos Agentes P\u00fablicos Federais nas Elei\u00e7\u00f5es 2026\u201d, o documento ressalta que eles n\u00e3o devem divulgar ou contribuir para a dissemina\u00e7\u00e3o de not\u00edcias falsas, sob risco de serem punidos por abuso de poder pol\u00edtico e econ\u00f4mico.<\/p>\n<p>Eles tamb\u00e9m n\u00e3o podem usar bens ou servi\u00e7os p\u00fablicos para favorecer qualquer candidatura. O que, no caso dos que ocupam cargos eletivos, inclui transformar eventos oficiais em atos de campanha. As recomenda\u00e7\u00f5es s\u00e3o para que os governantes observem os cinco princ\u00edpios da administra\u00e7\u00e3o p\u00fablica: legalidade, impessoalidade, moralidade, publicidade e efici\u00eancia.<\/p>\n<figure id=\"attachment_462114\" aria-describedby=\"caption-attachment-462114\" style=\"width: 435px\" class=\"wp-caption aligncenter\"><img data-recalc-dims=\"1\" loading=\"lazy\" decoding=\"async\" class=\"wp-image-462114 lazyload\" src=\"https:\/\/i0.wp.com\/www.tribunaribeirao.com.br\/wp-content\/uploads\/2026\/04\/box-1-fernando-gonzaga-300x200.jpg?resize=435%2C290&#038;ssl=1\" alt=\"\" width=\"435\" height=\"290\" srcset=\"https:\/\/www.tribunaribeirao.com.br\/wp-content\/uploads\/2026\/04\/box-1-fernando-gonzaga-300x200.jpg 300w, https:\/\/www.tribunaribeirao.com.br\/wp-content\/uploads\/2026\/04\/box-1-fernando-gonzaga-1024x683.jpg 1024w, https:\/\/www.tribunaribeirao.com.br\/wp-content\/uploads\/2026\/04\/box-1-fernando-gonzaga-768x512.jpg 768w, https:\/\/www.tribunaribeirao.com.br\/wp-content\/uploads\/2026\/04\/box-1-fernando-gonzaga-1536x1024.jpg 1536w, https:\/\/www.tribunaribeirao.com.br\/wp-content\/uploads\/2026\/04\/box-1-fernando-gonzaga-480x320.jpg 480w, https:\/\/www.tribunaribeirao.com.br\/wp-content\/uploads\/2026\/04\/box-1-fernando-gonzaga-280x186.jpg 280w, https:\/\/www.tribunaribeirao.com.br\/wp-content\/uploads\/2026\/04\/box-1-fernando-gonzaga-960x640.jpg 960w, https:\/\/www.tribunaribeirao.com.br\/wp-content\/uploads\/2026\/04\/box-1-fernando-gonzaga-600x400.jpg 600w, https:\/\/www.tribunaribeirao.com.br\/wp-content\/uploads\/2026\/04\/box-1-fernando-gonzaga-585x390.jpg 585w, https:\/\/www.tribunaribeirao.com.br\/wp-content\/uploads\/2026\/04\/box-1-fernando-gonzaga-scaled.jpg 1200w\" data-sizes=\"(max-width: 435px) 100vw, 435px\" style=\"--smush-placeholder-width: 435px; --smush-placeholder-aspect-ratio: 435\/290;\"\/><figcaption id=\"caption-attachment-462114\" class=\"wp-caption-text\">Foto: Fernando Gonzaga<\/figcaption><\/figure>\n<p>A cartilha destaca que \u00e9 permanentemente vedada a dissemina\u00e7\u00e3o, o endosso ou o compartilhamento de informa\u00e7\u00f5es sabidamente falsas, descontextualizadas ou n\u00e3o verificadas e de conte\u00fado que promova discurso de \u00f3dio, discrimina\u00e7\u00e3o, incita\u00e7\u00e3o \u00e0 viol\u00eancia, ataques pessoais, desqualifica\u00e7\u00e3o moral ou afronta \u00e0 dignidade de pessoas ou grupos.<\/p>\n<p>Segundo a AGU, a cartilha \u00e9 um instrumento de orienta\u00e7\u00e3o pr\u00e1tica, voltado a apoiar agentes p\u00fablicos e gestores na tomada de decis\u00f5es seguras no cotidiano administrativo durante o per\u00edodo eleitoral.<\/p>\n<p>A cartilha traz um calend\u00e1rio com as principais datas do ano eleitoral e cap\u00edtulos dedicados ao combate \u00e0 desinforma\u00e7\u00e3o no contexto eleitoral, ao uso \u00e9tico das redes sociais e \u00e0 propaganda eleitoral na internet, permitida apenas a partir de 16 de agosto. A publica\u00e7\u00e3o pode ser acessada no link <a href=\"https:\/\/www.gov.br\/agu\/pt-br\">https:\/\/www.gov.br\/agu\/pt-br<\/a>.<\/p>\n<\/div>\n<p><br \/>\n<br \/><a href=\"https:\/\/www.tribunaribeirao.com.br\/uso-de-ia-para-desinformar-aumenta\/\">Texto original daqui <\/a><\/p>\n<!-- CONTENT END 1 -->\n","protected":false},"excerpt":{"rendered":"<p>O rosto \u00e9 igual. A voz, tamb\u00e9m. Mas a informa\u00e7\u00e3o \u00e9 suspeita. As ferramentas de intelig\u00eancia artificial (IA) elevaram a necessidade de desconfian\u00e7a dos conte\u00fados&#8230;<\/p>\n","protected":false},"author":1,"featured_media":85243,"comment_status":"","ping_status":"","sticky":false,"template":"","format":"standard","meta":{"advanced_seo_description":"","jetpack_seo_html_title":"","jetpack_seo_noindex":false,"jetpack_post_was_ever_published":false,"_jetpack_newsletter_access":"","_jetpack_dont_email_post_to_subs":false,"_jetpack_newsletter_tier_id":0,"_jetpack_memberships_contains_paywalled_content":false,"_jetpack_memberships_contains_paid_content":false,"footnotes":"","jetpack_publicize_message":"","jetpack_publicize_feature_enabled":true,"jetpack_social_post_already_shared":true,"jetpack_social_options":{"image_generator_settings":{"template":"highway","default_image_id":0,"font":"","enabled":false},"version":2}},"categories":[11],"tags":[2399,6474,71,3686],"class_list":["post-85242","post","type-post","status-publish","format-standard","has-post-thumbnail","hentry","category-noticias-de-ribeirao-preto-sp-e-regiao-ismael-colosi","tag-aumenta","tag-desinformar","tag-para","tag-uso"],"jetpack_publicize_connections":[],"jetpack_featured_media_url":"https:\/\/i0.wp.com\/noticiasribeiraopreto.com.br\/wp-content\/uploads\/2026\/04\/fotos-tribuna-4.jpg?fit=800%2C500&ssl=1","jetpack-related-posts":[{"id":28250,"url":"https:\/\/noticiasribeiraopreto.com.br\/index.php\/2024\/01\/15\/o-chatgpt-vai-roubar-o-seu-emprego-inteligencia-artificial-ameaca-dizimar-oportunidades-de-trabalho-e-quem-diz-isso-e-o-fmi\/","url_meta":{"origin":85242,"position":0},"title":"O ChatGPT vai roubar o seu emprego? Intelig\u00eancia artificial amea\u00e7a dizimar oportunidades de trabalho \u2014 e quem diz isso \u00e9 o FMI","author":"noticiasribeiraopreto.com.br","date":"15 de January de 2024","format":false,"excerpt":"Logo quando sa\u00edram as primeiras not\u00edcias sobre o ChatGPT, um questionamento tomou for\u00e7a nas redes sociais: a intelig\u00eancia artificial (IA) vai roubar o meu emprego? Segundo o Fundo Monet\u00e1rio Internacional (FMI), \u00e9 bem poss\u00edvel que isso se torne realidade \u2014 especialmente para trabalhadores que n\u00e3o se atualizarem \u00e0 nova tecnologia.\u2026","rel":"","context":"In &quot;Dinheiro e Investimento&quot;","block_context":{"text":"Dinheiro e Investimento","link":"https:\/\/noticiasribeiraopreto.com.br\/index.php\/category\/dinheiro-e-investimento-como-fazer-como-ganhar\/"},"img":{"alt_text":"","src":"https:\/\/i0.wp.com\/noticiasribeiraopreto.com.br\/wp-content\/uploads\/2024\/01\/Firefly-uma-imagem-representando-uma-inteligencia-artificial-sem-controle-715x402.jpg?fit=715%2C402&ssl=1&resize=350%2C200","width":350,"height":200,"srcset":"https:\/\/i0.wp.com\/noticiasribeiraopreto.com.br\/wp-content\/uploads\/2024\/01\/Firefly-uma-imagem-representando-uma-inteligencia-artificial-sem-controle-715x402.jpg?fit=715%2C402&ssl=1&resize=350%2C200 1x, https:\/\/i0.wp.com\/noticiasribeiraopreto.com.br\/wp-content\/uploads\/2024\/01\/Firefly-uma-imagem-representando-uma-inteligencia-artificial-sem-controle-715x402.jpg?fit=715%2C402&ssl=1&resize=525%2C300 1.5x, https:\/\/i0.wp.com\/noticiasribeiraopreto.com.br\/wp-content\/uploads\/2024\/01\/Firefly-uma-imagem-representando-uma-inteligencia-artificial-sem-controle-715x402.jpg?fit=715%2C402&ssl=1&resize=700%2C400 2x"},"classes":[]},{"id":14956,"url":"https:\/\/noticiasribeiraopreto.com.br\/index.php\/2023\/12\/12\/constante-transformacao-no-mercado-de-trabalho-alerta-para-a-necessidade-de-especializacao\/","url_meta":{"origin":85242,"position":1},"title":"Constante transforma\u00e7\u00e3o no mercado de trabalho alerta para a necessidade de especializa\u00e7\u00e3o","author":"noticiasribeiraopreto.com.br","date":"12 de December de 2023","format":false,"excerpt":"O avan\u00e7o da intelig\u00eancia artificial (IA) est\u00e1 redefinindo o cen\u00e1rio profissional, impactando diversas \u00e1reas, com paralelos not\u00e1veis na revolu\u00e7\u00e3o proporcionada pela introdu\u00e7\u00e3o do Microsoft Office, em especial, do Excel. Atualmente, as ferramentas como ChatGPT e Copilot seguem o mesmo caminho, prometendo mais efici\u00eancia nas tarefas di\u00e1rias, permitindo que os profissionais\u2026","rel":"","context":"In &quot;Vagas de Emprego em Ribeir\u00e3o Preto-SP&quot;","block_context":{"text":"Vagas de Emprego em Ribeir\u00e3o Preto-SP","link":"https:\/\/noticiasribeiraopreto.com.br\/index.php\/category\/empregos-classificados-vagas-trabalho\/vagas-de-empregos-em-ribeirao-preto-regiao-brasil\/"},"img":{"alt_text":"","src":"https:\/\/i0.wp.com\/noticiasribeiraopreto.com.br\/wp-content\/uploads\/2023\/12\/notebook_estudos_anotacao_-_jc_concursos.jpg?fit=1200%2C675&ssl=1&resize=350%2C200","width":350,"height":200,"srcset":"https:\/\/i0.wp.com\/noticiasribeiraopreto.com.br\/wp-content\/uploads\/2023\/12\/notebook_estudos_anotacao_-_jc_concursos.jpg?fit=1200%2C675&ssl=1&resize=350%2C200 1x, https:\/\/i0.wp.com\/noticiasribeiraopreto.com.br\/wp-content\/uploads\/2023\/12\/notebook_estudos_anotacao_-_jc_concursos.jpg?fit=1200%2C675&ssl=1&resize=525%2C300 1.5x, https:\/\/i0.wp.com\/noticiasribeiraopreto.com.br\/wp-content\/uploads\/2023\/12\/notebook_estudos_anotacao_-_jc_concursos.jpg?fit=1200%2C675&ssl=1&resize=700%2C400 2x, https:\/\/i0.wp.com\/noticiasribeiraopreto.com.br\/wp-content\/uploads\/2023\/12\/notebook_estudos_anotacao_-_jc_concursos.jpg?fit=1200%2C675&ssl=1&resize=1050%2C600 3x"},"classes":[]},{"id":59447,"url":"https:\/\/noticiasribeiraopreto.com.br\/index.php\/2024\/10\/24\/mec-explora-inteligencia-artificial-para-transformar-politicas-publicas-educacionais\/","url_meta":{"origin":85242,"position":2},"title":"MEC Explora Intelig\u00eancia Artificial para Transformar Pol\u00edticas P\u00fablicas Educacionais","author":"noticiasribeiraopreto.com.br","date":"24 de October de 2024","format":false,"excerpt":"O Minist\u00e9rio da Educa\u00e7\u00e3o (MEC) est\u00e1 investigando novas formas de utilizar a intelig\u00eancia artificial (IA) para melhorar as pol\u00edticas p\u00fablicas no setor educacional brasileiro. Com o objetivo de modernizar a gest\u00e3o escolar, personalizar a aprendizagem e enfrentar problemas cr\u00f4nicos como a evas\u00e3o escolar e as desigualdades educacionais, o governo pretende\u2026","rel":"","context":"In &quot;Not\u00edcias de Ribeir\u00e3o Preto-SP e Regi\u00e3o&quot;","block_context":{"text":"Not\u00edcias de Ribeir\u00e3o Preto-SP e Regi\u00e3o","link":"https:\/\/noticiasribeiraopreto.com.br\/index.php\/category\/noticias-de-ribeirao-preto-sp-e-regiao-ismael-colosi\/"},"img":{"alt_text":"","src":"https:\/\/i0.wp.com\/noticiasribeiraopreto.com.br\/wp-content\/uploads\/2024\/10\/2017-05-17t130902z_1_lynxnped4g0y5_rtroptp_4_cyber-attack.webp.webp?fit=1170%2C700&ssl=1&resize=350%2C200","width":350,"height":200,"srcset":"https:\/\/i0.wp.com\/noticiasribeiraopreto.com.br\/wp-content\/uploads\/2024\/10\/2017-05-17t130902z_1_lynxnped4g0y5_rtroptp_4_cyber-attack.webp.webp?fit=1170%2C700&ssl=1&resize=350%2C200 1x, https:\/\/i0.wp.com\/noticiasribeiraopreto.com.br\/wp-content\/uploads\/2024\/10\/2017-05-17t130902z_1_lynxnped4g0y5_rtroptp_4_cyber-attack.webp.webp?fit=1170%2C700&ssl=1&resize=525%2C300 1.5x, https:\/\/i0.wp.com\/noticiasribeiraopreto.com.br\/wp-content\/uploads\/2024\/10\/2017-05-17t130902z_1_lynxnped4g0y5_rtroptp_4_cyber-attack.webp.webp?fit=1170%2C700&ssl=1&resize=700%2C400 2x, https:\/\/i0.wp.com\/noticiasribeiraopreto.com.br\/wp-content\/uploads\/2024\/10\/2017-05-17t130902z_1_lynxnped4g0y5_rtroptp_4_cyber-attack.webp.webp?fit=1170%2C700&ssl=1&resize=1050%2C600 3x"},"classes":[]},{"id":79656,"url":"https:\/\/noticiasribeiraopreto.com.br\/index.php\/2025\/11\/05\/ribeirao-preto-recebe-oficina-de-inteligencia-artificial-para-area-do-direito\/","url_meta":{"origin":85242,"position":3},"title":"Ribeir\u00e3o Preto recebe oficina de Intelig\u00eancia Artificial para \u00e1rea do Direito","author":"noticiasribeiraopreto.com.br","date":"5 de November de 2025","format":false,"excerpt":"A subse\u00e7\u00e3o de Ribeir\u00e3o Preto da OAB (Ordem dos Advogados do Brasil) recebe a \u201cOficina de IA: Pr\u00e1tica para o Direito\u201d no pr\u00f3ximo dia 11 de novembro. A oficina tem o objetivo de capacitar a advocacia, profissionais do sistema de Justi\u00e7a, professores e estudantes de Direito para o uso pr\u00e1tico\u2026","rel":"","context":"In &quot;Not\u00edcias de Ribeir\u00e3o Preto-SP e Regi\u00e3o&quot;","block_context":{"text":"Not\u00edcias de Ribeir\u00e3o Preto-SP e Regi\u00e3o","link":"https:\/\/noticiasribeiraopreto.com.br\/index.php\/category\/noticias-de-ribeirao-preto-sp-e-regiao-ismael-colosi\/"},"img":{"alt_text":"","src":"https:\/\/i0.wp.com\/noticiasribeiraopreto.com.br\/wp-content\/uploads\/2025\/11\/ia-para-advogados_2025-11-05_17-08-39.webp.webp?fit=1200%2C800&ssl=1&resize=350%2C200","width":350,"height":200,"srcset":"https:\/\/i0.wp.com\/noticiasribeiraopreto.com.br\/wp-content\/uploads\/2025\/11\/ia-para-advogados_2025-11-05_17-08-39.webp.webp?fit=1200%2C800&ssl=1&resize=350%2C200 1x, https:\/\/i0.wp.com\/noticiasribeiraopreto.com.br\/wp-content\/uploads\/2025\/11\/ia-para-advogados_2025-11-05_17-08-39.webp.webp?fit=1200%2C800&ssl=1&resize=525%2C300 1.5x, https:\/\/i0.wp.com\/noticiasribeiraopreto.com.br\/wp-content\/uploads\/2025\/11\/ia-para-advogados_2025-11-05_17-08-39.webp.webp?fit=1200%2C800&ssl=1&resize=700%2C400 2x, https:\/\/i0.wp.com\/noticiasribeiraopreto.com.br\/wp-content\/uploads\/2025\/11\/ia-para-advogados_2025-11-05_17-08-39.webp.webp?fit=1200%2C800&ssl=1&resize=1050%2C600 3x"},"classes":[]},{"id":50172,"url":"https:\/\/noticiasribeiraopreto.com.br\/index.php\/2024\/05\/15\/profissionais-nao-contam-que-estao-usando-ia-no-trabalho\/","url_meta":{"origin":85242,"position":4},"title":"Profissionais n\u00e3o contam que est\u00e3o usando IA no trabalho","author":"noticiasribeiraopreto.com.br","date":"15 de May de 2024","format":false,"excerpt":"Getty ImagesCerca de 75% dos profissionais afirmam que est\u00e3o utilizando IA \u2013 e a maioria n\u00e3o quer mostrar que automatizou seu trabalho Enquanto os CEOs est\u00e3o falando muito sobre intelig\u00eancia artificial generativa e como ela \u00e9 uma tecnologia transformadora, seus funcion\u00e1rios t\u00eam medo de admitir que est\u00e3o usando IA no\u2026","rel":"","context":"In &quot;Blog&quot;","block_context":{"text":"Blog","link":"https:\/\/noticiasribeiraopreto.com.br\/index.php\/category\/blog\/"},"img":{"alt_text":"","src":"https:\/\/i0.wp.com\/noticiasribeiraopreto.com.br\/wp-content\/uploads\/2024\/05\/carreira-inteligencia-artificial-1-1024x683.jpg?fit=1024%2C683&ssl=1&resize=350%2C200","width":350,"height":200,"srcset":"https:\/\/i0.wp.com\/noticiasribeiraopreto.com.br\/wp-content\/uploads\/2024\/05\/carreira-inteligencia-artificial-1-1024x683.jpg?fit=1024%2C683&ssl=1&resize=350%2C200 1x, https:\/\/i0.wp.com\/noticiasribeiraopreto.com.br\/wp-content\/uploads\/2024\/05\/carreira-inteligencia-artificial-1-1024x683.jpg?fit=1024%2C683&ssl=1&resize=525%2C300 1.5x, https:\/\/i0.wp.com\/noticiasribeiraopreto.com.br\/wp-content\/uploads\/2024\/05\/carreira-inteligencia-artificial-1-1024x683.jpg?fit=1024%2C683&ssl=1&resize=700%2C400 2x"},"classes":[]},{"id":24137,"url":"https:\/\/noticiasribeiraopreto.com.br\/index.php\/2024\/01\/03\/3-formas-de-ganhar-dinheiro-com-a-inteligencia-artificial-meu-valor-digital\/","url_meta":{"origin":85242,"position":5},"title":"3 formas de ganhar dinheiro com a Intelig\u00eancia Artificial &#8211; Meu Valor Digital","author":"noticiasribeiraopreto.com.br","date":"3 de January de 2024","format":false,"excerpt":"A intelig\u00eancia artificial (IA) veio para facilitar o mundo, muitas coisas que antes s\u00f3 poderiam ser feitas por profissionais qualificados, hoje ficaram mais acess\u00edveis. Qualquer pessoa pode escrever um texto ou at\u00e9 mesmo criar uma imagem com qualidade profissional, tudo isso com ajuda de uma IA. J\u00e1 citamos em outros\u2026","rel":"","context":"In &quot;Vagas de Emprego em Ribeir\u00e3o Preto-SP&quot;","block_context":{"text":"Vagas de Emprego em Ribeir\u00e3o Preto-SP","link":"https:\/\/noticiasribeiraopreto.com.br\/index.php\/category\/empregos-classificados-vagas-trabalho\/vagas-de-empregos-em-ribeirao-preto-regiao-brasil\/"},"img":{"alt_text":"","src":"https:\/\/i0.wp.com\/noticiasribeiraopreto.com.br\/wp-content\/uploads\/2024\/01\/homens-e-robos-no-futuro.jpg?fit=1200%2C800&ssl=1&resize=350%2C200","width":350,"height":200,"srcset":"https:\/\/i0.wp.com\/noticiasribeiraopreto.com.br\/wp-content\/uploads\/2024\/01\/homens-e-robos-no-futuro.jpg?fit=1200%2C800&ssl=1&resize=350%2C200 1x, https:\/\/i0.wp.com\/noticiasribeiraopreto.com.br\/wp-content\/uploads\/2024\/01\/homens-e-robos-no-futuro.jpg?fit=1200%2C800&ssl=1&resize=525%2C300 1.5x, https:\/\/i0.wp.com\/noticiasribeiraopreto.com.br\/wp-content\/uploads\/2024\/01\/homens-e-robos-no-futuro.jpg?fit=1200%2C800&ssl=1&resize=700%2C400 2x, https:\/\/i0.wp.com\/noticiasribeiraopreto.com.br\/wp-content\/uploads\/2024\/01\/homens-e-robos-no-futuro.jpg?fit=1200%2C800&ssl=1&resize=1050%2C600 3x"},"classes":[]}],"jetpack_sharing_enabled":true,"jetpack_shortlink":"https:\/\/wp.me\/peQAOb-maS","_links":{"self":[{"href":"https:\/\/noticiasribeiraopreto.com.br\/index.php\/wp-json\/wp\/v2\/posts\/85242","targetHints":{"allow":["GET"]}}],"collection":[{"href":"https:\/\/noticiasribeiraopreto.com.br\/index.php\/wp-json\/wp\/v2\/posts"}],"about":[{"href":"https:\/\/noticiasribeiraopreto.com.br\/index.php\/wp-json\/wp\/v2\/types\/post"}],"author":[{"embeddable":true,"href":"https:\/\/noticiasribeiraopreto.com.br\/index.php\/wp-json\/wp\/v2\/users\/1"}],"replies":[{"embeddable":true,"href":"https:\/\/noticiasribeiraopreto.com.br\/index.php\/wp-json\/wp\/v2\/comments?post=85242"}],"version-history":[{"count":0,"href":"https:\/\/noticiasribeiraopreto.com.br\/index.php\/wp-json\/wp\/v2\/posts\/85242\/revisions"}],"wp:featuredmedia":[{"embeddable":true,"href":"https:\/\/noticiasribeiraopreto.com.br\/index.php\/wp-json\/wp\/v2\/media\/85243"}],"wp:attachment":[{"href":"https:\/\/noticiasribeiraopreto.com.br\/index.php\/wp-json\/wp\/v2\/media?parent=85242"}],"wp:term":[{"taxonomy":"category","embeddable":true,"href":"https:\/\/noticiasribeiraopreto.com.br\/index.php\/wp-json\/wp\/v2\/categories?post=85242"},{"taxonomy":"post_tag","embeddable":true,"href":"https:\/\/noticiasribeiraopreto.com.br\/index.php\/wp-json\/wp\/v2\/tags?post=85242"}],"curies":[{"name":"wp","href":"https:\/\/api.w.org\/{rel}","templated":true}]}}