{"id":85246,"date":"2026-04-26T11:09:25","date_gmt":"2026-04-26T14:09:25","guid":{"rendered":"https:\/\/noticiasribeiraopreto.com.br\/index.php\/2026\/04\/26\/entre-a-nostalgia-e-o-orcamento\/"},"modified":"2026-04-26T11:09:25","modified_gmt":"2026-04-26T14:09:25","slug":"entre-a-nostalgia-e-o-orcamento","status":"publish","type":"post","link":"https:\/\/noticiasribeiraopreto.com.br\/index.php\/2026\/04\/26\/entre-a-nostalgia-e-o-orcamento\/","title":{"rendered":"Entre a nostalgia e o or\u00e7amento"},"content":{"rendered":"<div class='code-block code-block-1' style='margin: 8px 0 8px auto; text-align: right; display: block; clear: both;'>\n<p><a href=\"https:\/\/wa.link\/vpicfd\"><img data-recalc-dims=\"1\" class=\"wp-image-4922\" style=\"aspect-ratio: 2.0253164556962027; width: 561px; height: auto;\" src=\"https:\/\/i0.wp.com\/ismaelcolosi.com.br\/wp-content\/uploads\/2023\/11\/grupo-de-empregos-whatsapp-e-facebook-ismael-colosi-vagas.jpg?ssl=1\" alt=\"\" \/><\/a><\/p>\n<!-- \/wp:image -->\n<\/div>\n<p> <br \/>\n<\/p>\n<div>\n<p class=\"aupe\" style=\"margin-top: 0cm;text-align: justify\"><b><i><span style=\"font-family: 'Arial',sans-serif\">Por Hugo Luque<\/span><\/i><\/b><\/p>\n<p class=\"aupe\" style=\"margin-top: 0cm;text-align: justify\"><span class=\"aupe1\"><span style=\"font-family: 'Arial',sans-serif\">O m\u00eas de maio marca o in\u00edcio de um ritual que atravessa gera\u00e7\u00f5es no Brasil, mas que, neste ano, carrega um peso in\u00e9dito no bolso dos brasileiros. Com o lan\u00e7amento oficial do \u00e1lbum da Copa do Mundo previsto para a pr\u00f3xima sexta-feira (1\u00ba), a tradicional busca pelas figurinhas deixou de ser uma brincadeira e virou uma atividade que requer planejamento financeiro.<\/span><\/span><\/p>\n<p class=\"aupe\" style=\"margin-top: 0cm;text-align: justify\"><span class=\"aupe1\"><span style=\"font-family: 'Arial',sans-serif\">Pela primeira vez, os colecionadores v\u00e3o encarar um \u00e1lbum com 48 sele\u00e7\u00f5es e quase mil figurinhas. A situa\u00e7\u00e3o fica mais complicada por conta do aumento no pre\u00e7o dos pacotinhos, que supera a infla\u00e7\u00e3o acumulada nos \u00faltimos 12 anos. Assim, o hobby, que antes era s\u00edmbolo da democratiza\u00e7\u00e3o do futebol, agora exige estrat\u00e9gia e at\u00e9 mesmo sacrif\u00edcios financeiros.<\/span><\/span><\/p>\n<p style=\"text-align: justify\"><span class=\"aupe1\"><span style=\"font-family: 'Arial',sans-serif\">Para Jean Lucca de Brito Silva, metal\u00fargico de 23 anos, as figurinhas s\u00e3o um portal para a inf\u00e2ncia, mas o cen\u00e1rio atual exige a cautela e a responsabilidade da fase adulta. As mem\u00f3rias do jovem remetem ao Mundial de 2010, na \u00c1frica do Sul, quando ele tinha apenas sete anos. Naquela \u00e9poca, o \u00e1lbum era um motivo para reunir amigos.<\/span><\/span><\/p>\n<p style=\"text-align: justify\"><span style=\"font-family: 'Arial',sans-serif\">\u201cTenho algumas vagas mem\u00f3rias dos meus vizinhos indo em casa trocar figurinha, at\u00e9 bater figurinha pra ver quem que ia ficar com elas. N\u00f3s faz\u00edamos uns montinhos e bat\u00edamos\u201d, relembra Silva, que contava com o suporte financeiro da fam\u00edlia.<\/span><\/p>\n<p style=\"text-align: justify\"><span style=\"font-family: 'Arial',sans-serif\">\u201cMeu pai e meu irm\u00e3o n\u00e3o eram aqueles aficionados por querer completar o \u00e1lbum. Era muito mais para ter algumas figurinhas do que realmente para completar\u201d, explica.<\/span><\/p>\n<h2 style=\"margin-top: 0cm;text-align: justify\"><b><span style=\"font-family: 'Arial',sans-serif\">Maior e mais caro<\/span><\/b><\/h2>\n<p style=\"margin-top: 0cm;text-align: justify\"><span style=\"font-family: 'Arial',sans-serif\">O susto com os pre\u00e7os de 2026 impacta todos os fan\u00e1ticos. O pacotinho custar\u00e1 R$ 7,00 e, embora a Panini, editora que produz o \u00e1lbum, tenha aumentado o n\u00famero de cromos por envelope para sete, a percep\u00e7\u00e3o de valor mudou por conta do volume da cole\u00e7\u00e3o, que saltou para 980 figurinhas, sendo 68 delas especiais.<\/span><\/p>\n<figure id=\"attachment_462136\" aria-describedby=\"caption-attachment-462136\" style=\"width: 296px\" class=\"wp-caption alignleft\"><figcaption id=\"caption-attachment-462136\" class=\"wp-caption-text\">Apesar do pre\u00e7o, Jean Lucca Silva vai novamente tentar completar o \u00e1lbum | Arquivo pessoal<\/figcaption><\/figure>\n<p style=\"margin-top: 0cm;text-align: justify\"><span style=\"font-family: 'Arial',sans-serif\">S\u00e3o 310 cromos a mais em compara\u00e7\u00e3o \u00e0 edi\u00e7\u00e3o de 2022, \u00faltima com 32 sele\u00e7\u00f5es. Estima-se que ser\u00e3o necess\u00e1rios mais de R$ 7 mil para completar as 112 p\u00e1ginas deste ano sem considerar a tradicional troca entre colecionadores. J\u00e1 quem for \u00e0s bancas de jornal com uma boa estrat\u00e9gia deve atingir o objetivo com um investimento de pouco mais de R$ 1 mil. De toda forma, o valor m\u00ednimo para completar, sem tirar nenhuma repetida, \u00e9 de R$ 980 \u2013 em 2014, custava R$ 128.<\/span><\/p>\n<p style=\"text-align: justify\"><span style=\"font-family: 'Arial',sans-serif\">No ano em que o Brasil sediou o Mundial, o torcedor desembolsava apenas R$ 1,00 para adquirir um envelope com cinco cromos. Doze anos depois, o pre\u00e7o saltou e o aumento de 600% no valor do conjunto \u201catropela\u201d o \u00cdndice de Pre\u00e7os ao Consumidor Amplo (IPCA). Se o valor durante a Copa no Brasil fosse apenas ajustado ao passo da infla\u00e7\u00e3o, o pacote atual custaria R$ 1,94, segundo a calculadora oficial do Instituto Brasileiro de Geografia e Estat\u00edstica (IBGE).<\/span><\/p>\n<p style=\"text-align: justify\"><span style=\"font-family: 'Arial',sans-serif\">O problema para o colecionador \u00e9 que, em 2026, o R$ 1,00 que antes comprava um pacote hoje \u00e9 o pre\u00e7o de uma figurinha solit\u00e1ria. Em 2022, o investimento era de R$ 4,00 por envelope por cinco cromos, o que representa R$ 0,80 por figurinha. Portanto, houve um aumento de 25% por cromo somente no intervalo entre o \u00faltimo torneio e o deste ano.<\/span><\/p>\n<p style=\"margin-top: 0cm;text-align: justify\"><span style=\"font-family: 'Arial',sans-serif\">\u201cAcho que [aumentar a quantidade de figurinhas por envelope] foi a maneira que a Panini encontrou para tentar ofuscar o pre\u00e7o. Eles colocaram sete figurinhas e aumentaram R$ 0,20 por cromo. Se voc\u00ea for ver assim, \u00e9 at\u00e9 normal pelos quatro anos que se passaram. Mas quando pensamos que tem quase mil figurinhas no \u00e1lbum e voc\u00ea come\u00e7a a fazer conta, \u00e9 a hora que o filho chora e a m\u00e3e n\u00e3o v\u00ea\u201d, brinca Silva.<\/span><\/p>\n<p style=\"margin-top: 0cm;text-align: justify\"><span style=\"font-family: 'Arial',sans-serif\">\u201cEu tomei por embasamento que o valor m\u00ednimo investido teria de ser esse (R$ 1 mil). V\u00e3o vir muitas repetidas, ent\u00e3o \u00e9 obrigat\u00f3rio ir a um ponto de encontro e trocar. Assim voc\u00ea consegue economizar um bom dinheiro. Com toda certeza, as figurinhas v\u00e3o entrar na minha planilha. Eu acho que para mim, hoje, eu n\u00e3o precisaria cortar algum gasto ou me preocupar tanto, mas n\u00e3o \u00e9 por conta disso que n\u00e3o precisa ter um planejamento\u201d, acrescenta.<\/span><\/p>\n<p style=\"margin-top: 0cm;text-align: justify\"><span style=\"font-family: 'Arial',sans-serif\">A reportagem procurou a Panini para entender os fatores que levaram ao novo patamar de pre\u00e7os, mas n\u00e3o obteve retorno at\u00e9 o momento.<\/span><\/p>\n<h3 style=\"margin-top: 0cm;text-align: justify\"><b><span style=\"font-family: 'Arial',sans-serif\">Estrat\u00e9gia \u00e9 fundamental<\/span><\/b><\/h3>\n<p style=\"margin-top: 0cm;text-align: justify\"><span style=\"font-family: 'Arial',sans-serif\">A estrat\u00e9gia \u00e9 a \u00fanica forma de n\u00e3o transformar o lazer em d\u00edvida. Por isso, o colecionador n\u00e3o descarta at\u00e9 mesmo vender cromos com alta demanda, como os dos principais craques do futebol mundial.<b\/><\/span><\/p>\n<p style=\"margin-top: 0cm;text-align: justify\"><span style=\"font-family: 'Arial',sans-serif\">\u201cTem gente que n\u00e3o gosta de quem vende figurinhas separadas, mas esse mercado existe. \u00c0s vezes voc\u00ea tem duas ou tr\u00eas do Messi e precisa de um Cristiano Ronaldo, ent\u00e3o a pessoa n\u00e3o consegue ou n\u00e3o quer trocar, mas ela vende. Ou voc\u00ea compra dela ou voc\u00ea vende. Vai tirar um dinheiro do seu or\u00e7amento, mas se voc\u00ea fizer com planejamento, eu acho que n\u00e3o vai dar dor de cabe\u00e7a.\u201d<\/span><\/p>\n<p style=\"margin-top: 0cm;text-align: justify\"><span style=\"font-family: 'Arial',sans-serif\">O metal\u00fargico detalha um \u201cecossistema\u201d paralelo que toma o colecionismo por todo o Brasil e fica mais forte a cada Copa. As figurinhas \u201clegend\u201d (as variantes raras) tornaram-se ativos financeiros. Para o jovem, tirar uma dessas pe\u00e7as n\u00e3o \u00e9 motivo de celebra\u00e7\u00e3o para a cole\u00e7\u00e3o pessoal, mas uma oportunidade de neg\u00f3cio.<\/span><\/p>\n<p style=\"margin-top: 0cm;text-align: justify\"><span style=\"font-family: 'Arial',sans-serif\">\u201cEu as vejo como um b\u00f4nus pra erguer a paix\u00e3o, mas se eu tirar algum deles, eu provavelmente iria vend\u00ea-lo. N\u00e3o tenho pretens\u00e3o de ter na minha cole\u00e7\u00e3o\u201d, confessa Silva. Essa vis\u00e3o pragm\u00e1tica se estende \u00e0 forma como o mercado se adaptou aos pre\u00e7os proibitivos. De acordo com o colecionador, algumas pessoas esperam a emo\u00e7\u00e3o terminar e compram em mercado paralelo um \u00e1lbum completo ou quase completo, o que muitas vezes sai mais barato.<\/span><\/p>\n<p style=\"margin-top: 0cm;text-align: justify\"><span style=\"font-family: 'Arial',sans-serif\">As estrat\u00e9gias e os valores cada vez mais altos t\u00eam motivado o recuo de veteranos deste hobby, que resiste h\u00e1 d\u00e9cadas, de gera\u00e7\u00e3o em gera\u00e7\u00e3o. \u201cMuitos completavam um \u00e1lbum de cada tipo: prata, dourado, capa dura e capa mole. Vejo muitos falando que nessa Copa s\u00f3 v\u00e3o conseguir completar um. Outros importavam a vers\u00e3o da Su\u00ed\u00e7a, muito visada, e neste ano n\u00e3o v\u00e3o conseguir por conta do pre\u00e7o.\u201d<\/span><\/p>\n<p style=\"margin-top: 0cm;text-align: justify\"><span style=\"font-family: 'Arial',sans-serif\">Para ele, o \u00e1lbum deixou de ser democr\u00e1tico h\u00e1 tempos: \u201cEu acho que esse acesso j\u00e1 acabou. Desde quando o pacotinho custava R$ 4,00, R$ 2,00. Quem n\u00e3o tem condi\u00e7\u00e3o j\u00e1 deixou de comprar h\u00e1 muito tempo\u201d, lamenta o fan\u00e1tico. <\/span><\/p>\n<h4 style=\"margin-top: 0cm;text-align: justify\"><b><span style=\"font-family: 'Arial',sans-serif\">Valor sentimental<\/span><\/b><\/h4>\n<p style=\"margin-top: 0cm;text-align: justify\"><span style=\"font-family: 'Arial',sans-serif\">Em 2014, a Panini revelou que o brasileiro era o principal consumidor de figurinhas no planeta. No auge daquele Mundial, eram produzidos cerca de 40 milh\u00f5es de cromos diariamente na f\u00e1brica da empresa, na Grande S\u00e3o Paulo.<\/span><\/p>\n<figure id=\"attachment_462137\" aria-describedby=\"caption-attachment-462137\" style=\"width: 252px\" class=\"wp-caption alignleft\"><img data-recalc-dims=\"1\" loading=\"lazy\" decoding=\"async\" class=\"size-medium wp-image-462137 lazyload\" src=\"https:\/\/i0.wp.com\/www.tribunaribeirao.com.br\/wp-content\/uploads\/2026\/04\/1-materia-figurinhas-hugo-luque-foto-3-252x300.jpeg?resize=252%2C300&#038;ssl=1\" alt=\"\" width=\"252\" height=\"300\" srcset=\"https:\/\/www.tribunaribeirao.com.br\/wp-content\/uploads\/2026\/04\/1-materia-figurinhas-hugo-luque-foto-3-252x300.jpeg 252w, https:\/\/www.tribunaribeirao.com.br\/wp-content\/uploads\/2026\/04\/1-materia-figurinhas-hugo-luque-foto-3-336x400.jpeg 336w, https:\/\/www.tribunaribeirao.com.br\/wp-content\/uploads\/2026\/04\/1-materia-figurinhas-hugo-luque-foto-3-585x697.jpeg 585w, https:\/\/www.tribunaribeirao.com.br\/wp-content\/uploads\/2026\/04\/1-materia-figurinhas-hugo-luque-foto-3.jpeg 608w\" data-sizes=\"(max-width: 252px) 100vw, 252px\" style=\"--smush-placeholder-width: 252px; --smush-placeholder-aspect-ratio: 252\/300;\"\/><figcaption id=\"caption-attachment-462137\" class=\"wp-caption-text\">Com sete cromos, pacote de figurinhas custar\u00e1 R$ 7,00 | Divulga\u00e7\u00e3o<\/figcaption><\/figure>\n<p style=\"margin-top: 0cm;text-align: justify\"><span style=\"font-family: 'Arial',sans-serif\">Embora acredite que o hobby tenha a tend\u00eancia de ficar cada vez mais nichado, com menos interessados, o colecionador aposta no \u201cfator cora\u00e7\u00e3o\u201d que um \u00e1lbum de figurinhas toca em cada apaixonado por futebol que j\u00e1 foi, algum dia, uma crian\u00e7a ansiosa para ver a bola rolar no maior palco do futebol.<\/span><\/p>\n<p style=\"margin-top: 0cm;text-align: justify\"><span style=\"font-family: 'Arial',sans-serif\">\u201cPara mim continua sendo uma divers\u00e3o de crian\u00e7a. Vem daquele sonho de garoto de querer ser jogador e ter seu rosto num \u00e1lbum. Eu me divirto, converso e troco figurinha com crian\u00e7a, adulto e idoso. O \u00e1lbum n\u00e3o tem idade\u201d, diz ele, com um entusiasmo que sobrep\u00f5e a an\u00e1lise financeira.<\/span><\/p>\n<p style=\"margin-top: 0cm;text-align: justify\"><span style=\"font-family: 'Arial',sans-serif\">Para o entusiasta, o que vale o investimento \u00e9 a recorda\u00e7\u00e3o f\u00edsica de um momento hist\u00f3rico. De acordo com ele, o \u00e1lbum n\u00e3o vale a pena, no aspecto financeiro, para a maioria das pessoas. Mas, em quest\u00e3o de sentimento e nostalgia, \u00e9 item inestim\u00e1vel.<\/span><\/p>\n<p style=\"margin-top: 0cm;text-align: justify\"><span style=\"font-family: 'Arial',sans-serif\">\u201cO \u00e1lbum da Copa \u00e9 muito mais no sentido do conv\u00edvio do que de querer gastar rios de dinheiro. \u00c9 sobre se relacionar, que \u00e9 muito mais legal do que necessariamente completar\u201d, finaliza.<\/span><\/p>\n<\/div>\n<p><br \/>\n<br \/><a href=\"https:\/\/www.tribunaribeirao.com.br\/entre-a-nostalgia-e-o-orcamento\/\">Texto original daqui <\/a><\/p>\n<!-- CONTENT END 1 -->\n","protected":false},"excerpt":{"rendered":"<p>Por Hugo Luque O m\u00eas de maio marca o in\u00edcio de um ritual que atravessa gera\u00e7\u00f5es no Brasil, mas que, neste ano, carrega um peso&#8230;<\/p>\n","protected":false},"author":1,"featured_media":85247,"comment_status":"","ping_status":"","sticky":false,"template":"","format":"standard","meta":{"advanced_seo_description":"","jetpack_seo_html_title":"","jetpack_seo_noindex":false,"jetpack_post_was_ever_published":false,"_jetpack_newsletter_access":"","_jetpack_dont_email_post_to_subs":false,"_jetpack_newsletter_tier_id":0,"_jetpack_memberships_contains_paywalled_content":false,"_jetpack_memberships_contains_paid_content":false,"footnotes":"","jetpack_publicize_message":"","jetpack_publicize_feature_enabled":true,"jetpack_social_post_already_shared":true,"jetpack_social_options":{"image_generator_settings":{"template":"highway","default_image_id":0,"font":"","enabled":false},"version":2}},"categories":[11],"tags":[389,6477,1323],"class_list":["post-85246","post","type-post","status-publish","format-standard","has-post-thumbnail","hentry","category-noticias-de-ribeirao-preto-sp-e-regiao-ismael-colosi","tag-entre","tag-nostalgia","tag-orcamento"],"jetpack_publicize_connections":[],"jetpack_featured_media_url":"https:\/\/i0.wp.com\/noticiasribeiraopreto.com.br\/wp-content\/uploads\/2026\/04\/1-materia-figurinhas-hugo-luque-_-foto-1-scaled.jpeg?fit=1200%2C733&ssl=1","jetpack-related-posts":[{"id":80813,"url":"https:\/\/noticiasribeiraopreto.com.br\/index.php\/2025\/12\/14\/a-febre-das-figurinhas-se-aproxima-com-a-chegada-da-copa\/","url_meta":{"origin":85246,"position":0},"title":"A febre das figurinhas se aproxima com a chegada da Copa","author":"noticiasribeiraopreto.com.br","date":"14 de December de 2025","format":false,"excerpt":"Por Igor Ramos \u00a0 O ano que vem ter\u00e1 a Copa mais inusitada da hist\u00f3ria, com 48 sele\u00e7\u00f5es, o que j\u00e1 deixa ainda mais ansiosos aqueles que t\u00eam o hobby de colecionar figurinhas. De quatro em quatro anos, a febre da compra de \u00e1lbuns, das trocas em grupos de amigos,\u2026","rel":"","context":"In &quot;Not\u00edcias de Ribeir\u00e3o Preto-SP e Regi\u00e3o&quot;","block_context":{"text":"Not\u00edcias de Ribeir\u00e3o Preto-SP e Regi\u00e3o","link":"https:\/\/noticiasribeiraopreto.com.br\/index.php\/category\/noticias-de-ribeirao-preto-sp-e-regiao-ismael-colosi\/"},"img":{"alt_text":"","src":"https:\/\/i0.wp.com\/noticiasribeiraopreto.com.br\/wp-content\/uploads\/2025\/12\/1-figurinhas-Alfredo-Risk-4-scaled.jpg?fit=1170%2C780&ssl=1&resize=350%2C200","width":350,"height":200,"srcset":"https:\/\/i0.wp.com\/noticiasribeiraopreto.com.br\/wp-content\/uploads\/2025\/12\/1-figurinhas-Alfredo-Risk-4-scaled.jpg?fit=1170%2C780&ssl=1&resize=350%2C200 1x, https:\/\/i0.wp.com\/noticiasribeiraopreto.com.br\/wp-content\/uploads\/2025\/12\/1-figurinhas-Alfredo-Risk-4-scaled.jpg?fit=1170%2C780&ssl=1&resize=525%2C300 1.5x, https:\/\/i0.wp.com\/noticiasribeiraopreto.com.br\/wp-content\/uploads\/2025\/12\/1-figurinhas-Alfredo-Risk-4-scaled.jpg?fit=1170%2C780&ssl=1&resize=700%2C400 2x, https:\/\/i0.wp.com\/noticiasribeiraopreto.com.br\/wp-content\/uploads\/2025\/12\/1-figurinhas-Alfredo-Risk-4-scaled.jpg?fit=1170%2C780&ssl=1&resize=1050%2C600 3x"},"classes":[]},{"id":55410,"url":"https:\/\/noticiasribeiraopreto.com.br\/index.php\/2024\/08\/01\/rede-de-supermercados-celebra-aniversario-com-figurinhas-do-harry-potter-veja-como-participar\/","url_meta":{"origin":85246,"position":1},"title":"Rede de supermercados celebra anivers\u00e1rio com figurinhas do Harry Potter; Veja como participar","author":"noticiasribeiraopreto.com.br","date":"1 de August de 2024","format":false,"excerpt":"Durante as comemora\u00e7\u00f5es de anivers\u00e1rio dos 48 anos do Savegnago Supermercados, os clientes Save Ganhe poder\u00e3o participar da promo\u00e7\u00e3o do \u00e1lbum de figurinhas do Harry Potter. Na promo\u00e7\u00e3o, a cada R$ 50 em compras em todas as lojas da rede, o consumidor ganha um pacote com quatro figurinhas adesivas. J\u00e1\u2026","rel":"","context":"In &quot;Not\u00edcias de Ribeir\u00e3o Preto-SP e Regi\u00e3o&quot;","block_context":{"text":"Not\u00edcias de Ribeir\u00e3o Preto-SP e Regi\u00e3o","link":"https:\/\/noticiasribeiraopreto.com.br\/index.php\/category\/noticias-de-ribeirao-preto-sp-e-regiao-ismael-colosi\/"},"img":{"alt_text":"","src":"https:\/\/i0.wp.com\/noticiasribeiraopreto.com.br\/wp-content\/uploads\/2024\/08\/album-harry-potter-1_2024-08-01_20-22-02_jpg_2024-08-01_20-22-03.webp.webp?fit=1200%2C799&ssl=1&resize=350%2C200","width":350,"height":200,"srcset":"https:\/\/i0.wp.com\/noticiasribeiraopreto.com.br\/wp-content\/uploads\/2024\/08\/album-harry-potter-1_2024-08-01_20-22-02_jpg_2024-08-01_20-22-03.webp.webp?fit=1200%2C799&ssl=1&resize=350%2C200 1x, https:\/\/i0.wp.com\/noticiasribeiraopreto.com.br\/wp-content\/uploads\/2024\/08\/album-harry-potter-1_2024-08-01_20-22-02_jpg_2024-08-01_20-22-03.webp.webp?fit=1200%2C799&ssl=1&resize=525%2C300 1.5x, https:\/\/i0.wp.com\/noticiasribeiraopreto.com.br\/wp-content\/uploads\/2024\/08\/album-harry-potter-1_2024-08-01_20-22-02_jpg_2024-08-01_20-22-03.webp.webp?fit=1200%2C799&ssl=1&resize=700%2C400 2x, https:\/\/i0.wp.com\/noticiasribeiraopreto.com.br\/wp-content\/uploads\/2024\/08\/album-harry-potter-1_2024-08-01_20-22-02_jpg_2024-08-01_20-22-03.webp.webp?fit=1200%2C799&ssl=1&resize=1050%2C600 3x"},"classes":[]},{"id":84106,"url":"https:\/\/noticiasribeiraopreto.com.br\/index.php\/2026\/04\/01\/album-da-copa-2026-tera-980-figurinhas-veja-o-preco-dos-pacotes\/","url_meta":{"origin":85246,"position":2},"title":"\u00c1lbum da Copa 2026 ter\u00e1 980 figurinhas; veja o pre\u00e7o dos pacotes","author":"noticiasribeiraopreto.com.br","date":"1 de April de 2026","format":false,"excerpt":"Ler o resumo da not\u00edcia Pr\u00e9-venda do \u00e1lbum oficial da Copa 2026 come\u00e7ou nesta quarta-feira (1\u00ba); lan\u00e7amento oficial nas bancas ocorre em 1\u00ba de maio. O \u00e1lbum ter\u00e1 980 figurinhas, n\u00famero recorde hist\u00f3rico, sendo 912 em papel couch\u00e9 e 68 com acabamento metalizado. Vers\u00f5es dispon\u00edveis: \u0431\u0440\u043e\u0448\u0443\u0440\u0430 (R$ 24,90), capa dura\u2026","rel":"","context":"In &quot;Not\u00edcias de Ribeir\u00e3o Preto-SP e Regi\u00e3o&quot;","block_context":{"text":"Not\u00edcias de Ribeir\u00e3o Preto-SP e Regi\u00e3o","link":"https:\/\/noticiasribeiraopreto.com.br\/index.php\/category\/noticias-de-ribeirao-preto-sp-e-regiao-ismael-colosi\/"},"img":{"alt_text":"","src":"https:\/\/i0.wp.com\/noticiasribeiraopreto.com.br\/wp-content\/uploads\/2026\/04\/palace-2026-04-01T175839.644_2026-04-01_20-58-50.webp.webp?fit=1200%2C675&ssl=1&resize=350%2C200","width":350,"height":200,"srcset":"https:\/\/i0.wp.com\/noticiasribeiraopreto.com.br\/wp-content\/uploads\/2026\/04\/palace-2026-04-01T175839.644_2026-04-01_20-58-50.webp.webp?fit=1200%2C675&ssl=1&resize=350%2C200 1x, https:\/\/i0.wp.com\/noticiasribeiraopreto.com.br\/wp-content\/uploads\/2026\/04\/palace-2026-04-01T175839.644_2026-04-01_20-58-50.webp.webp?fit=1200%2C675&ssl=1&resize=525%2C300 1.5x, https:\/\/i0.wp.com\/noticiasribeiraopreto.com.br\/wp-content\/uploads\/2026\/04\/palace-2026-04-01T175839.644_2026-04-01_20-58-50.webp.webp?fit=1200%2C675&ssl=1&resize=700%2C400 2x, https:\/\/i0.wp.com\/noticiasribeiraopreto.com.br\/wp-content\/uploads\/2026\/04\/palace-2026-04-01T175839.644_2026-04-01_20-58-50.webp.webp?fit=1200%2C675&ssl=1&resize=1050%2C600 3x"},"classes":[]},{"id":21152,"url":"https:\/\/noticiasribeiraopreto.com.br\/index.php\/2023\/12\/27\/passo-a-passo-para-criar-seu-proprio-modelo-no-sua-vez-do-instagram\/","url_meta":{"origin":85246,"position":3},"title":"Passo a passo para criar seu pr\u00f3prio modelo no &#8216;Sua vez&#8217; do Instagram","author":"noticiasribeiraopreto.com.br","date":"27 de December de 2023","format":false,"excerpt":"Se voc\u00ea \u00e9 um usu\u00e1rio \u00e1vido do Instagram, provavelmente j\u00e1 notou a chegada de uma nova figurinha chamada \u201cSua vez\u201d. A novidade transforma o seu Story em um modelo personaliz\u00e1vel, que pode acabar facilmente partilhado por outros usu\u00e1rios da rede social. A \u201cSua vez\u201d est\u00e1 sendo amplamente utilizada para a\u2026","rel":"","context":"In &quot;Variedades&quot;","block_context":{"text":"Variedades","link":"https:\/\/noticiasribeiraopreto.com.br\/index.php\/category\/variedades\/"},"img":{"alt_text":"","src":"https:\/\/i0.wp.com\/noticiasribeiraopreto.com.br\/wp-content\/uploads\/2023\/12\/img-20231218-wa0462-scaled.jpg?fit=1200%2C638&ssl=1&resize=350%2C200","width":350,"height":200,"srcset":"https:\/\/i0.wp.com\/noticiasribeiraopreto.com.br\/wp-content\/uploads\/2023\/12\/img-20231218-wa0462-scaled.jpg?fit=1200%2C638&ssl=1&resize=350%2C200 1x, https:\/\/i0.wp.com\/noticiasribeiraopreto.com.br\/wp-content\/uploads\/2023\/12\/img-20231218-wa0462-scaled.jpg?fit=1200%2C638&ssl=1&resize=525%2C300 1.5x, https:\/\/i0.wp.com\/noticiasribeiraopreto.com.br\/wp-content\/uploads\/2023\/12\/img-20231218-wa0462-scaled.jpg?fit=1200%2C638&ssl=1&resize=700%2C400 2x, https:\/\/i0.wp.com\/noticiasribeiraopreto.com.br\/wp-content\/uploads\/2023\/12\/img-20231218-wa0462-scaled.jpg?fit=1200%2C638&ssl=1&resize=1050%2C600 3x"},"classes":[]},{"id":61891,"url":"https:\/\/noticiasribeiraopreto.com.br\/index.php\/2024\/12\/26\/orcamento-de-r-5-bilhoes-para-ribeirao-preto-em-2025-e-sancionado\/","url_meta":{"origin":85246,"position":4},"title":"Or\u00e7amento de R$ 5 bilh\u00f5es para Ribeir\u00e3o Preto em 2025\u00a0\u00e9\u00a0sancionado","author":"noticiasribeiraopreto.com.br","date":"26 de December de 2024","format":false,"excerpt":"O prefeito de Ribeir\u00e3o Preto, Duarte Nogueira, sancionou nesta quinta-feira (26), o or\u00e7amento municipal para o ano de 2025, que ultrapassa a marca hist\u00f3rica de R$ 5 bilh\u00f5es. Vale lembrar que o prefeito eleito Ricardo Silva herdar\u00e1 esse or\u00e7amento, considerado o maior da hist\u00f3ria da cidade. Recentemente, Ricardo alegou que\u2026","rel":"","context":"In &quot;Not\u00edcias de Ribeir\u00e3o Preto-SP e Regi\u00e3o&quot;","block_context":{"text":"Not\u00edcias de Ribeir\u00e3o Preto-SP e Regi\u00e3o","link":"https:\/\/noticiasribeiraopreto.com.br\/index.php\/category\/noticias-de-ribeirao-preto-sp-e-regiao-ismael-colosi\/"},"img":{"alt_text":"","src":"https:\/\/i0.wp.com\/noticiasribeiraopreto.com.br\/wp-content\/uploads\/2024\/10\/duarte-nogueira-ricardo-silva_2024-10-29_13-32-11_jpeg_2024-10-29_13-32-11.webp.webp?fit=1200%2C798&ssl=1&resize=350%2C200","width":350,"height":200,"srcset":"https:\/\/i0.wp.com\/noticiasribeiraopreto.com.br\/wp-content\/uploads\/2024\/10\/duarte-nogueira-ricardo-silva_2024-10-29_13-32-11_jpeg_2024-10-29_13-32-11.webp.webp?fit=1200%2C798&ssl=1&resize=350%2C200 1x, https:\/\/i0.wp.com\/noticiasribeiraopreto.com.br\/wp-content\/uploads\/2024\/10\/duarte-nogueira-ricardo-silva_2024-10-29_13-32-11_jpeg_2024-10-29_13-32-11.webp.webp?fit=1200%2C798&ssl=1&resize=525%2C300 1.5x, https:\/\/i0.wp.com\/noticiasribeiraopreto.com.br\/wp-content\/uploads\/2024\/10\/duarte-nogueira-ricardo-silva_2024-10-29_13-32-11_jpeg_2024-10-29_13-32-11.webp.webp?fit=1200%2C798&ssl=1&resize=700%2C400 2x, https:\/\/i0.wp.com\/noticiasribeiraopreto.com.br\/wp-content\/uploads\/2024\/10\/duarte-nogueira-ricardo-silva_2024-10-29_13-32-11_jpeg_2024-10-29_13-32-11.webp.webp?fit=1200%2C798&ssl=1&resize=1050%2C600 3x"},"classes":[]},{"id":84136,"url":"https:\/\/noticiasribeiraopreto.com.br\/index.php\/2026\/04\/02\/cetesb-abre-processo-seletivo-com-vagas-em-ribeirao-preto-veja-como-participar\/","url_meta":{"origin":85246,"position":5},"title":"Cetesb abre processo seletivo com vagas em Ribeir\u00e3o Preto; Veja como participar","author":"noticiasribeiraopreto.com.br","date":"2 de April de 2026","format":false,"excerpt":"Ler o resumo da not\u00edcia Cetesb abre processo seletivo com vagas em Ribeir\u00e3o Preto; Veja como participar A Cetesb (Companhia Ambiental do Estado de S\u00e3o Paulo) anunciou a abertura das inscri\u00e7\u00f5es para seu programa de est\u00e1gio - 2026. Ao todo, s\u00e3o 200 vagas distribu\u00eddas por todo o Estado, incluindo Ribeir\u00e3o\u2026","rel":"","context":"In &quot;Not\u00edcias de Ribeir\u00e3o Preto-SP e Regi\u00e3o&quot;","block_context":{"text":"Not\u00edcias de Ribeir\u00e3o Preto-SP e Regi\u00e3o","link":"https:\/\/noticiasribeiraopreto.com.br\/index.php\/category\/noticias-de-ribeirao-preto-sp-e-regiao-ismael-colosi\/"},"img":{"alt_text":"","src":"https:\/\/i0.wp.com\/noticiasribeiraopreto.com.br\/wp-content\/uploads\/2026\/04\/palace-21_2026-02-19_18-50-18.webp.webp?fit=1200%2C675&ssl=1&resize=350%2C200","width":350,"height":200,"srcset":"https:\/\/i0.wp.com\/noticiasribeiraopreto.com.br\/wp-content\/uploads\/2026\/04\/palace-21_2026-02-19_18-50-18.webp.webp?fit=1200%2C675&ssl=1&resize=350%2C200 1x, https:\/\/i0.wp.com\/noticiasribeiraopreto.com.br\/wp-content\/uploads\/2026\/04\/palace-21_2026-02-19_18-50-18.webp.webp?fit=1200%2C675&ssl=1&resize=525%2C300 1.5x, https:\/\/i0.wp.com\/noticiasribeiraopreto.com.br\/wp-content\/uploads\/2026\/04\/palace-21_2026-02-19_18-50-18.webp.webp?fit=1200%2C675&ssl=1&resize=700%2C400 2x, https:\/\/i0.wp.com\/noticiasribeiraopreto.com.br\/wp-content\/uploads\/2026\/04\/palace-21_2026-02-19_18-50-18.webp.webp?fit=1200%2C675&ssl=1&resize=1050%2C600 3x"},"classes":[]}],"jetpack_sharing_enabled":true,"jetpack_shortlink":"https:\/\/wp.me\/peQAOb-maW","_links":{"self":[{"href":"https:\/\/noticiasribeiraopreto.com.br\/index.php\/wp-json\/wp\/v2\/posts\/85246","targetHints":{"allow":["GET"]}}],"collection":[{"href":"https:\/\/noticiasribeiraopreto.com.br\/index.php\/wp-json\/wp\/v2\/posts"}],"about":[{"href":"https:\/\/noticiasribeiraopreto.com.br\/index.php\/wp-json\/wp\/v2\/types\/post"}],"author":[{"embeddable":true,"href":"https:\/\/noticiasribeiraopreto.com.br\/index.php\/wp-json\/wp\/v2\/users\/1"}],"replies":[{"embeddable":true,"href":"https:\/\/noticiasribeiraopreto.com.br\/index.php\/wp-json\/wp\/v2\/comments?post=85246"}],"version-history":[{"count":0,"href":"https:\/\/noticiasribeiraopreto.com.br\/index.php\/wp-json\/wp\/v2\/posts\/85246\/revisions"}],"wp:featuredmedia":[{"embeddable":true,"href":"https:\/\/noticiasribeiraopreto.com.br\/index.php\/wp-json\/wp\/v2\/media\/85247"}],"wp:attachment":[{"href":"https:\/\/noticiasribeiraopreto.com.br\/index.php\/wp-json\/wp\/v2\/media?parent=85246"}],"wp:term":[{"taxonomy":"category","embeddable":true,"href":"https:\/\/noticiasribeiraopreto.com.br\/index.php\/wp-json\/wp\/v2\/categories?post=85246"},{"taxonomy":"post_tag","embeddable":true,"href":"https:\/\/noticiasribeiraopreto.com.br\/index.php\/wp-json\/wp\/v2\/tags?post=85246"}],"curies":[{"name":"wp","href":"https:\/\/api.w.org\/{rel}","templated":true}]}}