{"id":85259,"date":"2026-04-27T07:57:31","date_gmt":"2026-04-27T10:57:31","guid":{"rendered":"https:\/\/noticiasribeiraopreto.com.br\/index.php\/2026\/04\/27\/palmeiras-derrota-bragantino-para-manter-lideranca-no-brasileiro\/"},"modified":"2026-04-27T07:57:31","modified_gmt":"2026-04-27T10:57:31","slug":"palmeiras-derrota-bragantino-para-manter-lideranca-no-brasileiro","status":"publish","type":"post","link":"https:\/\/noticiasribeiraopreto.com.br\/index.php\/2026\/04\/27\/palmeiras-derrota-bragantino-para-manter-lideranca-no-brasileiro\/","title":{"rendered":"Palmeiras derrota Bragantino para manter lideran\u00e7a no Brasileiro"},"content":{"rendered":"<div class='code-block code-block-1' style='margin: 8px 0 8px auto; text-align: right; display: block; clear: both;'>\n<p><a href=\"https:\/\/wa.link\/vpicfd\"><img data-recalc-dims=\"1\" class=\"wp-image-4922\" style=\"aspect-ratio: 2.0253164556962027; width: 561px; height: auto;\" src=\"https:\/\/i0.wp.com\/ismaelcolosi.com.br\/wp-content\/uploads\/2023\/11\/grupo-de-empregos-whatsapp-e-facebook-ismael-colosi-vagas.jpg?ssl=1\" alt=\"\" \/><\/a><\/p>\n<!-- \/wp:image -->\n<\/div>\n<p> <br \/>\n<\/p>\n<div id=\"\">&#13;<br \/>\n\t\t\t\t\t\t\t\t&#13;<\/p>\n<p>&#13;<br \/>\n\t\t\t\t\t\t\t\t\t<span class=\"entry-meta-item penci-posted-on\"><i class=\"fa fa-clock-o\"\/><time class=\"entry-date published updated\" datetime=\"2026-04-27T07:55:48-03:00\">27 de abril de 2026 07:55<\/time><\/span><span class=\"entry-meta-item penci-post-countview\"\/>\t\t\t\t\t\t\t\t<\/p>\n<p><!-- .entry-meta -->&#13;<br \/>\n\t\t\t\t\t\t\t\t<span class=\"penci-social-buttons penci-social-share-footer\"><span class=\"penci-social-share-text\">Compartilhar<\/span><a href=\"#\" class=\"penci-post-like penci_post-meta_item  single-like-button penci-social-item like\" data-post_id=\"462226\" title=\"Like\" data-like=\"Like\" data-unlike=\"Unlike\"><i class=\"fa fa-thumbs-o-up\"\/><span class=\"penci-share-number\">0<\/span><\/a><i class=\"fa fa-facebook\"\/><a class=\"penci-social-item twitter\" target=\"_blank\" rel=\"noopener\" title=\"\" href=\"https:\/\/twitter.com\/intent\/tweet?text=Palmeiras%20derrota%20Bragantino%20para%20manter%20lideran\u00e7a%20no%20Brasileiro%20-%20https:\/\/www.tribunaribeirao.com.br\/palmeiras-derrota-bragantino-para-manter-lideranca-no-brasileiro\/\"><i class=\"fa fa-twitter\"\/><\/a><i class=\"fa fa-linkedin\"\/><i class=\"fa fa-whatsapp\"\/><i class=\"fa fa-telegram\"\/><i class=\"fa fa-envelope\"\/><\/span>\t\t\t\t\t\t\t<\/div>\n<div>\n<p>O Palmeiras mostrou efici\u00eancia para derrotar o Bragantino por 1 a 0, na noite deste domingo (26) no Est\u00e1dio Municipal C\u00edcero de Souza Marques, em Bragan\u00e7a Paulista, para permanecer na lideran\u00e7a isolada do Campeonato Brasileiro.<\/p>\n<p>Gra\u00e7as aos tr\u00eas pontos somados fora de casa, o Verd\u00e3o chegou aos 32 pontos na 13\u00aa rodada da competi\u00e7\u00e3o. J\u00e1 para o Massa Bruta o rev\u00e9s representou permanecer com 17 pontos, na 9\u00aa coloca\u00e7\u00e3o da classifica\u00e7\u00e3o.<\/p>\n<p>Em um confronto muito parelho, a vit\u00f3ria da equipe comandada pelo t\u00e9cnico portugu\u00eas Abel Ferreira foi garantida gra\u00e7as a gol do argentino Flaco L\u00f3pez aos 20 minutos do primeiro tempo ap\u00f3s jogada de muita ra\u00e7a do atacante paraguaio Ram\u00f3n Sosa.<\/p>\n<p>J\u00e1 a vice-lideran\u00e7a do Brasileiro continua sendo ocupada pelo Flamengo, que, atuando em Belo Horizonte, superou o Atl\u00e9tico-MG por 4 a 0 com gols de Arrascaeta, Plata e Pedro (dois). Com o resultado o Rubro-Negro alcan\u00e7ou os 26 pontos. Com o rev\u00e9s em casa, o Galo fica na 15\u00aa posi\u00e7\u00e3o com 14 pontos.<\/p>\n<p>Com a mesma pontua\u00e7\u00e3o, mas ocupando a terceira coloca\u00e7\u00e3o, o Fluminense superou a lanterna Chapecoense por 2 a 1 no est\u00e1dio do Maracan\u00e3 gra\u00e7as ao faro de gol do atacante John Kennedy. O Tricolor das Laranjeiras abriu o placar com Savarino em cobran\u00e7a de p\u00eanalti, mas a Chape igualou com um belo chute de longa dist\u00e2ncia de \u00canio. E quando tudo indicava que o confronto terminaria em igualdade, o camisa nove do Flu decidiu a partida.<\/p>\n<p>Outros resultados:<\/p>\n<p>Corinthians 1 x 0 Vasco<br \/>Gr\u00eamio 1 x 0 Coritiba<br \/>Athletico-PR 3 x 1 Vit\u00f3ria<\/p>\n<\/div>\n<p><script async src=\"\/\/platform.twitter.com\/widgets.js\" charset=\"utf-8\"><\/script><br \/>\n<br \/><br \/>\n<br \/><a href=\"https:\/\/www.tribunaribeirao.com.br\/palmeiras-derrota-bragantino-para-manter-lideranca-no-brasileiro\/\">Texto original daqui <\/a><\/p>\n<!-- CONTENT END 1 -->\n","protected":false},"excerpt":{"rendered":"<p>&#13; &#13; &#13; 27 de abril de 2026 07:55 &#13; Compartilhar0 O Palmeiras mostrou efici\u00eancia para derrotar o Bragantino por 1 a 0, na noite&#8230;<\/p>\n","protected":false},"author":1,"featured_media":85260,"comment_status":"","ping_status":"","sticky":false,"template":"","format":"standard","meta":{"advanced_seo_description":"","jetpack_seo_html_title":"","jetpack_seo_noindex":false,"jetpack_post_was_ever_published":false,"_jetpack_newsletter_access":"","_jetpack_dont_email_post_to_subs":false,"_jetpack_newsletter_tier_id":0,"_jetpack_memberships_contains_paywalled_content":false,"_jetpack_memberships_contains_paid_content":false,"footnotes":"","jetpack_publicize_message":"","jetpack_publicize_feature_enabled":true,"jetpack_social_post_already_shared":true,"jetpack_social_options":{"image_generator_settings":{"template":"highway","default_image_id":0,"font":"","enabled":false},"version":2}},"categories":[11],"tags":[3919,484,2999,2079,3857,459,71],"class_list":["post-85259","post","type-post","status-publish","format-standard","has-post-thumbnail","hentry","category-noticias-de-ribeirao-preto-sp-e-regiao-ismael-colosi","tag-bragantino","tag-brasileiro","tag-derrota","tag-lideranca","tag-manter","tag-palmeiras","tag-para"],"jetpack_publicize_connections":[],"jetpack_featured_media_url":"https:\/\/i0.wp.com\/noticiasribeiraopreto.com.br\/wp-content\/uploads\/2026\/04\/26042026_cg_palmeiras_destaque_3997_15.webp.webp?fit=1170%2C700&ssl=1","jetpack-related-posts":[{"id":79193,"url":"https:\/\/noticiasribeiraopreto.com.br\/index.php\/2025\/10\/27\/lider-palmeiras-empata-e-termina-rodada-um-ponto-a-frente-do-flamengo\/","url_meta":{"origin":85259,"position":0},"title":"L\u00edder Palmeiras empata e termina rodada um ponto \u00e0 frente do Flamengo","author":"noticiasribeiraopreto.com.br","date":"27 de October de 2025","format":false,"excerpt":"\u00a0 O Palmeiras teve a chance de abrir tr\u00eas pontos para o Flamengo na lideran\u00e7a do Campeonato Brasileiro. N\u00e3o aproveitou como gostaria, mas pelo menos colocou um ponto de vantagem sobre o rival direto. Na partida que encerrou a 30\u00aa rodada da competi\u00e7\u00e3o, na noite do \u00faltimo domingo (26), o\u2026","rel":"","context":"In &quot;Not\u00edcias de Ribeir\u00e3o Preto-SP e Regi\u00e3o&quot;","block_context":{"text":"Not\u00edcias de Ribeir\u00e3o Preto-SP e Regi\u00e3o","link":"https:\/\/noticiasribeiraopreto.com.br\/index.php\/category\/noticias-de-ribeirao-preto-sp-e-regiao-ismael-colosi\/"},"img":{"alt_text":"","src":"https:\/\/i0.wp.com\/noticiasribeiraopreto.com.br\/wp-content\/uploads\/2025\/10\/palmeiras-cruzeiro-750x375-1.webp.webp?fit=750%2C375&ssl=1&resize=350%2C200","width":350,"height":200,"srcset":"https:\/\/i0.wp.com\/noticiasribeiraopreto.com.br\/wp-content\/uploads\/2025\/10\/palmeiras-cruzeiro-750x375-1.webp.webp?fit=750%2C375&ssl=1&resize=350%2C200 1x, https:\/\/i0.wp.com\/noticiasribeiraopreto.com.br\/wp-content\/uploads\/2025\/10\/palmeiras-cruzeiro-750x375-1.webp.webp?fit=750%2C375&ssl=1&resize=525%2C300 1.5x, https:\/\/i0.wp.com\/noticiasribeiraopreto.com.br\/wp-content\/uploads\/2025\/10\/palmeiras-cruzeiro-750x375-1.webp.webp?fit=750%2C375&ssl=1&resize=700%2C400 2x"},"classes":[]},{"id":70394,"url":"https:\/\/noticiasribeiraopreto.com.br\/index.php\/2025\/05\/25\/confira-a-10a-rodada-do-brasileirao-palmeiras-decepciona-em-casa\/","url_meta":{"origin":85259,"position":1},"title":"Confira a 10\u00aa rodada do Brasileir\u00e3o: Palmeiras decepciona em casa","author":"noticiasribeiraopreto.com.br","date":"25 de May de 2025","format":false,"excerpt":"A 10\u00aa rodada do Campeonato Brasileiro 2025 trouxe confrontos equilibrados e defini\u00e7\u00f5es importantes na luta pela ponta da tabela e pela fuga da zona de rebaixamento. No s\u00e1bado (24), o Fluminense superou o Vasco por 2 a 1, em jogo disputado no Rio de Janeiro. No Morumbi, o Mirassol conseguiu\u2026","rel":"","context":"In &quot;Not\u00edcias de Ribeir\u00e3o Preto-SP e Regi\u00e3o&quot;","block_context":{"text":"Not\u00edcias de Ribeir\u00e3o Preto-SP e Regi\u00e3o","link":"https:\/\/noticiasribeiraopreto.com.br\/index.php\/category\/noticias-de-ribeirao-preto-sp-e-regiao-ismael-colosi\/"},"img":{"alt_text":"","src":"https:\/\/i0.wp.com\/noticiasribeiraopreto.com.br\/wp-content\/uploads\/2025\/05\/palmeiras.jpg?fit=1200%2C675&ssl=1&resize=350%2C200","width":350,"height":200,"srcset":"https:\/\/i0.wp.com\/noticiasribeiraopreto.com.br\/wp-content\/uploads\/2025\/05\/palmeiras.jpg?fit=1200%2C675&ssl=1&resize=350%2C200 1x, https:\/\/i0.wp.com\/noticiasribeiraopreto.com.br\/wp-content\/uploads\/2025\/05\/palmeiras.jpg?fit=1200%2C675&ssl=1&resize=525%2C300 1.5x, https:\/\/i0.wp.com\/noticiasribeiraopreto.com.br\/wp-content\/uploads\/2025\/05\/palmeiras.jpg?fit=1200%2C675&ssl=1&resize=700%2C400 2x, https:\/\/i0.wp.com\/noticiasribeiraopreto.com.br\/wp-content\/uploads\/2025\/05\/palmeiras.jpg?fit=1200%2C675&ssl=1&resize=1050%2C600 3x"},"classes":[]},{"id":68042,"url":"https:\/\/noticiasribeiraopreto.com.br\/index.php\/2025\/04\/21\/na-briga-pela-lideranca-palmeiras-visita-fortaleza\/","url_meta":{"origin":85259,"position":2},"title":"Na briga pela lideran\u00e7a, Palmeiras visita Fortaleza\u00a0","author":"noticiasribeiraopreto.com.br","date":"21 de April de 2025","format":false,"excerpt":"20 de abril de 2025 14:3018 de abril de 2025 12:3664 Compartilhar0 Por Hugo Luque\u00a0 O Palmeiras entra em campo neste domingo, \u00e0s 18h30, para se manter na parte alta da tabela e na luta pela lideran\u00e7a do Campeonato Brasileiro contra o Fortaleza, no Castel\u00e3o, pela quinta rodada da competi\u00e7\u00e3o.\u2026","rel":"","context":"In &quot;Not\u00edcias de Ribeir\u00e3o Preto-SP e Regi\u00e3o&quot;","block_context":{"text":"Not\u00edcias de Ribeir\u00e3o Preto-SP e Regi\u00e3o","link":"https:\/\/noticiasribeiraopreto.com.br\/index.php\/category\/noticias-de-ribeirao-preto-sp-e-regiao-ismael-colosi\/"},"img":{"alt_text":"","src":"https:\/\/i0.wp.com\/noticiasribeiraopreto.com.br\/wp-content\/uploads\/2025\/04\/3-Fortaleza-x-Palmeiras-Brasileirao-Cesar-Greco_Palmeiras.jpg?fit=800%2C450&ssl=1&resize=350%2C200","width":350,"height":200,"srcset":"https:\/\/i0.wp.com\/noticiasribeiraopreto.com.br\/wp-content\/uploads\/2025\/04\/3-Fortaleza-x-Palmeiras-Brasileirao-Cesar-Greco_Palmeiras.jpg?fit=800%2C450&ssl=1&resize=350%2C200 1x, https:\/\/i0.wp.com\/noticiasribeiraopreto.com.br\/wp-content\/uploads\/2025\/04\/3-Fortaleza-x-Palmeiras-Brasileirao-Cesar-Greco_Palmeiras.jpg?fit=800%2C450&ssl=1&resize=525%2C300 1.5x, https:\/\/i0.wp.com\/noticiasribeiraopreto.com.br\/wp-content\/uploads\/2025\/04\/3-Fortaleza-x-Palmeiras-Brasileirao-Cesar-Greco_Palmeiras.jpg?fit=800%2C450&ssl=1&resize=700%2C400 2x"},"classes":[]},{"id":78097,"url":"https:\/\/noticiasribeiraopreto.com.br\/index.php\/2025\/10\/02\/palmeiras-bate-vasco-e-retoma-vice-lideranca-do-brasileirao\/","url_meta":{"origin":85259,"position":3},"title":"Palmeiras bate Vasco e retoma vice-lideran\u00e7a do Brasileir\u00e3o","author":"noticiasribeiraopreto.com.br","date":"2 de October de 2025","format":false,"excerpt":"2 de outubro de 2025 07:530 Compartilhar0 Verd\u00e3o domina e decide o jogo no primeiro tempo O Palmeiras reassumiu a vice-lideran\u00e7a do Brasileir\u00e3o ao ganhar com sobras do Vasco nesta quarta-feira (1\u00ba), por 3 a 0, no Allianz Parque. O triunfo foi de novo conquistado gra\u00e7as \u00e0 dupla mais inspirada\u2026","rel":"","context":"In &quot;Not\u00edcias de Ribeir\u00e3o Preto-SP e Regi\u00e3o&quot;","block_context":{"text":"Not\u00edcias de Ribeir\u00e3o Preto-SP e Regi\u00e3o","link":"https:\/\/noticiasribeiraopreto.com.br\/index.php\/category\/noticias-de-ribeirao-preto-sp-e-regiao-ismael-colosi\/"},"img":{"alt_text":"","src":"https:\/\/i0.wp.com\/noticiasribeiraopreto.com.br\/wp-content\/uploads\/2025\/10\/3-ATA-Flaco-Lopez-e-ATA-Vitor-Roque-Cesar-Greco_Palmeiras-scaled.jpg?fit=1200%2C676&ssl=1&resize=350%2C200","width":350,"height":200,"srcset":"https:\/\/i0.wp.com\/noticiasribeiraopreto.com.br\/wp-content\/uploads\/2025\/10\/3-ATA-Flaco-Lopez-e-ATA-Vitor-Roque-Cesar-Greco_Palmeiras-scaled.jpg?fit=1200%2C676&ssl=1&resize=350%2C200 1x, https:\/\/i0.wp.com\/noticiasribeiraopreto.com.br\/wp-content\/uploads\/2025\/10\/3-ATA-Flaco-Lopez-e-ATA-Vitor-Roque-Cesar-Greco_Palmeiras-scaled.jpg?fit=1200%2C676&ssl=1&resize=525%2C300 1.5x, https:\/\/i0.wp.com\/noticiasribeiraopreto.com.br\/wp-content\/uploads\/2025\/10\/3-ATA-Flaco-Lopez-e-ATA-Vitor-Roque-Cesar-Greco_Palmeiras-scaled.jpg?fit=1200%2C676&ssl=1&resize=700%2C400 2x, https:\/\/i0.wp.com\/noticiasribeiraopreto.com.br\/wp-content\/uploads\/2025\/10\/3-ATA-Flaco-Lopez-e-ATA-Vitor-Roque-Cesar-Greco_Palmeiras-scaled.jpg?fit=1200%2C676&ssl=1&resize=1050%2C600 3x"},"classes":[]},{"id":9961,"url":"https:\/\/noticiasribeiraopreto.com.br\/index.php\/2023\/12\/03\/palmeiras-joga-pelo-titulo-do-brasileirao-santos-para-escapar-do-rebaixamento\/","url_meta":{"origin":85259,"position":4},"title":"Palmeiras joga pelo t\u00edtulo do Brasileir\u00e3o; Santos para escapar do rebaixamento\u00a0\u00a0","author":"noticiasribeiraopreto.com.br","date":"3 de December de 2023","format":false,"excerpt":"Depois de ver o Botafogo liderar a competi\u00e7\u00e3o por diversas rodadas, o Palmeiras pode ser campe\u00e3o brasileiro neste domingo. Por isso, o Tribuna Ribeir\u00e3o elencou os cen\u00e1rios necess\u00e1rios para que o Verd\u00e3o erga a ta\u00e7a nesta rodada.\u00a0\u00a0Atualmente o time de Abel Ferreira tem 66 pontos e \u00e9 o l\u00edder. Botafogo,\u2026","rel":"","context":"In &quot;Not\u00edcias de Ribeir\u00e3o Preto-SP e Regi\u00e3o&quot;","block_context":{"text":"Not\u00edcias de Ribeir\u00e3o Preto-SP e Regi\u00e3o","link":"https:\/\/noticiasribeiraopreto.com.br\/index.php\/category\/noticias-de-ribeirao-preto-sp-e-regiao-ismael-colosi\/"},"img":{"alt_text":"","src":"https:\/\/i0.wp.com\/noticiasribeiraopreto.com.br\/wp-content\/uploads\/2023\/12\/pal-scaled.jpg?fit=1000%2C563&ssl=1&resize=350%2C200","width":350,"height":200,"srcset":"https:\/\/i0.wp.com\/noticiasribeiraopreto.com.br\/wp-content\/uploads\/2023\/12\/pal-scaled.jpg?fit=1000%2C563&ssl=1&resize=350%2C200 1x, https:\/\/i0.wp.com\/noticiasribeiraopreto.com.br\/wp-content\/uploads\/2023\/12\/pal-scaled.jpg?fit=1000%2C563&ssl=1&resize=525%2C300 1.5x, https:\/\/i0.wp.com\/noticiasribeiraopreto.com.br\/wp-content\/uploads\/2023\/12\/pal-scaled.jpg?fit=1000%2C563&ssl=1&resize=700%2C400 2x"},"classes":[]},{"id":69592,"url":"https:\/\/noticiasribeiraopreto.com.br\/index.php\/2025\/05\/07\/palmeiras-reencontra-cerro-porteno-no-paraguai\/","url_meta":{"origin":85259,"position":5},"title":"Palmeiras reencontra Cerro Porte\u00f1o no Paraguai\u00a0","author":"noticiasribeiraopreto.com.br","date":"7 de May de 2025","format":false,"excerpt":"7 de maio de 2025 12:306 de maio de 2025 19:2110 Compartilhar0 Por Hugo Luque\u00a0 O Palmeiras entra em campo nesta quarta-feira (7), \u00e0s 21h30, no Est\u00e1dio La Nueva Olla, em Assun\u00e7\u00e3o, no Paraguai, para enfrentar o Cerro Porte\u00f1o em partida v\u00e1lida pela quarta rodada do Grupo G da Copa\u2026","rel":"","context":"In &quot;Not\u00edcias de Ribeir\u00e3o Preto-SP e Regi\u00e3o&quot;","block_context":{"text":"Not\u00edcias de Ribeir\u00e3o Preto-SP e Regi\u00e3o","link":"https:\/\/noticiasribeiraopreto.com.br\/index.php\/category\/noticias-de-ribeirao-preto-sp-e-regiao-ismael-colosi\/"},"img":{"alt_text":"","src":"https:\/\/i0.wp.com\/noticiasribeiraopreto.com.br\/wp-content\/uploads\/2025\/05\/3-Palmeiras-x-Cerro-Porteno-Cesar-Greco_Palmeiras-2.jpg?fit=800%2C450&ssl=1&resize=350%2C200","width":350,"height":200,"srcset":"https:\/\/i0.wp.com\/noticiasribeiraopreto.com.br\/wp-content\/uploads\/2025\/05\/3-Palmeiras-x-Cerro-Porteno-Cesar-Greco_Palmeiras-2.jpg?fit=800%2C450&ssl=1&resize=350%2C200 1x, https:\/\/i0.wp.com\/noticiasribeiraopreto.com.br\/wp-content\/uploads\/2025\/05\/3-Palmeiras-x-Cerro-Porteno-Cesar-Greco_Palmeiras-2.jpg?fit=800%2C450&ssl=1&resize=525%2C300 1.5x, https:\/\/i0.wp.com\/noticiasribeiraopreto.com.br\/wp-content\/uploads\/2025\/05\/3-Palmeiras-x-Cerro-Porteno-Cesar-Greco_Palmeiras-2.jpg?fit=800%2C450&ssl=1&resize=700%2C400 2x"},"classes":[]}],"jetpack_sharing_enabled":true,"jetpack_shortlink":"https:\/\/wp.me\/peQAOb-mb9","_links":{"self":[{"href":"https:\/\/noticiasribeiraopreto.com.br\/index.php\/wp-json\/wp\/v2\/posts\/85259","targetHints":{"allow":["GET"]}}],"collection":[{"href":"https:\/\/noticiasribeiraopreto.com.br\/index.php\/wp-json\/wp\/v2\/posts"}],"about":[{"href":"https:\/\/noticiasribeiraopreto.com.br\/index.php\/wp-json\/wp\/v2\/types\/post"}],"author":[{"embeddable":true,"href":"https:\/\/noticiasribeiraopreto.com.br\/index.php\/wp-json\/wp\/v2\/users\/1"}],"replies":[{"embeddable":true,"href":"https:\/\/noticiasribeiraopreto.com.br\/index.php\/wp-json\/wp\/v2\/comments?post=85259"}],"version-history":[{"count":0,"href":"https:\/\/noticiasribeiraopreto.com.br\/index.php\/wp-json\/wp\/v2\/posts\/85259\/revisions"}],"wp:featuredmedia":[{"embeddable":true,"href":"https:\/\/noticiasribeiraopreto.com.br\/index.php\/wp-json\/wp\/v2\/media\/85260"}],"wp:attachment":[{"href":"https:\/\/noticiasribeiraopreto.com.br\/index.php\/wp-json\/wp\/v2\/media?parent=85259"}],"wp:term":[{"taxonomy":"category","embeddable":true,"href":"https:\/\/noticiasribeiraopreto.com.br\/index.php\/wp-json\/wp\/v2\/categories?post=85259"},{"taxonomy":"post_tag","embeddable":true,"href":"https:\/\/noticiasribeiraopreto.com.br\/index.php\/wp-json\/wp\/v2\/tags?post=85259"}],"curies":[{"name":"wp","href":"https:\/\/api.w.org\/{rel}","templated":true}]}}