{"id":85262,"date":"2026-04-27T08:13:23","date_gmt":"2026-04-27T11:13:23","guid":{"rendered":"https:\/\/noticiasribeiraopreto.com.br\/index.php\/2026\/04\/27\/isencao-para-quem-ganha-r-5-mil-vale-para-a-declaracao-do-ir-2026\/"},"modified":"2026-04-27T08:13:23","modified_gmt":"2026-04-27T11:13:23","slug":"isencao-para-quem-ganha-r-5-mil-vale-para-a-declaracao-do-ir-2026","status":"publish","type":"post","link":"https:\/\/noticiasribeiraopreto.com.br\/index.php\/2026\/04\/27\/isencao-para-quem-ganha-r-5-mil-vale-para-a-declaracao-do-ir-2026\/","title":{"rendered":"Isen\u00e7\u00e3o para quem ganha R$ 5 mil vale para a declara\u00e7\u00e3o do IR 2026?"},"content":{"rendered":"<div class='code-block code-block-1' style='margin: 8px 0 8px auto; text-align: right; display: block; clear: both;'>\n<p><a href=\"https:\/\/wa.link\/vpicfd\"><img data-recalc-dims=\"1\" class=\"wp-image-4922\" style=\"aspect-ratio: 2.0253164556962027; width: 561px; height: auto;\" src=\"https:\/\/i0.wp.com\/ismaelcolosi.com.br\/wp-content\/uploads\/2023\/11\/grupo-de-empregos-whatsapp-e-facebook-ismael-colosi-vagas.jpg?ssl=1\" alt=\"\" \/><\/a><\/p>\n<!-- \/wp:image -->\n<\/div>\n<p> <br \/>\n<\/p>\n<div id=\"\">&#13;<br \/>\n\t\t\t\t\t\t\t\t&#13;<\/p>\n<p>&#13;<br \/>\n\t\t\t\t\t\t\t\t\t<span class=\"entry-meta-item penci-posted-on\"><i class=\"fa fa-clock-o\"\/><time class=\"entry-date published updated\" datetime=\"2026-04-27T08:11:22-03:00\">27 de abril de 2026 08:11<\/time><\/span><span class=\"entry-meta-item penci-post-countview\"\/>\t\t\t\t\t\t\t\t<\/p>\n<p><!-- .entry-meta -->&#13;<br \/>\n\t\t\t\t\t\t\t\t<span class=\"penci-social-buttons penci-social-share-footer\"><span class=\"penci-social-share-text\">Compartilhar<\/span><a href=\"#\" class=\"penci-post-like penci_post-meta_item  single-like-button penci-social-item like\" data-post_id=\"462235\" title=\"Like\" data-like=\"Like\" data-unlike=\"Unlike\"><i class=\"fa fa-thumbs-o-up\"\/><span class=\"penci-share-number\">0<\/span><\/a><i class=\"fa fa-facebook\"\/><a class=\"penci-social-item twitter\" target=\"_blank\" rel=\"noopener\" title=\"\" href=\"https:\/\/twitter.com\/intent\/tweet?text=Isen\u00e7\u00e3o%20para%20quem%20ganha%20R$%205%20mil%20vale%20para%20a%20declara\u00e7\u00e3o%20do%20IR%202026?%20-%20https:\/\/www.tribunaribeirao.com.br\/isencao-para-quem-ganha-r-5-mil-vale-para-a-declaracao-do-ir-2026\/\"><i class=\"fa fa-twitter\"\/><\/a><i class=\"fa fa-linkedin\"\/><i class=\"fa fa-whatsapp\"\/><i class=\"fa fa-telegram\"\/><i class=\"fa fa-envelope\"\/><\/span>\t\t\t\t\t\t\t<\/div>\n<div>\n<p class=\"p1\"><span class=\"s1\">Aprovada pelo Congresso e sancionada pelo governo em 2025, a\u00a0isen\u00e7\u00e3o do Imposto de Renda para pessoas que ganham at\u00e9 R$ 5 mil mensais est\u00e1 em vigor na folha de pagamento desde o dia 1\u00ba de janeiro de 2026.\u00a0<\/span><\/p>\n<p class=\"p1\"><span class=\"s1\">Para quem n\u00e3o sabe, desde o in\u00edcio do ano, pessoas que recebem menos de R$ 5 mil mensais n\u00e3o est\u00e3o mais sujeitas a pagar o Imposto de Renda. Al\u00e9m disso,\u00a0h\u00e1 um desconto progressivo para quem recebe um sal\u00e1rio de at\u00e9 R$ 7.350.<\/span><\/p>\n<p class=\"p1\"><span class=\"s1\">O efeito pr\u00e1tico causou uma d\u00favida: e para a declara\u00e7\u00e3o do Imposto de Renda? O desconto vale? A resposta \u00e9: ainda n\u00e3o.\u00a0<\/span><\/p>\n<p class=\"p1\"><span class=\"s1\">Apesar de o benef\u00edcio j\u00e1 estar valendo na folha de pagamento, quem declara o Imposto de Renda agora precisa ter aten\u00e7\u00e3o: a isen\u00e7\u00e3o n\u00e3o vale para a declara\u00e7\u00e3o deste ano.<\/span><\/p>\n<p class=\"p1\"><span class=\"s1\">E o motivo \u00e9 simples: contribuintes obrigados a prestar contas com o Fisco est\u00e3o tratando do exerc\u00edcio do ano calend\u00e1rio de 2025.\u00a0<\/span><\/p>\n<p class=\"p1\"><span class=\"s1\">\u201cA declara\u00e7\u00e3o que voc\u00ea entrega no ano de 2026 n\u00e3o reflete o presente. Ela \u00e9 uma presta\u00e7\u00e3o de contas do passado, tudo o que voc\u00ea recebeu ao longo do ano de 2025. A nova isen\u00e7\u00e3o de R$ 5 mil existe, sim. Mas ela s\u00f3 passou a produzir efeitos a partir de 1\u00ba de janeiro de 2026\u2033, explica o professor de Ci\u00eancias Cont\u00e1beis da Universidade Federal do Cear\u00e1, Eduardo Linhares.\u00a0<\/span><\/p>\n<p class=\"p1\"><span class=\"s1\">\u201cIsso decorre de um princ\u00edpio b\u00e1sico do direito tribut\u00e1rio chamado de anterioridade, em que uma lei que cria ou amplia benef\u00edcio fiscal n\u00e3o pode retroagir para alcan\u00e7ar fatos j\u00e1 ocorridos. A boa not\u00edcia \u00e9 que esse olhar para tr\u00e1s ser\u00e1 diferente no ano de 2027. Na declara\u00e7\u00e3o do pr\u00f3ximo ano, referente a tudo que voc\u00ea recebeu ao longo de 2026, a nova faixa estar\u00e1 plenamente incorporada. \u00c9 l\u00e1 que a reforma do IR aparece completa para a maioria dos contribuintes\u201d, diz.<\/span><\/p>\n<p class=\"p2\"><span class=\"s2\">&gt;&gt;<a href=\"https:\/\/agenciabrasil.ebc.com.br\/radioagencia-nacional\/series\/tira-duvidas-do-ir-2026\"><span class=\"s3\"> Veja todo o conte\u00fado do Tira-D\u00favidas IR 2026<\/span><\/a><\/span><\/p>\n<p class=\"p1\"><span class=\"s1\">Vale apontar que\u00a0\u00e9 poss\u00edvel que mesmo quem ganhe menos de R$ 5 mil tenha que declarar no ano que vem, segunda a professora\u00a0de Ci\u00eancias Cont\u00e1beis da Unime, Ahiram Cardoso.\u00a0<\/span><\/p>\n<p class=\"p1\"><span class=\"s1\">\u201cH\u00e1 uma confus\u00e3o referente a esse recebimento de at\u00e9 R$ 5 mil em 2026. Ele est\u00e1 dispensado a pagar o Imposto de Renda, mas n\u00e3o necessariamente dispensado a declarar em 2027, porque tem que estar observando o limite de\u00a0obrigatoriedade do recebimento de rendimentos tribut\u00e1veis no ano. Ent\u00e3o, a gente vai ter que\u00a0observar esse limite da obrigatoriedade\u201d, aponta.\u00a0<\/span><\/p>\n<p class=\"p1\"><span class=\"s1\">Neste ano,\u00a0est\u00e1 isento de declarar o Imposto de Renda quem recebeu em m\u00e9dia at\u00e9 R$ 2.428,80 no ano passado\u00a0e n\u00e3o se encaixa em outros crit\u00e9rios que obrigue a declarar.\u00a0<\/span><\/p>\n<p class=\"p1\"><span class=\"s1\">\u00c9 bom lembrar que h\u00e1, ainda, um desconto simplificado mensal de R$ 607,20. Isso faz com que na pr\u00e1tica, quem receba at\u00e9 R$ 3.036 esteja isento de pagar o Imposto de Renda.<\/span><\/p>\n<p>.<\/p>\n<\/div>\n<p><script async src=\"\/\/platform.twitter.com\/widgets.js\" charset=\"utf-8\"><\/script><br \/>\n<br \/><br \/>\n<br \/><a href=\"https:\/\/www.tribunaribeirao.com.br\/isencao-para-quem-ganha-r-5-mil-vale-para-a-declaracao-do-ir-2026\/\">Texto original daqui <\/a><\/p>\n<!-- CONTENT END 1 -->\n","protected":false},"excerpt":{"rendered":"<p>&#13; &#13; &#13; 27 de abril de 2026 08:11 &#13; Compartilhar0 Aprovada pelo Congresso e sancionada pelo governo em 2025, a\u00a0isen\u00e7\u00e3o do Imposto de Renda&#8230;<\/p>\n","protected":false},"author":1,"featured_media":85263,"comment_status":"","ping_status":"","sticky":false,"template":"","format":"standard","meta":{"advanced_seo_description":"","jetpack_seo_html_title":"","jetpack_seo_noindex":false,"jetpack_post_was_ever_published":false,"_jetpack_newsletter_access":"","_jetpack_dont_email_post_to_subs":false,"_jetpack_newsletter_tier_id":0,"_jetpack_memberships_contains_paywalled_content":false,"_jetpack_memberships_contains_paid_content":false,"footnotes":"","jetpack_publicize_message":"","jetpack_publicize_feature_enabled":true,"jetpack_social_post_already_shared":true,"jetpack_social_options":{"image_generator_settings":{"template":"highway","default_image_id":0,"font":"","enabled":false},"version":2}},"categories":[11],"tags":[4288,1565,1618,402,71,456,1924],"class_list":["post-85262","post","type-post","status-publish","format-standard","has-post-thumbnail","hentry","category-noticias-de-ribeirao-preto-sp-e-regiao-ismael-colosi","tag-declaracao","tag-ganha","tag-isencao","tag-mil","tag-para","tag-quem","tag-vale"],"jetpack_publicize_connections":[],"jetpack_featured_media_url":"https:\/\/i0.wp.com\/noticiasribeiraopreto.com.br\/wp-content\/uploads\/2026\/04\/como_declarar_gastos_com_previdencia_e_doacoes_c_marcello_casal_jragencia_brasil.webp.webp?fit=1170%2C700&ssl=1","jetpack-related-posts":[{"id":81465,"url":"https:\/\/noticiasribeiraopreto.com.br\/index.php\/2026\/01\/07\/ampliacao-da-isencao-do-imposto-de-renda-nao-muda-regras-da-declaracao-deste-ano-entenda\/","url_meta":{"origin":85262,"position":0},"title":"Amplia\u00e7\u00e3o da isen\u00e7\u00e3o do Imposto de Renda n\u00e3o muda regras da declara\u00e7\u00e3o deste ano; Entenda","author":"noticiasribeiraopreto.com.br","date":"7 de January de 2026","format":false,"excerpt":"A amplia\u00e7\u00e3o da faixa de isen\u00e7\u00e3o do Imposto de Renda para quem recebe at\u00e9 R$ 5 mil por m\u00eas come\u00e7a a valer em 2026, no entanto, n\u00e3o altera as regras da declara\u00e7\u00e3o que ser\u00e1 entregue neste ano, referente aos rendimentos de 2025. Isso significa que, mesmo aqueles contribuintes que passam\u2026","rel":"","context":"In &quot;Not\u00edcias de Ribeir\u00e3o Preto-SP e Regi\u00e3o&quot;","block_context":{"text":"Not\u00edcias de Ribeir\u00e3o Preto-SP e Regi\u00e3o","link":"https:\/\/noticiasribeiraopreto.com.br\/index.php\/category\/noticias-de-ribeirao-preto-sp-e-regiao-ismael-colosi\/"},"img":{"alt_text":"","src":"https:\/\/i0.wp.com\/noticiasribeiraopreto.com.br\/wp-content\/uploads\/2026\/01\/mg_7893.webp.webp?fit=1170%2C700&ssl=1&resize=350%2C200","width":350,"height":200,"srcset":"https:\/\/i0.wp.com\/noticiasribeiraopreto.com.br\/wp-content\/uploads\/2026\/01\/mg_7893.webp.webp?fit=1170%2C700&ssl=1&resize=350%2C200 1x, https:\/\/i0.wp.com\/noticiasribeiraopreto.com.br\/wp-content\/uploads\/2026\/01\/mg_7893.webp.webp?fit=1170%2C700&ssl=1&resize=525%2C300 1.5x, https:\/\/i0.wp.com\/noticiasribeiraopreto.com.br\/wp-content\/uploads\/2026\/01\/mg_7893.webp.webp?fit=1170%2C700&ssl=1&resize=700%2C400 2x, https:\/\/i0.wp.com\/noticiasribeiraopreto.com.br\/wp-content\/uploads\/2026\/01\/mg_7893.webp.webp?fit=1170%2C700&ssl=1&resize=1050%2C600 3x"},"classes":[]},{"id":79686,"url":"https:\/\/noticiasribeiraopreto.com.br\/index.php\/2025\/11\/05\/isencao-do-ir-para-salarios-de-ate-r-5-mil-e-aprovada-no-senado\/","url_meta":{"origin":85262,"position":1},"title":"Isen\u00e7\u00e3o do IR para sal\u00e1rios de at\u00e9 R$ 5 mil \u00e9 aprovada no Senado","author":"noticiasribeiraopreto.com.br","date":"5 de November de 2025","format":false,"excerpt":"O Senado aprovou nesta quarta-feira (5) o projeto que amplia a faixa de isen\u00e7\u00e3o do Imposto de Renda para pessoas f\u00edsicas. O texto permite que quem recebe at\u00e9 R$ 5 mil mensais fique isento do pagamento do imposto. A proposta recebeu aprova\u00e7\u00e3o un\u00e2nime dos senadores e segue para san\u00e7\u00e3o do\u2026","rel":"","context":"In &quot;Not\u00edcias de Ribeir\u00e3o Preto-SP e Regi\u00e3o&quot;","block_context":{"text":"Not\u00edcias de Ribeir\u00e3o Preto-SP e Regi\u00e3o","link":"https:\/\/noticiasribeiraopreto.com.br\/index.php\/category\/noticias-de-ribeirao-preto-sp-e-regiao-ismael-colosi\/"},"img":{"alt_text":"","src":"https:\/\/i0.wp.com\/noticiasribeiraopreto.com.br\/wp-content\/uploads\/2025\/07\/dinheiro-fgts_2025-07-25_13-27-21.webp.webp?fit=1170%2C700&ssl=1&resize=350%2C200","width":350,"height":200,"srcset":"https:\/\/i0.wp.com\/noticiasribeiraopreto.com.br\/wp-content\/uploads\/2025\/07\/dinheiro-fgts_2025-07-25_13-27-21.webp.webp?fit=1170%2C700&ssl=1&resize=350%2C200 1x, https:\/\/i0.wp.com\/noticiasribeiraopreto.com.br\/wp-content\/uploads\/2025\/07\/dinheiro-fgts_2025-07-25_13-27-21.webp.webp?fit=1170%2C700&ssl=1&resize=525%2C300 1.5x, https:\/\/i0.wp.com\/noticiasribeiraopreto.com.br\/wp-content\/uploads\/2025\/07\/dinheiro-fgts_2025-07-25_13-27-21.webp.webp?fit=1170%2C700&ssl=1&resize=700%2C400 2x, https:\/\/i0.wp.com\/noticiasribeiraopreto.com.br\/wp-content\/uploads\/2025\/07\/dinheiro-fgts_2025-07-25_13-27-21.webp.webp?fit=1170%2C700&ssl=1&resize=1050%2C600 3x"},"classes":[]},{"id":65297,"url":"https:\/\/noticiasribeiraopreto.com.br\/index.php\/2025\/03\/18\/entenda-proposta-do-novo-imposto-de-renda-com-isencao-para-quem-ganha-ate-r-5-mil\/","url_meta":{"origin":85262,"position":2},"title":"Entenda proposta do novo Imposto de Renda com isen\u00e7\u00e3o para quem ganha at\u00e9 R$ 5 mil","author":"noticiasribeiraopreto.com.br","date":"18 de March de 2025","format":false,"excerpt":"O presidente da Rep\u00fablica, Luiz In\u00e1cio Lula da Silva (PT), assinou nesta ter\u00e7a-feira (18) o projeto de lei que prev\u00ea isen\u00e7\u00e3o de Imposto de Renda para pessoas que recebem at\u00e9 R$ 5 mil por m\u00eas a partir do pr\u00f3ximo ano \u2013 hoje, a isen\u00e7\u00e3o \u00e9 para quem ganha at\u00e9 R$\u2026","rel":"","context":"In &quot;Not\u00edcias de Ribeir\u00e3o Preto-SP e Regi\u00e3o&quot;","block_context":{"text":"Not\u00edcias de Ribeir\u00e3o Preto-SP e Regi\u00e3o","link":"https:\/\/noticiasribeiraopreto.com.br\/index.php\/category\/noticias-de-ribeirao-preto-sp-e-regiao-ismael-colosi\/"},"img":{"alt_text":"","src":"https:\/\/i0.wp.com\/noticiasribeiraopreto.com.br\/wp-content\/uploads\/2025\/03\/imposto-de-renda_2025-03-18_17-20-00_jpg_2025-03-18_17-20-00.webp.webp?fit=1200%2C800&ssl=1&resize=350%2C200","width":350,"height":200,"srcset":"https:\/\/i0.wp.com\/noticiasribeiraopreto.com.br\/wp-content\/uploads\/2025\/03\/imposto-de-renda_2025-03-18_17-20-00_jpg_2025-03-18_17-20-00.webp.webp?fit=1200%2C800&ssl=1&resize=350%2C200 1x, https:\/\/i0.wp.com\/noticiasribeiraopreto.com.br\/wp-content\/uploads\/2025\/03\/imposto-de-renda_2025-03-18_17-20-00_jpg_2025-03-18_17-20-00.webp.webp?fit=1200%2C800&ssl=1&resize=525%2C300 1.5x, https:\/\/i0.wp.com\/noticiasribeiraopreto.com.br\/wp-content\/uploads\/2025\/03\/imposto-de-renda_2025-03-18_17-20-00_jpg_2025-03-18_17-20-00.webp.webp?fit=1200%2C800&ssl=1&resize=700%2C400 2x, https:\/\/i0.wp.com\/noticiasribeiraopreto.com.br\/wp-content\/uploads\/2025\/03\/imposto-de-renda_2025-03-18_17-20-00_jpg_2025-03-18_17-20-00.webp.webp?fit=1200%2C800&ssl=1&resize=1050%2C600 3x"},"classes":[]},{"id":83302,"url":"https:\/\/noticiasribeiraopreto.com.br\/index.php\/2026\/03\/15\/declaracao-do-imposto-de-renda-2026-vai-comecar-saiba-quem-precisa-declarar-e-como-se-organizar\/","url_meta":{"origin":85262,"position":3},"title":"Declara\u00e7\u00e3o do Imposto de Renda 2026 vai come\u00e7ar: saiba quem precisa declarar e como se organizar","author":"noticiasribeiraopreto.com.br","date":"15 de March de 2026","format":false,"excerpt":"A Receita Federal divulga nesta segunda-feira (16) as regras para a declara\u00e7\u00e3o do Imposto de Renda Pessoa F\u00edsica (IRPF) 2026. Apesar de o calend\u00e1rio oficial ainda n\u00e3o ter sido divulgado, a expectativa \u00e9 de que o prazo para entregar a declara\u00e7\u00e3o comece em 16 de maio e v\u00e1 at\u00e9 29\u2026","rel":"","context":"In &quot;Not\u00edcias de Ribeir\u00e3o Preto-SP e Regi\u00e3o&quot;","block_context":{"text":"Not\u00edcias de Ribeir\u00e3o Preto-SP e Regi\u00e3o","link":"https:\/\/noticiasribeiraopreto.com.br\/index.php\/category\/noticias-de-ribeirao-preto-sp-e-regiao-ismael-colosi\/"},"img":{"alt_text":"","src":"https:\/\/i0.wp.com\/noticiasribeiraopreto.com.br\/wp-content\/uploads\/2026\/01\/mg_7893.webp.webp?fit=1170%2C700&ssl=1&resize=350%2C200","width":350,"height":200,"srcset":"https:\/\/i0.wp.com\/noticiasribeiraopreto.com.br\/wp-content\/uploads\/2026\/01\/mg_7893.webp.webp?fit=1170%2C700&ssl=1&resize=350%2C200 1x, https:\/\/i0.wp.com\/noticiasribeiraopreto.com.br\/wp-content\/uploads\/2026\/01\/mg_7893.webp.webp?fit=1170%2C700&ssl=1&resize=525%2C300 1.5x, https:\/\/i0.wp.com\/noticiasribeiraopreto.com.br\/wp-content\/uploads\/2026\/01\/mg_7893.webp.webp?fit=1170%2C700&ssl=1&resize=700%2C400 2x, https:\/\/i0.wp.com\/noticiasribeiraopreto.com.br\/wp-content\/uploads\/2026\/01\/mg_7893.webp.webp?fit=1170%2C700&ssl=1&resize=1050%2C600 3x"},"classes":[]},{"id":31926,"url":"https:\/\/noticiasribeiraopreto.com.br\/index.php\/2024\/01\/23\/quem-ganha-ate-2-salarios-minimos-nao-vai-perder-isencao-de-imposto-de-renda-garante-haddad\/","url_meta":{"origin":85262,"position":4},"title":"Quem ganha at\u00e9 2 sal\u00e1rios m\u00ednimos n\u00e3o vai perder isen\u00e7\u00e3o de imposto de renda, garante Haddad","author":"noticiasribeiraopreto.com.br","date":"23 de January de 2024","format":false,"excerpt":"N\u00e3o, quem ganha at\u00e9 dois sal\u00e1rios m\u00ednimos n\u00e3o vai passar a pagar imposto de renda. Ao menos foi essa a promessa feita pelo presidente Lula e pelo ministro da Fazenda, Fernando Haddad, nesta ter\u00e7a-feira (23). A jornalistas, Haddad disse que est\u00e1 em estudo a revis\u00e3o da tabela de imposto de\u2026","rel":"","context":"In &quot;Dinheiro e Investimento&quot;","block_context":{"text":"Dinheiro e Investimento","link":"https:\/\/noticiasribeiraopreto.com.br\/index.php\/category\/dinheiro-e-investimento-como-fazer-como-ganhar\/"},"img":{"alt_text":"","src":"https:\/\/i0.wp.com\/noticiasribeiraopreto.com.br\/wp-content\/uploads\/2024\/01\/Haddad-2-715x402.jpg?fit=715%2C402&ssl=1&resize=350%2C200","width":350,"height":200,"srcset":"https:\/\/i0.wp.com\/noticiasribeiraopreto.com.br\/wp-content\/uploads\/2024\/01\/Haddad-2-715x402.jpg?fit=715%2C402&ssl=1&resize=350%2C200 1x, https:\/\/i0.wp.com\/noticiasribeiraopreto.com.br\/wp-content\/uploads\/2024\/01\/Haddad-2-715x402.jpg?fit=715%2C402&ssl=1&resize=525%2C300 1.5x, https:\/\/i0.wp.com\/noticiasribeiraopreto.com.br\/wp-content\/uploads\/2024\/01\/Haddad-2-715x402.jpg?fit=715%2C402&ssl=1&resize=700%2C400 2x"},"classes":[]},{"id":75368,"url":"https:\/\/noticiasribeiraopreto.com.br\/index.php\/2025\/08\/07\/senado-aprova-isencao-de-ir-para-quem-ganha-ate-dois-salarios-minimos\/","url_meta":{"origin":85262,"position":5},"title":"Senado aprova isen\u00e7\u00e3o de IR para quem ganha at\u00e9 dois sal\u00e1rios-m\u00ednimos","author":"noticiasribeiraopreto.com.br","date":"7 de August de 2025","format":false,"excerpt":"7 de agosto de 2025 16:254 Compartilhar0 Ap\u00f3s cerca de 48 horas de obstru\u00e7\u00e3o do funcionamento dos plen\u00e1rios pela oposi\u00e7\u00e3o, o Senado aprovou, nesta quinta-feira (7), o projeto de lei (PL) que isenta do pagamento do Imposto de Renda (IR) os trabalhadores que ganham at\u00e9 dois sal\u00e1rios-m\u00ednimos, o que equivale\u2026","rel":"","context":"In &quot;Not\u00edcias de Ribeir\u00e3o Preto-SP e Regi\u00e3o&quot;","block_context":{"text":"Not\u00edcias de Ribeir\u00e3o Preto-SP e Regi\u00e3o","link":"https:\/\/noticiasribeiraopreto.com.br\/index.php\/category\/noticias-de-ribeirao-preto-sp-e-regiao-ismael-colosi\/"},"img":{"alt_text":"","src":"https:\/\/i0.wp.com\/noticiasribeiraopreto.com.br\/wp-content\/uploads\/2025\/08\/sal.jpeg?fit=1170%2C700&ssl=1&resize=350%2C200","width":350,"height":200,"srcset":"https:\/\/i0.wp.com\/noticiasribeiraopreto.com.br\/wp-content\/uploads\/2025\/08\/sal.jpeg?fit=1170%2C700&ssl=1&resize=350%2C200 1x, https:\/\/i0.wp.com\/noticiasribeiraopreto.com.br\/wp-content\/uploads\/2025\/08\/sal.jpeg?fit=1170%2C700&ssl=1&resize=525%2C300 1.5x, https:\/\/i0.wp.com\/noticiasribeiraopreto.com.br\/wp-content\/uploads\/2025\/08\/sal.jpeg?fit=1170%2C700&ssl=1&resize=700%2C400 2x, https:\/\/i0.wp.com\/noticiasribeiraopreto.com.br\/wp-content\/uploads\/2025\/08\/sal.jpeg?fit=1170%2C700&ssl=1&resize=1050%2C600 3x"},"classes":[]}],"jetpack_sharing_enabled":true,"jetpack_shortlink":"https:\/\/wp.me\/peQAOb-mbc","_links":{"self":[{"href":"https:\/\/noticiasribeiraopreto.com.br\/index.php\/wp-json\/wp\/v2\/posts\/85262","targetHints":{"allow":["GET"]}}],"collection":[{"href":"https:\/\/noticiasribeiraopreto.com.br\/index.php\/wp-json\/wp\/v2\/posts"}],"about":[{"href":"https:\/\/noticiasribeiraopreto.com.br\/index.php\/wp-json\/wp\/v2\/types\/post"}],"author":[{"embeddable":true,"href":"https:\/\/noticiasribeiraopreto.com.br\/index.php\/wp-json\/wp\/v2\/users\/1"}],"replies":[{"embeddable":true,"href":"https:\/\/noticiasribeiraopreto.com.br\/index.php\/wp-json\/wp\/v2\/comments?post=85262"}],"version-history":[{"count":0,"href":"https:\/\/noticiasribeiraopreto.com.br\/index.php\/wp-json\/wp\/v2\/posts\/85262\/revisions"}],"wp:featuredmedia":[{"embeddable":true,"href":"https:\/\/noticiasribeiraopreto.com.br\/index.php\/wp-json\/wp\/v2\/media\/85263"}],"wp:attachment":[{"href":"https:\/\/noticiasribeiraopreto.com.br\/index.php\/wp-json\/wp\/v2\/media?parent=85262"}],"wp:term":[{"taxonomy":"category","embeddable":true,"href":"https:\/\/noticiasribeiraopreto.com.br\/index.php\/wp-json\/wp\/v2\/categories?post=85262"},{"taxonomy":"post_tag","embeddable":true,"href":"https:\/\/noticiasribeiraopreto.com.br\/index.php\/wp-json\/wp\/v2\/tags?post=85262"}],"curies":[{"name":"wp","href":"https:\/\/api.w.org\/{rel}","templated":true}]}}