{"id":85264,"date":"2026-04-27T09:54:42","date_gmt":"2026-04-27T12:54:42","guid":{"rendered":"https:\/\/noticiasribeiraopreto.com.br\/index.php\/2026\/04\/27\/mais-uma-mulher-e-vitima-de-feminicidio-em-rp\/"},"modified":"2026-04-27T09:54:42","modified_gmt":"2026-04-27T12:54:42","slug":"mais-uma-mulher-e-vitima-de-feminicidio-em-rp","status":"publish","type":"post","link":"https:\/\/noticiasribeiraopreto.com.br\/index.php\/2026\/04\/27\/mais-uma-mulher-e-vitima-de-feminicidio-em-rp\/","title":{"rendered":"Mais uma mulher \u00e9 v\u00edtima de feminic\u00eddio em RP"},"content":{"rendered":"<div class='code-block code-block-1' style='margin: 8px 0 8px auto; text-align: right; display: block; clear: both;'>\n<p><a href=\"https:\/\/wa.link\/vpicfd\"><img data-recalc-dims=\"1\" class=\"wp-image-4922\" style=\"aspect-ratio: 2.0253164556962027; width: 561px; height: auto;\" src=\"https:\/\/i0.wp.com\/ismaelcolosi.com.br\/wp-content\/uploads\/2023\/11\/grupo-de-empregos-whatsapp-e-facebook-ismael-colosi-vagas.jpg?ssl=1\" alt=\"\" \/><\/a><\/p>\n<!-- \/wp:image -->\n<\/div>\n<p> <br \/>\n<\/p>\n<div id=\"\">&#13;<\/p>\n<h2 class=\"penci-post-subtitle\">Crime ocorreu na zona Norte da cidade e suspeito, que confessou o crime, foi preso horas depois na regi\u00e3o<\/h2>\n<p>&#13;<\/p>\n<p>&#13;<br \/>\n\t\t\t\t\t\t\t\t\t<span class=\"entry-meta-item penci-posted-on\"><i class=\"fa fa-clock-o\"\/><time class=\"entry-date published updated\" datetime=\"2026-04-27T09:53:05-03:00\">27 de abril de 2026 09:53<\/time><\/span><span class=\"entry-meta-item penci-post-countview\"\/>\t\t\t\t\t\t\t\t<\/p>\n<p><!-- .entry-meta -->&#13;<br \/>\n\t\t\t\t\t\t\t\t<span class=\"penci-social-buttons penci-social-share-footer\"><span class=\"penci-social-share-text\">Compartilhar<\/span><a href=\"#\" class=\"penci-post-like penci_post-meta_item  single-like-button penci-social-item like\" data-post_id=\"462250\" title=\"Like\" data-like=\"Like\" data-unlike=\"Unlike\"><i class=\"fa fa-thumbs-o-up\"\/><span class=\"penci-share-number\">1<\/span><\/a><i class=\"fa fa-facebook\"\/><a class=\"penci-social-item twitter\" target=\"_blank\" rel=\"noopener\" title=\"\" href=\"https:\/\/twitter.com\/intent\/tweet?text=Mais%20uma%20mulher%20\u00e9%20v\u00edtima%20de%20feminic\u00eddio%20em%20RP%20-%20https:\/\/www.tribunaribeirao.com.br\/mais-uma-mulher-e-vitima-de-feminicidio-em-rp\/\"><i class=\"fa fa-twitter\"\/><\/a><i class=\"fa fa-linkedin\"\/><i class=\"fa fa-whatsapp\"\/><i class=\"fa fa-telegram\"\/><i class=\"fa fa-envelope\"\/><\/span>\t\t\t\t\t\t\t<\/div>\n<div>\n<p>| Por: Adalberto Luque |<\/p>\n<p>Uma mulher de 24 anos foi morta, neste s\u00e1bado (25) a facadas. O crime teria sido cometido por um ex-companheiro e a suspeita \u00e9 que tenha sido por motivo passional. O caso, registrado como feminic\u00eddio, ocorreu no Jardim Presidente Dutra, zona Norte da cidade.<\/p>\n<p>De acordo com as investiga\u00e7\u00f5es, o autor seria se ex-companheiro, de 51 anos, que fugiu ap\u00f3s desferir v\u00e1rias facadas. A v\u00edtima morreu antes da chegada das unidades de resgate.<\/p>\n<p>Uma den\u00fancia an\u00f4nima indicou que o suspeito do crime, identificado como Maziel Dantas da Silva, estaria escondido em uma resid\u00eancia no distrito de Cruz das Posses, em Sert\u00e3ozinho, regi\u00e3o metropolitana.<\/p>\n<p>Uma equipe da Guarda Civil Municipal de Sert\u00e3ozinho foi at\u00e9 o local indicado e localizou o homem que estava foragido. Ele n\u00e3o ofereceu resist\u00eancia e se entregou. Foi levado at\u00e9 a Central de Pol\u00edcia Judici\u00e1ria (CPJ) de Sert\u00e3ozinho e, de l\u00e1, trazido para uma Unidade de Pronto Atendimento (UPA) em Ribeir\u00e3o Preto, onde passou por exame de corpo de delito.<\/p>\n<p>De l\u00e1, seguiu para a Delegacia de Defesa da Mulher (DDM) de Ribeir\u00e3o Preto, onde chegou no in\u00edcio da madrugada deste domingo (26). Ao ser preso, o homem admitiu ter dado as facadas na ex-namorada.<\/p>\n<p>Disse que n\u00e3o se lembrava de quantas facadas havia desferido, mas que o fez porque ela admitiu estar se relacionando com outro homem. Preso em flagrante, Silva foi encaminhado para uma unidade prisional, ficando a disposi\u00e7\u00e3o da Justi\u00e7a para responde3r por feminic\u00eddio. A reportagem n\u00e3o localizou sua defesa.<\/p>\n<p><strong>Feminic\u00eddios<\/strong><\/p>\n<p>Na \u00faltima semana, pelo menos quatro casos de feminic\u00eddio foram registrados na regi\u00e3o. O da cabeleireira Jeane Ferreira da Silva Funes, de 38 anos, no dia 21 de abril, na Zona Norte de Ribeir\u00e3o Preto, o de uma mulher em Barretos, o da jovem em Pontal, na manh\u00e3 de 24 de abril e a mulher morta no Jd. Presidente Dutra, no s\u00e1bado (25).<\/p>\n<p>Outras duas tentativas ocorreram em Col\u00f4mbia e no Jardim Cristo Redentor, Zona Norte de Ribeir\u00e3o Preto. Al\u00e9m disso, um homem invadiu a casa para agredir a ex, no Sumarezinho, Zona Oeste da cidade, mas acabou sendo esfaqueado e est\u00e1 em estado grave no Hospital das Cl\u00ednicas \u2013 Unidade de Emerg\u00eancia.<\/p>\n<\/div>\n<p><script async src=\"\/\/platform.twitter.com\/widgets.js\" charset=\"utf-8\"><\/script><br \/>\n<br \/><br \/>\n<br \/><a href=\"https:\/\/www.tribunaribeirao.com.br\/mais-uma-mulher-e-vitima-de-feminicidio-em-rp\/\">Texto original daqui <\/a><\/p>\n<!-- CONTENT END 1 -->\n","protected":false},"excerpt":{"rendered":"<p>&#13; Crime ocorreu na zona Norte da cidade e suspeito, que confessou o crime, foi preso horas depois na regi\u00e3o &#13; &#13; 27 de abril&#8230;<\/p>\n","protected":false},"author":1,"featured_media":85265,"comment_status":"","ping_status":"","sticky":false,"template":"","format":"standard","meta":{"advanced_seo_description":"","jetpack_seo_html_title":"","jetpack_seo_noindex":false,"jetpack_post_was_ever_published":false,"_jetpack_newsletter_access":"","_jetpack_dont_email_post_to_subs":false,"_jetpack_newsletter_tier_id":0,"_jetpack_memberships_contains_paywalled_content":false,"_jetpack_memberships_contains_paid_content":false,"footnotes":"","jetpack_publicize_message":"","jetpack_publicize_feature_enabled":true,"jetpack_social_post_already_shared":true,"jetpack_social_options":{"image_generator_settings":{"template":"highway","default_image_id":0,"font":"","enabled":false},"version":2}},"categories":[11],"tags":[4264,276,325,85,391],"class_list":["post-85264","post","type-post","status-publish","format-standard","has-post-thumbnail","hentry","category-noticias-de-ribeirao-preto-sp-e-regiao-ismael-colosi","tag-feminicidio","tag-mais","tag-mulher","tag-uma","tag-vitima"],"jetpack_publicize_connections":[],"jetpack_featured_media_url":"https:\/\/i0.wp.com\/noticiasribeiraopreto.com.br\/wp-content\/uploads\/2026\/04\/27-abr-2026-feminicidiorp-scaled.jpg?fit=1200%2C670&ssl=1","jetpack-related-posts":[{"id":76561,"url":"https:\/\/noticiasribeiraopreto.com.br\/index.php\/2025\/08\/31\/mulher-morre-apos-ser-esfaqueada-na-regiao-de-ribeirao-policia-suspeita-de-feminicidio\/","url_meta":{"origin":85264,"position":0},"title":"Mulher morre ap\u00f3s ser esfaqueada na regi\u00e3o de Ribeir\u00e3o; pol\u00edcia suspeita de feminic\u00eddio","author":"noticiasribeiraopreto.com.br","date":"31 de August de 2025","format":false,"excerpt":"Uma mulher de 42 anos foi morta a facadas em Morro Agudo, cidade a 70 quil\u00f4metros de Ribeir\u00e3o Preto. O crime aconteceu na noite de s\u00e1bado (30), no bairro Alfredo Benedetti, e foi registrado como feminic\u00eddio. De acordo com o BO (boletim de ocorr\u00eancia), a filha de Suelen Cristina Hon\u00f3rio\u2026","rel":"","context":"In &quot;Not\u00edcias de Ribeir\u00e3o Preto-SP e Regi\u00e3o&quot;","block_context":{"text":"Not\u00edcias de Ribeir\u00e3o Preto-SP e Regi\u00e3o","link":"https:\/\/noticiasribeiraopreto.com.br\/index.php\/category\/noticias-de-ribeirao-preto-sp-e-regiao-ismael-colosi\/"},"img":{"alt_text":"","src":"https:\/\/i0.wp.com\/noticiasribeiraopreto.com.br\/wp-content\/uploads\/2025\/08\/suelen_2025-08-31_20-22-37.webp.webp?fit=1081%2C843&ssl=1&resize=350%2C200","width":350,"height":200,"srcset":"https:\/\/i0.wp.com\/noticiasribeiraopreto.com.br\/wp-content\/uploads\/2025\/08\/suelen_2025-08-31_20-22-37.webp.webp?fit=1081%2C843&ssl=1&resize=350%2C200 1x, https:\/\/i0.wp.com\/noticiasribeiraopreto.com.br\/wp-content\/uploads\/2025\/08\/suelen_2025-08-31_20-22-37.webp.webp?fit=1081%2C843&ssl=1&resize=525%2C300 1.5x, https:\/\/i0.wp.com\/noticiasribeiraopreto.com.br\/wp-content\/uploads\/2025\/08\/suelen_2025-08-31_20-22-37.webp.webp?fit=1081%2C843&ssl=1&resize=700%2C400 2x, https:\/\/i0.wp.com\/noticiasribeiraopreto.com.br\/wp-content\/uploads\/2025\/08\/suelen_2025-08-31_20-22-37.webp.webp?fit=1081%2C843&ssl=1&resize=1050%2C600 3x"},"classes":[]},{"id":85130,"url":"https:\/\/noticiasribeiraopreto.com.br\/index.php\/2026\/04\/22\/mulher-e-vitima-de-feminicidio-em-rp\/","url_meta":{"origin":85264,"position":1},"title":"Mulher \u00e9 v\u00edtima de feminic\u00eddio em RP","author":"noticiasribeiraopreto.com.br","date":"22 de April de 2026","format":false,"excerpt":"\r Principal suspeito \u00e9 marido, apontado pela fam\u00edlia como usu\u00e1rio de drogas e que n\u00e3o foi localizado\r \r 22 de abril de 2026 07:5322 de abril de 2026 07:12 \r Compartilhar1 | Por: Adalberto Luque | Uma mulher de 38 anos foi v\u00edtima de feminic\u00eddio. Seu corpo foi encontrado na\u2026","rel":"","context":"In &quot;Not\u00edcias de Ribeir\u00e3o Preto-SP e Regi\u00e3o&quot;","block_context":{"text":"Not\u00edcias de Ribeir\u00e3o Preto-SP e Regi\u00e3o","link":"https:\/\/noticiasribeiraopreto.com.br\/index.php\/category\/noticias-de-ribeirao-preto-sp-e-regiao-ismael-colosi\/"},"img":{"alt_text":"","src":"https:\/\/i0.wp.com\/noticiasribeiraopreto.com.br\/wp-content\/uploads\/2026\/04\/22-abr-2026-feminicidioribeirao1-scaled.jpg?fit=1057%2C1200&ssl=1&resize=350%2C200","width":350,"height":200,"srcset":"https:\/\/i0.wp.com\/noticiasribeiraopreto.com.br\/wp-content\/uploads\/2026\/04\/22-abr-2026-feminicidioribeirao1-scaled.jpg?fit=1057%2C1200&ssl=1&resize=350%2C200 1x, https:\/\/i0.wp.com\/noticiasribeiraopreto.com.br\/wp-content\/uploads\/2026\/04\/22-abr-2026-feminicidioribeirao1-scaled.jpg?fit=1057%2C1200&ssl=1&resize=525%2C300 1.5x, https:\/\/i0.wp.com\/noticiasribeiraopreto.com.br\/wp-content\/uploads\/2026\/04\/22-abr-2026-feminicidioribeirao1-scaled.jpg?fit=1057%2C1200&ssl=1&resize=700%2C400 2x, https:\/\/i0.wp.com\/noticiasribeiraopreto.com.br\/wp-content\/uploads\/2026\/04\/22-abr-2026-feminicidioribeirao1-scaled.jpg?fit=1057%2C1200&ssl=1&resize=1050%2C600 3x"},"classes":[]},{"id":61699,"url":"https:\/\/noticiasribeiraopreto.com.br\/index.php\/2024\/12\/19\/mulher-e-esfaqueada-em-tentativa-de-feminicidio-na-regiao-de-ribeirao-preto\/","url_meta":{"origin":85264,"position":2},"title":"Mulher \u00e9 esfaqueada em tentativa de feminic\u00eddio na regi\u00e3o de Ribeir\u00e3o Preto","author":"noticiasribeiraopreto.com.br","date":"19 de December de 2024","format":false,"excerpt":"Uma mulher, de 30 anos, sofreu uma tentativa de feminic\u00eddio na manh\u00e3 desta quinta-feira (19) em Sert\u00e3ozinho, na regi\u00e3o de Ribeir\u00e3o Preto. Segundo o BO (boletim de ocorr\u00eancia), o suspeito \u00e9 o ex-companheiro da v\u00edtima. A mulher foi socorrida pelo Samu (Servi\u00e7o de Atendimento M\u00f3vel de Urg\u00eancia) est\u00e1 internada na\u2026","rel":"","context":"In &quot;Not\u00edcias de Ribeir\u00e3o Preto-SP e Regi\u00e3o&quot;","block_context":{"text":"Not\u00edcias de Ribeir\u00e3o Preto-SP e Regi\u00e3o","link":"https:\/\/noticiasribeiraopreto.com.br\/index.php\/category\/noticias-de-ribeirao-preto-sp-e-regiao-ismael-colosi\/"},"img":{"alt_text":"","src":"https:\/\/i0.wp.com\/noticiasribeiraopreto.com.br\/wp-content\/uploads\/2024\/09\/policia_qru_1200x675_24052022175115_2024-09-13_14-18-22_jpg_2024-09-13_14-18-22.webp.webp?fit=1200%2C675&ssl=1&resize=350%2C200","width":350,"height":200,"srcset":"https:\/\/i0.wp.com\/noticiasribeiraopreto.com.br\/wp-content\/uploads\/2024\/09\/policia_qru_1200x675_24052022175115_2024-09-13_14-18-22_jpg_2024-09-13_14-18-22.webp.webp?fit=1200%2C675&ssl=1&resize=350%2C200 1x, https:\/\/i0.wp.com\/noticiasribeiraopreto.com.br\/wp-content\/uploads\/2024\/09\/policia_qru_1200x675_24052022175115_2024-09-13_14-18-22_jpg_2024-09-13_14-18-22.webp.webp?fit=1200%2C675&ssl=1&resize=525%2C300 1.5x, https:\/\/i0.wp.com\/noticiasribeiraopreto.com.br\/wp-content\/uploads\/2024\/09\/policia_qru_1200x675_24052022175115_2024-09-13_14-18-22_jpg_2024-09-13_14-18-22.webp.webp?fit=1200%2C675&ssl=1&resize=700%2C400 2x, https:\/\/i0.wp.com\/noticiasribeiraopreto.com.br\/wp-content\/uploads\/2024\/09\/policia_qru_1200x675_24052022175115_2024-09-13_14-18-22_jpg_2024-09-13_14-18-22.webp.webp?fit=1200%2C675&ssl=1&resize=1050%2C600 3x"},"classes":[]},{"id":85207,"url":"https:\/\/noticiasribeiraopreto.com.br\/index.php\/2026\/04\/24\/semana-violenta-jovem-e-vitima-de-feminicidio-na-regiao\/","url_meta":{"origin":85264,"position":3},"title":"Semana violenta: jovem \u00e9 v\u00edtima de feminic\u00eddio na regi\u00e3o","author":"noticiasribeiraopreto.com.br","date":"24 de April de 2026","format":false,"excerpt":"\r Principal suspeito \u00e9 o pai da amiga que estava com ela no momento em que houve o ataque fatal\r \r 24 de abril de 2026 13:17 \r Compartilhar2 | Por: Adalberto Luque | Uma jovem de 20 anos morreu, na manh\u00e3 desta sexta-feira (24). O crime ocorreu na rua\u2026","rel":"","context":"In &quot;Not\u00edcias de Ribeir\u00e3o Preto-SP e Regi\u00e3o&quot;","block_context":{"text":"Not\u00edcias de Ribeir\u00e3o Preto-SP e Regi\u00e3o","link":"https:\/\/noticiasribeiraopreto.com.br\/index.php\/category\/noticias-de-ribeirao-preto-sp-e-regiao-ismael-colosi\/"},"img":{"alt_text":"","src":"https:\/\/i0.wp.com\/noticiasribeiraopreto.com.br\/wp-content\/uploads\/2026\/04\/24-abr-2026-feminicidiopontal-scaled.jpg?fit=1200%2C827&ssl=1&resize=350%2C200","width":350,"height":200,"srcset":"https:\/\/i0.wp.com\/noticiasribeiraopreto.com.br\/wp-content\/uploads\/2026\/04\/24-abr-2026-feminicidiopontal-scaled.jpg?fit=1200%2C827&ssl=1&resize=350%2C200 1x, https:\/\/i0.wp.com\/noticiasribeiraopreto.com.br\/wp-content\/uploads\/2026\/04\/24-abr-2026-feminicidiopontal-scaled.jpg?fit=1200%2C827&ssl=1&resize=525%2C300 1.5x, https:\/\/i0.wp.com\/noticiasribeiraopreto.com.br\/wp-content\/uploads\/2026\/04\/24-abr-2026-feminicidiopontal-scaled.jpg?fit=1200%2C827&ssl=1&resize=700%2C400 2x, https:\/\/i0.wp.com\/noticiasribeiraopreto.com.br\/wp-content\/uploads\/2026\/04\/24-abr-2026-feminicidiopontal-scaled.jpg?fit=1200%2C827&ssl=1&resize=1050%2C600 3x"},"classes":[]},{"id":80317,"url":"https:\/\/noticiasribeiraopreto.com.br\/index.php\/2025\/11\/19\/pensao-para-filhos-de-vitimas-de-feminicidio-deve-ser-paga-em-dezembro\/","url_meta":{"origin":85264,"position":4},"title":"Pens\u00e3o para filhos de v\u00edtimas de feminic\u00eddio deve ser paga em dezembro","author":"noticiasribeiraopreto.com.br","date":"19 de November de 2025","format":false,"excerpt":"A ministra das Mulheres, M\u00e1rcia Lopes, afirmou que a pens\u00e3o especial para filhos e dependentes menores de 18 anos de v\u00edtimas de feminic\u00eddio deve come\u00e7ar a ser paga a partir de dezembro. \u201cTemos a previs\u00e3o de iniciar esse pagamento a partir de dezembro. Vou confirmar, mas o ministro Wolney [Queiroz],\u2026","rel":"","context":"In &quot;Not\u00edcias de Ribeir\u00e3o Preto-SP e Regi\u00e3o&quot;","block_context":{"text":"Not\u00edcias de Ribeir\u00e3o Preto-SP e Regi\u00e3o","link":"https:\/\/noticiasribeiraopreto.com.br\/index.php\/category\/noticias-de-ribeirao-preto-sp-e-regiao-ismael-colosi\/"},"img":{"alt_text":"","src":"https:\/\/i0.wp.com\/noticiasribeiraopreto.com.br\/wp-content\/uploads\/2025\/11\/pensao-feminicidio_2025-11-19_16-49-07.webp.webp?fit=1200%2C666&ssl=1&resize=350%2C200","width":350,"height":200,"srcset":"https:\/\/i0.wp.com\/noticiasribeiraopreto.com.br\/wp-content\/uploads\/2025\/11\/pensao-feminicidio_2025-11-19_16-49-07.webp.webp?fit=1200%2C666&ssl=1&resize=350%2C200 1x, https:\/\/i0.wp.com\/noticiasribeiraopreto.com.br\/wp-content\/uploads\/2025\/11\/pensao-feminicidio_2025-11-19_16-49-07.webp.webp?fit=1200%2C666&ssl=1&resize=525%2C300 1.5x, https:\/\/i0.wp.com\/noticiasribeiraopreto.com.br\/wp-content\/uploads\/2025\/11\/pensao-feminicidio_2025-11-19_16-49-07.webp.webp?fit=1200%2C666&ssl=1&resize=700%2C400 2x, https:\/\/i0.wp.com\/noticiasribeiraopreto.com.br\/wp-content\/uploads\/2025\/11\/pensao-feminicidio_2025-11-19_16-49-07.webp.webp?fit=1200%2C666&ssl=1&resize=1050%2C600 3x"},"classes":[]},{"id":34033,"url":"https:\/\/noticiasribeiraopreto.com.br\/index.php\/2024\/01\/31\/sp-bate-recorde-de-feminicidios-em-2023\/","url_meta":{"origin":85264,"position":5},"title":"SP bate recorde de\u00a0feminic\u00eddios em 2023\u00a0","author":"noticiasribeiraopreto.com.br","date":"31 de January de 2024","format":false,"excerpt":"31 de janeiro de 2024 | 18:0031 de janeiro de 2024 | 9:32 0O estado de S\u00e3o Paulo teve no ano passado o maior n\u00famero de feminic\u00eddios desde 2018, quando os dados passaram a ser divulgados separadamente das demais estat\u00edsticas de homic\u00eddio. Segundo a Secretaria de Estado da Seguran\u00e7a P\u00fablica\u2026","rel":"","context":"In &quot;Not\u00edcias de Ribeir\u00e3o Preto-SP e Regi\u00e3o&quot;","block_context":{"text":"Not\u00edcias de Ribeir\u00e3o Preto-SP e Regi\u00e3o","link":"https:\/\/noticiasribeiraopreto.com.br\/index.php\/category\/noticias-de-ribeirao-preto-sp-e-regiao-ismael-colosi\/"},"img":{"alt_text":"","src":"https:\/\/i0.wp.com\/noticiasribeiraopreto.com.br\/wp-content\/uploads\/2024\/01\/feminicidio-psiquiatria-1.jpg?fit=800%2C534&ssl=1&resize=350%2C200","width":350,"height":200,"srcset":"https:\/\/i0.wp.com\/noticiasribeiraopreto.com.br\/wp-content\/uploads\/2024\/01\/feminicidio-psiquiatria-1.jpg?fit=800%2C534&ssl=1&resize=350%2C200 1x, https:\/\/i0.wp.com\/noticiasribeiraopreto.com.br\/wp-content\/uploads\/2024\/01\/feminicidio-psiquiatria-1.jpg?fit=800%2C534&ssl=1&resize=525%2C300 1.5x, https:\/\/i0.wp.com\/noticiasribeiraopreto.com.br\/wp-content\/uploads\/2024\/01\/feminicidio-psiquiatria-1.jpg?fit=800%2C534&ssl=1&resize=700%2C400 2x"},"classes":[]}],"jetpack_sharing_enabled":true,"jetpack_shortlink":"https:\/\/wp.me\/peQAOb-mbe","_links":{"self":[{"href":"https:\/\/noticiasribeiraopreto.com.br\/index.php\/wp-json\/wp\/v2\/posts\/85264","targetHints":{"allow":["GET"]}}],"collection":[{"href":"https:\/\/noticiasribeiraopreto.com.br\/index.php\/wp-json\/wp\/v2\/posts"}],"about":[{"href":"https:\/\/noticiasribeiraopreto.com.br\/index.php\/wp-json\/wp\/v2\/types\/post"}],"author":[{"embeddable":true,"href":"https:\/\/noticiasribeiraopreto.com.br\/index.php\/wp-json\/wp\/v2\/users\/1"}],"replies":[{"embeddable":true,"href":"https:\/\/noticiasribeiraopreto.com.br\/index.php\/wp-json\/wp\/v2\/comments?post=85264"}],"version-history":[{"count":0,"href":"https:\/\/noticiasribeiraopreto.com.br\/index.php\/wp-json\/wp\/v2\/posts\/85264\/revisions"}],"wp:featuredmedia":[{"embeddable":true,"href":"https:\/\/noticiasribeiraopreto.com.br\/index.php\/wp-json\/wp\/v2\/media\/85265"}],"wp:attachment":[{"href":"https:\/\/noticiasribeiraopreto.com.br\/index.php\/wp-json\/wp\/v2\/media?parent=85264"}],"wp:term":[{"taxonomy":"category","embeddable":true,"href":"https:\/\/noticiasribeiraopreto.com.br\/index.php\/wp-json\/wp\/v2\/categories?post=85264"},{"taxonomy":"post_tag","embeddable":true,"href":"https:\/\/noticiasribeiraopreto.com.br\/index.php\/wp-json\/wp\/v2\/tags?post=85264"}],"curies":[{"name":"wp","href":"https:\/\/api.w.org\/{rel}","templated":true}]}}