{"id":85266,"date":"2026-04-27T11:06:24","date_gmt":"2026-04-27T14:06:24","guid":{"rendered":"https:\/\/noticiasribeiraopreto.com.br\/index.php\/2026\/04\/27\/grupo-educacional-seb-articula-criacao-de-faculdade-de-agronegocio-em-abu-dhabi\/"},"modified":"2026-04-27T11:06:24","modified_gmt":"2026-04-27T14:06:24","slug":"grupo-educacional-seb-articula-criacao-de-faculdade-de-agronegocio-em-abu-dhabi","status":"publish","type":"post","link":"https:\/\/noticiasribeiraopreto.com.br\/index.php\/2026\/04\/27\/grupo-educacional-seb-articula-criacao-de-faculdade-de-agronegocio-em-abu-dhabi\/","title":{"rendered":"Grupo educacional SEB articula cria\u00e7\u00e3o de faculdade de agroneg\u00f3cio em Abu Dhabi &#8211; THMais"},"content":{"rendered":"<div class='code-block code-block-1' style='margin: 8px 0 8px auto; text-align: right; display: block; clear: both;'>\n<p><a href=\"https:\/\/wa.link\/vpicfd\"><img data-recalc-dims=\"1\" class=\"wp-image-4922\" style=\"aspect-ratio: 2.0253164556962027; width: 561px; height: auto;\" src=\"https:\/\/i0.wp.com\/ismaelcolosi.com.br\/wp-content\/uploads\/2023\/11\/grupo-de-empregos-whatsapp-e-facebook-ismael-colosi-vagas.jpg?ssl=1\" alt=\"\" \/><\/a><\/p>\n<!-- \/wp:image -->\n<\/div>\n<p> <br \/>\n<\/p>\n<div>\n<p>O grupo educacional brasileiro SEB negocia com o governo de Abu Dhabi a abertura de uma unidade da Harven Agribusiness School, com foco em agroneg\u00f3cio, e intensificou as tratativas ap\u00f3s o agravamento da guerra no Oriente M\u00e9dio. O projeto envolve investimento estimado em US$ 100 milh\u00f5es e previs\u00e3o de funcionamento a partir de 2027.<\/p>\n<p>O empres\u00e1rio Chaim Zaher afirma que a iniciativa responde a uma demanda estrat\u00e9gica da regi\u00e3o. <em>\u201cHoje, cerca de 90% dos alimentos consumidos na regi\u00e3o s\u00e3o importados. \u00c9 um ponto delicado que se agravou com a guerra. H\u00e1 uma pol\u00edtica de seguran\u00e7a alimentar que tem por objetivo reduzir essa depend\u00eancia e se tornou ainda mais urgente com o conflito\u201d<\/em>, declarou. Ele acrescenta que a transfer\u00eancia de conhecimento brasileiro se encaixa nesse cen\u00e1rio. <em>\u201cPara isso, \u00e9 necess\u00e1rio ter conhecimento em agroneg\u00f3cio, em novas tecnologias para plantios no deserto. E levar a Harven, que \u00e9 brasileira, faz todo o sentido\u201d<\/em>.<\/p>\n<p>O projeto prev\u00ea que o governo dos Emirados \u00c1rabes Unidos financie a infraestrutura por meio de fundos soberanos, enquanto o SEB assume a estrutura acad\u00eamica, com defini\u00e7\u00e3o de cursos, contrata\u00e7\u00e3o de professores e implementa\u00e7\u00e3o pedag\u00f3gica.<\/p>\n<p><strong>Demanda por seguran\u00e7a alimentar impulsiona projeto<\/strong><\/p>\n<p>Pa\u00edses do Golfo enfrentam limita\u00e7\u00f5es naturais, como escassez de \u00e1gua doce e solos arenosos, o que dificulta a produ\u00e7\u00e3o agr\u00edcola em larga escala. A depend\u00eancia externa chega a 90% nos Emirados e varia conforme o tipo de alimento, com \u00edndices entre 90% e 100% para cereais.<\/p>\n<p>O professor Marcos Fava Neves, da Universidade de S\u00e3o Paulo, destaca que o setor na regi\u00e3o exige especializa\u00e7\u00e3o t\u00e9cnica. <em>\u201cEles contam com engenheiros e capital, mas muitas vezes carecem de quem entende a fisiologia da planta e a economia do ciclo longo, \u00e1reas onde a academia brasileira \u00e9 mestre\u201d<\/em>, afirmou. O governo local projeta criar cerca de 65 mil empregos ligados \u00e0 seguran\u00e7a alimentar at\u00e9 2051, com foco em qualifica\u00e7\u00e3o profissional e inova\u00e7\u00e3o tecnol\u00f3gica.<\/p>\n<p><strong>Tecnologia agr\u00edcola e parcerias internacionais<\/strong><\/p>\n<p>A regi\u00e3o j\u00e1 investe em solu\u00e7\u00f5es como fazendas verticais, hidroponia, dessaliniza\u00e7\u00e3o e reaproveitamento de \u00e1gua. Outra t\u00e9cnica utilizada \u00e9 o Nano Clay, que mistura \u00e1gua e argila para melhorar a reten\u00e7\u00e3o de nutrientes no solo. As estufas tamb\u00e9m seguem modelo adaptado ao clima extremo, com estruturas voltadas para reduzir o calor.<\/p>\n<p>A proposta da Harven inclui integra\u00e7\u00e3o entre professores brasileiros e \u00e1rabes em projetos de pesquisa, estudos de caso e iniciativas empresariais. Segundo Neves, a institui\u00e7\u00e3o deve atuar tamb\u00e9m como ponte econ\u00f4mica. <em>\u201cA Harven ser\u00e1 porta de entrada para investimentos dos pa\u00edses \u00e1rabes no Brasil, ajudando nos projetos, a encontrar empresas brasileiras para receber esses aportes e desenvolver talentos e tecnologias\u201d<\/em>, disse.<\/p>\n<p><strong>Expans\u00e3o do SEB no Golfo e interesse de investidores<\/strong><\/p>\n<p>O SEB j\u00e1 mant\u00e9m presen\u00e7a na regi\u00e3o com cerca de 20 unidades da escola bil\u00edngue Maple Bear. A expans\u00e3o para o ensino superior ocorre em um contexto de alta demanda por educa\u00e7\u00e3o internacional.<\/p>\n<p>Investidores locais demonstram interesse no projeto. O fundo soberano Mubadala avalia a forma\u00e7\u00e3o de profissionais para atuar em opera\u00e7\u00f5es ligadas ao agroneg\u00f3cio e ampliar investimentos no setor. O Brasil aparece como refer\u00eancia global, com institui\u00e7\u00f5es como a Embrapa, o que refor\u00e7a o interesse dos pa\u00edses \u00e1rabes em parcerias educacionais e tecnol\u00f3gicas.<\/p>\n<p><strong>Negocia\u00e7\u00f5es avan\u00e7am mesmo com conflito<\/strong><\/p>\n<p>Chaim Zaher afirma que o conflito no Oriente M\u00e9dio n\u00e3o compromete o andamento do projeto. <em>\u201cAo contr\u00e1rio, a necessidade de n\u00e3o depender da importa\u00e7\u00e3o de alimentos se tornou ainda mais urgente. Para obras, eles s\u00e3o muito r\u00e1pidos, t\u00eam muita tecnologia, \u00e9 quest\u00e3o de poucos meses para erguer a faculdade\u201d<\/em>, disse.<\/p>\n<p>O empres\u00e1rio tamb\u00e9m negocia acordos comerciais pr\u00f3prios com a regi\u00e3o. A proposta inclui exporta\u00e7\u00e3o de parte da produ\u00e7\u00e3o de uma fazenda na Bahia em troca de investimentos em tecnologia e expans\u00e3o produtiva. A primeira unidade da Harven no Brasil funciona em Ribeir\u00e3o Preto desde 2024 e re\u00fane cerca de 500 alunos. O avan\u00e7o para o Oriente M\u00e9dio marca a internacionaliza\u00e7\u00e3o do modelo educacional voltado ao agroneg\u00f3cio brasileiro.<\/p>\n<\/div>\n<p><br \/>\n<br \/><a href=\"https:\/\/thmais.com.br\/cidades\/joao-pessoa\/grupo-educacional-seb-articula-criacao-de-faculdade-de-agronegocio-em-abu-dhabi\/\">Link para o texto original <\/a><\/p>\n<!-- CONTENT END 1 -->\n","protected":false},"excerpt":{"rendered":"<p>O grupo educacional brasileiro SEB negocia com o governo de Abu Dhabi a abertura de uma unidade da Harven Agribusiness School, com foco em agroneg\u00f3cio,&#8230;<\/p>\n","protected":false},"author":1,"featured_media":85267,"comment_status":"","ping_status":"","sticky":false,"template":"","format":"standard","meta":{"advanced_seo_description":"","jetpack_seo_html_title":"","jetpack_seo_noindex":false,"jetpack_post_was_ever_published":false,"_jetpack_newsletter_access":"","_jetpack_dont_email_post_to_subs":false,"_jetpack_newsletter_tier_id":0,"_jetpack_memberships_contains_paywalled_content":false,"_jetpack_memberships_contains_paid_content":false,"footnotes":"","jetpack_publicize_message":"","jetpack_publicize_feature_enabled":true,"jetpack_social_post_already_shared":true,"jetpack_social_options":{"image_generator_settings":{"template":"highway","default_image_id":0,"font":"","enabled":false},"version":2}},"categories":[11],"tags":[6478,6482,6479,203,6481,1816,6483,6480,1898,3142,494,6462,6443],"class_list":["post-85266","post","type-post","status-publish","format-standard","has-post-thumbnail","hentry","category-noticias-de-ribeirao-preto-sp-e-regiao-ismael-colosi","tag-6478","tag-abu","tag-abu-dhabi","tag-agronegocio","tag-articula","tag-criacao","tag-dhabi","tag-educacional","tag-escola","tag-faculdade","tag-grupo","tag-seb","tag-thmais"],"jetpack_publicize_connections":[],"jetpack_featured_media_url":"https:\/\/i0.wp.com\/noticiasribeiraopreto.com.br\/wp-content\/uploads\/2026\/04\/chain.png?fit=990%2C619&ssl=1","jetpack-related-posts":[{"id":11770,"url":"https:\/\/noticiasribeiraopreto.com.br\/index.php\/2023\/12\/06\/a-rara-visita-de-putin-aos-paises-do-oriente-medio\/","url_meta":{"origin":85266,"position":0},"title":"A rara visita de Putin aos pa\u00edses do Oriente M\u00e9dio","author":"noticiasribeiraopreto.com.br","date":"6 de December de 2023","format":false,"excerpt":"O presidente russo, Vladimir Putin, iniciou uma rara visita ao Oriente M\u00e9dio, passando pelos Emirados \u00c1rabes Unidos e pela Ar\u00e1bia Saudita. Essas s\u00e3o as primeiras viagens do chefe do Kremlin \u00e0 regi\u00e3o desde o in\u00edcio da guerra na Ucr\u00e2nia, em fevereiro de 2022. Putin fez poucas incurs\u00f5es para al\u00e9m das\u2026","rel":"","context":"In &quot;Dinheiro e Investimento&quot;","block_context":{"text":"Dinheiro e Investimento","link":"https:\/\/noticiasribeiraopreto.com.br\/index.php\/category\/dinheiro-e-investimento-como-fazer-como-ganhar\/"},"img":{"alt_text":"","src":"https:\/\/i0.wp.com\/noticiasribeiraopreto.com.br\/wp-content\/uploads\/2023\/12\/Vladimir-Putin-iStock-715x402.jpg?fit=715%2C402&ssl=1&resize=350%2C200","width":350,"height":200,"srcset":"https:\/\/i0.wp.com\/noticiasribeiraopreto.com.br\/wp-content\/uploads\/2023\/12\/Vladimir-Putin-iStock-715x402.jpg?fit=715%2C402&ssl=1&resize=350%2C200 1x, https:\/\/i0.wp.com\/noticiasribeiraopreto.com.br\/wp-content\/uploads\/2023\/12\/Vladimir-Putin-iStock-715x402.jpg?fit=715%2C402&ssl=1&resize=525%2C300 1.5x, https:\/\/i0.wp.com\/noticiasribeiraopreto.com.br\/wp-content\/uploads\/2023\/12\/Vladimir-Putin-iStock-715x402.jpg?fit=715%2C402&ssl=1&resize=700%2C400 2x"},"classes":[]},{"id":85224,"url":"https:\/\/noticiasribeiraopreto.com.br\/index.php\/2026\/04\/25\/escola-seb-portugal-realiza-mostra-de-artes-aberta-ao-publico\/","url_meta":{"origin":85266,"position":1},"title":"Escola SEB Portugal realiza mostra de artes aberta ao p\u00fablico &#8211; THMais","author":"noticiasribeiraopreto.com.br","date":"25 de April de 2026","format":false,"excerpt":"A Escola SEB Portugal Bil\u00edngue realiza neste s\u00e1bado (25), das 9h \u00e0s 12h, sua mostra de artes totalmente gratuita e aberta ao p\u00fablico. A Vivenciarte, que acontece no Instituto SEB, no Centro de Ribeir\u00e3o Preto, ter\u00e1 apresenta\u00e7\u00f5es de dan\u00e7a e m\u00fasica, exposi\u00e7\u00e3o art\u00edstica e cultural, oficinas no Espa\u00e7o Crian\u00e7a e\u2026","rel":"","context":"In &quot;Not\u00edcias de Ribeir\u00e3o Preto-SP e Regi\u00e3o&quot;","block_context":{"text":"Not\u00edcias de Ribeir\u00e3o Preto-SP e Regi\u00e3o","link":"https:\/\/noticiasribeiraopreto.com.br\/index.php\/category\/noticias-de-ribeirao-preto-sp-e-regiao-ismael-colosi\/"},"img":{"alt_text":"","src":"https:\/\/i0.wp.com\/noticiasribeiraopreto.com.br\/wp-content\/uploads\/2026\/04\/WhatsApp-Image-2026-04-24-at-14.23.27-1.jpeg?fit=1200%2C902&ssl=1&resize=350%2C200","width":350,"height":200,"srcset":"https:\/\/i0.wp.com\/noticiasribeiraopreto.com.br\/wp-content\/uploads\/2026\/04\/WhatsApp-Image-2026-04-24-at-14.23.27-1.jpeg?fit=1200%2C902&ssl=1&resize=350%2C200 1x, https:\/\/i0.wp.com\/noticiasribeiraopreto.com.br\/wp-content\/uploads\/2026\/04\/WhatsApp-Image-2026-04-24-at-14.23.27-1.jpeg?fit=1200%2C902&ssl=1&resize=525%2C300 1.5x, https:\/\/i0.wp.com\/noticiasribeiraopreto.com.br\/wp-content\/uploads\/2026\/04\/WhatsApp-Image-2026-04-24-at-14.23.27-1.jpeg?fit=1200%2C902&ssl=1&resize=700%2C400 2x, https:\/\/i0.wp.com\/noticiasribeiraopreto.com.br\/wp-content\/uploads\/2026\/04\/WhatsApp-Image-2026-04-24-at-14.23.27-1.jpeg?fit=1200%2C902&ssl=1&resize=1050%2C600 3x"},"classes":[]},{"id":62953,"url":"https:\/\/noticiasribeiraopreto.com.br\/index.php\/2025\/01\/29\/programa-agronegocio-nas-escolas-esta-com-inscricoes-abertas-saiba-como-participar\/","url_meta":{"origin":85266,"position":2},"title":"Programa &#8216;Agroneg\u00f3cio nas Escolas&#8217; est\u00e1 com inscri\u00e7\u00f5es abertas; Saiba como participar","author":"noticiasribeiraopreto.com.br","date":"29 de January de 2025","format":false,"excerpt":"A Abag (Associa\u00e7\u00e3o Brasileira do Agroneg\u00f3cio da Regi\u00e3o de Ribeir\u00e3o Preto) est\u00e1 com inscri\u00e7\u00f5es abertas para o programa educacional \u201cAgroneg\u00f3cio na Escola\u201d, que incentiva os estudantes a participarem de discuss\u00f5es sobre o agroneg\u00f3cio. O foco do programa \u00e9 a capacita\u00e7\u00e3o de professores, al\u00e9m de levar conhecimento sobe o setor para\u2026","rel":"","context":"In &quot;Not\u00edcias de Ribeir\u00e3o Preto-SP e Regi\u00e3o&quot;","block_context":{"text":"Not\u00edcias de Ribeir\u00e3o Preto-SP e Regi\u00e3o","link":"https:\/\/noticiasribeiraopreto.com.br\/index.php\/category\/noticias-de-ribeirao-preto-sp-e-regiao-ismael-colosi\/"},"img":{"alt_text":"","src":"https:\/\/i0.wp.com\/noticiasribeiraopreto.com.br\/wp-content\/uploads\/2025\/01\/WhatsApp-Image-2025-01-29-at-10.09.35_2025-01-29_14-28-42_jpeg_2025-01-29_14-28-42.webp.webp?fit=1200%2C800&ssl=1&resize=350%2C200","width":350,"height":200,"srcset":"https:\/\/i0.wp.com\/noticiasribeiraopreto.com.br\/wp-content\/uploads\/2025\/01\/WhatsApp-Image-2025-01-29-at-10.09.35_2025-01-29_14-28-42_jpeg_2025-01-29_14-28-42.webp.webp?fit=1200%2C800&ssl=1&resize=350%2C200 1x, https:\/\/i0.wp.com\/noticiasribeiraopreto.com.br\/wp-content\/uploads\/2025\/01\/WhatsApp-Image-2025-01-29-at-10.09.35_2025-01-29_14-28-42_jpeg_2025-01-29_14-28-42.webp.webp?fit=1200%2C800&ssl=1&resize=525%2C300 1.5x, https:\/\/i0.wp.com\/noticiasribeiraopreto.com.br\/wp-content\/uploads\/2025\/01\/WhatsApp-Image-2025-01-29-at-10.09.35_2025-01-29_14-28-42_jpeg_2025-01-29_14-28-42.webp.webp?fit=1200%2C800&ssl=1&resize=700%2C400 2x, https:\/\/i0.wp.com\/noticiasribeiraopreto.com.br\/wp-content\/uploads\/2025\/01\/WhatsApp-Image-2025-01-29-at-10.09.35_2025-01-29_14-28-42_jpeg_2025-01-29_14-28-42.webp.webp?fit=1200%2C800&ssl=1&resize=1050%2C600 3x"},"classes":[]},{"id":59458,"url":"https:\/\/noticiasribeiraopreto.com.br\/index.php\/2024\/10\/24\/capitais-do-agronegocio-no-centro-oeste-enfrentam-crescente-desafio-de-problemas-sociais\/","url_meta":{"origin":85266,"position":3},"title":"Capitais do Agroneg\u00f3cio no Centro-Oeste Enfrentam Crescente Desafio de Problemas Sociais","author":"noticiasribeiraopreto.com.br","date":"24 de October de 2024","format":false,"excerpt":"O agroneg\u00f3cio, motor econ\u00f4mico do Centro-Oeste brasileiro, impulsiona o crescimento e a produ\u00e7\u00e3o de riquezas na regi\u00e3o. Contudo, o avan\u00e7o econ\u00f4mico dessas capitais, como Cuiab\u00e1, Campo Grande, Goi\u00e2nia e outras \u00e1reas ricas em produ\u00e7\u00e3o agr\u00edcola e pecu\u00e1ria, tem sido acompanhado por um aumento significativo de problemas sociais, gerando um contraste\u2026","rel":"","context":"In &quot;Not\u00edcias de Ribeir\u00e3o Preto-SP e Regi\u00e3o&quot;","block_context":{"text":"Not\u00edcias de Ribeir\u00e3o Preto-SP e Regi\u00e3o","link":"https:\/\/noticiasribeiraopreto.com.br\/index.php\/category\/noticias-de-ribeirao-preto-sp-e-regiao-ismael-colosi\/"},"img":{"alt_text":"","src":"https:\/\/i0.wp.com\/noticiasribeiraopreto.com.br\/wp-content\/uploads\/2024\/10\/agro-cg-foto-joao-garrigocmcg.webp.webp?fit=1170%2C700&ssl=1&resize=350%2C200","width":350,"height":200,"srcset":"https:\/\/i0.wp.com\/noticiasribeiraopreto.com.br\/wp-content\/uploads\/2024\/10\/agro-cg-foto-joao-garrigocmcg.webp.webp?fit=1170%2C700&ssl=1&resize=350%2C200 1x, https:\/\/i0.wp.com\/noticiasribeiraopreto.com.br\/wp-content\/uploads\/2024\/10\/agro-cg-foto-joao-garrigocmcg.webp.webp?fit=1170%2C700&ssl=1&resize=525%2C300 1.5x, https:\/\/i0.wp.com\/noticiasribeiraopreto.com.br\/wp-content\/uploads\/2024\/10\/agro-cg-foto-joao-garrigocmcg.webp.webp?fit=1170%2C700&ssl=1&resize=700%2C400 2x, https:\/\/i0.wp.com\/noticiasribeiraopreto.com.br\/wp-content\/uploads\/2024\/10\/agro-cg-foto-joao-garrigocmcg.webp.webp?fit=1170%2C700&ssl=1&resize=1050%2C600 3x"},"classes":[]},{"id":39898,"url":"https:\/\/noticiasribeiraopreto.com.br\/index.php\/2024\/02\/28\/grupo-tracbel-assume-redes-john-deere-em-sp\/","url_meta":{"origin":85266,"position":4},"title":"Grupo Tracbel assume redes John Deere em SP","author":"noticiasribeiraopreto.com.br","date":"28 de February de 2024","format":false,"excerpt":"28 de fevereiro de 2024 | 20:5628 de fevereiro de 2024 | 21:04 0O Grupo Tracbel est\u00e1 ampliando ainda mais sua participa\u00e7\u00e3o no agroneg\u00f3cio. A empresa criou a Tracbel Agro, uma nova unidade de neg\u00f3cios voltada exclusivamente para solu\u00e7\u00f5es, m\u00e1quinas e implementos agr\u00edcolas. Victor Franco, que at\u00e9 ent\u00e3o era o\u2026","rel":"","context":"In &quot;Not\u00edcias de Ribeir\u00e3o Preto-SP e Regi\u00e3o&quot;","block_context":{"text":"Not\u00edcias de Ribeir\u00e3o Preto-SP e Regi\u00e3o","link":"https:\/\/noticiasribeiraopreto.com.br\/index.php\/category\/noticias-de-ribeirao-preto-sp-e-regiao-ismael-colosi\/"},"img":{"alt_text":"","src":"https:\/\/i0.wp.com\/noticiasribeiraopreto.com.br\/wp-content\/uploads\/2024\/02\/fdc299eb-73d0-4fc6-a722-40daa83589b1-scaled.jpg?fit=968%2C645&ssl=1&resize=350%2C200","width":350,"height":200,"srcset":"https:\/\/i0.wp.com\/noticiasribeiraopreto.com.br\/wp-content\/uploads\/2024\/02\/fdc299eb-73d0-4fc6-a722-40daa83589b1-scaled.jpg?fit=968%2C645&ssl=1&resize=350%2C200 1x, https:\/\/i0.wp.com\/noticiasribeiraopreto.com.br\/wp-content\/uploads\/2024\/02\/fdc299eb-73d0-4fc6-a722-40daa83589b1-scaled.jpg?fit=968%2C645&ssl=1&resize=525%2C300 1.5x, https:\/\/i0.wp.com\/noticiasribeiraopreto.com.br\/wp-content\/uploads\/2024\/02\/fdc299eb-73d0-4fc6-a722-40daa83589b1-scaled.jpg?fit=968%2C645&ssl=1&resize=700%2C400 2x"},"classes":[]},{"id":85188,"url":"https:\/\/noticiasribeiraopreto.com.br\/index.php\/2026\/04\/24\/com-pascoa-e-agrishow-comercio-de-ribeirao-preto-projeta-alta-media-de-ate-15-nas-vendas-de-abril\/","url_meta":{"origin":85266,"position":5},"title":"Com P\u00e1scoa e Agrishow, com\u00e9rcio de Ribeir\u00e3o Preto projeta alta m\u00e9dia de at\u00e9 1,5% nas vendas de abril &#8211; THMais","author":"noticiasribeiraopreto.com.br","date":"24 de April de 2026","format":false,"excerpt":"Com o per\u00edodo de P\u00e1scoa e Agrishow, o Com\u00e9rcio Varejista de Ribeir\u00e3o Preto projeta alta m\u00e9dia entre 0,5% e 1,5% nas vendas de abril de 2026, em compara\u00e7\u00e3o ao mesmo per\u00edodo do ano passado quando a varia\u00e7\u00e3o ficou positiva em 1,5%. O levantamento \u00e9 do SINCOVARP (Sindicato do Com\u00e9rcio Varejista)\u2026","rel":"","context":"In &quot;Not\u00edcias de Ribeir\u00e3o Preto-SP e Regi\u00e3o&quot;","block_context":{"text":"Not\u00edcias de Ribeir\u00e3o Preto-SP e Regi\u00e3o","link":"https:\/\/noticiasribeiraopreto.com.br\/index.php\/category\/noticias-de-ribeirao-preto-sp-e-regiao-ismael-colosi\/"},"img":{"alt_text":"","src":"https:\/\/i0.wp.com\/noticiasribeiraopreto.com.br\/wp-content\/uploads\/2026\/04\/img-5638.jpg?fit=1008%2C672&ssl=1&resize=350%2C200","width":350,"height":200,"srcset":"https:\/\/i0.wp.com\/noticiasribeiraopreto.com.br\/wp-content\/uploads\/2026\/04\/img-5638.jpg?fit=1008%2C672&ssl=1&resize=350%2C200 1x, https:\/\/i0.wp.com\/noticiasribeiraopreto.com.br\/wp-content\/uploads\/2026\/04\/img-5638.jpg?fit=1008%2C672&ssl=1&resize=525%2C300 1.5x, https:\/\/i0.wp.com\/noticiasribeiraopreto.com.br\/wp-content\/uploads\/2026\/04\/img-5638.jpg?fit=1008%2C672&ssl=1&resize=700%2C400 2x"},"classes":[]}],"jetpack_sharing_enabled":true,"jetpack_shortlink":"https:\/\/wp.me\/peQAOb-mbg","_links":{"self":[{"href":"https:\/\/noticiasribeiraopreto.com.br\/index.php\/wp-json\/wp\/v2\/posts\/85266","targetHints":{"allow":["GET"]}}],"collection":[{"href":"https:\/\/noticiasribeiraopreto.com.br\/index.php\/wp-json\/wp\/v2\/posts"}],"about":[{"href":"https:\/\/noticiasribeiraopreto.com.br\/index.php\/wp-json\/wp\/v2\/types\/post"}],"author":[{"embeddable":true,"href":"https:\/\/noticiasribeiraopreto.com.br\/index.php\/wp-json\/wp\/v2\/users\/1"}],"replies":[{"embeddable":true,"href":"https:\/\/noticiasribeiraopreto.com.br\/index.php\/wp-json\/wp\/v2\/comments?post=85266"}],"version-history":[{"count":0,"href":"https:\/\/noticiasribeiraopreto.com.br\/index.php\/wp-json\/wp\/v2\/posts\/85266\/revisions"}],"wp:featuredmedia":[{"embeddable":true,"href":"https:\/\/noticiasribeiraopreto.com.br\/index.php\/wp-json\/wp\/v2\/media\/85267"}],"wp:attachment":[{"href":"https:\/\/noticiasribeiraopreto.com.br\/index.php\/wp-json\/wp\/v2\/media?parent=85266"}],"wp:term":[{"taxonomy":"category","embeddable":true,"href":"https:\/\/noticiasribeiraopreto.com.br\/index.php\/wp-json\/wp\/v2\/categories?post=85266"},{"taxonomy":"post_tag","embeddable":true,"href":"https:\/\/noticiasribeiraopreto.com.br\/index.php\/wp-json\/wp\/v2\/tags?post=85266"}],"curies":[{"name":"wp","href":"https:\/\/api.w.org\/{rel}","templated":true}]}}