{"id":85268,"date":"2026-04-27T12:20:08","date_gmt":"2026-04-27T15:20:08","guid":{"rendered":"https:\/\/noticiasribeiraopreto.com.br\/index.php\/2026\/04\/27\/acidente-deixa-11-feridos-proximo-a-agrishow\/"},"modified":"2026-04-27T12:20:08","modified_gmt":"2026-04-27T15:20:08","slug":"acidente-deixa-11-feridos-proximo-a-agrishow","status":"publish","type":"post","link":"https:\/\/noticiasribeiraopreto.com.br\/index.php\/2026\/04\/27\/acidente-deixa-11-feridos-proximo-a-agrishow\/","title":{"rendered":"Acidente deixa 11 feridos pr\u00f3ximo a Agrishow"},"content":{"rendered":"<div class='code-block code-block-1' style='margin: 8px 0 8px auto; text-align: right; display: block; clear: both;'>\n<p><a href=\"https:\/\/wa.link\/vpicfd\"><img data-recalc-dims=\"1\" class=\"wp-image-4922\" style=\"aspect-ratio: 2.0253164556962027; width: 561px; height: auto;\" src=\"https:\/\/i0.wp.com\/ismaelcolosi.com.br\/wp-content\/uploads\/2023\/11\/grupo-de-empregos-whatsapp-e-facebook-ismael-colosi-vagas.jpg?ssl=1\" alt=\"\" \/><\/a><\/p>\n<!-- \/wp:image -->\n<\/div>\n<p> <br \/>\n<\/p>\n<div id=\"\">&#13;<br \/>\n\t\t\t\t\t\t\t\t&#13;<\/p>\n<p>&#13;<br \/>\n\t\t\t\t\t\t\t\t\t<span class=\"entry-meta-item penci-posted-on\"><i class=\"fa fa-clock-o\"\/><time class=\"entry-date published\" datetime=\"2026-04-27T11:14:51-03:00\">27 de abril de 2026 11:14<\/time><time class=\"updated\" datetime=\"2026-04-27T12:17:57-03:00\">27 de abril de 2026 12:17<\/time><\/span><span class=\"entry-meta-item penci-post-countview\"\/>\t\t\t\t\t\t\t\t<\/p>\n<p><!-- .entry-meta -->&#13;<br \/>\n\t\t\t\t\t\t\t\t<span class=\"penci-social-buttons penci-social-share-footer\"><span class=\"penci-social-share-text\">Compartilhar<\/span><a href=\"#\" class=\"penci-post-like penci_post-meta_item  single-like-button penci-social-item like\" data-post_id=\"462289\" title=\"Like\" data-like=\"Like\" data-unlike=\"Unlike\"><i class=\"fa fa-thumbs-o-up\"\/><span class=\"penci-share-number\">2<\/span><\/a><i class=\"fa fa-facebook\"\/><a class=\"penci-social-item twitter\" target=\"_blank\" rel=\"noopener\" title=\"\" href=\"https:\/\/twitter.com\/intent\/tweet?text=Acidente%20deixa%2011%20feridos%20pr\u00f3ximo%20a%20Agrishow%20-%20https:\/\/www.tribunaribeirao.com.br\/acidente-deixa-11-feridos-proximo-a-agrishow\/\"><i class=\"fa fa-twitter\"\/><\/a><i class=\"fa fa-linkedin\"\/><i class=\"fa fa-whatsapp\"\/><i class=\"fa fa-telegram\"\/><i class=\"fa fa-envelope\"\/><\/span>\t\t\t\t\t\t\t<\/div>\n<div>\n<p>| Por: Adalberto Luque |<\/p>\n<p>Um acidente entre uma van e um carro deixou 11 pessoas feridas, no final da tarde deste domingo (26). A colis\u00e3o ocorreu na Rodovia Prefeito Ant\u00f4nio Duarte Nogueira, o Anel Vi\u00e1rio Sul, em uma al\u00e7a de acesso no km 39, pr\u00f3ximo ao recinto da Agrishow, na zona Rural de Ribeir\u00e3o Preto.<\/p>\n<p>De acordo com a Ag\u00eancia Reguladora de Transportes do Estado de S\u00e3o Paulo (Artesp), a van transportava trabalhadores de uma empresa terceirizada que est\u00e1 atuando na Agrishow. Ao apanhar a al\u00e7a de acesso \u00e0 rodovia, o condutor da van, por motivos a serem apurados, chocou seu ve\u00edculo contra a traseira de um Chevrolet Corsa, que seguia \u00e0 sua frente.<\/p>\n<p>Com o impacto, a van que transportava os trabalhadores tombou. O Corsa, desgovernado ap\u00f3s ser atingido na traseira, bateu no morro que margeia o acesso e tamb\u00e9m tombou.<\/p>\n<figure id=\"attachment_462291\" aria-describedby=\"caption-attachment-462291\" style=\"width: 1200px\" class=\"wp-caption alignnone\"><figcaption id=\"caption-attachment-462291\" class=\"wp-caption-text\">Corsa bateu em barranco, chegou a tombar, mas condutor n\u00e3o sofreu ferimentos (Foto: Artesp\/Divulga\u00e7\u00e3o)<\/figcaption><\/figure>\n<p>As 11 pessoas que estavam na van sofreram ferimentos leves. O condutor do Corsa n\u00e3o se feriu. Al\u00e9m da Pol\u00edcia Militar Rodovi\u00e1ria, foram acionados os resgates da Concession\u00e1ria Entrevias, Corpo de Bombeiros atrav\u00e9s do Grupo de Resgate e Atendimento a Urg\u00eancias (Grau) e Servi\u00e7o de Atendimento M\u00f3vel de Urg\u00eancia (Samu).<\/p>\n<p>As v\u00edtimas foram triadas e estabilizadas. Depois foram enviadas para hospitais em Ribeir\u00e3o Preto, distribuindo-as para n\u00e3o acarretar em superlota\u00e7\u00e3o em nenhuma das unidades. O local foi interditado para socorro e remo\u00e7\u00e3o das v\u00edtimas.<\/p>\n<p>Segundo a Artesp, apesar da gravidade da ocorr\u00eancia, n\u00e3o foi registrado congestionamento na via. Ap\u00f3s cerca de 1h40, foi liberado novamente. As causas do acidente ser\u00e3o apuradas pela Pol\u00edcia Civil.<\/p>\n<\/div>\n<p><script async src=\"\/\/platform.twitter.com\/widgets.js\" charset=\"utf-8\"><\/script><br \/>\n<br \/><br \/>\n<br \/><a href=\"https:\/\/www.tribunaribeirao.com.br\/acidente-deixa-11-feridos-proximo-a-agrishow\/\">Texto original daqui <\/a><\/p>\n<!-- CONTENT END 1 -->\n","protected":false},"excerpt":{"rendered":"<p>&#13; &#13; &#13; 27 de abril de 2026 11:1427 de abril de 2026 12:17 &#13; Compartilhar2 | Por: Adalberto Luque | Um acidente entre uma&#8230;<\/p>\n","protected":false},"author":1,"featured_media":85269,"comment_status":"","ping_status":"","sticky":false,"template":"","format":"standard","meta":{"advanced_seo_description":"","jetpack_seo_html_title":"","jetpack_seo_noindex":false,"jetpack_post_was_ever_published":false,"_jetpack_newsletter_access":"","_jetpack_dont_email_post_to_subs":false,"_jetpack_newsletter_tier_id":0,"_jetpack_memberships_contains_paywalled_content":false,"_jetpack_memberships_contains_paid_content":false,"footnotes":"","jetpack_publicize_message":"","jetpack_publicize_feature_enabled":true,"jetpack_social_post_already_shared":true,"jetpack_social_options":{"image_generator_settings":{"template":"highway","default_image_id":0,"font":"","enabled":false},"version":2}},"categories":[11],"tags":[74,191,77,1802,814],"class_list":["post-85268","post","type-post","status-publish","format-standard","has-post-thumbnail","hentry","category-noticias-de-ribeirao-preto-sp-e-regiao-ismael-colosi","tag-acidente","tag-agrishow","tag-deixa","tag-feridos","tag-proximo"],"jetpack_publicize_connections":[],"jetpack_featured_media_url":"https:\/\/i0.wp.com\/noticiasribeiraopreto.com.br\/wp-content\/uploads\/2026\/04\/27-abr-2026-acidentevan.jpg?fit=726%2C484&ssl=1","jetpack-related-posts":[{"id":48321,"url":"https:\/\/noticiasribeiraopreto.com.br\/index.php\/2024\/05\/02\/o-que-se-sabe-sobre-acidente-com-feridos-na-agrishow-em-ribeirao-preto\/","url_meta":{"origin":85268,"position":0},"title":"O que se sabe sobre acidente com feridos na Agrishow em Ribeir\u00e3o Preto","author":"noticiasribeiraopreto.com.br","date":"2 de May de 2024","format":false,"excerpt":"Um acidente pr\u00f3ximo da \u00e1rea do heliponto da Agrishow deixou duas pessoas feridas na manh\u00e3 desta quinta-feira (2), em Ribeir\u00e3o Preto. O acidente envolveu um helic\u00f3ptero particular e uma tenda de prestador de servi\u00e7os, cuja estrutura cedeu com a for\u00e7a do vento da h\u00e9lice da aeronave. O que diz a\u2026","rel":"","context":"In &quot;Not\u00edcias de Ribeir\u00e3o Preto-SP e Regi\u00e3o&quot;","block_context":{"text":"Not\u00edcias de Ribeir\u00e3o Preto-SP e Regi\u00e3o","link":"https:\/\/noticiasribeiraopreto.com.br\/index.php\/category\/noticias-de-ribeirao-preto-sp-e-regiao-ismael-colosi\/"},"img":{"alt_text":"","src":"https:\/\/i0.wp.com\/noticiasribeiraopreto.com.br\/wp-content\/uploads\/2024\/05\/WhatsApp-Image-2024-05-02-at-11.09.47_2024-05-02_14-10-38_jpeg_2024-05-02_14-10-38.webp.webp?fit=1200%2C965&ssl=1&resize=350%2C200","width":350,"height":200,"srcset":"https:\/\/i0.wp.com\/noticiasribeiraopreto.com.br\/wp-content\/uploads\/2024\/05\/WhatsApp-Image-2024-05-02-at-11.09.47_2024-05-02_14-10-38_jpeg_2024-05-02_14-10-38.webp.webp?fit=1200%2C965&ssl=1&resize=350%2C200 1x, https:\/\/i0.wp.com\/noticiasribeiraopreto.com.br\/wp-content\/uploads\/2024\/05\/WhatsApp-Image-2024-05-02-at-11.09.47_2024-05-02_14-10-38_jpeg_2024-05-02_14-10-38.webp.webp?fit=1200%2C965&ssl=1&resize=525%2C300 1.5x, https:\/\/i0.wp.com\/noticiasribeiraopreto.com.br\/wp-content\/uploads\/2024\/05\/WhatsApp-Image-2024-05-02-at-11.09.47_2024-05-02_14-10-38_jpeg_2024-05-02_14-10-38.webp.webp?fit=1200%2C965&ssl=1&resize=700%2C400 2x, https:\/\/i0.wp.com\/noticiasribeiraopreto.com.br\/wp-content\/uploads\/2024\/05\/WhatsApp-Image-2024-05-02-at-11.09.47_2024-05-02_14-10-38_jpeg_2024-05-02_14-10-38.webp.webp?fit=1200%2C965&ssl=1&resize=1050%2C600 3x"},"classes":[]},{"id":69720,"url":"https:\/\/noticiasribeiraopreto.com.br\/index.php\/2025\/05\/08\/morre-trabalhador-ferido-em-acidente-durante-desmontagem-na-agrishow\/","url_meta":{"origin":85268,"position":1},"title":"Morre trabalhador ferido em acidente durante desmontagem na Agrishow","author":"noticiasribeiraopreto.com.br","date":"8 de May de 2025","format":false,"excerpt":"O trabalhador de 25 anos que sofreu um acidente grave nesta quarta-feira (7), enquanto operava a movimenta\u00e7\u00e3o de um maquin\u00e1rio de um expositor durante desmontagem na\u00a0Agrishow, em Ribeir\u00e3o Preto, morreu nesta quinta-feira (8). A informa\u00e7\u00e3o foi confirmada pela assessoria da feira e pela empresa em que v\u00edtima atuava, que lamentaram\u2026","rel":"","context":"In &quot;Not\u00edcias de Ribeir\u00e3o Preto-SP e Regi\u00e3o&quot;","block_context":{"text":"Not\u00edcias de Ribeir\u00e3o Preto-SP e Regi\u00e3o","link":"https:\/\/noticiasribeiraopreto.com.br\/index.php\/category\/noticias-de-ribeirao-preto-sp-e-regiao-ismael-colosi\/"},"img":{"alt_text":"","src":"https:\/\/i0.wp.com\/noticiasribeiraopreto.com.br\/wp-content\/uploads\/2025\/05\/Copia-de-Copia-de-Copia-de-TAMANHO-EXATO-PARA-FOTOS-NO-SISTEMA-NOVO-47_2025-05-07_20-15-07.webp.webp?fit=1200%2C675&ssl=1&resize=350%2C200","width":350,"height":200,"srcset":"https:\/\/i0.wp.com\/noticiasribeiraopreto.com.br\/wp-content\/uploads\/2025\/05\/Copia-de-Copia-de-Copia-de-TAMANHO-EXATO-PARA-FOTOS-NO-SISTEMA-NOVO-47_2025-05-07_20-15-07.webp.webp?fit=1200%2C675&ssl=1&resize=350%2C200 1x, https:\/\/i0.wp.com\/noticiasribeiraopreto.com.br\/wp-content\/uploads\/2025\/05\/Copia-de-Copia-de-Copia-de-TAMANHO-EXATO-PARA-FOTOS-NO-SISTEMA-NOVO-47_2025-05-07_20-15-07.webp.webp?fit=1200%2C675&ssl=1&resize=525%2C300 1.5x, https:\/\/i0.wp.com\/noticiasribeiraopreto.com.br\/wp-content\/uploads\/2025\/05\/Copia-de-Copia-de-Copia-de-TAMANHO-EXATO-PARA-FOTOS-NO-SISTEMA-NOVO-47_2025-05-07_20-15-07.webp.webp?fit=1200%2C675&ssl=1&resize=700%2C400 2x, https:\/\/i0.wp.com\/noticiasribeiraopreto.com.br\/wp-content\/uploads\/2025\/05\/Copia-de-Copia-de-Copia-de-TAMANHO-EXATO-PARA-FOTOS-NO-SISTEMA-NOVO-47_2025-05-07_20-15-07.webp.webp?fit=1200%2C675&ssl=1&resize=1050%2C600 3x"},"classes":[]},{"id":85272,"url":"https:\/\/noticiasribeiraopreto.com.br\/index.php\/2026\/04\/27\/carrinho-eletrico-invade-sala-de-imprensa-na-agrishow\/","url_meta":{"origin":85268,"position":2},"title":"V\u00cdDEO &#8211; Carrinho el\u00e9trico invade sala de imprensa na Agrishow","author":"noticiasribeiraopreto.com.br","date":"27 de April de 2026","format":false,"excerpt":"\r \r \r Causas do acidente est\u00e3o sendo apuradas\r \r 27 de abril de 2026 12:4827 de abril de 2026 12:49 \r Compartilhar1 \r | Por: Adalberto Luque | Um carrinho el\u00e9trico invadiu, na manh\u00e3 desta segunda-feira (27), a sala de imprensa nas depend\u00eancias da Agrishow. Segundo informa\u00e7\u00f5es de pessoas\u2026","rel":"","context":"In &quot;Not\u00edcias de Ribeir\u00e3o Preto-SP e Regi\u00e3o&quot;","block_context":{"text":"Not\u00edcias de Ribeir\u00e3o Preto-SP e Regi\u00e3o","link":"https:\/\/noticiasribeiraopreto.com.br\/index.php\/category\/noticias-de-ribeirao-preto-sp-e-regiao-ismael-colosi\/"},"img":{"alt_text":"","src":"https:\/\/i0.wp.com\/noticiasribeiraopreto.com.br\/wp-content\/uploads\/2026\/04\/27-abr-2026-acidenteagrishow.jpg?fit=610%2C697&ssl=1&resize=350%2C200","width":350,"height":200,"srcset":"https:\/\/i0.wp.com\/noticiasribeiraopreto.com.br\/wp-content\/uploads\/2026\/04\/27-abr-2026-acidenteagrishow.jpg?fit=610%2C697&ssl=1&resize=350%2C200 1x, https:\/\/i0.wp.com\/noticiasribeiraopreto.com.br\/wp-content\/uploads\/2026\/04\/27-abr-2026-acidenteagrishow.jpg?fit=610%2C697&ssl=1&resize=525%2C300 1.5x"},"classes":[]},{"id":72942,"url":"https:\/\/noticiasribeiraopreto.com.br\/index.php\/2025\/06\/23\/video-acidente-grave-entre-cinco-veiculos-deixa-feridos-na-regiao\/","url_meta":{"origin":85268,"position":3},"title":"V\u00cdDEO &#8211; Acidente grave entre cinco ve\u00edculos deixa feridos na regi\u00e3o","author":"noticiasribeiraopreto.com.br","date":"23 de June de 2025","format":false,"excerpt":"Algumas das v\u00edtimas precisaram ser retiradas das ferragens e levadas para hospitais 23 de junho de 2025 11:4823 de junho de 2025 11:4912 Compartilhar2 Por: Adalberto Luque Um grave acidente, envolvendo cinco ve\u00edculos, foi registrado na noite deste domingo (22). O engavetamento ocorreu na Rodovia Armando de Salles Oliveira (SP-322),\u2026","rel":"","context":"In &quot;Not\u00edcias de Ribeir\u00e3o Preto-SP e Regi\u00e3o&quot;","block_context":{"text":"Not\u00edcias de Ribeir\u00e3o Preto-SP e Regi\u00e3o","link":"https:\/\/noticiasribeiraopreto.com.br\/index.php\/category\/noticias-de-ribeirao-preto-sp-e-regiao-ismael-colosi\/"},"img":{"alt_text":"","src":"https:\/\/i0.wp.com\/noticiasribeiraopreto.com.br\/wp-content\/uploads\/2025\/06\/23-jun-2025-acidentebebedouro-scaled.jpg?fit=800%2C449&ssl=1&resize=350%2C200","width":350,"height":200,"srcset":"https:\/\/i0.wp.com\/noticiasribeiraopreto.com.br\/wp-content\/uploads\/2025\/06\/23-jun-2025-acidentebebedouro-scaled.jpg?fit=800%2C449&ssl=1&resize=350%2C200 1x, https:\/\/i0.wp.com\/noticiasribeiraopreto.com.br\/wp-content\/uploads\/2025\/06\/23-jun-2025-acidentebebedouro-scaled.jpg?fit=800%2C449&ssl=1&resize=525%2C300 1.5x, https:\/\/i0.wp.com\/noticiasribeiraopreto.com.br\/wp-content\/uploads\/2025\/06\/23-jun-2025-acidentebebedouro-scaled.jpg?fit=800%2C449&ssl=1&resize=700%2C400 2x"},"classes":[]},{"id":69696,"url":"https:\/\/noticiasribeiraopreto.com.br\/index.php\/2025\/05\/08\/morre-trabalhador-acidentado-na-agrishow\/","url_meta":{"origin":85268,"position":4},"title":"Morre trabalhador acidentado na Agrishow","author":"noticiasribeiraopreto.com.br","date":"8 de May de 2025","format":false,"excerpt":"Carlos Daniel Costa, de 25 anos, trabalhador que sofreu um grave acidente no fim da manh\u00e3 de quarta-feira, 7 de maio, durante desmontagem de uma m\u00e1quina em exposi\u00e7\u00e3o num estande da Feira Internacional de Tecnologia Agr\u00edcola em A\u00e7\u00e3o (Agrishow 2025), morreu na madrugada desta quinta-feira (8). A 30\u00aa edi\u00e7\u00e3o do\u2026","rel":"","context":"In &quot;Not\u00edcias de Ribeir\u00e3o Preto-SP e Regi\u00e3o&quot;","block_context":{"text":"Not\u00edcias de Ribeir\u00e3o Preto-SP e Regi\u00e3o","link":"https:\/\/noticiasribeiraopreto.com.br\/index.php\/category\/noticias-de-ribeirao-preto-sp-e-regiao-ismael-colosi\/"},"img":{"alt_text":"","src":"https:\/\/i0.wp.com\/noticiasribeiraopreto.com.br\/wp-content\/uploads\/2025\/05\/acidente_agrishow-1.jpeg?fit=720%2C524&ssl=1&resize=350%2C200","width":350,"height":200,"srcset":"https:\/\/i0.wp.com\/noticiasribeiraopreto.com.br\/wp-content\/uploads\/2025\/05\/acidente_agrishow-1.jpeg?fit=720%2C524&ssl=1&resize=350%2C200 1x, https:\/\/i0.wp.com\/noticiasribeiraopreto.com.br\/wp-content\/uploads\/2025\/05\/acidente_agrishow-1.jpeg?fit=720%2C524&ssl=1&resize=525%2C300 1.5x, https:\/\/i0.wp.com\/noticiasribeiraopreto.com.br\/wp-content\/uploads\/2025\/05\/acidente_agrishow-1.jpeg?fit=720%2C524&ssl=1&resize=700%2C400 2x"},"classes":[]},{"id":59601,"url":"https:\/\/noticiasribeiraopreto.com.br\/index.php\/2024\/10\/26\/acidente-deixa-feridos-em-avenida-de-ribeirao-preto-veja-o-video\/","url_meta":{"origin":85268,"position":5},"title":"Acidente deixa feridos em avenida de Ribeir\u00e3o Preto; Veja o v\u00eddeo","author":"noticiasribeiraopreto.com.br","date":"26 de October de 2024","format":false,"excerpt":"Um carro quase caiu no c\u00f3rrego da avenida Francisco Junqueira, em Ribeir\u00e3o Preto, ap\u00f3s se envolver em um acidente na tarde deste s\u00e1bado (26). O ve\u00edculo ficou apoiado em uma mureta ap\u00f3s a batida.O acidente aconteceu pr\u00f3ximo da ponte entre as ruas Amadeu Amaral e Margarida. O motorista do carro\u2026","rel":"","context":"In &quot;Not\u00edcias de Ribeir\u00e3o Preto-SP e Regi\u00e3o&quot;","block_context":{"text":"Not\u00edcias de Ribeir\u00e3o Preto-SP e Regi\u00e3o","link":"https:\/\/noticiasribeiraopreto.com.br\/index.php\/category\/noticias-de-ribeirao-preto-sp-e-regiao-ismael-colosi\/"},"img":{"alt_text":"","src":"https:\/\/i0.wp.com\/noticiasribeiraopreto.com.br\/wp-content\/uploads\/2024\/10\/francisco-junqueira_2024-10-26_21-24-13_jpeg_2024-10-26_21-24-13.webp.webp?fit=926%2C695&ssl=1&resize=350%2C200","width":350,"height":200,"srcset":"https:\/\/i0.wp.com\/noticiasribeiraopreto.com.br\/wp-content\/uploads\/2024\/10\/francisco-junqueira_2024-10-26_21-24-13_jpeg_2024-10-26_21-24-13.webp.webp?fit=926%2C695&ssl=1&resize=350%2C200 1x, https:\/\/i0.wp.com\/noticiasribeiraopreto.com.br\/wp-content\/uploads\/2024\/10\/francisco-junqueira_2024-10-26_21-24-13_jpeg_2024-10-26_21-24-13.webp.webp?fit=926%2C695&ssl=1&resize=525%2C300 1.5x, https:\/\/i0.wp.com\/noticiasribeiraopreto.com.br\/wp-content\/uploads\/2024\/10\/francisco-junqueira_2024-10-26_21-24-13_jpeg_2024-10-26_21-24-13.webp.webp?fit=926%2C695&ssl=1&resize=700%2C400 2x"},"classes":[]}],"jetpack_sharing_enabled":true,"jetpack_shortlink":"https:\/\/wp.me\/peQAOb-mbi","_links":{"self":[{"href":"https:\/\/noticiasribeiraopreto.com.br\/index.php\/wp-json\/wp\/v2\/posts\/85268","targetHints":{"allow":["GET"]}}],"collection":[{"href":"https:\/\/noticiasribeiraopreto.com.br\/index.php\/wp-json\/wp\/v2\/posts"}],"about":[{"href":"https:\/\/noticiasribeiraopreto.com.br\/index.php\/wp-json\/wp\/v2\/types\/post"}],"author":[{"embeddable":true,"href":"https:\/\/noticiasribeiraopreto.com.br\/index.php\/wp-json\/wp\/v2\/users\/1"}],"replies":[{"embeddable":true,"href":"https:\/\/noticiasribeiraopreto.com.br\/index.php\/wp-json\/wp\/v2\/comments?post=85268"}],"version-history":[{"count":0,"href":"https:\/\/noticiasribeiraopreto.com.br\/index.php\/wp-json\/wp\/v2\/posts\/85268\/revisions"}],"wp:featuredmedia":[{"embeddable":true,"href":"https:\/\/noticiasribeiraopreto.com.br\/index.php\/wp-json\/wp\/v2\/media\/85269"}],"wp:attachment":[{"href":"https:\/\/noticiasribeiraopreto.com.br\/index.php\/wp-json\/wp\/v2\/media?parent=85268"}],"wp:term":[{"taxonomy":"category","embeddable":true,"href":"https:\/\/noticiasribeiraopreto.com.br\/index.php\/wp-json\/wp\/v2\/categories?post=85268"},{"taxonomy":"post_tag","embeddable":true,"href":"https:\/\/noticiasribeiraopreto.com.br\/index.php\/wp-json\/wp\/v2\/tags?post=85268"}],"curies":[{"name":"wp","href":"https:\/\/api.w.org\/{rel}","templated":true}]}}