{"id":85270,"date":"2026-04-27T12:29:22","date_gmt":"2026-04-27T15:29:22","guid":{"rendered":"https:\/\/noticiasribeiraopreto.com.br\/index.php\/2026\/04\/27\/ribeirao-preto-e-alvo-de-operacao-contra-pcc\/"},"modified":"2026-04-27T12:29:22","modified_gmt":"2026-04-27T15:29:22","slug":"ribeirao-preto-e-alvo-de-operacao-contra-pcc","status":"publish","type":"post","link":"https:\/\/noticiasribeiraopreto.com.br\/index.php\/2026\/04\/27\/ribeirao-preto-e-alvo-de-operacao-contra-pcc\/","title":{"rendered":"Ribeir\u00e3o Preto \u00e9 alvo de opera\u00e7\u00e3o contra PCC"},"content":{"rendered":"<div class='code-block code-block-1' style='margin: 8px 0 8px auto; text-align: right; display: block; clear: both;'>\n<p><a href=\"https:\/\/wa.link\/vpicfd\"><img data-recalc-dims=\"1\" class=\"wp-image-4922\" style=\"aspect-ratio: 2.0253164556962027; width: 561px; height: auto;\" src=\"https:\/\/i0.wp.com\/ismaelcolosi.com.br\/wp-content\/uploads\/2023\/11\/grupo-de-empregos-whatsapp-e-facebook-ismael-colosi-vagas.jpg?ssl=1\" alt=\"\" \/><\/a><\/p>\n<!-- \/wp:image -->\n<\/div>\n<p> <br \/>\n<\/p>\n<div id=\"\">&#13;<\/p>\n<h2 class=\"penci-post-subtitle\">Investiga\u00e7\u00e3o, iniciada a partir de Mogi das Cruzes, quer desmantelar esquema de infiltra\u00e7\u00e3o e financiamento do PCC a candidatos pol\u00edticos<\/h2>\n<p>&#13;<\/p>\n<p>&#13;<br \/>\n\t\t\t\t\t\t\t\t\t<span class=\"entry-meta-item penci-posted-on\"><i class=\"fa fa-clock-o\"\/><time class=\"entry-date published updated\" datetime=\"2026-04-27T12:28:24-03:00\">27 de abril de 2026 12:28<\/time><\/span><span class=\"entry-meta-item penci-post-countview\"\/>\t\t\t\t\t\t\t\t<\/p>\n<p><!-- .entry-meta -->&#13;<br \/>\n\t\t\t\t\t\t\t\t<span class=\"penci-social-buttons penci-social-share-footer\"><span class=\"penci-social-share-text\">Compartilhar<\/span><a href=\"#\" class=\"penci-post-like penci_post-meta_item  single-like-button penci-social-item like\" data-post_id=\"462295\" title=\"Like\" data-like=\"Like\" data-unlike=\"Unlike\"><i class=\"fa fa-thumbs-o-up\"\/><span class=\"penci-share-number\">1<\/span><\/a><i class=\"fa fa-facebook\"\/><a class=\"penci-social-item twitter\" target=\"_blank\" rel=\"noopener\" title=\"\" href=\"https:\/\/twitter.com\/intent\/tweet?text=Ribeir\u00e3o%20Preto%20\u00e9%20alvo%20de%20opera\u00e7\u00e3o%20contra%20PCC%20-%20https:\/\/www.tribunaribeirao.com.br\/ribeirao-preto-e-alvo-de-operacao-contra-pcc\/\"><i class=\"fa fa-twitter\"\/><\/a><i class=\"fa fa-linkedin\"\/><i class=\"fa fa-whatsapp\"\/><i class=\"fa fa-telegram\"\/><i class=\"fa fa-envelope\"\/><\/span>\t\t\t\t\t\t\t<\/div>\n<div>\n<p>| Por: Adalberto Luque |<\/p>\n<p>Ribeir\u00e3o Preto foi um dos alvos de uma investiga\u00e7\u00e3o da Pol\u00edcia Civil que apura um esquema de infiltra\u00e7\u00e3o e financiamento de candidatos pol\u00edticos pela fac\u00e7\u00e3o criminosa Primeiro Comando da Capital (PCC). A apura\u00e7\u00e3o identificou seis pessoas politicamente expostas, algumas das quais ocupando cargos de primeiro escal\u00e3o.<\/p>\n<p>A \u201cOpera\u00e7\u00e3o Contaminatio\u201d cumpriu cinco mandados de pris\u00e3o tempor\u00e1ria e 22 de busca e apreens\u00e3o nas cidades de Ribeir\u00e3o Preto, Campinas, S\u00e3o Paulo, Guarulhos Santo Andr\u00e9, Mairinque e Santos, em S\u00e3o Paulo, al\u00e9m de Goi\u00e2nia e Aparecida de Goi\u00e2nia (GO), Bras\u00edlia (DF) e Londrina (PR).<\/p>\n<p>Os cinco mandados de pris\u00e3o foram cumpridos. Al\u00e9m disso, a Justi\u00e7a de Mogi das Cruzes, onde a investiga\u00e7\u00e3o come\u00e7ou, determinou o bloqueio de bens dos investigados no valor de meio milh\u00e3o de reais.<\/p>\n<p>A a\u00e7\u00e3o \u00e9 um desdobramento da \u201cOpera\u00e7\u00e3o Decurio\u201d, que ocorreu em agosto de 2024 e acarretou o bloqueio de R$ 8 bilh\u00f5es em ativos e contas banc\u00e1rias de pessoas e empresas que tinham liga\u00e7\u00e3o com o PCC.<\/p>\n<figure id=\"attachment_462297\" aria-describedby=\"caption-attachment-462297\" style=\"width: 1200px\" class=\"wp-caption alignnone\"><figcaption id=\"caption-attachment-462297\" class=\"wp-caption-text\">Em Ribeir\u00e3o Preto, durante cumprimento de mandado de busca e apreens\u00e3o, um notebook e dois celulares foram apreendidos e ser\u00e3o periciados; nome de investigado n\u00e3o foi revelado (Foto: Pol\u00edcia Civil\/Divulga\u00e7\u00e3o)<\/figcaption><\/figure>\n<p>Sem identificar nenhum dos suspeitos, os policiais da Delegacia de Investiga\u00e7\u00f5es Sobre Entorpecentes (DISE) de Mogi das Cruzes constataram que, das seis pessoas politicamente expostas identificadas, parte delas ocupa cargos de primeiro escal\u00e3o em administra\u00e7\u00f5es municipais na Grande S\u00e3o Paulo e Baixada Santista, al\u00e9m de cidades como Ribeir\u00e3o Preto e Campinas. Nenhuma delas tem mandato eletivo, mas foram indicadas politicamente.<\/p>\n<p>Os nomes dos presos e dos investigados n\u00e3o foram divulgados. A investiga\u00e7\u00e3o corre em segredo de Justi\u00e7a. Segundo o delegado da Divis\u00e3o Especializada de Investiga\u00e7\u00f5es Criminais, Jos\u00e9 Carvalho de Ara\u00fajo J\u00fanior, a Delegacia de Investiga\u00e7\u00f5es Sobre Entorpecentes (DISE) de Ribeir\u00e3o Preto, cumpriu mandado de busca e apreens\u00e3o.<\/p>\n<p>O local e o nome do investigado n\u00e3o foram revelados, mas o delegado adiantou que foram apreendidos dois celulares e um notebook. \u201cMateriais que poder\u00e3o subsidiar o prosseguimento das investiga\u00e7\u00f5es em andamento. Os objetos arrecadados foram lacrados e permanecer\u00e3o \u00e0 disposi\u00e7\u00e3o da unidade policial respons\u00e1vel pelo inqu\u00e9rito\u201d, informou o delegado em nota.<\/p>\n<\/div>\n<p><script async src=\"\/\/platform.twitter.com\/widgets.js\" charset=\"utf-8\"><\/script><br \/>\n<br \/><br \/>\n<br \/><a href=\"https:\/\/www.tribunaribeirao.com.br\/ribeirao-preto-e-alvo-de-operacao-contra-pcc\/\">Texto original daqui <\/a><\/p>\n<!-- CONTENT END 1 -->\n","protected":false},"excerpt":{"rendered":"<p>&#13; Investiga\u00e7\u00e3o, iniciada a partir de Mogi das Cruzes, quer desmantelar esquema de infiltra\u00e7\u00e3o e financiamento do PCC a candidatos pol\u00edticos &#13; &#13; 27 de&#8230;<\/p>\n","protected":false},"author":1,"featured_media":85271,"comment_status":"","ping_status":"","sticky":false,"template":"","format":"standard","meta":{"advanced_seo_description":"","jetpack_seo_html_title":"","jetpack_seo_noindex":false,"jetpack_post_was_ever_published":false,"_jetpack_newsletter_access":"","_jetpack_dont_email_post_to_subs":false,"_jetpack_newsletter_tier_id":0,"_jetpack_memberships_contains_paywalled_content":false,"_jetpack_memberships_contains_paid_content":false,"footnotes":"","jetpack_publicize_message":"","jetpack_publicize_feature_enabled":true,"jetpack_social_post_already_shared":true,"jetpack_social_options":{"image_generator_settings":{"template":"highway","default_image_id":0,"font":"","enabled":false},"version":2}},"categories":[11],"tags":[2020,109,1130,6484,27,26],"class_list":["post-85270","post","type-post","status-publish","format-standard","has-post-thumbnail","hentry","category-noticias-de-ribeirao-preto-sp-e-regiao-ismael-colosi","tag-alvo","tag-contra","tag-operacao","tag-pcc","tag-preto","tag-ribeirao"],"jetpack_publicize_connections":[],"jetpack_featured_media_url":"https:\/\/i0.wp.com\/noticiasribeiraopreto.com.br\/wp-content\/uploads\/2026\/04\/27-abr-2026-operacaodise2.jpg?fit=715%2C428&ssl=1","jetpack-related-posts":[{"id":84373,"url":"https:\/\/noticiasribeiraopreto.com.br\/index.php\/2026\/04\/08\/operacao-contra-o-pcc-prende-21-em-ribeirao-preto-e-regiao\/","url_meta":{"origin":85270,"position":0},"title":"Opera\u00e7\u00e3o contra o PCC prende 21 em Ribeir\u00e3o Preto e regi\u00e3o","author":"noticiasribeiraopreto.com.br","date":"8 de April de 2026","format":false,"excerpt":"Ler o resumo da not\u00edcia \r Opera\u00e7\u00e3o Lex Inversa prendeu 21 suspeitos de liga\u00e7\u00e3o com o PCC nesta quarta-feira (8) em Ribeir\u00e3o Preto e regi\u00e3o.\r A\u00e7\u00e3o da Pol\u00edcia Civil e Gaeco mirou membros do n\u00facleo de disciplina da fac\u00e7\u00e3o respons\u00e1vel por leis paralelas e tribunais do crime.\r Opera\u00e7\u00e3o ocorreu em\u2026","rel":"","context":"In &quot;Not\u00edcias de Ribeir\u00e3o Preto-SP e Regi\u00e3o&quot;","block_context":{"text":"Not\u00edcias de Ribeir\u00e3o Preto-SP e Regi\u00e3o","link":"https:\/\/noticiasribeiraopreto.com.br\/index.php\/category\/noticias-de-ribeirao-preto-sp-e-regiao-ismael-colosi\/"},"img":{"alt_text":"","src":"https:\/\/i0.wp.com\/noticiasribeiraopreto.com.br\/wp-content\/uploads\/2026\/04\/WhatsApp-Image-2026-04-08-at-10.44.59_2026-04-08_13-54-27.webp.webp?fit=1200%2C900&ssl=1&resize=350%2C200","width":350,"height":200,"srcset":"https:\/\/i0.wp.com\/noticiasribeiraopreto.com.br\/wp-content\/uploads\/2026\/04\/WhatsApp-Image-2026-04-08-at-10.44.59_2026-04-08_13-54-27.webp.webp?fit=1200%2C900&ssl=1&resize=350%2C200 1x, https:\/\/i0.wp.com\/noticiasribeiraopreto.com.br\/wp-content\/uploads\/2026\/04\/WhatsApp-Image-2026-04-08-at-10.44.59_2026-04-08_13-54-27.webp.webp?fit=1200%2C900&ssl=1&resize=525%2C300 1.5x, https:\/\/i0.wp.com\/noticiasribeiraopreto.com.br\/wp-content\/uploads\/2026\/04\/WhatsApp-Image-2026-04-08-at-10.44.59_2026-04-08_13-54-27.webp.webp?fit=1200%2C900&ssl=1&resize=700%2C400 2x, https:\/\/i0.wp.com\/noticiasribeiraopreto.com.br\/wp-content\/uploads\/2026\/04\/WhatsApp-Image-2026-04-08-at-10.44.59_2026-04-08_13-54-27.webp.webp?fit=1200%2C900&ssl=1&resize=1050%2C600 3x"},"classes":[]},{"id":80081,"url":"https:\/\/noticiasribeiraopreto.com.br\/index.php\/2025\/11\/14\/operacao-contra-o-pcc-termina-com-22-presos-e-um-morto\/","url_meta":{"origin":85270,"position":1},"title":"Opera\u00e7\u00e3o contra o PCC termina com 22 presos e um morto","author":"noticiasribeiraopreto.com.br","date":"14 de November de 2025","format":false,"excerpt":"A opera\u00e7\u00e3o Prisma deflagrada nesta sexta-feira (14) pelo Gaeco (Grupo de Atua\u00e7\u00e3o Especial de Combate ao Crime Organizado), com apoio da PM (Pol\u00edcia Militar), contra suspeitos de integrar o PCC (Primeiro Comando da Capital), prendeu 22 pessoas e deixou um morto. A a\u00e7\u00e3o aconteceu na regi\u00e3o de Ribeir\u00e3o Preto e\u2026","rel":"","context":"In &quot;Not\u00edcias de Ribeir\u00e3o Preto-SP e Regi\u00e3o&quot;","block_context":{"text":"Not\u00edcias de Ribeir\u00e3o Preto-SP e Regi\u00e3o","link":"https:\/\/noticiasribeiraopreto.com.br\/index.php\/category\/noticias-de-ribeirao-preto-sp-e-regiao-ismael-colosi\/"},"img":{"alt_text":"","src":"https:\/\/i0.wp.com\/noticiasribeiraopreto.com.br\/wp-content\/uploads\/2025\/11\/aguia_2025-11-14_13-34-42.webp.webp?fit=1200%2C683&ssl=1&resize=350%2C200","width":350,"height":200,"srcset":"https:\/\/i0.wp.com\/noticiasribeiraopreto.com.br\/wp-content\/uploads\/2025\/11\/aguia_2025-11-14_13-34-42.webp.webp?fit=1200%2C683&ssl=1&resize=350%2C200 1x, https:\/\/i0.wp.com\/noticiasribeiraopreto.com.br\/wp-content\/uploads\/2025\/11\/aguia_2025-11-14_13-34-42.webp.webp?fit=1200%2C683&ssl=1&resize=525%2C300 1.5x, https:\/\/i0.wp.com\/noticiasribeiraopreto.com.br\/wp-content\/uploads\/2025\/11\/aguia_2025-11-14_13-34-42.webp.webp?fit=1200%2C683&ssl=1&resize=700%2C400 2x, https:\/\/i0.wp.com\/noticiasribeiraopreto.com.br\/wp-content\/uploads\/2025\/11\/aguia_2025-11-14_13-34-42.webp.webp?fit=1200%2C683&ssl=1&resize=1050%2C600 3x"},"classes":[]},{"id":76407,"url":"https:\/\/noticiasribeiraopreto.com.br\/index.php\/2025\/08\/28\/pcc-e-alvo-da-maior-operacao-contra-crime-organizado\/","url_meta":{"origin":85270,"position":2},"title":"PCC \u00e9 alvo da maior opera\u00e7\u00e3o contra crime organizado","author":"noticiasribeiraopreto.com.br","date":"28 de August de 2025","format":false,"excerpt":"Por: Adalberto Luque Tr\u00eas megaopera\u00e7\u00f5es contra a fac\u00e7\u00e3o criminosa Primeiro Comando da Capital (PCC) foram deflagradas, na manh\u00e3 desta quinta-feira (28). As a\u00e7\u00f5es foram realizadas nos estados de S\u00e3o Paulo, Esp\u00edrito Santo, Rio de Janeiro, Goi\u00e1s, Mato Grosso do Sul, Paran\u00e1, Santa Catarina e Mato Grosso. Ribeir\u00e3o Preto foi um\u2026","rel":"","context":"In &quot;Not\u00edcias de Ribeir\u00e3o Preto-SP e Regi\u00e3o&quot;","block_context":{"text":"Not\u00edcias de Ribeir\u00e3o Preto-SP e Regi\u00e3o","link":"https:\/\/noticiasribeiraopreto.com.br\/index.php\/category\/noticias-de-ribeirao-preto-sp-e-regiao-ismael-colosi\/"},"img":{"alt_text":"","src":"https:\/\/i0.wp.com\/noticiasribeiraopreto.com.br\/wp-content\/uploads\/2025\/08\/28-ago-2025-operacaocarbono2.jpg?fit=774%2C367&ssl=1&resize=350%2C200","width":350,"height":200,"srcset":"https:\/\/i0.wp.com\/noticiasribeiraopreto.com.br\/wp-content\/uploads\/2025\/08\/28-ago-2025-operacaocarbono2.jpg?fit=774%2C367&ssl=1&resize=350%2C200 1x, https:\/\/i0.wp.com\/noticiasribeiraopreto.com.br\/wp-content\/uploads\/2025\/08\/28-ago-2025-operacaocarbono2.jpg?fit=774%2C367&ssl=1&resize=525%2C300 1.5x, https:\/\/i0.wp.com\/noticiasribeiraopreto.com.br\/wp-content\/uploads\/2025\/08\/28-ago-2025-operacaocarbono2.jpg?fit=774%2C367&ssl=1&resize=700%2C400 2x"},"classes":[]},{"id":80072,"url":"https:\/\/noticiasribeiraopreto.com.br\/index.php\/2025\/11\/14\/operacao-do-gaeco-mira-pcc-na-regiao-de-ribeirao-preto-e-minas-gerais\/","url_meta":{"origin":85270,"position":3},"title":"Opera\u00e7\u00e3o do Gaeco mira PCC na regi\u00e3o de Ribeir\u00e3o Preto e Minas Gerais","author":"noticiasribeiraopreto.com.br","date":"14 de November de 2025","format":false,"excerpt":"O Gaeco (Grupo de Atua\u00e7\u00e3o Especial de Combate ao Crime Organizado) deflagrou nesta sexta-feira (14) a opera\u00e7\u00e3o Prisma contra suspeitos de integrar o PCC (Primeiro Comando da Capital) na regi\u00e3o de Ribeir\u00e3o Preto e cidades de Minas Gerais. A a\u00e7\u00e3o, coordenada pelo n\u00facleo de Franca do Gaeco, cumpre 33 mandados\u2026","rel":"","context":"In &quot;Not\u00edcias de Ribeir\u00e3o Preto-SP e Regi\u00e3o&quot;","block_context":{"text":"Not\u00edcias de Ribeir\u00e3o Preto-SP e Regi\u00e3o","link":"https:\/\/noticiasribeiraopreto.com.br\/index.php\/category\/noticias-de-ribeirao-preto-sp-e-regiao-ismael-colosi\/"},"img":{"alt_text":"","src":"https:\/\/i0.wp.com\/noticiasribeiraopreto.com.br\/wp-content\/uploads\/2025\/11\/baep_2025-11-14_10-57-54.webp.webp?fit=1200%2C734&ssl=1&resize=350%2C200","width":350,"height":200,"srcset":"https:\/\/i0.wp.com\/noticiasribeiraopreto.com.br\/wp-content\/uploads\/2025\/11\/baep_2025-11-14_10-57-54.webp.webp?fit=1200%2C734&ssl=1&resize=350%2C200 1x, https:\/\/i0.wp.com\/noticiasribeiraopreto.com.br\/wp-content\/uploads\/2025\/11\/baep_2025-11-14_10-57-54.webp.webp?fit=1200%2C734&ssl=1&resize=525%2C300 1.5x, https:\/\/i0.wp.com\/noticiasribeiraopreto.com.br\/wp-content\/uploads\/2025\/11\/baep_2025-11-14_10-57-54.webp.webp?fit=1200%2C734&ssl=1&resize=700%2C400 2x, https:\/\/i0.wp.com\/noticiasribeiraopreto.com.br\/wp-content\/uploads\/2025\/11\/baep_2025-11-14_10-57-54.webp.webp?fit=1200%2C734&ssl=1&resize=1050%2C600 3x"},"classes":[]},{"id":62441,"url":"https:\/\/noticiasribeiraopreto.com.br\/index.php\/2025\/01\/14\/o-que-se-sabe-sobre-advogado-de-ribeirao-preto-preso-por-suspeita-de-ligacao-com-pcc\/","url_meta":{"origin":85270,"position":4},"title":"O que se sabe sobre advogado de Ribeir\u00e3o Preto preso por suspeita de liga\u00e7\u00e3o com PCC","author":"noticiasribeiraopreto.com.br","date":"14 de January de 2025","format":false,"excerpt":"O advogado Renan Bortoletto, de Ribeir\u00e3o Preto, est\u00e1 entre os 12 detidos na opera\u00e7\u00e3o \u201cScream Fake\u201c, deflagrada nesta ter\u00e7a-feira (14) pelo Minist\u00e9rio P\u00fablico de S\u00e3o Paulo e pela Pol\u00edcia Civil. A opera\u00e7\u00e3o visa uma ONG que presta apoio a presos e pessoas egressas do sistema prisional, acusada de liga\u00e7\u00e3o com\u2026","rel":"","context":"In &quot;Not\u00edcias de Ribeir\u00e3o Preto-SP e Regi\u00e3o&quot;","block_context":{"text":"Not\u00edcias de Ribeir\u00e3o Preto-SP e Regi\u00e3o","link":"https:\/\/noticiasribeiraopreto.com.br\/index.php\/category\/noticias-de-ribeirao-preto-sp-e-regiao-ismael-colosi\/"},"img":{"alt_text":"","src":"https:\/\/i0.wp.com\/noticiasribeiraopreto.com.br\/wp-content\/uploads\/2025\/01\/RENAN_2025-01-14_14-51-36_jpg_2025-01-14_14-51-36.webp.webp?fit=1200%2C715&ssl=1&resize=350%2C200","width":350,"height":200,"srcset":"https:\/\/i0.wp.com\/noticiasribeiraopreto.com.br\/wp-content\/uploads\/2025\/01\/RENAN_2025-01-14_14-51-36_jpg_2025-01-14_14-51-36.webp.webp?fit=1200%2C715&ssl=1&resize=350%2C200 1x, https:\/\/i0.wp.com\/noticiasribeiraopreto.com.br\/wp-content\/uploads\/2025\/01\/RENAN_2025-01-14_14-51-36_jpg_2025-01-14_14-51-36.webp.webp?fit=1200%2C715&ssl=1&resize=525%2C300 1.5x, https:\/\/i0.wp.com\/noticiasribeiraopreto.com.br\/wp-content\/uploads\/2025\/01\/RENAN_2025-01-14_14-51-36_jpg_2025-01-14_14-51-36.webp.webp?fit=1200%2C715&ssl=1&resize=700%2C400 2x, https:\/\/i0.wp.com\/noticiasribeiraopreto.com.br\/wp-content\/uploads\/2025\/01\/RENAN_2025-01-14_14-51-36_jpg_2025-01-14_14-51-36.webp.webp?fit=1200%2C715&ssl=1&resize=1050%2C600 3x"},"classes":[]},{"id":78689,"url":"https:\/\/noticiasribeiraopreto.com.br\/index.php\/2025\/10\/16\/forca-tarefa-contra-falsificacao-de-bebidas-mira-regiao-de-ribeirao-preto\/","url_meta":{"origin":85270,"position":5},"title":"For\u00e7a-tarefa contra falsifica\u00e7\u00e3o de bebidas\u00a0mira regi\u00e3o de Ribeir\u00e3o Preto","author":"noticiasribeiraopreto.com.br","date":"16 de October de 2025","format":false,"excerpt":"Uma for\u00e7a-tarefa realiza nesta quinta-feira (16) uma fiscaliza\u00e7\u00e3o em 24 empresas com atua\u00e7\u00e3o no setor sucroalcooleiro, importa\u00e7\u00e3o e distribui\u00e7\u00e3o de metanol. A opera\u00e7\u00e3o Alquimia, que investiga a cadeia de falsifica\u00e7\u00e3o de bebidas alco\u00f3licas com o composto qu\u00edmico, acontece em cinco estados brasileiros. Um dos alvos suspeitos\u00a0est\u00e1 em Morro Agudo, na\u2026","rel":"","context":"In &quot;Not\u00edcias de Ribeir\u00e3o Preto-SP e Regi\u00e3o&quot;","block_context":{"text":"Not\u00edcias de Ribeir\u00e3o Preto-SP e Regi\u00e3o","link":"https:\/\/noticiasribeiraopreto.com.br\/index.php\/category\/noticias-de-ribeirao-preto-sp-e-regiao-ismael-colosi\/"},"img":{"alt_text":"","src":"https:\/\/i0.wp.com\/noticiasribeiraopreto.com.br\/wp-content\/uploads\/2025\/10\/02e97b01-760c-4587-a4b0-579f9faf7f94_2025-10-16_13-42-18.webp.webp?fit=768%2C432&ssl=1&resize=350%2C200","width":350,"height":200,"srcset":"https:\/\/i0.wp.com\/noticiasribeiraopreto.com.br\/wp-content\/uploads\/2025\/10\/02e97b01-760c-4587-a4b0-579f9faf7f94_2025-10-16_13-42-18.webp.webp?fit=768%2C432&ssl=1&resize=350%2C200 1x, https:\/\/i0.wp.com\/noticiasribeiraopreto.com.br\/wp-content\/uploads\/2025\/10\/02e97b01-760c-4587-a4b0-579f9faf7f94_2025-10-16_13-42-18.webp.webp?fit=768%2C432&ssl=1&resize=525%2C300 1.5x, https:\/\/i0.wp.com\/noticiasribeiraopreto.com.br\/wp-content\/uploads\/2025\/10\/02e97b01-760c-4587-a4b0-579f9faf7f94_2025-10-16_13-42-18.webp.webp?fit=768%2C432&ssl=1&resize=700%2C400 2x"},"classes":[]}],"jetpack_sharing_enabled":true,"jetpack_shortlink":"https:\/\/wp.me\/peQAOb-mbk","_links":{"self":[{"href":"https:\/\/noticiasribeiraopreto.com.br\/index.php\/wp-json\/wp\/v2\/posts\/85270","targetHints":{"allow":["GET"]}}],"collection":[{"href":"https:\/\/noticiasribeiraopreto.com.br\/index.php\/wp-json\/wp\/v2\/posts"}],"about":[{"href":"https:\/\/noticiasribeiraopreto.com.br\/index.php\/wp-json\/wp\/v2\/types\/post"}],"author":[{"embeddable":true,"href":"https:\/\/noticiasribeiraopreto.com.br\/index.php\/wp-json\/wp\/v2\/users\/1"}],"replies":[{"embeddable":true,"href":"https:\/\/noticiasribeiraopreto.com.br\/index.php\/wp-json\/wp\/v2\/comments?post=85270"}],"version-history":[{"count":0,"href":"https:\/\/noticiasribeiraopreto.com.br\/index.php\/wp-json\/wp\/v2\/posts\/85270\/revisions"}],"wp:featuredmedia":[{"embeddable":true,"href":"https:\/\/noticiasribeiraopreto.com.br\/index.php\/wp-json\/wp\/v2\/media\/85271"}],"wp:attachment":[{"href":"https:\/\/noticiasribeiraopreto.com.br\/index.php\/wp-json\/wp\/v2\/media?parent=85270"}],"wp:term":[{"taxonomy":"category","embeddable":true,"href":"https:\/\/noticiasribeiraopreto.com.br\/index.php\/wp-json\/wp\/v2\/categories?post=85270"},{"taxonomy":"post_tag","embeddable":true,"href":"https:\/\/noticiasribeiraopreto.com.br\/index.php\/wp-json\/wp\/v2\/tags?post=85270"}],"curies":[{"name":"wp","href":"https:\/\/api.w.org\/{rel}","templated":true}]}}