{"id":85272,"date":"2026-04-27T12:50:14","date_gmt":"2026-04-27T15:50:14","guid":{"rendered":"https:\/\/noticiasribeiraopreto.com.br\/index.php\/2026\/04\/27\/carrinho-eletrico-invade-sala-de-imprensa-na-agrishow\/"},"modified":"2026-04-27T12:50:14","modified_gmt":"2026-04-27T15:50:14","slug":"carrinho-eletrico-invade-sala-de-imprensa-na-agrishow","status":"publish","type":"post","link":"https:\/\/noticiasribeiraopreto.com.br\/index.php\/2026\/04\/27\/carrinho-eletrico-invade-sala-de-imprensa-na-agrishow\/","title":{"rendered":"V\u00cdDEO &#8211; Carrinho el\u00e9trico invade sala de imprensa na Agrishow"},"content":{"rendered":"<div class='code-block code-block-1' style='margin: 8px 0 8px auto; text-align: right; display: block; clear: both;'>\n<p><a href=\"https:\/\/wa.link\/vpicfd\"><img data-recalc-dims=\"1\" class=\"wp-image-4922\" style=\"aspect-ratio: 2.0253164556962027; width: 561px; height: auto;\" src=\"https:\/\/i0.wp.com\/ismaelcolosi.com.br\/wp-content\/uploads\/2023\/11\/grupo-de-empregos-whatsapp-e-facebook-ismael-colosi-vagas.jpg?ssl=1\" alt=\"\" \/><\/a><\/p>\n<!-- \/wp:image -->\n<\/div>\n<p> <br \/>\n<\/p>\n<div id=\"post-462299\">&#13;<br \/>\n&#13;<\/p>\n<header class=\"entry-header penci-entry-header penci-title-center\">&#13;<\/p>\n<h2 class=\"penci-post-subtitle\">Causas do acidente est\u00e3o sendo apuradas<\/h2>\n<p>&#13;<\/p>\n<p>&#13;<br \/>\n\t\t\t\t\t\t\t\t\t<span class=\"entry-meta-item penci-posted-on\"><i class=\"fa fa-clock-o\"\/><time class=\"entry-date published\" datetime=\"2026-04-27T12:48:38-03:00\">27 de abril de 2026 12:48<\/time><time class=\"updated\" datetime=\"2026-04-27T12:49:50-03:00\">27 de abril de 2026 12:49<\/time><\/span><span class=\"entry-meta-item penci-post-countview\"\/>\t\t\t\t\t\t\t\t<\/p>\n<p><!-- .entry-meta -->&#13;<br \/>\n\t\t\t\t\t\t\t\t<span class=\"penci-social-buttons penci-social-share-footer\"><span class=\"penci-social-share-text\">Compartilhar<\/span><a href=\"#\" class=\"penci-post-like penci_post-meta_item  single-like-button penci-social-item like\" data-post_id=\"462299\" title=\"Like\" data-like=\"Like\" data-unlike=\"Unlike\"><i class=\"fa fa-thumbs-o-up\"\/><span class=\"penci-share-number\">1<\/span><\/a><i class=\"fa fa-facebook\"\/><a class=\"penci-social-item twitter\" target=\"_blank\" rel=\"noopener\" title=\"\" href=\"https:\/\/twitter.com\/intent\/tweet?text=V\u00cdDEO%20-%20Carrinho%20el\u00e9trico%20invade%20sala%20de%20imprensa%20na%20Agrishow%20-%20https:\/\/www.tribunaribeirao.com.br\/carrinho-eletrico-invade-sala-de-imprensa-na-agrishow\/\"><i class=\"fa fa-twitter\"\/><\/a><i class=\"fa fa-linkedin\"\/><i class=\"fa fa-whatsapp\"\/><i class=\"fa fa-telegram\"\/><i class=\"fa fa-envelope\"\/><\/span>\t\t\t\t\t\t\t<\/header>\n<p><!-- .entry-header -->&#13;<\/p>\n<div class=\"entry-media penci-entry-media\">\n<p><iframe loading=\"lazy\" title=\"Carrinho Agrishow\" width=\"500\" height=\"281\" src=\"https:\/\/www.youtube.com\/embed\/ILbJbxX8e8s?feature=oembed\" frameborder=\"0\" allow=\"accelerometer; autoplay; clipboard-write; encrypted-media; gyroscope; picture-in-picture; web-share\" referrerpolicy=\"strict-origin-when-cross-origin\" allowfullscreen><\/iframe><\/p>\n<\/p><\/div>\n<div class=\"penci-entry-content entry-content\">\n<p>| Por: Adalberto Luque |<\/p>\n<p>Um carrinho el\u00e9trico invadiu, na manh\u00e3 desta segunda-feira (27), a sala de imprensa nas depend\u00eancias da Agrishow. Segundo informa\u00e7\u00f5es de pessoas que presenciaram o acidente, um suposto erro na marcha do ve\u00edculo teria causado o acidente.<\/p>\n<p>O carrinho, utilizado para transporte de visitantes dentro da feira, n\u00e3o causou ferimentos graves. A assessoria de imprensa da Agrishow, a maior feira agr\u00edcola da Am\u00e9rica Latina, divulgou nota a respeito.<\/p>\n<figure id=\"attachment_462300\" aria-describedby=\"caption-attachment-462300\" style=\"width: 743px\" class=\"wp-caption alignnone\"><figcaption id=\"caption-attachment-462300\" class=\"wp-caption-text\">Carro el\u00e9trico usado para transportar visitantes invadiu sala de imprensa na Agrishow (Foto e V\u00eddeo: Th+)<\/figcaption><\/figure>\n<p>\u201cNa manh\u00e3 desta segunda-feira (27), a Agrishow informa que ocorreu um acidente envolvendo um carrinho el\u00e9trico nas depend\u00eancias da sala de imprensa do evento. Algumas pessoas que estavam no local sofreram ferimentos leves e foram atendidas prontamente pela equipe de socorro do evento, que chegou imediatamente ap\u00f3s o ocorrido. As causas do acidente est\u00e3o sendo apuradas pela organiza\u00e7\u00e3o, que presta toda assist\u00eancia necess\u00e1ria aos envolvidos.\u201d<\/p>\n<\/div>\n<p><!-- .entry-content -->&#13;<br \/>\n&#13;<\/p>\n<footer class=\"penci-entry-footer\">&#13;<br \/>\n\t\t\t\t\t\t\t\t<span class=\"penci-social-buttons penci-social-share-footer\"><span class=\"penci-social-share-text\">Compartilhar<\/span><a href=\"#\" class=\"penci-post-like penci_post-meta_item  single-like-button penci-social-item like\" data-post_id=\"462299\" title=\"Like\" data-like=\"Like\" data-unlike=\"Unlike\"><i class=\"fa fa-thumbs-o-up\"\/><span class=\"penci-share-number\">1<\/span><\/a><i class=\"fa fa-facebook\"\/><a class=\"penci-social-item twitter\" target=\"_blank\" rel=\"noopener\" title=\"\" href=\"https:\/\/twitter.com\/intent\/tweet?text=V\u00cdDEO%20-%20Carrinho%20el\u00e9trico%20invade%20sala%20de%20imprensa%20na%20Agrishow%20-%20https:\/\/www.tribunaribeirao.com.br\/carrinho-eletrico-invade-sala-de-imprensa-na-agrishow\/\"><i class=\"fa fa-twitter\"\/><\/a><i class=\"fa fa-linkedin\"\/><i class=\"fa fa-whatsapp\"\/><i class=\"fa fa-telegram\"\/><i class=\"fa fa-envelope\"\/><\/span>\t\t\t\t\t\t\t<\/footer>\n<p><!-- .entry-footer -->&#13;\n\t\t\t\t\t\t<\/div>\n<p><script async src=\"\/\/platform.twitter.com\/widgets.js\" charset=\"utf-8\"><\/script><br \/>\n<br \/><br \/>\n<br \/><a href=\"https:\/\/www.tribunaribeirao.com.br\/carrinho-eletrico-invade-sala-de-imprensa-na-agrishow\/\">Texto original daqui <\/a><\/p>\n<!-- CONTENT END 1 -->\n","protected":false},"excerpt":{"rendered":"<p>&#13; &#13; &#13; Causas do acidente est\u00e3o sendo apuradas &#13; &#13; 27 de abril de 2026 12:4827 de abril de 2026 12:49 &#13; Compartilhar1 &#13;&#8230;<\/p>\n","protected":false},"author":1,"featured_media":85274,"comment_status":"","ping_status":"","sticky":false,"template":"","format":"standard","meta":{"advanced_seo_description":"","jetpack_seo_html_title":"","jetpack_seo_noindex":false,"jetpack_post_was_ever_published":false,"_jetpack_newsletter_access":"","_jetpack_dont_email_post_to_subs":false,"_jetpack_newsletter_tier_id":0,"_jetpack_memberships_contains_paywalled_content":false,"_jetpack_memberships_contains_paid_content":false,"footnotes":"","jetpack_publicize_message":"","jetpack_publicize_feature_enabled":true,"jetpack_social_post_already_shared":true,"jetpack_social_options":{"image_generator_settings":{"template":"highway","default_image_id":0,"font":"","enabled":false},"version":2}},"categories":[11],"tags":[191,6485,1219,3928,6486,4403,67],"class_list":["post-85272","post","type-post","status-publish","format-standard","has-post-thumbnail","hentry","category-noticias-de-ribeirao-preto-sp-e-regiao-ismael-colosi","tag-agrishow","tag-carrinho","tag-eletrico","tag-imprensa","tag-invade","tag-sala","tag-video"],"jetpack_publicize_connections":[],"jetpack_featured_media_url":"https:\/\/i0.wp.com\/noticiasribeiraopreto.com.br\/wp-content\/uploads\/2026\/04\/27-abr-2026-acidenteagrishow.jpg?fit=610%2C697&ssl=1","jetpack-related-posts":[{"id":68864,"url":"https:\/\/noticiasribeiraopreto.com.br\/index.php\/2025\/04\/29\/na-agrishow-tarcisio-reafirma-que-em-sp-nao-havera-mais-carnaval-vermelho\/","url_meta":{"origin":85272,"position":0},"title":"Na Agrishow, Tarc\u00edsio reafirma que em SP &#8216;n\u00e3o haver\u00e1 mais Carnaval Vermelho&#8217;","author":"noticiasribeiraopreto.com.br","date":"29 de April de 2025","format":false,"excerpt":"O governador Tarc\u00edsio de Freitas (Republicanos) esteve em Ribeir\u00e3o Preto nesta ter\u00e7a-feira (29), para participar da 30\u00aa edi\u00e7\u00e3o da Agrishow, que acontece at\u00e9 o dia 2 de maio no munic\u00edpio. >>>FIQUE POR DENTRO: Agrishow apresenta tecnologia de IA para efici\u00eancia na agricultura Durante sua passagem pelo evento, considerado o maior\u2026","rel":"","context":"In &quot;Not\u00edcias de Ribeir\u00e3o Preto-SP e Regi\u00e3o&quot;","block_context":{"text":"Not\u00edcias de Ribeir\u00e3o Preto-SP e Regi\u00e3o","link":"https:\/\/noticiasribeiraopreto.com.br\/index.php\/category\/noticias-de-ribeirao-preto-sp-e-regiao-ismael-colosi\/"},"img":{"alt_text":"","src":"https:\/\/i0.wp.com\/noticiasribeiraopreto.com.br\/wp-content\/uploads\/2025\/04\/54485224546_582bddc753_o_2025-04-29_21-59-46.webp.webp?fit=1200%2C1047&ssl=1&resize=350%2C200","width":350,"height":200,"srcset":"https:\/\/i0.wp.com\/noticiasribeiraopreto.com.br\/wp-content\/uploads\/2025\/04\/54485224546_582bddc753_o_2025-04-29_21-59-46.webp.webp?fit=1200%2C1047&ssl=1&resize=350%2C200 1x, https:\/\/i0.wp.com\/noticiasribeiraopreto.com.br\/wp-content\/uploads\/2025\/04\/54485224546_582bddc753_o_2025-04-29_21-59-46.webp.webp?fit=1200%2C1047&ssl=1&resize=525%2C300 1.5x, https:\/\/i0.wp.com\/noticiasribeiraopreto.com.br\/wp-content\/uploads\/2025\/04\/54485224546_582bddc753_o_2025-04-29_21-59-46.webp.webp?fit=1200%2C1047&ssl=1&resize=700%2C400 2x, https:\/\/i0.wp.com\/noticiasribeiraopreto.com.br\/wp-content\/uploads\/2025\/04\/54485224546_582bddc753_o_2025-04-29_21-59-46.webp.webp?fit=1200%2C1047&ssl=1&resize=1050%2C600 3x"},"classes":[]},{"id":67742,"url":"https:\/\/noticiasribeiraopreto.com.br\/index.php\/2025\/04\/17\/jornal-da-franca-golden-impressiona-ao-salvar-bebe-apos-carrinho-rolar-sozinho-pela-rua\/","url_meta":{"origin":85272,"position":1},"title":"Jornal da Franca &#8211; Golden impressiona ao salvar beb\u00ea ap\u00f3s carrinho rolar sozinho pela rua","author":"noticiasribeiraopreto.com.br","date":"17 de April de 2025","format":false,"excerpt":"O ato heroico e surpreendente do animal aconteceu em 6 de abril, em Heyuan, Guangdong, na China. Ap\u00f3s alimentar seu beb\u00ea, o pai colocou a crian\u00e7a em um carrinho e foi at\u00e9 a cozinha lavar a mamadeira. Na pressa, esqueceu de trancar as rodas do carrinho. Momentos depois, o carrinho\u2026","rel":"","context":"In &quot;Not\u00edcias de Franca-SP&quot;","block_context":{"text":"Not\u00edcias de Franca-SP","link":"https:\/\/noticiasribeiraopreto.com.br\/index.php\/category\/noticias-de-ribeirao-preto-sp-e-regiao-ismael-colosi\/noticias-franca-sp\/"},"img":{"alt_text":"","src":"https:\/\/i0.wp.com\/noticiasribeiraopreto.com.br\/wp-content\/uploads\/2025\/04\/502a6c38-64f0-4803-810d-2e054aa98514.jpg?fit=1000%2C604&ssl=1&resize=350%2C200","width":350,"height":200,"srcset":"https:\/\/i0.wp.com\/noticiasribeiraopreto.com.br\/wp-content\/uploads\/2025\/04\/502a6c38-64f0-4803-810d-2e054aa98514.jpg?fit=1000%2C604&ssl=1&resize=350%2C200 1x, https:\/\/i0.wp.com\/noticiasribeiraopreto.com.br\/wp-content\/uploads\/2025\/04\/502a6c38-64f0-4803-810d-2e054aa98514.jpg?fit=1000%2C604&ssl=1&resize=525%2C300 1.5x, https:\/\/i0.wp.com\/noticiasribeiraopreto.com.br\/wp-content\/uploads\/2025\/04\/502a6c38-64f0-4803-810d-2e054aa98514.jpg?fit=1000%2C604&ssl=1&resize=700%2C400 2x"},"classes":[]},{"id":85099,"url":"https:\/\/noticiasribeiraopreto.com.br\/index.php\/2026\/04\/21\/verbo-assume-assessoria-de-imprensa-da-unimed-nordeste-paulista\/","url_meta":{"origin":85272,"position":2},"title":"Verbo assume assessoria de imprensa da Unimed Nordeste Paulista","author":"noticiasribeiraopreto.com.br","date":"21 de April de 2026","format":false,"excerpt":"\r \r \r \r \r 21 de abril de 2026 12:13 \r Compartilhar0 \r A Verbo Nostro Comunica\u00e7\u00e3o Planejada, de Ribeir\u00e3o Preto, assumiu, a partir de abril de 2026, a assessoria de imprensa da Unimed Nordeste Paulista. A federa\u00e7\u00e3o, fundada em 1996, re\u00fane 17 cooperativas m\u00e9dicas da regi\u00e3o e atua\u2026","rel":"","context":"In &quot;Not\u00edcias de Ribeir\u00e3o Preto-SP e Regi\u00e3o&quot;","block_context":{"text":"Not\u00edcias de Ribeir\u00e3o Preto-SP e Regi\u00e3o","link":"https:\/\/noticiasribeiraopreto.com.br\/index.php\/category\/noticias-de-ribeirao-preto-sp-e-regiao-ismael-colosi\/"},"img":{"alt_text":"","src":"https:\/\/i0.wp.com\/noticiasribeiraopreto.com.br\/wp-content\/uploads\/2026\/04\/VERBO-scaled.jpeg?fit=520%2C780&ssl=1&resize=350%2C200","width":350,"height":200},"classes":[]},{"id":85188,"url":"https:\/\/noticiasribeiraopreto.com.br\/index.php\/2026\/04\/24\/com-pascoa-e-agrishow-comercio-de-ribeirao-preto-projeta-alta-media-de-ate-15-nas-vendas-de-abril\/","url_meta":{"origin":85272,"position":3},"title":"Com P\u00e1scoa e Agrishow, com\u00e9rcio de Ribeir\u00e3o Preto projeta alta m\u00e9dia de at\u00e9 1,5% nas vendas de abril &#8211; THMais","author":"noticiasribeiraopreto.com.br","date":"24 de April de 2026","format":false,"excerpt":"Com o per\u00edodo de P\u00e1scoa e Agrishow, o Com\u00e9rcio Varejista de Ribeir\u00e3o Preto projeta alta m\u00e9dia entre 0,5% e 1,5% nas vendas de abril de 2026, em compara\u00e7\u00e3o ao mesmo per\u00edodo do ano passado quando a varia\u00e7\u00e3o ficou positiva em 1,5%. O levantamento \u00e9 do SINCOVARP (Sindicato do Com\u00e9rcio Varejista)\u2026","rel":"","context":"In &quot;Not\u00edcias de Ribeir\u00e3o Preto-SP e Regi\u00e3o&quot;","block_context":{"text":"Not\u00edcias de Ribeir\u00e3o Preto-SP e Regi\u00e3o","link":"https:\/\/noticiasribeiraopreto.com.br\/index.php\/category\/noticias-de-ribeirao-preto-sp-e-regiao-ismael-colosi\/"},"img":{"alt_text":"","src":"https:\/\/i0.wp.com\/noticiasribeiraopreto.com.br\/wp-content\/uploads\/2026\/04\/img-5638.jpg?fit=1008%2C672&ssl=1&resize=350%2C200","width":350,"height":200,"srcset":"https:\/\/i0.wp.com\/noticiasribeiraopreto.com.br\/wp-content\/uploads\/2026\/04\/img-5638.jpg?fit=1008%2C672&ssl=1&resize=350%2C200 1x, https:\/\/i0.wp.com\/noticiasribeiraopreto.com.br\/wp-content\/uploads\/2026\/04\/img-5638.jpg?fit=1008%2C672&ssl=1&resize=525%2C300 1.5x, https:\/\/i0.wp.com\/noticiasribeiraopreto.com.br\/wp-content\/uploads\/2026\/04\/img-5638.jpg?fit=1008%2C672&ssl=1&resize=700%2C400 2x"},"classes":[]},{"id":48321,"url":"https:\/\/noticiasribeiraopreto.com.br\/index.php\/2024\/05\/02\/o-que-se-sabe-sobre-acidente-com-feridos-na-agrishow-em-ribeirao-preto\/","url_meta":{"origin":85272,"position":4},"title":"O que se sabe sobre acidente com feridos na Agrishow em Ribeir\u00e3o Preto","author":"noticiasribeiraopreto.com.br","date":"2 de May de 2024","format":false,"excerpt":"Um acidente pr\u00f3ximo da \u00e1rea do heliponto da Agrishow deixou duas pessoas feridas na manh\u00e3 desta quinta-feira (2), em Ribeir\u00e3o Preto. O acidente envolveu um helic\u00f3ptero particular e uma tenda de prestador de servi\u00e7os, cuja estrutura cedeu com a for\u00e7a do vento da h\u00e9lice da aeronave. O que diz a\u2026","rel":"","context":"In &quot;Not\u00edcias de Ribeir\u00e3o Preto-SP e Regi\u00e3o&quot;","block_context":{"text":"Not\u00edcias de Ribeir\u00e3o Preto-SP e Regi\u00e3o","link":"https:\/\/noticiasribeiraopreto.com.br\/index.php\/category\/noticias-de-ribeirao-preto-sp-e-regiao-ismael-colosi\/"},"img":{"alt_text":"","src":"https:\/\/i0.wp.com\/noticiasribeiraopreto.com.br\/wp-content\/uploads\/2024\/05\/WhatsApp-Image-2024-05-02-at-11.09.47_2024-05-02_14-10-38_jpeg_2024-05-02_14-10-38.webp.webp?fit=1200%2C965&ssl=1&resize=350%2C200","width":350,"height":200,"srcset":"https:\/\/i0.wp.com\/noticiasribeiraopreto.com.br\/wp-content\/uploads\/2024\/05\/WhatsApp-Image-2024-05-02-at-11.09.47_2024-05-02_14-10-38_jpeg_2024-05-02_14-10-38.webp.webp?fit=1200%2C965&ssl=1&resize=350%2C200 1x, https:\/\/i0.wp.com\/noticiasribeiraopreto.com.br\/wp-content\/uploads\/2024\/05\/WhatsApp-Image-2024-05-02-at-11.09.47_2024-05-02_14-10-38_jpeg_2024-05-02_14-10-38.webp.webp?fit=1200%2C965&ssl=1&resize=525%2C300 1.5x, https:\/\/i0.wp.com\/noticiasribeiraopreto.com.br\/wp-content\/uploads\/2024\/05\/WhatsApp-Image-2024-05-02-at-11.09.47_2024-05-02_14-10-38_jpeg_2024-05-02_14-10-38.webp.webp?fit=1200%2C965&ssl=1&resize=700%2C400 2x, https:\/\/i0.wp.com\/noticiasribeiraopreto.com.br\/wp-content\/uploads\/2024\/05\/WhatsApp-Image-2024-05-02-at-11.09.47_2024-05-02_14-10-38_jpeg_2024-05-02_14-10-38.webp.webp?fit=1200%2C965&ssl=1&resize=1050%2C600 3x"},"classes":[]},{"id":84100,"url":"https:\/\/noticiasribeiraopreto.com.br\/index.php\/2026\/04\/01\/agrishow-2026-aposta-em-tecnologias-ligadas-a-ia-e-amplia-area-para-receber-visitantes\/","url_meta":{"origin":85272,"position":5},"title":"Agrishow 2026 aposta em tecnologias ligadas \u00e0 IA e amplia \u00e1rea para receber visitantes","author":"noticiasribeiraopreto.com.br","date":"1 de April de 2026","format":false,"excerpt":"Ler o resumo da not\u00edcia Agrishow 2026 acontece de 27\/4 a 1\u00ba\/5 em Ribeir\u00e3o Preto, esperando cerca de 800 marcas com tecnologias de IA e agricultura de precis\u00e3o. Evento investiu em infraestrutura: novo po\u00e7o artesiano, asfaltamento de vias internas, refor\u00e7o na rede de energia e amplia\u00e7\u00e3o do espa\u00e7o com mais\u2026","rel":"","context":"In &quot;Not\u00edcias de Ribeir\u00e3o Preto-SP e Regi\u00e3o&quot;","block_context":{"text":"Not\u00edcias de Ribeir\u00e3o Preto-SP e Regi\u00e3o","link":"https:\/\/noticiasribeiraopreto.com.br\/index.php\/category\/noticias-de-ribeirao-preto-sp-e-regiao-ismael-colosi\/"},"img":{"alt_text":"","src":"https:\/\/i0.wp.com\/noticiasribeiraopreto.com.br\/wp-content\/uploads\/2026\/04\/Capturar_2024-06-14_19-57-39_png_2024-06-14_19-57-39.webp.webp?fit=659%2C431&ssl=1&resize=350%2C200","width":350,"height":200,"srcset":"https:\/\/i0.wp.com\/noticiasribeiraopreto.com.br\/wp-content\/uploads\/2026\/04\/Capturar_2024-06-14_19-57-39_png_2024-06-14_19-57-39.webp.webp?fit=659%2C431&ssl=1&resize=350%2C200 1x, https:\/\/i0.wp.com\/noticiasribeiraopreto.com.br\/wp-content\/uploads\/2026\/04\/Capturar_2024-06-14_19-57-39_png_2024-06-14_19-57-39.webp.webp?fit=659%2C431&ssl=1&resize=525%2C300 1.5x"},"classes":[]}],"jetpack_sharing_enabled":true,"jetpack_shortlink":"https:\/\/wp.me\/peQAOb-mbm","_links":{"self":[{"href":"https:\/\/noticiasribeiraopreto.com.br\/index.php\/wp-json\/wp\/v2\/posts\/85272","targetHints":{"allow":["GET"]}}],"collection":[{"href":"https:\/\/noticiasribeiraopreto.com.br\/index.php\/wp-json\/wp\/v2\/posts"}],"about":[{"href":"https:\/\/noticiasribeiraopreto.com.br\/index.php\/wp-json\/wp\/v2\/types\/post"}],"author":[{"embeddable":true,"href":"https:\/\/noticiasribeiraopreto.com.br\/index.php\/wp-json\/wp\/v2\/users\/1"}],"replies":[{"embeddable":true,"href":"https:\/\/noticiasribeiraopreto.com.br\/index.php\/wp-json\/wp\/v2\/comments?post=85272"}],"version-history":[{"count":0,"href":"https:\/\/noticiasribeiraopreto.com.br\/index.php\/wp-json\/wp\/v2\/posts\/85272\/revisions"}],"wp:featuredmedia":[{"embeddable":true,"href":"https:\/\/noticiasribeiraopreto.com.br\/index.php\/wp-json\/wp\/v2\/media\/85274"}],"wp:attachment":[{"href":"https:\/\/noticiasribeiraopreto.com.br\/index.php\/wp-json\/wp\/v2\/media?parent=85272"}],"wp:term":[{"taxonomy":"category","embeddable":true,"href":"https:\/\/noticiasribeiraopreto.com.br\/index.php\/wp-json\/wp\/v2\/categories?post=85272"},{"taxonomy":"post_tag","embeddable":true,"href":"https:\/\/noticiasribeiraopreto.com.br\/index.php\/wp-json\/wp\/v2\/tags?post=85272"}],"curies":[{"name":"wp","href":"https:\/\/api.w.org\/{rel}","templated":true}]}}