{"id":85275,"date":"2026-04-27T13:07:10","date_gmt":"2026-04-27T16:07:10","guid":{"rendered":"https:\/\/noticiasribeiraopreto.com.br\/index.php\/2026\/04\/27\/video-motos-sao-queimadas-em-pancadao-da-zona-norte\/"},"modified":"2026-04-27T13:07:10","modified_gmt":"2026-04-27T16:07:10","slug":"video-motos-sao-queimadas-em-pancadao-da-zona-norte","status":"publish","type":"post","link":"https:\/\/noticiasribeiraopreto.com.br\/index.php\/2026\/04\/27\/video-motos-sao-queimadas-em-pancadao-da-zona-norte\/","title":{"rendered":"V\u00cdDEO &#8211; Motos s\u00e3o queimadas em \u201cpancad\u00e3o\u201d da zona Norte"},"content":{"rendered":"<div class='code-block code-block-1' style='margin: 8px 0 8px auto; text-align: right; display: block; clear: both;'>\n<p><a href=\"https:\/\/wa.link\/vpicfd\"><img data-recalc-dims=\"1\" class=\"wp-image-4922\" style=\"aspect-ratio: 2.0253164556962027; width: 561px; height: auto;\" src=\"https:\/\/i0.wp.com\/ismaelcolosi.com.br\/wp-content\/uploads\/2023\/11\/grupo-de-empregos-whatsapp-e-facebook-ismael-colosi-vagas.jpg?ssl=1\" alt=\"\" \/><\/a><\/p>\n<!-- \/wp:image -->\n<\/div>\n<p> <br \/>\n<\/p>\n<div id=\"post-462303\">&#13;<br \/>\n&#13;<\/p>\n<header class=\"entry-header penci-entry-header penci-title-center\">&#13;<\/p>\n<h2 class=\"penci-post-subtitle\">Pol\u00edcia Militar apurou que ve\u00edculos eram roubados; tamb\u00e9m houve registro de brigas no local<\/h2>\n<p>&#13;<\/p>\n<p>&#13;<br \/>\n\t\t\t\t\t\t\t\t\t<span class=\"entry-meta-item penci-posted-on\"><i class=\"fa fa-clock-o\"\/><time class=\"entry-date published updated\" datetime=\"2026-04-27T13:06:38-03:00\">27 de abril de 2026 13:06<\/time><\/span><span class=\"entry-meta-item penci-post-countview\"\/>\t\t\t\t\t\t\t\t<\/p>\n<p><!-- .entry-meta -->&#13;<br \/>\n\t\t\t\t\t\t\t\t<span class=\"penci-social-buttons penci-social-share-footer\"><span class=\"penci-social-share-text\">Compartilhar<\/span><a href=\"#\" class=\"penci-post-like penci_post-meta_item  single-like-button penci-social-item like\" data-post_id=\"462303\" title=\"Like\" data-like=\"Like\" data-unlike=\"Unlike\"><i class=\"fa fa-thumbs-o-up\"\/><span class=\"penci-share-number\">0<\/span><\/a><i class=\"fa fa-facebook\"\/><a class=\"penci-social-item twitter\" target=\"_blank\" rel=\"noopener\" title=\"\" href=\"https:\/\/twitter.com\/intent\/tweet?text=V\u00cdDEO%20-%20Motos%20s\u00e3o%20queimadas%20em%20\u201cpancad\u00e3o\u201d%20da%20zona%20Norte%20-%20https:\/\/www.tribunaribeirao.com.br\/video-motos-sao-queimadas-em-pancadao-da-zona-norte\/\"><i class=\"fa fa-twitter\"\/><\/a><i class=\"fa fa-linkedin\"\/><i class=\"fa fa-whatsapp\"\/><i class=\"fa fa-telegram\"\/><i class=\"fa fa-envelope\"\/><\/span>\t\t\t\t\t\t\t<\/header>\n<p><!-- .entry-header -->&#13;<\/p>\n<div class=\"entry-media penci-entry-media\">\n<p><iframe loading=\"lazy\" title=\"Motos no Pancad\u00e3o\" width=\"500\" height=\"281\" src=\"https:\/\/www.youtube.com\/embed\/XqPNqcVf_3g?feature=oembed\" frameborder=\"0\" allow=\"accelerometer; autoplay; clipboard-write; encrypted-media; gyroscope; picture-in-picture; web-share\" referrerpolicy=\"strict-origin-when-cross-origin\" allowfullscreen><\/iframe><\/p>\n<\/p><\/div>\n<div class=\"penci-entry-content entry-content\">\n<p>| Por: Adalberto Luque |<\/p>\n<p>Duas motos foram incendiadas, no final da madrugada de domingo (26). Elas estavam em um local conhecido como Pra\u00e7a do Macarr\u00e3o, na rua Manuel de Macedo, Parque Ribeir\u00e3o Preto, zona Oeste da cidade.<\/p>\n<p>Segundo den\u00fancias, no local ocorreu, durante toda a madrugada, um \u201cpancad\u00e3o\u201d, como s\u00e3o chamados os bailes funks ao ar livre, localizado nas periferias. Al\u00e9m de som alto, a festa registrou brigas, consumo de \u00e1lcool e drogas e outras irregularidades.<\/p>\n<figure id=\"attachment_462305\" aria-describedby=\"caption-attachment-462305\" style=\"width: 753px\" class=\"wp-caption alignnone\"><figcaption id=\"caption-attachment-462305\" class=\"wp-caption-text\">Motos queimadas foram recolhidas e enviadas para per\u00edcia para confirmar se eram produto de furto ou roubo (Foto: Redes Sociais)<\/figcaption><\/figure>\n<p>Quando o dia j\u00e1 estava amanhecendo, as motos foram incendiadas. Segundo a Pol\u00edcia Militar, as motos foram roubadas. As carca\u00e7as foram apreendidas e encaminhadas para a per\u00edcia, para confirmar se eram mesmo motos furtadas ou roubadas.<\/p>\n<p>A Pol\u00edcia Civil vai investigar o caso, que, segundo moradores das imedia\u00e7\u00f5es, tem sido recorrente. Sempre que ocorrem os \u201cpancad\u00f5es\u201d, h\u00e1 confus\u00f5es. A reportagem pediu mais informa\u00e7\u00f5es \u00e0 Secretaria de Seguran\u00e7a P\u00fablica (SSP) do Estado de S\u00e3o Paulo, mas n\u00e3o recebeu retorno.<\/p>\n<\/div>\n<p><!-- .entry-content -->&#13;<br \/>\n&#13;<\/p>\n<footer class=\"penci-entry-footer\">&#13;<br \/>\n\t\t\t\t\t\t\t\t<span class=\"penci-social-buttons penci-social-share-footer\"><span class=\"penci-social-share-text\">Compartilhar<\/span><a href=\"#\" class=\"penci-post-like penci_post-meta_item  single-like-button penci-social-item like\" data-post_id=\"462303\" title=\"Like\" data-like=\"Like\" data-unlike=\"Unlike\"><i class=\"fa fa-thumbs-o-up\"\/><span class=\"penci-share-number\">0<\/span><\/a><i class=\"fa fa-facebook\"\/><a class=\"penci-social-item twitter\" target=\"_blank\" rel=\"noopener\" title=\"\" href=\"https:\/\/twitter.com\/intent\/tweet?text=V\u00cdDEO%20-%20Motos%20s\u00e3o%20queimadas%20em%20\u201cpancad\u00e3o\u201d%20da%20zona%20Norte%20-%20https:\/\/www.tribunaribeirao.com.br\/video-motos-sao-queimadas-em-pancadao-da-zona-norte\/\"><i class=\"fa fa-twitter\"\/><\/a><i class=\"fa fa-linkedin\"\/><i class=\"fa fa-whatsapp\"\/><i class=\"fa fa-telegram\"\/><i class=\"fa fa-envelope\"\/><\/span>\t\t\t\t\t\t\t<\/footer>\n<p><!-- .entry-footer -->&#13;\n\t\t\t\t\t\t<\/div>\n<p><script async src=\"\/\/platform.twitter.com\/widgets.js\" charset=\"utf-8\"><\/script><br \/>\n<br \/><br \/>\n<br \/><a href=\"https:\/\/www.tribunaribeirao.com.br\/video-motos-sao-queimadas-em-pancadao-da-zona-norte\/\">Texto original daqui <\/a><\/p>\n<!-- CONTENT END 1 -->\n","protected":false},"excerpt":{"rendered":"<p>&#13; &#13; &#13; Pol\u00edcia Militar apurou que ve\u00edculos eram roubados; tamb\u00e9m houve registro de brigas no local &#13; &#13; 27 de abril de 2026 13:06&#8230;<\/p>\n","protected":false},"author":1,"featured_media":85277,"comment_status":"","ping_status":"","sticky":false,"template":"","format":"standard","meta":{"advanced_seo_description":"","jetpack_seo_html_title":"","jetpack_seo_noindex":false,"jetpack_post_was_ever_published":false,"_jetpack_newsletter_access":"","_jetpack_dont_email_post_to_subs":false,"_jetpack_newsletter_tier_id":0,"_jetpack_memberships_contains_paywalled_content":false,"_jetpack_memberships_contains_paid_content":false,"footnotes":"","jetpack_publicize_message":"","jetpack_publicize_feature_enabled":true,"jetpack_social_post_already_shared":true,"jetpack_social_options":{"image_generator_settings":{"template":"highway","default_image_id":0,"font":"","enabled":false},"version":2}},"categories":[11],"tags":[1593,397,6487,6031,50,67,340],"class_list":["post-85275","post","type-post","status-publish","format-standard","has-post-thumbnail","hentry","category-noticias-de-ribeirao-preto-sp-e-regiao-ismael-colosi","tag-motos","tag-norte","tag-pancadao","tag-queimadas","tag-sao","tag-video","tag-zona"],"jetpack_publicize_connections":[],"jetpack_featured_media_url":"https:\/\/i0.wp.com\/noticiasribeiraopreto.com.br\/wp-content\/uploads\/2026\/04\/27-abr-2026-motosqueimadas1.jpg?fit=1013%2C1010&ssl=1","jetpack-related-posts":[{"id":85280,"url":"https:\/\/noticiasribeiraopreto.com.br\/index.php\/2026\/04\/27\/video-motos-sao-queimadas-em-pancadao-da-zona-oeste\/","url_meta":{"origin":85275,"position":0},"title":"V\u00cdDEO &#8211; Motos s\u00e3o queimadas em \u201cpancad\u00e3o\u201d da zona Oeste","author":"noticiasribeiraopreto.com.br","date":"27 de April de 2026","format":false,"excerpt":"\r \r \r Pol\u00edcia Militar apurou que ve\u00edculos eram roubados; tamb\u00e9m houve registro de brigas no local\r \r 27 de abril de 2026 13:0627 de abril de 2026 14:13 \r Compartilhar3 \r | Por: Adalberto Luque | Duas motos foram incendiadas, no final da madrugada de domingo (26). Elas estavam\u2026","rel":"","context":"In &quot;Not\u00edcias de Ribeir\u00e3o Preto-SP e Regi\u00e3o&quot;","block_context":{"text":"Not\u00edcias de Ribeir\u00e3o Preto-SP e Regi\u00e3o","link":"https:\/\/noticiasribeiraopreto.com.br\/index.php\/category\/noticias-de-ribeirao-preto-sp-e-regiao-ismael-colosi\/"},"img":{"alt_text":"","src":"https:\/\/i0.wp.com\/noticiasribeiraopreto.com.br\/wp-content\/uploads\/2026\/04\/1777310069_27-abr-2026-motosqueimadas1.jpg?fit=1013%2C1010&ssl=1&resize=350%2C200","width":350,"height":200,"srcset":"https:\/\/i0.wp.com\/noticiasribeiraopreto.com.br\/wp-content\/uploads\/2026\/04\/1777310069_27-abr-2026-motosqueimadas1.jpg?fit=1013%2C1010&ssl=1&resize=350%2C200 1x, https:\/\/i0.wp.com\/noticiasribeiraopreto.com.br\/wp-content\/uploads\/2026\/04\/1777310069_27-abr-2026-motosqueimadas1.jpg?fit=1013%2C1010&ssl=1&resize=525%2C300 1.5x, https:\/\/i0.wp.com\/noticiasribeiraopreto.com.br\/wp-content\/uploads\/2026\/04\/1777310069_27-abr-2026-motosqueimadas1.jpg?fit=1013%2C1010&ssl=1&resize=700%2C400 2x"},"classes":[]},{"id":43365,"url":"https:\/\/noticiasribeiraopreto.com.br\/index.php\/2024\/03\/20\/pancadao-em-bairro-da-zona-norte-de-ribeirao-causa-transtorno-aos-moradores\/","url_meta":{"origin":85275,"position":1},"title":"Pancad\u00e3o em bairro da zona Norte de Ribeir\u00e3o causa transtorno aos moradores","author":"noticiasribeiraopreto.com.br","date":"20 de March de 2024","format":false,"excerpt":"Moradores do Jardim Cristo Redentor, zona Norte de Ribeir\u00e3o Preto, reclamam de um pancad\u00e3o que est\u00e1 acontecendo no bairro todos os finais de semanas. De acordo com os reclamantes, centenas de jovens se re\u00fanem com bebidas e m\u00fasica alta, bloqueiam a rua Jo\u00e3o Dias e fecham a entrada do bairro\u2026","rel":"","context":"In &quot;Not\u00edcias de Ribeir\u00e3o Preto-SP e Regi\u00e3o&quot;","block_context":{"text":"Not\u00edcias de Ribeir\u00e3o Preto-SP e Regi\u00e3o","link":"https:\/\/noticiasribeiraopreto.com.br\/index.php\/category\/noticias-de-ribeirao-preto-sp-e-regiao-ismael-colosi\/"},"img":{"alt_text":"","src":"https:\/\/i0.wp.com\/noticiasribeiraopreto.com.br\/wp-content\/uploads\/2024\/03\/Copia-de-Copia-de-TAMANHO-EXATO-PARA-FOTOS-NO-SISTEMA-NOVO-83.png?fit=1200%2C675&ssl=1&resize=350%2C200","width":350,"height":200,"srcset":"https:\/\/i0.wp.com\/noticiasribeiraopreto.com.br\/wp-content\/uploads\/2024\/03\/Copia-de-Copia-de-TAMANHO-EXATO-PARA-FOTOS-NO-SISTEMA-NOVO-83.png?fit=1200%2C675&ssl=1&resize=350%2C200 1x, https:\/\/i0.wp.com\/noticiasribeiraopreto.com.br\/wp-content\/uploads\/2024\/03\/Copia-de-Copia-de-TAMANHO-EXATO-PARA-FOTOS-NO-SISTEMA-NOVO-83.png?fit=1200%2C675&ssl=1&resize=525%2C300 1.5x, https:\/\/i0.wp.com\/noticiasribeiraopreto.com.br\/wp-content\/uploads\/2024\/03\/Copia-de-Copia-de-TAMANHO-EXATO-PARA-FOTOS-NO-SISTEMA-NOVO-83.png?fit=1200%2C675&ssl=1&resize=700%2C400 2x, https:\/\/i0.wp.com\/noticiasribeiraopreto.com.br\/wp-content\/uploads\/2024\/03\/Copia-de-Copia-de-TAMANHO-EXATO-PARA-FOTOS-NO-SISTEMA-NOVO-83.png?fit=1200%2C675&ssl=1&resize=1050%2C600 3x"},"classes":[]},{"id":59709,"url":"https:\/\/noticiasribeiraopreto.com.br\/index.php\/2024\/10\/29\/motociclista-fica-ferido-apos-batida-entre-moto-e-carro-na-zona-norte-de-ribeirao\/","url_meta":{"origin":85275,"position":2},"title":"Motociclista fica ferido ap\u00f3s batida entre moto e carro na zona Norte de Ribeir\u00e3o","author":"noticiasribeiraopreto.com.br","date":"29 de October de 2024","format":false,"excerpt":"Um motociclista foi socorrido na manh\u00e3 desta ter\u00e7a-feira (29), depois de se envolver em uma batida entre moto e carro no bairro Ipiranga, zona Norte de Ribeir\u00e3o Preto. A colis\u00e3o ocorreu no cruzamento das ruas General C\u00e2mara e Rio Verde. Com o impacto, a moto foi parar na cal\u00e7ada de\u2026","rel":"","context":"In &quot;Not\u00edcias de Ribeir\u00e3o Preto-SP e Regi\u00e3o&quot;","block_context":{"text":"Not\u00edcias de Ribeir\u00e3o Preto-SP e Regi\u00e3o","link":"https:\/\/noticiasribeiraopreto.com.br\/index.php\/category\/noticias-de-ribeirao-preto-sp-e-regiao-ismael-colosi\/"},"img":{"alt_text":"","src":"https:\/\/i0.wp.com\/noticiasribeiraopreto.com.br\/wp-content\/uploads\/2024\/10\/MOTO_2024-10-29_11-46-00_jpg_2024-10-29_11-46-00.webp.webp?fit=1200%2C670&ssl=1&resize=350%2C200","width":350,"height":200,"srcset":"https:\/\/i0.wp.com\/noticiasribeiraopreto.com.br\/wp-content\/uploads\/2024\/10\/MOTO_2024-10-29_11-46-00_jpg_2024-10-29_11-46-00.webp.webp?fit=1200%2C670&ssl=1&resize=350%2C200 1x, https:\/\/i0.wp.com\/noticiasribeiraopreto.com.br\/wp-content\/uploads\/2024\/10\/MOTO_2024-10-29_11-46-00_jpg_2024-10-29_11-46-00.webp.webp?fit=1200%2C670&ssl=1&resize=525%2C300 1.5x, https:\/\/i0.wp.com\/noticiasribeiraopreto.com.br\/wp-content\/uploads\/2024\/10\/MOTO_2024-10-29_11-46-00_jpg_2024-10-29_11-46-00.webp.webp?fit=1200%2C670&ssl=1&resize=700%2C400 2x, https:\/\/i0.wp.com\/noticiasribeiraopreto.com.br\/wp-content\/uploads\/2024\/10\/MOTO_2024-10-29_11-46-00_jpg_2024-10-29_11-46-00.webp.webp?fit=1200%2C670&ssl=1&resize=1050%2C600 3x"},"classes":[]},{"id":78110,"url":"https:\/\/noticiasribeiraopreto.com.br\/index.php\/2025\/10\/02\/motociclista-de-30-anos-morre-em-acidente-na-zona-norte-de-ribeirao-preto\/","url_meta":{"origin":85275,"position":3},"title":"Motociclista de 30 anos morre em acidente na zona Norte de Ribeir\u00e3o Preto","author":"noticiasribeiraopreto.com.br","date":"2 de October de 2025","format":false,"excerpt":"Um motociclista de 30 anos morreu na madrugada desta quinta (2), ao sofrer um acidente na rua Javari, no bairro Ipiranga, zona Norte de Ribeir\u00e3o Preto. Segundo o boletim de ocorr\u00eancia (BO), Afonso Oliveira Fernandes da Silva atingiu o port\u00e3o de uma casa com a moto e morreu ainda no\u2026","rel":"","context":"In &quot;Not\u00edcias de Ribeir\u00e3o Preto-SP e Regi\u00e3o&quot;","block_context":{"text":"Not\u00edcias de Ribeir\u00e3o Preto-SP e Regi\u00e3o","link":"https:\/\/noticiasribeiraopreto.com.br\/index.php\/category\/noticias-de-ribeirao-preto-sp-e-regiao-ismael-colosi\/"},"img":{"alt_text":"","src":"https:\/\/i0.wp.com\/noticiasribeiraopreto.com.br\/wp-content\/uploads\/2025\/10\/WhatsApp-Image-2025-10-02-at-07.59.19_2025-10-02_10-59-45.webp.webp?fit=1200%2C847&ssl=1&resize=350%2C200","width":350,"height":200,"srcset":"https:\/\/i0.wp.com\/noticiasribeiraopreto.com.br\/wp-content\/uploads\/2025\/10\/WhatsApp-Image-2025-10-02-at-07.59.19_2025-10-02_10-59-45.webp.webp?fit=1200%2C847&ssl=1&resize=350%2C200 1x, https:\/\/i0.wp.com\/noticiasribeiraopreto.com.br\/wp-content\/uploads\/2025\/10\/WhatsApp-Image-2025-10-02-at-07.59.19_2025-10-02_10-59-45.webp.webp?fit=1200%2C847&ssl=1&resize=525%2C300 1.5x, https:\/\/i0.wp.com\/noticiasribeiraopreto.com.br\/wp-content\/uploads\/2025\/10\/WhatsApp-Image-2025-10-02-at-07.59.19_2025-10-02_10-59-45.webp.webp?fit=1200%2C847&ssl=1&resize=700%2C400 2x, https:\/\/i0.wp.com\/noticiasribeiraopreto.com.br\/wp-content\/uploads\/2025\/10\/WhatsApp-Image-2025-10-02-at-07.59.19_2025-10-02_10-59-45.webp.webp?fit=1200%2C847&ssl=1&resize=1050%2C600 3x"},"classes":[]},{"id":55823,"url":"https:\/\/noticiasribeiraopreto.com.br\/index.php\/2024\/08\/07\/mulher-e-arrastada-por-ladrao-em-moto-na-zona-norte-de-ribeirao-preto-video\/","url_meta":{"origin":85275,"position":4},"title":"Mulher \u00e9 arrastada por ladr\u00e3o em moto na zona Norte de Ribeir\u00e3o Preto; V\u00eddeo","author":"noticiasribeiraopreto.com.br","date":"7 de August de 2024","format":false,"excerpt":"Uma mulher foi arrastada por um ladr\u00e3o enquanto caminhava pelo Ipiranga, zona Norte de Ribeir\u00e3o Preto, no \u00faltimo m\u00eas de julho. As imagens do crime foram registradas por uma c\u00e2mera de seguran\u00e7a \u2013 veja abaixo. VEJA O V\u00cdDEO A tentativa de assalto aconteceu na rua Bas\u00edlio da Gama. A v\u00edtima\u2026","rel":"","context":"In &quot;Not\u00edcias de Ribeir\u00e3o Preto-SP e Regi\u00e3o&quot;","block_context":{"text":"Not\u00edcias de Ribeir\u00e3o Preto-SP e Regi\u00e3o","link":"https:\/\/noticiasribeiraopreto.com.br\/index.php\/category\/noticias-de-ribeirao-preto-sp-e-regiao-ismael-colosi\/"},"img":{"alt_text":"","src":"https:\/\/i0.wp.com\/noticiasribeiraopreto.com.br\/wp-content\/uploads\/2024\/08\/mulher-arrastada_2024-08-06_17-36-32_jpg_2024-08-06_17-36-32.webp.webp?fit=989%2C639&ssl=1&resize=350%2C200","width":350,"height":200,"srcset":"https:\/\/i0.wp.com\/noticiasribeiraopreto.com.br\/wp-content\/uploads\/2024\/08\/mulher-arrastada_2024-08-06_17-36-32_jpg_2024-08-06_17-36-32.webp.webp?fit=989%2C639&ssl=1&resize=350%2C200 1x, https:\/\/i0.wp.com\/noticiasribeiraopreto.com.br\/wp-content\/uploads\/2024\/08\/mulher-arrastada_2024-08-06_17-36-32_jpg_2024-08-06_17-36-32.webp.webp?fit=989%2C639&ssl=1&resize=525%2C300 1.5x, https:\/\/i0.wp.com\/noticiasribeiraopreto.com.br\/wp-content\/uploads\/2024\/08\/mulher-arrastada_2024-08-06_17-36-32_jpg_2024-08-06_17-36-32.webp.webp?fit=989%2C639&ssl=1&resize=700%2C400 2x"},"classes":[]},{"id":63686,"url":"https:\/\/noticiasribeiraopreto.com.br\/index.php\/2025\/02\/19\/tentava-de-roubo-acaba-em-tiroteio-na-zona-norte-de-ribeirao-preto-video\/","url_meta":{"origin":85275,"position":5},"title":"Tentava de roubo acaba em tiroteio na zona Norte de Ribeir\u00e3o Preto; V\u00eddeo","author":"noticiasribeiraopreto.com.br","date":"19 de February de 2025","format":false,"excerpt":"Uma tentativa de roubo terminou em tiros na manh\u00e3 desta quarta-feira (19), no Jardim Joaquim Procopio de Araujo Ferraz, zona Norte de Ribeir\u00e3o Preto. Assista ao v\u00eddeo abaixo. Uma v\u00edtima teria sido atingido de rasp\u00e3o por um disparo na rua Orlando Bartocci. Dois criminosos chegaram em uma moto, que foi\u2026","rel":"","context":"In &quot;Not\u00edcias de Ribeir\u00e3o Preto-SP e Regi\u00e3o&quot;","block_context":{"text":"Not\u00edcias de Ribeir\u00e3o Preto-SP e Regi\u00e3o","link":"https:\/\/noticiasribeiraopreto.com.br\/index.php\/category\/noticias-de-ribeirao-preto-sp-e-regiao-ismael-colosi\/"},"img":{"alt_text":"","src":"https:\/\/i0.wp.com\/noticiasribeiraopreto.com.br\/wp-content\/uploads\/2025\/02\/TIROS-2_2025-02-19_14-13-54_jpg_2025-02-19_14-13-54.webp.webp?fit=1200%2C848&ssl=1&resize=350%2C200","width":350,"height":200,"srcset":"https:\/\/i0.wp.com\/noticiasribeiraopreto.com.br\/wp-content\/uploads\/2025\/02\/TIROS-2_2025-02-19_14-13-54_jpg_2025-02-19_14-13-54.webp.webp?fit=1200%2C848&ssl=1&resize=350%2C200 1x, https:\/\/i0.wp.com\/noticiasribeiraopreto.com.br\/wp-content\/uploads\/2025\/02\/TIROS-2_2025-02-19_14-13-54_jpg_2025-02-19_14-13-54.webp.webp?fit=1200%2C848&ssl=1&resize=525%2C300 1.5x, https:\/\/i0.wp.com\/noticiasribeiraopreto.com.br\/wp-content\/uploads\/2025\/02\/TIROS-2_2025-02-19_14-13-54_jpg_2025-02-19_14-13-54.webp.webp?fit=1200%2C848&ssl=1&resize=700%2C400 2x, https:\/\/i0.wp.com\/noticiasribeiraopreto.com.br\/wp-content\/uploads\/2025\/02\/TIROS-2_2025-02-19_14-13-54_jpg_2025-02-19_14-13-54.webp.webp?fit=1200%2C848&ssl=1&resize=1050%2C600 3x"},"classes":[]}],"jetpack_sharing_enabled":true,"jetpack_shortlink":"https:\/\/wp.me\/peQAOb-mbp","_links":{"self":[{"href":"https:\/\/noticiasribeiraopreto.com.br\/index.php\/wp-json\/wp\/v2\/posts\/85275","targetHints":{"allow":["GET"]}}],"collection":[{"href":"https:\/\/noticiasribeiraopreto.com.br\/index.php\/wp-json\/wp\/v2\/posts"}],"about":[{"href":"https:\/\/noticiasribeiraopreto.com.br\/index.php\/wp-json\/wp\/v2\/types\/post"}],"author":[{"embeddable":true,"href":"https:\/\/noticiasribeiraopreto.com.br\/index.php\/wp-json\/wp\/v2\/users\/1"}],"replies":[{"embeddable":true,"href":"https:\/\/noticiasribeiraopreto.com.br\/index.php\/wp-json\/wp\/v2\/comments?post=85275"}],"version-history":[{"count":0,"href":"https:\/\/noticiasribeiraopreto.com.br\/index.php\/wp-json\/wp\/v2\/posts\/85275\/revisions"}],"wp:featuredmedia":[{"embeddable":true,"href":"https:\/\/noticiasribeiraopreto.com.br\/index.php\/wp-json\/wp\/v2\/media\/85277"}],"wp:attachment":[{"href":"https:\/\/noticiasribeiraopreto.com.br\/index.php\/wp-json\/wp\/v2\/media?parent=85275"}],"wp:term":[{"taxonomy":"category","embeddable":true,"href":"https:\/\/noticiasribeiraopreto.com.br\/index.php\/wp-json\/wp\/v2\/categories?post=85275"},{"taxonomy":"post_tag","embeddable":true,"href":"https:\/\/noticiasribeiraopreto.com.br\/index.php\/wp-json\/wp\/v2\/tags?post=85275"}],"curies":[{"name":"wp","href":"https:\/\/api.w.org\/{rel}","templated":true}]}}