{"id":85280,"date":"2026-04-27T14:14:29","date_gmt":"2026-04-27T17:14:29","guid":{"rendered":"https:\/\/noticiasribeiraopreto.com.br\/index.php\/2026\/04\/27\/video-motos-sao-queimadas-em-pancadao-da-zona-oeste\/"},"modified":"2026-04-27T14:14:29","modified_gmt":"2026-04-27T17:14:29","slug":"video-motos-sao-queimadas-em-pancadao-da-zona-oeste","status":"publish","type":"post","link":"https:\/\/noticiasribeiraopreto.com.br\/index.php\/2026\/04\/27\/video-motos-sao-queimadas-em-pancadao-da-zona-oeste\/","title":{"rendered":"V\u00cdDEO &#8211; Motos s\u00e3o queimadas em \u201cpancad\u00e3o\u201d da zona Oeste"},"content":{"rendered":"<div class='code-block code-block-1' style='margin: 8px 0 8px auto; text-align: right; display: block; clear: both;'>\n<p><a href=\"https:\/\/wa.link\/vpicfd\"><img data-recalc-dims=\"1\" class=\"wp-image-4922\" style=\"aspect-ratio: 2.0253164556962027; width: 561px; height: auto;\" src=\"https:\/\/i0.wp.com\/ismaelcolosi.com.br\/wp-content\/uploads\/2023\/11\/grupo-de-empregos-whatsapp-e-facebook-ismael-colosi-vagas.jpg?ssl=1\" alt=\"\" \/><\/a><\/p>\n<!-- \/wp:image -->\n<\/div>\n<p> <br \/>\n<\/p>\n<div id=\"post-462303\">&#13;<br \/>\n&#13;<\/p>\n<header class=\"entry-header penci-entry-header penci-title-center\">&#13;<\/p>\n<h2 class=\"penci-post-subtitle\">Pol\u00edcia Militar apurou que ve\u00edculos eram roubados; tamb\u00e9m houve registro de brigas no local<\/h2>\n<p>&#13;<\/p>\n<p>&#13;<br \/>\n\t\t\t\t\t\t\t\t\t<span class=\"entry-meta-item penci-posted-on\"><i class=\"fa fa-clock-o\"\/><time class=\"entry-date published\" datetime=\"2026-04-27T13:06:38-03:00\">27 de abril de 2026 13:06<\/time><time class=\"updated\" datetime=\"2026-04-27T14:13:13-03:00\">27 de abril de 2026 14:13<\/time><\/span><span class=\"entry-meta-item penci-post-countview\"\/>\t\t\t\t\t\t\t\t<\/p>\n<p><!-- .entry-meta -->&#13;<br \/>\n\t\t\t\t\t\t\t\t<span class=\"penci-social-buttons penci-social-share-footer\"><span class=\"penci-social-share-text\">Compartilhar<\/span><a href=\"#\" class=\"penci-post-like penci_post-meta_item  single-like-button penci-social-item like\" data-post_id=\"462303\" title=\"Like\" data-like=\"Like\" data-unlike=\"Unlike\"><i class=\"fa fa-thumbs-o-up\"\/><span class=\"penci-share-number\">3<\/span><\/a><i class=\"fa fa-facebook\"\/><a class=\"penci-social-item twitter\" target=\"_blank\" rel=\"noopener\" title=\"\" href=\"https:\/\/twitter.com\/intent\/tweet?text=V\u00cdDEO%20-%20Motos%20s\u00e3o%20queimadas%20em%20\u201cpancad\u00e3o\u201d%20da%20zona%20Oeste%20-%20https:\/\/www.tribunaribeirao.com.br\/video-motos-sao-queimadas-em-pancadao-da-zona-oeste\/\"><i class=\"fa fa-twitter\"\/><\/a><i class=\"fa fa-linkedin\"\/><i class=\"fa fa-whatsapp\"\/><i class=\"fa fa-telegram\"\/><i class=\"fa fa-envelope\"\/><\/span>\t\t\t\t\t\t\t<\/header>\n<p><!-- .entry-header -->&#13;<\/p>\n<div class=\"entry-media penci-entry-media\">\n<p><iframe loading=\"lazy\" title=\"Motos no Pancad\u00e3o\" width=\"500\" height=\"281\" src=\"https:\/\/www.youtube.com\/embed\/XqPNqcVf_3g?feature=oembed\" frameborder=\"0\" allow=\"accelerometer; autoplay; clipboard-write; encrypted-media; gyroscope; picture-in-picture; web-share\" referrerpolicy=\"strict-origin-when-cross-origin\" allowfullscreen><\/iframe><\/p>\n<\/p><\/div>\n<div class=\"penci-entry-content entry-content\">\n<p>| Por: Adalberto Luque |<\/p>\n<p>Duas motos foram incendiadas, no final da madrugada de domingo (26). Elas estavam em um local conhecido como Pra\u00e7a do Macarr\u00e3o, na rua Manuel de Macedo, Parque Ribeir\u00e3o Preto, zona Oeste da cidade.<\/p>\n<p>Segundo den\u00fancias, no local ocorreu, durante toda a madrugada, um \u201cpancad\u00e3o\u201d, como s\u00e3o chamados os bailes funks ao ar livre, localizado nas periferias. Al\u00e9m de som alto, a festa registrou brigas, consumo de \u00e1lcool e drogas e outras irregularidades.<\/p>\n<figure id=\"attachment_462305\" aria-describedby=\"caption-attachment-462305\" style=\"width: 753px\" class=\"wp-caption alignnone\"><figcaption id=\"caption-attachment-462305\" class=\"wp-caption-text\">Motos queimadas foram recolhidas e enviadas para per\u00edcia para confirmar se eram produto de furto ou roubo (Foto: Redes Sociais)<\/figcaption><\/figure>\n<p>Quando o dia j\u00e1 estava amanhecendo, as motos foram incendiadas. Segundo a Pol\u00edcia Militar, as motos foram roubadas. As carca\u00e7as foram apreendidas e encaminhadas para a per\u00edcia, para confirmar se eram mesmo motos furtadas ou roubadas.<\/p>\n<p>A Pol\u00edcia Civil vai investigar o caso, que, segundo moradores das imedia\u00e7\u00f5es, tem sido recorrente. Sempre que ocorrem os \u201cpancad\u00f5es\u201d, h\u00e1 confus\u00f5es. A reportagem pediu mais informa\u00e7\u00f5es \u00e0 Secretaria de Seguran\u00e7a P\u00fablica (SSP) do Estado de S\u00e3o Paulo, mas n\u00e3o recebeu retorno.<\/p>\n<\/div>\n<p><!-- .entry-content -->&#13;<br \/>\n&#13;<\/p>\n<footer class=\"penci-entry-footer\">&#13;<br \/>\n\t\t\t\t\t\t\t\t<span class=\"penci-social-buttons penci-social-share-footer\"><span class=\"penci-social-share-text\">Compartilhar<\/span><a href=\"#\" class=\"penci-post-like penci_post-meta_item  single-like-button penci-social-item like\" data-post_id=\"462303\" title=\"Like\" data-like=\"Like\" data-unlike=\"Unlike\"><i class=\"fa fa-thumbs-o-up\"\/><span class=\"penci-share-number\">3<\/span><\/a><i class=\"fa fa-facebook\"\/><a class=\"penci-social-item twitter\" target=\"_blank\" rel=\"noopener\" title=\"\" href=\"https:\/\/twitter.com\/intent\/tweet?text=V\u00cdDEO%20-%20Motos%20s\u00e3o%20queimadas%20em%20\u201cpancad\u00e3o\u201d%20da%20zona%20Oeste%20-%20https:\/\/www.tribunaribeirao.com.br\/video-motos-sao-queimadas-em-pancadao-da-zona-oeste\/\"><i class=\"fa fa-twitter\"\/><\/a><i class=\"fa fa-linkedin\"\/><i class=\"fa fa-whatsapp\"\/><i class=\"fa fa-telegram\"\/><i class=\"fa fa-envelope\"\/><\/span>\t\t\t\t\t\t\t<\/footer>\n<p><!-- .entry-footer -->&#13;\n\t\t\t\t\t\t<\/div>\n<p><script async src=\"\/\/platform.twitter.com\/widgets.js\" charset=\"utf-8\"><\/script><br \/>\n<br \/><br \/>\n<br \/><a href=\"https:\/\/www.tribunaribeirao.com.br\/video-motos-sao-queimadas-em-pancadao-da-zona-oeste\/\">Texto original daqui <\/a><\/p>\n<!-- CONTENT END 1 -->\n","protected":false},"excerpt":{"rendered":"<p>&#13; &#13; &#13; Pol\u00edcia Militar apurou que ve\u00edculos eram roubados; tamb\u00e9m houve registro de brigas no local &#13; &#13; 27 de abril de 2026 13:0627&#8230;<\/p>\n","protected":false},"author":1,"featured_media":85281,"comment_status":"","ping_status":"","sticky":false,"template":"","format":"standard","meta":{"advanced_seo_description":"","jetpack_seo_html_title":"","jetpack_seo_noindex":false,"jetpack_post_was_ever_published":false,"_jetpack_newsletter_access":"","_jetpack_dont_email_post_to_subs":false,"_jetpack_newsletter_tier_id":0,"_jetpack_memberships_contains_paywalled_content":false,"_jetpack_memberships_contains_paid_content":false,"footnotes":"","jetpack_publicize_message":"","jetpack_publicize_feature_enabled":true,"jetpack_social_post_already_shared":true,"jetpack_social_options":{"image_generator_settings":{"template":"highway","default_image_id":0,"font":"","enabled":false},"version":2}},"categories":[11],"tags":[1593,341,6487,6031,50,67,340],"class_list":["post-85280","post","type-post","status-publish","format-standard","has-post-thumbnail","hentry","category-noticias-de-ribeirao-preto-sp-e-regiao-ismael-colosi","tag-motos","tag-oeste","tag-pancadao","tag-queimadas","tag-sao","tag-video","tag-zona"],"jetpack_publicize_connections":[],"jetpack_featured_media_url":"https:\/\/i0.wp.com\/noticiasribeiraopreto.com.br\/wp-content\/uploads\/2026\/04\/1777310069_27-abr-2026-motosqueimadas1.jpg?fit=1013%2C1010&ssl=1","jetpack-related-posts":[{"id":85275,"url":"https:\/\/noticiasribeiraopreto.com.br\/index.php\/2026\/04\/27\/video-motos-sao-queimadas-em-pancadao-da-zona-norte\/","url_meta":{"origin":85280,"position":0},"title":"V\u00cdDEO &#8211; Motos s\u00e3o queimadas em \u201cpancad\u00e3o\u201d da zona Norte","author":"noticiasribeiraopreto.com.br","date":"27 de April de 2026","format":false,"excerpt":"\r \r \r Pol\u00edcia Militar apurou que ve\u00edculos eram roubados; tamb\u00e9m houve registro de brigas no local\r \r 27 de abril de 2026 13:06 \r Compartilhar0 \r | Por: Adalberto Luque | Duas motos foram incendiadas, no final da madrugada de domingo (26). Elas estavam em um local conhecido como\u2026","rel":"","context":"In &quot;Not\u00edcias de Ribeir\u00e3o Preto-SP e Regi\u00e3o&quot;","block_context":{"text":"Not\u00edcias de Ribeir\u00e3o Preto-SP e Regi\u00e3o","link":"https:\/\/noticiasribeiraopreto.com.br\/index.php\/category\/noticias-de-ribeirao-preto-sp-e-regiao-ismael-colosi\/"},"img":{"alt_text":"","src":"https:\/\/i0.wp.com\/noticiasribeiraopreto.com.br\/wp-content\/uploads\/2026\/04\/27-abr-2026-motosqueimadas1.jpg?fit=1013%2C1010&ssl=1&resize=350%2C200","width":350,"height":200,"srcset":"https:\/\/i0.wp.com\/noticiasribeiraopreto.com.br\/wp-content\/uploads\/2026\/04\/27-abr-2026-motosqueimadas1.jpg?fit=1013%2C1010&ssl=1&resize=350%2C200 1x, https:\/\/i0.wp.com\/noticiasribeiraopreto.com.br\/wp-content\/uploads\/2026\/04\/27-abr-2026-motosqueimadas1.jpg?fit=1013%2C1010&ssl=1&resize=525%2C300 1.5x, https:\/\/i0.wp.com\/noticiasribeiraopreto.com.br\/wp-content\/uploads\/2026\/04\/27-abr-2026-motosqueimadas1.jpg?fit=1013%2C1010&ssl=1&resize=700%2C400 2x"},"classes":[]},{"id":43365,"url":"https:\/\/noticiasribeiraopreto.com.br\/index.php\/2024\/03\/20\/pancadao-em-bairro-da-zona-norte-de-ribeirao-causa-transtorno-aos-moradores\/","url_meta":{"origin":85280,"position":1},"title":"Pancad\u00e3o em bairro da zona Norte de Ribeir\u00e3o causa transtorno aos moradores","author":"noticiasribeiraopreto.com.br","date":"20 de March de 2024","format":false,"excerpt":"Moradores do Jardim Cristo Redentor, zona Norte de Ribeir\u00e3o Preto, reclamam de um pancad\u00e3o que est\u00e1 acontecendo no bairro todos os finais de semanas. De acordo com os reclamantes, centenas de jovens se re\u00fanem com bebidas e m\u00fasica alta, bloqueiam a rua Jo\u00e3o Dias e fecham a entrada do bairro\u2026","rel":"","context":"In &quot;Not\u00edcias de Ribeir\u00e3o Preto-SP e Regi\u00e3o&quot;","block_context":{"text":"Not\u00edcias de Ribeir\u00e3o Preto-SP e Regi\u00e3o","link":"https:\/\/noticiasribeiraopreto.com.br\/index.php\/category\/noticias-de-ribeirao-preto-sp-e-regiao-ismael-colosi\/"},"img":{"alt_text":"","src":"https:\/\/i0.wp.com\/noticiasribeiraopreto.com.br\/wp-content\/uploads\/2024\/03\/Copia-de-Copia-de-TAMANHO-EXATO-PARA-FOTOS-NO-SISTEMA-NOVO-83.png?fit=1200%2C675&ssl=1&resize=350%2C200","width":350,"height":200,"srcset":"https:\/\/i0.wp.com\/noticiasribeiraopreto.com.br\/wp-content\/uploads\/2024\/03\/Copia-de-Copia-de-TAMANHO-EXATO-PARA-FOTOS-NO-SISTEMA-NOVO-83.png?fit=1200%2C675&ssl=1&resize=350%2C200 1x, https:\/\/i0.wp.com\/noticiasribeiraopreto.com.br\/wp-content\/uploads\/2024\/03\/Copia-de-Copia-de-TAMANHO-EXATO-PARA-FOTOS-NO-SISTEMA-NOVO-83.png?fit=1200%2C675&ssl=1&resize=525%2C300 1.5x, https:\/\/i0.wp.com\/noticiasribeiraopreto.com.br\/wp-content\/uploads\/2024\/03\/Copia-de-Copia-de-TAMANHO-EXATO-PARA-FOTOS-NO-SISTEMA-NOVO-83.png?fit=1200%2C675&ssl=1&resize=700%2C400 2x, https:\/\/i0.wp.com\/noticiasribeiraopreto.com.br\/wp-content\/uploads\/2024\/03\/Copia-de-Copia-de-TAMANHO-EXATO-PARA-FOTOS-NO-SISTEMA-NOVO-83.png?fit=1200%2C675&ssl=1&resize=1050%2C600 3x"},"classes":[]},{"id":82062,"url":"https:\/\/noticiasribeiraopreto.com.br\/index.php\/2026\/02\/02\/video-dupla-de-moto-assalta-clientes-em-bar-de-rp\/","url_meta":{"origin":85280,"position":2},"title":"V\u00cdDEO &#8211; Dupla de moto assalta clientes em bar de RP","author":"noticiasribeiraopreto.com.br","date":"2 de February de 2026","format":false,"excerpt":"\r \r \r V\u00edtimas tiveram alian\u00e7as, correntes, pulseiras e celulares roubados de homens armados\r \r 2 de fevereiro de 2026 13:10 \r Compartilhar0 \r Por: Adalberto Luque Clientes de um bar foram v\u00edtimas de um assalto, na tarde de s\u00e1bado (31 de janeiro). O caso foi registrado por uma c\u00e2mera\u2026","rel":"","context":"In &quot;Not\u00edcias de Ribeir\u00e3o Preto-SP e Regi\u00e3o&quot;","block_context":{"text":"Not\u00edcias de Ribeir\u00e3o Preto-SP e Regi\u00e3o","link":"https:\/\/noticiasribeiraopreto.com.br\/index.php\/category\/noticias-de-ribeirao-preto-sp-e-regiao-ismael-colosi\/"},"img":{"alt_text":"","src":"https:\/\/i0.wp.com\/noticiasribeiraopreto.com.br\/wp-content\/uploads\/2026\/02\/02-fev-2026-ladroesdemoto-scaled.jpg?fit=1200%2C771&ssl=1&resize=350%2C200","width":350,"height":200,"srcset":"https:\/\/i0.wp.com\/noticiasribeiraopreto.com.br\/wp-content\/uploads\/2026\/02\/02-fev-2026-ladroesdemoto-scaled.jpg?fit=1200%2C771&ssl=1&resize=350%2C200 1x, https:\/\/i0.wp.com\/noticiasribeiraopreto.com.br\/wp-content\/uploads\/2026\/02\/02-fev-2026-ladroesdemoto-scaled.jpg?fit=1200%2C771&ssl=1&resize=525%2C300 1.5x, https:\/\/i0.wp.com\/noticiasribeiraopreto.com.br\/wp-content\/uploads\/2026\/02\/02-fev-2026-ladroesdemoto-scaled.jpg?fit=1200%2C771&ssl=1&resize=700%2C400 2x, https:\/\/i0.wp.com\/noticiasribeiraopreto.com.br\/wp-content\/uploads\/2026\/02\/02-fev-2026-ladroesdemoto-scaled.jpg?fit=1200%2C771&ssl=1&resize=1050%2C600 3x"},"classes":[]},{"id":73684,"url":"https:\/\/noticiasribeiraopreto.com.br\/index.php\/2025\/07\/07\/gcm-encontra-motos-em-desmanche-clandestino-na-zona-oeste-de-ribeirao-preto-video\/","url_meta":{"origin":85280,"position":3},"title":"GCM encontra motos em desmanche clandestino\u00a0na zona Oeste de Ribeir\u00e3o Preto; V\u00eddeo","author":"noticiasribeiraopreto.com.br","date":"7 de July de 2025","format":false,"excerpt":"Motos e diversas pe\u00e7as foram encontradas pela GCM (Guarda Civil Municipal) na manh\u00e3 desta segunda-feira (7), em uma casa que seria utilizada como desmanche clandestino no Parque Ribeir\u00e3o Preto, zona Oeste de Ribeir\u00e3o Preto. Segundo a GCM, no im\u00f3vel, na rua Floriano Leite Ribeiro, havia partes de ao menos uma\u2026","rel":"","context":"In &quot;Not\u00edcias de Ribeir\u00e3o Preto-SP e Regi\u00e3o&quot;","block_context":{"text":"Not\u00edcias de Ribeir\u00e3o Preto-SP e Regi\u00e3o","link":"https:\/\/noticiasribeiraopreto.com.br\/index.php\/category\/noticias-de-ribeirao-preto-sp-e-regiao-ismael-colosi\/"},"img":{"alt_text":"","src":"https:\/\/i0.wp.com\/noticiasribeiraopreto.com.br\/wp-content\/uploads\/2025\/07\/WhatsApp-Image-2025-07-07-at-11.45.50_2025-07-07_15-07-05.webp.webp?fit=1200%2C675&ssl=1&resize=350%2C200","width":350,"height":200,"srcset":"https:\/\/i0.wp.com\/noticiasribeiraopreto.com.br\/wp-content\/uploads\/2025\/07\/WhatsApp-Image-2025-07-07-at-11.45.50_2025-07-07_15-07-05.webp.webp?fit=1200%2C675&ssl=1&resize=350%2C200 1x, https:\/\/i0.wp.com\/noticiasribeiraopreto.com.br\/wp-content\/uploads\/2025\/07\/WhatsApp-Image-2025-07-07-at-11.45.50_2025-07-07_15-07-05.webp.webp?fit=1200%2C675&ssl=1&resize=525%2C300 1.5x, https:\/\/i0.wp.com\/noticiasribeiraopreto.com.br\/wp-content\/uploads\/2025\/07\/WhatsApp-Image-2025-07-07-at-11.45.50_2025-07-07_15-07-05.webp.webp?fit=1200%2C675&ssl=1&resize=700%2C400 2x, https:\/\/i0.wp.com\/noticiasribeiraopreto.com.br\/wp-content\/uploads\/2025\/07\/WhatsApp-Image-2025-07-07-at-11.45.50_2025-07-07_15-07-05.webp.webp?fit=1200%2C675&ssl=1&resize=1050%2C600 3x"},"classes":[]},{"id":42207,"url":"https:\/\/noticiasribeiraopreto.com.br\/index.php\/2024\/03\/13\/moto-furtada-na-capitao-salomao-e-achada-na-zona-oeste\/","url_meta":{"origin":85280,"position":4},"title":"Moto furtada na Capit\u00e3o Salom\u00e3o \u00e9 achada na zona Oeste","author":"noticiasribeiraopreto.com.br","date":"13 de March de 2024","format":false,"excerpt":"Dupla havia escondido motocicleta no matagal e acabou surpreendida pela PM 13 de mar\u00e7o de 2024 | 11:31 2Por: Adalberto LuqueUma motocicleta furtada momentos antes na Avenida Capit\u00e3o Salom\u00e3o, em frente ao Senac, Campos El\u00edseos, zona Norte da cidade, foi encontrada poucos minutos depois. A motocicleta Twister foi furtada na\u2026","rel":"","context":"In &quot;Not\u00edcias de Ribeir\u00e3o Preto-SP e Regi\u00e3o&quot;","block_context":{"text":"Not\u00edcias de Ribeir\u00e3o Preto-SP e Regi\u00e3o","link":"https:\/\/noticiasribeiraopreto.com.br\/index.php\/category\/noticias-de-ribeirao-preto-sp-e-regiao-ismael-colosi\/"},"img":{"alt_text":"","src":"https:\/\/i0.wp.com\/noticiasribeiraopreto.com.br\/wp-content\/uploads\/2024\/03\/00-13-mar-2024-furto-e-assalto-senac-01-foto-baep-scaled.jpg?fit=821%2C645&ssl=1&resize=350%2C200","width":350,"height":200,"srcset":"https:\/\/i0.wp.com\/noticiasribeiraopreto.com.br\/wp-content\/uploads\/2024\/03\/00-13-mar-2024-furto-e-assalto-senac-01-foto-baep-scaled.jpg?fit=821%2C645&ssl=1&resize=350%2C200 1x, https:\/\/i0.wp.com\/noticiasribeiraopreto.com.br\/wp-content\/uploads\/2024\/03\/00-13-mar-2024-furto-e-assalto-senac-01-foto-baep-scaled.jpg?fit=821%2C645&ssl=1&resize=525%2C300 1.5x, https:\/\/i0.wp.com\/noticiasribeiraopreto.com.br\/wp-content\/uploads\/2024\/03\/00-13-mar-2024-furto-e-assalto-senac-01-foto-baep-scaled.jpg?fit=821%2C645&ssl=1&resize=700%2C400 2x"},"classes":[]},{"id":83098,"url":"https:\/\/noticiasribeiraopreto.com.br\/index.php\/2026\/03\/09\/motociclista-derrapa-e-fica-ferida-na-zona-oeste\/","url_meta":{"origin":85280,"position":5},"title":"Motociclista derrapa e fica ferida na zona Oeste","author":"noticiasribeiraopreto.com.br","date":"9 de March de 2026","format":false,"excerpt":"\r \r \r Condutora da moto perdeu o controle em avenida com piso molhado pela chuva\r \r 9 de mar\u00e7o de 2026 10:37 \r Compartilhar1 \r Por: Alfredo Risk e Adalberto Luque Uma mulher ficou ferida, na manh\u00e3 desta segunda-feira (9), ap\u00f3s cair com sua moto. O acidente ocorreu na\u2026","rel":"","context":"In &quot;Not\u00edcias de Ribeir\u00e3o Preto-SP e Regi\u00e3o&quot;","block_context":{"text":"Not\u00edcias de Ribeir\u00e3o Preto-SP e Regi\u00e3o","link":"https:\/\/noticiasribeiraopreto.com.br\/index.php\/category\/noticias-de-ribeirao-preto-sp-e-regiao-ismael-colosi\/"},"img":{"alt_text":"","src":"https:\/\/i0.wp.com\/noticiasribeiraopreto.com.br\/wp-content\/uploads\/2026\/03\/09-mar-2026-acidenteusp1-scaled.jpg?fit=1170%2C780&ssl=1&resize=350%2C200","width":350,"height":200,"srcset":"https:\/\/i0.wp.com\/noticiasribeiraopreto.com.br\/wp-content\/uploads\/2026\/03\/09-mar-2026-acidenteusp1-scaled.jpg?fit=1170%2C780&ssl=1&resize=350%2C200 1x, https:\/\/i0.wp.com\/noticiasribeiraopreto.com.br\/wp-content\/uploads\/2026\/03\/09-mar-2026-acidenteusp1-scaled.jpg?fit=1170%2C780&ssl=1&resize=525%2C300 1.5x, https:\/\/i0.wp.com\/noticiasribeiraopreto.com.br\/wp-content\/uploads\/2026\/03\/09-mar-2026-acidenteusp1-scaled.jpg?fit=1170%2C780&ssl=1&resize=700%2C400 2x, https:\/\/i0.wp.com\/noticiasribeiraopreto.com.br\/wp-content\/uploads\/2026\/03\/09-mar-2026-acidenteusp1-scaled.jpg?fit=1170%2C780&ssl=1&resize=1050%2C600 3x"},"classes":[]}],"jetpack_sharing_enabled":true,"jetpack_shortlink":"https:\/\/wp.me\/peQAOb-mbu","_links":{"self":[{"href":"https:\/\/noticiasribeiraopreto.com.br\/index.php\/wp-json\/wp\/v2\/posts\/85280","targetHints":{"allow":["GET"]}}],"collection":[{"href":"https:\/\/noticiasribeiraopreto.com.br\/index.php\/wp-json\/wp\/v2\/posts"}],"about":[{"href":"https:\/\/noticiasribeiraopreto.com.br\/index.php\/wp-json\/wp\/v2\/types\/post"}],"author":[{"embeddable":true,"href":"https:\/\/noticiasribeiraopreto.com.br\/index.php\/wp-json\/wp\/v2\/users\/1"}],"replies":[{"embeddable":true,"href":"https:\/\/noticiasribeiraopreto.com.br\/index.php\/wp-json\/wp\/v2\/comments?post=85280"}],"version-history":[{"count":0,"href":"https:\/\/noticiasribeiraopreto.com.br\/index.php\/wp-json\/wp\/v2\/posts\/85280\/revisions"}],"wp:featuredmedia":[{"embeddable":true,"href":"https:\/\/noticiasribeiraopreto.com.br\/index.php\/wp-json\/wp\/v2\/media\/85281"}],"wp:attachment":[{"href":"https:\/\/noticiasribeiraopreto.com.br\/index.php\/wp-json\/wp\/v2\/media?parent=85280"}],"wp:term":[{"taxonomy":"category","embeddable":true,"href":"https:\/\/noticiasribeiraopreto.com.br\/index.php\/wp-json\/wp\/v2\/categories?post=85280"},{"taxonomy":"post_tag","embeddable":true,"href":"https:\/\/noticiasribeiraopreto.com.br\/index.php\/wp-json\/wp\/v2\/tags?post=85280"}],"curies":[{"name":"wp","href":"https:\/\/api.w.org\/{rel}","templated":true}]}}