{"id":85282,"date":"2026-04-27T15:26:48","date_gmt":"2026-04-27T18:26:48","guid":{"rendered":"https:\/\/noticiasribeiraopreto.com.br\/index.php\/2026\/04\/27\/investigado-por-integrar-quadrilha-que-lava-dinheiro-dentro-de-prefeituras-e-preso-em-santos\/"},"modified":"2026-04-27T15:26:48","modified_gmt":"2026-04-27T18:26:48","slug":"investigado-por-integrar-quadrilha-que-lava-dinheiro-dentro-de-prefeituras-e-preso-em-santos","status":"publish","type":"post","link":"https:\/\/noticiasribeiraopreto.com.br\/index.php\/2026\/04\/27\/investigado-por-integrar-quadrilha-que-lava-dinheiro-dentro-de-prefeituras-e-preso-em-santos\/","title":{"rendered":"Investigado por integrar quadrilha que lava dinheiro dentro de prefeituras \u00e9 preso em Santos &#8211; THMais"},"content":{"rendered":"<div class='code-block code-block-1' style='margin: 8px 0 8px auto; text-align: right; display: block; clear: both;'>\n<p><a href=\"https:\/\/wa.link\/vpicfd\"><img data-recalc-dims=\"1\" class=\"wp-image-4922\" style=\"aspect-ratio: 2.0253164556962027; width: 561px; height: auto;\" src=\"https:\/\/i0.wp.com\/ismaelcolosi.com.br\/wp-content\/uploads\/2023\/11\/grupo-de-empregos-whatsapp-e-facebook-ismael-colosi-vagas.jpg?ssl=1\" alt=\"\" \/><\/a><\/p>\n<!-- \/wp:image -->\n<\/div>\n<p> <br \/>\n<\/p>\n<div>\n<p>Uma pessoa foi presa em Santos por integrar uma organiza\u00e7\u00e3o criminosa que se infiltrou em prefeituras para lavar dinheiro do tr\u00e1fico de drogas. Ao todo seis pessoas foram presas nesta segunda-feira (27) durante a Opera\u00e7\u00e3o Contaminatio, deflagrada pela Pol\u00edcia Civil de S\u00e3o Paulo.<\/p>\n<p>Al\u00e9m das pris\u00f5es, a a\u00e7\u00e3o tamb\u00e9m cumpre 22 mandados de busca e apreens\u00e3o. A Justi\u00e7a tamb\u00e9m determinou o bloqueio de mais de R$ 513 milh\u00f5es em bens e ativos ligados aos investigados.<\/p>\n<p>De acordo com a Secretaria de Seguran\u00e7a P\u00fablica, a a\u00e7\u00e3o est\u00e1 sendo conduzida pela Delegacia de Investiga\u00e7\u00f5es sobre Entorpecentes (Dise) de Mogi das Cruzes, contra investigados que residem nas cidades de Santos, S\u00e3o Paulo, Guarulhos, Santo Andr\u00e9, Mairinque, Campinas, Ribeir\u00e3o Preto, al\u00e9m de Goi\u00e2nia e Aparecida de Goi\u00e2nia (GO), Bras\u00edlia (DF) e Londrina (PR).\u00a0<\/p>\n<p><a href=\"https:\/\/www.instagram.com\/thmaisband\/\"><strong><mark style=\"background-color:rgba(0, 0, 0, 0)\" class=\"has-inline-color has-luminous-vivid-orange-color\">Siga o perfil do THMais Band Litoral no Instagram<\/mark><\/strong><\/a><\/p>\n<p class=\"has-text-align-left\"><strong>\u00a0<img data-recalc-dims=\"1\" loading=\"lazy\" data-lazyloaded=\"1\" decoding=\"async\" width=\"20\" height=\"20\" class=\"wp-image-448468\" style=\"width: 20px;\" src=\"https:\/\/i0.wp.com\/static1.thmais.com.br\/wp-content\/uploads\/2025\/06\/image-6.png?resize=20%2C20&#038;ssl=1\" alt=\"\" srcset=\"https:\/\/thmais.com.br\/wp-content\/uploads\/2025\/06\/image-6.png 225w, https:\/\/thmais.com.br\/wp-content\/uploads\/2025\/06\/image-6-150x150.png 150w, https:\/\/thmais.com.br\/wp-content\/uploads\/2025\/06\/image-6-96x96.png 96w\" data-sizes=\"(max-width: 20px) 100vw, 20px\"\/> <mark style=\"background-color:rgba(0, 0, 0, 0)\" class=\"has-inline-color has-vivid-green-cyan-color\"><a href=\"https:\/\/whatsapp.com\/channel\/0029VaAB4TDBKfiAjYT4TL20\">Fa\u00e7a parte do canal de WhatsApp do THMais e fique bem-informado o dia todo<\/a><\/mark><\/strong><\/p>\n<p><strong>\u00a0<a href=\"https:\/\/www.youtube.com\/@thmaisband\"><img data-recalc-dims=\"1\" loading=\"lazy\" data-lazyloaded=\"1\" decoding=\"async\" width=\"30\" height=\"17\" class=\"wp-image-451523\" style=\"width: 30px;\" src=\"https:\/\/i0.wp.com\/static1.thmais.com.br\/wp-content\/uploads\/2025\/07\/Design-sem-nome-1.png?resize=30%2C17&#038;ssl=1\" alt=\"\" srcset=\"https:\/\/thmais.com.br\/wp-content\/uploads\/2025\/07\/Design-sem-nome-1.png 1920w, https:\/\/thmais.com.br\/wp-content\/uploads\/2025\/07\/Design-sem-nome-1-300x169.png 300w, https:\/\/thmais.com.br\/wp-content\/uploads\/2025\/07\/Design-sem-nome-1-1024x576.png 1024w, https:\/\/thmais.com.br\/wp-content\/uploads\/2025\/07\/Design-sem-nome-1-768x432.png 768w, https:\/\/thmais.com.br\/wp-content\/uploads\/2025\/07\/Design-sem-nome-1-1536x864.png 1536w, https:\/\/thmais.com.br\/wp-content\/uploads\/2025\/07\/Design-sem-nome-1-150x84.png 150w, https:\/\/thmais.com.br\/wp-content\/uploads\/2025\/07\/Design-sem-nome-1-696x392.png 696w, https:\/\/thmais.com.br\/wp-content\/uploads\/2025\/07\/Design-sem-nome-1-1068x601.png 1068w\" data-sizes=\"(max-width: 30px) 100vw, 30px\"\/><\/a> <a href=\"https:\/\/www.youtube.com\/@thmaisband\"><mark class=\"has-inline-color has-vivid-red-color\" style=\"background-color: rgba(0, 0, 0, 0);\">Se inscreva no canal do Youtube da THMais Band Litoral e veja nossos v\u00eddeos <\/mark><\/a><\/strong><\/p>\n<p>A Opera\u00e7\u00e3o Contaminatio \u00e9 um desdobramento da Opera\u00e7\u00e3o Decurio, realizada em agosto de 2024, quando foram apreendidos dispositivos eletr\u00f4nicos que revelaram um complexo sistema de movimenta\u00e7\u00e3o financeira il\u00edcita.<\/p>\n<p>Foram identificados uma estrutura organizada para lavar os recursos provenientes de diversas atividades criminosas.<\/p>\n<p>Segundo a apura\u00e7\u00e3o, a quadrilha teria avan\u00e7ado na cria\u00e7\u00e3o de um \u201cn\u00facleo pol\u00edtico\u201d, com o objetivo de acessar recursos p\u00fablicos e ampliar sua atua\u00e7\u00e3o como em tentativa de influenciar elei\u00e7\u00f5es, com apoio ou financiamento de candidaturas alinhadas aos interesses da organiza\u00e7\u00e3o.\u00a0<\/p>\n<p>Tamb\u00e9m foi identificado o envolvimento de pessoas ligadas a administra\u00e7\u00f5es municipais, incluindo ao menos uma servidora comissionada que mantinha rela\u00e7\u00e3o com integrante de alto escal\u00e3o da organiza\u00e7\u00e3o criminosa.<\/p>\n<p>Outro ponto que chamou a aten\u00e7\u00e3o dos investigadores foi a tentativa de inser\u00e7\u00e3o de uma fintech criada por integrantes do bando para operar servi\u00e7os financeiros de prefeituras, como emiss\u00e3o de boletos e gest\u00e3o de receitas municipais.<\/p>\n<p>A estrutura permitiria, na pr\u00e1tica, a \u201climpeza\u201d de dinheiro oriundo do crime dentro de opera\u00e7\u00f5es oficiais, utilizando o fluxo financeiro p\u00fablico.<\/p>\n<p>Ao todo, foram identificadas ao menos seis pessoas nas regi\u00f5es da Baixada Santista, ABC Paulista, Campinas e Ribeir\u00e3o Preto. Apesar disso, segundo a pol\u00edcia, nenhum dos alvos possui foro por prerrogativa de fun\u00e7\u00e3o ou exerce mandato eletivo.<\/p>\n<\/div>\n<p><script async src=\"\/\/www.instagram.com\/embed.js\"><\/script><br \/>\n<br \/><br \/>\n<br \/><a href=\"https:\/\/thmais.com.br\/cidades\/baixada-santista\/policia-baixada-santista\/investigado-por-integrar-quadrilha-que-lava-dinheiro-dentro-de-prefeituras-e-preso-em-santos\/\">Link para o texto original <\/a><\/p>\n<!-- CONTENT END 1 -->\n","protected":false},"excerpt":{"rendered":"<p>Uma pessoa foi presa em Santos por integrar uma organiza\u00e7\u00e3o criminosa que se infiltrou em prefeituras para lavar dinheiro do tr\u00e1fico de drogas. Ao todo&#8230;<\/p>\n","protected":false},"author":1,"featured_media":85283,"comment_status":"","ping_status":"","sticky":false,"template":"","format":"standard","meta":{"advanced_seo_description":"","jetpack_seo_html_title":"","jetpack_seo_noindex":false,"jetpack_post_was_ever_published":false,"_jetpack_newsletter_access":"","_jetpack_dont_email_post_to_subs":false,"_jetpack_newsletter_tier_id":0,"_jetpack_memberships_contains_paywalled_content":false,"_jetpack_memberships_contains_paid_content":false,"footnotes":"","jetpack_publicize_message":"","jetpack_publicize_feature_enabled":true,"jetpack_social_post_already_shared":true,"jetpack_social_options":{"image_generator_settings":{"template":"highway","default_image_id":0,"font":"","enabled":false},"version":2}},"categories":[11],"tags":[2776,926,6488,133,6489,134,6490,36,179,1349,6443],"class_list":["post-85282","post","type-post","status-publish","format-standard","has-post-thumbnail","hentry","category-noticias-de-ribeirao-preto-sp-e-regiao-ismael-colosi","tag-dentro","tag-dinheiro","tag-integrar","tag-investigado","tag-lava","tag-por","tag-prefeituras","tag-preso","tag-quadrilha","tag-santos","tag-thmais"],"jetpack_publicize_connections":[],"jetpack_featured_media_url":"https:\/\/i0.wp.com\/noticiasribeiraopreto.com.br\/wp-content\/uploads\/2026\/04\/D00061100.png?fit=715%2C428&ssl=1","jetpack-related-posts":[{"id":83767,"url":"https:\/\/noticiasribeiraopreto.com.br\/index.php\/2026\/03\/25\/mais-quatro-presos-na-operacao-criptopix\/","url_meta":{"origin":85282,"position":0},"title":"Mais quatro presos na \u201cOpera\u00e7\u00e3o Criptopix\u201d","author":"noticiasribeiraopreto.com.br","date":"25 de March de 2026","format":false,"excerpt":"\r Pris\u00f5es ocorreram nas cidades de Jaboticabal, Monte alto, Osasco e Itapecerica da Serra, as duas \u00faltimas na Grande S\u00e3o Paulo\r \r 25 de mar\u00e7o de 2026 12:3825 de mar\u00e7o de 2026 18:23 \r Compartilhar2 Por: Adalberto Luque \u2013 A Pol\u00edcia Civil prendeu mais quatro envolvidos em sequestros de empres\u00e1rios\u2026","rel":"","context":"In &quot;Not\u00edcias de Ribeir\u00e3o Preto-SP e Regi\u00e3o&quot;","block_context":{"text":"Not\u00edcias de Ribeir\u00e3o Preto-SP e Regi\u00e3o","link":"https:\/\/noticiasribeiraopreto.com.br\/index.php\/category\/noticias-de-ribeirao-preto-sp-e-regiao-ismael-colosi\/"},"img":{"alt_text":"","src":"https:\/\/i0.wp.com\/noticiasribeiraopreto.com.br\/wp-content\/uploads\/2026\/03\/25-mar-2026-criptopixterceira-scaled.jpg?fit=1169%2C780&ssl=1&resize=350%2C200","width":350,"height":200,"srcset":"https:\/\/i0.wp.com\/noticiasribeiraopreto.com.br\/wp-content\/uploads\/2026\/03\/25-mar-2026-criptopixterceira-scaled.jpg?fit=1169%2C780&ssl=1&resize=350%2C200 1x, https:\/\/i0.wp.com\/noticiasribeiraopreto.com.br\/wp-content\/uploads\/2026\/03\/25-mar-2026-criptopixterceira-scaled.jpg?fit=1169%2C780&ssl=1&resize=525%2C300 1.5x, https:\/\/i0.wp.com\/noticiasribeiraopreto.com.br\/wp-content\/uploads\/2026\/03\/25-mar-2026-criptopixterceira-scaled.jpg?fit=1169%2C780&ssl=1&resize=700%2C400 2x, https:\/\/i0.wp.com\/noticiasribeiraopreto.com.br\/wp-content\/uploads\/2026\/03\/25-mar-2026-criptopixterceira-scaled.jpg?fit=1169%2C780&ssl=1&resize=1050%2C600 3x"},"classes":[]},{"id":75602,"url":"https:\/\/noticiasribeiraopreto.com.br\/index.php\/2025\/08\/12\/homem-e-preso-suspeito-de-integrar-quadrilha-que-roubou-casa-de-ex-prefeito\/","url_meta":{"origin":85282,"position":1},"title":"Homem \u00e9 preso suspeito de integrar quadrilha que roubou casa de ex-prefeito","author":"noticiasribeiraopreto.com.br","date":"12 de August de 2025","format":false,"excerpt":"A Pol\u00edcia Civil prendeu na manh\u00e3 desta ter\u00e7a-feira (12) um homem de 26 anos suspeito de integrar uma quadrilha que roubou a resid\u00eancia do ex-prefeito de Barretos\u00a0Uebe Rezeck, na regi\u00e3o central da cidade, a 130 quil\u00f4metros de Ribeir\u00e3o Preto. Assista ao v\u00eddeo abaixo. O crime ocorreu em dezembro de 2024\u2026","rel":"","context":"In &quot;Not\u00edcias de Ribeir\u00e3o Preto-SP e Regi\u00e3o&quot;","block_context":{"text":"Not\u00edcias de Ribeir\u00e3o Preto-SP e Regi\u00e3o","link":"https:\/\/noticiasribeiraopreto.com.br\/index.php\/category\/noticias-de-ribeirao-preto-sp-e-regiao-ismael-colosi\/"},"img":{"alt_text":"","src":"https:\/\/i0.wp.com\/noticiasribeiraopreto.com.br\/wp-content\/uploads\/2025\/08\/POLICIA-CIVIL_2025-08-12_13-12-19.webp.webp?fit=1200%2C713&ssl=1&resize=350%2C200","width":350,"height":200,"srcset":"https:\/\/i0.wp.com\/noticiasribeiraopreto.com.br\/wp-content\/uploads\/2025\/08\/POLICIA-CIVIL_2025-08-12_13-12-19.webp.webp?fit=1200%2C713&ssl=1&resize=350%2C200 1x, https:\/\/i0.wp.com\/noticiasribeiraopreto.com.br\/wp-content\/uploads\/2025\/08\/POLICIA-CIVIL_2025-08-12_13-12-19.webp.webp?fit=1200%2C713&ssl=1&resize=525%2C300 1.5x, https:\/\/i0.wp.com\/noticiasribeiraopreto.com.br\/wp-content\/uploads\/2025\/08\/POLICIA-CIVIL_2025-08-12_13-12-19.webp.webp?fit=1200%2C713&ssl=1&resize=700%2C400 2x, https:\/\/i0.wp.com\/noticiasribeiraopreto.com.br\/wp-content\/uploads\/2025\/08\/POLICIA-CIVIL_2025-08-12_13-12-19.webp.webp?fit=1200%2C713&ssl=1&resize=1050%2C600 3x"},"classes":[]},{"id":3124,"url":"https:\/\/noticiasribeiraopreto.com.br\/index.php\/2022\/10\/06\/quadrilha-especializada-em-descaminho-e-presa-em-sao-paulo\/","url_meta":{"origin":85282,"position":2},"title":"Quadrilha especializada em descaminho \u00e9 presa em S\u00e3o Paulo","author":"noticiasribeiraopreto.com.br","date":"6 de October de 2022","format":false,"excerpt":"Pelo menos 20 pessoas foram presas durante uma opera\u00e7\u00e3o da Pol\u00edcia Federal (PF) em Ribeir\u00e3o Preto, no interior de S\u00e3o Paulo, que tinha o objetivo de desarticular financeiramente uma organiza\u00e7\u00e3o criminosa que praticava descaminho, crime relacionado ao n\u00e3o pagamento do imposto devido pela entrada, pela sa\u00edda ou pelo consumo de\u2026","rel":"","context":"In &quot;Not\u00edcias de Ribeir\u00e3o Preto-SP e Regi\u00e3o&quot;","block_context":{"text":"Not\u00edcias de Ribeir\u00e3o Preto-SP e Regi\u00e3o","link":"https:\/\/noticiasribeiraopreto.com.br\/index.php\/category\/noticias-de-ribeirao-preto-sp-e-regiao-ismael-colosi\/"},"img":{"alt_text":"","src":"https:\/\/i0.wp.com\/noticiasribeiraopreto.com.br\/wp-content\/uploads\/2023\/11\/FotoJet-50.jpg?fit=1200%2C800&ssl=1&resize=350%2C200","width":350,"height":200,"srcset":"https:\/\/i0.wp.com\/noticiasribeiraopreto.com.br\/wp-content\/uploads\/2023\/11\/FotoJet-50.jpg?fit=1200%2C800&ssl=1&resize=350%2C200 1x, https:\/\/i0.wp.com\/noticiasribeiraopreto.com.br\/wp-content\/uploads\/2023\/11\/FotoJet-50.jpg?fit=1200%2C800&ssl=1&resize=525%2C300 1.5x, https:\/\/i0.wp.com\/noticiasribeiraopreto.com.br\/wp-content\/uploads\/2023\/11\/FotoJet-50.jpg?fit=1200%2C800&ssl=1&resize=700%2C400 2x, https:\/\/i0.wp.com\/noticiasribeiraopreto.com.br\/wp-content\/uploads\/2023\/11\/FotoJet-50.jpg?fit=1200%2C800&ssl=1&resize=1050%2C600 3x"},"classes":[]},{"id":71506,"url":"https:\/\/noticiasribeiraopreto.com.br\/index.php\/2025\/06\/06\/mesmo-com-mais-de-20-agiotas-presos-em-franca-quadrilha-segue-com-ameacas-e-cobrancas\/","url_meta":{"origin":85282,"position":3},"title":"Mesmo com mais de 20 agiotas presos em Franca, quadrilha segue com amea\u00e7as e cobran\u00e7as","author":"noticiasribeiraopreto.com.br","date":"6 de June de 2025","format":false,"excerpt":"Empres\u00e1rios, familiares deles e at\u00e9 mesmo conhecidos de pessoas que recorreram a empr\u00e9stimos com agiotas que v\u00eam sendo investigados pelo Minist\u00e9rio P\u00fablico Estadual em Franca continuam sendo cobrados e ame\u00e7ados por uma quadrilha. O Gaeco (Grupo de Atua\u00e7\u00e3o Especial de Combate ao Crime Organizado) j\u00e1 conseguiu oferecer den\u00fancia para haver\u2026","rel":"","context":"In &quot;Not\u00edcias de Franca-SP&quot;","block_context":{"text":"Not\u00edcias de Franca-SP","link":"https:\/\/noticiasribeiraopreto.com.br\/index.php\/category\/noticias-de-ribeirao-preto-sp-e-regiao-ismael-colosi\/noticias-franca-sp\/"},"img":{"alt_text":"","src":"https:\/\/i0.wp.com\/noticiasribeiraopreto.com.br\/wp-content\/uploads\/2025\/06\/Fuzil-agiotas.jpg?fit=640%2C401&ssl=1&resize=350%2C200","width":350,"height":200,"srcset":"https:\/\/i0.wp.com\/noticiasribeiraopreto.com.br\/wp-content\/uploads\/2025\/06\/Fuzil-agiotas.jpg?fit=640%2C401&ssl=1&resize=350%2C200 1x, https:\/\/i0.wp.com\/noticiasribeiraopreto.com.br\/wp-content\/uploads\/2025\/06\/Fuzil-agiotas.jpg?fit=640%2C401&ssl=1&resize=525%2C300 1.5x"},"classes":[]},{"id":75703,"url":"https:\/\/noticiasribeiraopreto.com.br\/index.php\/2025\/08\/14\/quadrilha-faturava-milhoes-em-bar-de-ribeirao\/","url_meta":{"origin":85282,"position":4},"title":"Quadrilha faturava milh\u00f5es em bar de Ribeir\u00e3o","author":"noticiasribeiraopreto.com.br","date":"14 de August de 2025","format":false,"excerpt":"14 de agosto de 2025 07:4014 de agosto de 2025 06:200 Compartilhar0 Alfredo Risk e \u00a0Adalberto Luque\u00a0\u00a0Seis pessoas foram presas, na manh\u00e3 desta quarta-feira, 13 de agosto, no \u00e2mbito da Opera\u00e7\u00e3o Ribeir\u00e3o contra o Tr\u00e1fico. S\u00e3o investigadas por integrar uma grande organiza\u00e7\u00e3o criminosa movimenta milh\u00f5es de reais com o com\u00e9rcio\u2026","rel":"","context":"In &quot;Not\u00edcias de Ribeir\u00e3o Preto-SP e Regi\u00e3o&quot;","block_context":{"text":"Not\u00edcias de Ribeir\u00e3o Preto-SP e Regi\u00e3o","link":"https:\/\/noticiasribeiraopreto.com.br\/index.php\/category\/noticias-de-ribeirao-preto-sp-e-regiao-ismael-colosi\/"},"img":{"alt_text":"","src":"","width":0,"height":0},"classes":[]},{"id":77634,"url":"https:\/\/noticiasribeiraopreto.com.br\/index.php\/2025\/09\/23\/pf-e-gaeco-miram-quadrilha-de-ribeirao-preto-em-esquema-de-trafico-e-lavagem-de-dinheiro\/","url_meta":{"origin":85282,"position":5},"title":"PF e Gaeco miram quadrilha de Ribeir\u00e3o Preto em esquema de tr\u00e1fico e lavagem de dinheiro","author":"noticiasribeiraopreto.com.br","date":"23 de September de 2025","format":false,"excerpt":"A PF (Pol\u00edcia Federal) e o Gaeco (Grupo de Atua\u00e7\u00e3o Especial de Combate ao Crime Organizado) deflagraram nesta ter\u00e7a-feira (23), em Ribeir\u00e3o Preto, a 2\u00aa fase da opera\u00e7\u00e3o Arco Sul contra suspeitos de integrarem uma quadrilha de tr\u00e1fico de drogas e lavagem de dinheiro com atua\u00e7\u00e3o em tr\u00eas estados. A\u2026","rel":"","context":"In &quot;Not\u00edcias de Ribeir\u00e3o Preto-SP e Regi\u00e3o&quot;","block_context":{"text":"Not\u00edcias de Ribeir\u00e3o Preto-SP e Regi\u00e3o","link":"https:\/\/noticiasribeiraopreto.com.br\/index.php\/category\/noticias-de-ribeirao-preto-sp-e-regiao-ismael-colosi\/"},"img":{"alt_text":"","src":"https:\/\/i0.wp.com\/noticiasribeiraopreto.com.br\/wp-content\/uploads\/2025\/09\/WhatsApp-Image-2025-09-23-at-08.46.03_2025-09-23_11-53-22.webp.webp?fit=1200%2C675&ssl=1&resize=350%2C200","width":350,"height":200,"srcset":"https:\/\/i0.wp.com\/noticiasribeiraopreto.com.br\/wp-content\/uploads\/2025\/09\/WhatsApp-Image-2025-09-23-at-08.46.03_2025-09-23_11-53-22.webp.webp?fit=1200%2C675&ssl=1&resize=350%2C200 1x, https:\/\/i0.wp.com\/noticiasribeiraopreto.com.br\/wp-content\/uploads\/2025\/09\/WhatsApp-Image-2025-09-23-at-08.46.03_2025-09-23_11-53-22.webp.webp?fit=1200%2C675&ssl=1&resize=525%2C300 1.5x, https:\/\/i0.wp.com\/noticiasribeiraopreto.com.br\/wp-content\/uploads\/2025\/09\/WhatsApp-Image-2025-09-23-at-08.46.03_2025-09-23_11-53-22.webp.webp?fit=1200%2C675&ssl=1&resize=700%2C400 2x, https:\/\/i0.wp.com\/noticiasribeiraopreto.com.br\/wp-content\/uploads\/2025\/09\/WhatsApp-Image-2025-09-23-at-08.46.03_2025-09-23_11-53-22.webp.webp?fit=1200%2C675&ssl=1&resize=1050%2C600 3x"},"classes":[]}],"jetpack_sharing_enabled":true,"jetpack_shortlink":"https:\/\/wp.me\/peQAOb-mbw","_links":{"self":[{"href":"https:\/\/noticiasribeiraopreto.com.br\/index.php\/wp-json\/wp\/v2\/posts\/85282","targetHints":{"allow":["GET"]}}],"collection":[{"href":"https:\/\/noticiasribeiraopreto.com.br\/index.php\/wp-json\/wp\/v2\/posts"}],"about":[{"href":"https:\/\/noticiasribeiraopreto.com.br\/index.php\/wp-json\/wp\/v2\/types\/post"}],"author":[{"embeddable":true,"href":"https:\/\/noticiasribeiraopreto.com.br\/index.php\/wp-json\/wp\/v2\/users\/1"}],"replies":[{"embeddable":true,"href":"https:\/\/noticiasribeiraopreto.com.br\/index.php\/wp-json\/wp\/v2\/comments?post=85282"}],"version-history":[{"count":0,"href":"https:\/\/noticiasribeiraopreto.com.br\/index.php\/wp-json\/wp\/v2\/posts\/85282\/revisions"}],"wp:featuredmedia":[{"embeddable":true,"href":"https:\/\/noticiasribeiraopreto.com.br\/index.php\/wp-json\/wp\/v2\/media\/85283"}],"wp:attachment":[{"href":"https:\/\/noticiasribeiraopreto.com.br\/index.php\/wp-json\/wp\/v2\/media?parent=85282"}],"wp:term":[{"taxonomy":"category","embeddable":true,"href":"https:\/\/noticiasribeiraopreto.com.br\/index.php\/wp-json\/wp\/v2\/categories?post=85282"},{"taxonomy":"post_tag","embeddable":true,"href":"https:\/\/noticiasribeiraopreto.com.br\/index.php\/wp-json\/wp\/v2\/tags?post=85282"}],"curies":[{"name":"wp","href":"https:\/\/api.w.org\/{rel}","templated":true}]}}