{"id":85284,"date":"2026-04-28T06:07:29","date_gmt":"2026-04-28T09:07:29","guid":{"rendered":"https:\/\/noticiasribeiraopreto.com.br\/index.php\/2026\/04\/28\/onu-pede-livre-passagem-por-ormuz\/"},"modified":"2026-04-28T06:07:29","modified_gmt":"2026-04-28T09:07:29","slug":"onu-pede-livre-passagem-por-ormuz","status":"publish","type":"post","link":"https:\/\/noticiasribeiraopreto.com.br\/index.php\/2026\/04\/28\/onu-pede-livre-passagem-por-ormuz\/","title":{"rendered":"ONU pede livre passagem por Ormuz"},"content":{"rendered":"<div class='code-block code-block-1' style='margin: 8px 0 8px auto; text-align: right; display: block; clear: both;'>\n<p><a href=\"https:\/\/wa.link\/vpicfd\"><img data-recalc-dims=\"1\" class=\"wp-image-4922\" style=\"aspect-ratio: 2.0253164556962027; width: 561px; height: auto;\" src=\"https:\/\/i0.wp.com\/ismaelcolosi.com.br\/wp-content\/uploads\/2023\/11\/grupo-de-empregos-whatsapp-e-facebook-ismael-colosi-vagas.jpg?ssl=1\" alt=\"\" \/><\/a><\/p>\n<!-- \/wp:image -->\n<\/div>\n<p> <br \/>\n<\/p>\n<div>\n<p class=\"p1\"><i>Secret\u00e1rio-geral da ONU, Ant\u00f3nio Guterres pediu a desobstru\u00e7\u00e3o imediata da rota e defendeu a livre circula\u00e7\u00e3o de navios \u201csem ped\u00e1gios nem discrimina\u00e7\u00e3o\u201d<\/i><\/p>\n<p class=\"p1\">A Organiza\u00e7\u00e3o das Na\u00e7\u00f5es Unidas (ONU) alertou nesta segunda-feira, 27 de abril, para o agravamento da crise no Estreito de Ormuz \u2013 por onde passam 20% do petr\u00f3leo mundial \u2013, classificando a instabilidade na regi\u00e3o como amea\u00e7a \u00e0 seguran\u00e7a mar\u00edtima e \u00e0 economia global .<\/p>\n<p>Em reuni\u00e3o do Conselho de Seguran\u00e7a sobre prote\u00e7\u00e3o das hidrovias, o secret\u00e1rio-geral da ONU, Ant\u00f3nio Guterres, pediu a desobstru\u00e7\u00e3o imediata da rota e defendeu a livre circula\u00e7\u00e3o de navios \u201csem ped\u00e1gios nem discrimina\u00e7\u00e3o\u201d.<\/p>\n<p>Segundo Guterres, a reabertura da via \u00e9 essencial para a retomada do com\u00e9rcio e para que \u201ca economia global respire\u201d, al\u00e9m de evitar \u201cdesastres ambientais de grande escala\u201d. Ele tamb\u00e9m apelou por modera\u00e7\u00e3o, di\u00e1logo diplom\u00e1tico e respeito estrito ao direito internacional.<\/p>\n<p>A Organiza\u00e7\u00e3o Mar\u00edtima Internacional (OMI) anunciou a cria\u00e7\u00e3o de um novo protocolo de evacua\u00e7\u00e3o estrat\u00e9gica para retirar com seguran\u00e7a navios e tripula\u00e7\u00f5es de \u00e1reas de guerra. Segundo o secret\u00e1rio-geral da ag\u00eancia, Ars\u00e9nio Dominguez, o plano prev\u00ea o uso de corredores protegidos com base em esquemas de separa\u00e7\u00e3o de tr\u00e1fego j\u00e1 existentes e poder\u00e1 ser implementado imediatamente, desde que haja garantias m\u00ednimas de seguran\u00e7a.<\/p>\n<p>A elabora\u00e7\u00e3o da iniciativa contou com a participa\u00e7\u00e3o de pa\u00edses da regi\u00e3o, incluindo o Ir\u00e3. O pesquisador s\u00eanior do Instituto Internacional de Estudos Estrat\u00e9gicos (IISS), Nick Childs, destacou que 80% do com\u00e9rcio global, em volume, \u00e9 transportado por via mar\u00edtima e alertou que bloqueios em rotas cr\u00edticas como Ormuz podem gerar \u201condas de choque econ\u00f4micas\u201d que afetam bilh\u00f5es de pessoas.<\/p>\n<p>Segundo a OMI, cerca de 20 mil pessoas est\u00e3o retidas em duas mil embarca\u00e7\u00f5es no Golfo P\u00e9rsico em meio \u00e0 escalada geopol\u00edtica. A ag\u00eancia afirma que a paralisa\u00e7\u00e3o amea\u00e7a n\u00e3o apenas o fluxo financeiro global, mas tamb\u00e9m a seguran\u00e7a alimentar de diversos pa\u00edses.<br \/>O governo do Ir\u00e3 quer convencer Om\u00e3 a apoiar um mecanismo de cobran\u00e7a de ped\u00e1gio de embarca\u00e7\u00f5es que passam pelo Estreito de Ormuz, segundo uma autoridade que falou sob condi\u00e7\u00e3o de anonimato. Om\u00e3 n\u00e3o respondeu de forma clara ao pedido.<\/p>\n<p>O oficial, que tamb\u00e9m est\u00e1 envolvido em esfor\u00e7os de media\u00e7\u00e3o, disse tamb\u00e9m que o Ir\u00e3 insiste no fim do bloqueio aos portos do pa\u00eds, imposto pelos Estados Unidos, antes de uma nova rodada de negocia\u00e7\u00f5es. Mediadores liderados pelo Paquist\u00e3o seguem tentando costurar um acordo, segundo a mesma fonte.<\/p>\n<p>O secret\u00e1rio de Estado dos Estados Unidos, Marco Rubio, afirmou<span class=\"Apple-converted-space\">\u00a0 <\/span>que Washington n\u00e3o permitir\u00e1 que o Ir\u00e3 controle o Estreito de Ormuz, rota por onde passava cerca de 20% da oferta global de petr\u00f3leo antes do in\u00edcio da guerra na regi\u00e3o.<\/p>\n<p>Em entrevista \u00e0 Fox News, Rubio disse que \u201cn\u00e3o se pode normalizar\u201d um sistema em que Teer\u00e3 decida \u201cquem pode usar uma via naveg\u00e1vel internacional e quanto deve pagar para us\u00e1-la\u201d. A declara\u00e7\u00e3o refor\u00e7a a preocupa\u00e7\u00e3o do mercado com eventuais interrup\u00e7\u00f5es no fluxo de petr\u00f3leo pelo corredor estrat\u00e9gico.<\/p>\n<p>Apesar do tom duro, Rubio afirmou acreditar que o Ir\u00e3 est\u00e1 \u201cs\u00e9rio\u201d em tentar fechar um acordo com os EUA. Segundo ele, o pa\u00eds busca \u201csair da confus\u00e3o em que se meteu\u201d, em meio ao agravamento da infla\u00e7\u00e3o, seca persistente, dificuldades fiscais e san\u00e7\u00f5es econ\u00f4micas severas.<\/p>\n<p>Ataques israelenses continuaram no sul do L\u00edbano e no Vale do Bekaa, segundo relatos de fontes locais \u00e0 m\u00eddia iraniana e das pr\u00f3prias For\u00e7as de Defesa de Israel (IDF, na sigla em ingl\u00eas), apesar da entrada em vigor nesta segunda-feira de novo cessar-fogo, de tr\u00eas semanas, entre Israel e o grupo Hezbollah.<\/p>\n<p>Em comunicado, a IDF afirmou que \u201ccome\u00e7ou a atacar infraestruturas do Hezbollah no Vale do Bekaa e em \u00e1reas adicionais no sul do L\u00edbano\u201d. Ag\u00eancias regionais e canais alinhados ao Ir\u00e3 e aos Houthis relataram ofensivas com drones e artilharia em diferentes localidades do sul do pa\u00eds.<\/p>\n<\/div>\n<p><br \/>\n<br \/><a href=\"https:\/\/www.tribunaribeirao.com.br\/onu-pede-livre-passagem-por-ormuz\/\">Texto original daqui <\/a><\/p>\n<!-- CONTENT END 1 -->\n","protected":false},"excerpt":{"rendered":"<p>Secret\u00e1rio-geral da ONU, Ant\u00f3nio Guterres pediu a desobstru\u00e7\u00e3o imediata da rota e defendeu a livre circula\u00e7\u00e3o de navios \u201csem ped\u00e1gios nem discrimina\u00e7\u00e3o\u201d A Organiza\u00e7\u00e3o das&#8230;<\/p>\n","protected":false},"author":1,"featured_media":85285,"comment_status":"","ping_status":"","sticky":false,"template":"","format":"standard","meta":{"advanced_seo_description":"","jetpack_seo_html_title":"","jetpack_seo_noindex":false,"jetpack_post_was_ever_published":false,"_jetpack_newsletter_access":"","_jetpack_dont_email_post_to_subs":false,"_jetpack_newsletter_tier_id":0,"_jetpack_memberships_contains_paywalled_content":false,"_jetpack_memberships_contains_paid_content":false,"footnotes":"","jetpack_publicize_message":"","jetpack_publicize_feature_enabled":true,"jetpack_social_post_already_shared":true,"jetpack_social_options":{"image_generator_settings":{"template":"highway","default_image_id":0,"font":"","enabled":false},"version":2}},"categories":[11],"tags":[1595,6491,6492,3374,21,134],"class_list":["post-85284","post","type-post","status-publish","format-standard","has-post-thumbnail","hentry","category-noticias-de-ribeirao-preto-sp-e-regiao-ismael-colosi","tag-livre","tag-onu","tag-ormuz","tag-passagem","tag-pede","tag-por"],"jetpack_publicize_connections":[],"jetpack_featured_media_url":"https:\/\/i0.wp.com\/noticiasribeiraopreto.com.br\/wp-content\/uploads\/2026\/04\/BrasilIRA-Reuters-scaled.jpg?fit=1200%2C800&ssl=1","jetpack-related-posts":[{"id":38560,"url":"https:\/\/noticiasribeiraopreto.com.br\/index.php\/2024\/02\/20\/brasil-pede-que-corte-declare-ilegal-ocupacao-de-israel-na-palestina\/","url_meta":{"origin":85284,"position":0},"title":"Brasil pede que Corte declare ilegal ocupa\u00e7\u00e3o de Israel na Palestina","author":"noticiasribeiraopreto.com.br","date":"20 de February de 2024","format":false,"excerpt":"20 de fevereiro de 2024 | 15:45 0O Brasil pediu nesta ter\u00e7a-feira (20) \u00e0 Corte Internacional de Justi\u00e7a (CIJ), em Haia, nos Pa\u00edses Baixos, que declare como ilegal a ocupa\u00e7\u00e3o dos territ\u00f3rios palestinos por for\u00e7as militares de Israel. Para o Brasil, a ocupa\u00e7\u00e3o, que dura desde 1967, viola as leis\u2026","rel":"","context":"In &quot;Not\u00edcias de Ribeir\u00e3o Preto-SP e Regi\u00e3o&quot;","block_context":{"text":"Not\u00edcias de Ribeir\u00e3o Preto-SP e Regi\u00e3o","link":"https:\/\/noticiasribeiraopreto.com.br\/index.php\/category\/noticias-de-ribeirao-preto-sp-e-regiao-ismael-colosi\/"},"img":{"alt_text":"","src":"https:\/\/i0.wp.com\/noticiasribeiraopreto.com.br\/wp-content\/uploads\/2024\/02\/6f5ff53f-7b5a-424a-a29c-61c0f9cca1e9-1-scaled.jpg?fit=1000%2C598&ssl=1&resize=350%2C200","width":350,"height":200,"srcset":"https:\/\/i0.wp.com\/noticiasribeiraopreto.com.br\/wp-content\/uploads\/2024\/02\/6f5ff53f-7b5a-424a-a29c-61c0f9cca1e9-1-scaled.jpg?fit=1000%2C598&ssl=1&resize=350%2C200 1x, https:\/\/i0.wp.com\/noticiasribeiraopreto.com.br\/wp-content\/uploads\/2024\/02\/6f5ff53f-7b5a-424a-a29c-61c0f9cca1e9-1-scaled.jpg?fit=1000%2C598&ssl=1&resize=525%2C300 1.5x, https:\/\/i0.wp.com\/noticiasribeiraopreto.com.br\/wp-content\/uploads\/2024\/02\/6f5ff53f-7b5a-424a-a29c-61c0f9cca1e9-1-scaled.jpg?fit=1000%2C598&ssl=1&resize=700%2C400 2x"},"classes":[]},{"id":33192,"url":"https:\/\/noticiasribeiraopreto.com.br\/index.php\/2024\/01\/28\/vitoria-de-israel-o-escandalo-que-deixa-gaza-sem-ajuda-sem-cessar-fogo-e-fez-a-onu-apelar\/","url_meta":{"origin":85284,"position":1},"title":"Vit\u00f3ria de Israel? O esc\u00e2ndalo que deixa Gaza sem ajuda, sem cessar-fogo e fez a ONU apelar","author":"noticiasribeiraopreto.com.br","date":"28 de January de 2024","format":false,"excerpt":"Depois de muitas mortes e muita negocia\u00e7\u00e3o, a ajuda aos refugiados na Faixa de Gaza estava sendo entregue. Mais que isso: tamb\u00e9m estava sendo costurado um acordo para interromper os ataques entre o Hamas e Israel no enclave, mas tudo isso pode ir por \u00e1gua abaixo ap\u00f3s um esc\u00e2ndalo.\u00a0 V\u00e1rios\u2026","rel":"","context":"In &quot;Dinheiro e Investimento&quot;","block_context":{"text":"Dinheiro e Investimento","link":"https:\/\/noticiasribeiraopreto.com.br\/index.php\/category\/dinheiro-e-investimento-como-fazer-como-ganhar\/"},"img":{"alt_text":"","src":"https:\/\/i0.wp.com\/noticiasribeiraopreto.com.br\/wp-content\/uploads\/2024\/01\/1706459885_shutterstock_1042782061-628x353.jpg?fit=628%2C353&ssl=1&resize=350%2C200","width":350,"height":200,"srcset":"https:\/\/i0.wp.com\/noticiasribeiraopreto.com.br\/wp-content\/uploads\/2024\/01\/1706459885_shutterstock_1042782061-628x353.jpg?fit=628%2C353&ssl=1&resize=350%2C200 1x, https:\/\/i0.wp.com\/noticiasribeiraopreto.com.br\/wp-content\/uploads\/2024\/01\/1706459885_shutterstock_1042782061-628x353.jpg?fit=628%2C353&ssl=1&resize=525%2C300 1.5x"},"classes":[]},{"id":37579,"url":"https:\/\/noticiasribeiraopreto.com.br\/index.php\/2024\/02\/16\/lula-critica-corte-de-verba-humanitaria\/","url_meta":{"origin":85284,"position":2},"title":"Lula critica corte de verba humanit\u00e1ria","author":"noticiasribeiraopreto.com.br","date":"16 de February de 2024","format":false,"excerpt":"16 de fevereiro de 2024 | 17:0016 de fevereiro de 2024 | 8:46 0O presidente Luiz In\u00e1cio Lula da Silva classificou nesta quinta-feira, 15 de fevereiro, como \u201cdesumanidade\u201d e \u201ccovardia\u201d contra o povo palestino, a decis\u00e3o de \u201cpa\u00edses ricos\u201d, entre eles os Estados Unidos, de cortar as contribui\u00e7\u00f5es milion\u00e1rias \u00e0\u2026","rel":"","context":"In &quot;Not\u00edcias de Ribeir\u00e3o Preto-SP e Regi\u00e3o&quot;","block_context":{"text":"Not\u00edcias de Ribeir\u00e3o Preto-SP e Regi\u00e3o","link":"https:\/\/noticiasribeiraopreto.com.br\/index.php\/category\/noticias-de-ribeirao-preto-sp-e-regiao-ismael-colosi\/"},"img":{"alt_text":"","src":"https:\/\/i0.wp.com\/noticiasribeiraopreto.com.br\/wp-content\/uploads\/2024\/02\/Lula-Ricardo-Stuckert-PR-1-scaled.jpg?fit=1000%2C623&ssl=1&resize=350%2C200","width":350,"height":200,"srcset":"https:\/\/i0.wp.com\/noticiasribeiraopreto.com.br\/wp-content\/uploads\/2024\/02\/Lula-Ricardo-Stuckert-PR-1-scaled.jpg?fit=1000%2C623&ssl=1&resize=350%2C200 1x, https:\/\/i0.wp.com\/noticiasribeiraopreto.com.br\/wp-content\/uploads\/2024\/02\/Lula-Ricardo-Stuckert-PR-1-scaled.jpg?fit=1000%2C623&ssl=1&resize=525%2C300 1.5x, https:\/\/i0.wp.com\/noticiasribeiraopreto.com.br\/wp-content\/uploads\/2024\/02\/Lula-Ricardo-Stuckert-PR-1-scaled.jpg?fit=1000%2C623&ssl=1&resize=700%2C400 2x"},"classes":[]},{"id":77576,"url":"https:\/\/noticiasribeiraopreto.com.br\/index.php\/2025\/09\/22\/lula-se-reune-com-lideres-globais-nos-eua-palestina-e-principal-tema\/","url_meta":{"origin":85284,"position":3},"title":"Lula se re\u00fane com l\u00edderes globais nos EUA; Palestina \u00e9 principal tema","author":"noticiasribeiraopreto.com.br","date":"22 de September de 2025","format":false,"excerpt":"Encontro foi convocado pela Fran\u00e7a e Ar\u00e1bia Saudita O presidente Luiz In\u00e1cio Lula da Silva e outros l\u00edderes globais se re\u00fanem nesta segunda-feira (22) na sede da Organiza\u00e7\u00e3o das Na\u00e7\u00f5es Unidas (ONU), em Nova York, para discutir a situa\u00e7\u00e3o da Palestina. A Confer\u00eancia Internacional de Alto N\u00edvel para a Solu\u00e7\u00e3o\u2026","rel":"","context":"In &quot;Not\u00edcias de Ribeir\u00e3o Preto-SP e Regi\u00e3o&quot;","block_context":{"text":"Not\u00edcias de Ribeir\u00e3o Preto-SP e Regi\u00e3o","link":"https:\/\/noticiasribeiraopreto.com.br\/index.php\/category\/noticias-de-ribeirao-preto-sp-e-regiao-ismael-colosi\/"},"img":{"alt_text":"","src":"https:\/\/i0.wp.com\/noticiasribeiraopreto.com.br\/wp-content\/uploads\/2025\/09\/Onu.webp.webp?fit=1170%2C700&ssl=1&resize=350%2C200","width":350,"height":200,"srcset":"https:\/\/i0.wp.com\/noticiasribeiraopreto.com.br\/wp-content\/uploads\/2025\/09\/Onu.webp.webp?fit=1170%2C700&ssl=1&resize=350%2C200 1x, https:\/\/i0.wp.com\/noticiasribeiraopreto.com.br\/wp-content\/uploads\/2025\/09\/Onu.webp.webp?fit=1170%2C700&ssl=1&resize=525%2C300 1.5x, https:\/\/i0.wp.com\/noticiasribeiraopreto.com.br\/wp-content\/uploads\/2025\/09\/Onu.webp.webp?fit=1170%2C700&ssl=1&resize=700%2C400 2x, https:\/\/i0.wp.com\/noticiasribeiraopreto.com.br\/wp-content\/uploads\/2025\/09\/Onu.webp.webp?fit=1170%2C700&ssl=1&resize=1050%2C600 3x"},"classes":[]},{"id":33081,"url":"https:\/\/noticiasribeiraopreto.com.br\/index.php\/2024\/01\/27\/ouviu-netanyahu-o-pedido-do-brasil-para-israel-apos-a-ordem-do-mais-alto-tribunal-da-onu\/","url_meta":{"origin":85284,"position":4},"title":"Ouviu, Netanyahu? O pedido do Brasil para Israel ap\u00f3s a ordem do mais alto tribunal da ONU","author":"noticiasribeiraopreto.com.br","date":"27 de January de 2024","format":false,"excerpt":"O Brasil sempre foi conhecido no cen\u00e1rio internacional como uma na\u00e7\u00e3o pacifista e intermediadora de conflitos pelo mundo \u2014 e com a guerra entre Israel e o Hamas n\u00e3o est\u00e1 sendo diferente.\u00a0 Em nome do fim do conflito que j\u00e1 matou milhares de pessoas dos dois lados, o Minist\u00e9rio das\u2026","rel":"","context":"In &quot;Dinheiro e Investimento&quot;","block_context":{"text":"Dinheiro e Investimento","link":"https:\/\/noticiasribeiraopreto.com.br\/index.php\/category\/dinheiro-e-investimento-como-fazer-como-ganhar\/"},"img":{"alt_text":"","src":"https:\/\/i0.wp.com\/noticiasribeiraopreto.com.br\/wp-content\/uploads\/2024\/01\/Israel-Brasil-715x402.jpg?fit=715%2C402&ssl=1&resize=350%2C200","width":350,"height":200,"srcset":"https:\/\/i0.wp.com\/noticiasribeiraopreto.com.br\/wp-content\/uploads\/2024\/01\/Israel-Brasil-715x402.jpg?fit=715%2C402&ssl=1&resize=350%2C200 1x, https:\/\/i0.wp.com\/noticiasribeiraopreto.com.br\/wp-content\/uploads\/2024\/01\/Israel-Brasil-715x402.jpg?fit=715%2C402&ssl=1&resize=525%2C300 1.5x, https:\/\/i0.wp.com\/noticiasribeiraopreto.com.br\/wp-content\/uploads\/2024\/01\/Israel-Brasil-715x402.jpg?fit=715%2C402&ssl=1&resize=700%2C400 2x"},"classes":[]},{"id":7308,"url":"https:\/\/noticiasribeiraopreto.com.br\/index.php\/2023\/11\/27\/maior-navio-da-temporada-msc-grandiosa-faz-sua-estreia-no-brasil\/","url_meta":{"origin":85284,"position":5},"title":"Maior navio da temporada, MSC Grandiosa faz sua estreia no Brasil","author":"noticiasribeiraopreto.com.br","date":"27 de November de 2023","format":false,"excerpt":"Maior navio de passageiros a navegar em \u00e1guas brasileiras, o MSC Grandiosa fez sua viagem inaugural na temporada brasileira de cruzeiros 2023\/2024 neste domingo, 26. Durante sua temporada pelo Brasil, o MSC Grandiosa far\u00e1 roteiros de 6 e 7 noites, com embarques em Santos e escalas alternadas em B\u00fazios, Ilha\u2026","rel":"","context":"In &quot;Variedades&quot;","block_context":{"text":"Variedades","link":"https:\/\/noticiasribeiraopreto.com.br\/index.php\/category\/variedades\/"},"img":{"alt_text":"","src":"https:\/\/i0.wp.com\/noticiasribeiraopreto.com.br\/wp-content\/uploads\/2023\/11\/msc-grandiosa-promenade1-scaled.jpg?fit=1200%2C638&ssl=1&resize=350%2C200","width":350,"height":200,"srcset":"https:\/\/i0.wp.com\/noticiasribeiraopreto.com.br\/wp-content\/uploads\/2023\/11\/msc-grandiosa-promenade1-scaled.jpg?fit=1200%2C638&ssl=1&resize=350%2C200 1x, https:\/\/i0.wp.com\/noticiasribeiraopreto.com.br\/wp-content\/uploads\/2023\/11\/msc-grandiosa-promenade1-scaled.jpg?fit=1200%2C638&ssl=1&resize=525%2C300 1.5x, https:\/\/i0.wp.com\/noticiasribeiraopreto.com.br\/wp-content\/uploads\/2023\/11\/msc-grandiosa-promenade1-scaled.jpg?fit=1200%2C638&ssl=1&resize=700%2C400 2x, https:\/\/i0.wp.com\/noticiasribeiraopreto.com.br\/wp-content\/uploads\/2023\/11\/msc-grandiosa-promenade1-scaled.jpg?fit=1200%2C638&ssl=1&resize=1050%2C600 3x"},"classes":[]}],"jetpack_sharing_enabled":true,"jetpack_shortlink":"https:\/\/wp.me\/peQAOb-mby","_links":{"self":[{"href":"https:\/\/noticiasribeiraopreto.com.br\/index.php\/wp-json\/wp\/v2\/posts\/85284","targetHints":{"allow":["GET"]}}],"collection":[{"href":"https:\/\/noticiasribeiraopreto.com.br\/index.php\/wp-json\/wp\/v2\/posts"}],"about":[{"href":"https:\/\/noticiasribeiraopreto.com.br\/index.php\/wp-json\/wp\/v2\/types\/post"}],"author":[{"embeddable":true,"href":"https:\/\/noticiasribeiraopreto.com.br\/index.php\/wp-json\/wp\/v2\/users\/1"}],"replies":[{"embeddable":true,"href":"https:\/\/noticiasribeiraopreto.com.br\/index.php\/wp-json\/wp\/v2\/comments?post=85284"}],"version-history":[{"count":0,"href":"https:\/\/noticiasribeiraopreto.com.br\/index.php\/wp-json\/wp\/v2\/posts\/85284\/revisions"}],"wp:featuredmedia":[{"embeddable":true,"href":"https:\/\/noticiasribeiraopreto.com.br\/index.php\/wp-json\/wp\/v2\/media\/85285"}],"wp:attachment":[{"href":"https:\/\/noticiasribeiraopreto.com.br\/index.php\/wp-json\/wp\/v2\/media?parent=85284"}],"wp:term":[{"taxonomy":"category","embeddable":true,"href":"https:\/\/noticiasribeiraopreto.com.br\/index.php\/wp-json\/wp\/v2\/categories?post=85284"},{"taxonomy":"post_tag","embeddable":true,"href":"https:\/\/noticiasribeiraopreto.com.br\/index.php\/wp-json\/wp\/v2\/tags?post=85284"}],"curies":[{"name":"wp","href":"https:\/\/api.w.org\/{rel}","templated":true}]}}