{"id":85286,"date":"2026-04-28T07:26:12","date_gmt":"2026-04-28T10:26:12","guid":{"rendered":"https:\/\/noticiasribeiraopreto.com.br\/index.php\/2026\/04\/28\/inquerito-investiga-visita-a-escola\/"},"modified":"2026-04-28T07:26:12","modified_gmt":"2026-04-28T10:26:12","slug":"inquerito-investiga-visita-a-escola","status":"publish","type":"post","link":"https:\/\/noticiasribeiraopreto.com.br\/index.php\/2026\/04\/28\/inquerito-investiga-visita-a-escola\/","title":{"rendered":"Inqu\u00e9rito investiga visita a escola"},"content":{"rendered":"<div class='code-block code-block-1' style='margin: 8px 0 8px auto; text-align: right; display: block; clear: both;'>\n<p><a href=\"https:\/\/wa.link\/vpicfd\"><img data-recalc-dims=\"1\" class=\"wp-image-4922\" style=\"aspect-ratio: 2.0253164556962027; width: 561px; height: auto;\" src=\"https:\/\/i0.wp.com\/ismaelcolosi.com.br\/wp-content\/uploads\/2023\/11\/grupo-de-empregos-whatsapp-e-facebook-ismael-colosi-vagas.jpg?ssl=1\" alt=\"\" \/><\/a><\/p>\n<!-- \/wp:image -->\n<\/div>\n<p> <br \/>\n<\/p>\n<div>\n<p class=\"p1\"><i>Promotor solicitou informa\u00e7\u00f5es \u00e0 Secretaria Municipal de Educa\u00e7\u00e3o e \u00e0 dire\u00e7\u00e3o da escola ap\u00f3s visitas de vereador e ex-suplente<\/i><\/p>\n<p class=\"p1\">O Minist\u00e9rio P\u00fablico de S\u00e3o Paulo, por interm\u00e9dio do promotor Moacir Tonani Junior, instaurou inqu\u00e9rito civil para apurar eventuais fatos ocorridos na Escola Municipal de Ensino Fundamental (Emef) Professor An\u00edsio Teixeira, no bairro Jardim Iguatemi, Zona Leste de Ribeir\u00e3o Preto.<\/p>\n<p>O procedimento foi instaurado em 22 de abril e o promotor determinou como primeiras provid\u00eancias a solicita\u00e7\u00e3o de informa\u00e7\u00f5es \u00e0 Secretaria Municipal de Educa\u00e7\u00e3o e \u00e0 dire\u00e7\u00e3o da escola, al\u00e9m da comunica\u00e7\u00e3o a \u00f3rg\u00e3os de prote\u00e7\u00e3o e a requisi\u00e7\u00e3o de esclarecimentos para todos os envolvidos.<\/p>\n<p>O objetivo do inqu\u00e9rito \u00e9 verificar se houve eventual irregularidade e se os direitos dos alunos \u2013 crian\u00e7as e adolescentes \u2013 foram plenamente respeitados, especialmente no que diz respeito \u00e0 dignidade, \u00e0 conviv\u00eancia e \u00e0 n\u00e3o discrimina\u00e7\u00e3o no ambiente escolar.<\/p>\n<p>No dia 26 de mar\u00e7o, o vereador Isaac Antunes (PL) visitou a escola municipal. Na ocasi\u00e3o, afirmou que foi a unidade ap\u00f3s receber den\u00fancias de pais sobre atividades realizadas no local. Durante a vistoria, registrou v\u00eddeo de estudantes em hor\u00e1rio fora do per\u00edodo regular de aulas.<\/p>\n<p>Segundo Antunes, estavam na escola sem acompanhamento pedag\u00f3gico, supervis\u00e3o educacional ou orienta\u00e7\u00e3o de profissionais respons\u00e1veis, enquanto produziam cartazes e materiais ligados \u00e0 pauta de identidade de g\u00eanero e sexualidade. Em 8 de abril, a C\u00e2mara negou pedido de abertura de processo de investiga\u00e7\u00e3o contra Isaac Antunes.<\/p>\n<p>A solicita\u00e7\u00e3o foi apresentada pela deputada estadual Paula Nunes dos Santos, da Bancada Feminista do PSOL, em conjunto com as tamb\u00e9m deputadas Carolina Iara Ramos de Oliveira, Simone Ferreira Nascimento, Mariana Alves de Souza e Sirlene Sales Maciel, al\u00e9m do deputado estadual Guilherme Cortez, todos com atua\u00e7\u00e3o na Assembleia Legislativa de S\u00e3o Paulo.<\/p>\n<p>No documento, pediam a instaura\u00e7\u00e3o de procedimento por quebra de decoro parlamentar e apontavam supostas irregularidades na atua\u00e7\u00e3o do vereador durante visita a uma escola da rede municipal. O vereador afirmou ter recebido den\u00fancias de pais sobre atividades realizadas na unidade.<\/p>\n<p>Durante a visita, ele registrou em v\u00eddeo alunos entre 13 e 14 anos participando de atividades sobre g\u00eanero no contra turno escolar. Segundo o parlamentar, os estudantes tamb\u00e9m teriam indicado que permaneceram na escola sem que os respons\u00e1veis tivessem conhecimento pr\u00e9vio.<span class=\"Apple-converted-space\">\u00a0 <\/span><\/p>\n<p>O epis\u00f3dio ocorreu em meio a debates recentes sobre o conte\u00fado do Plano Municipal de Educa\u00e7\u00e3o, que teve trechos relacionados a g\u00eanero e sexualidade retirados ap\u00f3s vota\u00e7\u00e3o contr\u00e1ria aos conte\u00fados pelo Legislativo municipal.<\/p>\n<p>O comerciante e influenciar Hagara Espresola Ramos, o Hagara do P\u00e3o de Queijo, tamb\u00e9m foi a mesma escola e fez filmagens em que questionava a diretora e a Secretaria Municipal de Educa\u00e7\u00e3o pelo o uso do banheiro feminino por uma aluna transg\u00eanero.<\/p>\n<p>No dia 8 de abril, a Justi\u00e7a de Ribeir\u00e3o Preto proibiu, por meio de medida liminar, o comerciante e influenciar Hagara Espresola Ramos de ingressar em escolas municipais sem autoriza\u00e7\u00e3o pr\u00e9via da prefeitura.<\/p>\n<p>A proibi\u00e7\u00e3o foi estabelecida pelo juiz Paulo C\u00e9sar Gentile, da Vara da Inf\u00e2ncia e Juventude, em a\u00e7\u00e3o civil p\u00fablica movida pela Procuradoria Geral do Munic\u00edpio (PGM) ap\u00f3s ele ter entrado na unidade escolar e ter feito filmagens questionando o uso do banheiro feminino por uma aluna transg\u00eanero.<\/p>\n<p>No v\u00eddeo, questiona a diretora da unidade por deixar que uma aluna transg\u00eanero utilizasse o banheiro feminino. A a\u00e7\u00e3o corre em segredo de Justi\u00e7a. Em caso de descumprimento, o magistrado fixou multa \u00e9 de R$ 500 por dia, valor que ser\u00e1 revertido ao Conselho Municipal dos Direitos da Crian\u00e7a e do Adolescente.<\/p>\n<p>No dia 23 de mar\u00e7o, a organiza\u00e7\u00e3o n\u00e3o governamental Arco Iris tamb\u00e9m protocolou no Minist\u00e9rio P\u00fablico den\u00fancia de transfobia contra Hagara P\u00e3o de Queijo. Na ocasi\u00e3o, procurado pela reportagem, afirmou que n\u00e3o cometeu transfobia e que foi at\u00e9 a escola cobrar direitos dos outros alunos.<\/p>\n<p>Segundo ele, o uso do banheiro pela aluna foi estabelecido por uma Resolu\u00e7\u00e3o da Secretaria Municipal de Educa\u00e7\u00e3o. Entretanto, ele afirma que uma Resolu\u00e7\u00e3o n\u00e3o teria poder de lei, e por isso, a escola deveria construir um banheiro misto ou um individual para o uso de alunos trans.<\/p>\n<p class=\"p1\">Na \u00e9poca, a Secretaria Municipal de Educa\u00e7\u00e3o respondeu, por meio de nota, que a unidade escolar estava seguindo a legisla\u00e7\u00e3o e as diretrizes educacionais vigentes. Refor\u00e7a que a garantia de acesso e perman\u00eancia na escola \u00e9 assegurada a todos os estudantes, independentemente de sua identidade de g\u00eanero.<\/p>\n<p>Esclareceu ainda que, conforme as diretrizes vigentes, em especial a Resolu\u00e7\u00e3o do Conselho Nacional dos Direitos das Pessoas L\u00e9sbicas, Gays, Bissexuais, Travestis, Trans, Queers e Intersexos n\u00ba 01\/2023, artigo 6\u00ba, a exist\u00eancia de banheiros de uso individual e independente de g\u00eanero \u00e9 uma possibilidade, e n\u00e3o uma obriga\u00e7\u00e3o.<\/p>\n<\/div>\n<p><br \/>\n<br \/><a href=\"https:\/\/www.tribunaribeirao.com.br\/inquerito-investiga-visita-a-escola\/\">Texto original daqui <\/a><\/p>\n<!-- CONTENT END 1 -->\n","protected":false},"excerpt":{"rendered":"<p>Promotor solicitou informa\u00e7\u00f5es \u00e0 Secretaria Municipal de Educa\u00e7\u00e3o e \u00e0 dire\u00e7\u00e3o da escola ap\u00f3s visitas de vereador e ex-suplente O Minist\u00e9rio P\u00fablico de S\u00e3o Paulo,&#8230;<\/p>\n","protected":false},"author":1,"featured_media":85287,"comment_status":"","ping_status":"","sticky":false,"template":"","format":"standard","meta":{"advanced_seo_description":"","jetpack_seo_html_title":"","jetpack_seo_noindex":false,"jetpack_post_was_ever_published":false,"_jetpack_newsletter_access":"","_jetpack_dont_email_post_to_subs":false,"_jetpack_newsletter_tier_id":0,"_jetpack_memberships_contains_paywalled_content":false,"_jetpack_memberships_contains_paid_content":false,"footnotes":"","jetpack_publicize_message":"","jetpack_publicize_feature_enabled":true,"jetpack_social_post_already_shared":true,"jetpack_social_options":{"image_generator_settings":{"template":"highway","default_image_id":0,"font":"","enabled":false},"version":2}},"categories":[11],"tags":[1898,4333,1231,473],"class_list":["post-85286","post","type-post","status-publish","format-standard","has-post-thumbnail","hentry","category-noticias-de-ribeirao-preto-sp-e-regiao-ismael-colosi","tag-escola","tag-inquerito","tag-investiga","tag-visita"],"jetpack_publicize_connections":[],"jetpack_featured_media_url":"https:\/\/i0.wp.com\/noticiasribeiraopreto.com.br\/wp-content\/uploads\/2026\/04\/AnisioMP-Alfredo-Risk-Arquivo-scaled.jpg?fit=1200%2C800&ssl=1","jetpack-related-posts":[{"id":79304,"url":"https:\/\/noticiasribeiraopreto.com.br\/index.php\/2025\/10\/29\/mp-investiga-denuncia-de-racismo\/","url_meta":{"origin":85286,"position":0},"title":"MP investiga denuncia de racismo","author":"noticiasribeiraopreto.com.br","date":"29 de October de 2025","format":false,"excerpt":"Promotoria da Educa\u00e7\u00e3o quer saber se a pr\u00e1tica contra uma aluna de tr\u00eas anos de idade foi algo isolado; tamb\u00e9m cobra quais projetos s\u00e3o desenvolvidos na rede municipal\u2028\u2028 O promotor Naul Felca, do Grupo de Atua\u00e7\u00e3o Especial de Educa\u00e7\u00e3o (Geduc) do Minist\u00e9rio P\u00fablico de S\u00e3o Paulo (MPSP) em Ribeir\u00e3o Preto,\u2026","rel":"","context":"In &quot;Not\u00edcias de Ribeir\u00e3o Preto-SP e Regi\u00e3o&quot;","block_context":{"text":"Not\u00edcias de Ribeir\u00e3o Preto-SP e Regi\u00e3o","link":"https:\/\/noticiasribeiraopreto.com.br\/index.php\/category\/noticias-de-ribeirao-preto-sp-e-regiao-ismael-colosi\/"},"img":{"alt_text":"","src":"https:\/\/i0.wp.com\/noticiasribeiraopreto.com.br\/wp-content\/uploads\/2025\/10\/Racismo-Google-Street-View.jpg?fit=1062%2C627&ssl=1&resize=350%2C200","width":350,"height":200,"srcset":"https:\/\/i0.wp.com\/noticiasribeiraopreto.com.br\/wp-content\/uploads\/2025\/10\/Racismo-Google-Street-View.jpg?fit=1062%2C627&ssl=1&resize=350%2C200 1x, https:\/\/i0.wp.com\/noticiasribeiraopreto.com.br\/wp-content\/uploads\/2025\/10\/Racismo-Google-Street-View.jpg?fit=1062%2C627&ssl=1&resize=525%2C300 1.5x, https:\/\/i0.wp.com\/noticiasribeiraopreto.com.br\/wp-content\/uploads\/2025\/10\/Racismo-Google-Street-View.jpg?fit=1062%2C627&ssl=1&resize=700%2C400 2x, https:\/\/i0.wp.com\/noticiasribeiraopreto.com.br\/wp-content\/uploads\/2025\/10\/Racismo-Google-Street-View.jpg?fit=1062%2C627&ssl=1&resize=1050%2C600 3x"},"classes":[]},{"id":43909,"url":"https:\/\/noticiasribeiraopreto.com.br\/index.php\/2024\/03\/24\/mp-investiga-esconde-esconde-de-informacoes-da-camara-de-ribeirao\/","url_meta":{"origin":85286,"position":1},"title":"MP investiga \u2018esconde-esconde\u2019 de informa\u00e7\u00f5es da C\u00e2mara de Ribeir\u00e3o","author":"noticiasribeiraopreto.com.br","date":"24 de March de 2024","format":false,"excerpt":"O MP-SP (Minist\u00e9rio P\u00fablico de S\u00e3o Paulo) abriu um Inqu\u00e9rito Civil para investigar o descumprimento da Lei de Acesso \u00e0 informa\u00e7\u00e3o pela C\u00e2mara Municipal de Ribeir\u00e3o Preto. A investiga\u00e7\u00e3o \u00e9 do promotor Sebasti\u00e3o S\u00e9rgio da Silveira. A apura\u00e7\u00e3o teve in\u00edcio ap\u00f3s reportagens do acidade on Ribeir\u00e3o em 2023 que apontam\u2026","rel":"","context":"In &quot;Not\u00edcias de Ribeir\u00e3o Preto-SP e Regi\u00e3o&quot;","block_context":{"text":"Not\u00edcias de Ribeir\u00e3o Preto-SP e Regi\u00e3o","link":"https:\/\/noticiasribeiraopreto.com.br\/index.php\/category\/noticias-de-ribeirao-preto-sp-e-regiao-ismael-colosi\/"},"img":{"alt_text":"","src":"https:\/\/i0.wp.com\/noticiasribeiraopreto.com.br\/wp-content\/uploads\/2024\/03\/camara_municipal_1024x576_11012021150646.jpg?fit=1024%2C576&ssl=1&resize=350%2C200","width":350,"height":200,"srcset":"https:\/\/i0.wp.com\/noticiasribeiraopreto.com.br\/wp-content\/uploads\/2024\/03\/camara_municipal_1024x576_11012021150646.jpg?fit=1024%2C576&ssl=1&resize=350%2C200 1x, https:\/\/i0.wp.com\/noticiasribeiraopreto.com.br\/wp-content\/uploads\/2024\/03\/camara_municipal_1024x576_11012021150646.jpg?fit=1024%2C576&ssl=1&resize=525%2C300 1.5x, https:\/\/i0.wp.com\/noticiasribeiraopreto.com.br\/wp-content\/uploads\/2024\/03\/camara_municipal_1024x576_11012021150646.jpg?fit=1024%2C576&ssl=1&resize=700%2C400 2x"},"classes":[]},{"id":73915,"url":"https:\/\/noticiasribeiraopreto.com.br\/index.php\/2025\/07\/12\/morte-de-aluno-gera-condenacao\/","url_meta":{"origin":85286,"position":2},"title":"Morte de aluno gera condena\u00e7\u00e3o","author":"noticiasribeiraopreto.com.br","date":"12 de July de 2025","format":false,"excerpt":"O Grupo de Atua\u00e7\u00e3o Especial da Educa\u00e7\u00e3o (Geduc) obteve, em 3 de julho, a condena\u00e7\u00e3o da prefeitura de Ribeir\u00e3o Preto ao pagamento de indeniza\u00e7\u00e3o por danos morais difusos no valor de R$ 400 mil em decorr\u00eancia da morte de um aluno nas depend\u00eancias de uma escola municipal. A senten\u00e7a \u00e9\u2026","rel":"","context":"In &quot;Not\u00edcias de Ribeir\u00e3o Preto-SP e Regi\u00e3o&quot;","block_context":{"text":"Not\u00edcias de Ribeir\u00e3o Preto-SP e Regi\u00e3o","link":"https:\/\/noticiasribeiraopreto.com.br\/index.php\/category\/noticias-de-ribeirao-preto-sp-e-regiao-ismael-colosi\/"},"img":{"alt_text":"","src":"https:\/\/i0.wp.com\/noticiasribeiraopreto.com.br\/wp-content\/uploads\/2025\/07\/MorteCPI-Detalhe-Reproducao-scaled.jpg?fit=800%2C446&ssl=1&resize=350%2C200","width":350,"height":200,"srcset":"https:\/\/i0.wp.com\/noticiasribeiraopreto.com.br\/wp-content\/uploads\/2025\/07\/MorteCPI-Detalhe-Reproducao-scaled.jpg?fit=800%2C446&ssl=1&resize=350%2C200 1x, https:\/\/i0.wp.com\/noticiasribeiraopreto.com.br\/wp-content\/uploads\/2025\/07\/MorteCPI-Detalhe-Reproducao-scaled.jpg?fit=800%2C446&ssl=1&resize=525%2C300 1.5x, https:\/\/i0.wp.com\/noticiasribeiraopreto.com.br\/wp-content\/uploads\/2025\/07\/MorteCPI-Detalhe-Reproducao-scaled.jpg?fit=800%2C446&ssl=1&resize=700%2C400 2x"},"classes":[]},{"id":76785,"url":"https:\/\/noticiasribeiraopreto.com.br\/index.php\/2025\/09\/05\/vice-diretor-de-escola-e-investigado-por-estupro-na-regiao\/","url_meta":{"origin":85286,"position":3},"title":"Vice-diretor de escola \u00e9 investigado por estupro na regi\u00e3o","author":"noticiasribeiraopreto.com.br","date":"5 de September de 2025","format":false,"excerpt":"Suspeito foi afastado do cargo e investiga\u00e7\u00f5es est\u00e3o a cargo da DDM da cidade 5 de setembro de 2025 08:476 Compartilhar1 Por: Adalberto Luque O vice-diretor de uma escola municipal foi denunciado por estupro. A escola fica em Barretos, cidade distante 130 km de Ribeir\u00e3o Preto. Segundo informa\u00e7\u00f5es, do aluno,\u2026","rel":"","context":"In &quot;Not\u00edcias de Ribeir\u00e3o Preto-SP e Regi\u00e3o&quot;","block_context":{"text":"Not\u00edcias de Ribeir\u00e3o Preto-SP e Regi\u00e3o","link":"https:\/\/noticiasribeiraopreto.com.br\/index.php\/category\/noticias-de-ribeirao-preto-sp-e-regiao-ismael-colosi\/"},"img":{"alt_text":"","src":"https:\/\/i0.wp.com\/noticiasribeiraopreto.com.br\/wp-content\/uploads\/2025\/09\/05-set-2025-estuproescola.jpg?fit=1024%2C679&ssl=1&resize=350%2C200","width":350,"height":200,"srcset":"https:\/\/i0.wp.com\/noticiasribeiraopreto.com.br\/wp-content\/uploads\/2025\/09\/05-set-2025-estuproescola.jpg?fit=1024%2C679&ssl=1&resize=350%2C200 1x, https:\/\/i0.wp.com\/noticiasribeiraopreto.com.br\/wp-content\/uploads\/2025\/09\/05-set-2025-estuproescola.jpg?fit=1024%2C679&ssl=1&resize=525%2C300 1.5x, https:\/\/i0.wp.com\/noticiasribeiraopreto.com.br\/wp-content\/uploads\/2025\/09\/05-set-2025-estuproescola.jpg?fit=1024%2C679&ssl=1&resize=700%2C400 2x"},"classes":[]},{"id":29194,"url":"https:\/\/noticiasribeiraopreto.com.br\/index.php\/2024\/01\/17\/camara-agenda-visitas-guiadas\/","url_meta":{"origin":85286,"position":4},"title":"C\u00e2mara agenda visitas guiadas\u00a0 &#8211; Jornal Tribuna Ribeir\u00e3o","author":"noticiasribeiraopreto.com.br","date":"17 de January de 2024","format":false,"excerpt":"17 de janeiro de 2024 | 17:0017 de janeiro de 2024 | 10:18 0A C\u00e2mara de Vereadores de Ribeir\u00e3o Preto abriu o per\u00edodo de agendamento para escolas p\u00fablicas e particulares interessadas em participar de visitas guiadas ao Legislativo por meio do Programa C\u00e2mara na Escola, criado h\u00e1 15 anos.\u00a0\u00a0O programa\u2026","rel":"","context":"In &quot;Not\u00edcias de Ribeir\u00e3o Preto-SP e Regi\u00e3o&quot;","block_context":{"text":"Not\u00edcias de Ribeir\u00e3o Preto-SP e Regi\u00e3o","link":"https:\/\/noticiasribeiraopreto.com.br\/index.php\/category\/noticias-de-ribeirao-preto-sp-e-regiao-ismael-colosi\/"},"img":{"alt_text":"","src":"https:\/\/i0.wp.com\/noticiasribeiraopreto.com.br\/wp-content\/uploads\/2024\/01\/Camara-Silvia-Morais-scaled.jpg?fit=1000%2C565&ssl=1&resize=350%2C200","width":350,"height":200,"srcset":"https:\/\/i0.wp.com\/noticiasribeiraopreto.com.br\/wp-content\/uploads\/2024\/01\/Camara-Silvia-Morais-scaled.jpg?fit=1000%2C565&ssl=1&resize=350%2C200 1x, https:\/\/i0.wp.com\/noticiasribeiraopreto.com.br\/wp-content\/uploads\/2024\/01\/Camara-Silvia-Morais-scaled.jpg?fit=1000%2C565&ssl=1&resize=525%2C300 1.5x, https:\/\/i0.wp.com\/noticiasribeiraopreto.com.br\/wp-content\/uploads\/2024\/01\/Camara-Silvia-Morais-scaled.jpg?fit=1000%2C565&ssl=1&resize=700%2C400 2x"},"classes":[]},{"id":12058,"url":"https:\/\/noticiasribeiraopreto.com.br\/index.php\/2023\/12\/07\/plano-municipal-de-educacao-chega-ao-legislativo\/","url_meta":{"origin":85286,"position":5},"title":"Plano Municipal de Educa\u00e7\u00e3o chega ao Legislativo","author":"noticiasribeiraopreto.com.br","date":"7 de December de 2023","format":false,"excerpt":"Ap\u00f3s discuss\u00e3o com a sociedade, a Secretaria Municipal da Educa\u00e7\u00e3o encaminhou \u00e0 C\u00e2mara de Vereadores, na ter\u00e7a-feira, 5 de dezembro, o projeto de lei do Plano Municipal de Educa\u00e7\u00e3o de Ribeir\u00e3o Preto. Ap\u00f3s revis\u00e3o e an\u00e1lise do texto por parte dos membros do Conselho Municipal de Educa\u00e7\u00e3o, o anteprojeto de\u2026","rel":"","context":"In &quot;Not\u00edcias de Ribeir\u00e3o Preto-SP e Regi\u00e3o&quot;","block_context":{"text":"Not\u00edcias de Ribeir\u00e3o Preto-SP e Regi\u00e3o","link":"https:\/\/noticiasribeiraopreto.com.br\/index.php\/category\/noticias-de-ribeirao-preto-sp-e-regiao-ismael-colosi\/"},"img":{"alt_text":"","src":"https:\/\/i0.wp.com\/noticiasribeiraopreto.com.br\/wp-content\/uploads\/2023\/12\/educa.jpeg?fit=950%2C645&ssl=1&resize=350%2C200","width":350,"height":200,"srcset":"https:\/\/i0.wp.com\/noticiasribeiraopreto.com.br\/wp-content\/uploads\/2023\/12\/educa.jpeg?fit=950%2C645&ssl=1&resize=350%2C200 1x, https:\/\/i0.wp.com\/noticiasribeiraopreto.com.br\/wp-content\/uploads\/2023\/12\/educa.jpeg?fit=950%2C645&ssl=1&resize=525%2C300 1.5x, https:\/\/i0.wp.com\/noticiasribeiraopreto.com.br\/wp-content\/uploads\/2023\/12\/educa.jpeg?fit=950%2C645&ssl=1&resize=700%2C400 2x"},"classes":[]}],"jetpack_sharing_enabled":true,"jetpack_shortlink":"https:\/\/wp.me\/peQAOb-mbA","_links":{"self":[{"href":"https:\/\/noticiasribeiraopreto.com.br\/index.php\/wp-json\/wp\/v2\/posts\/85286","targetHints":{"allow":["GET"]}}],"collection":[{"href":"https:\/\/noticiasribeiraopreto.com.br\/index.php\/wp-json\/wp\/v2\/posts"}],"about":[{"href":"https:\/\/noticiasribeiraopreto.com.br\/index.php\/wp-json\/wp\/v2\/types\/post"}],"author":[{"embeddable":true,"href":"https:\/\/noticiasribeiraopreto.com.br\/index.php\/wp-json\/wp\/v2\/users\/1"}],"replies":[{"embeddable":true,"href":"https:\/\/noticiasribeiraopreto.com.br\/index.php\/wp-json\/wp\/v2\/comments?post=85286"}],"version-history":[{"count":0,"href":"https:\/\/noticiasribeiraopreto.com.br\/index.php\/wp-json\/wp\/v2\/posts\/85286\/revisions"}],"wp:featuredmedia":[{"embeddable":true,"href":"https:\/\/noticiasribeiraopreto.com.br\/index.php\/wp-json\/wp\/v2\/media\/85287"}],"wp:attachment":[{"href":"https:\/\/noticiasribeiraopreto.com.br\/index.php\/wp-json\/wp\/v2\/media?parent=85286"}],"wp:term":[{"taxonomy":"category","embeddable":true,"href":"https:\/\/noticiasribeiraopreto.com.br\/index.php\/wp-json\/wp\/v2\/categories?post=85286"},{"taxonomy":"post_tag","embeddable":true,"href":"https:\/\/noticiasribeiraopreto.com.br\/index.php\/wp-json\/wp\/v2\/tags?post=85286"}],"curies":[{"name":"wp","href":"https:\/\/api.w.org\/{rel}","templated":true}]}}