{"id":85288,"date":"2026-04-28T07:28:21","date_gmt":"2026-04-28T10:28:21","guid":{"rendered":"https:\/\/noticiasribeiraopreto.com.br\/index.php\/2026\/04\/28\/acidente-de-trabalho-registrou-56-mortes-em-ribeirao-no-ano-pasado\/"},"modified":"2026-04-28T07:28:21","modified_gmt":"2026-04-28T10:28:21","slug":"acidente-de-trabalho-registrou-56-mortes-em-ribeirao-no-ano-pasado","status":"publish","type":"post","link":"https:\/\/noticiasribeiraopreto.com.br\/index.php\/2026\/04\/28\/acidente-de-trabalho-registrou-56-mortes-em-ribeirao-no-ano-pasado\/","title":{"rendered":"Acidente de trabalho \u2028registrou 56 mortes em Ribeir\u00e3o no ano pasado"},"content":{"rendered":"<div class='code-block code-block-1' style='margin: 8px 0 8px auto; text-align: right; display: block; clear: both;'>\n<p><a href=\"https:\/\/wa.link\/vpicfd\"><img data-recalc-dims=\"1\" class=\"wp-image-4922\" style=\"aspect-ratio: 2.0253164556962027; width: 561px; height: auto;\" src=\"https:\/\/i0.wp.com\/ismaelcolosi.com.br\/wp-content\/uploads\/2023\/11\/grupo-de-empregos-whatsapp-e-facebook-ismael-colosi-vagas.jpg?ssl=1\" alt=\"\" \/><\/a><\/p>\n<!-- \/wp:image -->\n<\/div>\n<p> <br \/>\n<\/p>\n<div id=\"\">&#13;<br \/>\n\t\t\t\t\t\t\t\t&#13;<\/p>\n<p>&#13;<br \/>\n\t\t\t\t\t\t\t\t\t<span class=\"entry-meta-item penci-posted-on\"><i class=\"fa fa-clock-o\"\/><time class=\"entry-date published\" datetime=\"2026-04-28T07:27:28-03:00\">28 de abril de 2026 07:27<\/time><time class=\"updated\" datetime=\"2026-04-27T23:45:50-03:00\">27 de abril de 2026 23:45<\/time><\/span><span class=\"entry-meta-item penci-post-countview\"\/>\t\t\t\t\t\t\t\t<\/p>\n<p><!-- .entry-meta -->&#13;<br \/>\n\t\t\t\t\t\t\t\t<span class=\"penci-social-buttons penci-social-share-footer\"><span class=\"penci-social-share-text\">Compartilhar<\/span><a href=\"#\" class=\"penci-post-like penci_post-meta_item  single-like-button penci-social-item like\" data-post_id=\"462350\" title=\"Like\" data-like=\"Like\" data-unlike=\"Unlike\"><i class=\"fa fa-thumbs-o-up\"\/><span class=\"penci-share-number\">0<\/span><\/a><i class=\"fa fa-facebook\"\/><a class=\"penci-social-item twitter\" target=\"_blank\" rel=\"noopener\" title=\"\" href=\"https:\/\/twitter.com\/intent\/tweet?text=Acidente%20de%20trabalho%20\u2028registrou%2056%20mortes%20em%20Ribeir\u00e3o%20no%20ano%20pasado%20-%20https:\/\/www.tribunaribeirao.com.br\/acidente-de-trabalho-registrou-56-mortes-em-ribeirao-no-ano-pasado\/\"><i class=\"fa fa-twitter\"\/><\/a><i class=\"fa fa-linkedin\"\/><i class=\"fa fa-whatsapp\"\/><i class=\"fa fa-telegram\"\/><i class=\"fa fa-envelope\"\/><\/span>\t\t\t\t\t\t\t<\/div>\n<div>\n<p class=\"p1\"><i>Ribeir\u00e3o Preto registrou 56 mortes relacionadas ao trabalho em 2025; Secretaria Municipal de Sa\u00fade, intensificou as a\u00e7\u00f5es de preven\u00e7\u00e3o contra acidentes de trabalho<\/i><\/p>\n<p>Dados do Centro de Refer\u00eancia em Sa\u00fade do Trabalhador (Cerest) de Ribeir\u00e3o Preto revelam que, no ano passado, a cidade registrou 56 mortes relacionadas ao trabalho. J\u00e1 nos munic\u00edpios de Sert\u00e3ozinho, S\u00e3o Sim\u00e3o e Jardin\u00f3polis foram 22 casos, totalizando 78.<\/p>\n<p>Para tentar mudar esta realidade, a prefeitura de Ribeir\u00e3o Preto, atrav\u00e9s da Secretaria de Sa\u00fade, ampliou as a\u00e7\u00f5es de preven\u00e7\u00e3o contra acidentes de trabalho durante a campanha Abril Verde. Em n\u00edvel mundial, surgiu como uma resposta ao acidente de trabalho ocorrido em 28 de abril de 1969, em Virg\u00ednia, nos Estados Unidos, quando uma mina explodiu e resultou na morte de 78 trabalhadores.<\/p>\n<p>Segundo o Sistema de Informa\u00e7\u00f5es de Agravos de Notifica\u00e7\u00e3o (Sinan), nos \u00f3bitos registrados em Ribeir\u00e3o Preto, Sert\u00e3ozinho, S\u00e3o Sim\u00e3o e Jardin\u00f3polis a maioria das v\u00edtimas era do sexo masculino, com 70 casos (89,74%), evidenciando a maior exposi\u00e7\u00e3o dos homens a atividades de risco.<\/p>\n<p>J\u00e1 a faixa et\u00e1ria mais atingida foi entre 31 e 50 anos, com 42 registros (53,85%), seguida pelo grupo de 51 a 70 anos, com 21 ocorr\u00eancias (26,92%).<span class=\"Apple-converted-space\">\u00a0 <\/span>Outro ponto de destaque foi o local das ocorr\u00eancias. A maior parte dos \u00f3bitos aconteceu em vias p\u00fablicas, seja em acidentes t\u00edpicos \u2013 exerc\u00edcio da atividade profissional \u2013, com 28 casos (35,90%), ou de trajeto, em 30 casos (38,46%).<\/p>\n<p>Os n\u00fameros evidenciam que as principais causas das mortes foram os acidentes de tr\u00e2nsito, diferentemente de 2024, em que os \u00f3bitos estavam associados a acidentes t\u00edpicos em ambientes internos de trabalho. Em 2025, apenas 21 foram registrados dentro de empresas.<\/p>\n<p>As ocupa\u00e7\u00f5es mais atingidas foram motoristas de caminh\u00e3o e motociclistas entregadores que somam 19 casos (24,36%). Tamb\u00e9m, h\u00e1 destaque para eletricistas e de trabalhadores do com\u00e9rcio e servi\u00e7os diversos.<\/p>\n<p>\u201cA maioria dessas mortes poderia ser evitada. Nosso trabalho \u00e9 justamente investigar, orientar e atuar junto aos servi\u00e7os e empregadores para reduzir riscos e salvar vidas, por meio da vigil\u00e2ncia em sa\u00fade, a\u00e7\u00f5es educativas e articula\u00e7\u00e3o com servi\u00e7os de sa\u00fade e \u00f3rg\u00e3os como o Minist\u00e9rio P\u00fablico do Trabalho\u201d, destaca Ana Beatriz Degani Angerami, fisioterapeuta especialista em Sa\u00fade do Trabalhador e chefe do setor do Cerest.<\/p>\n<p>Os dados tamb\u00e9m revelaram impacto direto na popula\u00e7\u00e3o economicamente ativa, com consequ\u00eancias sociais e econ\u00f4micas significativas, o que gera a necessidade da orienta\u00e7\u00e3o e preven\u00e7\u00e3o intensificadas, a fim de promover ambientes de trabalho mais seguros e saud\u00e1veis.<\/p>\n<p>\u201cAl\u00e9m da investiga\u00e7\u00e3o, nosso trabalho permite identificar falhas, propor mudan\u00e7as e contribuir para evitar novas ocorr\u00eancias. A preven\u00e7\u00e3o continua sendo a principal ferramenta para salvar vidas\u201d, afirma Ana Beatriz.<\/p>\n<\/div>\n<p><script async src=\"\/\/platform.twitter.com\/widgets.js\" charset=\"utf-8\"><\/script><br \/>\n<br \/><br \/>\n<br \/><a href=\"https:\/\/www.tribunaribeirao.com.br\/acidente-de-trabalho-registrou-56-mortes-em-ribeirao-no-ano-pasado\/\">Texto original daqui <\/a><\/p>\n<!-- CONTENT END 1 -->\n","protected":false},"excerpt":{"rendered":"<p>&#13; &#13; &#13; 28 de abril de 2026 07:2727 de abril de 2026 23:45 &#13; Compartilhar0 Ribeir\u00e3o Preto registrou 56 mortes relacionadas ao trabalho em&#8230;<\/p>\n","protected":false},"author":1,"featured_media":85289,"comment_status":"","ping_status":"","sticky":false,"template":"","format":"standard","meta":{"advanced_seo_description":"","jetpack_seo_html_title":"","jetpack_seo_noindex":false,"jetpack_post_was_ever_published":false,"_jetpack_newsletter_access":"","_jetpack_dont_email_post_to_subs":false,"_jetpack_newsletter_tier_id":0,"_jetpack_memberships_contains_paywalled_content":false,"_jetpack_memberships_contains_paid_content":false,"footnotes":"","jetpack_publicize_message":"","jetpack_publicize_feature_enabled":true,"jetpack_social_post_already_shared":true,"jetpack_social_options":{"image_generator_settings":{"template":"highway","default_image_id":0,"font":"","enabled":false},"version":2}},"categories":[11],"tags":[74,681,1268,6493,1164,26,583],"class_list":["post-85288","post","type-post","status-publish","format-standard","has-post-thumbnail","hentry","category-noticias-de-ribeirao-preto-sp-e-regiao-ismael-colosi","tag-acidente","tag-ano","tag-mortes","tag-pasado","tag-registrou","tag-ribeirao","tag-trabalho"],"jetpack_publicize_connections":[],"jetpack_featured_media_url":"https:\/\/i0.wp.com\/noticiasribeiraopreto.com.br\/wp-content\/uploads\/2026\/04\/Trabalho-Imagem-Ilustrativa-scaled.jpeg?fit=1200%2C675&ssl=1","jetpack-related-posts":[{"id":31886,"url":"https:\/\/noticiasribeiraopreto.com.br\/index.php\/2024\/01\/23\/acidentes-de-trabalho-rp-registrou-21-obitos-em-2023\/","url_meta":{"origin":85288,"position":0},"title":"Acidentes de trabalho: RP registrou 21 \u00f3bitos em 2023\u00a0","author":"noticiasribeiraopreto.com.br","date":"23 de January de 2024","format":false,"excerpt":"23 de janeiro de 2024 | 14:0023 de janeiro de 2024 | 9:16 0O Centro de Refer\u00eancia em Sa\u00fade do Trabalhador (Cerest), vinculado \u00e0 Secretaria Municipal da Sa\u00fade, divulgou o balan\u00e7o de atividades do ano passado. Os dados do Sistema de Notifica\u00e7\u00e3o de Agravo em Sa\u00fade do Trabalhador (Sinan) indicam\u2026","rel":"","context":"In &quot;Not\u00edcias de Ribeir\u00e3o Preto-SP e Regi\u00e3o&quot;","block_context":{"text":"Not\u00edcias de Ribeir\u00e3o Preto-SP e Regi\u00e3o","link":"https:\/\/noticiasribeiraopreto.com.br\/index.php\/category\/noticias-de-ribeirao-preto-sp-e-regiao-ismael-colosi\/"},"img":{"alt_text":"","src":"https:\/\/i0.wp.com\/noticiasribeiraopreto.com.br\/wp-content\/uploads\/2024\/01\/Cerest-Divulgacao-01-scaled.jpg?fit=967%2C645&ssl=1&resize=350%2C200","width":350,"height":200,"srcset":"https:\/\/i0.wp.com\/noticiasribeiraopreto.com.br\/wp-content\/uploads\/2024\/01\/Cerest-Divulgacao-01-scaled.jpg?fit=967%2C645&ssl=1&resize=350%2C200 1x, https:\/\/i0.wp.com\/noticiasribeiraopreto.com.br\/wp-content\/uploads\/2024\/01\/Cerest-Divulgacao-01-scaled.jpg?fit=967%2C645&ssl=1&resize=525%2C300 1.5x, https:\/\/i0.wp.com\/noticiasribeiraopreto.com.br\/wp-content\/uploads\/2024\/01\/Cerest-Divulgacao-01-scaled.jpg?fit=967%2C645&ssl=1&resize=700%2C400 2x"},"classes":[]},{"id":39290,"url":"https:\/\/noticiasribeiraopreto.com.br\/index.php\/2024\/02\/24\/ano-comeca-com-mortes-no-transito\/","url_meta":{"origin":85288,"position":1},"title":"Tr\u00e2nsito causa seis mortes em 2024","author":"noticiasribeiraopreto.com.br","date":"24 de February de 2024","format":false,"excerpt":"Balan\u00e7o divulgado pelo Movimento Paulista de Seguran\u00e7a no Tr\u00e2nsito (Infosiga-SP) indica que o tr\u00e2nsito de Ribeir\u00e3o Preto come\u00e7ou 2024 com uma morte a cada cinco dias. S\u00e3o seis \u00f3bitos em janeiro, mesmo n\u00famero de dezembro e um a menos que os sete do primeiro m\u00eas do ano passado, queda de\u2026","rel":"","context":"In &quot;Not\u00edcias de Ribeir\u00e3o Preto-SP e Regi\u00e3o&quot;","block_context":{"text":"Not\u00edcias de Ribeir\u00e3o Preto-SP e Regi\u00e3o","link":"https:\/\/noticiasribeiraopreto.com.br\/index.php\/category\/noticias-de-ribeirao-preto-sp-e-regiao-ismael-colosi\/"},"img":{"alt_text":"","src":"https:\/\/i0.wp.com\/noticiasribeiraopreto.com.br\/wp-content\/uploads\/2024\/02\/TransitoRP-Max-Gallao-Mesquita-02.jpg?fit=1000%2C629&ssl=1&resize=350%2C200","width":350,"height":200,"srcset":"https:\/\/i0.wp.com\/noticiasribeiraopreto.com.br\/wp-content\/uploads\/2024\/02\/TransitoRP-Max-Gallao-Mesquita-02.jpg?fit=1000%2C629&ssl=1&resize=350%2C200 1x, https:\/\/i0.wp.com\/noticiasribeiraopreto.com.br\/wp-content\/uploads\/2024\/02\/TransitoRP-Max-Gallao-Mesquita-02.jpg?fit=1000%2C629&ssl=1&resize=525%2C300 1.5x, https:\/\/i0.wp.com\/noticiasribeiraopreto.com.br\/wp-content\/uploads\/2024\/02\/TransitoRP-Max-Gallao-Mesquita-02.jpg?fit=1000%2C629&ssl=1&resize=700%2C400 2x"},"classes":[]},{"id":45039,"url":"https:\/\/noticiasribeiraopreto.com.br\/index.php\/2024\/04\/01\/abril-verde-reforca-importancia-da-notificacao-de-doencas-relacionadas-ao-trabalho\/","url_meta":{"origin":85288,"position":2},"title":"Abril Verde refor\u00e7a import\u00e2ncia da notifica\u00e7\u00e3o de doen\u00e7as relacionadas ao trabalho","author":"noticiasribeiraopreto.com.br","date":"1 de April de 2024","format":false,"excerpt":"\u201cAdoecimento tamb\u00e9m \u00e9 acidente do trabalho. Conhecer para prevenir\u201d. Esse \u00e9 o slogan da campanha Abril Verde 2024 do Minist\u00e9rio P\u00fablico do Trabalho (MPT). Neste ano, a iniciativa busca esclarecer a sociedade sobre a import\u00e2ncia da cultura de preven\u00e7\u00e3o de doen\u00e7as relacionadas ao trabalho e da notifica\u00e7\u00e3o de casos para\u2026","rel":"","context":"In &quot;Not\u00edcias de Ribeir\u00e3o Preto-SP e Regi\u00e3o&quot;","block_context":{"text":"Not\u00edcias de Ribeir\u00e3o Preto-SP e Regi\u00e3o","link":"https:\/\/noticiasribeiraopreto.com.br\/index.php\/category\/noticias-de-ribeirao-preto-sp-e-regiao-ismael-colosi\/"},"img":{"alt_text":"","src":"https:\/\/i0.wp.com\/noticiasribeiraopreto.com.br\/wp-content\/uploads\/2024\/04\/f84bac5c-3aeb-4169-8c46-78e65050482e.jpg?fit=800%2C450&ssl=1&resize=350%2C200","width":350,"height":200,"srcset":"https:\/\/i0.wp.com\/noticiasribeiraopreto.com.br\/wp-content\/uploads\/2024\/04\/f84bac5c-3aeb-4169-8c46-78e65050482e.jpg?fit=800%2C450&ssl=1&resize=350%2C200 1x, https:\/\/i0.wp.com\/noticiasribeiraopreto.com.br\/wp-content\/uploads\/2024\/04\/f84bac5c-3aeb-4169-8c46-78e65050482e.jpg?fit=800%2C450&ssl=1&resize=525%2C300 1.5x, https:\/\/i0.wp.com\/noticiasribeiraopreto.com.br\/wp-content\/uploads\/2024\/04\/f84bac5c-3aeb-4169-8c46-78e65050482e.jpg?fit=800%2C450&ssl=1&resize=700%2C400 2x"},"classes":[]},{"id":29503,"url":"https:\/\/noticiasribeiraopreto.com.br\/index.php\/2024\/01\/18\/mortes-no-transito-recuam-em-2023\/","url_meta":{"origin":85288,"position":3},"title":"Mortes no tr\u00e2nsito recuam em 2023 \u00a0","author":"noticiasribeiraopreto.com.br","date":"18 de January de 2024","format":false,"excerpt":"Balan\u00e7o divulgado pelo Movimento Paulista de Seguran\u00e7a no Tr\u00e2nsito (Infosiga-SP), mostra queda no total de mortes registradas em Ribeir\u00e3o Preto no ano passado, em compara\u00e7\u00e3o com 2022. Em dezembro, por\u00e9m, as ocorr\u00eancias com v\u00edtimas fatais cresceram em rela\u00e7\u00e3o ao mesmo per\u00edodo do ano passado e em rela\u00e7\u00e3o a novembro. \u00a0.\u00a0Foram\u2026","rel":"","context":"In &quot;Not\u00edcias de Ribeir\u00e3o Preto-SP e Regi\u00e3o&quot;","block_context":{"text":"Not\u00edcias de Ribeir\u00e3o Preto-SP e Regi\u00e3o","link":"https:\/\/noticiasribeiraopreto.com.br\/index.php\/category\/noticias-de-ribeirao-preto-sp-e-regiao-ismael-colosi\/"},"img":{"alt_text":"","src":"https:\/\/i0.wp.com\/noticiasribeiraopreto.com.br\/wp-content\/uploads\/2024\/01\/TransitoRP-Max-Gallao-Mesquita-Arquivo-scaled.jpg?fit=1000%2C646&ssl=1&resize=350%2C200","width":350,"height":200,"srcset":"https:\/\/i0.wp.com\/noticiasribeiraopreto.com.br\/wp-content\/uploads\/2024\/01\/TransitoRP-Max-Gallao-Mesquita-Arquivo-scaled.jpg?fit=1000%2C646&ssl=1&resize=350%2C200 1x, https:\/\/i0.wp.com\/noticiasribeiraopreto.com.br\/wp-content\/uploads\/2024\/01\/TransitoRP-Max-Gallao-Mesquita-Arquivo-scaled.jpg?fit=1000%2C646&ssl=1&resize=525%2C300 1.5x, https:\/\/i0.wp.com\/noticiasribeiraopreto.com.br\/wp-content\/uploads\/2024\/01\/TransitoRP-Max-Gallao-Mesquita-Arquivo-scaled.jpg?fit=1000%2C646&ssl=1&resize=700%2C400 2x"},"classes":[]},{"id":13293,"url":"https:\/\/noticiasribeiraopreto.com.br\/index.php\/2023\/12\/09\/transito-faz-mais-14-vitimas-em-rp\/","url_meta":{"origin":85288,"position":4},"title":"Tr\u00e2nsito faz mais 14 v\u00edtimas em RP","author":"noticiasribeiraopreto.com.br","date":"9 de December de 2023","format":false,"excerpt":"Balan\u00e7o divulgado pelo Movimento Paulista de Seguran\u00e7a no Tr\u00e2nsito (Infosiga-SP), mostra queda no total de mortes registradas em Ribeir\u00e3o Preto em dez meses deste ano, em compara\u00e7\u00e3o com o mesmo per\u00edodo de 2022. Em outubro, por\u00e9m, as ocorr\u00eancias com v\u00edtimas fatais dispararam em rela\u00e7\u00e3o ao mesmo per\u00edodo do ano passado\u2026","rel":"","context":"In &quot;Not\u00edcias de Ribeir\u00e3o Preto-SP e Regi\u00e3o&quot;","block_context":{"text":"Not\u00edcias de Ribeir\u00e3o Preto-SP e Regi\u00e3o","link":"https:\/\/noticiasribeiraopreto.com.br\/index.php\/category\/noticias-de-ribeirao-preto-sp-e-regiao-ismael-colosi\/"},"img":{"alt_text":"","src":"https:\/\/i0.wp.com\/noticiasribeiraopreto.com.br\/wp-content\/uploads\/2023\/12\/transito-scaled.jpg?fit=967%2C645&ssl=1&resize=350%2C200","width":350,"height":200,"srcset":"https:\/\/i0.wp.com\/noticiasribeiraopreto.com.br\/wp-content\/uploads\/2023\/12\/transito-scaled.jpg?fit=967%2C645&ssl=1&resize=350%2C200 1x, https:\/\/i0.wp.com\/noticiasribeiraopreto.com.br\/wp-content\/uploads\/2023\/12\/transito-scaled.jpg?fit=967%2C645&ssl=1&resize=525%2C300 1.5x, https:\/\/i0.wp.com\/noticiasribeiraopreto.com.br\/wp-content\/uploads\/2023\/12\/transito-scaled.jpg?fit=967%2C645&ssl=1&resize=700%2C400 2x"},"classes":[]},{"id":44769,"url":"https:\/\/noticiasribeiraopreto.com.br\/index.php\/2024\/03\/30\/transito-ja-soma-15-mortes-no-ano\/","url_meta":{"origin":85288,"position":5},"title":"Tr\u00e2nsito j\u00e1 soma 15 mortes no ano \u00a0","author":"noticiasribeiraopreto.com.br","date":"30 de March de 2024","format":false,"excerpt":"Balan\u00e7o divulgado pelo Movimento Paulista de Seguran\u00e7a no Tr\u00e2nsito (Infosiga-SP) indica que o tr\u00e2nsito de Ribeir\u00e3o Preto come\u00e7ou 2024 com uma morte a cada quatro dias. Ap\u00f3s registrar seis \u00f3bitos em janeiro, o n\u00famero de v\u00edtimas fatais avan\u00e7ou para nove em fevereiro, tr\u00eas a meia e alta de 50%. \u00a0\u00a0Recuou\u2026","rel":"","context":"In &quot;Not\u00edcias de Ribeir\u00e3o Preto-SP e Regi\u00e3o&quot;","block_context":{"text":"Not\u00edcias de Ribeir\u00e3o Preto-SP e Regi\u00e3o","link":"https:\/\/noticiasribeiraopreto.com.br\/index.php\/category\/noticias-de-ribeirao-preto-sp-e-regiao-ismael-colosi\/"},"img":{"alt_text":"","src":"https:\/\/i0.wp.com\/noticiasribeiraopreto.com.br\/wp-content\/uploads\/2024\/03\/TransitoRP-Max-Gallao-Mesquita-Arquivo-1-1024x695.jpg?fit=1024%2C695&ssl=1&resize=350%2C200","width":350,"height":200,"srcset":"https:\/\/i0.wp.com\/noticiasribeiraopreto.com.br\/wp-content\/uploads\/2024\/03\/TransitoRP-Max-Gallao-Mesquita-Arquivo-1-1024x695.jpg?fit=1024%2C695&ssl=1&resize=350%2C200 1x, https:\/\/i0.wp.com\/noticiasribeiraopreto.com.br\/wp-content\/uploads\/2024\/03\/TransitoRP-Max-Gallao-Mesquita-Arquivo-1-1024x695.jpg?fit=1024%2C695&ssl=1&resize=525%2C300 1.5x, https:\/\/i0.wp.com\/noticiasribeiraopreto.com.br\/wp-content\/uploads\/2024\/03\/TransitoRP-Max-Gallao-Mesquita-Arquivo-1-1024x695.jpg?fit=1024%2C695&ssl=1&resize=700%2C400 2x"},"classes":[]}],"jetpack_sharing_enabled":true,"jetpack_shortlink":"https:\/\/wp.me\/peQAOb-mbC","_links":{"self":[{"href":"https:\/\/noticiasribeiraopreto.com.br\/index.php\/wp-json\/wp\/v2\/posts\/85288","targetHints":{"allow":["GET"]}}],"collection":[{"href":"https:\/\/noticiasribeiraopreto.com.br\/index.php\/wp-json\/wp\/v2\/posts"}],"about":[{"href":"https:\/\/noticiasribeiraopreto.com.br\/index.php\/wp-json\/wp\/v2\/types\/post"}],"author":[{"embeddable":true,"href":"https:\/\/noticiasribeiraopreto.com.br\/index.php\/wp-json\/wp\/v2\/users\/1"}],"replies":[{"embeddable":true,"href":"https:\/\/noticiasribeiraopreto.com.br\/index.php\/wp-json\/wp\/v2\/comments?post=85288"}],"version-history":[{"count":0,"href":"https:\/\/noticiasribeiraopreto.com.br\/index.php\/wp-json\/wp\/v2\/posts\/85288\/revisions"}],"wp:featuredmedia":[{"embeddable":true,"href":"https:\/\/noticiasribeiraopreto.com.br\/index.php\/wp-json\/wp\/v2\/media\/85289"}],"wp:attachment":[{"href":"https:\/\/noticiasribeiraopreto.com.br\/index.php\/wp-json\/wp\/v2\/media?parent=85288"}],"wp:term":[{"taxonomy":"category","embeddable":true,"href":"https:\/\/noticiasribeiraopreto.com.br\/index.php\/wp-json\/wp\/v2\/categories?post=85288"},{"taxonomy":"post_tag","embeddable":true,"href":"https:\/\/noticiasribeiraopreto.com.br\/index.php\/wp-json\/wp\/v2\/tags?post=85288"}],"curies":[{"name":"wp","href":"https:\/\/api.w.org\/{rel}","templated":true}]}}