{"id":85290,"date":"2026-04-28T07:29:29","date_gmt":"2026-04-28T10:29:29","guid":{"rendered":"https:\/\/noticiasribeiraopreto.com.br\/index.php\/2026\/04\/28\/agrishow-projeto-da-policia-penal-une-preservacao-ambiental-e-reintegracao-social-em-acao-com-detentos\/"},"modified":"2026-04-28T07:29:29","modified_gmt":"2026-04-28T10:29:29","slug":"agrishow-projeto-da-policia-penal-une-preservacao-ambiental-e-reintegracao-social-em-acao-com-detentos","status":"publish","type":"post","link":"https:\/\/noticiasribeiraopreto.com.br\/index.php\/2026\/04\/28\/agrishow-projeto-da-policia-penal-une-preservacao-ambiental-e-reintegracao-social-em-acao-com-detentos\/","title":{"rendered":"Agrishow: projeto da Pol\u00edcia Penal une preserva\u00e7\u00e3o ambiental e reintegra\u00e7\u00e3o social em a\u00e7\u00e3o com detentos &#8211; THMais"},"content":{"rendered":"<div class='code-block code-block-1' style='margin: 8px 0 8px auto; text-align: right; display: block; clear: both;'>\n<p><a href=\"https:\/\/wa.link\/vpicfd\"><img data-recalc-dims=\"1\" class=\"wp-image-4922\" style=\"aspect-ratio: 2.0253164556962027; width: 561px; height: auto;\" src=\"https:\/\/i0.wp.com\/ismaelcolosi.com.br\/wp-content\/uploads\/2023\/11\/grupo-de-empregos-whatsapp-e-facebook-ismael-colosi-vagas.jpg?ssl=1\" alt=\"\" \/><\/a><\/p>\n<!-- \/wp:image -->\n<\/div>\n<p> <br \/>\n<\/p>\n<div>\n<p>A Pol\u00edcia Penal do Estado de S\u00e3o Paulo apresenta na 31\u00aa edi\u00e7\u00e3o da Agrishow, que come\u00e7ou nesta segunda-feira (27), em Ribeir\u00e3o Preto, o projeto Semeando Cidadania, iniciativa que alia preserva\u00e7\u00e3o ambiental e reintegra\u00e7\u00e3o social.<\/p>\n<p>Durante o evento, a Pol\u00edcia Penal far\u00e1 distribui\u00e7\u00e3o de mudas produzidas por meio do trabalho de reeducandos em regime semiaberto, custodiados nas unidades prisionais da Secretaria de Administra\u00e7\u00e3o Penitenci\u00e1ria. Os participantes atuaram em todas as etapas do processo: coleta de sementes, preparo da terra e produ\u00e7\u00e3o das mudas em viveiros instalados nos pres\u00eddios.<\/p>\n<p>A iniciativa tem como objetivo principal promover o reflorestamento e a educa\u00e7\u00e3o ambiental, ao mesmo tempo em que oferece capacita\u00e7\u00e3o t\u00e9cnica e estimula valores como responsabilidade, cidadania e pertencimento. A atividade produtiva contribui para a redu\u00e7\u00e3o da reincid\u00eancia criminal e fortalece os v\u00ednculos entre os reeducandos e a sociedade.<\/p>\n<p>Al\u00e9m dos benef\u00edcios ambientais, como o aumento da biodiversidade e a recupera\u00e7\u00e3o de \u00e1reas degradadas, o projeto tamb\u00e9m promove impactos sociais significativos, como a valoriza\u00e7\u00e3o da imagem do sistema prisional e a diminui\u00e7\u00e3o do preconceito em rela\u00e7\u00e3o \u00e0s pessoas privadas de liberdade.<\/p>\n<p>O Projeto Semeando Cidadania foi desenvolvido originalmente na Coordenadoria de Execu\u00e7\u00e3o Penal da Regi\u00e3o Oeste do Estado. O projeto conta com trabalho de reclusos de regime semiaberto dos estabelecimentos penais de Caiu\u00e1, Osvaldo Cruz, Presidente Venceslau e Marab\u00e1 Paulista. Para a Agrishow, a iniciativa recebeu refor\u00e7o de outras unidades prisionais, como Araraquara, Pontal, Ribeir\u00e3o Preto, Serra Azul, Sorocaba, Iaras, Ourinhos e Cerqueira C\u00e9sar.<\/p>\n<p>No ano passado, a distribui\u00e7\u00e3o ocorreu em dois pontos da capital paulista \u2014 Pra\u00e7a do Ciclista, na Avenida Paulista, e Pra\u00e7a Nossa Senhora dos Prazeres, na Zona Norte \u2014 no dia 21 de setembro, em comemora\u00e7\u00e3o ao Dia da \u00c1rvore. A iniciativa tamb\u00e9m foi realizada no munic\u00edpio de Presidente Venceslau, no dia 12 de outubro do mesmo ano. Aproximadamente 4 mil mudas foram entregues \u00e0 popula\u00e7\u00e3o.<\/p>\n<h2>Distribui\u00e7\u00e3o de mudas<\/h2>\n<p>Mais de 5 mil mudas ser\u00e3o distribu\u00eddas durante o evento, entre elas as ornamentais como Agave Rajada, Alamanda Amarela, Ant\u00fario, Brom\u00e9lia, Cacto Mandacaru, Clusia, Col\u00e9u, Comigo Ningu\u00e9m Pode, Coroa de Cristo, Coromandel, Dracena Verde, Espada de S\u00e3o Jorge, F\u00edcus, Flor de Leopardo, Girassol, Iris da Praia, Jasmim do Caribe, Trapoeraba Lambari, Abacaxi Ornamental, Ant\u00fario, Bambu-da-sorte, \u00cdris da Praia, Onze Horas, Palma de Santa Rita, Palmeira Real, Pet\u00fania Mexicana, Rom\u00e3 Ornamental, Sing\u00f4nio, Trapoeraba Lambari, Vinca e Zameoculca.<\/p>\n<p>H\u00e1 tamb\u00e9m mudas de \u00e1rvores frut\u00edferas como Abacate, Acerola, Amoreira, Atemoia Biriba, Caja-Manga, Caju, Goiaba, Graviola, Ing\u00e1-Mi\u00fado, Jabuticaba, Jaca, Jambo Amarelo, Jambol\u00e3o, Jenipapo, Lichia, Lim\u00e3o Galego e Rosa, Mam\u00e3o, Manga Rosa, Maracuj\u00e1, Morango, N\u00easpera, Oiti, Pinha, Pitanga, Pitaya, Rom\u00e3, Tamarindo e Uva Japonesa.<\/p>\n<p>Quanto \u00e0s plantas nativas, destacam-se as mudas de Ac\u00e1cias Amarela e Mangium, Amendoim Bravo, Aroeira Pimenteira, Canaf\u00edstula, Cedo, Copa\u00edba, Dedaleira, Emba\u00faba, Embiru\u00e7u, Farinha Seca, Flamboyant, Guapuruvu, Ip\u00eas Amarelo, Branco, Rosa e Roxo, Jacarand\u00e1 Mimoso, Mamoninha, Maria Preta, Monjoleiro, Moringa Ole\u00edfera, Oiti, Paineira Rosa, Pata de Vaca, Pau D\u2019\u00c1lho, Pau Formiga, Sangra D\u2019\u00c1gua, Sibipiruna, Sombreiro, Tamboril e Urucum. O p\u00fablico presente tamb\u00e9m ter\u00e1 acesso \u00e0s plantas aliment\u00edcias, como Hortel\u00e3, Manjeric\u00e3o e Ora-pro-n\u00f3bis.<\/p>\n<\/div>\n<p><br \/>\n<br \/><a href=\"https:\/\/thmais.com.br\/cidades\/ribeirao-preto\/agrishow-projeto-da-policia-penal-une-preservacao-ambiental-e-reintegracao-social-em-acao-com-detentos\/\">Link para o texto original <\/a><\/p>\n<!-- CONTENT END 1 -->\n","protected":false},"excerpt":{"rendered":"<p>A Pol\u00edcia Penal do Estado de S\u00e3o Paulo apresenta na 31\u00aa edi\u00e7\u00e3o da Agrishow, que come\u00e7ou nesta segunda-feira (27), em Ribeir\u00e3o Preto, o projeto Semeando&#8230;<\/p>\n","protected":false},"author":1,"featured_media":85291,"comment_status":"","ping_status":"","sticky":false,"template":"","format":"standard","meta":{"advanced_seo_description":"","jetpack_seo_html_title":"","jetpack_seo_noindex":false,"jetpack_post_was_ever_published":false,"_jetpack_newsletter_access":"","_jetpack_dont_email_post_to_subs":false,"_jetpack_newsletter_tier_id":0,"_jetpack_memberships_contains_paywalled_content":false,"_jetpack_memberships_contains_paid_content":false,"footnotes":"","jetpack_publicize_message":"","jetpack_publicize_feature_enabled":true,"jetpack_social_post_already_shared":true,"jetpack_social_options":{"image_generator_settings":{"template":"highway","default_image_id":0,"font":"","enabled":false},"version":2}},"categories":[11],"tags":[5352,191,3990,2725,4686,3587,20,6495,685,6496,6456,1754,6443,6494],"class_list":["post-85290","post","type-post","status-publish","format-standard","has-post-thumbnail","hentry","category-noticias-de-ribeirao-preto-sp-e-regiao-ismael-colosi","tag-acao","tag-agrishow","tag-ambiental","tag-detentos","tag-noticias","tag-penal","tag-policia","tag-preservacao","tag-projeto","tag-reintegracao","tag-ribeirao-preto","tag-social","tag-thmais","tag-une"],"jetpack_publicize_connections":[],"jetpack_featured_media_url":"https:\/\/i0.wp.com\/noticiasribeiraopreto.com.br\/wp-content\/uploads\/2026\/04\/WhatsApp-Image-2026-04-28-at-07.08.39-1.jpeg?fit=683%2C585&ssl=1","jetpack-related-posts":[{"id":85235,"url":"https:\/\/noticiasribeiraopreto.com.br\/index.php\/2026\/04\/25\/prefeitura-instala-maquinas-que-transformam-reciclaveis-em-dinheiro-e-incentiva-sustentabilidade-em-ribeirao-preto\/","url_meta":{"origin":85290,"position":0},"title":"Prefeitura instala m\u00e1quinas que transformam recicl\u00e1veis em dinheiro e incentiva sustentabilidade em Ribeir\u00e3o Preto &#8211; THMais","author":"noticiasribeiraopreto.com.br","date":"25 de April de 2026","format":false,"excerpt":"A Prefeitura de Ribeir\u00e3o Preto implantou, na \u00faltima quinta-feira (23), tr\u00eas m\u00e1quinas inteligentes para coleta de res\u00edduos recicl\u00e1veis, ampliando as a\u00e7\u00f5es de sustentabilidade e preserva\u00e7\u00e3o ambiental no munic\u00edpio.Chamadas de EcoBox, os equipamentos recebem materiais como latinhas, copos descart\u00e1veis e garrafas PET. A cada item inserido, o usu\u00e1rio recebe R$ 0,10,\u2026","rel":"","context":"In &quot;Not\u00edcias de Ribeir\u00e3o Preto-SP e Regi\u00e3o&quot;","block_context":{"text":"Not\u00edcias de Ribeir\u00e3o Preto-SP e Regi\u00e3o","link":"https:\/\/noticiasribeiraopreto.com.br\/index.php\/category\/noticias-de-ribeirao-preto-sp-e-regiao-ismael-colosi\/"},"img":{"alt_text":"","src":"https:\/\/i0.wp.com\/noticiasribeiraopreto.com.br\/wp-content\/uploads\/2026\/04\/IMG_1691.jpeg?fit=1200%2C799&ssl=1&resize=350%2C200","width":350,"height":200,"srcset":"https:\/\/i0.wp.com\/noticiasribeiraopreto.com.br\/wp-content\/uploads\/2026\/04\/IMG_1691.jpeg?fit=1200%2C799&ssl=1&resize=350%2C200 1x, https:\/\/i0.wp.com\/noticiasribeiraopreto.com.br\/wp-content\/uploads\/2026\/04\/IMG_1691.jpeg?fit=1200%2C799&ssl=1&resize=525%2C300 1.5x, https:\/\/i0.wp.com\/noticiasribeiraopreto.com.br\/wp-content\/uploads\/2026\/04\/IMG_1691.jpeg?fit=1200%2C799&ssl=1&resize=700%2C400 2x, https:\/\/i0.wp.com\/noticiasribeiraopreto.com.br\/wp-content\/uploads\/2026\/04\/IMG_1691.jpeg?fit=1200%2C799&ssl=1&resize=1050%2C600 3x"},"classes":[]},{"id":78662,"url":"https:\/\/noticiasribeiraopreto.com.br\/index.php\/2025\/10\/15\/ribeirao-preto-recebe-acao-de-plantio-de-arvores-aberta-ao-publico-veja-quando\/","url_meta":{"origin":85290,"position":1},"title":"Ribeir\u00e3o Preto recebe a\u00e7\u00e3o de plantio de \u00e1rvores aberta ao p\u00fablico; veja quando","author":"noticiasribeiraopreto.com.br","date":"15 de October de 2025","format":false,"excerpt":"O projeto ArboreSer realiza neste s\u00e1bado (18), a partir das 8h30, uma a\u00e7\u00e3o gratuita de plantio de \u00e1rvores aberta ao p\u00fablico na Pra\u00e7a da Carambola, no Jardim Nova Alian\u00e7a Sul, em Ribeir\u00e3o Preto. A atividade marca o in\u00edcio da temporada 2025\/2026 de reflorestamento urbano e celebra 18 anos de mobiliza\u00e7\u00e3o\u2026","rel":"","context":"In &quot;Not\u00edcias de Ribeir\u00e3o Preto-SP e Regi\u00e3o&quot;","block_context":{"text":"Not\u00edcias de Ribeir\u00e3o Preto-SP e Regi\u00e3o","link":"https:\/\/noticiasribeiraopreto.com.br\/index.php\/category\/noticias-de-ribeirao-preto-sp-e-regiao-ismael-colosi\/"},"img":{"alt_text":"","src":"https:\/\/i0.wp.com\/noticiasribeiraopreto.com.br\/wp-content\/uploads\/2025\/10\/Copia-de-Copia-de-Copia-de-TAMANHO-EXATO-PARA-FOTOS-NO-SISTEMA-NOVO-2025-10-15T150303.352_2025-10-15_18-03-31.webp.webp?fit=1200%2C675&ssl=1&resize=350%2C200","width":350,"height":200,"srcset":"https:\/\/i0.wp.com\/noticiasribeiraopreto.com.br\/wp-content\/uploads\/2025\/10\/Copia-de-Copia-de-Copia-de-TAMANHO-EXATO-PARA-FOTOS-NO-SISTEMA-NOVO-2025-10-15T150303.352_2025-10-15_18-03-31.webp.webp?fit=1200%2C675&ssl=1&resize=350%2C200 1x, https:\/\/i0.wp.com\/noticiasribeiraopreto.com.br\/wp-content\/uploads\/2025\/10\/Copia-de-Copia-de-Copia-de-TAMANHO-EXATO-PARA-FOTOS-NO-SISTEMA-NOVO-2025-10-15T150303.352_2025-10-15_18-03-31.webp.webp?fit=1200%2C675&ssl=1&resize=525%2C300 1.5x, https:\/\/i0.wp.com\/noticiasribeiraopreto.com.br\/wp-content\/uploads\/2025\/10\/Copia-de-Copia-de-Copia-de-TAMANHO-EXATO-PARA-FOTOS-NO-SISTEMA-NOVO-2025-10-15T150303.352_2025-10-15_18-03-31.webp.webp?fit=1200%2C675&ssl=1&resize=700%2C400 2x, https:\/\/i0.wp.com\/noticiasribeiraopreto.com.br\/wp-content\/uploads\/2025\/10\/Copia-de-Copia-de-Copia-de-TAMANHO-EXATO-PARA-FOTOS-NO-SISTEMA-NOVO-2025-10-15T150303.352_2025-10-15_18-03-31.webp.webp?fit=1200%2C675&ssl=1&resize=1050%2C600 3x"},"classes":[]},{"id":78970,"url":"https:\/\/noticiasribeiraopreto.com.br\/index.php\/2025\/10\/22\/ribeirao-e-finalista-em-projeto-ambiental\/","url_meta":{"origin":85290,"position":2},"title":"Ribeir\u00e3o \u00e9 finalista em projeto ambiental","author":"noticiasribeiraopreto.com.br","date":"22 de October de 2025","format":false,"excerpt":"22 de outubro de 2025 08:162 Compartilhar0 Munic\u00edpio est\u00e1 entre os 28 selecionados de mais de 200 cidades que concorreram em todo o mundo \u2028\u2028Ribeir\u00e3o Preto foi selecionada como uma das finalistas no concurso Incubadora de Projetos Solu\u00e7\u00e3o Natureza, promovido pela Funda\u00e7\u00e3o Grupo Botic\u00e1rio em parceria com a C40 Cities.\u2026","rel":"","context":"In &quot;Not\u00edcias de Ribeir\u00e3o Preto-SP e Regi\u00e3o&quot;","block_context":{"text":"Not\u00edcias de Ribeir\u00e3o Preto-SP e Regi\u00e3o","link":"https:\/\/noticiasribeiraopreto.com.br\/index.php\/category\/noticias-de-ribeirao-preto-sp-e-regiao-ismael-colosi\/"},"img":{"alt_text":"","src":"https:\/\/i0.wp.com\/noticiasribeiraopreto.com.br\/wp-content\/uploads\/2025\/10\/Ambiente-Guilherme-Sircili-scaled.jpg?fit=1170%2C780&ssl=1&resize=350%2C200","width":350,"height":200,"srcset":"https:\/\/i0.wp.com\/noticiasribeiraopreto.com.br\/wp-content\/uploads\/2025\/10\/Ambiente-Guilherme-Sircili-scaled.jpg?fit=1170%2C780&ssl=1&resize=350%2C200 1x, https:\/\/i0.wp.com\/noticiasribeiraopreto.com.br\/wp-content\/uploads\/2025\/10\/Ambiente-Guilherme-Sircili-scaled.jpg?fit=1170%2C780&ssl=1&resize=525%2C300 1.5x, https:\/\/i0.wp.com\/noticiasribeiraopreto.com.br\/wp-content\/uploads\/2025\/10\/Ambiente-Guilherme-Sircili-scaled.jpg?fit=1170%2C780&ssl=1&resize=700%2C400 2x, https:\/\/i0.wp.com\/noticiasribeiraopreto.com.br\/wp-content\/uploads\/2025\/10\/Ambiente-Guilherme-Sircili-scaled.jpg?fit=1170%2C780&ssl=1&resize=1050%2C600 3x"},"classes":[]},{"id":69656,"url":"https:\/\/noticiasribeiraopreto.com.br\/index.php\/2025\/05\/07\/zoologico-de-ribeirao-preto-recebe-filhotes-de-jacare-ameacados-de-extincao\/","url_meta":{"origin":85290,"position":3},"title":"Zool\u00f3gico de Ribeir\u00e3o Preto recebe filhotes de jacar\u00e9 amea\u00e7ados de extin\u00e7\u00e3o","author":"noticiasribeiraopreto.com.br","date":"7 de May de 2025","format":false,"excerpt":"O Zool\u00f3gico de Ribeir\u00e3o Preto, por meio do Centro de Triagem e Reabilita\u00e7\u00e3o de Animais Silvestres (Cetras) do Morro do S\u00e3o Bento, recebeu nesta quarta-feira (7), sete filhotes de jacar\u00e9-de-papo-amarelo, uma esp\u00e9cie considerada amea\u00e7ada de extin\u00e7\u00e3o no Brasil. Os animais foram resgatados pela Pol\u00edcia Ambiental de Ibitinga e encaminhados para\u2026","rel":"","context":"In &quot;Not\u00edcias de Ribeir\u00e3o Preto-SP e Regi\u00e3o&quot;","block_context":{"text":"Not\u00edcias de Ribeir\u00e3o Preto-SP e Regi\u00e3o","link":"https:\/\/noticiasribeiraopreto.com.br\/index.php\/category\/noticias-de-ribeirao-preto-sp-e-regiao-ismael-colosi\/"},"img":{"alt_text":"","src":"https:\/\/i0.wp.com\/noticiasribeiraopreto.com.br\/wp-content\/uploads\/2025\/05\/Copia-de-Copia-de-Copia-de-TAMANHO-EXATO-PARA-FOTOS-NO-SISTEMA-NOVO-51_2025-05-08_00-39-33.webp.webp?fit=1200%2C675&ssl=1&resize=350%2C200","width":350,"height":200,"srcset":"https:\/\/i0.wp.com\/noticiasribeiraopreto.com.br\/wp-content\/uploads\/2025\/05\/Copia-de-Copia-de-Copia-de-TAMANHO-EXATO-PARA-FOTOS-NO-SISTEMA-NOVO-51_2025-05-08_00-39-33.webp.webp?fit=1200%2C675&ssl=1&resize=350%2C200 1x, https:\/\/i0.wp.com\/noticiasribeiraopreto.com.br\/wp-content\/uploads\/2025\/05\/Copia-de-Copia-de-Copia-de-TAMANHO-EXATO-PARA-FOTOS-NO-SISTEMA-NOVO-51_2025-05-08_00-39-33.webp.webp?fit=1200%2C675&ssl=1&resize=525%2C300 1.5x, https:\/\/i0.wp.com\/noticiasribeiraopreto.com.br\/wp-content\/uploads\/2025\/05\/Copia-de-Copia-de-Copia-de-TAMANHO-EXATO-PARA-FOTOS-NO-SISTEMA-NOVO-51_2025-05-08_00-39-33.webp.webp?fit=1200%2C675&ssl=1&resize=700%2C400 2x, https:\/\/i0.wp.com\/noticiasribeiraopreto.com.br\/wp-content\/uploads\/2025\/05\/Copia-de-Copia-de-Copia-de-TAMANHO-EXATO-PARA-FOTOS-NO-SISTEMA-NOVO-51_2025-05-08_00-39-33.webp.webp?fit=1200%2C675&ssl=1&resize=1050%2C600 3x"},"classes":[]},{"id":85188,"url":"https:\/\/noticiasribeiraopreto.com.br\/index.php\/2026\/04\/24\/com-pascoa-e-agrishow-comercio-de-ribeirao-preto-projeta-alta-media-de-ate-15-nas-vendas-de-abril\/","url_meta":{"origin":85290,"position":4},"title":"Com P\u00e1scoa e Agrishow, com\u00e9rcio de Ribeir\u00e3o Preto projeta alta m\u00e9dia de at\u00e9 1,5% nas vendas de abril &#8211; THMais","author":"noticiasribeiraopreto.com.br","date":"24 de April de 2026","format":false,"excerpt":"Com o per\u00edodo de P\u00e1scoa e Agrishow, o Com\u00e9rcio Varejista de Ribeir\u00e3o Preto projeta alta m\u00e9dia entre 0,5% e 1,5% nas vendas de abril de 2026, em compara\u00e7\u00e3o ao mesmo per\u00edodo do ano passado quando a varia\u00e7\u00e3o ficou positiva em 1,5%. O levantamento \u00e9 do SINCOVARP (Sindicato do Com\u00e9rcio Varejista)\u2026","rel":"","context":"In &quot;Not\u00edcias de Ribeir\u00e3o Preto-SP e Regi\u00e3o&quot;","block_context":{"text":"Not\u00edcias de Ribeir\u00e3o Preto-SP e Regi\u00e3o","link":"https:\/\/noticiasribeiraopreto.com.br\/index.php\/category\/noticias-de-ribeirao-preto-sp-e-regiao-ismael-colosi\/"},"img":{"alt_text":"","src":"https:\/\/i0.wp.com\/noticiasribeiraopreto.com.br\/wp-content\/uploads\/2026\/04\/img-5638.jpg?fit=1008%2C672&ssl=1&resize=350%2C200","width":350,"height":200,"srcset":"https:\/\/i0.wp.com\/noticiasribeiraopreto.com.br\/wp-content\/uploads\/2026\/04\/img-5638.jpg?fit=1008%2C672&ssl=1&resize=350%2C200 1x, https:\/\/i0.wp.com\/noticiasribeiraopreto.com.br\/wp-content\/uploads\/2026\/04\/img-5638.jpg?fit=1008%2C672&ssl=1&resize=525%2C300 1.5x, https:\/\/i0.wp.com\/noticiasribeiraopreto.com.br\/wp-content\/uploads\/2026\/04\/img-5638.jpg?fit=1008%2C672&ssl=1&resize=700%2C400 2x"},"classes":[]},{"id":21437,"url":"https:\/\/noticiasribeiraopreto.com.br\/index.php\/2023\/12\/27\/saidinha-de-fim-de-ano-mais-de-mil-detentos-deixam-a-prisao-em-ribeirao-e-regiao\/","url_meta":{"origin":85290,"position":5},"title":"Saidinha de fim de ano: mais de mil detentos deixam a pris\u00e3o em Ribeir\u00e3o e regi\u00e3o","author":"noticiasribeiraopreto.com.br","date":"27 de December de 2023","format":false,"excerpt":"A SAP-SP (Secretaria da Administra\u00e7\u00e3o Penitenci\u00e1ria de S\u00e3o Paulo) informou, a pedido do portal acidade on, que 1.173 detentos receberam o benef\u00edcio da sa\u00edda tempor\u00e1ria, em Ribeir\u00e3o Preto e regi\u00e3o. A libera\u00e7\u00e3o aconteceu no \u00faltimo s\u00e1bado (22), e a data de retorno aos pres\u00eddios da regi\u00e3o est\u00e1 agendada para o\u2026","rel":"","context":"In &quot;Not\u00edcias de Ribeir\u00e3o Preto-SP e Regi\u00e3o&quot;","block_context":{"text":"Not\u00edcias de Ribeir\u00e3o Preto-SP e Regi\u00e3o","link":"https:\/\/noticiasribeiraopreto.com.br\/index.php\/category\/noticias-de-ribeirao-preto-sp-e-regiao-ismael-colosi\/"},"img":{"alt_text":"","src":"https:\/\/i0.wp.com\/noticiasribeiraopreto.com.br\/wp-content\/uploads\/2023\/12\/presidios_1024x576_16092021081933.jpg?fit=1024%2C576&ssl=1&resize=350%2C200","width":350,"height":200,"srcset":"https:\/\/i0.wp.com\/noticiasribeiraopreto.com.br\/wp-content\/uploads\/2023\/12\/presidios_1024x576_16092021081933.jpg?fit=1024%2C576&ssl=1&resize=350%2C200 1x, https:\/\/i0.wp.com\/noticiasribeiraopreto.com.br\/wp-content\/uploads\/2023\/12\/presidios_1024x576_16092021081933.jpg?fit=1024%2C576&ssl=1&resize=525%2C300 1.5x, https:\/\/i0.wp.com\/noticiasribeiraopreto.com.br\/wp-content\/uploads\/2023\/12\/presidios_1024x576_16092021081933.jpg?fit=1024%2C576&ssl=1&resize=700%2C400 2x"},"classes":[]}],"jetpack_sharing_enabled":true,"jetpack_shortlink":"https:\/\/wp.me\/peQAOb-mbE","_links":{"self":[{"href":"https:\/\/noticiasribeiraopreto.com.br\/index.php\/wp-json\/wp\/v2\/posts\/85290","targetHints":{"allow":["GET"]}}],"collection":[{"href":"https:\/\/noticiasribeiraopreto.com.br\/index.php\/wp-json\/wp\/v2\/posts"}],"about":[{"href":"https:\/\/noticiasribeiraopreto.com.br\/index.php\/wp-json\/wp\/v2\/types\/post"}],"author":[{"embeddable":true,"href":"https:\/\/noticiasribeiraopreto.com.br\/index.php\/wp-json\/wp\/v2\/users\/1"}],"replies":[{"embeddable":true,"href":"https:\/\/noticiasribeiraopreto.com.br\/index.php\/wp-json\/wp\/v2\/comments?post=85290"}],"version-history":[{"count":0,"href":"https:\/\/noticiasribeiraopreto.com.br\/index.php\/wp-json\/wp\/v2\/posts\/85290\/revisions"}],"wp:featuredmedia":[{"embeddable":true,"href":"https:\/\/noticiasribeiraopreto.com.br\/index.php\/wp-json\/wp\/v2\/media\/85291"}],"wp:attachment":[{"href":"https:\/\/noticiasribeiraopreto.com.br\/index.php\/wp-json\/wp\/v2\/media?parent=85290"}],"wp:term":[{"taxonomy":"category","embeddable":true,"href":"https:\/\/noticiasribeiraopreto.com.br\/index.php\/wp-json\/wp\/v2\/categories?post=85290"},{"taxonomy":"post_tag","embeddable":true,"href":"https:\/\/noticiasribeiraopreto.com.br\/index.php\/wp-json\/wp\/v2\/tags?post=85290"}],"curies":[{"name":"wp","href":"https:\/\/api.w.org\/{rel}","templated":true}]}}