{"id":85292,"date":"2026-04-28T07:54:22","date_gmt":"2026-04-28T10:54:22","guid":{"rendered":"https:\/\/noticiasribeiraopreto.com.br\/index.php\/2026\/04\/28\/reutilizacao-comercial-de-bancas-desativadas-em-ribeirao-preto-e-aprovada-por-20-votos\/"},"modified":"2026-04-28T07:54:22","modified_gmt":"2026-04-28T10:54:22","slug":"reutilizacao-comercial-de-bancas-desativadas-em-ribeirao-preto-e-aprovada-por-20-votos","status":"publish","type":"post","link":"https:\/\/noticiasribeiraopreto.com.br\/index.php\/2026\/04\/28\/reutilizacao-comercial-de-bancas-desativadas-em-ribeirao-preto-e-aprovada-por-20-votos\/","title":{"rendered":"Reutiliza\u00e7\u00e3o comercial de bancas desativadas em Ribeir\u00e3o Preto \u00e9 aprovada por 20 votos &#8211; THMais"},"content":{"rendered":"<div class='code-block code-block-1' style='margin: 8px 0 8px auto; text-align: right; display: block; clear: both;'>\n<p><a href=\"https:\/\/wa.link\/vpicfd\"><img data-recalc-dims=\"1\" class=\"wp-image-4922\" style=\"aspect-ratio: 2.0253164556962027; width: 561px; height: auto;\" src=\"https:\/\/i0.wp.com\/ismaelcolosi.com.br\/wp-content\/uploads\/2023\/11\/grupo-de-empregos-whatsapp-e-facebook-ismael-colosi-vagas.jpg?ssl=1\" alt=\"\" \/><\/a><\/p>\n<!-- \/wp:image -->\n<\/div>\n<p> <br \/>\n<\/p>\n<div data-td-block-uid=\"tdi_144\">\n<div class=\"tdb-block-inner td-fix-index\">\n<p>Foi votado ontem (27), durante a 23\u00aa Sess\u00e3o Ordin\u00e1ria, o Projeto de Lei N\u00b0 107\/2026, que prop\u00f5e a reutiliza\u00e7\u00e3o de bancas de jornais desativadas. A pauta recebeu 20 votos favor\u00e1veis, sendo aprovado em plen\u00e1rio.<\/p>\n<p>O texto, proposto por Danilo Scochi (MDB), sugere a explora\u00e7\u00e3o de atividades comerciais diversas aos espa\u00e7os, desde que respeitadas as normas urban\u00edsticas, sanit\u00e1rias, de seguran\u00e7a e de uso e ocupa\u00e7\u00e3o do solo.<\/p>\n<p>Conforme exposto, as novas permiss\u00f5es de uso poder\u00e3o contemplar atividades no formato de com\u00e9rcio de conveni\u00eancia, alimenta\u00e7\u00e3o, bebidas, presta\u00e7\u00e3o de servi\u00e7os ou outras atividades compat\u00edveis com o interesse p\u00fablico, inclusive nos moldes de com\u00e9rcio ambulante regulamentado.<\/p>\n<p>A iniciativa permite que essas estruturas sejam reaproveitadas para novas atividades comerciais, como:<\/p>\n<p>\u2022 pontos de conveni\u00eancia;<br \/>\u2022 pequenos com\u00e9rcios aliment\u00edcios;<br \/>\u2022 servi\u00e7os urbanos;<br \/>\u2022 atividades inspiradas no modelo bem-sucedido dos food trucks;<br \/>\u2022 iniciativas de economia criativa.<\/p>\n<p>Ainda segundo publicado, o Poder Executivo poder\u00e1 promover levantamento peri\u00f3dico das bancas desativadas ou em estado de abandono no Munic\u00edpio, com o objetivo de viabilizar sua requalifica\u00e7\u00e3o e reinser\u00e7\u00e3o na atividade econ\u00f4mica urbana.<\/p>\n<p>\u201cConsideram-se desativadas ou em estado de abandono as bancas que estejam sem funcionamento por per\u00edodo superior a 180 dias, sem justificativa formal apresentada ao Poder P\u00fablico\u201d, avalia o documento.<\/p>\n<p>Assista:<\/p>\n<p><iframe loading=\"lazy\" title=\"SESS\u00c3O ORDIN\u00c1RIA  - 27\/04\/2026\" width=\"500\" height=\"281\" src=\"https:\/\/www.youtube.com\/embed\/3OpNDFJx1QI?feature=oembed\" frameborder=\"0\" allow=\"accelerometer; autoplay; clipboard-write; encrypted-media; gyroscope; picture-in-picture; web-share\" referrerpolicy=\"strict-origin-when-cross-origin\" allowfullscreen><\/iframe><\/p>\n<\/div>\n<\/div>\n<p><br \/>\n<br \/><a href=\"https:\/\/thmais.com.br\/cidades\/ribeirao-preto\/reutilizacao-comercial-de-bancas-desativadas-em-ribeirao-preto-e-aprovada-por-20-votos\/\">Link para o texto original <\/a><\/p>\n<!-- CONTENT END 1 -->\n","protected":false},"excerpt":{"rendered":"<p>Foi votado ontem (27), durante a 23\u00aa Sess\u00e3o Ordin\u00e1ria, o Projeto de Lei N\u00b0 107\/2026, que prop\u00f5e a reutiliza\u00e7\u00e3o de bancas de jornais desativadas. A&#8230;<\/p>\n","protected":false},"author":1,"featured_media":85294,"comment_status":"","ping_status":"","sticky":false,"template":"","format":"standard","meta":{"advanced_seo_description":"","jetpack_seo_html_title":"","jetpack_seo_noindex":false,"jetpack_post_was_ever_published":false,"_jetpack_newsletter_access":"","_jetpack_dont_email_post_to_subs":false,"_jetpack_newsletter_tier_id":0,"_jetpack_memberships_contains_paywalled_content":false,"_jetpack_memberships_contains_paid_content":false,"footnotes":"","jetpack_publicize_message":"","jetpack_publicize_feature_enabled":true,"jetpack_social_post_already_shared":true,"jetpack_social_options":{"image_generator_settings":{"template":"highway","default_image_id":0,"font":"","enabled":false},"version":2}},"categories":[11],"tags":[2286,6450,705,6451,1626,134,27,6449,26,6456,6443,4986],"class_list":["post-85292","post","type-post","status-publish","format-standard","has-post-thumbnail","hentry","category-noticias-de-ribeirao-preto-sp-e-regiao-ismael-colosi","tag-aprovada","tag-bancas","tag-comercial","tag-desativadas","tag-politica","tag-por","tag-preto","tag-reutilizacao","tag-ribeirao","tag-ribeirao-preto","tag-thmais","tag-votos"],"jetpack_publicize_connections":[],"jetpack_featured_media_url":"https:\/\/i0.wp.com\/noticiasribeiraopreto.com.br\/wp-content\/uploads\/2026\/04\/Captura-de-tela-2025-01-07-084753.png?fit=1130%2C817&ssl=1","jetpack-related-posts":[{"id":85192,"url":"https:\/\/noticiasribeiraopreto.com.br\/index.php\/2026\/04\/24\/pl-propoe-reutilizacao-comercial-de-bancas-desativadas-em-ribeirao-preto-entenda\/","url_meta":{"origin":85292,"position":0},"title":"PL prop\u00f5e reutiliza\u00e7\u00e3o comercial de bancas desativadas em Ribeir\u00e3o Preto; Entenda &#8211; THMais","author":"noticiasribeiraopreto.com.br","date":"24 de April de 2026","format":false,"excerpt":"Apresentado h\u00e1 um m\u00eas, o Projeto de Lei N\u00b0 107\/2026 prop\u00f5e a reutiliza\u00e7\u00e3o de bancas de jornais desativadas. O texto, proposto por Danilo Scochi (MDB), sugere a explora\u00e7\u00e3o de atividades comerciais diversas aos espa\u00e7os, desde que respeitadas as normas urban\u00edsticas, sanit\u00e1rias, de seguran\u00e7a e de uso e ocupa\u00e7\u00e3o do solo.Conforme\u2026","rel":"","context":"In &quot;Not\u00edcias de Ribeir\u00e3o Preto-SP e Regi\u00e3o&quot;","block_context":{"text":"Not\u00edcias de Ribeir\u00e3o Preto-SP e Regi\u00e3o","link":"https:\/\/noticiasribeiraopreto.com.br\/index.php\/category\/noticias-de-ribeirao-preto-sp-e-regiao-ismael-colosi\/"},"img":{"alt_text":"","src":"https:\/\/i0.wp.com\/noticiasribeiraopreto.com.br\/wp-content\/uploads\/2026\/04\/Captura-de-tela-2026-04-24-094212.png?fit=927%2C546&ssl=1&resize=350%2C200","width":350,"height":200,"srcset":"https:\/\/i0.wp.com\/noticiasribeiraopreto.com.br\/wp-content\/uploads\/2026\/04\/Captura-de-tela-2026-04-24-094212.png?fit=927%2C546&ssl=1&resize=350%2C200 1x, https:\/\/i0.wp.com\/noticiasribeiraopreto.com.br\/wp-content\/uploads\/2026\/04\/Captura-de-tela-2026-04-24-094212.png?fit=927%2C546&ssl=1&resize=525%2C300 1.5x, https:\/\/i0.wp.com\/noticiasribeiraopreto.com.br\/wp-content\/uploads\/2026\/04\/Captura-de-tela-2026-04-24-094212.png?fit=927%2C546&ssl=1&resize=700%2C400 2x"},"classes":[]},{"id":80680,"url":"https:\/\/noticiasribeiraopreto.com.br\/index.php\/2025\/12\/10\/video-queda-de-arvore-interdita-rua-na-zona-leste\/","url_meta":{"origin":85292,"position":1},"title":"V\u00cdDEO &#8211; Queda de \u00e1rvore interdita rua na zona Leste","author":"noticiasribeiraopreto.com.br","date":"10 de December de 2025","format":false,"excerpt":"\r \r \r Vento forte derrubou \u00e1rvore, que tamb\u00e9m derrubou poste, atingindo banca de jornal desativada e banca de chaveiro e amolador, ningu\u00e9m se feriu\r \r 10 de dezembro de 2025 10:5110 de dezembro de 2025 10:52 \r Compartilhar2 \r Por: Alfredo Risk e Adalberto Luque A forte ventania registrada\u2026","rel":"","context":"In &quot;Not\u00edcias de Ribeir\u00e3o Preto-SP e Regi\u00e3o&quot;","block_context":{"text":"Not\u00edcias de Ribeir\u00e3o Preto-SP e Regi\u00e3o","link":"https:\/\/noticiasribeiraopreto.com.br\/index.php\/category\/noticias-de-ribeirao-preto-sp-e-regiao-ismael-colosi\/"},"img":{"alt_text":"","src":"https:\/\/i0.wp.com\/noticiasribeiraopreto.com.br\/wp-content\/uploads\/2025\/12\/10-dez-2025-quedaarvore1-scaled.jpg?fit=1200%2C675&ssl=1&resize=350%2C200","width":350,"height":200,"srcset":"https:\/\/i0.wp.com\/noticiasribeiraopreto.com.br\/wp-content\/uploads\/2025\/12\/10-dez-2025-quedaarvore1-scaled.jpg?fit=1200%2C675&ssl=1&resize=350%2C200 1x, https:\/\/i0.wp.com\/noticiasribeiraopreto.com.br\/wp-content\/uploads\/2025\/12\/10-dez-2025-quedaarvore1-scaled.jpg?fit=1200%2C675&ssl=1&resize=525%2C300 1.5x, https:\/\/i0.wp.com\/noticiasribeiraopreto.com.br\/wp-content\/uploads\/2025\/12\/10-dez-2025-quedaarvore1-scaled.jpg?fit=1200%2C675&ssl=1&resize=700%2C400 2x, https:\/\/i0.wp.com\/noticiasribeiraopreto.com.br\/wp-content\/uploads\/2025\/12\/10-dez-2025-quedaarvore1-scaled.jpg?fit=1200%2C675&ssl=1&resize=1050%2C600 3x"},"classes":[]},{"id":41514,"url":"https:\/\/noticiasribeiraopreto.com.br\/index.php\/2024\/03\/08\/base-da-pm-no-centro-de-ribeirao-e-desativada-nao-ha-prazo-para-reabertura\/","url_meta":{"origin":85292,"position":2},"title":"Base da PM no Centro de Ribeir\u00e3o \u00e9 desativada; N\u00e3o h\u00e1 prazo para reabertura","author":"noticiasribeiraopreto.com.br","date":"8 de March de 2024","format":false,"excerpt":"A base da Pol\u00edcia Militar, que ficava na rua Flor\u00eancio de Abriu, no Centro de Ribeir\u00e3o Preto, foi desativada. De acordo com a SSP-SP (Secretaria de Seguran\u00e7a P\u00fablica de S\u00e3o Paulo), o im\u00f3vel onde ficava a sede da 1\u00aa Companhia do 51\u00ba Batalh\u00e3o da Pol\u00edcia Militar sofre com problemas estruturais.\u2026","rel":"","context":"In &quot;Not\u00edcias de Ribeir\u00e3o Preto-SP e Regi\u00e3o&quot;","block_context":{"text":"Not\u00edcias de Ribeir\u00e3o Preto-SP e Regi\u00e3o","link":"https:\/\/noticiasribeiraopreto.com.br\/index.php\/category\/noticias-de-ribeirao-preto-sp-e-regiao-ismael-colosi\/"},"img":{"alt_text":"","src":"https:\/\/i0.wp.com\/noticiasribeiraopreto.com.br\/wp-content\/uploads\/2024\/03\/AnyConv.com__pm.webp.webp?fit=1200%2C778&ssl=1&resize=350%2C200","width":350,"height":200,"srcset":"https:\/\/i0.wp.com\/noticiasribeiraopreto.com.br\/wp-content\/uploads\/2024\/03\/AnyConv.com__pm.webp.webp?fit=1200%2C778&ssl=1&resize=350%2C200 1x, https:\/\/i0.wp.com\/noticiasribeiraopreto.com.br\/wp-content\/uploads\/2024\/03\/AnyConv.com__pm.webp.webp?fit=1200%2C778&ssl=1&resize=525%2C300 1.5x, https:\/\/i0.wp.com\/noticiasribeiraopreto.com.br\/wp-content\/uploads\/2024\/03\/AnyConv.com__pm.webp.webp?fit=1200%2C778&ssl=1&resize=700%2C400 2x, https:\/\/i0.wp.com\/noticiasribeiraopreto.com.br\/wp-content\/uploads\/2024\/03\/AnyConv.com__pm.webp.webp?fit=1200%2C778&ssl=1&resize=1050%2C600 3x"},"classes":[]},{"id":77042,"url":"https:\/\/noticiasribeiraopreto.com.br\/index.php\/2025\/09\/10\/baixa-umidade-atinge-indice-critico-em-ribeirao-preto-e-defesa-civil-dispara-alerta\/","url_meta":{"origin":85292,"position":3},"title":"Baixa umidade atinge \u00edndice cr\u00edtico em Ribeir\u00e3o Preto e Defesa Civil dispara alerta","author":"noticiasribeiraopreto.com.br","date":"10 de September de 2025","format":false,"excerpt":"A Defesa Civil de S\u00e3o Paulo emitiu \u00e0s 13h17 desta quarta-feira (10) um alerta severo de baixa umidade para a regi\u00e3o de Ribeir\u00e3o Preto. A mensagem apareceu em celulares conectados \u00e0s redes 4G e 5G por meio do sistema Cell Broadcast e informou que a umidade do ar atingiu n\u00edvel\u2026","rel":"","context":"In &quot;Not\u00edcias de Ribeir\u00e3o Preto-SP e Regi\u00e3o&quot;","block_context":{"text":"Not\u00edcias de Ribeir\u00e3o Preto-SP e Regi\u00e3o","link":"https:\/\/noticiasribeiraopreto.com.br\/index.php\/category\/noticias-de-ribeirao-preto-sp-e-regiao-ismael-colosi\/"},"img":{"alt_text":"","src":"https:\/\/i0.wp.com\/noticiasribeiraopreto.com.br\/wp-content\/uploads\/2025\/09\/Copia-de-Copia-de-Copia-de-TAMANHO-EXATO-PARA-FOTOS-NO-SISTEMA-NOVO-2025-09-10T133642.596_2025-09-10_16-37-00.webp.webp?fit=1200%2C675&ssl=1&resize=350%2C200","width":350,"height":200,"srcset":"https:\/\/i0.wp.com\/noticiasribeiraopreto.com.br\/wp-content\/uploads\/2025\/09\/Copia-de-Copia-de-Copia-de-TAMANHO-EXATO-PARA-FOTOS-NO-SISTEMA-NOVO-2025-09-10T133642.596_2025-09-10_16-37-00.webp.webp?fit=1200%2C675&ssl=1&resize=350%2C200 1x, https:\/\/i0.wp.com\/noticiasribeiraopreto.com.br\/wp-content\/uploads\/2025\/09\/Copia-de-Copia-de-Copia-de-TAMANHO-EXATO-PARA-FOTOS-NO-SISTEMA-NOVO-2025-09-10T133642.596_2025-09-10_16-37-00.webp.webp?fit=1200%2C675&ssl=1&resize=525%2C300 1.5x, https:\/\/i0.wp.com\/noticiasribeiraopreto.com.br\/wp-content\/uploads\/2025\/09\/Copia-de-Copia-de-Copia-de-TAMANHO-EXATO-PARA-FOTOS-NO-SISTEMA-NOVO-2025-09-10T133642.596_2025-09-10_16-37-00.webp.webp?fit=1200%2C675&ssl=1&resize=700%2C400 2x, https:\/\/i0.wp.com\/noticiasribeiraopreto.com.br\/wp-content\/uploads\/2025\/09\/Copia-de-Copia-de-Copia-de-TAMANHO-EXATO-PARA-FOTOS-NO-SISTEMA-NOVO-2025-09-10T133642.596_2025-09-10_16-37-00.webp.webp?fit=1200%2C675&ssl=1&resize=1050%2C600 3x"},"classes":[]},{"id":85222,"url":"https:\/\/noticiasribeiraopreto.com.br\/index.php\/2026\/04\/25\/homem-suspeito-de-matar-a-propria-esposa-e-preso-em-ribeirao-preto\/","url_meta":{"origin":85292,"position":4},"title":"Homem suspeito de matar a pr\u00f3pria esposa \u00e9 preso em Ribeir\u00e3o Preto &#8211; THMais","author":"noticiasribeiraopreto.com.br","date":"25 de April de 2026","format":false,"excerpt":"Um homem de 44 anos, cuja identidade ser\u00e1 preservada, foi preso por policiais militares competentes nesta sexta-feira (24) suspeito de assassinar a pr\u00f3pria esposa, em Ribeir\u00e3o Preto.A v\u00edtima foi encontrada morta na \u00faltima ter\u00e7a-feira (21), em sua pr\u00f3pria casa, localizada no bairro Campos El\u00edseos.Segundo apurado, o suspeito teria cometido o\u2026","rel":"","context":"In &quot;Not\u00edcias de Ribeir\u00e3o Preto-SP e Regi\u00e3o&quot;","block_context":{"text":"Not\u00edcias de Ribeir\u00e3o Preto-SP e Regi\u00e3o","link":"https:\/\/noticiasribeiraopreto.com.br\/index.php\/category\/noticias-de-ribeirao-preto-sp-e-regiao-ismael-colosi\/"},"img":{"alt_text":"","src":"https:\/\/i0.wp.com\/noticiasribeiraopreto.com.br\/wp-content\/uploads\/2026\/04\/delegacia-flavia-tostes-e1572017709724.jpeg?fit=1024%2C688&ssl=1&resize=350%2C200","width":350,"height":200,"srcset":"https:\/\/i0.wp.com\/noticiasribeiraopreto.com.br\/wp-content\/uploads\/2026\/04\/delegacia-flavia-tostes-e1572017709724.jpeg?fit=1024%2C688&ssl=1&resize=350%2C200 1x, https:\/\/i0.wp.com\/noticiasribeiraopreto.com.br\/wp-content\/uploads\/2026\/04\/delegacia-flavia-tostes-e1572017709724.jpeg?fit=1024%2C688&ssl=1&resize=525%2C300 1.5x, https:\/\/i0.wp.com\/noticiasribeiraopreto.com.br\/wp-content\/uploads\/2026\/04\/delegacia-flavia-tostes-e1572017709724.jpeg?fit=1024%2C688&ssl=1&resize=700%2C400 2x"},"classes":[]},{"id":85282,"url":"https:\/\/noticiasribeiraopreto.com.br\/index.php\/2026\/04\/27\/investigado-por-integrar-quadrilha-que-lava-dinheiro-dentro-de-prefeituras-e-preso-em-santos\/","url_meta":{"origin":85292,"position":5},"title":"Investigado por integrar quadrilha que lava dinheiro dentro de prefeituras \u00e9 preso em Santos &#8211; THMais","author":"noticiasribeiraopreto.com.br","date":"27 de April de 2026","format":false,"excerpt":"Uma pessoa foi presa em Santos por integrar uma organiza\u00e7\u00e3o criminosa que se infiltrou em prefeituras para lavar dinheiro do tr\u00e1fico de drogas. Ao todo seis pessoas foram presas nesta segunda-feira (27) durante a Opera\u00e7\u00e3o Contaminatio, deflagrada pela Pol\u00edcia Civil de S\u00e3o Paulo.Al\u00e9m das pris\u00f5es, a a\u00e7\u00e3o tamb\u00e9m cumpre 22\u2026","rel":"","context":"In &quot;Not\u00edcias de Ribeir\u00e3o Preto-SP e Regi\u00e3o&quot;","block_context":{"text":"Not\u00edcias de Ribeir\u00e3o Preto-SP e Regi\u00e3o","link":"https:\/\/noticiasribeiraopreto.com.br\/index.php\/category\/noticias-de-ribeirao-preto-sp-e-regiao-ismael-colosi\/"},"img":{"alt_text":"","src":"https:\/\/i0.wp.com\/noticiasribeiraopreto.com.br\/wp-content\/uploads\/2026\/04\/D00061100.png?fit=715%2C428&ssl=1&resize=350%2C200","width":350,"height":200,"srcset":"https:\/\/i0.wp.com\/noticiasribeiraopreto.com.br\/wp-content\/uploads\/2026\/04\/D00061100.png?fit=715%2C428&ssl=1&resize=350%2C200 1x, https:\/\/i0.wp.com\/noticiasribeiraopreto.com.br\/wp-content\/uploads\/2026\/04\/D00061100.png?fit=715%2C428&ssl=1&resize=525%2C300 1.5x, https:\/\/i0.wp.com\/noticiasribeiraopreto.com.br\/wp-content\/uploads\/2026\/04\/D00061100.png?fit=715%2C428&ssl=1&resize=700%2C400 2x"},"classes":[]}],"jetpack_sharing_enabled":true,"jetpack_shortlink":"https:\/\/wp.me\/peQAOb-mbG","_links":{"self":[{"href":"https:\/\/noticiasribeiraopreto.com.br\/index.php\/wp-json\/wp\/v2\/posts\/85292","targetHints":{"allow":["GET"]}}],"collection":[{"href":"https:\/\/noticiasribeiraopreto.com.br\/index.php\/wp-json\/wp\/v2\/posts"}],"about":[{"href":"https:\/\/noticiasribeiraopreto.com.br\/index.php\/wp-json\/wp\/v2\/types\/post"}],"author":[{"embeddable":true,"href":"https:\/\/noticiasribeiraopreto.com.br\/index.php\/wp-json\/wp\/v2\/users\/1"}],"replies":[{"embeddable":true,"href":"https:\/\/noticiasribeiraopreto.com.br\/index.php\/wp-json\/wp\/v2\/comments?post=85292"}],"version-history":[{"count":0,"href":"https:\/\/noticiasribeiraopreto.com.br\/index.php\/wp-json\/wp\/v2\/posts\/85292\/revisions"}],"wp:featuredmedia":[{"embeddable":true,"href":"https:\/\/noticiasribeiraopreto.com.br\/index.php\/wp-json\/wp\/v2\/media\/85294"}],"wp:attachment":[{"href":"https:\/\/noticiasribeiraopreto.com.br\/index.php\/wp-json\/wp\/v2\/media?parent=85292"}],"wp:term":[{"taxonomy":"category","embeddable":true,"href":"https:\/\/noticiasribeiraopreto.com.br\/index.php\/wp-json\/wp\/v2\/categories?post=85292"},{"taxonomy":"post_tag","embeddable":true,"href":"https:\/\/noticiasribeiraopreto.com.br\/index.php\/wp-json\/wp\/v2\/tags?post=85292"}],"curies":[{"name":"wp","href":"https:\/\/api.w.org\/{rel}","templated":true}]}}