{"id":85296,"date":"2026-04-28T08:32:40","date_gmt":"2026-04-28T11:32:40","guid":{"rendered":"https:\/\/noticiasribeiraopreto.com.br\/index.php\/2026\/04\/28\/elizabete-vira-re-em-mais-um-caso\/"},"modified":"2026-04-28T08:32:40","modified_gmt":"2026-04-28T11:32:40","slug":"elizabete-vira-re-em-mais-um-caso","status":"publish","type":"post","link":"https:\/\/noticiasribeiraopreto.com.br\/index.php\/2026\/04\/28\/elizabete-vira-re-em-mais-um-caso\/","title":{"rendered":"Elizabete vira r\u00e9 em mais um caso"},"content":{"rendered":"<div class='code-block code-block-1' style='margin: 8px 0 8px auto; text-align: right; display: block; clear: both;'>\n<p><a href=\"https:\/\/wa.link\/vpicfd\"><img data-recalc-dims=\"1\" class=\"wp-image-4922\" style=\"aspect-ratio: 2.0253164556962027; width: 561px; height: auto;\" src=\"https:\/\/i0.wp.com\/ismaelcolosi.com.br\/wp-content\/uploads\/2023\/11\/grupo-de-empregos-whatsapp-e-facebook-ismael-colosi-vagas.jpg?ssl=1\" alt=\"\" \/><\/a><\/p>\n<!-- \/wp:image -->\n<\/div>\n<p> <br \/>\n<\/p>\n<div>\n<p data-start=\"0\" data-end=\"503\">A ju\u00edza Bruna Ara\u00fajo Capelin Matioli, da Vara Criminal de Pontal, acatou na sexta-feira, 24 de abril, a den\u00fancia do promotor Vinicius Pascueto Amaral contra Elizabete Eug\u00eanio Arraba\u00e7a, de 68 anos, agora r\u00e9 por tentativa de homic\u00eddio qualificada \u2013 motivo torpe, emprego de veneno, meio insidioso e cruel e mediante dissimula\u00e7\u00e3o e recurso que dificultou a defesa da v\u00edtima, al\u00e9m do agravante de ter cometido o crime contra maior de 60 anos \u2013 contra a amiga Neusa Maria Costa de Andrade Ghioto, de 78 anos.<\/p>\n<p data-start=\"505\" data-end=\"1014\">O crime ocorreu em 2017, em Pontal, na Regi\u00e3o Metropolitana de Ribeir\u00e3o Preto. \u201cPresentes os requisitos legais do artigo 41 do C\u00f3digo de Processo Penal, havendo justa causa para a propositura da a\u00e7\u00e3o penal, bem como ind\u00edcios suficientes de autoria e da materialidade delitiva, recebo a den\u00fancia oferecida contra Elizabete Eug\u00eanio Arraba\u00e7a, dando-a como incursa nos artigos nela mencionados\u201d, diz a magistrada, que negou a pris\u00e3o preventiva da idosa por ela j\u00e1 estar detida e n\u00e3o oferecer risco \u00e0 investiga\u00e7\u00e3o.<\/p>\n<p data-start=\"1016\" data-end=\"1508\">A defesa de Elizabete Arraba\u00e7a, representada pelos advogado Bruno Corr\u00eaa Ribeiro e Jo\u00e3o Pedro Soares Damasceno, n\u00e3o concorda com a den\u00fancia oferecida. \u201cDiante do exposto, podemos afirmar que sim, o quadro cl\u00ednico descrito nos prontu\u00e1rios m\u00e9dicos \u00e9 compat\u00edvel com o de intoxica\u00e7\u00e3o ex\u00f3gena por agente qu\u00edmico, no entanto, n\u00e3o existem elementos de certeza para afirmar que o quadro foi causado por esta intoxica\u00e7\u00e3o ex\u00f3gena, uma vez que, v\u00e1rios s\u00e3o os crit\u00e9rios de que se valem na exclus\u00e3o ou identifica\u00e7\u00e3o dos envenenamentos\u201d.<\/p>\n<p data-start=\"1510\" data-end=\"1695\">\u201cSegundo a literatura, os subs\u00eddios mais valiosos s\u00e3o a an\u00e1lise toxicol\u00f3gica e os achados anatomopatol\u00f3gicos colhidos da v\u00edtima, os quais n\u00e3o est\u00e3o dispon\u00edveis no caso em tela\u201d, emenda.<\/p>\n<p data-start=\"1697\" data-end=\"1847\">\u201cOu seja, \u00e9 grave constrangimento ilegal responder a uma acusa\u00e7\u00e3o t\u00e3o s\u00e9ria, por um fato que n\u00e3o existe qualquer certeza se ocorreu ou n\u00e3o\u201d, finaliza.<\/p>\n<p data-start=\"1849\" data-end=\"2132\">A idosa est\u00e1 presa em Trememb\u00e9 e responde por outros casos de envenenamento, inclusive os assassinatos da nora, a professora de pilates Larissa Talle Le\u00f4ncio Rodrigues, de 37 anos, em mar\u00e7o de 2025, e da filha, a veterin\u00e1ria Nath\u00e1lia Garnica, de 42 anos, em fevereiro do ano passado.<\/p>\n<p data-start=\"2134\" data-end=\"2412\">A den\u00fancia tem por base laudo pericial. A idosa nega a tentativa de envenenamento de Neuza Ghioto. Elizabete Arraba\u00e7a foi indiciada pelo crime em 17 de dezembro, pelo delegado Fernando Bravo, da Delegacia de Homic\u00eddios da Divis\u00e3o Especializada de Investiga\u00e7\u00f5es Criminais (Deic).<\/p>\n<p data-start=\"2414\" data-end=\"2703\">Segundo o inqu\u00e9rito, em 2017 a v\u00edtima ficou internada por cinco dias no Hospital das Cl\u00ednicas \u2013 Unidade de Emerg\u00eancia (HC-UE), dois dos quais na Unidade de Terapia Intensiva (UTI). A defesa ainda pode recorrer. Caso a decis\u00e3o seja mantida, a mulher pode ser submetida a um novo julgamento.<\/p>\n<p data-start=\"2705\" data-end=\"3112\">Elizabete Arraba\u00e7a e o filho dela, o m\u00e9dico ortopedista Luiz Ant\u00f4nio Garnica, de 38 anos, j\u00e1 foram pronunciados pela morte de Larissa Rodrigues e v\u00e3o a j\u00fari popular pelo assassinato da professora de pilates. Ambos s\u00e3o r\u00e9us neste processo penal. M\u00e3e e filho respondem por feminic\u00eddio triplamente qualificado \u2013 emprego de veneno, meio cruel e mediante dissimula\u00e7\u00e3o e recurso que dificultou a defesa da v\u00edtima.<\/p>\n<p data-start=\"3114\" data-end=\"3251\">Luiz Ant\u00f4nio tamb\u00e9m foi pronunciado por fraude processual, acusado de ter alterado a cena do crime. Ele era casado com Larissa Rodrigues.<\/p>\n<p data-start=\"3253\" data-end=\"3395\">Elizabete Arraba\u00e7a tamb\u00e9m foi denunciada pelo assassinato da filha Nath\u00e1lia Garnica, de 42 anos, em 9 de fevereiro de 2025, por envenenamento.<\/p>\n<p data-start=\"3397\" data-end=\"3644\">A promotora Anne Marie Louren\u00e7o Karsten, de Pontal, tamb\u00e9m acusa a idosa de feminic\u00eddio triplamente qualificado no caso da morte da veterin\u00e1ria \u2013 emprego de veneno, meio cruel e mediante dissimula\u00e7\u00e3o e de recurso que dificultou a defesa da v\u00edtima.<\/p>\n<p data-start=\"3646\" data-end=\"4039\">O \u00d3rg\u00e3o Especial do Tribunal de Justi\u00e7a de S\u00e3o Paulo (TJSP) \u2013 inst\u00e2ncia m\u00e1xima da Corte Paulista, formado por 25 desembargadores, 13 mais antigos e doze eleitos pelo Tribunal Pleno \u2013 confirmou que a a\u00e7\u00e3o penal envolvendo a morte de Nathalia Garnica, de 42 anos, em 9 de fevereiro do ano passado, por envenenamento, continuar\u00e1 a tramitar em Pontal. A data do j\u00fari popular ainda n\u00e3o foi marcada.<\/p>\n<p data-start=\"4041\" data-end=\"4350\">O defensor da idosa, Bruno Corr\u00eaa Ribeiro, afirma que os sintomas relatados pela v\u00edtima em rela\u00e7\u00e3o ao envenenamento s\u00e3o iguais a diversas outras enfermidades, inclusive envenenamento. \u201cEntendo que o inqu\u00e9rito tem muita fragilidade e acredito que o MP pode pedir o arquivamento, mas isso cabe ao MP\u201d, concluiu.<\/p>\n<p data-start=\"4352\" data-end=\"4366\"><strong>Novo inqu\u00e9rito<\/strong><\/p>\n<p data-start=\"4368\" data-end=\"4561\">A idosa j\u00e1 est\u00e1 sendo investigada em um quarto inqu\u00e9rito. Elizabete Arraba\u00e7a \u00e9 investigada pelo homic\u00eddio de outra amiga, Elide Guide, de 80 anos, em 2016, tamb\u00e9m com suspeita de envenenamento.<\/p>\n<p data-start=\"4563\" data-end=\"4707\">Segundo Bravo, isso teria ocorrido ap\u00f3s ela passar mal e uma das \u00faltimas pessoas vistas a seu lado foi a acusada. O inqu\u00e9rito j\u00e1 foi instaurado.<\/p>\n<p data-start=\"4709\" data-end=\"4972\">Sobre este caso, a defesa de Elizabete Arraba\u00e7a entende que n\u00e3o h\u00e1 ind\u00edcios de autoria ou materialidade de crime e tudo se baseia em depoimentos de pessoas que n\u00e3o teriam conhecimento se ambas estiveram juntas ou n\u00e3o antes da morte, sem haver testemunhas de fato.<\/p>\n<p data-start=\"4974\" data-end=\"5175\">Os advogados de Elizabete Arraba\u00e7a tamb\u00e9m acreditam que a an\u00e1lise do material biol\u00f3gico n\u00e3o deve prosperar diante do longo tempo ocorrido para isso, j\u00e1 que Elide Guide morreu em 22 de dezembro de 2016.<\/p>\n<p data-start=\"5177\" data-end=\"5355\" data-is-last-node=\"\" data-is-only-node=\"\">O promotor Marcus T\u00falio Nicolino, do MP em Ribeir\u00e3o Preto, j\u00e1 considera a idosa uma serial killer (assassina em s\u00e9rie) devido ao padr\u00e3o dos crimes e ao comportamento da suspeita.<\/p>\n<\/div>\n<p><br \/>\n<br \/><a href=\"https:\/\/www.tribunaribeirao.com.br\/elizabete-vira-re-em-mais-um-caso\/\">Texto original daqui <\/a><\/p>\n<!-- CONTENT END 1 -->\n","protected":false},"excerpt":{"rendered":"<p>A ju\u00edza Bruna Ara\u00fajo Capelin Matioli, da Vara Criminal de Pontal, acatou na sexta-feira, 24 de abril, a den\u00fancia do promotor Vinicius Pascueto Amaral contra&#8230;<\/p>\n","protected":false},"author":1,"featured_media":85297,"comment_status":"","ping_status":"","sticky":false,"template":"","format":"standard","meta":{"advanced_seo_description":"","jetpack_seo_html_title":"","jetpack_seo_noindex":false,"jetpack_post_was_ever_published":false,"_jetpack_newsletter_access":"","_jetpack_dont_email_post_to_subs":false,"_jetpack_newsletter_tier_id":0,"_jetpack_memberships_contains_paywalled_content":false,"_jetpack_memberships_contains_paid_content":false,"footnotes":"","jetpack_publicize_message":"","jetpack_publicize_feature_enabled":true,"jetpack_social_post_already_shared":true,"jetpack_social_options":{"image_generator_settings":{"template":"highway","default_image_id":0,"font":"","enabled":false},"version":2}},"categories":[11],"tags":[3778,6497,276,6498,1803],"class_list":["post-85296","post","type-post","status-publish","format-standard","has-post-thumbnail","hentry","category-noticias-de-ribeirao-preto-sp-e-regiao-ismael-colosi","tag-caso","tag-elizabete","tag-mais","tag-re","tag-vira"],"jetpack_publicize_connections":[],"jetpack_featured_media_url":"https:\/\/i0.wp.com\/noticiasribeiraopreto.com.br\/wp-content\/uploads\/2026\/04\/MortePRO-Mae-Alfredo-Risk.jpg?fit=567%2C738&ssl=1","jetpack-related-posts":[{"id":83847,"url":"https:\/\/noticiasribeiraopreto.com.br\/index.php\/2026\/03\/27\/elizabete-sera-julgada-em-pontal-por-morte-da-filha\/","url_meta":{"origin":85296,"position":0},"title":"Elizabete ser\u00e1 julgada em Pontal por morte da filha","author":"noticiasribeiraopreto.com.br","date":"27 de March de 2026","format":false,"excerpt":"\r Ju\u00edza respons\u00e1vel pelo caso havia declarado que o caso deveria ser julgado em Ribeir\u00e3o Preto\r \r 27 de mar\u00e7o de 2026 10:54 \r Compartilhar2 Por: Adalberto Luque A C\u00e2mara Especial do Tribunal de Justi\u00e7a de S\u00e3o Paulo (TJSP) confirmou para Pontal o julgamento de Elizabete Eug\u00eanio Arraba\u00e7a, de 68\u2026","rel":"","context":"In &quot;Not\u00edcias de Ribeir\u00e3o Preto-SP e Regi\u00e3o&quot;","block_context":{"text":"Not\u00edcias de Ribeir\u00e3o Preto-SP e Regi\u00e3o","link":"https:\/\/noticiasribeiraopreto.com.br\/index.php\/category\/noticias-de-ribeirao-preto-sp-e-regiao-ismael-colosi\/"},"img":{"alt_text":"","src":"https:\/\/i0.wp.com\/noticiasribeiraopreto.com.br\/wp-content\/uploads\/2026\/03\/12-set-2025-betechumbinhonathalia1.jpg?fit=906%2C752&ssl=1&resize=350%2C200","width":350,"height":200,"srcset":"https:\/\/i0.wp.com\/noticiasribeiraopreto.com.br\/wp-content\/uploads\/2026\/03\/12-set-2025-betechumbinhonathalia1.jpg?fit=906%2C752&ssl=1&resize=350%2C200 1x, https:\/\/i0.wp.com\/noticiasribeiraopreto.com.br\/wp-content\/uploads\/2026\/03\/12-set-2025-betechumbinhonathalia1.jpg?fit=906%2C752&ssl=1&resize=525%2C300 1.5x, https:\/\/i0.wp.com\/noticiasribeiraopreto.com.br\/wp-content\/uploads\/2026\/03\/12-set-2025-betechumbinhonathalia1.jpg?fit=906%2C752&ssl=1&resize=700%2C400 2x"},"classes":[]},{"id":79344,"url":"https:\/\/noticiasribeiraopreto.com.br\/index.php\/2025\/10\/29\/mp-denuncia-elizabete-arrabaca-por-feminicidio-contra-a-propria-filha-na-regiao-de-ribeirao-preto\/","url_meta":{"origin":85296,"position":1},"title":"MP denuncia Elizabete Arraba\u00e7a por feminic\u00eddio contra a pr\u00f3pria filha na regi\u00e3o de Ribeir\u00e3o Preto","author":"noticiasribeiraopreto.com.br","date":"29 de October de 2025","format":false,"excerpt":"O Minist\u00e9rio P\u00fablico de S\u00e3o Paulo denunciou Elizabete Arraba\u00e7a por matar a pr\u00f3pria filha, Nath\u00e1lia Garnica, com veneno conhecido como chumbinho. O crime ocorreu em 9 de fevereiro de 2025, em uma casa no Residencial S\u00e3o Benedito, em Pontal, na regi\u00e3o de Ribeir\u00e3o Preto. Segundo a den\u00fancia, Elizabete agiu com\u2026","rel":"","context":"In &quot;Not\u00edcias de Ribeir\u00e3o Preto-SP e Regi\u00e3o&quot;","block_context":{"text":"Not\u00edcias de Ribeir\u00e3o Preto-SP e Regi\u00e3o","link":"https:\/\/noticiasribeiraopreto.com.br\/index.php\/category\/noticias-de-ribeirao-preto-sp-e-regiao-ismael-colosi\/"},"img":{"alt_text":"","src":"https:\/\/i0.wp.com\/noticiasribeiraopreto.com.br\/wp-content\/uploads\/2025\/06\/Copia-de-Copia-de-Copia-de-TAMANHO-EXATO-PARA-FOTOS-NO-SISTEMA-NOVO-2025-06-28T184923.591_2025-06-28_21-49-29.webp.webp?fit=1200%2C675&ssl=1&resize=350%2C200","width":350,"height":200,"srcset":"https:\/\/i0.wp.com\/noticiasribeiraopreto.com.br\/wp-content\/uploads\/2025\/06\/Copia-de-Copia-de-Copia-de-TAMANHO-EXATO-PARA-FOTOS-NO-SISTEMA-NOVO-2025-06-28T184923.591_2025-06-28_21-49-29.webp.webp?fit=1200%2C675&ssl=1&resize=350%2C200 1x, https:\/\/i0.wp.com\/noticiasribeiraopreto.com.br\/wp-content\/uploads\/2025\/06\/Copia-de-Copia-de-Copia-de-TAMANHO-EXATO-PARA-FOTOS-NO-SISTEMA-NOVO-2025-06-28T184923.591_2025-06-28_21-49-29.webp.webp?fit=1200%2C675&ssl=1&resize=525%2C300 1.5x, https:\/\/i0.wp.com\/noticiasribeiraopreto.com.br\/wp-content\/uploads\/2025\/06\/Copia-de-Copia-de-Copia-de-TAMANHO-EXATO-PARA-FOTOS-NO-SISTEMA-NOVO-2025-06-28T184923.591_2025-06-28_21-49-29.webp.webp?fit=1200%2C675&ssl=1&resize=700%2C400 2x, https:\/\/i0.wp.com\/noticiasribeiraopreto.com.br\/wp-content\/uploads\/2025\/06\/Copia-de-Copia-de-Copia-de-TAMANHO-EXATO-PARA-FOTOS-NO-SISTEMA-NOVO-2025-06-28T184923.591_2025-06-28_21-49-29.webp.webp?fit=1200%2C675&ssl=1&resize=1050%2C600 3x"},"classes":[]},{"id":83900,"url":"https:\/\/noticiasribeiraopreto.com.br\/index.php\/2026\/03\/27\/justica-decide-que-caso-de-nathalia-garnica-deve-ser-julgado-em-pontal\/","url_meta":{"origin":85296,"position":2},"title":"Justi\u00e7a decide que caso de Nath\u00e1lia Garnica deve ser julgado em Pontal","author":"noticiasribeiraopreto.com.br","date":"27 de March de 2026","format":false,"excerpt":"O Tribunal de Justi\u00e7a de S\u00e3o Paulo decidiu que o caso da morte da veterin\u00e1ria Nath\u00e1lia Garnica ser\u00e1 julgado pelo f\u00f3rum de Pontal, cidade na regi\u00e3o de Ribeir\u00e3o Preto. A mulher, de 42 anos, morreu ap\u00f3s ser envenenada, e a principal suspeita do crime \u00e9 a pr\u00f3pria m\u00e3e, Elizabete Arraba\u00e7a.\u2026","rel":"","context":"In &quot;Not\u00edcias de Ribeir\u00e3o Preto-SP e Regi\u00e3o&quot;","block_context":{"text":"Not\u00edcias de Ribeir\u00e3o Preto-SP e Regi\u00e3o","link":"https:\/\/noticiasribeiraopreto.com.br\/index.php\/category\/noticias-de-ribeirao-preto-sp-e-regiao-ismael-colosi\/"},"img":{"alt_text":"","src":"https:\/\/i0.wp.com\/noticiasribeiraopreto.com.br\/wp-content\/uploads\/2025\/11\/Copia-de-Copia-de-Copia-de-TAMANHO-EXATO-PARA-FOTOS-NO-SISTEMA-NOVO-2025-11-18T205210.520_2025-11-18_23-52-19.webp.webp?fit=1200%2C675&ssl=1&resize=350%2C200","width":350,"height":200,"srcset":"https:\/\/i0.wp.com\/noticiasribeiraopreto.com.br\/wp-content\/uploads\/2025\/11\/Copia-de-Copia-de-Copia-de-TAMANHO-EXATO-PARA-FOTOS-NO-SISTEMA-NOVO-2025-11-18T205210.520_2025-11-18_23-52-19.webp.webp?fit=1200%2C675&ssl=1&resize=350%2C200 1x, https:\/\/i0.wp.com\/noticiasribeiraopreto.com.br\/wp-content\/uploads\/2025\/11\/Copia-de-Copia-de-Copia-de-TAMANHO-EXATO-PARA-FOTOS-NO-SISTEMA-NOVO-2025-11-18T205210.520_2025-11-18_23-52-19.webp.webp?fit=1200%2C675&ssl=1&resize=525%2C300 1.5x, https:\/\/i0.wp.com\/noticiasribeiraopreto.com.br\/wp-content\/uploads\/2025\/11\/Copia-de-Copia-de-Copia-de-TAMANHO-EXATO-PARA-FOTOS-NO-SISTEMA-NOVO-2025-11-18T205210.520_2025-11-18_23-52-19.webp.webp?fit=1200%2C675&ssl=1&resize=700%2C400 2x, https:\/\/i0.wp.com\/noticiasribeiraopreto.com.br\/wp-content\/uploads\/2025\/11\/Copia-de-Copia-de-Copia-de-TAMANHO-EXATO-PARA-FOTOS-NO-SISTEMA-NOVO-2025-11-18T205210.520_2025-11-18_23-52-19.webp.webp?fit=1200%2C675&ssl=1&resize=1050%2C600 3x"},"classes":[]},{"id":79367,"url":"https:\/\/noticiasribeiraopreto.com.br\/index.php\/2025\/10\/30\/mp-denuncia-elizabete-pela-morte-de-filha\/","url_meta":{"origin":85296,"position":3},"title":"MP denuncia Elizabete pela morte de filha","author":"noticiasribeiraopreto.com.br","date":"30 de October de 2025","format":false,"excerpt":"Por: Adalberto Luque O Minist\u00e9rio P\u00fablico de S\u00e3o Paulo (MPSP) denunciou Elizabete Eug\u00eanio Arraba\u00e7a, de 68 anos, pela morte de sua filha Nath\u00e1lia Garnica, de 42 anos, por envenenamento. A promotora apresentou den\u00fancia por crime de feminic\u00eddio, com tr\u00eas qualificadoras :emprego de veneno, meio cruel e mediante dissimula\u00e7\u00e3o e de\u2026","rel":"","context":"In &quot;Not\u00edcias de Ribeir\u00e3o Preto-SP e Regi\u00e3o&quot;","block_context":{"text":"Not\u00edcias de Ribeir\u00e3o Preto-SP e Regi\u00e3o","link":"https:\/\/noticiasribeiraopreto.com.br\/index.php\/category\/noticias-de-ribeirao-preto-sp-e-regiao-ismael-colosi\/"},"img":{"alt_text":"","src":"https:\/\/i0.wp.com\/noticiasribeiraopreto.com.br\/wp-content\/uploads\/2025\/10\/12-set-2025-betechumbinhonathalia2-1.jpg?fit=934%2C780&ssl=1&resize=350%2C200","width":350,"height":200,"srcset":"https:\/\/i0.wp.com\/noticiasribeiraopreto.com.br\/wp-content\/uploads\/2025\/10\/12-set-2025-betechumbinhonathalia2-1.jpg?fit=934%2C780&ssl=1&resize=350%2C200 1x, https:\/\/i0.wp.com\/noticiasribeiraopreto.com.br\/wp-content\/uploads\/2025\/10\/12-set-2025-betechumbinhonathalia2-1.jpg?fit=934%2C780&ssl=1&resize=525%2C300 1.5x, https:\/\/i0.wp.com\/noticiasribeiraopreto.com.br\/wp-content\/uploads\/2025\/10\/12-set-2025-betechumbinhonathalia2-1.jpg?fit=934%2C780&ssl=1&resize=700%2C400 2x"},"classes":[]},{"id":74742,"url":"https:\/\/noticiasribeiraopreto.com.br\/index.php\/2025\/07\/28\/policia-investiga-se-elizabete-arrabaca-matou-amiga-envenenada-ha-nove-anos\/","url_meta":{"origin":85296,"position":4},"title":"Pol\u00edcia investiga se Elizabete Arraba\u00e7a matou amiga envenenada h\u00e1 nove anos","author":"noticiasribeiraopreto.com.br","date":"28 de July de 2025","format":false,"excerpt":"A Pol\u00edcia Civil de Ribeir\u00e3o Preto investiga uma terceira morte ligada a Elizabete Arraba\u00e7a, suspeita de envenenar a nora Larissa Rodrigues e de matar a pr\u00f3pria filha, Nath\u00e1lia Garnica, em Pontal. Nos dois casos, a investiga\u00e7\u00e3o concluiu que Elizabete usou chumbinho como subst\u00e2ncia t\u00f3xica. A nova apura\u00e7\u00e3o envolve a morte\u2026","rel":"","context":"In &quot;Not\u00edcias de Ribeir\u00e3o Preto-SP e Regi\u00e3o&quot;","block_context":{"text":"Not\u00edcias de Ribeir\u00e3o Preto-SP e Regi\u00e3o","link":"https:\/\/noticiasribeiraopreto.com.br\/index.php\/category\/noticias-de-ribeirao-preto-sp-e-regiao-ismael-colosi\/"},"img":{"alt_text":"","src":"https:\/\/i0.wp.com\/noticiasribeiraopreto.com.br\/wp-content\/uploads\/2025\/06\/ret_2025-06-26_17-04-24.webp.webp?fit=1200%2C675&ssl=1&resize=350%2C200","width":350,"height":200,"srcset":"https:\/\/i0.wp.com\/noticiasribeiraopreto.com.br\/wp-content\/uploads\/2025\/06\/ret_2025-06-26_17-04-24.webp.webp?fit=1200%2C675&ssl=1&resize=350%2C200 1x, https:\/\/i0.wp.com\/noticiasribeiraopreto.com.br\/wp-content\/uploads\/2025\/06\/ret_2025-06-26_17-04-24.webp.webp?fit=1200%2C675&ssl=1&resize=525%2C300 1.5x, https:\/\/i0.wp.com\/noticiasribeiraopreto.com.br\/wp-content\/uploads\/2025\/06\/ret_2025-06-26_17-04-24.webp.webp?fit=1200%2C675&ssl=1&resize=700%2C400 2x, https:\/\/i0.wp.com\/noticiasribeiraopreto.com.br\/wp-content\/uploads\/2025\/06\/ret_2025-06-26_17-04-24.webp.webp?fit=1200%2C675&ssl=1&resize=1050%2C600 3x"},"classes":[]},{"id":80560,"url":"https:\/\/noticiasribeiraopreto.com.br\/index.php\/2025\/12\/06\/elizabete-arrabaca-e-indiciada-pelo-3o-crime-envolvendo-veneno-no-interior-de-sp\/","url_meta":{"origin":85296,"position":5},"title":"Elizabete Arraba\u00e7a \u00e9 indiciada pelo 3\u00ba crime envolvendo veneno no interior de SP","author":"noticiasribeiraopreto.com.br","date":"6 de December de 2025","format":false,"excerpt":"A Pol\u00edcia Civil indiciou Elizabete Arraba\u00e7a pela tentativa de homic\u00eddio de uma amiga em 2017, em Pontal, no interior de S\u00e3o Paulo. O caso se tornou o terceiro epis\u00f3dio que envolve o uso de veneno pela idosa. A investiga\u00e7\u00e3o aponta que a v\u00edtima, de 78 anos, passou cinco dias internada\u2026","rel":"","context":"In &quot;Not\u00edcias de Ribeir\u00e3o Preto-SP e Regi\u00e3o&quot;","block_context":{"text":"Not\u00edcias de Ribeir\u00e3o Preto-SP e Regi\u00e3o","link":"https:\/\/noticiasribeiraopreto.com.br\/index.php\/category\/noticias-de-ribeirao-preto-sp-e-regiao-ismael-colosi\/"},"img":{"alt_text":"","src":"https:\/\/i0.wp.com\/noticiasribeiraopreto.com.br\/wp-content\/uploads\/2025\/06\/ret_2025-06-26_17-04-24.webp.webp?fit=1200%2C675&ssl=1&resize=350%2C200","width":350,"height":200,"srcset":"https:\/\/i0.wp.com\/noticiasribeiraopreto.com.br\/wp-content\/uploads\/2025\/06\/ret_2025-06-26_17-04-24.webp.webp?fit=1200%2C675&ssl=1&resize=350%2C200 1x, https:\/\/i0.wp.com\/noticiasribeiraopreto.com.br\/wp-content\/uploads\/2025\/06\/ret_2025-06-26_17-04-24.webp.webp?fit=1200%2C675&ssl=1&resize=525%2C300 1.5x, https:\/\/i0.wp.com\/noticiasribeiraopreto.com.br\/wp-content\/uploads\/2025\/06\/ret_2025-06-26_17-04-24.webp.webp?fit=1200%2C675&ssl=1&resize=700%2C400 2x, https:\/\/i0.wp.com\/noticiasribeiraopreto.com.br\/wp-content\/uploads\/2025\/06\/ret_2025-06-26_17-04-24.webp.webp?fit=1200%2C675&ssl=1&resize=1050%2C600 3x"},"classes":[]}],"jetpack_sharing_enabled":true,"jetpack_shortlink":"https:\/\/wp.me\/peQAOb-mbK","_links":{"self":[{"href":"https:\/\/noticiasribeiraopreto.com.br\/index.php\/wp-json\/wp\/v2\/posts\/85296","targetHints":{"allow":["GET"]}}],"collection":[{"href":"https:\/\/noticiasribeiraopreto.com.br\/index.php\/wp-json\/wp\/v2\/posts"}],"about":[{"href":"https:\/\/noticiasribeiraopreto.com.br\/index.php\/wp-json\/wp\/v2\/types\/post"}],"author":[{"embeddable":true,"href":"https:\/\/noticiasribeiraopreto.com.br\/index.php\/wp-json\/wp\/v2\/users\/1"}],"replies":[{"embeddable":true,"href":"https:\/\/noticiasribeiraopreto.com.br\/index.php\/wp-json\/wp\/v2\/comments?post=85296"}],"version-history":[{"count":0,"href":"https:\/\/noticiasribeiraopreto.com.br\/index.php\/wp-json\/wp\/v2\/posts\/85296\/revisions"}],"wp:featuredmedia":[{"embeddable":true,"href":"https:\/\/noticiasribeiraopreto.com.br\/index.php\/wp-json\/wp\/v2\/media\/85297"}],"wp:attachment":[{"href":"https:\/\/noticiasribeiraopreto.com.br\/index.php\/wp-json\/wp\/v2\/media?parent=85296"}],"wp:term":[{"taxonomy":"category","embeddable":true,"href":"https:\/\/noticiasribeiraopreto.com.br\/index.php\/wp-json\/wp\/v2\/categories?post=85296"},{"taxonomy":"post_tag","embeddable":true,"href":"https:\/\/noticiasribeiraopreto.com.br\/index.php\/wp-json\/wp\/v2\/tags?post=85296"}],"curies":[{"name":"wp","href":"https:\/\/api.w.org\/{rel}","templated":true}]}}