{"id":85299,"date":"2026-04-28T09:30:25","date_gmt":"2026-04-28T12:30:25","guid":{"rendered":"https:\/\/noticiasribeiraopreto.com.br\/index.php\/2026\/04\/28\/prefeitura-intensifica-acoes-de-prevencao-contra-acidentes-de-trabalho-ano-passado-56-morreram\/"},"modified":"2026-04-28T09:30:25","modified_gmt":"2026-04-28T12:30:25","slug":"prefeitura-intensifica-acoes-de-prevencao-contra-acidentes-de-trabalho-ano-passado-56-morreram","status":"publish","type":"post","link":"https:\/\/noticiasribeiraopreto.com.br\/index.php\/2026\/04\/28\/prefeitura-intensifica-acoes-de-prevencao-contra-acidentes-de-trabalho-ano-passado-56-morreram\/","title":{"rendered":"Prefeitura intensifica a\u00e7\u00f5es de preven\u00e7\u00e3o contra acidentes de trabalho; Ano passado, 56 morreram &#8211; THMais"},"content":{"rendered":"<div class='code-block code-block-1' style='margin: 8px 0 8px auto; text-align: right; display: block; clear: both;'>\n<p><a href=\"https:\/\/wa.link\/vpicfd\"><img data-recalc-dims=\"1\" class=\"wp-image-4922\" style=\"aspect-ratio: 2.0253164556962027; width: 561px; height: auto;\" src=\"https:\/\/i0.wp.com\/ismaelcolosi.com.br\/wp-content\/uploads\/2023\/11\/grupo-de-empregos-whatsapp-e-facebook-ismael-colosi-vagas.jpg?ssl=1\" alt=\"\" \/><\/a><\/p>\n<!-- \/wp:image -->\n<\/div>\n<p> <br \/>\n<\/p>\n<div>\n<p>A Prefeitura de Ribeir\u00e3o Preto, atrav\u00e9s da Secretaria de Sa\u00fade, vem ampliando as a\u00e7\u00f5es de preven\u00e7\u00e3o contra acidentes de trabalho, durante a campanha Abril Verde, de preven\u00e7\u00e3o e orienta\u00e7\u00e3o para ambientes de trabalho mais seguros e saud\u00e1veis. Nesta ter\u00e7a-feira (28), as atividades de preven\u00e7\u00e3o s\u00e3o intensificadas em celebra\u00e7\u00e3o ao Dia Mundial Mem\u00f3ria das V\u00edtimas de Acidentes de Trabalho, data que gerou o surgimento da campanha.<\/p>\n<p>O objetivo \u00e9 evitar acidentes, principalmente que gerem \u00f3bitos, neste ano de 2026. Em 2025, foram registrados 56 casos na cidade e 22 na regi\u00e3o, nos munic\u00edpios de Sert\u00e3ozinho, S\u00e3o Sim\u00e3o e Jardin\u00f3polis, conforme dados do Centro de Refer\u00eancia em Sa\u00fade do Trabalhador \u2013 CEREST.<\/p>\n<p>\u201cA maioria dessas mortes poderia ser evitada. Nosso trabalho \u00e9 justamente investigar, orientar e atuar junto aos servi\u00e7os e empregadores para reduzir riscos e salvar vidas, por meio da vigil\u00e2ncia em sa\u00fade, a\u00e7\u00f5es educativas e articula\u00e7\u00e3o com servi\u00e7os de sa\u00fade e \u00f3rg\u00e3os como o Minist\u00e9rio P\u00fablico do Trabalho\u201d, destaca Ana Beatriz Degani Angerami, fisioterapeuta especialista em Sa\u00fade do Trabalhador e chefe do setor do CEREST.<\/p>\n<p>Dados do SINAN (Sistema de Informa\u00e7\u00f5es de Agravos de Notifica\u00e7\u00e3o) apontam que, em 2025, houve a predomin\u00e2ncia expressiva de v\u00edtimas do sexo masculino nos acidentes de trabalho, com 70 casos, evidenciando a maior exposi\u00e7\u00e3o dos homens a atividades de risco. J\u00e1 a faixa et\u00e1ria mais atingida \u00e9 entre 31 e 50 anos, com 42 registros, seguida pelo grupo de 51 a 70 anos.<\/p>\n<p>Outro ponto de destaque \u00e9 o local das ocorr\u00eancias. A maior parte dos \u00f3bitos aconteceu em vias p\u00fablicas, seja em acidentes t\u00edpicos, com 28 casos, ou de trajeto, em 30 casos, o que evidencia que as principais causas s\u00e3o acidentes de tr\u00e2nsito, diferentemente de 2024, em que os \u00f3bitos estavam associados a acidentes t\u00edpicos em ambientes de trabalho. Em 2025, apenas 21 foram registrados dentro de empresas.<\/p>\n<p>As ocupa\u00e7\u00f5es mais atingidas refor\u00e7am o cen\u00e1rio da necessidade de preven\u00e7\u00e3o de acidentes de tr\u00e2nsito: motoristas de caminh\u00e3o e motociclistas entregadores somam 19 casos. Tamb\u00e9m, h\u00e1 destaque para eletricistas e de trabalhadores do com\u00e9rcio e servi\u00e7os diversos. A presen\u00e7a significativa de profissionais ligados ao transporte e \u00e0 constru\u00e7\u00e3o civil evidencia setores priorit\u00e1rios para a\u00e7\u00f5es de preven\u00e7\u00e3o.<\/p>\n<p>\u201cAl\u00e9m da investiga\u00e7\u00e3o, nosso trabalho permite identificar falhas, propor mudan\u00e7as e contribuir para evitar novas ocorr\u00eancias. A preven\u00e7\u00e3o continua sendo a principal ferramenta para salvar vidas\u201d, afirmou Ana Beatriz.<\/p>\n<p>Os dados revelam impacto direto na popula\u00e7\u00e3o economicamente ativa, com consequ\u00eancias sociais e econ\u00f4micas significativas, o que gera a necessidade da orienta\u00e7\u00e3o e preven\u00e7\u00e3o intensificadas, a fim de promover ambientes de trabalho mais seguros e saud\u00e1veis.<\/p>\n<h2>Abril Verde<\/h2>\n<p>A Campanha Abril Verde, de orienta\u00e7\u00e3o e preven\u00e7\u00e3o contra acidentes de trabalho, surgiu como uma resposta ao acidente de trabalho ocorrido em 1969, em Virg\u00ednia, nos Estados Unidos, no dia 28 de abril, quando uma mina explodiu e resultou na morte de 78 trabalhadores.<\/p>\n<p>O Abril Verde busca refor\u00e7as as pr\u00e1ticas de seguran\u00e7a dentro dos estabelecimentos de trabalho e de sa\u00fade, n\u00e3o apenas f\u00edsica, mas mental.<\/p>\n<\/div>\n<p><br \/>\n<br \/><a href=\"https:\/\/thmais.com.br\/cidades\/ribeirao-preto\/prefeitura-intensifica-acoes-de-prevencao-contra-acidentes-de-trabalho-ano-passado-56-morreram\/\">Link para o texto original <\/a><\/p>\n<!-- CONTENT END 1 -->\n","protected":false},"excerpt":{"rendered":"<p>A Prefeitura de Ribeir\u00e3o Preto, atrav\u00e9s da Secretaria de Sa\u00fade, vem ampliando as a\u00e7\u00f5es de preven\u00e7\u00e3o contra acidentes de trabalho, durante a campanha Abril Verde,&#8230;<\/p>\n","protected":false},"author":1,"featured_media":85300,"comment_status":"","ping_status":"","sticky":false,"template":"","format":"standard","meta":{"advanced_seo_description":"","jetpack_seo_html_title":"","jetpack_seo_noindex":false,"jetpack_post_was_ever_published":false,"_jetpack_newsletter_access":"","_jetpack_dont_email_post_to_subs":false,"_jetpack_newsletter_tier_id":0,"_jetpack_memberships_contains_paywalled_content":false,"_jetpack_memberships_contains_paid_content":false,"footnotes":"","jetpack_publicize_message":"","jetpack_publicize_feature_enabled":true,"jetpack_social_post_already_shared":true,"jetpack_social_options":{"image_generator_settings":{"template":"highway","default_image_id":0,"font":"","enabled":false},"version":2}},"categories":[11],"tags":[790,1459,681,109,6499,2587,3776,244,1444,6443,583],"class_list":["post-85299","post","type-post","status-publish","format-standard","has-post-thumbnail","hentry","category-noticias-de-ribeirao-preto-sp-e-regiao-ismael-colosi","tag-acidentes","tag-acoes","tag-ano","tag-contra","tag-intensifica","tag-morreram","tag-passado","tag-prefeitura","tag-prevencao","tag-thmais","tag-trabalho"],"jetpack_publicize_connections":[],"jetpack_featured_media_url":"https:\/\/i0.wp.com\/noticiasribeiraopreto.com.br\/wp-content\/uploads\/2026\/04\/abril_verde-_cerest-1024x683.png?fit=1024%2C683&ssl=1","jetpack-related-posts":[{"id":85288,"url":"https:\/\/noticiasribeiraopreto.com.br\/index.php\/2026\/04\/28\/acidente-de-trabalho-registrou-56-mortes-em-ribeirao-no-ano-pasado\/","url_meta":{"origin":85299,"position":0},"title":"Acidente de trabalho \u2028registrou 56 mortes em Ribeir\u00e3o no ano pasado","author":"noticiasribeiraopreto.com.br","date":"28 de April de 2026","format":false,"excerpt":"\r \r \r 28 de abril de 2026 07:2727 de abril de 2026 23:45 \r Compartilhar0 Ribeir\u00e3o Preto registrou 56 mortes relacionadas ao trabalho em 2025; Secretaria Municipal de Sa\u00fade, intensificou as a\u00e7\u00f5es de preven\u00e7\u00e3o contra acidentes de trabalho Dados do Centro de Refer\u00eancia em Sa\u00fade do Trabalhador (Cerest) de\u2026","rel":"","context":"In &quot;Not\u00edcias de Ribeir\u00e3o Preto-SP e Regi\u00e3o&quot;","block_context":{"text":"Not\u00edcias de Ribeir\u00e3o Preto-SP e Regi\u00e3o","link":"https:\/\/noticiasribeiraopreto.com.br\/index.php\/category\/noticias-de-ribeirao-preto-sp-e-regiao-ismael-colosi\/"},"img":{"alt_text":"","src":"https:\/\/i0.wp.com\/noticiasribeiraopreto.com.br\/wp-content\/uploads\/2026\/04\/Trabalho-Imagem-Ilustrativa-scaled.jpeg?fit=1200%2C675&ssl=1&resize=350%2C200","width":350,"height":200,"srcset":"https:\/\/i0.wp.com\/noticiasribeiraopreto.com.br\/wp-content\/uploads\/2026\/04\/Trabalho-Imagem-Ilustrativa-scaled.jpeg?fit=1200%2C675&ssl=1&resize=350%2C200 1x, https:\/\/i0.wp.com\/noticiasribeiraopreto.com.br\/wp-content\/uploads\/2026\/04\/Trabalho-Imagem-Ilustrativa-scaled.jpeg?fit=1200%2C675&ssl=1&resize=525%2C300 1.5x, https:\/\/i0.wp.com\/noticiasribeiraopreto.com.br\/wp-content\/uploads\/2026\/04\/Trabalho-Imagem-Ilustrativa-scaled.jpeg?fit=1200%2C675&ssl=1&resize=700%2C400 2x, https:\/\/i0.wp.com\/noticiasribeiraopreto.com.br\/wp-content\/uploads\/2026\/04\/Trabalho-Imagem-Ilustrativa-scaled.jpeg?fit=1200%2C675&ssl=1&resize=1050%2C600 3x"},"classes":[]},{"id":45039,"url":"https:\/\/noticiasribeiraopreto.com.br\/index.php\/2024\/04\/01\/abril-verde-reforca-importancia-da-notificacao-de-doencas-relacionadas-ao-trabalho\/","url_meta":{"origin":85299,"position":1},"title":"Abril Verde refor\u00e7a import\u00e2ncia da notifica\u00e7\u00e3o de doen\u00e7as relacionadas ao trabalho","author":"noticiasribeiraopreto.com.br","date":"1 de April de 2024","format":false,"excerpt":"\u201cAdoecimento tamb\u00e9m \u00e9 acidente do trabalho. Conhecer para prevenir\u201d. Esse \u00e9 o slogan da campanha Abril Verde 2024 do Minist\u00e9rio P\u00fablico do Trabalho (MPT). Neste ano, a iniciativa busca esclarecer a sociedade sobre a import\u00e2ncia da cultura de preven\u00e7\u00e3o de doen\u00e7as relacionadas ao trabalho e da notifica\u00e7\u00e3o de casos para\u2026","rel":"","context":"In &quot;Not\u00edcias de Ribeir\u00e3o Preto-SP e Regi\u00e3o&quot;","block_context":{"text":"Not\u00edcias de Ribeir\u00e3o Preto-SP e Regi\u00e3o","link":"https:\/\/noticiasribeiraopreto.com.br\/index.php\/category\/noticias-de-ribeirao-preto-sp-e-regiao-ismael-colosi\/"},"img":{"alt_text":"","src":"https:\/\/i0.wp.com\/noticiasribeiraopreto.com.br\/wp-content\/uploads\/2024\/04\/f84bac5c-3aeb-4169-8c46-78e65050482e.jpg?fit=800%2C450&ssl=1&resize=350%2C200","width":350,"height":200,"srcset":"https:\/\/i0.wp.com\/noticiasribeiraopreto.com.br\/wp-content\/uploads\/2024\/04\/f84bac5c-3aeb-4169-8c46-78e65050482e.jpg?fit=800%2C450&ssl=1&resize=350%2C200 1x, https:\/\/i0.wp.com\/noticiasribeiraopreto.com.br\/wp-content\/uploads\/2024\/04\/f84bac5c-3aeb-4169-8c46-78e65050482e.jpg?fit=800%2C450&ssl=1&resize=525%2C300 1.5x, https:\/\/i0.wp.com\/noticiasribeiraopreto.com.br\/wp-content\/uploads\/2024\/04\/f84bac5c-3aeb-4169-8c46-78e65050482e.jpg?fit=800%2C450&ssl=1&resize=700%2C400 2x"},"classes":[]},{"id":59787,"url":"https:\/\/noticiasribeiraopreto.com.br\/index.php\/2024\/10\/30\/utm_sourcerssutm_mediumrssutm_campaigncamara-de-ribeirao-preto-aprova-programa-para-prevencao-e-seguranca-na-saude-dos-servidores-municipais\/","url_meta":{"origin":85299,"position":2},"title":"C\u00e2mara de Ribeir\u00e3o Preto Aprova Programa para Preven\u00e7\u00e3o e Seguran\u00e7a na Sa\u00fade dos Servidores Municipais","author":"noticiasribeiraopreto.com.br","date":"30 de October de 2024","format":false,"excerpt":"A C\u00e2mara Municipal de Ribeir\u00e3o Preto aprovou, em sess\u00e3o recente, um projeto de lei que institui o Programa de Preven\u00e7\u00e3o e Seguran\u00e7a da Sa\u00fade do Servidor. Esse programa visa promover a sa\u00fade e o bem-estar dos servidores municipais, al\u00e9m de garantir melhores condi\u00e7\u00f5es de trabalho e prote\u00e7\u00e3o contra riscos ocupacionais.\u2026","rel":"","context":"In &quot;Not\u00edcias de Ribeir\u00e3o Preto-SP e Regi\u00e3o&quot;","block_context":{"text":"Not\u00edcias de Ribeir\u00e3o Preto-SP e Regi\u00e3o","link":"https:\/\/noticiasribeiraopreto.com.br\/index.php\/category\/noticias-de-ribeirao-preto-sp-e-regiao-ismael-colosi\/"},"img":{"alt_text":"","src":"https:\/\/i0.wp.com\/noticiasribeiraopreto.com.br\/wp-content\/uploads\/2024\/10\/DSC7400-scaled.jpg?fit=1200%2C800&ssl=1&resize=350%2C200","width":350,"height":200,"srcset":"https:\/\/i0.wp.com\/noticiasribeiraopreto.com.br\/wp-content\/uploads\/2024\/10\/DSC7400-scaled.jpg?fit=1200%2C800&ssl=1&resize=350%2C200 1x, https:\/\/i0.wp.com\/noticiasribeiraopreto.com.br\/wp-content\/uploads\/2024\/10\/DSC7400-scaled.jpg?fit=1200%2C800&ssl=1&resize=525%2C300 1.5x, https:\/\/i0.wp.com\/noticiasribeiraopreto.com.br\/wp-content\/uploads\/2024\/10\/DSC7400-scaled.jpg?fit=1200%2C800&ssl=1&resize=700%2C400 2x, https:\/\/i0.wp.com\/noticiasribeiraopreto.com.br\/wp-content\/uploads\/2024\/10\/DSC7400-scaled.jpg?fit=1200%2C800&ssl=1&resize=1050%2C600 3x"},"classes":[]},{"id":59793,"url":"https:\/\/noticiasribeiraopreto.com.br\/index.php\/2024\/10\/30\/camara-de-ribeirao-preto-aprova-programa-para-prevencao-e-seguranca-na-saude-dos-servidores-municipais\/","url_meta":{"origin":85299,"position":3},"title":"C\u00e2mara de Ribeir\u00e3o Preto Aprova Programa para Preven\u00e7\u00e3o e Seguran\u00e7a na Sa\u00fade dos Servidores Municipais","author":"noticiasribeiraopreto.com.br","date":"30 de October de 2024","format":false,"excerpt":"A C\u00e2mara Municipal de Ribeir\u00e3o Preto aprovou, em sess\u00e3o recente, um projeto de lei que institui o Programa de Preven\u00e7\u00e3o e Seguran\u00e7a da Sa\u00fade do Servidor. Esse programa visa promover a sa\u00fade e o bem-estar dos servidores municipais, al\u00e9m de garantir melhores condi\u00e7\u00f5es de trabalho e prote\u00e7\u00e3o contra riscos ocupacionais.\u2026","rel":"","context":"In &quot;Not\u00edcias de Ribeir\u00e3o Preto-SP e Regi\u00e3o&quot;","block_context":{"text":"Not\u00edcias de Ribeir\u00e3o Preto-SP e Regi\u00e3o","link":"https:\/\/noticiasribeiraopreto.com.br\/index.php\/category\/noticias-de-ribeirao-preto-sp-e-regiao-ismael-colosi\/"},"img":{"alt_text":"","src":"https:\/\/i0.wp.com\/noticiasribeiraopreto.com.br\/wp-content\/uploads\/2024\/10\/1730288743_DSC7400-scaled.jpg?fit=1200%2C800&ssl=1&resize=350%2C200","width":350,"height":200,"srcset":"https:\/\/i0.wp.com\/noticiasribeiraopreto.com.br\/wp-content\/uploads\/2024\/10\/1730288743_DSC7400-scaled.jpg?fit=1200%2C800&ssl=1&resize=350%2C200 1x, https:\/\/i0.wp.com\/noticiasribeiraopreto.com.br\/wp-content\/uploads\/2024\/10\/1730288743_DSC7400-scaled.jpg?fit=1200%2C800&ssl=1&resize=525%2C300 1.5x, https:\/\/i0.wp.com\/noticiasribeiraopreto.com.br\/wp-content\/uploads\/2024\/10\/1730288743_DSC7400-scaled.jpg?fit=1200%2C800&ssl=1&resize=700%2C400 2x, https:\/\/i0.wp.com\/noticiasribeiraopreto.com.br\/wp-content\/uploads\/2024\/10\/1730288743_DSC7400-scaled.jpg?fit=1200%2C800&ssl=1&resize=1050%2C600 3x"},"classes":[]},{"id":19942,"url":"https:\/\/noticiasribeiraopreto.com.br\/index.php\/2023\/12\/23\/veja-quem-sao-as-vitimas-que-morreram-na-queda-de-aviao-na-regiao-de-ribeirao\/","url_meta":{"origin":85299,"position":4},"title":"Veja quem s\u00e3o as v\u00edtimas que morreram na queda de avi\u00e3o na regi\u00e3o de Ribeir\u00e3o","author":"noticiasribeiraopreto.com.br","date":"23 de December de 2023","format":false,"excerpt":"Est\u00e3o identificadas as cinco pessoas que morreram na queda de um avi\u00e3o em uma pra\u00e7a na cidade Jaboticabal, a 70 quil\u00f4metros de Ribeir\u00e3o Preto, na manh\u00e3 deste s\u00e1bado (22). Segundo o apurado, o pol\u00edtico e empres\u00e1rio Delcides Menezes Tiago, conhecido por Tiago da \u00d3tica, tinha ido at\u00e9 Fernand\u00f3polis buscar amigos\u2026","rel":"","context":"In &quot;Not\u00edcias de Ribeir\u00e3o Preto-SP e Regi\u00e3o&quot;","block_context":{"text":"Not\u00edcias de Ribeir\u00e3o Preto-SP e Regi\u00e3o","link":"https:\/\/noticiasribeiraopreto.com.br\/index.php\/category\/noticias-de-ribeirao-preto-sp-e-regiao-ismael-colosi\/"},"img":{"alt_text":"","src":"https:\/\/i0.wp.com\/noticiasribeiraopreto.com.br\/wp-content\/uploads\/2023\/12\/WhatsApp-Image-2023-12-23-at-14.20.40.jpeg?fit=1200%2C800&ssl=1&resize=350%2C200","width":350,"height":200,"srcset":"https:\/\/i0.wp.com\/noticiasribeiraopreto.com.br\/wp-content\/uploads\/2023\/12\/WhatsApp-Image-2023-12-23-at-14.20.40.jpeg?fit=1200%2C800&ssl=1&resize=350%2C200 1x, https:\/\/i0.wp.com\/noticiasribeiraopreto.com.br\/wp-content\/uploads\/2023\/12\/WhatsApp-Image-2023-12-23-at-14.20.40.jpeg?fit=1200%2C800&ssl=1&resize=525%2C300 1.5x, https:\/\/i0.wp.com\/noticiasribeiraopreto.com.br\/wp-content\/uploads\/2023\/12\/WhatsApp-Image-2023-12-23-at-14.20.40.jpeg?fit=1200%2C800&ssl=1&resize=700%2C400 2x, https:\/\/i0.wp.com\/noticiasribeiraopreto.com.br\/wp-content\/uploads\/2023\/12\/WhatsApp-Image-2023-12-23-at-14.20.40.jpeg?fit=1200%2C800&ssl=1&resize=1050%2C600 3x"},"classes":[]},{"id":58590,"url":"https:\/\/noticiasribeiraopreto.com.br\/index.php\/2024\/10\/01\/ribeirao-preto-tera-acoes-de-prevencao-ao-cancer-de-mama\/","url_meta":{"origin":85299,"position":5},"title":"Ribeir\u00e3o Preto ter\u00e1 a\u00e7\u00f5es de preven\u00e7\u00e3o ao c\u00e2ncer de mama","author":"noticiasribeiraopreto.com.br","date":"1 de October de 2024","format":false,"excerpt":"Ribeir\u00e3o Preto ter\u00e1 a\u00e7\u00f5es para facilitar a realiza\u00e7\u00e3o de exames, com foco na preven\u00e7\u00e3o e detec\u00e7\u00e3o precoce do c\u00e2ncer de mama. Uma ser\u00e1 feita pela Prefeitura da cidade e a outra ser\u00e1 realizada pela carreta do Hospital de Amor de Barretos. A\u00e7\u00e3o da Prefeitura de Ribeir\u00e3o Preto A Secretaria Municipal\u2026","rel":"","context":"In &quot;Not\u00edcias de Ribeir\u00e3o Preto-SP e Regi\u00e3o&quot;","block_context":{"text":"Not\u00edcias de Ribeir\u00e3o Preto-SP e Regi\u00e3o","link":"https:\/\/noticiasribeiraopreto.com.br\/index.php\/category\/noticias-de-ribeirao-preto-sp-e-regiao-ismael-colosi\/"},"img":{"alt_text":"","src":"https:\/\/i0.wp.com\/noticiasribeiraopreto.com.br\/wp-content\/uploads\/2024\/10\/world-cancer-day-awareness-with-patient_2024-10-01_19-29-50_jpg_2024-10-01_19-29-52-scaled.webp.webp?fit=1200%2C800&ssl=1&resize=350%2C200","width":350,"height":200,"srcset":"https:\/\/i0.wp.com\/noticiasribeiraopreto.com.br\/wp-content\/uploads\/2024\/10\/world-cancer-day-awareness-with-patient_2024-10-01_19-29-50_jpg_2024-10-01_19-29-52-scaled.webp.webp?fit=1200%2C800&ssl=1&resize=350%2C200 1x, https:\/\/i0.wp.com\/noticiasribeiraopreto.com.br\/wp-content\/uploads\/2024\/10\/world-cancer-day-awareness-with-patient_2024-10-01_19-29-50_jpg_2024-10-01_19-29-52-scaled.webp.webp?fit=1200%2C800&ssl=1&resize=525%2C300 1.5x, https:\/\/i0.wp.com\/noticiasribeiraopreto.com.br\/wp-content\/uploads\/2024\/10\/world-cancer-day-awareness-with-patient_2024-10-01_19-29-50_jpg_2024-10-01_19-29-52-scaled.webp.webp?fit=1200%2C800&ssl=1&resize=700%2C400 2x, https:\/\/i0.wp.com\/noticiasribeiraopreto.com.br\/wp-content\/uploads\/2024\/10\/world-cancer-day-awareness-with-patient_2024-10-01_19-29-50_jpg_2024-10-01_19-29-52-scaled.webp.webp?fit=1200%2C800&ssl=1&resize=1050%2C600 3x"},"classes":[]}],"jetpack_sharing_enabled":true,"jetpack_shortlink":"https:\/\/wp.me\/peQAOb-mbN","_links":{"self":[{"href":"https:\/\/noticiasribeiraopreto.com.br\/index.php\/wp-json\/wp\/v2\/posts\/85299","targetHints":{"allow":["GET"]}}],"collection":[{"href":"https:\/\/noticiasribeiraopreto.com.br\/index.php\/wp-json\/wp\/v2\/posts"}],"about":[{"href":"https:\/\/noticiasribeiraopreto.com.br\/index.php\/wp-json\/wp\/v2\/types\/post"}],"author":[{"embeddable":true,"href":"https:\/\/noticiasribeiraopreto.com.br\/index.php\/wp-json\/wp\/v2\/users\/1"}],"replies":[{"embeddable":true,"href":"https:\/\/noticiasribeiraopreto.com.br\/index.php\/wp-json\/wp\/v2\/comments?post=85299"}],"version-history":[{"count":0,"href":"https:\/\/noticiasribeiraopreto.com.br\/index.php\/wp-json\/wp\/v2\/posts\/85299\/revisions"}],"wp:featuredmedia":[{"embeddable":true,"href":"https:\/\/noticiasribeiraopreto.com.br\/index.php\/wp-json\/wp\/v2\/media\/85300"}],"wp:attachment":[{"href":"https:\/\/noticiasribeiraopreto.com.br\/index.php\/wp-json\/wp\/v2\/media?parent=85299"}],"wp:term":[{"taxonomy":"category","embeddable":true,"href":"https:\/\/noticiasribeiraopreto.com.br\/index.php\/wp-json\/wp\/v2\/categories?post=85299"},{"taxonomy":"post_tag","embeddable":true,"href":"https:\/\/noticiasribeiraopreto.com.br\/index.php\/wp-json\/wp\/v2\/tags?post=85299"}],"curies":[{"name":"wp","href":"https:\/\/api.w.org\/{rel}","templated":true}]}}