{"id":85303,"date":"2026-04-28T11:31:29","date_gmt":"2026-04-28T14:31:29","guid":{"rendered":"https:\/\/noticiasribeiraopreto.com.br\/index.php\/2026\/04\/28\/governo-de-sp-entrega-r-26-milhoes-em-maquinario-agricola-a-oito-cidades-da-regiao-de-ribeirao-preto\/"},"modified":"2026-04-28T11:31:29","modified_gmt":"2026-04-28T14:31:29","slug":"governo-de-sp-entrega-r-26-milhoes-em-maquinario-agricola-a-oito-cidades-da-regiao-de-ribeirao-preto","status":"publish","type":"post","link":"https:\/\/noticiasribeiraopreto.com.br\/index.php\/2026\/04\/28\/governo-de-sp-entrega-r-26-milhoes-em-maquinario-agricola-a-oito-cidades-da-regiao-de-ribeirao-preto\/","title":{"rendered":"Governo de SP entrega R$ 2,6 milh\u00f5es em maquin\u00e1rio agr\u00edcola a oito cidades da regi\u00e3o de Ribeir\u00e3o Preto &#8211; THMais"},"content":{"rendered":"<div class='code-block code-block-1' style='margin: 8px 0 8px auto; text-align: right; display: block; clear: both;'>\n<p><a href=\"https:\/\/wa.link\/vpicfd\"><img data-recalc-dims=\"1\" class=\"wp-image-4922\" style=\"aspect-ratio: 2.0253164556962027; width: 561px; height: auto;\" src=\"https:\/\/i0.wp.com\/ismaelcolosi.com.br\/wp-content\/uploads\/2023\/11\/grupo-de-empregos-whatsapp-e-facebook-ismael-colosi-vagas.jpg?ssl=1\" alt=\"\" \/><\/a><\/p>\n<!-- \/wp:image -->\n<\/div>\n<p> <br \/>\n<\/p>\n<div data-td-block-uid=\"tdi_144\">\n<div class=\"tdb-block-inner td-fix-index\">\n<p>O governador Tarc\u00edsio de Freitas anunciar\u00e1 nesta ter\u00e7a-feira (28), na Agrishow 2026, repasse de maquin\u00e1rio agr\u00edcola que vai encaminhar nove equipamentos a oito cidades da regi\u00e3o administrativa de Ribeir\u00e3o Preto, em investimento de R$ 2,6 milh\u00f5es.<\/p>\n<p>Ao todo, a nova rodada de repasses vai beneficiar 169 munic\u00edpios no estado. O investimento total, de R$ 55 milh\u00f5es, vai fortalecer os munic\u00edpios por meio do programa da Secretaria de Agricultura, Patrulha Rural, que entrega equipamentos como tratores, retroescavadeiras e p\u00e1s-carregadeiras a prefeituras. Desde o in\u00edcio da gest\u00e3o atual, mais de 340 munic\u00edpios j\u00e1 foram contemplados com total de 640 maquin\u00e1rios e investimento de R$ 240 milh\u00f5es.<\/p>\n<p>Cidades que receber\u00e3o maquin\u00e1rio agr\u00edcola da regi\u00e3o de Ribeir\u00e3o Preto<\/p>\n<p><strong>Cravinhos:<\/strong> Trator (R$ 198 mil)<br \/><strong>Dumont<\/strong>: Triturador de Galhos (R$ 116 mil)<br \/><strong>Jardin\u00f3polis:<\/strong> Retroescavadeira (R$ 294 mil)<br \/><strong>Prad\u00f3polis:<\/strong> Trator (R$ 198 mil)<br \/><strong>Santa Cruz da Esperan\u00e7a:<\/strong> Retroescavadeira (R$ 278 mil)<br \/><strong>Santo Ant\u00f4nio da Alegria<\/strong>: Motoniveladora e Trator (R$ 708 mil)<br \/><strong>Serra Azul:<\/strong> Caminh\u00e3o Pipa (R$ 509 mil)<br \/><strong>Taia\u00e7u<\/strong>: Retroescavadeira (R$ 278 mil)<\/p>\n<h2>Agrishow<\/h2>\n<p>Com um dos maiores estandes da Agrishow 2026, o espa\u00e7o do Governo de S\u00e3o Paulo se consolida como um dos principais pontos de visita\u00e7\u00e3o da feira, reunindo, em um \u00fanico ambiente, as principais pol\u00edticas p\u00fablicas, tecnologias e servi\u00e7os voltados ao produtor rural.<\/p>\n<p>A proposta \u00e9 apresentar, de forma pr\u00e1tica e acess\u00edvel, tudo o que o Estado oferece para impulsionar a produ\u00e7\u00e3o, aumentar a renda no campo e ampliar a competitividade do agro paulista.<\/p>\n<\/div>\n<\/div>\n<p><br \/>\n<br \/><a href=\"https:\/\/thmais.com.br\/cidades\/ribeirao-preto\/governo-de-sp-entrega-r-26-milhoes-em-maquinario-agricola-a-oito-cidades-da-regiao-de-ribeirao-preto\/\">Link para o texto original <\/a><\/p>\n<!-- CONTENT END 1 -->\n","protected":false},"excerpt":{"rendered":"<p>O governador Tarc\u00edsio de Freitas anunciar\u00e1 nesta ter\u00e7a-feira (28), na Agrishow 2026, repasse de maquin\u00e1rio agr\u00edcola que vai encaminhar nove equipamentos a oito cidades da&#8230;<\/p>\n","protected":false},"author":1,"featured_media":85304,"comment_status":"","ping_status":"","sticky":false,"template":"","format":"standard","meta":{"advanced_seo_description":"","jetpack_seo_html_title":"","jetpack_seo_noindex":false,"jetpack_post_was_ever_published":false,"_jetpack_newsletter_access":"","_jetpack_dont_email_post_to_subs":false,"_jetpack_newsletter_tier_id":0,"_jetpack_memberships_contains_paywalled_content":false,"_jetpack_memberships_contains_paid_content":false,"footnotes":"","jetpack_publicize_message":"","jetpack_publicize_feature_enabled":true,"jetpack_social_post_already_shared":true,"jetpack_social_options":{"image_generator_settings":{"template":"highway","default_image_id":0,"font":"","enabled":false},"version":2}},"categories":[11],"tags":[3421,250,1398,1271,6500,6501,262,1216,27,277,26,6456,6443],"class_list":["post-85303","post","type-post","status-publish","format-standard","has-post-thumbnail","hentry","category-noticias-de-ribeirao-preto-sp-e-regiao-ismael-colosi","tag-agricola","tag-cidades","tag-entrega","tag-governo","tag-governo-de-sao-paulo","tag-maquinario","tag-milhoes","tag-oito","tag-preto","tag-regiao","tag-ribeirao","tag-ribeirao-preto","tag-thmais"],"jetpack_publicize_connections":[],"jetpack_featured_media_url":"https:\/\/i0.wp.com\/noticiasribeiraopreto.com.br\/wp-content\/uploads\/2026\/04\/WhatsApp-Image-2026-04-27-at-13.06.52.jpeg?fit=1600%2C1066&ssl=1","jetpack-related-posts":[{"id":19935,"url":"https:\/\/noticiasribeiraopreto.com.br\/index.php\/2023\/12\/23\/rp-ainda-aguarda-para-se-tornar-municipio-de-interesse-turistico\/","url_meta":{"origin":85303,"position":0},"title":"RP ainda aguarda para se tornar Munic\u00edpio de Interesse Tur\u00edstico\u00a0","author":"noticiasribeiraopreto.com.br","date":"23 de December de 2023","format":false,"excerpt":"Projeto de lei que classifica a cidade como MIT j\u00e1 tramitou em todas as comiss\u00f5es permanentes necess\u00e1rias na Alesp e est\u00e1 pronto para ser votado\u00a0 23 de dezembro de 2023 | 17:0023 de dezembro de 2023 | 11:52 0A transforma\u00e7\u00e3o de Ribeir\u00e3o Preto em Munic\u00edpio de Interesse Tur\u00edstico (MIT) e\u2026","rel":"","context":"In &quot;Not\u00edcias de Ribeir\u00e3o Preto-SP e Regi\u00e3o&quot;","block_context":{"text":"Not\u00edcias de Ribeir\u00e3o Preto-SP e Regi\u00e3o","link":"https:\/\/noticiasribeiraopreto.com.br\/index.php\/category\/noticias-de-ribeirao-preto-sp-e-regiao-ismael-colosi\/"},"img":{"alt_text":"","src":"https:\/\/i0.wp.com\/noticiasribeiraopreto.com.br\/wp-content\/uploads\/2023\/12\/1-mit-dia_mundial_do_turismo_2-scaled.jpg?fit=968%2C645&ssl=1&resize=350%2C200","width":350,"height":200,"srcset":"https:\/\/i0.wp.com\/noticiasribeiraopreto.com.br\/wp-content\/uploads\/2023\/12\/1-mit-dia_mundial_do_turismo_2-scaled.jpg?fit=968%2C645&ssl=1&resize=350%2C200 1x, https:\/\/i0.wp.com\/noticiasribeiraopreto.com.br\/wp-content\/uploads\/2023\/12\/1-mit-dia_mundial_do_turismo_2-scaled.jpg?fit=968%2C645&ssl=1&resize=525%2C300 1.5x, https:\/\/i0.wp.com\/noticiasribeiraopreto.com.br\/wp-content\/uploads\/2023\/12\/1-mit-dia_mundial_do_turismo_2-scaled.jpg?fit=968%2C645&ssl=1&resize=700%2C400 2x"},"classes":[]},{"id":1385,"url":"https:\/\/noticiasribeiraopreto.com.br\/index.php\/2023\/11\/12\/rp-repasse-de-icms-vai-a-r-4419-mi-neste-ano\/","url_meta":{"origin":85303,"position":1},"title":"RP: Repasse de ICMS vai a R$ 441,9 mi\u00a0neste ano","author":"noticiasribeiraopreto.com.br","date":"12 de November de 2023","format":false,"excerpt":"Na semana passada, a Secretaria da Fazenda e Planejamento do Estado de S\u00e3o Paulo (Sefaz-SP) transferiu mais R$ 306,6 milh\u00f5es para 645 munic\u00edpios paulistas, referente ao primeiro repasse de novembro de Imposto sobre Circula\u00e7\u00e3o de Mercadorias e Servi\u00e7os (ICMS), relativo \u00e0 arrecada\u00e7\u00e3o entre os dias 30 de outubro e 3\u2026","rel":"","context":"In &quot;Not\u00edcias de Ribeir\u00e3o Preto-SP e Regi\u00e3o&quot;","block_context":{"text":"Not\u00edcias de Ribeir\u00e3o Preto-SP e Regi\u00e3o","link":"https:\/\/noticiasribeiraopreto.com.br\/index.php\/category\/noticias-de-ribeirao-preto-sp-e-regiao-ismael-colosi\/"},"img":{"alt_text":"","src":"https:\/\/i0.wp.com\/noticiasribeiraopreto.com.br\/wp-content\/uploads\/2023\/11\/ICMS-Max-Gallao-Mesquita-nova-scaled.jpg?fit=963%2C645&ssl=1&resize=350%2C200","width":350,"height":200,"srcset":"https:\/\/i0.wp.com\/noticiasribeiraopreto.com.br\/wp-content\/uploads\/2023\/11\/ICMS-Max-Gallao-Mesquita-nova-scaled.jpg?fit=963%2C645&ssl=1&resize=350%2C200 1x, https:\/\/i0.wp.com\/noticiasribeiraopreto.com.br\/wp-content\/uploads\/2023\/11\/ICMS-Max-Gallao-Mesquita-nova-scaled.jpg?fit=963%2C645&ssl=1&resize=525%2C300 1.5x, https:\/\/i0.wp.com\/noticiasribeiraopreto.com.br\/wp-content\/uploads\/2023\/11\/ICMS-Max-Gallao-Mesquita-nova-scaled.jpg?fit=963%2C645&ssl=1&resize=700%2C400 2x"},"classes":[]},{"id":59216,"url":"https:\/\/noticiasribeiraopreto.com.br\/index.php\/2024\/10\/17\/veja-qual-cidade-da-regiao-de-ribeirao-preto-aparece-em-lista-das-mais-ricas-do-agro\/","url_meta":{"origin":85303,"position":2},"title":"Veja qual cidade da regi\u00e3o de Ribeir\u00e3o Preto aparece em lista das mais ricas do agro","author":"noticiasribeiraopreto.com.br","date":"17 de October de 2024","format":false,"excerpt":"O Minist\u00e9rio da Agricultura e Pecu\u00e1ria divulgou nesta quinta-feira (17) a lista com os 100 munic\u00edpios mais ricos do Brasil no agroneg\u00f3cio. A an\u00e1lise se baseia nos dados da pesquisa anual do IBGE (Instituto Brasileiro de Geografia e Estat\u00edstica) sobre a Produ\u00e7\u00e3o Agr\u00edcola Municipal. A \u00fanica cidade da regi\u00e3o de\u2026","rel":"","context":"In &quot;Not\u00edcias de Ribeir\u00e3o Preto-SP e Regi\u00e3o&quot;","block_context":{"text":"Not\u00edcias de Ribeir\u00e3o Preto-SP e Regi\u00e3o","link":"https:\/\/noticiasribeiraopreto.com.br\/index.php\/category\/noticias-de-ribeirao-preto-sp-e-regiao-ismael-colosi\/"},"img":{"alt_text":"","src":"https:\/\/i0.wp.com\/noticiasribeiraopreto.com.br\/wp-content\/uploads\/2024\/09\/ibis-barretos_2024-09-28_16-26-03_jpg_2024-09-28_16-26-03.webp.webp?fit=960%2C637&ssl=1&resize=350%2C200","width":350,"height":200,"srcset":"https:\/\/i0.wp.com\/noticiasribeiraopreto.com.br\/wp-content\/uploads\/2024\/09\/ibis-barretos_2024-09-28_16-26-03_jpg_2024-09-28_16-26-03.webp.webp?fit=960%2C637&ssl=1&resize=350%2C200 1x, https:\/\/i0.wp.com\/noticiasribeiraopreto.com.br\/wp-content\/uploads\/2024\/09\/ibis-barretos_2024-09-28_16-26-03_jpg_2024-09-28_16-26-03.webp.webp?fit=960%2C637&ssl=1&resize=525%2C300 1.5x, https:\/\/i0.wp.com\/noticiasribeiraopreto.com.br\/wp-content\/uploads\/2024\/09\/ibis-barretos_2024-09-28_16-26-03_jpg_2024-09-28_16-26-03.webp.webp?fit=960%2C637&ssl=1&resize=700%2C400 2x"},"classes":[]},{"id":74545,"url":"https:\/\/noticiasribeiraopreto.com.br\/index.php\/2025\/07\/24\/rp-recebera-r-45-mi-e-ambulancias-do-pac\/","url_meta":{"origin":85303,"position":3},"title":"RP receber\u00e1 R$ 4,5 mi e ambul\u00e2ncias do PAC","author":"noticiasribeiraopreto.com.br","date":"24 de July de 2025","format":false,"excerpt":"24 de julho de 2025 14:3024 de julho de 2025 10:0510 Compartilhar0 Ribeir\u00e3o Preto foi selecionada pelo Programa de Acelera\u00e7\u00e3o do Crescimento (PAC) Sele\u00e7\u00f5es II para receber R$ 4,5 milh\u00f5es. O recurso vai viabilizar alguns projetos da Secretaria Municipal da Sa\u00fade. O munic\u00edpio receber\u00e1 R$ 4.258.000 para a constru\u00e7\u00e3o de\u2026","rel":"","context":"In &quot;Not\u00edcias de Ribeir\u00e3o Preto-SP e Regi\u00e3o&quot;","block_context":{"text":"Not\u00edcias de Ribeir\u00e3o Preto-SP e Regi\u00e3o","link":"https:\/\/noticiasribeiraopreto.com.br\/index.php\/category\/noticias-de-ribeirao-preto-sp-e-regiao-ismael-colosi\/"},"img":{"alt_text":"","src":"https:\/\/i0.wp.com\/noticiasribeiraopreto.com.br\/wp-content\/uploads\/2025\/07\/NovoPAC-Rovena-Rosa-Ag.Br_.jpg?fit=1170%2C700&ssl=1&resize=350%2C200","width":350,"height":200,"srcset":"https:\/\/i0.wp.com\/noticiasribeiraopreto.com.br\/wp-content\/uploads\/2025\/07\/NovoPAC-Rovena-Rosa-Ag.Br_.jpg?fit=1170%2C700&ssl=1&resize=350%2C200 1x, https:\/\/i0.wp.com\/noticiasribeiraopreto.com.br\/wp-content\/uploads\/2025\/07\/NovoPAC-Rovena-Rosa-Ag.Br_.jpg?fit=1170%2C700&ssl=1&resize=525%2C300 1.5x, https:\/\/i0.wp.com\/noticiasribeiraopreto.com.br\/wp-content\/uploads\/2025\/07\/NovoPAC-Rovena-Rosa-Ag.Br_.jpg?fit=1170%2C700&ssl=1&resize=700%2C400 2x, https:\/\/i0.wp.com\/noticiasribeiraopreto.com.br\/wp-content\/uploads\/2025\/07\/NovoPAC-Rovena-Rosa-Ag.Br_.jpg?fit=1170%2C700&ssl=1&resize=1050%2C600 3x"},"classes":[]},{"id":32894,"url":"https:\/\/noticiasribeiraopreto.com.br\/index.php\/2024\/01\/26\/repasses-da-prefeitura-de-ribeirao-para-o-prourbano-saltam-de-r-4-milhoes-para-r-86-milhoes\/","url_meta":{"origin":85303,"position":4},"title":"Repasses da Prefeitura de Ribeir\u00e3o para o Pr\u00f3Urbano saltam de R$ 4 milh\u00f5es para R$ 86 milh\u00f5es","author":"noticiasribeiraopreto.com.br","date":"26 de January de 2024","format":false,"excerpt":"Desde 2020, a Prefeitura de Ribeir\u00e3o Preto aumentou em 21 vezes o valor do repasse para o cons\u00f3rcio Pr\u00f3Urbano, respons\u00e1vel pelo transporte coletivo na cidade. O montante saltou de R$ 4.231.954,70, em 2020, para R$ 86.114.328,59, em 2023. Os n\u00fameros s\u00e3o do Portal da Transpar\u00eancia, que apontam que em 2024,\u2026","rel":"","context":"In &quot;Not\u00edcias de Ribeir\u00e3o Preto-SP e Regi\u00e3o&quot;","block_context":{"text":"Not\u00edcias de Ribeir\u00e3o Preto-SP e Regi\u00e3o","link":"https:\/\/noticiasribeiraopreto.com.br\/index.php\/category\/noticias-de-ribeirao-preto-sp-e-regiao-ismael-colosi\/"},"img":{"alt_text":"","src":"https:\/\/i0.wp.com\/noticiasribeiraopreto.com.br\/wp-content\/uploads\/2024\/01\/1706307643_onibus-ribeirao-preto.jpg?fit=1200%2C675&ssl=1&resize=350%2C200","width":350,"height":200,"srcset":"https:\/\/i0.wp.com\/noticiasribeiraopreto.com.br\/wp-content\/uploads\/2024\/01\/1706307643_onibus-ribeirao-preto.jpg?fit=1200%2C675&ssl=1&resize=350%2C200 1x, https:\/\/i0.wp.com\/noticiasribeiraopreto.com.br\/wp-content\/uploads\/2024\/01\/1706307643_onibus-ribeirao-preto.jpg?fit=1200%2C675&ssl=1&resize=525%2C300 1.5x, https:\/\/i0.wp.com\/noticiasribeiraopreto.com.br\/wp-content\/uploads\/2024\/01\/1706307643_onibus-ribeirao-preto.jpg?fit=1200%2C675&ssl=1&resize=700%2C400 2x, https:\/\/i0.wp.com\/noticiasribeiraopreto.com.br\/wp-content\/uploads\/2024\/01\/1706307643_onibus-ribeirao-preto.jpg?fit=1200%2C675&ssl=1&resize=1050%2C600 3x"},"classes":[]},{"id":17944,"url":"https:\/\/noticiasribeiraopreto.com.br\/index.php\/2023\/12\/19\/repasse-de-icms-chega-a-r-502-mi-para-rp\/","url_meta":{"origin":85303,"position":5},"title":"Repasse de ICMS chega a R$ 502 mi para RP","author":"noticiasribeiraopreto.com.br","date":"19 de December de 2023","format":false,"excerpt":"Nesta ter\u00e7a-feira (19), a Secretaria da Fazenda e Planejamento do Estado de S\u00e3o Paulo (Sefaz-SP) vai creditar, para 645 munic\u00edpios paulistas, o montante referente ao terceiro repasse de dezembro de Imposto sobre Circula\u00e7\u00e3o de Mercadorias e Servi\u00e7os (ICMS), relativo \u00e0 arrecada\u00e7\u00e3o entre os dias 11 e 15 deste m\u00eas. \u00a0\u00a0O\u2026","rel":"","context":"In &quot;Not\u00edcias de Ribeir\u00e3o Preto-SP e Regi\u00e3o&quot;","block_context":{"text":"Not\u00edcias de Ribeir\u00e3o Preto-SP e Regi\u00e3o","link":"https:\/\/noticiasribeiraopreto.com.br\/index.php\/category\/noticias-de-ribeirao-preto-sp-e-regiao-ismael-colosi\/"},"img":{"alt_text":"","src":"https:\/\/i0.wp.com\/noticiasribeiraopreto.com.br\/wp-content\/uploads\/2023\/12\/ICMS-Max-Gallao-Mesquita-nova-scaled.jpg?fit=963%2C645&ssl=1&resize=350%2C200","width":350,"height":200,"srcset":"https:\/\/i0.wp.com\/noticiasribeiraopreto.com.br\/wp-content\/uploads\/2023\/12\/ICMS-Max-Gallao-Mesquita-nova-scaled.jpg?fit=963%2C645&ssl=1&resize=350%2C200 1x, https:\/\/i0.wp.com\/noticiasribeiraopreto.com.br\/wp-content\/uploads\/2023\/12\/ICMS-Max-Gallao-Mesquita-nova-scaled.jpg?fit=963%2C645&ssl=1&resize=525%2C300 1.5x, https:\/\/i0.wp.com\/noticiasribeiraopreto.com.br\/wp-content\/uploads\/2023\/12\/ICMS-Max-Gallao-Mesquita-nova-scaled.jpg?fit=963%2C645&ssl=1&resize=700%2C400 2x"},"classes":[]}],"jetpack_sharing_enabled":true,"jetpack_shortlink":"https:\/\/wp.me\/peQAOb-mbR","_links":{"self":[{"href":"https:\/\/noticiasribeiraopreto.com.br\/index.php\/wp-json\/wp\/v2\/posts\/85303","targetHints":{"allow":["GET"]}}],"collection":[{"href":"https:\/\/noticiasribeiraopreto.com.br\/index.php\/wp-json\/wp\/v2\/posts"}],"about":[{"href":"https:\/\/noticiasribeiraopreto.com.br\/index.php\/wp-json\/wp\/v2\/types\/post"}],"author":[{"embeddable":true,"href":"https:\/\/noticiasribeiraopreto.com.br\/index.php\/wp-json\/wp\/v2\/users\/1"}],"replies":[{"embeddable":true,"href":"https:\/\/noticiasribeiraopreto.com.br\/index.php\/wp-json\/wp\/v2\/comments?post=85303"}],"version-history":[{"count":0,"href":"https:\/\/noticiasribeiraopreto.com.br\/index.php\/wp-json\/wp\/v2\/posts\/85303\/revisions"}],"wp:featuredmedia":[{"embeddable":true,"href":"https:\/\/noticiasribeiraopreto.com.br\/index.php\/wp-json\/wp\/v2\/media\/85304"}],"wp:attachment":[{"href":"https:\/\/noticiasribeiraopreto.com.br\/index.php\/wp-json\/wp\/v2\/media?parent=85303"}],"wp:term":[{"taxonomy":"category","embeddable":true,"href":"https:\/\/noticiasribeiraopreto.com.br\/index.php\/wp-json\/wp\/v2\/categories?post=85303"},{"taxonomy":"post_tag","embeddable":true,"href":"https:\/\/noticiasribeiraopreto.com.br\/index.php\/wp-json\/wp\/v2\/tags?post=85303"}],"curies":[{"name":"wp","href":"https:\/\/api.w.org\/{rel}","templated":true}]}}