{"id":85305,"date":"2026-04-28T11:43:48","date_gmt":"2026-04-28T14:43:48","guid":{"rendered":"https:\/\/noticiasribeiraopreto.com.br\/index.php\/2026\/04\/28\/video-adolescente-e-apreendido-apos-furtar-celular\/"},"modified":"2026-04-28T11:43:48","modified_gmt":"2026-04-28T14:43:48","slug":"video-adolescente-e-apreendido-apos-furtar-celular","status":"publish","type":"post","link":"https:\/\/noticiasribeiraopreto.com.br\/index.php\/2026\/04\/28\/video-adolescente-e-apreendido-apos-furtar-celular\/","title":{"rendered":"V\u00cdDEO &#8211; Adolescente \u00e9 apreendido ap\u00f3s furtar celular"},"content":{"rendered":"<div class='code-block code-block-1' style='margin: 8px 0 8px auto; text-align: right; display: block; clear: both;'>\n<p><a href=\"https:\/\/wa.link\/vpicfd\"><img data-recalc-dims=\"1\" class=\"wp-image-4922\" style=\"aspect-ratio: 2.0253164556962027; width: 561px; height: auto;\" src=\"https:\/\/i0.wp.com\/ismaelcolosi.com.br\/wp-content\/uploads\/2023\/11\/grupo-de-empregos-whatsapp-e-facebook-ismael-colosi-vagas.jpg?ssl=1\" alt=\"\" \/><\/a><\/p>\n<!-- \/wp:image -->\n<\/div>\n<p> <br \/>\n<\/p>\n<div id=\"post-462386\">&#13;<br \/>\n&#13;<\/p>\n<header class=\"entry-header penci-entry-header penci-title-center\">&#13;<\/p>\n<h2 class=\"penci-post-subtitle\">V\u00edtima foi jogada no ch\u00e3o durante a\u00e7\u00e3o criminosa que ocorreu em cidade da regi\u00e3o<\/h2>\n<p>&#13;<\/p>\n<p>&#13;<br \/>\n\t\t\t\t\t\t\t\t\t<span class=\"entry-meta-item penci-posted-on\"><i class=\"fa fa-clock-o\"\/><time class=\"entry-date published updated\" datetime=\"2026-04-28T11:43:39-03:00\">28 de abril de 2026 11:43<\/time><\/span><span class=\"entry-meta-item penci-post-countview\"\/>\t\t\t\t\t\t\t\t<\/p>\n<p><!-- .entry-meta -->&#13;<br \/>\n\t\t\t\t\t\t\t\t<span class=\"penci-social-buttons penci-social-share-footer\"><span class=\"penci-social-share-text\">Compartilhar<\/span><a href=\"#\" class=\"penci-post-like penci_post-meta_item  single-like-button penci-social-item like\" data-post_id=\"462386\" title=\"Like\" data-like=\"Like\" data-unlike=\"Unlike\"><i class=\"fa fa-thumbs-o-up\"\/><span class=\"penci-share-number\">0<\/span><\/a><i class=\"fa fa-facebook\"\/><a class=\"penci-social-item twitter\" target=\"_blank\" rel=\"noopener\" title=\"\" href=\"https:\/\/twitter.com\/intent\/tweet?text=V\u00cdDEO%20-%20Adolescente%20\u00e9%20apreendido%20ap\u00f3s%20furtar%20celular%20-%20https:\/\/www.tribunaribeirao.com.br\/video-adolescente-e-apreendido-apos-furtar-celular\/\"><i class=\"fa fa-twitter\"\/><\/a><i class=\"fa fa-linkedin\"\/><i class=\"fa fa-whatsapp\"\/><i class=\"fa fa-telegram\"\/><i class=\"fa fa-envelope\"\/><\/span>\t\t\t\t\t\t\t<\/header>\n<p><!-- .entry-header -->&#13;<\/p>\n<div class=\"entry-media penci-entry-media\">\n<p><iframe loading=\"lazy\" title=\"Menor corredor\" width=\"500\" height=\"281\" src=\"https:\/\/www.youtube.com\/embed\/ezqdSKfDZyg?feature=oembed\" frameborder=\"0\" allow=\"accelerometer; autoplay; clipboard-write; encrypted-media; gyroscope; picture-in-picture; web-share\" referrerpolicy=\"strict-origin-when-cross-origin\" allowfullscreen><\/iframe><\/p>\n<\/p><\/div>\n<div class=\"penci-entry-content entry-content\">\n<p>| Por: Adalberto Luque |<\/p>\n<p>Um adolescente de 16 anos foi apreendido, no final da tarde desta segunda-feira (27), ap\u00f3s cometer um roubo. Ele levou um celular de uma mulher de35 anos na rua Jo\u00e3o Ant\u00f4nio Terci\u00e1riol, pr\u00f3ximo \u00e0 Santa Casa, na cidade de Serrana, regi\u00e3o metropolitana de Ribeir\u00e3o Preto.<\/p>\n<p>O melhor, segundo a Guarda Civil Municipal (GCM) da cidade, que fez a apreens\u00e3o, \u00e9 bastante conhecido nos meios policiais. Durante o roubo, ele teria jogado a v\u00edtima no ch\u00e3o e iniciou uma fuga alucinada.<\/p>\n<figure id=\"attachment_462388\" aria-describedby=\"caption-attachment-462388\" style=\"width: 1200px\" class=\"wp-caption alignnone\"><figcaption id=\"caption-attachment-462388\" class=\"wp-caption-text\">Menor correu muito para tentar evitar a captura, mas acabou sendo levado para a delegacia (Foto: Reprodu\u00e7\u00e3o)<\/figcaption><\/figure>\n<p>A mulher n\u00e3o sofreu ferimentos. Ao acionar a GCM e passar as caracter\u00edsticas, as buscas come\u00e7aram. O menor foi localizado em sua casa. Com ele, os agentes da GCM localizaram o aparelho e a roupa usada para a pr\u00e1tica do crime.<\/p>\n<p>Ele foi conduzido at\u00e9 a Delegacia da cidade, onde foi indiciado por ato infracional an\u00e1logo ao roubo. O infrator foi encaminhado para a Funda\u00e7\u00e3o Casa, onde ficou \u00e0 disposi\u00e7\u00e3o da Justi\u00e7a.<\/p>\n<\/div>\n<p><!-- .entry-content -->&#13;<br \/>\n&#13;<\/p>\n<footer class=\"penci-entry-footer\">&#13;<br \/>\n\t\t\t\t\t\t\t\t<span class=\"penci-social-buttons penci-social-share-footer\"><span class=\"penci-social-share-text\">Compartilhar<\/span><a href=\"#\" class=\"penci-post-like penci_post-meta_item  single-like-button penci-social-item like\" data-post_id=\"462386\" title=\"Like\" data-like=\"Like\" data-unlike=\"Unlike\"><i class=\"fa fa-thumbs-o-up\"\/><span class=\"penci-share-number\">0<\/span><\/a><i class=\"fa fa-facebook\"\/><a class=\"penci-social-item twitter\" target=\"_blank\" rel=\"noopener\" title=\"\" href=\"https:\/\/twitter.com\/intent\/tweet?text=V\u00cdDEO%20-%20Adolescente%20\u00e9%20apreendido%20ap\u00f3s%20furtar%20celular%20-%20https:\/\/www.tribunaribeirao.com.br\/video-adolescente-e-apreendido-apos-furtar-celular\/\"><i class=\"fa fa-twitter\"\/><\/a><i class=\"fa fa-linkedin\"\/><i class=\"fa fa-whatsapp\"\/><i class=\"fa fa-telegram\"\/><i class=\"fa fa-envelope\"\/><\/span>\t\t\t\t\t\t\t<\/footer>\n<p><!-- .entry-footer -->&#13;\n\t\t\t\t\t\t<\/div>\n<p><script async src=\"\/\/platform.twitter.com\/widgets.js\" charset=\"utf-8\"><\/script><br \/>\n<br \/><br \/>\n<br \/><a href=\"https:\/\/www.tribunaribeirao.com.br\/video-adolescente-e-apreendido-apos-furtar-celular\/\">Texto original daqui <\/a><\/p>\n<!-- CONTENT END 1 -->\n","protected":false},"excerpt":{"rendered":"<p>&#13; &#13; &#13; V\u00edtima foi jogada no ch\u00e3o durante a\u00e7\u00e3o criminosa que ocorreu em cidade da regi\u00e3o &#13; &#13; 28 de abril de 2026 11:43&#8230;<\/p>\n","protected":false},"author":1,"featured_media":85307,"comment_status":"","ping_status":"","sticky":false,"template":"","format":"standard","meta":{"advanced_seo_description":"","jetpack_seo_html_title":"","jetpack_seo_noindex":false,"jetpack_post_was_ever_published":false,"_jetpack_newsletter_access":"","_jetpack_dont_email_post_to_subs":false,"_jetpack_newsletter_tier_id":0,"_jetpack_memberships_contains_paywalled_content":false,"_jetpack_memberships_contains_paid_content":false,"footnotes":"","jetpack_publicize_message":"","jetpack_publicize_feature_enabled":true,"jetpack_social_post_already_shared":true,"jetpack_social_options":{"image_generator_settings":{"template":"highway","default_image_id":0,"font":"","enabled":false},"version":2}},"categories":[11],"tags":[78,37,3802,2467,38,67],"class_list":["post-85305","post","type-post","status-publish","format-standard","has-post-thumbnail","hentry","category-noticias-de-ribeirao-preto-sp-e-regiao-ismael-colosi","tag-adolescente","tag-apos","tag-apreendido","tag-celular","tag-furtar","tag-video"],"jetpack_publicize_connections":[],"jetpack_featured_media_url":"https:\/\/i0.wp.com\/noticiasribeiraopreto.com.br\/wp-content\/uploads\/2026\/04\/28-abr-2026-adolescenteladrao-scaled.jpg?fit=1200%2C657&ssl=1","jetpack-related-posts":[{"id":57254,"url":"https:\/\/noticiasribeiraopreto.com.br\/index.php\/2024\/08\/27\/trio-e-detido-apos-tentar-furtar-moto-em-patio-atingido-por-incendio-na-regiao-de-ribeirao\/","url_meta":{"origin":85305,"position":0},"title":"Trio \u00e9 detido ap\u00f3s tentar furtar moto em p\u00e1tio atingido por inc\u00eandio na regi\u00e3o de Ribeir\u00e3o","author":"noticiasribeiraopreto.com.br","date":"27 de August de 2024","format":false,"excerpt":"Dois jovens foram presos e um adolescente acabou apreendido na noite desta segunda-feira (26), suspeitos de tentativa de furto de uma moto no p\u00e1tio utilizado pela Pol\u00edcia Civil, que foi atingido por um inc\u00eandio em Dumont, cidade a aproximadamente 20 quil\u00f4metros de Ribeir\u00e3o Preto. O fogo destru\u00edu ve\u00edculos que estavam\u2026","rel":"","context":"In &quot;Not\u00edcias de Ribeir\u00e3o Preto-SP e Regi\u00e3o&quot;","block_context":{"text":"Not\u00edcias de Ribeir\u00e3o Preto-SP e Regi\u00e3o","link":"https:\/\/noticiasribeiraopreto.com.br\/index.php\/category\/noticias-de-ribeirao-preto-sp-e-regiao-ismael-colosi\/"},"img":{"alt_text":"","src":"https:\/\/i0.wp.com\/noticiasribeiraopreto.com.br\/wp-content\/uploads\/2024\/08\/WhatsApp-Image-2023-12-23-at-12.01.31.jpeg?fit=480%2C245&ssl=1&resize=350%2C200","width":350,"height":200},"classes":[]},{"id":68317,"url":"https:\/\/noticiasribeiraopreto.com.br\/index.php\/2025\/04\/24\/ladroes-quebram-vidro-com-pedra-para-furtar-loja-de-celulares-veja-video\/","url_meta":{"origin":85305,"position":1},"title":"Ladr\u00f5es quebram vidro com pedra para furtar loja de celulares; Veja v\u00eddeo","author":"noticiasribeiraopreto.com.br","date":"24 de April de 2025","format":false,"excerpt":"Uma loja de celulares foi alvo de furto na madrugada desta quarta-feira (23), no Centro de Brodowski, na regi\u00e3o de Ribeir\u00e3o Preto. Um suspeito foi preso. Segundo o boletim de ocorr\u00eancia (BO), dois criminosos utilizaram uma pedra para quebrar o vidro na fachada do estabelecimento, na rua Floriano Peixoto. Eles\u2026","rel":"","context":"In &quot;Not\u00edcias de Ribeir\u00e3o Preto-SP e Regi\u00e3o&quot;","block_context":{"text":"Not\u00edcias de Ribeir\u00e3o Preto-SP e Regi\u00e3o","link":"https:\/\/noticiasribeiraopreto.com.br\/index.php\/category\/noticias-de-ribeirao-preto-sp-e-regiao-ismael-colosi\/"},"img":{"alt_text":"","src":"https:\/\/i0.wp.com\/noticiasribeiraopreto.com.br\/wp-content\/uploads\/2025\/04\/FURTO_2025-04-24_14-27-59.webp.webp?fit=1200%2C782&ssl=1&resize=350%2C200","width":350,"height":200,"srcset":"https:\/\/i0.wp.com\/noticiasribeiraopreto.com.br\/wp-content\/uploads\/2025\/04\/FURTO_2025-04-24_14-27-59.webp.webp?fit=1200%2C782&ssl=1&resize=350%2C200 1x, https:\/\/i0.wp.com\/noticiasribeiraopreto.com.br\/wp-content\/uploads\/2025\/04\/FURTO_2025-04-24_14-27-59.webp.webp?fit=1200%2C782&ssl=1&resize=525%2C300 1.5x, https:\/\/i0.wp.com\/noticiasribeiraopreto.com.br\/wp-content\/uploads\/2025\/04\/FURTO_2025-04-24_14-27-59.webp.webp?fit=1200%2C782&ssl=1&resize=700%2C400 2x, https:\/\/i0.wp.com\/noticiasribeiraopreto.com.br\/wp-content\/uploads\/2025\/04\/FURTO_2025-04-24_14-27-59.webp.webp?fit=1200%2C782&ssl=1&resize=1050%2C600 3x"},"classes":[]},{"id":63397,"url":"https:\/\/noticiasribeiraopreto.com.br\/index.php\/2025\/02\/12\/adolescentes-sao-apreendidos-apos-roubo-na-zona-sul-de-ribeirao-preto\/","url_meta":{"origin":85305,"position":2},"title":"Adolescentes s\u00e3o apreendidos ap\u00f3s roubo na zona Sul de Ribeir\u00e3o Preto","author":"noticiasribeiraopreto.com.br","date":"12 de February de 2025","format":false,"excerpt":"A Pol\u00edcia Militar (PM) apreendeu dois adolescentes de 16 anos na noite desta ter\u00e7a-feira (11), na avenida Prof. Jo\u00e3o Fi\u00fasa, zona Sul de Ribeir\u00e3o Preto, ap\u00f3s um roubo de celular. De acordo com as informa\u00e7\u00f5es do boletim de ocorr\u00eancia (BO), os policiais estavam saindo da base quando viram os dois\u2026","rel":"","context":"In &quot;Not\u00edcias de Ribeir\u00e3o Preto-SP e Regi\u00e3o&quot;","block_context":{"text":"Not\u00edcias de Ribeir\u00e3o Preto-SP e Regi\u00e3o","link":"https:\/\/noticiasribeiraopreto.com.br\/index.php\/category\/noticias-de-ribeirao-preto-sp-e-regiao-ismael-colosi\/"},"img":{"alt_text":"","src":"https:\/\/noticiasribeiraopreto.com.br\/wp-content\/uploads\/2024\/02\/whatsapp_image_2022-08-14_at_12_10_03.jpe","width":350,"height":200,"srcset":"https:\/\/noticiasribeiraopreto.com.br\/wp-content\/uploads\/2024\/02\/whatsapp_image_2022-08-14_at_12_10_03.jpe 1x, https:\/\/noticiasribeiraopreto.com.br\/wp-content\/uploads\/2024\/02\/whatsapp_image_2022-08-14_at_12_10_03.jpe 1.5x, https:\/\/noticiasribeiraopreto.com.br\/wp-content\/uploads\/2024\/02\/whatsapp_image_2022-08-14_at_12_10_03.jpe 2x, https:\/\/noticiasribeiraopreto.com.br\/wp-content\/uploads\/2024\/02\/whatsapp_image_2022-08-14_at_12_10_03.jpe 3x"},"classes":[]},{"id":70488,"url":"https:\/\/noticiasribeiraopreto.com.br\/index.php\/2025\/05\/27\/adolescente-e-apreendido-apos-arrastao-em-barbearia-na-zona-leste-de-ribeirao-preto\/","url_meta":{"origin":85305,"position":3},"title":"Adolescente \u00e9 apreendido ap\u00f3s arrast\u00e3o em barbearia na zona Leste de Ribeir\u00e3o Preto","author":"noticiasribeiraopreto.com.br","date":"27 de May de 2025","format":false,"excerpt":"Um adolescente de 16 anos foi apreendido na noite desta segunda-feira (26) suspeito de assaltar clientes de uma barbearia no Jardim Castelo Branco, zona Leste de Ribeir\u00e3o Preto. A primeira informa\u00e7\u00e3o de que seria um homem preso foi corrigida. Segundo a PM (Pol\u00edcia Militar), um criminoso rendeu as v\u00edtimas e\u2026","rel":"","context":"In &quot;Not\u00edcias de Ribeir\u00e3o Preto-SP e Regi\u00e3o&quot;","block_context":{"text":"Not\u00edcias de Ribeir\u00e3o Preto-SP e Regi\u00e3o","link":"https:\/\/noticiasribeiraopreto.com.br\/index.php\/category\/noticias-de-ribeirao-preto-sp-e-regiao-ismael-colosi\/"},"img":{"alt_text":"","src":"https:\/\/i0.wp.com\/noticiasribeiraopreto.com.br\/wp-content\/uploads\/2025\/05\/WhatsApp-Image-2025-05-27-at-06.36.38_2025-05-27_09-52-40.webp.webp?fit=1200%2C675&ssl=1&resize=350%2C200","width":350,"height":200,"srcset":"https:\/\/i0.wp.com\/noticiasribeiraopreto.com.br\/wp-content\/uploads\/2025\/05\/WhatsApp-Image-2025-05-27-at-06.36.38_2025-05-27_09-52-40.webp.webp?fit=1200%2C675&ssl=1&resize=350%2C200 1x, https:\/\/i0.wp.com\/noticiasribeiraopreto.com.br\/wp-content\/uploads\/2025\/05\/WhatsApp-Image-2025-05-27-at-06.36.38_2025-05-27_09-52-40.webp.webp?fit=1200%2C675&ssl=1&resize=525%2C300 1.5x, https:\/\/i0.wp.com\/noticiasribeiraopreto.com.br\/wp-content\/uploads\/2025\/05\/WhatsApp-Image-2025-05-27-at-06.36.38_2025-05-27_09-52-40.webp.webp?fit=1200%2C675&ssl=1&resize=700%2C400 2x, https:\/\/i0.wp.com\/noticiasribeiraopreto.com.br\/wp-content\/uploads\/2025\/05\/WhatsApp-Image-2025-05-27-at-06.36.38_2025-05-27_09-52-40.webp.webp?fit=1200%2C675&ssl=1&resize=1050%2C600 3x"},"classes":[]},{"id":36407,"url":"https:\/\/noticiasribeiraopreto.com.br\/index.php\/2024\/02\/09\/utm_sourcerssutm_mediumrssutm_campaignlarapio-e-preso-apos-furtar-celular-em-estacionamento-na-rua-quintino-bocaiuva-em-rp\/","url_meta":{"origin":85305,"position":4},"title":"Lar\u00e1pio \u00e9 preso ap\u00f3s furtar celular em estacionamento na rua Quintino Bocaiuva em RP \u2013 X Tudo Ribeir\u00e3o","author":"noticiasribeiraopreto.com.br","date":"9 de February de 2024","format":false,"excerpt":"Um lar\u00e1pio com uma extensa ficha criminal foi preso ap\u00f3s furtar um celular nas depend\u00eancias de um estacionamento situado na rua Quintino Bocaiuva, na \u00e1rea Central de Ribeir\u00e3o Preto.\u00a0 Segundo informa\u00e7\u00f5es da PM, durante o turno de trabalhos os PMs receberam uma den\u00fancia atrav\u00e9s do (190) versando sobre a atitude\u2026","rel":"","context":"In &quot;Not\u00edcias de Ribeir\u00e3o Preto-SP e Regi\u00e3o&quot;","block_context":{"text":"Not\u00edcias de Ribeir\u00e3o Preto-SP e Regi\u00e3o","link":"https:\/\/noticiasribeiraopreto.com.br\/index.php\/category\/noticias-de-ribeirao-preto-sp-e-regiao-ismael-colosi\/"},"img":{"alt_text":"","src":"https:\/\/i0.wp.com\/noticiasribeiraopreto.com.br\/wp-content\/uploads\/2024\/02\/WhatsApp-Image-2024-02-09-at-15.06.21.jpeg?fit=1072%2C690&ssl=1&resize=350%2C200","width":350,"height":200,"srcset":"https:\/\/i0.wp.com\/noticiasribeiraopreto.com.br\/wp-content\/uploads\/2024\/02\/WhatsApp-Image-2024-02-09-at-15.06.21.jpeg?fit=1072%2C690&ssl=1&resize=350%2C200 1x, https:\/\/i0.wp.com\/noticiasribeiraopreto.com.br\/wp-content\/uploads\/2024\/02\/WhatsApp-Image-2024-02-09-at-15.06.21.jpeg?fit=1072%2C690&ssl=1&resize=525%2C300 1.5x, https:\/\/i0.wp.com\/noticiasribeiraopreto.com.br\/wp-content\/uploads\/2024\/02\/WhatsApp-Image-2024-02-09-at-15.06.21.jpeg?fit=1072%2C690&ssl=1&resize=700%2C400 2x, https:\/\/i0.wp.com\/noticiasribeiraopreto.com.br\/wp-content\/uploads\/2024\/02\/WhatsApp-Image-2024-02-09-at-15.06.21.jpeg?fit=1072%2C690&ssl=1&resize=1050%2C600 3x"},"classes":[]},{"id":11633,"url":"https:\/\/noticiasribeiraopreto.com.br\/index.php\/2023\/12\/06\/utm_sourcerssutm_mediumrssutm_campaignmenor-do-crime-e-detido-apos-furtar-mercadoria-roubada-do-mercado-livre-na-cidade-de-jardinopolis\/","url_meta":{"origin":85305,"position":5},"title":"Menor do crime \u00e9 detido ap\u00f3s furtar mercadoria roubada do Mercado Livre na cidade de Jardin\u00f3polis \u2013 X Tudo Ribeir\u00e3o","author":"noticiasribeiraopreto.com.br","date":"6 de December de 2023","format":false,"excerpt":"Um menor do crime foi apreendido pela Pol\u00edcia Militar ap\u00f3s ser flagrado pela PM com objetos roubados de um motorista que faz entrega \u00e0 empresa Mercado Livre nesta ter\u00e7a-feira (5\/12), na cidade de Jardin\u00f3polis.\u00a0O menor contou que a mercadoria teria ca\u00eddo de um carro em movimento na sua rua. O\u2026","rel":"","context":"In &quot;Not\u00edcias de Ribeir\u00e3o Preto-SP e Regi\u00e3o&quot;","block_context":{"text":"Not\u00edcias de Ribeir\u00e3o Preto-SP e Regi\u00e3o","link":"https:\/\/noticiasribeiraopreto.com.br\/index.php\/category\/noticias-de-ribeirao-preto-sp-e-regiao-ismael-colosi\/"},"img":{"alt_text":"","src":"https:\/\/i0.wp.com\/noticiasribeiraopreto.com.br\/wp-content\/uploads\/2023\/12\/WhatsApp-Image-2023-12-06-at-14.54.08-1.jpeg?fit=1200%2C738&ssl=1&resize=350%2C200","width":350,"height":200,"srcset":"https:\/\/i0.wp.com\/noticiasribeiraopreto.com.br\/wp-content\/uploads\/2023\/12\/WhatsApp-Image-2023-12-06-at-14.54.08-1.jpeg?fit=1200%2C738&ssl=1&resize=350%2C200 1x, https:\/\/i0.wp.com\/noticiasribeiraopreto.com.br\/wp-content\/uploads\/2023\/12\/WhatsApp-Image-2023-12-06-at-14.54.08-1.jpeg?fit=1200%2C738&ssl=1&resize=525%2C300 1.5x, https:\/\/i0.wp.com\/noticiasribeiraopreto.com.br\/wp-content\/uploads\/2023\/12\/WhatsApp-Image-2023-12-06-at-14.54.08-1.jpeg?fit=1200%2C738&ssl=1&resize=700%2C400 2x, https:\/\/i0.wp.com\/noticiasribeiraopreto.com.br\/wp-content\/uploads\/2023\/12\/WhatsApp-Image-2023-12-06-at-14.54.08-1.jpeg?fit=1200%2C738&ssl=1&resize=1050%2C600 3x"},"classes":[]}],"jetpack_sharing_enabled":true,"jetpack_shortlink":"https:\/\/wp.me\/peQAOb-mbT","_links":{"self":[{"href":"https:\/\/noticiasribeiraopreto.com.br\/index.php\/wp-json\/wp\/v2\/posts\/85305","targetHints":{"allow":["GET"]}}],"collection":[{"href":"https:\/\/noticiasribeiraopreto.com.br\/index.php\/wp-json\/wp\/v2\/posts"}],"about":[{"href":"https:\/\/noticiasribeiraopreto.com.br\/index.php\/wp-json\/wp\/v2\/types\/post"}],"author":[{"embeddable":true,"href":"https:\/\/noticiasribeiraopreto.com.br\/index.php\/wp-json\/wp\/v2\/users\/1"}],"replies":[{"embeddable":true,"href":"https:\/\/noticiasribeiraopreto.com.br\/index.php\/wp-json\/wp\/v2\/comments?post=85305"}],"version-history":[{"count":0,"href":"https:\/\/noticiasribeiraopreto.com.br\/index.php\/wp-json\/wp\/v2\/posts\/85305\/revisions"}],"wp:featuredmedia":[{"embeddable":true,"href":"https:\/\/noticiasribeiraopreto.com.br\/index.php\/wp-json\/wp\/v2\/media\/85307"}],"wp:attachment":[{"href":"https:\/\/noticiasribeiraopreto.com.br\/index.php\/wp-json\/wp\/v2\/media?parent=85305"}],"wp:term":[{"taxonomy":"category","embeddable":true,"href":"https:\/\/noticiasribeiraopreto.com.br\/index.php\/wp-json\/wp\/v2\/categories?post=85305"},{"taxonomy":"post_tag","embeddable":true,"href":"https:\/\/noticiasribeiraopreto.com.br\/index.php\/wp-json\/wp\/v2\/tags?post=85305"}],"curies":[{"name":"wp","href":"https:\/\/api.w.org\/{rel}","templated":true}]}}