{"id":85309,"date":"2026-04-28T13:30:31","date_gmt":"2026-04-28T16:30:31","guid":{"rendered":"https:\/\/noticiasribeiraopreto.com.br\/index.php\/2026\/04\/28\/estao-abertas-as-inscricoes-para-o-28o-concurso-miss-comerciaria-de-ribeirao-preto\/"},"modified":"2026-04-28T13:30:31","modified_gmt":"2026-04-28T16:30:31","slug":"estao-abertas-as-inscricoes-para-o-28o-concurso-miss-comerciaria-de-ribeirao-preto","status":"publish","type":"post","link":"https:\/\/noticiasribeiraopreto.com.br\/index.php\/2026\/04\/28\/estao-abertas-as-inscricoes-para-o-28o-concurso-miss-comerciaria-de-ribeirao-preto\/","title":{"rendered":"Est\u00e3o abertas as inscri\u00e7\u00f5es para o 28\u00ba Concurso Miss Comerci\u00e1ria de Ribeir\u00e3o Preto"},"content":{"rendered":"<div class='code-block code-block-1' style='margin: 8px 0 8px auto; text-align: right; display: block; clear: both;'>\n<p><a href=\"https:\/\/wa.link\/vpicfd\"><img data-recalc-dims=\"1\" class=\"wp-image-4922\" style=\"aspect-ratio: 2.0253164556962027; width: 561px; height: auto;\" src=\"https:\/\/i0.wp.com\/ismaelcolosi.com.br\/wp-content\/uploads\/2023\/11\/grupo-de-empregos-whatsapp-e-facebook-ismael-colosi-vagas.jpg?ssl=1\" alt=\"\" \/><\/a><\/p>\n<!-- \/wp:image -->\n<\/div>\n<p> <br \/>\n<\/p>\n<div id=\"\">&#13;<br \/>\n\t\t\t\t\t\t\t\t&#13;<\/p>\n<p>&#13;<br \/>\n\t\t\t\t\t\t\t\t\t<span class=\"entry-meta-item penci-posted-on\"><i class=\"fa fa-clock-o\"\/><time class=\"entry-date published updated\" datetime=\"2026-04-28T13:28:43-03:00\">28 de abril de 2026 13:28<\/time><\/span><span class=\"entry-meta-item penci-post-countview\"\/>\t\t\t\t\t\t\t\t<\/p>\n<p><!-- .entry-meta -->&#13;<br \/>\n\t\t\t\t\t\t\t\t<span class=\"penci-social-buttons penci-social-share-footer\"><span class=\"penci-social-share-text\">Compartilhar<\/span><a href=\"#\" class=\"penci-post-like penci_post-meta_item  single-like-button penci-social-item like\" data-post_id=\"462397\" title=\"Like\" data-like=\"Like\" data-unlike=\"Unlike\"><i class=\"fa fa-thumbs-o-up\"\/><span class=\"penci-share-number\">0<\/span><\/a><i class=\"fa fa-facebook\"\/><a class=\"penci-social-item twitter\" target=\"_blank\" rel=\"noopener\" title=\"\" href=\"https:\/\/twitter.com\/intent\/tweet?text=Est\u00e3o%20abertas%20as%20inscri\u00e7\u00f5es%20para%20o%2028\u00ba%20Concurso%20Miss%20Comerci\u00e1ria%20de%20Ribeir\u00e3o%20Preto%20-%20https:\/\/www.tribunaribeirao.com.br\/estao-abertas-as-inscricoes-para-o-28o-concurso-miss-comerciaria-de-ribeirao-preto\/\"><i class=\"fa fa-twitter\"\/><\/a><i class=\"fa fa-linkedin\"\/><i class=\"fa fa-whatsapp\"\/><i class=\"fa fa-telegram\"\/><i class=\"fa fa-envelope\"\/><\/span>\t\t\t\t\t\t\t<\/div>\n<div>\n<p><em>No ano passado o concurso teve o maior n\u00famero de inscritos de sua hist\u00f3ria, com 36 candidatas<\/em><\/p>\n<p>J\u00e1 est\u00e3o abertas as inscri\u00e7\u00f5es para o tradicional Concurso Miss Comerci\u00e1ria de Ribeir\u00e3o Preto, que chega em 2026 \u00e0 sua 28\u00aa edi\u00e7\u00e3o reafirmando a for\u00e7a, a tradi\u00e7\u00e3o e o prest\u00edgio de um dos eventos mais aguardados do calend\u00e1rio comerci\u00e1rio regional. Promovido pelo Sincomerci\u00e1rios de Ribeir\u00e3o Preto, o concurso vai eleger a representante da beleza, simpatia e desenvoltura das trabalhadoras do com\u00e9rcio de toda a base territorial da entidade.<\/p>\n<figure id=\"attachment_462399\" aria-describedby=\"caption-attachment-462399\" style=\"width: 1200px\" class=\"wp-caption alignnone\"><figcaption id=\"caption-attachment-462399\" class=\"wp-caption-text\">Evento concorrido com j\u00fari de peso \u2013 Mais de 500 pessoas prestigiaram o evento<\/figcaption><\/figure>\n<p>Podem participar comerci\u00e1rias sindicalizadas, maiores de 18 anos, de Ribeir\u00e3o Preto e das demais 13 cidades que integram a base do Sindicato. As interessadas devem preencher a ficha de inscri\u00e7\u00e3o, autoriza\u00e7\u00e3o da empresa e regulamento, encaminhando toda a documenta\u00e7\u00e3o at\u00e9 o pr\u00f3ximo dia 20 de junho, por meio do WhatsApp oficial da organiza\u00e7\u00e3o.<\/p>\n<p>A grande final j\u00e1 tem data marcada: ser\u00e1 no dia 24 de outubro, \u00e0s 20 horas, no Clube dos Comerci\u00e1rios, em Ribeir\u00e3o Preto, reunindo as candidatas selecionadas em uma noite especial de glamour, emo\u00e7\u00e3o e valoriza\u00e7\u00e3o da mulher comerci\u00e1ria. O concurso contar\u00e1 com premia\u00e7\u00f5es para Miss Comerci\u00e1ria 2026, segundo e terceiro lugares, al\u00e9m da escolha da Miss Simpatia.<\/p>\n<p>Realizado pelo Sincomerci\u00e1rios e organizado pela KA2RP Eventos, o Miss Comerci\u00e1ria conta com apoio da Fecomerci\u00e1rios e da Secretaria Municipal da Cultura e Turismo de Ribeir\u00e3o Preto. O evento, que integra o calend\u00e1rio oficial do munic\u00edpio (Lei N\u00ba 14.860, de 15 de setembro de 2023, do ent\u00e3o vereador e atual vice-prefeito de Ribeir\u00e3o Preto, Alessandro Maraca, MDB), mobiliza anualmente milhares de trabalhadores do setor e envolve cerca de 11 mil empresas em 14 cidades da regi\u00e3o.<\/p>\n<p>\u201cMais do que um concurso de beleza, o Miss Comerci\u00e1ria \u00e9 uma homenagem \u00e0 mulher trabalhadora do com\u00e9rcio, valorizando sua autoestima, sua presen\u00e7a e sua import\u00e2ncia dentro da nossa categoria\u201d, destaca a presidente do Sincomerci\u00e1rios, Regina Pessoti.<\/p>\n<figure id=\"attachment_462400\" aria-describedby=\"caption-attachment-462400\" style=\"width: 225px\" class=\"wp-caption alignnone\"><img data-recalc-dims=\"1\" loading=\"lazy\" decoding=\"async\" class=\"wp-image-462400 size-medium lazyload\" src=\"https:\/\/i0.wp.com\/www.tribunaribeirao.com.br\/wp-content\/uploads\/2026\/04\/03-Regina-Pessoti-225x300.jpg?resize=225%2C300&#038;ssl=1\" alt=\"\" width=\"225\" height=\"300\" srcset=\"https:\/\/www.tribunaribeirao.com.br\/wp-content\/uploads\/2026\/04\/03-Regina-Pessoti-225x300.jpg 225w, https:\/\/www.tribunaribeirao.com.br\/wp-content\/uploads\/2026\/04\/03-Regina-Pessoti-768x1024.jpg 768w, https:\/\/www.tribunaribeirao.com.br\/wp-content\/uploads\/2026\/04\/03-Regina-Pessoti-1152x1536.jpg 1152w, https:\/\/www.tribunaribeirao.com.br\/wp-content\/uploads\/2026\/04\/03-Regina-Pessoti-1536x2048.jpg 1536w, https:\/\/www.tribunaribeirao.com.br\/wp-content\/uploads\/2026\/04\/03-Regina-Pessoti-960x1280.jpg 960w, https:\/\/www.tribunaribeirao.com.br\/wp-content\/uploads\/2026\/04\/03-Regina-Pessoti-300x400.jpg 300w, https:\/\/www.tribunaribeirao.com.br\/wp-content\/uploads\/2026\/04\/03-Regina-Pessoti-585x780.jpg 585w, https:\/\/www.tribunaribeirao.com.br\/wp-content\/uploads\/2026\/04\/03-Regina-Pessoti-scaled.jpg 900w\" data-sizes=\"(max-width: 225px) 100vw, 225px\" style=\"--smush-placeholder-width: 225px; --smush-placeholder-aspect-ratio: 225\/300;\"\/><figcaption id=\"caption-attachment-462400\" class=\"wp-caption-text\">Regina Pessoti, presidente do Sincomerci\u00e1rios, convida comerci\u00e1rias de toda a regi\u00e3o para participarem da 28\u00aa edi\u00e7\u00e3o do concurso<\/figcaption><\/figure>\n<p>As inscri\u00e7\u00f5es podem ser feitas diretamente pelo <a href=\"https:\/\/comerciariorp.org\/download\/regulamentos\/Regulamento-Inscricao-e-autorizacao-Miss-2026.pdf\">link oficial<\/a> disponibilizado pela organiza\u00e7\u00e3o. A expectativa \u00e9 de que, mais uma vez, a edi\u00e7\u00e3o deste ano registre grande participa\u00e7\u00e3o de candidatas de toda a regi\u00e3o.<\/p>\n<\/div>\n<p><script async src=\"\/\/platform.twitter.com\/widgets.js\" charset=\"utf-8\"><\/script><br \/>\n<br \/><br \/>\n<br \/><a href=\"https:\/\/www.tribunaribeirao.com.br\/estao-abertas-as-inscricoes-para-o-28o-concurso-miss-comerciaria-de-ribeirao-preto\/\">Texto original daqui <\/a><\/p>\n<!-- CONTENT END 1 -->\n","protected":false},"excerpt":{"rendered":"<p>&#13; &#13; &#13; 28 de abril de 2026 13:28 &#13; Compartilhar0 No ano passado o concurso teve o maior n\u00famero de inscritos de sua hist\u00f3ria,&#8230;<\/p>\n","protected":false},"author":1,"featured_media":85310,"comment_status":"","ping_status":"","sticky":false,"template":"","format":"standard","meta":{"advanced_seo_description":"","jetpack_seo_html_title":"","jetpack_seo_noindex":false,"jetpack_post_was_ever_published":false,"_jetpack_newsletter_access":"","_jetpack_dont_email_post_to_subs":false,"_jetpack_newsletter_tier_id":0,"_jetpack_memberships_contains_paywalled_content":false,"_jetpack_memberships_contains_paid_content":false,"footnotes":"","jetpack_publicize_message":"","jetpack_publicize_feature_enabled":true,"jetpack_social_post_already_shared":true,"jetpack_social_options":{"image_generator_settings":{"template":"highway","default_image_id":0,"font":"","enabled":false},"version":2}},"categories":[11],"tags":[6502,145,6503,567,1450,566,71,27,26],"class_list":["post-85309","post","type-post","status-publish","format-standard","has-post-thumbnail","hentry","category-noticias-de-ribeirao-preto-sp-e-regiao-ismael-colosi","tag-28o","tag-abertas","tag-comerciaria","tag-concurso","tag-estao","tag-inscricoes","tag-para","tag-preto","tag-ribeirao"],"jetpack_publicize_connections":[],"jetpack_featured_media_url":"https:\/\/i0.wp.com\/noticiasribeiraopreto.com.br\/wp-content\/uploads\/2026\/04\/09-Miss-25-Desfile-de-campea-scaled.jpeg?fit=1200%2C800&ssl=1","jetpack-related-posts":[{"id":75018,"url":"https:\/\/noticiasribeiraopreto.com.br\/index.php\/2025\/08\/01\/concurso-miss-comerciaria-bate-recorde-de-inscricoes\/","url_meta":{"origin":85309,"position":0},"title":"Concurso Miss Comerci\u00e1ria bate recorde de inscri\u00e7\u00f5es","author":"noticiasribeiraopreto.com.br","date":"1 de August de 2025","format":false,"excerpt":"1 de agosto de 2025 16:491 de agosto de 2025 15:487 Compartilhar0 Procura \u00e9 a maior de todos os anos e organiza\u00e7\u00e3o decide prorrogar inscri\u00e7\u00f5es at\u00e9 o pr\u00f3ximo dia oito A 27\u00aa. Edi\u00e7\u00e3o do concurso Miss Comerci\u00e1ria Ribeir\u00e3o Preto j\u00e1 fez hist\u00f3ria. Nada menos que 33 comerci\u00e1rias est\u00e3o inscritas e,\u2026","rel":"","context":"In &quot;Not\u00edcias de Ribeir\u00e3o Preto-SP e Regi\u00e3o&quot;","block_context":{"text":"Not\u00edcias de Ribeir\u00e3o Preto-SP e Regi\u00e3o","link":"https:\/\/noticiasribeiraopreto.com.br\/index.php\/category\/noticias-de-ribeirao-preto-sp-e-regiao-ismael-colosi\/"},"img":{"alt_text":"","src":"https:\/\/i0.wp.com\/noticiasribeiraopreto.com.br\/wp-content\/uploads\/2025\/08\/Miss-Comerciaria-2024-scaled.jpg?fit=1170%2C780&ssl=1&resize=350%2C200","width":350,"height":200,"srcset":"https:\/\/i0.wp.com\/noticiasribeiraopreto.com.br\/wp-content\/uploads\/2025\/08\/Miss-Comerciaria-2024-scaled.jpg?fit=1170%2C780&ssl=1&resize=350%2C200 1x, https:\/\/i0.wp.com\/noticiasribeiraopreto.com.br\/wp-content\/uploads\/2025\/08\/Miss-Comerciaria-2024-scaled.jpg?fit=1170%2C780&ssl=1&resize=525%2C300 1.5x, https:\/\/i0.wp.com\/noticiasribeiraopreto.com.br\/wp-content\/uploads\/2025\/08\/Miss-Comerciaria-2024-scaled.jpg?fit=1170%2C780&ssl=1&resize=700%2C400 2x, https:\/\/i0.wp.com\/noticiasribeiraopreto.com.br\/wp-content\/uploads\/2025\/08\/Miss-Comerciaria-2024-scaled.jpg?fit=1170%2C780&ssl=1&resize=1050%2C600 3x"},"classes":[]},{"id":76111,"url":"https:\/\/noticiasribeiraopreto.com.br\/index.php\/2025\/08\/22\/concurso-miss-comerciaria-2025-ja-tem-suas-12-finalistas\/","url_meta":{"origin":85309,"position":1},"title":"Concurso Miss Comerci\u00e1ria 2025 j\u00e1 tem suas 12 finalistas","author":"noticiasribeiraopreto.com.br","date":"22 de August de 2025","format":false,"excerpt":"Concurso desse ano foi super disputado, com 36 candidatas para 12 vagas Nesta sexta-feira (22) foram selecionadas as finalistas que v\u00e3o concorrer ao Miss Comerci\u00e1ria 2025. Este ano, o concurso bateu recorde de inscri\u00e7\u00f5es com 36 candidatas para disputar 12 vagas para a grande final. O evento que vai escolher\u2026","rel":"","context":"In &quot;Not\u00edcias de Ribeir\u00e3o Preto-SP e Regi\u00e3o&quot;","block_context":{"text":"Not\u00edcias de Ribeir\u00e3o Preto-SP e Regi\u00e3o","link":"https:\/\/noticiasribeiraopreto.com.br\/index.php\/category\/noticias-de-ribeirao-preto-sp-e-regiao-ismael-colosi\/"},"img":{"alt_text":"","src":"https:\/\/i0.wp.com\/noticiasribeiraopreto.com.br\/wp-content\/uploads\/2025\/08\/Miss.jpeg?fit=910%2C557&ssl=1&resize=350%2C200","width":350,"height":200,"srcset":"https:\/\/i0.wp.com\/noticiasribeiraopreto.com.br\/wp-content\/uploads\/2025\/08\/Miss.jpeg?fit=910%2C557&ssl=1&resize=350%2C200 1x, https:\/\/i0.wp.com\/noticiasribeiraopreto.com.br\/wp-content\/uploads\/2025\/08\/Miss.jpeg?fit=910%2C557&ssl=1&resize=525%2C300 1.5x, https:\/\/i0.wp.com\/noticiasribeiraopreto.com.br\/wp-content\/uploads\/2025\/08\/Miss.jpeg?fit=910%2C557&ssl=1&resize=700%2C400 2x"},"classes":[]},{"id":79100,"url":"https:\/\/noticiasribeiraopreto.com.br\/index.php\/2025\/10\/24\/final-do-miss-comerciaria-2025-acontece-neste-sabado\/","url_meta":{"origin":85309,"position":2},"title":"Final do Miss Comerci\u00e1ria 2025 acontece neste s\u00e1bado","author":"noticiasribeiraopreto.com.br","date":"24 de October de 2025","format":false,"excerpt":"Concurso desse ano teve recorde de inscri\u00e7\u00f5es com 36 candidatas para 12 vagas finalistas O Clube dos Comerci\u00e1rios ser\u00e1 palco neste s\u00e1bado (25) da grande final do concurso \u201cMiss Comerci\u00e1ria 2025\u201d. Deoze finalistas disputam os t\u00edtulos de Miss Comerci\u00e1ria, 2\u00aa. Colocada, 3\u00aa. Colocada e Miss Simpatia (que \u00e9 eleita entre\u2026","rel":"","context":"In &quot;Not\u00edcias de Ribeir\u00e3o Preto-SP e Regi\u00e3o&quot;","block_context":{"text":"Not\u00edcias de Ribeir\u00e3o Preto-SP e Regi\u00e3o","link":"https:\/\/noticiasribeiraopreto.com.br\/index.php\/category\/noticias-de-ribeirao-preto-sp-e-regiao-ismael-colosi\/"},"img":{"alt_text":"","src":"https:\/\/i0.wp.com\/noticiasribeiraopreto.com.br\/wp-content\/uploads\/2025\/10\/Miss-Final-2024.jpeg?fit=1042%2C685&ssl=1&resize=350%2C200","width":350,"height":200,"srcset":"https:\/\/i0.wp.com\/noticiasribeiraopreto.com.br\/wp-content\/uploads\/2025\/10\/Miss-Final-2024.jpeg?fit=1042%2C685&ssl=1&resize=350%2C200 1x, https:\/\/i0.wp.com\/noticiasribeiraopreto.com.br\/wp-content\/uploads\/2025\/10\/Miss-Final-2024.jpeg?fit=1042%2C685&ssl=1&resize=525%2C300 1.5x, https:\/\/i0.wp.com\/noticiasribeiraopreto.com.br\/wp-content\/uploads\/2025\/10\/Miss-Final-2024.jpeg?fit=1042%2C685&ssl=1&resize=700%2C400 2x"},"classes":[]},{"id":23719,"url":"https:\/\/noticiasribeiraopreto.com.br\/index.php\/2024\/01\/02\/estao-abertas-inscricoes-para-concurso-publico-em-rp\/","url_meta":{"origin":85309,"position":3},"title":"Est\u00e3o abertas inscri\u00e7\u00f5es para concurso p\u00fablico em RP","author":"noticiasribeiraopreto.com.br","date":"2 de January de 2024","format":false,"excerpt":"Destaque Empregos e Est\u00e1gios 2 de janeiro de 2024 | 17:282 de janeiro de 2024 | 17:29 0A prefeitura de Ribeir\u00e3o Preto, por meio da Secretaria Municipal da Administra\u00e7\u00e3o, publicou, no Di\u00e1rio Oficial do Munic\u00edpio de sexta-feira, 22 de dezembro, o Edital n\u00ba06\/2023 para a realiza\u00e7\u00e3o de um novo concurso\u2026","rel":"","context":"In &quot;Not\u00edcias de Ribeir\u00e3o Preto-SP e Regi\u00e3o&quot;","block_context":{"text":"Not\u00edcias de Ribeir\u00e3o Preto-SP e Regi\u00e3o","link":"https:\/\/noticiasribeiraopreto.com.br\/index.php\/category\/noticias-de-ribeirao-preto-sp-e-regiao-ismael-colosi\/"},"img":{"alt_text":"","src":"https:\/\/i0.wp.com\/noticiasribeiraopreto.com.br\/wp-content\/uploads\/2024\/01\/concurso1-scaled.jpeg?fit=968%2C645&ssl=1&resize=350%2C200","width":350,"height":200,"srcset":"https:\/\/i0.wp.com\/noticiasribeiraopreto.com.br\/wp-content\/uploads\/2024\/01\/concurso1-scaled.jpeg?fit=968%2C645&ssl=1&resize=350%2C200 1x, https:\/\/i0.wp.com\/noticiasribeiraopreto.com.br\/wp-content\/uploads\/2024\/01\/concurso1-scaled.jpeg?fit=968%2C645&ssl=1&resize=525%2C300 1.5x, https:\/\/i0.wp.com\/noticiasribeiraopreto.com.br\/wp-content\/uploads\/2024\/01\/concurso1-scaled.jpeg?fit=968%2C645&ssl=1&resize=700%2C400 2x"},"classes":[]},{"id":77851,"url":"https:\/\/noticiasribeiraopreto.com.br\/index.php\/2025\/09\/26\/finalistas-do-miss-comerciaria-sao-recebidas-pelo-vice-prefeito-alessandro-maraca\/","url_meta":{"origin":85309,"position":4},"title":"Finalistas do Miss Comerci\u00e1ria s\u00e3o recebidas pelo vice-prefeito Alessandro Maraca","author":"noticiasribeiraopreto.com.br","date":"26 de September de 2025","format":false,"excerpt":"26 de setembro de 2025 16:062 Compartilhar0 As 12 finalistas do Concurso Miss Comerci\u00e1ria Ribeir\u00e3o Preto 2025 foram recebidas na manh\u00e3 desta quinta-feira (25) pelo vice-prefeito de Ribeir\u00e3o Preto, Alessandro Maraca (MDB), na sede da Prefeitura. A recep\u00e7\u00e3o simbolizou o reconhecimento da import\u00e2ncia do concurso, que valoriza as trabalhadoras do\u2026","rel":"","context":"In &quot;Not\u00edcias de Ribeir\u00e3o Preto-SP e Regi\u00e3o&quot;","block_context":{"text":"Not\u00edcias de Ribeir\u00e3o Preto-SP e Regi\u00e3o","link":"https:\/\/noticiasribeiraopreto.com.br\/index.php\/category\/noticias-de-ribeirao-preto-sp-e-regiao-ismael-colosi\/"},"img":{"alt_text":"","src":"https:\/\/i0.wp.com\/noticiasribeiraopreto.com.br\/wp-content\/uploads\/2025\/09\/01-Misses-Prefeitura-scaled.jpg?fit=1200%2C742&ssl=1&resize=350%2C200","width":350,"height":200,"srcset":"https:\/\/i0.wp.com\/noticiasribeiraopreto.com.br\/wp-content\/uploads\/2025\/09\/01-Misses-Prefeitura-scaled.jpg?fit=1200%2C742&ssl=1&resize=350%2C200 1x, https:\/\/i0.wp.com\/noticiasribeiraopreto.com.br\/wp-content\/uploads\/2025\/09\/01-Misses-Prefeitura-scaled.jpg?fit=1200%2C742&ssl=1&resize=525%2C300 1.5x, https:\/\/i0.wp.com\/noticiasribeiraopreto.com.br\/wp-content\/uploads\/2025\/09\/01-Misses-Prefeitura-scaled.jpg?fit=1200%2C742&ssl=1&resize=700%2C400 2x, https:\/\/i0.wp.com\/noticiasribeiraopreto.com.br\/wp-content\/uploads\/2025\/09\/01-Misses-Prefeitura-scaled.jpg?fit=1200%2C742&ssl=1&resize=1050%2C600 3x"},"classes":[]},{"id":79207,"url":"https:\/\/noticiasribeiraopreto.com.br\/index.php\/2025\/10\/27\/nayane-ramos-e-eleita-miss-comerciaria-2025\/","url_meta":{"origin":85309,"position":5},"title":"Nayane Ramos \u00e9 eleita Miss Comerci\u00e1ria 2025","author":"noticiasribeiraopreto.com.br","date":"27 de October de 2025","format":false,"excerpt":"Final aconteceu no \u00faltimo s\u00e1bado, 25, em evento que contou com a presen\u00e7a de quase 600 pessoas, no Clube dos Comerci\u00e1rios A vendedora e analista de marketing da R&K Jeans, Nayane Marques Ramos (@nayane_ramoss), de 23 anos, foi a grande vencedora da 27\u00aa. edi\u00e7\u00e3o do concurso Miss Comerci\u00e1ria 2025 (@misscomerciariarp).\u2026","rel":"","context":"In &quot;Not\u00edcias de Ribeir\u00e3o Preto-SP e Regi\u00e3o&quot;","block_context":{"text":"Not\u00edcias de Ribeir\u00e3o Preto-SP e Regi\u00e3o","link":"https:\/\/noticiasribeiraopreto.com.br\/index.php\/category\/noticias-de-ribeirao-preto-sp-e-regiao-ismael-colosi\/"},"img":{"alt_text":"","src":"https:\/\/i0.wp.com\/noticiasribeiraopreto.com.br\/wp-content\/uploads\/2025\/10\/01-Miss-25-capa-scaled.jpeg?fit=1170%2C780&ssl=1&resize=350%2C200","width":350,"height":200,"srcset":"https:\/\/i0.wp.com\/noticiasribeiraopreto.com.br\/wp-content\/uploads\/2025\/10\/01-Miss-25-capa-scaled.jpeg?fit=1170%2C780&ssl=1&resize=350%2C200 1x, https:\/\/i0.wp.com\/noticiasribeiraopreto.com.br\/wp-content\/uploads\/2025\/10\/01-Miss-25-capa-scaled.jpeg?fit=1170%2C780&ssl=1&resize=525%2C300 1.5x, https:\/\/i0.wp.com\/noticiasribeiraopreto.com.br\/wp-content\/uploads\/2025\/10\/01-Miss-25-capa-scaled.jpeg?fit=1170%2C780&ssl=1&resize=700%2C400 2x, https:\/\/i0.wp.com\/noticiasribeiraopreto.com.br\/wp-content\/uploads\/2025\/10\/01-Miss-25-capa-scaled.jpeg?fit=1170%2C780&ssl=1&resize=1050%2C600 3x"},"classes":[]}],"jetpack_sharing_enabled":true,"jetpack_shortlink":"https:\/\/wp.me\/peQAOb-mbX","_links":{"self":[{"href":"https:\/\/noticiasribeiraopreto.com.br\/index.php\/wp-json\/wp\/v2\/posts\/85309","targetHints":{"allow":["GET"]}}],"collection":[{"href":"https:\/\/noticiasribeiraopreto.com.br\/index.php\/wp-json\/wp\/v2\/posts"}],"about":[{"href":"https:\/\/noticiasribeiraopreto.com.br\/index.php\/wp-json\/wp\/v2\/types\/post"}],"author":[{"embeddable":true,"href":"https:\/\/noticiasribeiraopreto.com.br\/index.php\/wp-json\/wp\/v2\/users\/1"}],"replies":[{"embeddable":true,"href":"https:\/\/noticiasribeiraopreto.com.br\/index.php\/wp-json\/wp\/v2\/comments?post=85309"}],"version-history":[{"count":0,"href":"https:\/\/noticiasribeiraopreto.com.br\/index.php\/wp-json\/wp\/v2\/posts\/85309\/revisions"}],"wp:featuredmedia":[{"embeddable":true,"href":"https:\/\/noticiasribeiraopreto.com.br\/index.php\/wp-json\/wp\/v2\/media\/85310"}],"wp:attachment":[{"href":"https:\/\/noticiasribeiraopreto.com.br\/index.php\/wp-json\/wp\/v2\/media?parent=85309"}],"wp:term":[{"taxonomy":"category","embeddable":true,"href":"https:\/\/noticiasribeiraopreto.com.br\/index.php\/wp-json\/wp\/v2\/categories?post=85309"},{"taxonomy":"post_tag","embeddable":true,"href":"https:\/\/noticiasribeiraopreto.com.br\/index.php\/wp-json\/wp\/v2\/tags?post=85309"}],"curies":[{"name":"wp","href":"https:\/\/api.w.org\/{rel}","templated":true}]}}