{"id":85311,"date":"2026-04-28T13:31:42","date_gmt":"2026-04-28T16:31:42","guid":{"rendered":"https:\/\/noticiasribeiraopreto.com.br\/index.php\/2026\/04\/28\/entrega-das-obras-de-ampliacao-do-leite-lopes-acontece-hoje\/"},"modified":"2026-04-28T13:31:42","modified_gmt":"2026-04-28T16:31:42","slug":"entrega-das-obras-de-ampliacao-do-leite-lopes-acontece-hoje","status":"publish","type":"post","link":"https:\/\/noticiasribeiraopreto.com.br\/index.php\/2026\/04\/28\/entrega-das-obras-de-ampliacao-do-leite-lopes-acontece-hoje\/","title":{"rendered":"Entrega das obras de amplia\u00e7\u00e3o do Leite Lopes acontece hoje &#8211; THMais"},"content":{"rendered":"<div class='code-block code-block-1' style='margin: 8px 0 8px auto; text-align: right; display: block; clear: both;'>\n<p><a href=\"https:\/\/wa.link\/vpicfd\"><img data-recalc-dims=\"1\" class=\"wp-image-4922\" style=\"aspect-ratio: 2.0253164556962027; width: 561px; height: auto;\" src=\"https:\/\/i0.wp.com\/ismaelcolosi.com.br\/wp-content\/uploads\/2023\/11\/grupo-de-empregos-whatsapp-e-facebook-ismael-colosi-vagas.jpg?ssl=1\" alt=\"\" \/><\/a><\/p>\n<!-- \/wp:image -->\n<\/div>\n<p> <br \/>\n<\/p>\n<div data-td-block-uid=\"tdi_144\">\n<div class=\"tdb-block-inner td-fix-index\">\n<p>Um ano e tr\u00eas meses ap\u00f3s a aprova\u00e7\u00e3o do Plano de Gest\u00e3o de Infraestrutura (PGI), acontece na tarde desta ter\u00e7a-feira (28) a entrega das obras de amplia\u00e7\u00e3o do Aeroporto Leite Lopes, em Ribeir\u00e3o Preto.<\/p>\n<p>O aeroporto \u00e9 hoje o 4\u00ba maior do Estado de S\u00e3o Paulo em movimento de passageiros e a obra prepara o aeroporto para ampliar sua capacidade de 700 mil passageiros\/ano para 1,5 milh\u00e3o at\u00e9 2028. Somente em 2025, foram registrados 728 mil passageiros.<\/p>\n<p>Para a obra, foram investidos R$ 48 milh\u00f5es. A interven\u00e7\u00e3o amplia o terminal original de 3.600 m\u00b2 para um complexo com mais de 10 mil m\u00b2.<\/p>\n<p>A entrega das obras de amplia\u00e7\u00e3o e moderniza\u00e7\u00e3o do Terminal de Passageiros do Aeroporto Dr. Leite Lopes, em Ribeir\u00e3o Preto, com a constru\u00e7\u00e3o do novo Boulevard sustent\u00e1vel.<\/p>\n<h2>Entregas<\/h2>\n<p><strong>\u25cf Novo pr\u00e9-embarque:<\/strong> 2.835,50 m\u00b2<br \/>\u25cf <strong>Novo desembarque dom\u00e9stico e internacional:<\/strong> 2.034,04 m\u00b2<br \/>\u25cf<strong> Nova passarela climatizada de interliga\u00e7\u00e3o:<\/strong> 916,00 m\u00b2<br \/>\u25cf <strong>Retrofit do terminal existente:<\/strong> 3.600,00 m\u00b2<br \/>\u25cf <strong>\u00c1rea operacional inaugurada:<\/strong> 9.385,54 m\u00b2<br \/>\u25cf <strong>Expans\u00e3o futura prevista:<\/strong> 903,05 m\u00b2<\/p>\n<\/div>\n<\/div>\n<p><br \/>\n<br \/><a href=\"https:\/\/thmais.com.br\/cidades\/ribeirao-preto\/entrega-das-obras-de-ampliacao-do-leite-lopes-acontece-hoje\/\">Link para o texto original <\/a><\/p>\n<!-- CONTENT END 1 -->\n","protected":false},"excerpt":{"rendered":"<p>Um ano e tr\u00eas meses ap\u00f3s a aprova\u00e7\u00e3o do Plano de Gest\u00e3o de Infraestrutura (PGI), acontece na tarde desta ter\u00e7a-feira (28) a entrega das obras&#8230;<\/p>\n","protected":false},"author":1,"featured_media":85312,"comment_status":"","ping_status":"","sticky":false,"template":"","format":"standard","meta":{"advanced_seo_description":"","jetpack_seo_html_title":"","jetpack_seo_noindex":false,"jetpack_post_was_ever_published":false,"_jetpack_newsletter_access":"","_jetpack_dont_email_post_to_subs":false,"_jetpack_newsletter_tier_id":0,"_jetpack_memberships_contains_paywalled_content":false,"_jetpack_memberships_contains_paid_content":false,"footnotes":"","jetpack_publicize_message":"","jetpack_publicize_feature_enabled":true,"jetpack_social_post_already_shared":true,"jetpack_social_options":{"image_generator_settings":{"template":"highway","default_image_id":0,"font":"","enabled":false},"version":2}},"categories":[11],"tags":[124,4444,429,1398,1752,6029,3108,1059,6443],"class_list":["post-85311","post","type-post","status-publish","format-standard","has-post-thumbnail","hentry","category-noticias-de-ribeirao-preto-sp-e-regiao-ismael-colosi","tag-acontece","tag-ampliacao","tag-das","tag-entrega","tag-hoje","tag-leite","tag-lopes","tag-obras","tag-thmais"],"jetpack_publicize_connections":[],"jetpack_featured_media_url":"https:\/\/i0.wp.com\/noticiasribeiraopreto.com.br\/wp-content\/uploads\/2026\/04\/leite-lopes.jpeg?fit=1600%2C1200&ssl=1","jetpack-related-posts":[{"id":77440,"url":"https:\/\/noticiasribeiraopreto.com.br\/index.php\/2025\/09\/18\/ampliacao-do-aeroporto-leite-lopes-deve-ser-concluida-ate-o-fim-de-2025-diz-rede-voa\/","url_meta":{"origin":85311,"position":0},"title":"Amplia\u00e7\u00e3o do aeroporto Leite Lopes deve ser conclu\u00edda at\u00e9 o fim de 2025, diz Rede Voa","author":"noticiasribeiraopreto.com.br","date":"18 de September de 2025","format":false,"excerpt":"As obras de amplia\u00e7\u00e3o do aeroporto Leite Lopes, em Ribeir\u00e3o Preto, completam dois anos em novembro de 2025 e, de acordo com a Rede Voa, concession\u00e1ria respons\u00e1vel pelo aer\u00f3dromo, a entrega est\u00e1 prevista para acontecer at\u00e9 o fim do ano. A pedido do acidade on, a Rede Voa informou que\u2026","rel":"","context":"In &quot;Not\u00edcias de Ribeir\u00e3o Preto-SP e Regi\u00e3o&quot;","block_context":{"text":"Not\u00edcias de Ribeir\u00e3o Preto-SP e Regi\u00e3o","link":"https:\/\/noticiasribeiraopreto.com.br\/index.php\/category\/noticias-de-ribeirao-preto-sp-e-regiao-ismael-colosi\/"},"img":{"alt_text":"","src":"https:\/\/i0.wp.com\/noticiasribeiraopreto.com.br\/wp-content\/uploads\/2025\/09\/WhatsApp-Image-2025-09-15-at-14.58.33-1_2025-09-18_20-20-22.webp.webp?fit=1200%2C623&ssl=1&resize=350%2C200","width":350,"height":200,"srcset":"https:\/\/i0.wp.com\/noticiasribeiraopreto.com.br\/wp-content\/uploads\/2025\/09\/WhatsApp-Image-2025-09-15-at-14.58.33-1_2025-09-18_20-20-22.webp.webp?fit=1200%2C623&ssl=1&resize=350%2C200 1x, https:\/\/i0.wp.com\/noticiasribeiraopreto.com.br\/wp-content\/uploads\/2025\/09\/WhatsApp-Image-2025-09-15-at-14.58.33-1_2025-09-18_20-20-22.webp.webp?fit=1200%2C623&ssl=1&resize=525%2C300 1.5x, https:\/\/i0.wp.com\/noticiasribeiraopreto.com.br\/wp-content\/uploads\/2025\/09\/WhatsApp-Image-2025-09-15-at-14.58.33-1_2025-09-18_20-20-22.webp.webp?fit=1200%2C623&ssl=1&resize=700%2C400 2x, https:\/\/i0.wp.com\/noticiasribeiraopreto.com.br\/wp-content\/uploads\/2025\/09\/WhatsApp-Image-2025-09-15-at-14.58.33-1_2025-09-18_20-20-22.webp.webp?fit=1200%2C623&ssl=1&resize=1050%2C600 3x"},"classes":[]},{"id":59867,"url":"https:\/\/noticiasribeiraopreto.com.br\/index.php\/2024\/10\/31\/apos-1-ano-saiba-a-situacao-das-obras-do-aeroporto-de-ribeirao-preto\/","url_meta":{"origin":85311,"position":1},"title":"Ap\u00f3s 1 ano: Saiba a situa\u00e7\u00e3o das obras do aeroporto de Ribeir\u00e3o Preto","author":"noticiasribeiraopreto.com.br","date":"31 de October de 2024","format":false,"excerpt":"Nesta sexta-feira (1\u00ba de novembro), completa-se um ano do in\u00edcio das obras de amplia\u00e7\u00e3o do aeroporto Leite Lopes, em Ribeir\u00e3o Preto. Contudo, pouca coisa andou desde o in\u00edcio dos trabalhos, que prev\u00ea a constru\u00e7\u00e3o de nova sala de embarque e desembarque, com um novo Boulevard. Segundo a Rede Voa, concession\u00e1ria\u2026","rel":"","context":"In &quot;Not\u00edcias de Ribeir\u00e3o Preto-SP e Regi\u00e3o&quot;","block_context":{"text":"Not\u00edcias de Ribeir\u00e3o Preto-SP e Regi\u00e3o","link":"https:\/\/noticiasribeiraopreto.com.br\/index.php\/category\/noticias-de-ribeirao-preto-sp-e-regiao-ismael-colosi\/"},"img":{"alt_text":"","src":"https:\/\/i0.wp.com\/noticiasribeiraopreto.com.br\/wp-content\/uploads\/2024\/10\/WhatsApp-Image-2023-09-18-at-14.49.44.jpeg?fit=1200%2C675&ssl=1&resize=350%2C200","width":350,"height":200,"srcset":"https:\/\/i0.wp.com\/noticiasribeiraopreto.com.br\/wp-content\/uploads\/2024\/10\/WhatsApp-Image-2023-09-18-at-14.49.44.jpeg?fit=1200%2C675&ssl=1&resize=350%2C200 1x, https:\/\/i0.wp.com\/noticiasribeiraopreto.com.br\/wp-content\/uploads\/2024\/10\/WhatsApp-Image-2023-09-18-at-14.49.44.jpeg?fit=1200%2C675&ssl=1&resize=525%2C300 1.5x, https:\/\/i0.wp.com\/noticiasribeiraopreto.com.br\/wp-content\/uploads\/2024\/10\/WhatsApp-Image-2023-09-18-at-14.49.44.jpeg?fit=1200%2C675&ssl=1&resize=700%2C400 2x, https:\/\/i0.wp.com\/noticiasribeiraopreto.com.br\/wp-content\/uploads\/2024\/10\/WhatsApp-Image-2023-09-18-at-14.49.44.jpeg?fit=1200%2C675&ssl=1&resize=1050%2C600 3x"},"classes":[]},{"id":63151,"url":"https:\/\/noticiasribeiraopreto.com.br\/index.php\/2025\/02\/04\/acesso-ao-aeroporto-de-ribeirao-preto-sera-alterado-por-conta-de-obras\/","url_meta":{"origin":85311,"position":2},"title":"Acesso ao aeroporto de Ribeir\u00e3o Preto ser\u00e1 alterado por conta de obras","author":"noticiasribeiraopreto.com.br","date":"4 de February de 2025","format":false,"excerpt":"A Rede Voa, concession\u00e1ria respons\u00e1vel pelo aeroporto Leite Lopes, em Ribeir\u00e3o Preto, informou que a partir desta quarta-feira (5) o acesso ao local sofrer\u00e1 altera\u00e7\u00f5es por conta das obras do novo Boulevard. De acordo com a concession\u00e1ria, o acesso de pessoas ao terminal de passageiros ser\u00e1 momentaneamente realizado pelo port\u00e3o\u2026","rel":"","context":"In &quot;Not\u00edcias de Ribeir\u00e3o Preto-SP e Regi\u00e3o&quot;","block_context":{"text":"Not\u00edcias de Ribeir\u00e3o Preto-SP e Regi\u00e3o","link":"https:\/\/noticiasribeiraopreto.com.br\/index.php\/category\/noticias-de-ribeirao-preto-sp-e-regiao-ismael-colosi\/"},"img":{"alt_text":"","src":"https:\/\/i0.wp.com\/noticiasribeiraopreto.com.br\/wp-content\/uploads\/2024\/04\/AnyConv.com__leite-lopes.webp.webp?fit=1019%2C572&ssl=1&resize=350%2C200","width":350,"height":200,"srcset":"https:\/\/i0.wp.com\/noticiasribeiraopreto.com.br\/wp-content\/uploads\/2024\/04\/AnyConv.com__leite-lopes.webp.webp?fit=1019%2C572&ssl=1&resize=350%2C200 1x, https:\/\/i0.wp.com\/noticiasribeiraopreto.com.br\/wp-content\/uploads\/2024\/04\/AnyConv.com__leite-lopes.webp.webp?fit=1019%2C572&ssl=1&resize=525%2C300 1.5x, https:\/\/i0.wp.com\/noticiasribeiraopreto.com.br\/wp-content\/uploads\/2024\/04\/AnyConv.com__leite-lopes.webp.webp?fit=1019%2C572&ssl=1&resize=700%2C400 2x"},"classes":[]},{"id":84209,"url":"https:\/\/noticiasribeiraopreto.com.br\/index.php\/2026\/04\/04\/passageiros-enfrentam-falta-de-energia-no-aeroporto-de-ribeirao-preto\/","url_meta":{"origin":85311,"position":3},"title":"Passageiros enfrentam falta de energia no aeroporto de Ribeir\u00e3o Preto","author":"noticiasribeiraopreto.com.br","date":"4 de April de 2026","format":false,"excerpt":"00:00 A+ A- Ler o resumo da not\u00edcia Passageiros enfrentam falta de energia no aeroporto de Ribeir\u00e3o Preto Ver essa foto no Instagram Um post compartilhado por acidade on Ribeir\u00e3o (@acidadeonribeirao) Os passageiros que aguardam o embarque no aeroporto Leite Lopes, em Ribeir\u00e3o Preto, neste s\u00e1bado (4), enfrentaram a falta\u2026","rel":"","context":"In &quot;Not\u00edcias de Ribeir\u00e3o Preto-SP e Regi\u00e3o&quot;","block_context":{"text":"Not\u00edcias de Ribeir\u00e3o Preto-SP e Regi\u00e3o","link":"https:\/\/noticiasribeiraopreto.com.br\/index.php\/category\/noticias-de-ribeirao-preto-sp-e-regiao-ismael-colosi\/"},"img":{"alt_text":"","src":"https:\/\/i0.wp.com\/noticiasribeiraopreto.com.br\/wp-content\/uploads\/2026\/04\/queda-energia-aeroporto_2026-04-04_19-43-33.webp.webp?fit=1200%2C674&ssl=1&resize=350%2C200","width":350,"height":200,"srcset":"https:\/\/i0.wp.com\/noticiasribeiraopreto.com.br\/wp-content\/uploads\/2026\/04\/queda-energia-aeroporto_2026-04-04_19-43-33.webp.webp?fit=1200%2C674&ssl=1&resize=350%2C200 1x, https:\/\/i0.wp.com\/noticiasribeiraopreto.com.br\/wp-content\/uploads\/2026\/04\/queda-energia-aeroporto_2026-04-04_19-43-33.webp.webp?fit=1200%2C674&ssl=1&resize=525%2C300 1.5x, https:\/\/i0.wp.com\/noticiasribeiraopreto.com.br\/wp-content\/uploads\/2026\/04\/queda-energia-aeroporto_2026-04-04_19-43-33.webp.webp?fit=1200%2C674&ssl=1&resize=700%2C400 2x, https:\/\/i0.wp.com\/noticiasribeiraopreto.com.br\/wp-content\/uploads\/2026\/04\/queda-energia-aeroporto_2026-04-04_19-43-33.webp.webp?fit=1200%2C674&ssl=1&resize=1050%2C600 3x"},"classes":[]},{"id":84507,"url":"https:\/\/noticiasribeiraopreto.com.br\/index.php\/2026\/04\/10\/ampliacao-do-aeroporto-de-ribeirao-preto-ja-tem-data-para-ser-inaugurada\/","url_meta":{"origin":85311,"position":4},"title":"Amplia\u00e7\u00e3o do aeroporto de Ribeir\u00e3o Preto j\u00e1 tem data para ser inaugurada","author":"noticiasribeiraopreto.com.br","date":"10 de April de 2026","format":false,"excerpt":"Ler o resumo da not\u00edcia Amplia\u00e7\u00e3o do aeroporto Leite Lopes, em Ribeir\u00e3o Preto, ser\u00e1 inaugurada no dia 27 de abril, \u00e0s 11h30. As obras come\u00e7aram em 1\u00ba de novembro de 2023 com investimento de R$ 15 milh\u00f5es. A reforma visa apoiar a internacionaliza\u00e7\u00e3o do aeroporto e atrair neg\u00f3cios \u00e0 regi\u00e3o.\u2026","rel":"","context":"In &quot;Not\u00edcias de Ribeir\u00e3o Preto-SP e Regi\u00e3o&quot;","block_context":{"text":"Not\u00edcias de Ribeir\u00e3o Preto-SP e Regi\u00e3o","link":"https:\/\/noticiasribeiraopreto.com.br\/index.php\/category\/noticias-de-ribeirao-preto-sp-e-regiao-ismael-colosi\/"},"img":{"alt_text":"","src":"https:\/\/i0.wp.com\/noticiasribeiraopreto.com.br\/wp-content\/uploads\/2026\/04\/aeroporto-ribeirao_2026-04-10_17-04-29.webp.webp?fit=1024%2C682&ssl=1&resize=350%2C200","width":350,"height":200,"srcset":"https:\/\/i0.wp.com\/noticiasribeiraopreto.com.br\/wp-content\/uploads\/2026\/04\/aeroporto-ribeirao_2026-04-10_17-04-29.webp.webp?fit=1024%2C682&ssl=1&resize=350%2C200 1x, https:\/\/i0.wp.com\/noticiasribeiraopreto.com.br\/wp-content\/uploads\/2026\/04\/aeroporto-ribeirao_2026-04-10_17-04-29.webp.webp?fit=1024%2C682&ssl=1&resize=525%2C300 1.5x, https:\/\/i0.wp.com\/noticiasribeiraopreto.com.br\/wp-content\/uploads\/2026\/04\/aeroporto-ribeirao_2026-04-10_17-04-29.webp.webp?fit=1024%2C682&ssl=1&resize=700%2C400 2x"},"classes":[]},{"id":57772,"url":"https:\/\/noticiasribeiraopreto.com.br\/index.php\/2024\/09\/10\/entenda-a-situacao-das-obras-do-aeroporto-de-ribeirao-preto\/","url_meta":{"origin":85311,"position":5},"title":"Entenda a situa\u00e7\u00e3o das obras do aeroporto de Ribeir\u00e3o Preto","author":"noticiasribeiraopreto.com.br","date":"10 de September de 2024","format":false,"excerpt":"A Rede Voa, respons\u00e1vel pela administra\u00e7\u00e3o do aeroporto Leite Lopes, em Ribeir\u00e3o Preto, informou que est\u00e1 em fase de contrata\u00e7\u00e3o da empresa respons\u00e1vel por fornecer a cobertura do novo Boulevard. De acordo com a concession\u00e1ria, j\u00e1 foram realizadas as altera\u00e7\u00f5es necess\u00e1rias para a continuidade do acesso vi\u00e1rio. No entanto, o\u2026","rel":"","context":"In &quot;Not\u00edcias de Ribeir\u00e3o Preto-SP e Regi\u00e3o&quot;","block_context":{"text":"Not\u00edcias de Ribeir\u00e3o Preto-SP e Regi\u00e3o","link":"https:\/\/noticiasribeiraopreto.com.br\/index.php\/category\/noticias-de-ribeirao-preto-sp-e-regiao-ismael-colosi\/"},"img":{"alt_text":"","src":"https:\/\/i0.wp.com\/noticiasribeiraopreto.com.br\/wp-content\/uploads\/2024\/04\/AnyConv.com__leite-lopes.webp.webp?fit=1019%2C572&ssl=1&resize=350%2C200","width":350,"height":200,"srcset":"https:\/\/i0.wp.com\/noticiasribeiraopreto.com.br\/wp-content\/uploads\/2024\/04\/AnyConv.com__leite-lopes.webp.webp?fit=1019%2C572&ssl=1&resize=350%2C200 1x, https:\/\/i0.wp.com\/noticiasribeiraopreto.com.br\/wp-content\/uploads\/2024\/04\/AnyConv.com__leite-lopes.webp.webp?fit=1019%2C572&ssl=1&resize=525%2C300 1.5x, https:\/\/i0.wp.com\/noticiasribeiraopreto.com.br\/wp-content\/uploads\/2024\/04\/AnyConv.com__leite-lopes.webp.webp?fit=1019%2C572&ssl=1&resize=700%2C400 2x"},"classes":[]}],"jetpack_sharing_enabled":true,"jetpack_shortlink":"https:\/\/wp.me\/peQAOb-mbZ","_links":{"self":[{"href":"https:\/\/noticiasribeiraopreto.com.br\/index.php\/wp-json\/wp\/v2\/posts\/85311","targetHints":{"allow":["GET"]}}],"collection":[{"href":"https:\/\/noticiasribeiraopreto.com.br\/index.php\/wp-json\/wp\/v2\/posts"}],"about":[{"href":"https:\/\/noticiasribeiraopreto.com.br\/index.php\/wp-json\/wp\/v2\/types\/post"}],"author":[{"embeddable":true,"href":"https:\/\/noticiasribeiraopreto.com.br\/index.php\/wp-json\/wp\/v2\/users\/1"}],"replies":[{"embeddable":true,"href":"https:\/\/noticiasribeiraopreto.com.br\/index.php\/wp-json\/wp\/v2\/comments?post=85311"}],"version-history":[{"count":0,"href":"https:\/\/noticiasribeiraopreto.com.br\/index.php\/wp-json\/wp\/v2\/posts\/85311\/revisions"}],"wp:featuredmedia":[{"embeddable":true,"href":"https:\/\/noticiasribeiraopreto.com.br\/index.php\/wp-json\/wp\/v2\/media\/85312"}],"wp:attachment":[{"href":"https:\/\/noticiasribeiraopreto.com.br\/index.php\/wp-json\/wp\/v2\/media?parent=85311"}],"wp:term":[{"taxonomy":"category","embeddable":true,"href":"https:\/\/noticiasribeiraopreto.com.br\/index.php\/wp-json\/wp\/v2\/categories?post=85311"},{"taxonomy":"post_tag","embeddable":true,"href":"https:\/\/noticiasribeiraopreto.com.br\/index.php\/wp-json\/wp\/v2\/tags?post=85311"}],"curies":[{"name":"wp","href":"https:\/\/api.w.org\/{rel}","templated":true}]}}