{"id":85313,"date":"2026-04-28T16:26:15","date_gmt":"2026-04-28T19:26:15","guid":{"rendered":"https:\/\/noticiasribeiraopreto.com.br\/index.php\/2026\/04\/28\/moradores-e-prestadores-de-condominios-reclamam-de-transito-do-agrishow\/"},"modified":"2026-04-28T16:26:15","modified_gmt":"2026-04-28T19:26:15","slug":"moradores-e-prestadores-de-condominios-reclamam-de-transito-do-agrishow","status":"publish","type":"post","link":"https:\/\/noticiasribeiraopreto.com.br\/index.php\/2026\/04\/28\/moradores-e-prestadores-de-condominios-reclamam-de-transito-do-agrishow\/","title":{"rendered":"Moradores e prestadores de condom\u00ednios reclamam de tr\u00e2nsito do Agrishow"},"content":{"rendered":"<div class='code-block code-block-1' style='margin: 8px 0 8px auto; text-align: right; display: block; clear: both;'>\n<p><a href=\"https:\/\/wa.link\/vpicfd\"><img data-recalc-dims=\"1\" class=\"wp-image-4922\" style=\"aspect-ratio: 2.0253164556962027; width: 561px; height: auto;\" src=\"https:\/\/i0.wp.com\/ismaelcolosi.com.br\/wp-content\/uploads\/2023\/11\/grupo-de-empregos-whatsapp-e-facebook-ismael-colosi-vagas.jpg?ssl=1\" alt=\"\" \/><\/a><\/p>\n<!-- \/wp:image -->\n<\/div>\n<p> <br \/>\n<\/p>\n<div id=\"\">&#13;<\/p>\n<h2 class=\"penci-post-subtitle\">Acessos s\u00e3o interditados em hor\u00e1rio de pico para tentar dar fluidez ao tr\u00e2nsito, mas moradores acabam sem op\u00e7\u00f5es para sair ou voltar para suas casas<\/h2>\n<p>&#13;<\/p>\n<p>&#13;<br \/>\n\t\t\t\t\t\t\t\t\t<span class=\"entry-meta-item penci-posted-on\"><i class=\"fa fa-clock-o\"\/><time class=\"entry-date published updated\" datetime=\"2026-04-28T16:25:34-03:00\">28 de abril de 2026 16:25<\/time><\/span><span class=\"entry-meta-item penci-post-countview\"\/>\t\t\t\t\t\t\t\t<\/p>\n<p><!-- .entry-meta -->&#13;<br \/>\n\t\t\t\t\t\t\t\t<span class=\"penci-social-buttons penci-social-share-footer\"><span class=\"penci-social-share-text\">Compartilhar<\/span><a href=\"#\" class=\"penci-post-like penci_post-meta_item  single-like-button penci-social-item like\" data-post_id=\"462412\" title=\"Like\" data-like=\"Like\" data-unlike=\"Unlike\"><i class=\"fa fa-thumbs-o-up\"\/><span class=\"penci-share-number\">1<\/span><\/a><i class=\"fa fa-facebook\"\/><a class=\"penci-social-item twitter\" target=\"_blank\" rel=\"noopener\" title=\"\" href=\"https:\/\/twitter.com\/intent\/tweet?text=Moradores%20e%20prestadores%20de%20condom\u00ednios%20reclamam%20de%20tr\u00e2nsito%20do%20Agrishow%20-%20https:\/\/www.tribunaribeirao.com.br\/moradores-e-prestadores-de-condominios-reclamam-de-transito-do-agrishow\/\"><i class=\"fa fa-twitter\"\/><\/a><i class=\"fa fa-linkedin\"\/><i class=\"fa fa-whatsapp\"\/><i class=\"fa fa-telegram\"\/><i class=\"fa fa-envelope\"\/><\/span>\t\t\t\t\t\t\t<\/div>\n<div>\n<p>A Agrishow iniciou sua edi\u00e7\u00e3o 2026 neste domingo (26). E no primeiro dia \u00fatil, o fluxo de ve\u00edculos pela Rodovia Prefeito Ant\u00f4nio Duarte Nogueira (SP-322), o Anel Vi\u00e1rio Sul, voltou a ter problemas. Moradores, trabalhadores e prestadores de servi\u00e7o dos condom\u00ednios pr\u00f3ximos ao local da maior feira de tecnologia agr\u00edcola da Am\u00e9rica Latina acabam severamente impactados durante a realiza\u00e7\u00e3o do evento.<\/p>\n<p>Uma das estrat\u00e9gias que os organizadores do tr\u00e2nsito na rodovia encontraram foi fechar as tr\u00eas al\u00e7as de acesso a partir da avenida Adelmo Perdizza. Assim, os acessos \u00e0 avenida Patriarca e \u00e0 Rodovia M\u00e1rio Doneg\u00e1 (que liga Prad\u00f3polis a Ribeir\u00e3o Preto, passando por Dumont), est\u00e3o fechados.<\/p>\n<figure id=\"attachment_462415\" aria-describedby=\"caption-attachment-462415\" style=\"width: 1200px\" class=\"wp-caption alignnone\"><figcaption id=\"caption-attachment-462415\" class=\"wp-caption-text\">Moradores de condom\u00ednios pr\u00f3ximos ao recinto da Agrishow s\u00e3o impactados diariamente no per\u00edodo de realiza\u00e7\u00e3o do evento (Foto: Alfredo Risk)<\/figcaption><\/figure>\n<p>Motoristas que saem de condom\u00ednios na pista sentido Sert\u00e3ozinho a Ribeir\u00e3o Preto acabam sendo obrigados a seguir at\u00e9 quase o trecho do ped\u00e1gio da Rodovia Carlos Tonani (SP-322), em Sert\u00e3ozinho.<\/p>\n<p>Outra op\u00e7\u00e3o \u00e9 ir pela terra at\u00e9 Dumont e de l\u00e1 voltar para Ribeir\u00e3o Preto por locais onde o acesso \u00e9 permitido. Al\u00e9m disso, h\u00e1 moradores que acabam deixando o carro do outro lado do Anel Vi\u00e1rio Sul, atravessam a p\u00e9 e andam cerca de 30 minutos, para evitar pegar o tr\u00e2nsito, o que tem levado mais de uma hora e meia nos hor\u00e1rios de in\u00edcio e fim da feira.<\/p>\n<figure id=\"attachment_462413\" aria-describedby=\"caption-attachment-462413\" style=\"width: 1200px\" class=\"wp-caption alignnone\"><img data-recalc-dims=\"1\" loading=\"lazy\" decoding=\"async\" class=\"size-full wp-image-462413 lazyload\" src=\"https:\/\/i0.wp.com\/www.tribunaribeirao.com.br\/wp-content\/uploads\/2026\/04\/28-abr-2026-interdicaoagrishow0-scaled.jpg?resize=1200%2C800&#038;ssl=1\" alt=\"\" width=\"1200\" height=\"800\" srcset=\"https:\/\/www.tribunaribeirao.com.br\/wp-content\/uploads\/2026\/04\/28-abr-2026-interdicaoagrishow0-scaled.jpg 1200w, https:\/\/www.tribunaribeirao.com.br\/wp-content\/uploads\/2026\/04\/28-abr-2026-interdicaoagrishow0-300x200.jpg 300w, https:\/\/www.tribunaribeirao.com.br\/wp-content\/uploads\/2026\/04\/28-abr-2026-interdicaoagrishow0-1024x682.jpg 1024w, https:\/\/www.tribunaribeirao.com.br\/wp-content\/uploads\/2026\/04\/28-abr-2026-interdicaoagrishow0-768x512.jpg 768w, https:\/\/www.tribunaribeirao.com.br\/wp-content\/uploads\/2026\/04\/28-abr-2026-interdicaoagrishow0-1536x1023.jpg 1536w, https:\/\/www.tribunaribeirao.com.br\/wp-content\/uploads\/2026\/04\/28-abr-2026-interdicaoagrishow0-480x320.jpg 480w, https:\/\/www.tribunaribeirao.com.br\/wp-content\/uploads\/2026\/04\/28-abr-2026-interdicaoagrishow0-280x186.jpg 280w, https:\/\/www.tribunaribeirao.com.br\/wp-content\/uploads\/2026\/04\/28-abr-2026-interdicaoagrishow0-960x640.jpg 960w, https:\/\/www.tribunaribeirao.com.br\/wp-content\/uploads\/2026\/04\/28-abr-2026-interdicaoagrishow0-600x400.jpg 600w, https:\/\/www.tribunaribeirao.com.br\/wp-content\/uploads\/2026\/04\/28-abr-2026-interdicaoagrishow0-585x390.jpg 585w\" data-sizes=\"(max-width: 1200px) 100vw, 1200px\" style=\"--smush-placeholder-width: 1200px; --smush-placeholder-aspect-ratio: 1200\/800;\"\/><figcaption id=\"caption-attachment-462413\" class=\"wp-caption-text\">Problema dos moradores, funcion\u00e1rios e prestadores de servi\u00e7o dos condom\u00ednios \u00e9 antigo e parece estar cada vez mais agravado pelas mudan\u00e7as para atender aos visitantes da feira agr\u00edcola (Foto: Alfredo Risk)<\/figcaption><\/figure>\n<p>Um morador, que preferiu n\u00e3o identificar, sugeriu que sejam criados crach\u00e1s somente para moradores e pessoas credenciadas pelos condom\u00ednios \u2013 funcion\u00e1rios e prestadores de servi\u00e7o. \u201cDesta forma, n\u00e3o impactaria muito para n\u00f3s. O acesso \u00e9 bloqueado no in\u00edcio e no final do dia. Depois os cones direcionais voltam e a coisa fica mais tranquila. Mas no hor\u00e1rio de pico ficamos ilhados\u201d, lamenta.<\/p>\n<p>Prestadores de servi\u00e7o que trabalham na constru\u00e7\u00e3o de casas nos condom\u00ednios, segundo o morador, sentiram o impacto na semana que antecedeu o in\u00edcio da feira. \u201cNa semana da Agrishow, eles chegam com at\u00e9 duas horas de atraso. Isso atrapalha nossas vidas\u201d, acrescenta.<\/p>\n<figure id=\"attachment_462414\" aria-describedby=\"caption-attachment-462414\" style=\"width: 1200px\" class=\"wp-caption alignnone\"><img data-recalc-dims=\"1\" loading=\"lazy\" decoding=\"async\" class=\"size-full wp-image-462414 lazyload\" src=\"https:\/\/i0.wp.com\/www.tribunaribeirao.com.br\/wp-content\/uploads\/2026\/04\/28-abr-2026-interdicaoagrishow1-scaled.jpg?resize=1200%2C800&#038;ssl=1\" alt=\"\" width=\"1200\" height=\"800\" srcset=\"https:\/\/www.tribunaribeirao.com.br\/wp-content\/uploads\/2026\/04\/28-abr-2026-interdicaoagrishow1-scaled.jpg 1200w, https:\/\/www.tribunaribeirao.com.br\/wp-content\/uploads\/2026\/04\/28-abr-2026-interdicaoagrishow1-300x200.jpg 300w, https:\/\/www.tribunaribeirao.com.br\/wp-content\/uploads\/2026\/04\/28-abr-2026-interdicaoagrishow1-1024x682.jpg 1024w, https:\/\/www.tribunaribeirao.com.br\/wp-content\/uploads\/2026\/04\/28-abr-2026-interdicaoagrishow1-768x512.jpg 768w, https:\/\/www.tribunaribeirao.com.br\/wp-content\/uploads\/2026\/04\/28-abr-2026-interdicaoagrishow1-1536x1023.jpg 1536w, https:\/\/www.tribunaribeirao.com.br\/wp-content\/uploads\/2026\/04\/28-abr-2026-interdicaoagrishow1-480x320.jpg 480w, https:\/\/www.tribunaribeirao.com.br\/wp-content\/uploads\/2026\/04\/28-abr-2026-interdicaoagrishow1-280x186.jpg 280w, https:\/\/www.tribunaribeirao.com.br\/wp-content\/uploads\/2026\/04\/28-abr-2026-interdicaoagrishow1-960x640.jpg 960w, https:\/\/www.tribunaribeirao.com.br\/wp-content\/uploads\/2026\/04\/28-abr-2026-interdicaoagrishow1-600x400.jpg 600w, https:\/\/www.tribunaribeirao.com.br\/wp-content\/uploads\/2026\/04\/28-abr-2026-interdicaoagrishow1-585x390.jpg 585w\" data-sizes=\"(max-width: 1200px) 100vw, 1200px\" style=\"--smush-placeholder-width: 1200px; --smush-placeholder-aspect-ratio: 1200\/800;\"\/><figcaption id=\"caption-attachment-462414\" class=\"wp-caption-text\">H\u00e1 quem tenha que deixar o carro do outro lado, atravessando a pista \u2013 e correndo o risco de ser atropelado \u2013 para evitar o desvio e o tr\u00e2nsito, num trajeto que pode durar at\u00e9 duas horas (Foto: Alfredo Risk)<\/figcaption><\/figure>\n<p>A dire\u00e7\u00e3o da Agrishow e da concession\u00e1ria Entrevias, respons\u00e1vel pelo trecho do Anel Vi\u00e1rio Sul, foram procurados pela reportagem do <strong>Tribuna Ribeir\u00e3o<\/strong>, mas n\u00e3o responderam aos questionamentos at\u00e9 o fechamento desta mat\u00e9ria.<\/p>\n<\/div>\n<p><script async src=\"\/\/platform.twitter.com\/widgets.js\" charset=\"utf-8\"><\/script><br \/>\n<br \/><br \/>\n<br \/><a href=\"https:\/\/www.tribunaribeirao.com.br\/moradores-e-prestadores-de-condominios-reclamam-de-transito-do-agrishow\/\">Texto original daqui <\/a><\/p>\n<!-- CONTENT END 1 -->\n","protected":false},"excerpt":{"rendered":"<p>&#13; Acessos s\u00e3o interditados em hor\u00e1rio de pico para tentar dar fluidez ao tr\u00e2nsito, mas moradores acabam sem op\u00e7\u00f5es para sair ou voltar para suas&#8230;<\/p>\n","protected":false},"author":1,"featured_media":85314,"comment_status":"","ping_status":"","sticky":false,"template":"","format":"standard","meta":{"advanced_seo_description":"","jetpack_seo_html_title":"","jetpack_seo_noindex":false,"jetpack_post_was_ever_published":false,"_jetpack_newsletter_access":"","_jetpack_dont_email_post_to_subs":false,"_jetpack_newsletter_tier_id":0,"_jetpack_memberships_contains_paywalled_content":false,"_jetpack_memberships_contains_paid_content":false,"footnotes":"","jetpack_publicize_message":"","jetpack_publicize_feature_enabled":true,"jetpack_social_post_already_shared":true,"jetpack_social_options":{"image_generator_settings":{"template":"highway","default_image_id":0,"font":"","enabled":false},"version":2}},"categories":[11],"tags":[191,4360,307,6504,308,1092],"class_list":["post-85313","post","type-post","status-publish","format-standard","has-post-thumbnail","hentry","category-noticias-de-ribeirao-preto-sp-e-regiao-ismael-colosi","tag-agrishow","tag-condominios","tag-moradores","tag-prestadores","tag-reclamam","tag-transito"],"jetpack_publicize_connections":[],"jetpack_featured_media_url":"https:\/\/i0.wp.com\/noticiasribeiraopreto.com.br\/wp-content\/uploads\/2026\/04\/28-abr-2026-interdicaoagrishow4-scaled.jpg?fit=1200%2C800&ssl=1","jetpack-related-posts":[{"id":61548,"url":"https:\/\/noticiasribeiraopreto.com.br\/index.php\/2024\/12\/16\/moradores-de-ribeirao-preto-reclamam-de-agua-suja-saindo-das-torneiras\/","url_meta":{"origin":85313,"position":0},"title":"Moradores de Ribeir\u00e3o Preto reclamam de \u00e1gua suja saindo das torneiras","author":"noticiasribeiraopreto.com.br","date":"16 de December de 2024","format":false,"excerpt":"Moradores dos bairros Jardim Castelo Branco e Parque dos Bandeirantes, na zona Leste de Ribeir\u00e3o Preto, reclamam que desde domingo (15) a \u00e1gua est\u00e1 saindo suja das torneiras. Relatos sobre a \u00e1gua suja foram realizados por moradores das ruas Jo\u00e3o Nutti, Miguel Ignacio e M\u00e1rio Tochini. Mas, pessoas que tamb\u00e9m\u2026","rel":"","context":"In &quot;Not\u00edcias de Ribeir\u00e3o Preto-SP e Regi\u00e3o&quot;","block_context":{"text":"Not\u00edcias de Ribeir\u00e3o Preto-SP e Regi\u00e3o","link":"https:\/\/noticiasribeiraopreto.com.br\/index.php\/category\/noticias-de-ribeirao-preto-sp-e-regiao-ismael-colosi\/"},"img":{"alt_text":"","src":"https:\/\/i0.wp.com\/noticiasribeiraopreto.com.br\/wp-content\/uploads\/2024\/12\/Copia-de-Copia-de-Copia-de-TAMANHO-EXATO-PARA-FOTOS-NO-SISTEMA-NOVO-51_2024-12-16_16-29-39_jpg_2024-12-16_16-29-39.webp.webp?fit=1200%2C675&ssl=1&resize=350%2C200","width":350,"height":200,"srcset":"https:\/\/i0.wp.com\/noticiasribeiraopreto.com.br\/wp-content\/uploads\/2024\/12\/Copia-de-Copia-de-Copia-de-TAMANHO-EXATO-PARA-FOTOS-NO-SISTEMA-NOVO-51_2024-12-16_16-29-39_jpg_2024-12-16_16-29-39.webp.webp?fit=1200%2C675&ssl=1&resize=350%2C200 1x, https:\/\/i0.wp.com\/noticiasribeiraopreto.com.br\/wp-content\/uploads\/2024\/12\/Copia-de-Copia-de-Copia-de-TAMANHO-EXATO-PARA-FOTOS-NO-SISTEMA-NOVO-51_2024-12-16_16-29-39_jpg_2024-12-16_16-29-39.webp.webp?fit=1200%2C675&ssl=1&resize=525%2C300 1.5x, https:\/\/i0.wp.com\/noticiasribeiraopreto.com.br\/wp-content\/uploads\/2024\/12\/Copia-de-Copia-de-Copia-de-TAMANHO-EXATO-PARA-FOTOS-NO-SISTEMA-NOVO-51_2024-12-16_16-29-39_jpg_2024-12-16_16-29-39.webp.webp?fit=1200%2C675&ssl=1&resize=700%2C400 2x, https:\/\/i0.wp.com\/noticiasribeiraopreto.com.br\/wp-content\/uploads\/2024\/12\/Copia-de-Copia-de-Copia-de-TAMANHO-EXATO-PARA-FOTOS-NO-SISTEMA-NOVO-51_2024-12-16_16-29-39_jpg_2024-12-16_16-29-39.webp.webp?fit=1200%2C675&ssl=1&resize=1050%2C600 3x"},"classes":[]},{"id":3479,"url":"https:\/\/noticiasribeiraopreto.com.br\/index.php\/2023\/11\/18\/moradores-reclamam-de-demora-no-envio-de-caminhoes-pipa-em-ribeirao\/","url_meta":{"origin":85313,"position":1},"title":"Moradores reclamam de demora no envio de caminh\u00f5es-pipa em Ribeir\u00e3o","author":"noticiasribeiraopreto.com.br","date":"18 de November de 2023","format":false,"excerpt":"Moradores de um condom\u00ednio no Parque dos Pinus, na zona Norte de Ribeir\u00e3o Preto reclamam, que est\u00e3o h\u00e1 tr\u00eas dias sem \u00e1gua. Um caminh\u00e3o-pipa da Saerp (Secretaria de \u00c1gua e Esgoto de Ribeir\u00e3o Preto) chegou a ser solicitado, mas os moradores afirmam que n\u00e3o receberam o abastecimento. Segundo o agente\u2026","rel":"","context":"In &quot;Not\u00edcias de Ribeir\u00e3o Preto-SP e Regi\u00e3o&quot;","block_context":{"text":"Not\u00edcias de Ribeir\u00e3o Preto-SP e Regi\u00e3o","link":"https:\/\/noticiasribeiraopreto.com.br\/index.php\/category\/noticias-de-ribeirao-preto-sp-e-regiao-ismael-colosi\/"},"img":{"alt_text":"","src":"https:\/\/i0.wp.com\/noticiasribeiraopreto.com.br\/wp-content\/uploads\/2023\/11\/sem-agua-em-casa.jpg?fit=1200%2C675&ssl=1&resize=350%2C200","width":350,"height":200,"srcset":"https:\/\/i0.wp.com\/noticiasribeiraopreto.com.br\/wp-content\/uploads\/2023\/11\/sem-agua-em-casa.jpg?fit=1200%2C675&ssl=1&resize=350%2C200 1x, https:\/\/i0.wp.com\/noticiasribeiraopreto.com.br\/wp-content\/uploads\/2023\/11\/sem-agua-em-casa.jpg?fit=1200%2C675&ssl=1&resize=525%2C300 1.5x, https:\/\/i0.wp.com\/noticiasribeiraopreto.com.br\/wp-content\/uploads\/2023\/11\/sem-agua-em-casa.jpg?fit=1200%2C675&ssl=1&resize=700%2C400 2x, https:\/\/i0.wp.com\/noticiasribeiraopreto.com.br\/wp-content\/uploads\/2023\/11\/sem-agua-em-casa.jpg?fit=1200%2C675&ssl=1&resize=1050%2C600 3x"},"classes":[]},{"id":59054,"url":"https:\/\/noticiasribeiraopreto.com.br\/index.php\/2024\/10\/13\/importunacao-sexual-em-condominios-um-alerta-para-sindicos-e-moradores\/","url_meta":{"origin":85313,"position":2},"title":"Importuna\u00e7\u00e3o sexual em condom\u00ednios: Um alerta para s\u00edndicos e moradores","author":"noticiasribeiraopreto.com.br","date":"13 de October de 2024","format":false,"excerpt":"Recentemente, um caso grave de importuna\u00e7\u00e3o sexual envolvendo um vigilante de condom\u00ednio em Cuiab\u00e1-MT, chocou a comunidade e acendeu um alerta para todos que residem ou trabalham em condom\u00ednios. O vigilante foi denunciado por importunar sexualmente menores de idade, um crime que preocupa tanto pela sua gravidade quanto pela sensa\u00e7\u00e3o\u2026","rel":"","context":"In &quot;Not\u00edcias de Ribeir\u00e3o Preto-SP e Regi\u00e3o&quot;","block_context":{"text":"Not\u00edcias de Ribeir\u00e3o Preto-SP e Regi\u00e3o","link":"https:\/\/noticiasribeiraopreto.com.br\/index.php\/category\/noticias-de-ribeirao-preto-sp-e-regiao-ismael-colosi\/"},"img":{"alt_text":"","src":"https:\/\/i0.wp.com\/noticiasribeiraopreto.com.br\/wp-content\/uploads\/2024\/03\/AnyConv.com__WhatsApp-Image-2024-02-29-at-15.18.26.webp.webp?fit=640%2C405&ssl=1&resize=350%2C200","width":350,"height":200,"srcset":"https:\/\/i0.wp.com\/noticiasribeiraopreto.com.br\/wp-content\/uploads\/2024\/03\/AnyConv.com__WhatsApp-Image-2024-02-29-at-15.18.26.webp.webp?fit=640%2C405&ssl=1&resize=350%2C200 1x, https:\/\/i0.wp.com\/noticiasribeiraopreto.com.br\/wp-content\/uploads\/2024\/03\/AnyConv.com__WhatsApp-Image-2024-02-29-at-15.18.26.webp.webp?fit=640%2C405&ssl=1&resize=525%2C300 1.5x"},"classes":[]},{"id":44199,"url":"https:\/\/noticiasribeiraopreto.com.br\/index.php\/2024\/03\/26\/moradores-reclamam-de-barulho-e-do-lixo-em-pancadoes-de-ribeirao-preto\/","url_meta":{"origin":85313,"position":3},"title":"Moradores reclamam de barulho e do lixo em \u2018pancad\u00f5es\u2019 de Ribeir\u00e3o Preto","author":"noticiasribeiraopreto.com.br","date":"26 de March de 2024","format":false,"excerpt":"Moradores reclamam do barulho e do lixo deixado em \u201cpancad\u00f5es\u201d que acontecem aos finais de semana na rua Tupinamb\u00e1, no Ipiranga, na zona Norte de Ribeir\u00e3o Preto. O local fica pr\u00f3ximo de um campo de futebol \u2013 veja o v\u00eddeo abaixo. De acordo com uma moradora, que n\u00e3o quis se\u2026","rel":"","context":"In &quot;Not\u00edcias de Ribeir\u00e3o Preto-SP e Regi\u00e3o&quot;","block_context":{"text":"Not\u00edcias de Ribeir\u00e3o Preto-SP e Regi\u00e3o","link":"https:\/\/noticiasribeiraopreto.com.br\/index.php\/category\/noticias-de-ribeirao-preto-sp-e-regiao-ismael-colosi\/"},"img":{"alt_text":"","src":"https:\/\/i0.wp.com\/noticiasribeiraopreto.com.br\/wp-content\/uploads\/2024\/03\/AnyConv.com__pancadao.webp.webp?fit=1200%2C675&ssl=1&resize=350%2C200","width":350,"height":200,"srcset":"https:\/\/i0.wp.com\/noticiasribeiraopreto.com.br\/wp-content\/uploads\/2024\/03\/AnyConv.com__pancadao.webp.webp?fit=1200%2C675&ssl=1&resize=350%2C200 1x, https:\/\/i0.wp.com\/noticiasribeiraopreto.com.br\/wp-content\/uploads\/2024\/03\/AnyConv.com__pancadao.webp.webp?fit=1200%2C675&ssl=1&resize=525%2C300 1.5x, https:\/\/i0.wp.com\/noticiasribeiraopreto.com.br\/wp-content\/uploads\/2024\/03\/AnyConv.com__pancadao.webp.webp?fit=1200%2C675&ssl=1&resize=700%2C400 2x, https:\/\/i0.wp.com\/noticiasribeiraopreto.com.br\/wp-content\/uploads\/2024\/03\/AnyConv.com__pancadao.webp.webp?fit=1200%2C675&ssl=1&resize=1050%2C600 3x"},"classes":[]},{"id":38993,"url":"https:\/\/noticiasribeiraopreto.com.br\/index.php\/2024\/02\/22\/moradores-reclamam-de-esquecimento-por-conta-de-obra-parada-no-centro-de-ribeirao\/","url_meta":{"origin":85313,"position":4},"title":"Moradores reclamam de esquecimento por conta de obra parada no Centro de Ribeir\u00e3o","author":"noticiasribeiraopreto.com.br","date":"22 de February de 2024","format":false,"excerpt":"A obra da rua S\u00e3o Jos\u00e9, no Centro de Ribeir\u00e3o Preto, est\u00e1 parada e causando transtornos aos moradores do trecho pr\u00f3ximo \u00e0 avenida Francisco Junqueira. Eles reclamam de esquecimento e at\u00e9 descaso com a \u00e1rea. \u201cAqui [rua S\u00e3o Jos\u00e9] est\u00e1 muito pior que a avenida Nove de Julho, pois n\u00e3o\u2026","rel":"","context":"In &quot;Not\u00edcias de Ribeir\u00e3o Preto-SP e Regi\u00e3o&quot;","block_context":{"text":"Not\u00edcias de Ribeir\u00e3o Preto-SP e Regi\u00e3o","link":"https:\/\/noticiasribeiraopreto.com.br\/index.php\/category\/noticias-de-ribeirao-preto-sp-e-regiao-ismael-colosi\/"},"img":{"alt_text":"","src":"https:\/\/i0.wp.com\/noticiasribeiraopreto.com.br\/wp-content\/uploads\/2024\/02\/3-11.jpg?fit=1200%2C675&ssl=1&resize=350%2C200","width":350,"height":200,"srcset":"https:\/\/i0.wp.com\/noticiasribeiraopreto.com.br\/wp-content\/uploads\/2024\/02\/3-11.jpg?fit=1200%2C675&ssl=1&resize=350%2C200 1x, https:\/\/i0.wp.com\/noticiasribeiraopreto.com.br\/wp-content\/uploads\/2024\/02\/3-11.jpg?fit=1200%2C675&ssl=1&resize=525%2C300 1.5x, https:\/\/i0.wp.com\/noticiasribeiraopreto.com.br\/wp-content\/uploads\/2024\/02\/3-11.jpg?fit=1200%2C675&ssl=1&resize=700%2C400 2x, https:\/\/i0.wp.com\/noticiasribeiraopreto.com.br\/wp-content\/uploads\/2024\/02\/3-11.jpg?fit=1200%2C675&ssl=1&resize=1050%2C600 3x"},"classes":[]},{"id":84700,"url":"https:\/\/noticiasribeiraopreto.com.br\/index.php\/2026\/04\/14\/estrada-do-piripau-moradores-reclamam-de-via-intransitavel-e-obra-parada\/","url_meta":{"origin":85313,"position":5},"title":"Estrada do Piripau: Moradores reclamam de via &#8216;intransit\u00e1vel&#8217; e obra parada","author":"noticiasribeiraopreto.com.br","date":"14 de April de 2026","format":false,"excerpt":"00:00 A+ A- Ler o resumo da not\u00edcia Estrada Municipal do Piripau, em Ribeir\u00e3o Preto, tem pavimenta\u00e7\u00e3o 80% conclu\u00edda, mas moradores reclamam de via intransit\u00e1vel. Obra custou R$ 11,4 milh\u00f5es, financiados integralmente pelo DER-SP. Empresa respons\u00e1vel instalou bloqueios nos trechos asphaltados; ve\u00edculos usam via provis\u00f3ria de terra em m\u00e1s condi\u00e7\u00f5es.\u2026","rel":"","context":"In &quot;Not\u00edcias de Ribeir\u00e3o Preto-SP e Regi\u00e3o&quot;","block_context":{"text":"Not\u00edcias de Ribeir\u00e3o Preto-SP e Regi\u00e3o","link":"https:\/\/noticiasribeiraopreto.com.br\/index.php\/category\/noticias-de-ribeirao-preto-sp-e-regiao-ismael-colosi\/"},"img":{"alt_text":"","src":"https:\/\/i0.wp.com\/noticiasribeiraopreto.com.br\/wp-content\/uploads\/2026\/04\/domingo-33_2026-04-14_17-27-27.webp.webp?fit=1200%2C675&ssl=1&resize=350%2C200","width":350,"height":200,"srcset":"https:\/\/i0.wp.com\/noticiasribeiraopreto.com.br\/wp-content\/uploads\/2026\/04\/domingo-33_2026-04-14_17-27-27.webp.webp?fit=1200%2C675&ssl=1&resize=350%2C200 1x, https:\/\/i0.wp.com\/noticiasribeiraopreto.com.br\/wp-content\/uploads\/2026\/04\/domingo-33_2026-04-14_17-27-27.webp.webp?fit=1200%2C675&ssl=1&resize=525%2C300 1.5x, https:\/\/i0.wp.com\/noticiasribeiraopreto.com.br\/wp-content\/uploads\/2026\/04\/domingo-33_2026-04-14_17-27-27.webp.webp?fit=1200%2C675&ssl=1&resize=700%2C400 2x, https:\/\/i0.wp.com\/noticiasribeiraopreto.com.br\/wp-content\/uploads\/2026\/04\/domingo-33_2026-04-14_17-27-27.webp.webp?fit=1200%2C675&ssl=1&resize=1050%2C600 3x"},"classes":[]}],"jetpack_sharing_enabled":true,"jetpack_shortlink":"https:\/\/wp.me\/peQAOb-mc1","_links":{"self":[{"href":"https:\/\/noticiasribeiraopreto.com.br\/index.php\/wp-json\/wp\/v2\/posts\/85313","targetHints":{"allow":["GET"]}}],"collection":[{"href":"https:\/\/noticiasribeiraopreto.com.br\/index.php\/wp-json\/wp\/v2\/posts"}],"about":[{"href":"https:\/\/noticiasribeiraopreto.com.br\/index.php\/wp-json\/wp\/v2\/types\/post"}],"author":[{"embeddable":true,"href":"https:\/\/noticiasribeiraopreto.com.br\/index.php\/wp-json\/wp\/v2\/users\/1"}],"replies":[{"embeddable":true,"href":"https:\/\/noticiasribeiraopreto.com.br\/index.php\/wp-json\/wp\/v2\/comments?post=85313"}],"version-history":[{"count":0,"href":"https:\/\/noticiasribeiraopreto.com.br\/index.php\/wp-json\/wp\/v2\/posts\/85313\/revisions"}],"wp:featuredmedia":[{"embeddable":true,"href":"https:\/\/noticiasribeiraopreto.com.br\/index.php\/wp-json\/wp\/v2\/media\/85314"}],"wp:attachment":[{"href":"https:\/\/noticiasribeiraopreto.com.br\/index.php\/wp-json\/wp\/v2\/media?parent=85313"}],"wp:term":[{"taxonomy":"category","embeddable":true,"href":"https:\/\/noticiasribeiraopreto.com.br\/index.php\/wp-json\/wp\/v2\/categories?post=85313"},{"taxonomy":"post_tag","embeddable":true,"href":"https:\/\/noticiasribeiraopreto.com.br\/index.php\/wp-json\/wp\/v2\/tags?post=85313"}],"curies":[{"name":"wp","href":"https:\/\/api.w.org\/{rel}","templated":true}]}}