{"id":85315,"date":"2026-04-28T17:32:38","date_gmt":"2026-04-28T20:32:38","guid":{"rendered":"https:\/\/noticiasribeiraopreto.com.br\/index.php\/2026\/04\/28\/baleia-aparece-na-baia-de-santos-e-encanta-pescadores-ao-nadar-ao-lado-de-barco\/"},"modified":"2026-04-28T17:32:38","modified_gmt":"2026-04-28T20:32:38","slug":"baleia-aparece-na-baia-de-santos-e-encanta-pescadores-ao-nadar-ao-lado-de-barco","status":"publish","type":"post","link":"https:\/\/noticiasribeiraopreto.com.br\/index.php\/2026\/04\/28\/baleia-aparece-na-baia-de-santos-e-encanta-pescadores-ao-nadar-ao-lado-de-barco\/","title":{"rendered":"Baleia aparece na Ba\u00eda de Santos e encanta pescadores ao nadar ao lado de barco &#8211; THMais"},"content":{"rendered":"<div class='code-block code-block-1' style='margin: 8px 0 8px auto; text-align: right; display: block; clear: both;'>\n<p><a href=\"https:\/\/wa.link\/vpicfd\"><img data-recalc-dims=\"1\" class=\"wp-image-4922\" style=\"aspect-ratio: 2.0253164556962027; width: 561px; height: auto;\" src=\"https:\/\/i0.wp.com\/ismaelcolosi.com.br\/wp-content\/uploads\/2023\/11\/grupo-de-empregos-whatsapp-e-facebook-ismael-colosi-vagas.jpg?ssl=1\" alt=\"\" \/><\/a><\/p>\n<!-- \/wp:image -->\n<\/div>\n<p> <br \/>\n<\/p>\n<div data-td-block-uid=\"tdi_144\">\n<div class=\"tdb-block-inner td-fix-index\">\n<p>Uma baleia-de-minke apareceu na tarde de segunda-feira (27), ao lado do barco de pescadores na Ba\u00eda de Santos. A situa\u00e7\u00e3o  surpreendeu os homens que estavam na embarca\u00e7\u00e3o devido a proximidade do local. O registro foi feito pelo pescador M\u00e1rio Alberto.<\/p>\n<p>Procurada pela reportagem, o Instituto Gremar afirmou que \u201ccom a chegada dos meses mais frios, aumenta o n\u00famero de avistamentos de baleias na Ba\u00eda de Santos e no litoral paulista devido ao per\u00edodo de migra\u00e7\u00e3o de algumas esp\u00e9cies\u201d.<\/p>\n<p>Al\u00e9m disso, nessa \u00e9poca do ano, diferentes baleias utilizam a costa brasileira como parte de sua rota migrat\u00f3ria, passando pr\u00f3ximas ao litoral durante o deslocamento. <\/p>\n<p>Ainda segundo o Gremar, entre as esp\u00e9cies avistadas, a baleia-jubarte \u00e9 uma das \u201cmais comuns na regi\u00e3o\u201d durante esse per\u00edodo.<\/p>\n<p>A esp\u00e9cie realiza longas migra\u00e7\u00f5es anuais entre \u00e1reas de alimenta\u00e7\u00e3o em \u00e1guas mais frias e regi\u00f5es da costa brasileira, passando pelo litoral sudeste durante o trajeto.<\/p>\n<p><a href=\"https:\/\/www.instagram.com\/thmaisband\/\"><strong><mark style=\"background-color:rgba(0, 0, 0, 0)\" class=\"has-inline-color has-luminous-vivid-orange-color\">Siga o perfil do THMais Band Litoral no Instagram<\/mark><\/strong><\/a><\/p>\n<p class=\"has-text-align-left\"><strong>\u00a0<img data-recalc-dims=\"1\" loading=\"lazy\" data-lazyloaded=\"1\" decoding=\"async\" width=\"20\" height=\"20\" class=\"wp-image-448468\" style=\"width: 20px;\" src=\"https:\/\/i0.wp.com\/static1.thmais.com.br\/wp-content\/uploads\/2025\/06\/image-6.png?resize=20%2C20&#038;ssl=1\" alt=\"\" srcset=\"https:\/\/thmais.com.br\/wp-content\/uploads\/2025\/06\/image-6.png 225w, https:\/\/thmais.com.br\/wp-content\/uploads\/2025\/06\/image-6-150x150.png 150w, https:\/\/thmais.com.br\/wp-content\/uploads\/2025\/06\/image-6-96x96.png 96w\" data-sizes=\"(max-width: 20px) 100vw, 20px\"\/> <mark style=\"background-color:rgba(0, 0, 0, 0)\" class=\"has-inline-color has-vivid-green-cyan-color\"><a href=\"https:\/\/whatsapp.com\/channel\/0029VaAB4TDBKfiAjYT4TL20\">Fa\u00e7a parte do canal de WhatsApp do THMais e fique bem-informado o dia todo<\/a><\/mark><\/strong><\/p>\n<p><strong>\u00a0<a href=\"https:\/\/www.youtube.com\/@thmaisband\"><img data-recalc-dims=\"1\" loading=\"lazy\" data-lazyloaded=\"1\" decoding=\"async\" width=\"30\" height=\"17\" class=\"wp-image-451523\" style=\"width: 30px;\" src=\"https:\/\/i0.wp.com\/static1.thmais.com.br\/wp-content\/uploads\/2025\/07\/Design-sem-nome-1.png?resize=30%2C17&#038;ssl=1\" alt=\"\" srcset=\"https:\/\/thmais.com.br\/wp-content\/uploads\/2025\/07\/Design-sem-nome-1.png 1920w, https:\/\/thmais.com.br\/wp-content\/uploads\/2025\/07\/Design-sem-nome-1-300x169.png 300w, https:\/\/thmais.com.br\/wp-content\/uploads\/2025\/07\/Design-sem-nome-1-1024x576.png 1024w, https:\/\/thmais.com.br\/wp-content\/uploads\/2025\/07\/Design-sem-nome-1-768x432.png 768w, https:\/\/thmais.com.br\/wp-content\/uploads\/2025\/07\/Design-sem-nome-1-1536x864.png 1536w, https:\/\/thmais.com.br\/wp-content\/uploads\/2025\/07\/Design-sem-nome-1-150x84.png 150w, https:\/\/thmais.com.br\/wp-content\/uploads\/2025\/07\/Design-sem-nome-1-696x392.png 696w, https:\/\/thmais.com.br\/wp-content\/uploads\/2025\/07\/Design-sem-nome-1-1068x601.png 1068w\" data-sizes=\"(max-width: 30px) 100vw, 30px\"\/><\/a> <a href=\"https:\/\/www.youtube.com\/@thmaisband\"><mark class=\"has-inline-color has-vivid-red-color\" style=\"background-color: rgba(0, 0, 0, 0);\">Se inscreva no canal do Youtube da THMais Band Litoral e veja nossos v\u00eddeos <\/mark><\/a><\/strong><\/p>\n<p>\u201cAl\u00e9m das jubartes, a regi\u00e3o tamb\u00e9m pode registrar a presen\u00e7a de baleia-franca, baleia-de-bryde e baleia-minke. As condi\u00e7\u00f5es oceanogr\u00e1ficas e as correntes mar\u00edtimas contribuem para a aproxima\u00e7\u00e3o desses animais da costa, tornando os avistamentos mais frequentes entre o outono e o inverno\u201d, finaliza em nota o Gremar.<\/p>\n<\/div>\n<\/div>\n<p><script async src=\"\/\/www.instagram.com\/embed.js\"><\/script><br \/>\n<br \/><br \/>\n<br \/><a href=\"https:\/\/thmais.com.br\/cidades\/baixada-santista\/cotidiano-baixada-santista\/baleia-aparece-na-baia-de-santos-e-encanta-pescadores-ao-nadar-ao-lado-de-barco\/\">Link para o texto original <\/a><\/p>\n<!-- CONTENT END 1 -->\n","protected":false},"excerpt":{"rendered":"<p>Uma baleia-de-minke apareceu na tarde de segunda-feira (27), ao lado do barco de pescadores na Ba\u00eda de Santos. A situa\u00e7\u00e3o surpreendeu os homens que estavam&#8230;<\/p>\n","protected":false},"author":1,"featured_media":85316,"comment_status":"","ping_status":"","sticky":false,"template":"","format":"standard","meta":{"advanced_seo_description":"","jetpack_seo_html_title":"","jetpack_seo_noindex":false,"jetpack_post_was_ever_published":false,"_jetpack_newsletter_access":"","_jetpack_dont_email_post_to_subs":false,"_jetpack_newsletter_tier_id":0,"_jetpack_memberships_contains_paywalled_content":false,"_jetpack_memberships_contains_paid_content":false,"footnotes":"","jetpack_publicize_message":"","jetpack_publicize_feature_enabled":true,"jetpack_social_post_already_shared":true,"jetpack_social_options":{"image_generator_settings":{"template":"highway","default_image_id":0,"font":"","enabled":false},"version":2}},"categories":[11],"tags":[6505,6506,3372,6508,1980,4971,6507,3773,1349,6443],"class_list":["post-85315","post","type-post","status-publish","format-standard","has-post-thumbnail","hentry","category-noticias-de-ribeirao-preto-sp-e-regiao-ismael-colosi","tag-aparece","tag-baia","tag-baleia","tag-barco","tag-encanta","tag-lado","tag-nadar","tag-pescadores","tag-santos","tag-thmais"],"jetpack_publicize_connections":[],"jetpack_featured_media_url":"https:\/\/i0.wp.com\/noticiasribeiraopreto.com.br\/wp-content\/uploads\/2026\/04\/baleia-baia.png?fit=494%2C662&ssl=1","jetpack-related-posts":[{"id":7709,"url":"https:\/\/noticiasribeiraopreto.com.br\/index.php\/2023\/11\/28\/turismo-com-baleias-e-vista-deslumbrante-na-patagonia-argentina\/","url_meta":{"origin":85315,"position":0},"title":"turismo com baleias e vista deslumbrante na Patag\u00f4nia argentina","author":"noticiasribeiraopreto.com.br","date":"28 de November de 2023","format":false,"excerpt":"Uma cidadezinha simp\u00e1tica e calma, cheia de casinhas que parecem ter sido desenhadas com pincel. De frente a elas, um mar intensamente azul sem ondas, o protagonista local. S\u00f3 esse cen\u00e1rio j\u00e1 valeria a viagem, mas Puerto Madryn, na Patag\u00f4nia argentina, oferece muito mais que isso. No imagin\u00e1rio de muitos,\u2026","rel":"","context":"In &quot;Variedades&quot;","block_context":{"text":"Variedades","link":"https:\/\/noticiasribeiraopreto.com.br\/index.php\/category\/variedades\/"},"img":{"alt_text":"","src":"https:\/\/i0.wp.com\/noticiasribeiraopreto.com.br\/wp-content\/uploads\/2023\/11\/4wcfko-v.jpeg?fit=1200%2C638&ssl=1&resize=350%2C200","width":350,"height":200,"srcset":"https:\/\/i0.wp.com\/noticiasribeiraopreto.com.br\/wp-content\/uploads\/2023\/11\/4wcfko-v.jpeg?fit=1200%2C638&ssl=1&resize=350%2C200 1x, https:\/\/i0.wp.com\/noticiasribeiraopreto.com.br\/wp-content\/uploads\/2023\/11\/4wcfko-v.jpeg?fit=1200%2C638&ssl=1&resize=525%2C300 1.5x, https:\/\/i0.wp.com\/noticiasribeiraopreto.com.br\/wp-content\/uploads\/2023\/11\/4wcfko-v.jpeg?fit=1200%2C638&ssl=1&resize=700%2C400 2x, https:\/\/i0.wp.com\/noticiasribeiraopreto.com.br\/wp-content\/uploads\/2023\/11\/4wcfko-v.jpeg?fit=1200%2C638&ssl=1&resize=1050%2C600 3x"},"classes":[]},{"id":64470,"url":"https:\/\/noticiasribeiraopreto.com.br\/index.php\/2025\/03\/08\/corpo-de-pescador-que-caiu-em-rio-apos-barco-virar-e-encontrado-no-interior-de-sp\/","url_meta":{"origin":85315,"position":1},"title":"Corpo de pescador que caiu em rio ap\u00f3s barco virar \u00e9 encontrado no interior de SP","author":"noticiasribeiraopreto.com.br","date":"8 de March de 2025","format":false,"excerpt":"O corpo de um pescador que caiu no rio Mogi-Gua\u00e7u, ap\u00f3s um barco virar na \u00faltima ter\u00e7a-feira (4), em Rinc\u00e3o (SP), na regi\u00e3o de S\u00e3o Carlos, foi localizado a 15 quil\u00f4metros do local, na noite desta sexta-feira (7). Renan Fiochi Lima era morador de S\u00e3o Carlos e pescava com um\u2026","rel":"","context":"In &quot;Not\u00edcias de Ribeir\u00e3o Preto-SP e Regi\u00e3o&quot;","block_context":{"text":"Not\u00edcias de Ribeir\u00e3o Preto-SP e Regi\u00e3o","link":"https:\/\/noticiasribeiraopreto.com.br\/index.php\/category\/noticias-de-ribeirao-preto-sp-e-regiao-ismael-colosi\/"},"img":{"alt_text":"","src":"https:\/\/i0.wp.com\/noticiasribeiraopreto.com.br\/wp-content\/uploads\/2025\/03\/PESCADOR_2025-03-08_17-58-47_jpg_2025-03-08_17-58-48.webp.webp?fit=1200%2C727&ssl=1&resize=350%2C200","width":350,"height":200,"srcset":"https:\/\/i0.wp.com\/noticiasribeiraopreto.com.br\/wp-content\/uploads\/2025\/03\/PESCADOR_2025-03-08_17-58-47_jpg_2025-03-08_17-58-48.webp.webp?fit=1200%2C727&ssl=1&resize=350%2C200 1x, https:\/\/i0.wp.com\/noticiasribeiraopreto.com.br\/wp-content\/uploads\/2025\/03\/PESCADOR_2025-03-08_17-58-47_jpg_2025-03-08_17-58-48.webp.webp?fit=1200%2C727&ssl=1&resize=525%2C300 1.5x, https:\/\/i0.wp.com\/noticiasribeiraopreto.com.br\/wp-content\/uploads\/2025\/03\/PESCADOR_2025-03-08_17-58-47_jpg_2025-03-08_17-58-48.webp.webp?fit=1200%2C727&ssl=1&resize=700%2C400 2x, https:\/\/i0.wp.com\/noticiasribeiraopreto.com.br\/wp-content\/uploads\/2025\/03\/PESCADOR_2025-03-08_17-58-47_jpg_2025-03-08_17-58-48.webp.webp?fit=1200%2C727&ssl=1&resize=1050%2C600 3x"},"classes":[]},{"id":21850,"url":"https:\/\/noticiasribeiraopreto.com.br\/index.php\/2023\/12\/28\/9-ilhas-imperdiveis-para-conhecer-no-litoral-de-sao-paulo\/","url_meta":{"origin":85315,"position":2},"title":"9 ilhas imperd\u00edveis para conhecer no litoral de S\u00e3o Paulo","author":"noticiasribeiraopreto.com.br","date":"28 de December de 2023","format":false,"excerpt":"O litoral de S\u00e3o Paulo abriga mais de 50 ilhas, muitas abertas ao p\u00fablico. Somente em Ilhabela, existem ilhas com mais de 40 praias e muitas cachoeiras, e 80% de seu territ\u00f3rio \u00e9 coberto por vegeta\u00e7\u00e3o de mata atl\u00e2ntica. S\u00e3o boas op\u00e7\u00f5es de passeio neste ver\u00e3o para quem gosta de\u2026","rel":"","context":"In &quot;Variedades&quot;","block_context":{"text":"Variedades","link":"https:\/\/noticiasribeiraopreto.com.br\/index.php\/category\/variedades\/"},"img":{"alt_text":"","src":"https:\/\/i0.wp.com\/noticiasribeiraopreto.com.br\/wp-content\/uploads\/2023\/12\/ilha-monte-do-trigao.jpg?fit=1200%2C638&ssl=1&resize=350%2C200","width":350,"height":200,"srcset":"https:\/\/i0.wp.com\/noticiasribeiraopreto.com.br\/wp-content\/uploads\/2023\/12\/ilha-monte-do-trigao.jpg?fit=1200%2C638&ssl=1&resize=350%2C200 1x, https:\/\/i0.wp.com\/noticiasribeiraopreto.com.br\/wp-content\/uploads\/2023\/12\/ilha-monte-do-trigao.jpg?fit=1200%2C638&ssl=1&resize=525%2C300 1.5x, https:\/\/i0.wp.com\/noticiasribeiraopreto.com.br\/wp-content\/uploads\/2023\/12\/ilha-monte-do-trigao.jpg?fit=1200%2C638&ssl=1&resize=700%2C400 2x, https:\/\/i0.wp.com\/noticiasribeiraopreto.com.br\/wp-content\/uploads\/2023\/12\/ilha-monte-do-trigao.jpg?fit=1200%2C638&ssl=1&resize=1050%2C600 3x"},"classes":[]},{"id":26913,"url":"https:\/\/noticiasribeiraopreto.com.br\/index.php\/2024\/01\/11\/sesi-apresenta-a-comedia-moby-dick-os-cacadores-de-baleia\/","url_meta":{"origin":85315,"position":3},"title":"Sesi apresenta a com\u00e9dia Moby Dick &#038; os Ca\u00e7adores de Baleia","author":"noticiasribeiraopreto.com.br","date":"11 de January de 2024","format":false,"excerpt":"10 de janeiro de 2024 | 14:0010 de janeiro de 2024 | 9:56 0O SESI Ribeir\u00e3o Preto recebe a com\u00e9dia Moby Dick & os Ca\u00e7adores de Baleia para uma mini temporada, com ingressos gratuitos reservados no sistema online Meu SESI. O espet\u00e1culo ser\u00e1 apresentado nos dias 11, 12, 13, 18,\u2026","rel":"","context":"In &quot;Not\u00edcias de Ribeir\u00e3o Preto-SP e Regi\u00e3o&quot;","block_context":{"text":"Not\u00edcias de Ribeir\u00e3o Preto-SP e Regi\u00e3o","link":"https:\/\/noticiasribeiraopreto.com.br\/index.php\/category\/noticias-de-ribeirao-preto-sp-e-regiao-ismael-colosi\/"},"img":{"alt_text":"","src":"https:\/\/i0.wp.com\/noticiasribeiraopreto.com.br\/wp-content\/uploads\/2024\/01\/moby_dick_foto_miguel-ramos-scaled.jpg?fit=967%2C645&ssl=1&resize=350%2C200","width":350,"height":200,"srcset":"https:\/\/i0.wp.com\/noticiasribeiraopreto.com.br\/wp-content\/uploads\/2024\/01\/moby_dick_foto_miguel-ramos-scaled.jpg?fit=967%2C645&ssl=1&resize=350%2C200 1x, https:\/\/i0.wp.com\/noticiasribeiraopreto.com.br\/wp-content\/uploads\/2024\/01\/moby_dick_foto_miguel-ramos-scaled.jpg?fit=967%2C645&ssl=1&resize=525%2C300 1.5x, https:\/\/i0.wp.com\/noticiasribeiraopreto.com.br\/wp-content\/uploads\/2024\/01\/moby_dick_foto_miguel-ramos-scaled.jpg?fit=967%2C645&ssl=1&resize=700%2C400 2x"},"classes":[]},{"id":16022,"url":"https:\/\/noticiasribeiraopreto.com.br\/index.php\/2023\/12\/14\/catraca-livre-indica-as-11-praias-mais-vazias-do-litoral-de-sao-paulo-para-curtir-o-verao\/","url_meta":{"origin":85315,"position":4},"title":"Catraca Livre indica as 11 praias mais &#8216;vazias&#8217; do litoral de S\u00e3o Paulo para curtir o ver\u00e3o","author":"noticiasribeiraopreto.com.br","date":"14 de December de 2023","format":false,"excerpt":"O litoral de S\u00e3o Paulo possui cerca de 880 km de extens\u00e3o de linha de costa e abrange 16 munic\u00edpios. do sul ao norte. Apesar dessa imensid\u00e3o, ainda \u00e9 poss\u00edvel encontrar praias \u201cquase\u201d desertas e desconhecidas de muitos viajantes. Algumas dessas praias s\u00e3o acess\u00edveis apenas por trilha, que preservam a\u2026","rel":"","context":"In &quot;Variedades&quot;","block_context":{"text":"Variedades","link":"https:\/\/noticiasribeiraopreto.com.br\/index.php\/category\/variedades\/"},"img":{"alt_text":"","src":"https:\/\/i0.wp.com\/noticiasribeiraopreto.com.br\/wp-content\/uploads\/2023\/12\/ilhabela-praia-do-bonete.jpg?fit=1200%2C638&ssl=1&resize=350%2C200","width":350,"height":200,"srcset":"https:\/\/i0.wp.com\/noticiasribeiraopreto.com.br\/wp-content\/uploads\/2023\/12\/ilhabela-praia-do-bonete.jpg?fit=1200%2C638&ssl=1&resize=350%2C200 1x, https:\/\/i0.wp.com\/noticiasribeiraopreto.com.br\/wp-content\/uploads\/2023\/12\/ilhabela-praia-do-bonete.jpg?fit=1200%2C638&ssl=1&resize=525%2C300 1.5x, https:\/\/i0.wp.com\/noticiasribeiraopreto.com.br\/wp-content\/uploads\/2023\/12\/ilhabela-praia-do-bonete.jpg?fit=1200%2C638&ssl=1&resize=700%2C400 2x, https:\/\/i0.wp.com\/noticiasribeiraopreto.com.br\/wp-content\/uploads\/2023\/12\/ilhabela-praia-do-bonete.jpg?fit=1200%2C638&ssl=1&resize=1050%2C600 3x"},"classes":[]},{"id":23030,"url":"https:\/\/noticiasribeiraopreto.com.br\/index.php\/2023\/12\/31\/atracao-carioca-e-eleita-uma-das-melhores-experiencias-do-mundo\/","url_meta":{"origin":85315,"position":5},"title":"Atra\u00e7\u00e3o carioca \u00e9 eleita uma das melhores experi\u00eancias do mundo","author":"noticiasribeiraopreto.com.br","date":"31 de December de 2023","format":false,"excerpt":"Voar de asa delta sobre o Rio de Janeiro foi eleita uma \u201cdas melhores experi\u00eancias do mundo\u201d para vivenciar. A atividade ficou em 25\u00b0 lugar na premia\u00e7\u00e3o anual \u201cTravelers\u2019 Choice 2023 \u2013 Best of the Best\u201d, do site de viagens TripAdvisor, juntamente de experi\u00eancias no deserto, fotos com a aurora\u2026","rel":"","context":"In &quot;Variedades&quot;","block_context":{"text":"Variedades","link":"https:\/\/noticiasribeiraopreto.com.br\/index.php\/category\/variedades\/"},"img":{"alt_text":"","src":"https:\/\/i0.wp.com\/noticiasribeiraopreto.com.br\/wp-content\/uploads\/2023\/12\/asa-delta-rio-de-janeiro.jpg?fit=1200%2C638&ssl=1&resize=350%2C200","width":350,"height":200,"srcset":"https:\/\/i0.wp.com\/noticiasribeiraopreto.com.br\/wp-content\/uploads\/2023\/12\/asa-delta-rio-de-janeiro.jpg?fit=1200%2C638&ssl=1&resize=350%2C200 1x, https:\/\/i0.wp.com\/noticiasribeiraopreto.com.br\/wp-content\/uploads\/2023\/12\/asa-delta-rio-de-janeiro.jpg?fit=1200%2C638&ssl=1&resize=525%2C300 1.5x, https:\/\/i0.wp.com\/noticiasribeiraopreto.com.br\/wp-content\/uploads\/2023\/12\/asa-delta-rio-de-janeiro.jpg?fit=1200%2C638&ssl=1&resize=700%2C400 2x, https:\/\/i0.wp.com\/noticiasribeiraopreto.com.br\/wp-content\/uploads\/2023\/12\/asa-delta-rio-de-janeiro.jpg?fit=1200%2C638&ssl=1&resize=1050%2C600 3x"},"classes":[]}],"jetpack_sharing_enabled":true,"jetpack_shortlink":"https:\/\/wp.me\/peQAOb-mc3","_links":{"self":[{"href":"https:\/\/noticiasribeiraopreto.com.br\/index.php\/wp-json\/wp\/v2\/posts\/85315","targetHints":{"allow":["GET"]}}],"collection":[{"href":"https:\/\/noticiasribeiraopreto.com.br\/index.php\/wp-json\/wp\/v2\/posts"}],"about":[{"href":"https:\/\/noticiasribeiraopreto.com.br\/index.php\/wp-json\/wp\/v2\/types\/post"}],"author":[{"embeddable":true,"href":"https:\/\/noticiasribeiraopreto.com.br\/index.php\/wp-json\/wp\/v2\/users\/1"}],"replies":[{"embeddable":true,"href":"https:\/\/noticiasribeiraopreto.com.br\/index.php\/wp-json\/wp\/v2\/comments?post=85315"}],"version-history":[{"count":0,"href":"https:\/\/noticiasribeiraopreto.com.br\/index.php\/wp-json\/wp\/v2\/posts\/85315\/revisions"}],"wp:featuredmedia":[{"embeddable":true,"href":"https:\/\/noticiasribeiraopreto.com.br\/index.php\/wp-json\/wp\/v2\/media\/85316"}],"wp:attachment":[{"href":"https:\/\/noticiasribeiraopreto.com.br\/index.php\/wp-json\/wp\/v2\/media?parent=85315"}],"wp:term":[{"taxonomy":"category","embeddable":true,"href":"https:\/\/noticiasribeiraopreto.com.br\/index.php\/wp-json\/wp\/v2\/categories?post=85315"},{"taxonomy":"post_tag","embeddable":true,"href":"https:\/\/noticiasribeiraopreto.com.br\/index.php\/wp-json\/wp\/v2\/tags?post=85315"}],"curies":[{"name":"wp","href":"https:\/\/api.w.org\/{rel}","templated":true}]}}