{"id":85319,"date":"2026-04-29T06:55:38","date_gmt":"2026-04-29T09:55:38","guid":{"rendered":"https:\/\/noticiasribeiraopreto.com.br\/index.php\/2026\/04\/29\/mais-de-mil-adolescentes-pedem-o-titulo\/"},"modified":"2026-04-29T06:55:38","modified_gmt":"2026-04-29T09:55:38","slug":"mais-de-mil-adolescentes-pedem-o-titulo","status":"publish","type":"post","link":"https:\/\/noticiasribeiraopreto.com.br\/index.php\/2026\/04\/29\/mais-de-mil-adolescentes-pedem-o-titulo\/","title":{"rendered":"Mais de mil adolescentes pedem o t\u00edtulo"},"content":{"rendered":"<div class='code-block code-block-1' style='margin: 8px 0 8px auto; text-align: right; display: block; clear: both;'>\n<p><a href=\"https:\/\/wa.link\/vpicfd\"><img data-recalc-dims=\"1\" class=\"wp-image-4922\" style=\"aspect-ratio: 2.0253164556962027; width: 561px; height: auto;\" src=\"https:\/\/i0.wp.com\/ismaelcolosi.com.br\/wp-content\/uploads\/2023\/11\/grupo-de-empregos-whatsapp-e-facebook-ismael-colosi-vagas.jpg?ssl=1\" alt=\"\" \/><\/a><\/p>\n<!-- \/wp:image -->\n<\/div>\n<p> <br \/>\n<\/p>\n<div>\n<p class=\"p1\"><i>Segundo dados do Tribunal Superior Eleitoral, 1.027 jovens da cidade com menos de 18 anos, solicitaram o documento nos tr\u00eas primeiros meses do ano<\/i><\/p>\n<p>Dados disponibilizados pelo portal do Tribunal Superior Eleitoral (TSE) revelam que 1.027 adolescentes de Ribeir\u00e3o Preto, com idades entre 16 e 17 anos, decidiram tirar o t\u00edtulo de eleitor pela primeira vez. Os dados compreendem os meses de janeiro, fevereiro e mar\u00e7o.<\/p>\n<p>Em janeiro, 285 adolescentes com 17 e 80 com 16 anos procuraram a Justi\u00e7a Eleitoral para retirar o documento. Em fevereiro, foram 249 com 17 anos e 82 com 16. J\u00e1 no m\u00eas de mar\u00e7o, 246 com 17 e 85 com 16 anos decidiram tirar o t\u00edtulo. O prazo para pedir o documento termina em 6 de maio.<\/p>\n<p>No Brasil, o voto \u00e9 obrigat\u00f3rio para quem tem entre 18 e 70 anos e facultativo para jovens entre 16 e 17 anos e idosos acima de 70 anos. Ap\u00f3s completar 15 anos, os jovens podem solicitar a emiss\u00e3o do t\u00edtulo de eleitor. Contudo, somente estar\u00e1 apto a votar quem tiver completado 16 anos na data da elei\u00e7\u00e3o.<\/p>\n<p>Segundo o TSE, de janeiro a mar\u00e7o deste ano, 10.101 pessoas da cidade \u2013 incluindo os adolescentes com menos de 18 anos \u2013 procuraram a Justi\u00e7a Eleitoral para algum tipo de regulariza\u00e7\u00e3o. Em janeiro esse n\u00famero foi de 3.222 pessoas, em fevereiro de 3.238 e em mar\u00e7o, de 3.641.<\/p>\n<p>Foram solicitados desde alistamento eleitoral, revis\u00e3o do documento e at\u00e9 pedidos de transfer\u00eancias, como por exemplo, para outra zona e sess\u00e3o eleitoral devido \u00e0 mudan\u00e7a do eleitor para outro bairro.<\/p>\n<p>Nas elei\u00e7\u00f5es deste ano ser\u00e3o eleitos o presidente da Rep\u00fablica, o vice-presidente, governadores, senadores, deputados federais, estaduais e distritais. O primeiro turno das elei\u00e7\u00f5es ser\u00e1 em 4 de outubro, quando 156.718.294 eleitores estar\u00e3o aptos a votar<\/p>\n<p>O segundo turno poder\u00e1 realizado, no dia 25 de outubro, para os cargos de presidente e govenador se nenhum dos candidatos obtiver mais da metade dos votos v\u00e1lidos, que excluem os brancos e nulos, no primeiro turno. A Justi\u00e7a Eleitoral n\u00e3o faz coleta biom\u00e9trica de menores de 15 anos, que n\u00e3o podem se alistar como eleitoras e eleitores. O \u201cGuia do Jovem Eleitor\u201d traz outras orienta\u00e7\u00f5es para esse p\u00fablico.<\/p>\n<p><b>Eleitorado \u2013 <\/b>Segundo o TSE, a cidade de Ribeir\u00e3o Preto tem 464.853 pessoas aptas a votar em outubro deste ano. S\u00e3o 251.021 mulheres (54%) e 213.832 homens (46%). Os dados s\u00e3o de mar\u00e7o deste ano. Do total de eleitores, 368.304 t\u00eam aderiram \u00e0 biometria (79,23%) e 96.549 ainda n\u00e3o t\u00eam cadastro biom\u00e9trico (20,77%).<\/p>\n<p>De acordo com a Justi\u00e7a Eleitoral, 397.514 t\u00eam 18 anos ou mais e menos de 70 anos e s\u00e3o obrigados a votar em outubro (85,51%) e para 67.339 menores de idades e idosos acima de 70 anos o voto \u00e9 facultativo (14,49%).<\/p>\n<p><b>Brasil \u2013 <\/b>O eleitorado no Brasil chegou a 156.718.294 pessoas em mar\u00e7o. Segundo o Tribunal Superior Eleitoral, 138.391.741 brasileiros t\u00eam cadastro biom\u00e9trico (88,31%). Faltam 18.326.553 (11,69%).<\/p>\n<p>S\u00e3o 83.060.696 do sexo feminino (53%) e 73.657.598 do masculino (46%).<span class=\"Apple-converted-space\">\u00a0 <\/span>Se o pleito fosse hoje, 135.440.212 brasileiros seriam obrigados a votar, 86,42% do total de votantes. O voto seria facultativo para 21.278.082 pessoas (13,58%)<\/p>\n<p><b>S\u00e3o Paulo \u2013 <\/b>No Estado de S\u00e3o Paulo, em janeiro deste ano, s\u00e3o 33.760.945 eleitores. O TSE diz que 29.845.240 paulistas t\u00eam biometria (88,40%) e 3.915.705 (11,60%). As mulheres representam 53% do eleitorado (17.893.301) e os homens, 47% (total de 15.867.644). Se o pleito fosse hoje, 29.525.322 moradores do estado seriam obrigados a votar, 87,45% do total de votantes. O voto seria facultativo para 4.235.623 paulistas (12,55%).<\/p>\n<p><span class=\"s1\"><b>Eleitores de Ribeir\u00e3o e a Justi\u00e7a Eleitoral<\/b><\/span><br \/><b\/><\/p>\n<p class=\"p1\"><b>Janeiro <\/b><br \/>Total \u2013 3.222<br \/>Alistamento \u2013 1.207<br \/>Revis\u00e3o \u2013 1.406<br \/>Transfer\u00eancia \u2013 609<br \/>Menores de idade<br \/>17 anos \u2013 285<br \/>16 anos \u2013 80<br \/><b\/><\/p>\n<p class=\"p1\"><b>Fevereiro <\/b><br \/>Total \u2013 3.238<br \/>Alistamento \u2013 1.107<br \/>Revis\u00e3o \u2013 1.452<br \/>Transfer\u00eancia \u2013 679<br \/>Menores de idade<br \/>17 anos \u2013 249<br \/>16 anos \u2013 82<br \/><b\/><\/p>\n<p class=\"p1\"><b>Mar\u00e7o<\/b><br \/>Total \u2013 3.641<br \/>Alistamento \u2013 1.116<br \/>Revis\u00e3o \u2013 1.509<br \/>Transfer\u00eancia \u2013 1.016<br \/>Menores de idade<br \/>17 anos \u2013 246<br \/>16 anos \u2013 85<br \/><b><i> Fonte \u2013 Portal do TSE<\/i><\/b><\/p>\n<\/div>\n<p><br \/>\n<br \/><a href=\"https:\/\/www.tribunaribeirao.com.br\/mais-de-mil-adolescentes-pedem-o-titulo\/\">Texto original daqui <\/a><\/p>\n<!-- CONTENT END 1 -->\n","protected":false},"excerpt":{"rendered":"<p>Segundo dados do Tribunal Superior Eleitoral, 1.027 jovens da cidade com menos de 18 anos, solicitaram o documento nos tr\u00eas primeiros meses do ano Dados&#8230;<\/p>\n","protected":false},"author":1,"featured_media":85320,"comment_status":"","ping_status":"","sticky":false,"template":"","format":"standard","meta":{"advanced_seo_description":"","jetpack_seo_html_title":"","jetpack_seo_noindex":false,"jetpack_post_was_ever_published":false,"_jetpack_newsletter_access":"","_jetpack_dont_email_post_to_subs":false,"_jetpack_newsletter_tier_id":0,"_jetpack_memberships_contains_paywalled_content":false,"_jetpack_memberships_contains_paid_content":false,"footnotes":"","jetpack_publicize_message":"","jetpack_publicize_feature_enabled":true,"jetpack_social_post_already_shared":true,"jetpack_social_options":{"image_generator_settings":{"template":"highway","default_image_id":0,"font":"","enabled":false},"version":2}},"categories":[11],"tags":[2483,276,402,1567,1318],"class_list":["post-85319","post","type-post","status-publish","format-standard","has-post-thumbnail","hentry","category-noticias-de-ribeirao-preto-sp-e-regiao-ismael-colosi","tag-adolescentes","tag-mais","tag-mil","tag-pedem","tag-titulo"],"jetpack_publicize_connections":[],"jetpack_featured_media_url":"https:\/\/i0.wp.com\/noticiasribeiraopreto.com.br\/wp-content\/uploads\/2026\/04\/EleitorRP-Tania-Rego-Ag.Br_.jpg?fit=1167%2C702&ssl=1","jetpack-related-posts":[{"id":28803,"url":"https:\/\/noticiasribeiraopreto.com.br\/index.php\/2024\/01\/16\/quer-votar-nas-eleicoes-municipais-de-2024-o-tempo-esta-correndo-para-tirar-o-titulo-de-eleitor-confira-um-guia-rapido-para-se-cadastrar\/","url_meta":{"origin":85319,"position":0},"title":"Quer votar nas elei\u00e7\u00f5es municipais de 2024? O tempo est\u00e1 correndo para tirar o t\u00edtulo de eleitor. Confira um guia r\u00e1pido para se cadastrar","author":"noticiasribeiraopreto.com.br","date":"16 de January de 2024","format":false,"excerpt":"Para aqueles brasileiros que pretender ir as urnas e escolher seus candidatos nas elei\u00e7\u00f5es de 2024, \u00e9 necess\u00e1rio estar com o t\u00edtulo de eleitor regularizado. O Tribunal Superior Eleitoral (TSE) estipulou o dia 8 de maio como prazo final para os jovens tirarem o seu t\u00edtulo de eleitor. Depois desta\u2026","rel":"","context":"In &quot;Dinheiro e Investimento&quot;","block_context":{"text":"Dinheiro e Investimento","link":"https:\/\/noticiasribeiraopreto.com.br\/index.php\/category\/dinheiro-e-investimento-como-fazer-como-ganhar\/"},"img":{"alt_text":"","src":"https:\/\/i0.wp.com\/noticiasribeiraopreto.com.br\/wp-content\/uploads\/2024\/01\/shutterstock_1807702531-628x353.jpg?fit=628%2C353&ssl=1&resize=350%2C200","width":350,"height":200,"srcset":"https:\/\/i0.wp.com\/noticiasribeiraopreto.com.br\/wp-content\/uploads\/2024\/01\/shutterstock_1807702531-628x353.jpg?fit=628%2C353&ssl=1&resize=350%2C200 1x, https:\/\/i0.wp.com\/noticiasribeiraopreto.com.br\/wp-content\/uploads\/2024\/01\/shutterstock_1807702531-628x353.jpg?fit=628%2C353&ssl=1&resize=525%2C300 1.5x"},"classes":[]},{"id":45399,"url":"https:\/\/noticiasribeiraopreto.com.br\/index.php\/2024\/04\/04\/jovens-de-16-a-18-anos-podem-tirar-1o-titulo-de-eleitor-ate-8-de-maio\/","url_meta":{"origin":85319,"position":1},"title":"Jovens de 16 a 18 anos podem tirar 1\u00ba t\u00edtulo de eleitor at\u00e9 8 de maio","author":"noticiasribeiraopreto.com.br","date":"4 de April de 2024","format":false,"excerpt":"Jovens de 16 a 18 anos que querem participar das elei\u00e7\u00f5es municipais deste ano t\u00eam at\u00e9 8 de maio para tirar o t\u00edtulo eleitoral, que habilita o cidad\u00e3o ou a cidad\u00e3 a exercer o direito do voto. Em outubro, as elei\u00e7\u00f5es ser\u00e3o para escolher os representantes que ocupar\u00e3o pelos pr\u00f3ximos\u2026","rel":"","context":"In &quot;Not\u00edcias de Ribeir\u00e3o Preto-SP e Regi\u00e3o&quot;","block_context":{"text":"Not\u00edcias de Ribeir\u00e3o Preto-SP e Regi\u00e3o","link":"https:\/\/noticiasribeiraopreto.com.br\/index.php\/category\/noticias-de-ribeirao-preto-sp-e-regiao-ismael-colosi\/"},"img":{"alt_text":"","src":"","width":0,"height":0},"classes":[]},{"id":43000,"url":"https:\/\/noticiasribeiraopreto.com.br\/index.php\/2024\/03\/18\/justica-eleitoral-quer-incentivar-jovem-eleitor\/","url_meta":{"origin":85319,"position":2},"title":"Justi\u00e7a Eleitoral promove Semana do Jovem Eleitor","author":"noticiasribeiraopreto.com.br","date":"18 de March de 2024","format":false,"excerpt":"18 de mar\u00e7o de 2024 | 16:0018 de mar\u00e7o de 2024 | 12:41 0A Justi\u00e7a Eleitoral lan\u00e7ou nesta segunda-feira (18) a Semana do Jovem Eleitoral 2024, voltada a incentivar o alistamento eleitoral de jovens entre 15 e 17 anos, que n\u00e3o s\u00e3o obrigados, mas j\u00e1 podem votar nas elei\u00e7\u00f5es municipais\u2026","rel":"","context":"In &quot;Not\u00edcias de Ribeir\u00e3o Preto-SP e Regi\u00e3o&quot;","block_context":{"text":"Not\u00edcias de Ribeir\u00e3o Preto-SP e Regi\u00e3o","link":"https:\/\/noticiasribeiraopreto.com.br\/index.php\/category\/noticias-de-ribeirao-preto-sp-e-regiao-ismael-colosi\/"},"img":{"alt_text":"","src":"https:\/\/i0.wp.com\/noticiasribeiraopreto.com.br\/wp-content\/uploads\/2024\/03\/IMG_2381-JPG-scaled.jpg?fit=1000%2C562&ssl=1&resize=350%2C200","width":350,"height":200,"srcset":"https:\/\/i0.wp.com\/noticiasribeiraopreto.com.br\/wp-content\/uploads\/2024\/03\/IMG_2381-JPG-scaled.jpg?fit=1000%2C562&ssl=1&resize=350%2C200 1x, https:\/\/i0.wp.com\/noticiasribeiraopreto.com.br\/wp-content\/uploads\/2024\/03\/IMG_2381-JPG-scaled.jpg?fit=1000%2C562&ssl=1&resize=525%2C300 1.5x, https:\/\/i0.wp.com\/noticiasribeiraopreto.com.br\/wp-content\/uploads\/2024\/03\/IMG_2381-JPG-scaled.jpg?fit=1000%2C562&ssl=1&resize=700%2C400 2x"},"classes":[]},{"id":27210,"url":"https:\/\/noticiasribeiraopreto.com.br\/index.php\/2024\/01\/11\/eleitor-tem-quatro-meses-para-regularizar-titulo-e-votar-em-outubro\/","url_meta":{"origin":85319,"position":3},"title":"Eleitor tem quatro meses para regularizar t\u00edtulo e votar em outubro","author":"noticiasribeiraopreto.com.br","date":"11 de January de 2024","format":false,"excerpt":"11 de janeiro de 2024 | 18:0011 de janeiro de 2024 | 9:24 0Os cidad\u00e3os que pretendem votar nas elei\u00e7\u00f5es municipais de outubro t\u00eam menos de quatro meses para tirar o primeiro t\u00edtulo de eleitor ou regularizar o documento. A partir de 8 de maio, o cadastro eleitoral ser\u00e1 fechado\u2026","rel":"","context":"In &quot;Not\u00edcias de Ribeir\u00e3o Preto-SP e Regi\u00e3o&quot;","block_context":{"text":"Not\u00edcias de Ribeir\u00e3o Preto-SP e Regi\u00e3o","link":"https:\/\/noticiasribeiraopreto.com.br\/index.php\/category\/noticias-de-ribeirao-preto-sp-e-regiao-ismael-colosi\/"},"img":{"alt_text":"","src":"https:\/\/i0.wp.com\/noticiasribeiraopreto.com.br\/wp-content\/uploads\/2024\/01\/1e94da9c-69b2-46ed-b952-a2dcb7b08cfa-scaled.jpg?fit=1000%2C598&ssl=1&resize=350%2C200","width":350,"height":200,"srcset":"https:\/\/i0.wp.com\/noticiasribeiraopreto.com.br\/wp-content\/uploads\/2024\/01\/1e94da9c-69b2-46ed-b952-a2dcb7b08cfa-scaled.jpg?fit=1000%2C598&ssl=1&resize=350%2C200 1x, https:\/\/i0.wp.com\/noticiasribeiraopreto.com.br\/wp-content\/uploads\/2024\/01\/1e94da9c-69b2-46ed-b952-a2dcb7b08cfa-scaled.jpg?fit=1000%2C598&ssl=1&resize=525%2C300 1.5x, https:\/\/i0.wp.com\/noticiasribeiraopreto.com.br\/wp-content\/uploads\/2024\/01\/1e94da9c-69b2-46ed-b952-a2dcb7b08cfa-scaled.jpg?fit=1000%2C598&ssl=1&resize=700%2C400 2x"},"classes":[]},{"id":74221,"url":"https:\/\/noticiasribeiraopreto.com.br\/index.php\/2025\/07\/18\/rp-perde-milhares-de-eleitores\/","url_meta":{"origin":85319,"position":4},"title":"RP perde milhares de eleitores","author":"noticiasribeiraopreto.com.br","date":"18 de July de 2025","format":false,"excerpt":"Em outubro de 2022, Ribeir\u00e3o Preto tinha 467.661 pessoas aptas a votar, segundo dados consolidados pelo Tribunal Superior Eleitoral (TSE). Este n\u00famero saltou para 477.595 no pleito municipal de 2024 e fechou o primeiro semestre deste ano em 455.741 eleitores. S\u00e3o 11.920 a menos que o total as \u00faltimas elei\u00e7\u00f5es\u2026","rel":"","context":"In &quot;Not\u00edcias de Ribeir\u00e3o Preto-SP e Regi\u00e3o&quot;","block_context":{"text":"Not\u00edcias de Ribeir\u00e3o Preto-SP e Regi\u00e3o","link":"https:\/\/noticiasribeiraopreto.com.br\/index.php\/category\/noticias-de-ribeirao-preto-sp-e-regiao-ismael-colosi\/"},"img":{"alt_text":"","src":"https:\/\/i0.wp.com\/noticiasribeiraopreto.com.br\/wp-content\/uploads\/2025\/07\/EleitorRP-Abdias-Pinheiro-Secom-TSE-1.jpg?fit=1170%2C700&ssl=1&resize=350%2C200","width":350,"height":200,"srcset":"https:\/\/i0.wp.com\/noticiasribeiraopreto.com.br\/wp-content\/uploads\/2025\/07\/EleitorRP-Abdias-Pinheiro-Secom-TSE-1.jpg?fit=1170%2C700&ssl=1&resize=350%2C200 1x, https:\/\/i0.wp.com\/noticiasribeiraopreto.com.br\/wp-content\/uploads\/2025\/07\/EleitorRP-Abdias-Pinheiro-Secom-TSE-1.jpg?fit=1170%2C700&ssl=1&resize=525%2C300 1.5x, https:\/\/i0.wp.com\/noticiasribeiraopreto.com.br\/wp-content\/uploads\/2025\/07\/EleitorRP-Abdias-Pinheiro-Secom-TSE-1.jpg?fit=1170%2C700&ssl=1&resize=700%2C400 2x, https:\/\/i0.wp.com\/noticiasribeiraopreto.com.br\/wp-content\/uploads\/2025\/07\/EleitorRP-Abdias-Pinheiro-Secom-TSE-1.jpg?fit=1170%2C700&ssl=1&resize=1050%2C600 3x"},"classes":[]},{"id":33854,"url":"https:\/\/noticiasribeiraopreto.com.br\/index.php\/2024\/01\/31\/eleitor-pode-emitir-2a-via-do-titulo-em-casa\/","url_meta":{"origin":85319,"position":5},"title":"Eleitor pode emitir 2\u00aa via do t\u00edtulo em casa\u00a0","author":"noticiasribeiraopreto.com.br","date":"31 de January de 2024","format":false,"excerpt":"30 de janeiro de 2024 | 14:0030 de janeiro de 2024 | 9:35 0Os cidad\u00e3os que necessitarem \u2013 por motivo de perda, extravio, ou inutiliza\u00e7\u00e3o \u2013 emitir a segunda via do t\u00edtulo de eleitor, podem faz\u00ea-lo pela internet de maneira gratuita. O Tribunal Superior Eleitoral (TSE) disponibiliza este servi\u00e7o em\u2026","rel":"","context":"In &quot;Not\u00edcias de Ribeir\u00e3o Preto-SP e Regi\u00e3o&quot;","block_context":{"text":"Not\u00edcias de Ribeir\u00e3o Preto-SP e Regi\u00e3o","link":"https:\/\/noticiasribeiraopreto.com.br\/index.php\/category\/noticias-de-ribeirao-preto-sp-e-regiao-ismael-colosi\/"},"img":{"alt_text":"","src":"https:\/\/i0.wp.com\/noticiasribeiraopreto.com.br\/wp-content\/uploads\/2024\/01\/Titulo-Marcello-Casal-Jr.-Ag.Br_-scaled.jpg?fit=1000%2C598&ssl=1&resize=350%2C200","width":350,"height":200,"srcset":"https:\/\/i0.wp.com\/noticiasribeiraopreto.com.br\/wp-content\/uploads\/2024\/01\/Titulo-Marcello-Casal-Jr.-Ag.Br_-scaled.jpg?fit=1000%2C598&ssl=1&resize=350%2C200 1x, https:\/\/i0.wp.com\/noticiasribeiraopreto.com.br\/wp-content\/uploads\/2024\/01\/Titulo-Marcello-Casal-Jr.-Ag.Br_-scaled.jpg?fit=1000%2C598&ssl=1&resize=525%2C300 1.5x, https:\/\/i0.wp.com\/noticiasribeiraopreto.com.br\/wp-content\/uploads\/2024\/01\/Titulo-Marcello-Casal-Jr.-Ag.Br_-scaled.jpg?fit=1000%2C598&ssl=1&resize=700%2C400 2x"},"classes":[]}],"jetpack_sharing_enabled":true,"jetpack_shortlink":"https:\/\/wp.me\/peQAOb-mc7","_links":{"self":[{"href":"https:\/\/noticiasribeiraopreto.com.br\/index.php\/wp-json\/wp\/v2\/posts\/85319","targetHints":{"allow":["GET"]}}],"collection":[{"href":"https:\/\/noticiasribeiraopreto.com.br\/index.php\/wp-json\/wp\/v2\/posts"}],"about":[{"href":"https:\/\/noticiasribeiraopreto.com.br\/index.php\/wp-json\/wp\/v2\/types\/post"}],"author":[{"embeddable":true,"href":"https:\/\/noticiasribeiraopreto.com.br\/index.php\/wp-json\/wp\/v2\/users\/1"}],"replies":[{"embeddable":true,"href":"https:\/\/noticiasribeiraopreto.com.br\/index.php\/wp-json\/wp\/v2\/comments?post=85319"}],"version-history":[{"count":0,"href":"https:\/\/noticiasribeiraopreto.com.br\/index.php\/wp-json\/wp\/v2\/posts\/85319\/revisions"}],"wp:featuredmedia":[{"embeddable":true,"href":"https:\/\/noticiasribeiraopreto.com.br\/index.php\/wp-json\/wp\/v2\/media\/85320"}],"wp:attachment":[{"href":"https:\/\/noticiasribeiraopreto.com.br\/index.php\/wp-json\/wp\/v2\/media?parent=85319"}],"wp:term":[{"taxonomy":"category","embeddable":true,"href":"https:\/\/noticiasribeiraopreto.com.br\/index.php\/wp-json\/wp\/v2\/categories?post=85319"},{"taxonomy":"post_tag","embeddable":true,"href":"https:\/\/noticiasribeiraopreto.com.br\/index.php\/wp-json\/wp\/v2\/tags?post=85319"}],"curies":[{"name":"wp","href":"https:\/\/api.w.org\/{rel}","templated":true}]}}