{"id":8532,"date":"2023-11-30T11:10:14","date_gmt":"2023-11-30T14:10:14","guid":{"rendered":"https:\/\/noticiasribeiraopreto.com.br\/index.php\/2023\/11\/30\/suspeito-de-ceifar-a-vida-e-abusar-da-mae-e-tres-filhas-no-mt-atacou-e-tirou-a-vida-jornalista-justica-expoe-detalhes-sombrios\/"},"modified":"2023-11-30T11:10:14","modified_gmt":"2023-11-30T14:10:14","slug":"suspeito-de-ceifar-a-vida-e-abusar-da-mae-e-tres-filhas-no-mt-atacou-e-tirou-a-vida-jornalista-justica-expoe-detalhes-sombrios","status":"publish","type":"post","link":"https:\/\/noticiasribeiraopreto.com.br\/index.php\/2023\/11\/30\/suspeito-de-ceifar-a-vida-e-abusar-da-mae-e-tres-filhas-no-mt-atacou-e-tirou-a-vida-jornalista-justica-expoe-detalhes-sombrios\/","title":{"rendered":"Suspeito de ceifar a vida e abusar da m\u00e3e e tr\u00eas filhas no MT, atacou e tirou a vida jornalista, Justi\u00e7a exp\u00f5e detalhes sombrios"},"content":{"rendered":"<div class='code-block code-block-1' style='margin: 8px 0 8px auto; text-align: right; display: block; clear: both;'>\n<p><a href=\"https:\/\/wa.link\/vpicfd\"><img data-recalc-dims=\"1\" class=\"wp-image-4922\" style=\"aspect-ratio: 2.0253164556962027; width: 561px; height: auto;\" src=\"https:\/\/i0.wp.com\/ismaelcolosi.com.br\/wp-content\/uploads\/2023\/11\/grupo-de-empregos-whatsapp-e-facebook-ismael-colosi-vagas.jpg?ssl=1\" alt=\"\" \/><\/a><\/p>\n<!-- \/wp:image -->\n<\/div>\n<p> <br \/>\n<\/p>\n<div itemprop=\"text\">\n<p>O passado macabro do suspeito que cometeu um triplo homic\u00eddio al\u00e9m de abusar de duas de suas v\u00edtimas come\u00e7a a vir \u00e0 tona. O trabalhador da constru\u00e7\u00e3o civil, detido sob suspeita de envolvimento em um massacre que resultou na morte de uma m\u00e3e e suas tr\u00eas filhas na cidade de Sorriso, que fica no interior do estado do Mato Grosso, tamb\u00e9m era procurado por autoridades na cidade de Mineiros, localizado no sudoeste de Goi\u00e1s.<\/p>\n<p>Gilberto Rodrigues dos Anjos, de 32 anos, \u00e9 acusado de ter assassinado um jornalista por enforcamento e de roubar o ve\u00edculo da v\u00edtima no ano 2013. O crime teria ocorrido ap\u00f3s o jornalista tentar iniciar um relacionamento amoroso com Gilberto.<\/p>\n<p>O portal de not\u00edcias G1 obteve acesso ao inqu\u00e9rito e \u00e0 den\u00fancia apresentada pelo Minist\u00e9rio P\u00fablico de Goi\u00e1s \u00e0 Justi\u00e7a no momento em que o crime ocorreu. De acordo com os documentos, na madrugada de 22 de dezembro de 2013, Gilberto encontrou o jornalista Osni Mendes em um bar na cidade de Mineiros. Os dois iniciaram uma conversa, e em seguida, Osni ofereceu uma carona ao acusado para irem a outro estabelecimento.<\/p>\n<p>Gilberto concordou com o convite, e ambos entraram no carro do jornalista. No decorrer do trajeto, Osni interrompeu a viagem, indicando que precisava fazer uma pausa para urinar, sugerindo que Gilberto tamb\u00e9m descesse do ve\u00edculo para esticar as pernas.<\/p>\n<p>Conforme relatado pelo acusado, enquanto estavam fora do ve\u00edculo, Osni teria tentado beij\u00e1-lo \u00e0 for\u00e7a, provocando uma rea\u00e7\u00e3o por parte de Gilberto, que o empurrou e desferiu socos em seu rosto. A partir desse momento, os dois homens se envolveram em uma luta corporal, culminando no nocaute de Osni por Gilberto. Posteriormente, o acusado utilizou a camisa da v\u00edtima para estrangul\u00e1-la, resultando em seu falecimento.<\/p>\n<p>Conforme consta no inqu\u00e9rito policial, ap\u00f3s cometer o crime, Gilberto evadiu-se no ve\u00edculo do jornalista e buscou ref\u00fagio na ch\u00e1cara de um amigo. Nos dias subsequentes, passou a utilizar o carro da v\u00edtima para adquirir cervejas. Cinco dias ap\u00f3s o ocorrido, a pol\u00edcia o localizou em um bar de Mineiros.<\/p>\n<p><img data-recalc-dims=\"1\" decoding=\"async\" src=\"https:\/\/i0.wp.com\/fnmais.com\/wp-content\/uploads\/2023\/11\/postiimg-65688e97aa3d16343.jpg?ssl=1\" alt=\"Jornalista Osni Mendes foi vtima de um latrocnio em 2013 em Mineiros Gois Foto ReproduoJustia de Gois\"\/><\/p>\n<p>Quando abordado pelos policiais e questionado sobre a proced\u00eancia do ve\u00edculo, Gilberto n\u00e3o resistiu e confessou imediatamente o crime. Ele foi detido em flagrante e conduzido \u00e0 delegacia.<\/p>\n<p>Diante da extrema viol\u00eancia empregada no homic\u00eddio do jornalista e da fuga do local do crime, o delegado \u00e0 \u00e9poca solicitou \u00e0 Justi\u00e7a a convers\u00e3o da pris\u00e3o para preventiva. O suspeito ficou preso por cerca de 160 dias, contudo em junho de 2014, conseguiu o relaxamento da pris\u00e3o, e se tornou foragido.<\/p>\n<\/div>\n<p><br \/>\n<br \/><a href=\"https:\/\/fnmais.com\/suspeito-ceifar-vida-abusar-mae-tres-filhas-no-mt-atacou-tirou-vida-jornalista-justica-expoe-detalhes-sombrios\/\">Source link <\/a><\/p>\n<!-- CONTENT END 1 -->\n","protected":false},"excerpt":{"rendered":"<p>O passado macabro do suspeito que cometeu um triplo homic\u00eddio al\u00e9m de abusar de duas de suas v\u00edtimas come\u00e7a a vir \u00e0 tona. O trabalhador&#8230;<\/p>\n","protected":false},"author":1,"featured_media":8533,"comment_status":"open","ping_status":"open","sticky":false,"template":"","format":"standard","meta":{"advanced_seo_description":"","jetpack_seo_html_title":"","jetpack_seo_noindex":false,"jetpack_post_was_ever_published":false,"_jetpack_newsletter_access":"","_jetpack_dont_email_post_to_subs":false,"_jetpack_newsletter_tier_id":0,"_jetpack_memberships_contains_paywalled_content":false,"_jetpack_memberships_contains_paid_content":false,"footnotes":"","jetpack_publicize_message":"","jetpack_publicize_feature_enabled":true,"jetpack_social_post_already_shared":true,"jetpack_social_options":{"image_generator_settings":{"template":"highway","default_image_id":0,"font":"","enabled":false},"version":2}},"categories":[1],"tags":[],"class_list":["post-8532","post","type-post","status-publish","format-standard","has-post-thumbnail","hentry","category-blog"],"jetpack_publicize_connections":[],"jetpack_featured_media_url":"https:\/\/i0.wp.com\/noticiasribeiraopreto.com.br\/wp-content\/uploads\/2023\/11\/postimg-65688e99b74283559.jpg?fit=1200%2C628&ssl=1","jetpack-related-posts":[{"id":32193,"url":"https:\/\/noticiasribeiraopreto.com.br\/index.php\/2024\/01\/24\/utm_sourcerssutm_mediumrssutm_campaignvagabundo-safado-condenado-por-mais-de-23-anos-de-cadeia-por-abusar-da-propria-filha-e-preso-no-ipiranga\/","url_meta":{"origin":8532,"position":0},"title":"VAGABUNDO SAFADO condenado por mais de 23 anos de CADEIA por abusar da pr\u00f3pria filha \u00e9 preso no Ipiranga \u2013 X Tudo Ribeir\u00e3o","author":"noticiasribeiraopreto.com.br","date":"24 de January de 2024","format":false,"excerpt":"Um VAGABUNDO SAFADO foragido da JUSTI\u00c7A condenado a mais de 23 anos de CADEIA por abusar sexualmente da pr\u00f3pria filha foi preso pela equipe da PM (Pol\u00edcia Militar) composta pelos Policiais Tenente Louren\u00e7o e Cabo Tartaro, na noite desta ter\u00e7a-feira (23\/1), no bairro Ipiranga, na zona Norte de Ribeir\u00e3o Preto.\u00a0\u2026","rel":"","context":"In &quot;Not\u00edcias de Ribeir\u00e3o Preto-SP e Regi\u00e3o&quot;","block_context":{"text":"Not\u00edcias de Ribeir\u00e3o Preto-SP e Regi\u00e3o","link":"https:\/\/noticiasribeiraopreto.com.br\/index.php\/category\/noticias-de-ribeirao-preto-sp-e-regiao-ismael-colosi\/"},"img":{"alt_text":"","src":"https:\/\/i0.wp.com\/noticiasribeiraopreto.com.br\/wp-content\/uploads\/2024\/01\/WhatsApp-Image-2024-01-24-at-10.54.34.jpeg?fit=554%2C554&ssl=1&resize=350%2C200","width":350,"height":200,"srcset":"https:\/\/i0.wp.com\/noticiasribeiraopreto.com.br\/wp-content\/uploads\/2024\/01\/WhatsApp-Image-2024-01-24-at-10.54.34.jpeg?fit=554%2C554&ssl=1&resize=350%2C200 1x, https:\/\/i0.wp.com\/noticiasribeiraopreto.com.br\/wp-content\/uploads\/2024\/01\/WhatsApp-Image-2024-01-24-at-10.54.34.jpeg?fit=554%2C554&ssl=1&resize=525%2C300 1.5x"},"classes":[]},{"id":8583,"url":"https:\/\/noticiasribeiraopreto.com.br\/index.php\/2023\/11\/30\/quem-e-o-pedreiro-que-tirou-a-vida-da-mae-e-de-suas-3-filhas-no-mt\/","url_meta":{"origin":8532,"position":1},"title":"quem \u00e9 o pedreiro que tirou a vida da m\u00e3e e de suas 3 filhas no MT","author":"noticiasribeiraopreto.com.br","date":"30 de November de 2023","format":false,"excerpt":"Na regi\u00e3o de Sorriso, no norte do Mato Grosso, o suspeito Gilberto Rodrigues dos Anjos, de 32 anos, confessou que tirou a vida de uma m\u00e3e e de suas tr\u00eas filhas. O crime chocou a popula\u00e7\u00e3o e o homem j\u00e1 tinha dois madados de pris\u00e3o em aberto por outros crimes.Gilberto\u2026","rel":"","context":"In &quot;Blog&quot;","block_context":{"text":"Blog","link":"https:\/\/noticiasribeiraopreto.com.br\/index.php\/category\/blog\/"},"img":{"alt_text":"","src":"https:\/\/i0.wp.com\/noticiasribeiraopreto.com.br\/wp-content\/uploads\/2023\/11\/postimg-6568a2a2e76331194.jpg?fit=1200%2C628&ssl=1&resize=350%2C200","width":350,"height":200,"srcset":"https:\/\/i0.wp.com\/noticiasribeiraopreto.com.br\/wp-content\/uploads\/2023\/11\/postimg-6568a2a2e76331194.jpg?fit=1200%2C628&ssl=1&resize=350%2C200 1x, https:\/\/i0.wp.com\/noticiasribeiraopreto.com.br\/wp-content\/uploads\/2023\/11\/postimg-6568a2a2e76331194.jpg?fit=1200%2C628&ssl=1&resize=525%2C300 1.5x, https:\/\/i0.wp.com\/noticiasribeiraopreto.com.br\/wp-content\/uploads\/2023\/11\/postimg-6568a2a2e76331194.jpg?fit=1200%2C628&ssl=1&resize=700%2C400 2x, https:\/\/i0.wp.com\/noticiasribeiraopreto.com.br\/wp-content\/uploads\/2023\/11\/postimg-6568a2a2e76331194.jpg?fit=1200%2C628&ssl=1&resize=1050%2C600 3x"},"classes":[]},{"id":6343,"url":"https:\/\/noticiasribeiraopreto.com.br\/index.php\/2023\/11\/25\/filho-tira-a-vida-da-propria-mae-e-tenta-fazer-o-mesmo-com-irmao-durante-velorio-da-vitima-no-pr-motivo-e-exposto\/","url_meta":{"origin":8532,"position":2},"title":"Filho tira a vida da pr\u00f3pria m\u00e3e e tenta fazer o mesmo com irm\u00e3o durante vel\u00f3rio da v\u00edtima no PR; motivo \u00e9 exposto","author":"noticiasribeiraopreto.com.br","date":"25 de November de 2023","format":false,"excerpt":"Nesta \u00faltima sexta-feira, dia 24 de novembro, um homem suspeito de ter tirado a vida da pr\u00f3pria m\u00e3e de cria\u00e7\u00e3o e ter tentado tirar a vida de tr\u00eas irm\u00e3os foi preso.O caso aconteceu na regi\u00e3o da Ponta Grossa, no Paran\u00e1.\u00a0 A v\u00edtima, foi identificada pelo nome de Sandra Mara Pinheiro,\u2026","rel":"","context":"In &quot;Blog&quot;","block_context":{"text":"Blog","link":"https:\/\/noticiasribeiraopreto.com.br\/index.php\/category\/blog\/"},"img":{"alt_text":"","src":"https:\/\/i0.wp.com\/noticiasribeiraopreto.com.br\/wp-content\/uploads\/2023\/11\/postimg-65621ef5209491063.jpg?fit=1200%2C628&ssl=1&resize=350%2C200","width":350,"height":200,"srcset":"https:\/\/i0.wp.com\/noticiasribeiraopreto.com.br\/wp-content\/uploads\/2023\/11\/postimg-65621ef5209491063.jpg?fit=1200%2C628&ssl=1&resize=350%2C200 1x, https:\/\/i0.wp.com\/noticiasribeiraopreto.com.br\/wp-content\/uploads\/2023\/11\/postimg-65621ef5209491063.jpg?fit=1200%2C628&ssl=1&resize=525%2C300 1.5x, https:\/\/i0.wp.com\/noticiasribeiraopreto.com.br\/wp-content\/uploads\/2023\/11\/postimg-65621ef5209491063.jpg?fit=1200%2C628&ssl=1&resize=700%2C400 2x, https:\/\/i0.wp.com\/noticiasribeiraopreto.com.br\/wp-content\/uploads\/2023\/11\/postimg-65621ef5209491063.jpg?fit=1200%2C628&ssl=1&resize=1050%2C600 3x"},"classes":[]},{"id":7647,"url":"https:\/\/noticiasribeiraopreto.com.br\/index.php\/2023\/11\/28\/apos-perder-contato-com-a-familia-pai-pede-ajuda-para-amigo-no-mt-mae-e-3-filhas-foram-vitimas-de-chacina\/","url_meta":{"origin":8532,"position":3},"title":"ap\u00f3s perder contato com a fam\u00edlia, pai pede ajuda para amigo no MT; m\u00e3e e 3 filhas foram v\u00edtimas de chacina","author":"noticiasribeiraopreto.com.br","date":"28 de November de 2023","format":false,"excerpt":"Neste \u00faltimo domingo, dia 26 de novembro, o pai das tr\u00eas meninas mortas, com a m\u00e3e, dentro da casa em Sorriso, no Mato Grosso. Ap\u00f3s notar que n\u00e3o conseguia mais ter contato com sua fam\u00edlia, o homem mandou um \u00e1udio para um amigo, pedindo por ajuda.O homem trabalha como caminhoneiro\u2026","rel":"","context":"In &quot;Blog&quot;","block_context":{"text":"Blog","link":"https:\/\/noticiasribeiraopreto.com.br\/index.php\/category\/blog\/"},"img":{"alt_text":"","src":"https:\/\/i0.wp.com\/noticiasribeiraopreto.com.br\/wp-content\/uploads\/2023\/11\/postimg-6566291634dca1216.jpg?fit=1200%2C628&ssl=1&resize=350%2C200","width":350,"height":200,"srcset":"https:\/\/i0.wp.com\/noticiasribeiraopreto.com.br\/wp-content\/uploads\/2023\/11\/postimg-6566291634dca1216.jpg?fit=1200%2C628&ssl=1&resize=350%2C200 1x, https:\/\/i0.wp.com\/noticiasribeiraopreto.com.br\/wp-content\/uploads\/2023\/11\/postimg-6566291634dca1216.jpg?fit=1200%2C628&ssl=1&resize=525%2C300 1.5x, https:\/\/i0.wp.com\/noticiasribeiraopreto.com.br\/wp-content\/uploads\/2023\/11\/postimg-6566291634dca1216.jpg?fit=1200%2C628&ssl=1&resize=700%2C400 2x, https:\/\/i0.wp.com\/noticiasribeiraopreto.com.br\/wp-content\/uploads\/2023\/11\/postimg-6566291634dca1216.jpg?fit=1200%2C628&ssl=1&resize=1050%2C600 3x"},"classes":[]},{"id":27313,"url":"https:\/\/noticiasribeiraopreto.com.br\/index.php\/2024\/01\/11\/utm_sourcerssutm_mediumrssutm_campaignavo-condenado-a-mais-de-30-anos-de-cadeia-por-abusar-das-netas-em-rp-e-preso-pelo-baep-em-sertaozinho\/","url_meta":{"origin":8532,"position":4},"title":"Av\u00f4 condenado a mais de 30 anos de CADEIA por abusar das netas em RP \u00e9 preso pelo BAEP em Sert\u00e3ozinho \u2013 X Tudo Ribeir\u00e3o","author":"noticiasribeiraopreto.com.br","date":"11 de January de 2024","format":false,"excerpt":"Um homem condenado a mais de 30 anos de CADEIA por abusar sexualmente das pr\u00f3prias netas foi preso pela equipe do 11\u00ba BAEP (Batalh\u00e3o de A\u00e7\u00f5es Especiais de Pol\u00edcia) na tarde desta quinta-feira (11\/1), na cidade de Sert\u00e3ozinho.\u00a0 Segundo apurado com EXCLUSIVIDADE pelo X TUDO RIBEIR\u00c3O, durante o patrulhamento ostensivo\u2026","rel":"","context":"In &quot;Not\u00edcias de Ribeir\u00e3o Preto-SP e Regi\u00e3o&quot;","block_context":{"text":"Not\u00edcias de Ribeir\u00e3o Preto-SP e Regi\u00e3o","link":"https:\/\/noticiasribeiraopreto.com.br\/index.php\/category\/noticias-de-ribeirao-preto-sp-e-regiao-ismael-colosi\/"},"img":{"alt_text":"","src":"https:\/\/i0.wp.com\/noticiasribeiraopreto.com.br\/wp-content\/uploads\/2024\/01\/WhatsApp-Image-2024-01-11-at-22.47.04.jpeg?fit=1200%2C1122&ssl=1&resize=350%2C200","width":350,"height":200,"srcset":"https:\/\/i0.wp.com\/noticiasribeiraopreto.com.br\/wp-content\/uploads\/2024\/01\/WhatsApp-Image-2024-01-11-at-22.47.04.jpeg?fit=1200%2C1122&ssl=1&resize=350%2C200 1x, https:\/\/i0.wp.com\/noticiasribeiraopreto.com.br\/wp-content\/uploads\/2024\/01\/WhatsApp-Image-2024-01-11-at-22.47.04.jpeg?fit=1200%2C1122&ssl=1&resize=525%2C300 1.5x, https:\/\/i0.wp.com\/noticiasribeiraopreto.com.br\/wp-content\/uploads\/2024\/01\/WhatsApp-Image-2024-01-11-at-22.47.04.jpeg?fit=1200%2C1122&ssl=1&resize=700%2C400 2x, https:\/\/i0.wp.com\/noticiasribeiraopreto.com.br\/wp-content\/uploads\/2024\/01\/WhatsApp-Image-2024-01-11-at-22.47.04.jpeg?fit=1200%2C1122&ssl=1&resize=1050%2C600 3x"},"classes":[]},{"id":10716,"url":"https:\/\/noticiasribeiraopreto.com.br\/index.php\/2023\/12\/05\/quem-sao-mae-e-filha-que-morreram-em-grave-acidente-causado-por-motorista-embriagado\/","url_meta":{"origin":8532,"position":5},"title":"Quem s\u00e3o m\u00e3e e filha que morreram em grave acidente causado por motorista embriagado","author":"noticiasribeiraopreto.com.br","date":"5 de December de 2023","format":false,"excerpt":"Um grave acidente provocado por um motorista b\u00eabado provocou uma verdadeira trag\u00e9dia e deixou uma fam\u00edlia devastada e mergulhada na dor do luto por causa do \u00f3bito de entes queridos.Uma mulher de 27 anos e sua filha, de 12 anos, perderam a vida em uma colis\u00e3o fatal que envolveu um\u2026","rel":"","context":"In &quot;Blog&quot;","block_context":{"text":"Blog","link":"https:\/\/noticiasribeiraopreto.com.br\/index.php\/category\/blog\/"},"img":{"alt_text":"","src":"https:\/\/i0.wp.com\/noticiasribeiraopreto.com.br\/wp-content\/uploads\/2023\/12\/postimg-656e939e669e18056.jpg?fit=1200%2C628&ssl=1&resize=350%2C200","width":350,"height":200,"srcset":"https:\/\/i0.wp.com\/noticiasribeiraopreto.com.br\/wp-content\/uploads\/2023\/12\/postimg-656e939e669e18056.jpg?fit=1200%2C628&ssl=1&resize=350%2C200 1x, https:\/\/i0.wp.com\/noticiasribeiraopreto.com.br\/wp-content\/uploads\/2023\/12\/postimg-656e939e669e18056.jpg?fit=1200%2C628&ssl=1&resize=525%2C300 1.5x, https:\/\/i0.wp.com\/noticiasribeiraopreto.com.br\/wp-content\/uploads\/2023\/12\/postimg-656e939e669e18056.jpg?fit=1200%2C628&ssl=1&resize=700%2C400 2x, https:\/\/i0.wp.com\/noticiasribeiraopreto.com.br\/wp-content\/uploads\/2023\/12\/postimg-656e939e669e18056.jpg?fit=1200%2C628&ssl=1&resize=1050%2C600 3x"},"classes":[]}],"jetpack_sharing_enabled":true,"jetpack_shortlink":"https:\/\/wp.me\/peQAOb-2dC","_links":{"self":[{"href":"https:\/\/noticiasribeiraopreto.com.br\/index.php\/wp-json\/wp\/v2\/posts\/8532","targetHints":{"allow":["GET"]}}],"collection":[{"href":"https:\/\/noticiasribeiraopreto.com.br\/index.php\/wp-json\/wp\/v2\/posts"}],"about":[{"href":"https:\/\/noticiasribeiraopreto.com.br\/index.php\/wp-json\/wp\/v2\/types\/post"}],"author":[{"embeddable":true,"href":"https:\/\/noticiasribeiraopreto.com.br\/index.php\/wp-json\/wp\/v2\/users\/1"}],"replies":[{"embeddable":true,"href":"https:\/\/noticiasribeiraopreto.com.br\/index.php\/wp-json\/wp\/v2\/comments?post=8532"}],"version-history":[{"count":0,"href":"https:\/\/noticiasribeiraopreto.com.br\/index.php\/wp-json\/wp\/v2\/posts\/8532\/revisions"}],"wp:featuredmedia":[{"embeddable":true,"href":"https:\/\/noticiasribeiraopreto.com.br\/index.php\/wp-json\/wp\/v2\/media\/8533"}],"wp:attachment":[{"href":"https:\/\/noticiasribeiraopreto.com.br\/index.php\/wp-json\/wp\/v2\/media?parent=8532"}],"wp:term":[{"taxonomy":"category","embeddable":true,"href":"https:\/\/noticiasribeiraopreto.com.br\/index.php\/wp-json\/wp\/v2\/categories?post=8532"},{"taxonomy":"post_tag","embeddable":true,"href":"https:\/\/noticiasribeiraopreto.com.br\/index.php\/wp-json\/wp\/v2\/tags?post=8532"}],"curies":[{"name":"wp","href":"https:\/\/api.w.org\/{rel}","templated":true}]}}