{"id":85321,"date":"2026-04-29T07:01:08","date_gmt":"2026-04-29T10:01:08","guid":{"rendered":"https:\/\/noticiasribeiraopreto.com.br\/index.php\/2026\/04\/29\/cartorios-eleitorais-vao-abrir-no-feriado\/"},"modified":"2026-04-29T07:01:08","modified_gmt":"2026-04-29T10:01:08","slug":"cartorios-eleitorais-vao-abrir-no-feriado","status":"publish","type":"post","link":"https:\/\/noticiasribeiraopreto.com.br\/index.php\/2026\/04\/29\/cartorios-eleitorais-vao-abrir-no-feriado\/","title":{"rendered":"Cart\u00f3rios eleitorais \u2028v\u00e3o abrir no feriado"},"content":{"rendered":"<div class='code-block code-block-1' style='margin: 8px 0 8px auto; text-align: right; display: block; clear: both;'>\n<p><a href=\"https:\/\/wa.link\/vpicfd\"><img data-recalc-dims=\"1\" class=\"wp-image-4922\" style=\"aspect-ratio: 2.0253164556962027; width: 561px; height: auto;\" src=\"https:\/\/i0.wp.com\/ismaelcolosi.com.br\/wp-content\/uploads\/2023\/11\/grupo-de-empregos-whatsapp-e-facebook-ismael-colosi-vagas.jpg?ssl=1\" alt=\"\" \/><\/a><\/p>\n<!-- \/wp:image -->\n<\/div>\n<p> <br \/>\n<\/p>\n<div id=\"\">&#13;<br \/>\n\t\t\t\t\t\t\t\t&#13;<\/p>\n<p>&#13;<br \/>\n\t\t\t\t\t\t\t\t\t<span class=\"entry-meta-item penci-posted-on\"><i class=\"fa fa-clock-o\"\/><time class=\"entry-date published\" datetime=\"2026-04-29T06:59:53-03:00\">29 de abril de 2026 06:59<\/time><time class=\"updated\" datetime=\"2026-04-29T01:03:00-03:00\">29 de abril de 2026 01:03<\/time><\/span><span class=\"entry-meta-item penci-post-countview\"\/>\t\t\t\t\t\t\t\t<\/p>\n<p><!-- .entry-meta -->&#13;<br \/>\n\t\t\t\t\t\t\t\t<span class=\"penci-social-buttons penci-social-share-footer\"><span class=\"penci-social-share-text\">Compartilhar<\/span><a href=\"#\" class=\"penci-post-like penci_post-meta_item  single-like-button penci-social-item like\" data-post_id=\"462453\" title=\"Like\" data-like=\"Like\" data-unlike=\"Unlike\"><i class=\"fa fa-thumbs-o-up\"\/><span class=\"penci-share-number\">0<\/span><\/a><i class=\"fa fa-facebook\"\/><a class=\"penci-social-item twitter\" target=\"_blank\" rel=\"noopener\" title=\"\" href=\"https:\/\/twitter.com\/intent\/tweet?text=Cart\u00f3rios%20eleitorais%20\u2028v\u00e3o%20abrir%20no%20feriado%20-%20https:\/\/www.tribunaribeirao.com.br\/cartorios-eleitorais-vao-abrir-no-feriado\/\"><i class=\"fa fa-twitter\"\/><\/a><i class=\"fa fa-linkedin\"\/><i class=\"fa fa-whatsapp\"\/><i class=\"fa fa-telegram\"\/><i class=\"fa fa-envelope\"\/><\/span>\t\t\t\t\t\t\t<\/div>\n<div>\n<p class=\"p1\"><i>Cart\u00f3rios do estado de S\u00e3o Paulo atender\u00e3o eleitor por ordem de chegada no feriado e fim de semana<br \/><\/i><br \/>Os cart\u00f3rios eleitorais do estado de S\u00e3o Paulo estar\u00e3o de portas abertas nesta sexta-feira, Primeiro de Maio, feriado do Dia Mundial do Trabalho, para atender quem precisa tirar ou regularizar o t\u00edtulo para votar nas elei\u00e7\u00f5es de 2026. As unidades tamb\u00e9m v\u00e3o funcionar no s\u00e1bado (2) e no domingo (3), no hor\u00e1rio das nove \u00e0s 15 horas.<\/p>\n<p>O atendimento ser\u00e1 por ordem de chegada, respeitadas as prioridades da fila.<br \/>As quatro unidades cartor\u00e1rias de Ribeir\u00e3o Preto (108\u00aa, 265\u00aa, 266\u00aa e 305\u00aa ZEs) s\u00e3o respons\u00e1veis por administrar o cadastro de 464.853 eleitoras e eleitores do munic\u00edpio \u2013 segundo dados de mar\u00e7o do Tribunal Superior Eleitoral (TSE) \u2013, divididos em 132 locais de vota\u00e7\u00e3o e 1.434 se\u00e7\u00f5es eleitorais.<\/p>\n<p>J\u00e1 a 293\u00aa Zona Eleitoral \u00e9 respons\u00e1vel ainda pelo cadastro dos munic\u00edpios de Cravinhos, Dumont e Guatapar\u00e1, que juntos possuem cerca de 40 mil eleitores, distribu\u00eddos em 16 locais de vota\u00e7\u00f5es e 128 se\u00e7\u00f5es. As novas instala\u00e7\u00f5es dos cart\u00f3rios das 108\u00aa, 265\u00aa, 266\u00aa, 293\u00aa, 305\u00aa Zonas Eleitorais de Ribeir\u00e3o Preto ficam na rua Jos\u00e9 Pierri n\u00ba 487, bairro Nova Ribeir\u00e2nia, na Zona Leste.<\/p>\n<p>Somente precisa buscar atendimento presencial quem vai tirar o primeiro t\u00edtulo (alistamento eleitoral) ou quem precisa fazer alguma altera\u00e7\u00e3o no cadastro eleitoral e ainda n\u00e3o tem a biometria coletada. Eleitoras e eleitores que j\u00e1 t\u00eam a identifica\u00e7\u00e3o biom\u00e9trica (88% do eleitorado paulista) podem solicitar qualquer servi\u00e7o pela internet, por meio da plataforma de Autoatendimento, sem sair de casa.<\/p>\n<p>Antes de procurar um cart\u00f3rio, o Tribunal Regional Eleitoral de S\u00e3o Paulo (TRE-SP) orienta as pessoas a verificar a situa\u00e7\u00e3o do t\u00edtulo ou da biometria (clicando na op\u00e7\u00e3o \u201cSitua\u00e7\u00e3o do t\u00edtulo\u201d, na aba \u201cConsultas\u201d do Autoatendimento) para evitar a forma\u00e7\u00e3o de filas ou deslocamentos desnecess\u00e1rios.<\/p>\n<p>\u00c9 importante destacar que os eleitores que n\u00e3o possuem biometria, mas est\u00e3o em situa\u00e7\u00e3o regular com a Justi\u00e7a Eleitoral poder\u00e3o votar normalmente nas Elei\u00e7\u00f5es 2026 apresentando um documento com foto no dia do pleito. O primeiro turno ser\u00e1 em 4 de outubro. Mais informa\u00e7\u00f5es: [email\u00a0protected]<\/p>\n<p class=\"p1\">\n<b>Hor\u00e1rio ampliado \u2013 <\/b>Al\u00e9m da abertura neste feriado e no fim de semana, as unidades do Tribunal Regional Eleitoral funcionar\u00e3o em hor\u00e1rio ampliado na segunda (4), ter\u00e7a (5) e quarta (6), das nove \u00e0s 17 horas. De acordo com o calend\u00e1rio eleitoral, 6 de maio \u00e9 o \u00faltimo dia para emitir, transferir ou fazer a regulariza\u00e7\u00e3o do t\u00edtulo.<\/p>\n<p>O cadastro eleitoral estar\u00e1 fechado a partir do dia 7, conforme determina o artigo 91 da Lei das Elei\u00e7\u00f5es (n\u00ba 9.504\/1997) para que a Justi\u00e7a Eleitoral possa organizar a vota\u00e7\u00e3o de outubro. Quem vai tirar o primeiro t\u00edtulo deve comparecer ao cart\u00f3rio eleitoral levando um documento de identifica\u00e7\u00e3o com foto, como o RG, e um comprovante de resid\u00eancia recente em seu nome ou da pessoa com quem mora.<\/p>\n<p>S\u00e3o aceitas contas de luz, \u00e1gua ou telefone. As pessoas do g\u00eanero masculino que completarem 19 anos em 2026 tamb\u00e9m precisam levar o certificado de quita\u00e7\u00e3o militar (reservista). Todos os servi\u00e7os eleitorais s\u00e3o gratuitos, sendo cobradas, eventualmente, apenas as multas devidas por quem n\u00e3o votou nem justificou a aus\u00eancia \u00e0s urnas. A consulta de d\u00e9bitos est\u00e1 dispon\u00edvel no Autoatendimento, na aba \u201cConsultas\u201d.<\/p>\n<\/div>\n<p><script async src=\"\/\/platform.twitter.com\/widgets.js\" charset=\"utf-8\"><\/script><br \/>\n<br \/><br \/>\n<br \/><a href=\"https:\/\/www.tribunaribeirao.com.br\/cartorios-eleitorais-vao-abrir-no-feriado\/\">Texto original daqui <\/a><\/p>\n<!-- CONTENT END 1 -->\n","protected":false},"excerpt":{"rendered":"<p>&#13; &#13; &#13; 29 de abril de 2026 06:5929 de abril de 2026 01:03 &#13; Compartilhar0 Cart\u00f3rios do estado de S\u00e3o Paulo atender\u00e3o eleitor por&#8230;<\/p>\n","protected":false},"author":1,"featured_media":85322,"comment_status":"","ping_status":"","sticky":false,"template":"","format":"standard","meta":{"advanced_seo_description":"","jetpack_seo_html_title":"","jetpack_seo_noindex":false,"jetpack_post_was_ever_published":false,"_jetpack_newsletter_access":"","_jetpack_dont_email_post_to_subs":false,"_jetpack_newsletter_tier_id":0,"_jetpack_memberships_contains_paywalled_content":false,"_jetpack_memberships_contains_paid_content":false,"footnotes":"","jetpack_publicize_message":"","jetpack_publicize_feature_enabled":true,"jetpack_social_post_already_shared":true,"jetpack_social_options":{"image_generator_settings":{"template":"highway","default_image_id":0,"font":"","enabled":false},"version":2}},"categories":[11],"tags":[963,5461,2889,377,1258],"class_list":["post-85321","post","type-post","status-publish","format-standard","has-post-thumbnail","hentry","category-noticias-de-ribeirao-preto-sp-e-regiao-ismael-colosi","tag-abrir","tag-cartorios","tag-eleitorais","tag-feriado","tag-vao"],"jetpack_publicize_connections":[],"jetpack_featured_media_url":"https:\/\/i0.wp.com\/noticiasribeiraopreto.com.br\/wp-content\/uploads\/2026\/04\/Titulo-Alfredo-Risk-scaled.jpg?fit=1200%2C800&ssl=1","jetpack-related-posts":[{"id":48164,"url":"https:\/\/noticiasribeiraopreto.com.br\/index.php\/2024\/05\/01\/titulo-cancelado-cartorios-eleitorais-de-sp-abrem-neste-feriado\/","url_meta":{"origin":85321,"position":0},"title":"T\u00edtulo cancelado? Cart\u00f3rios eleitorais de SP abrem neste feriado","author":"noticiasribeiraopreto.com.br","date":"1 de May de 2024","format":false,"excerpt":"Os cart\u00f3rios e postos eleitorais de S\u00e3o Paulo v\u00e3o abrir neste feriado do Dia do Trabalhador (1\u00ba de maio) para atender quem precisa tirar ou regularizar o t\u00edtulo para votar nas Elei\u00e7\u00f5es Municipais de 2024. O hor\u00e1rio de funcionamento ser\u00e1 das 11h \u00e0s 17h. O atendimento ser\u00e1 realizado por ordem\u2026","rel":"","context":"In &quot;Not\u00edcias de Ribeir\u00e3o Preto-SP e Regi\u00e3o&quot;","block_context":{"text":"Not\u00edcias de Ribeir\u00e3o Preto-SP e Regi\u00e3o","link":"https:\/\/noticiasribeiraopreto.com.br\/index.php\/category\/noticias-de-ribeirao-preto-sp-e-regiao-ismael-colosi\/"},"img":{"alt_text":"","src":"https:\/\/i0.wp.com\/noticiasribeiraopreto.com.br\/wp-content\/uploads\/2024\/04\/AnyConv.com__cartorio-eleitoral-ribeirao-preto.webp.webp?fit=867%2C485&ssl=1&resize=350%2C200","width":350,"height":200,"srcset":"https:\/\/i0.wp.com\/noticiasribeiraopreto.com.br\/wp-content\/uploads\/2024\/04\/AnyConv.com__cartorio-eleitoral-ribeirao-preto.webp.webp?fit=867%2C485&ssl=1&resize=350%2C200 1x, https:\/\/i0.wp.com\/noticiasribeiraopreto.com.br\/wp-content\/uploads\/2024\/04\/AnyConv.com__cartorio-eleitoral-ribeirao-preto.webp.webp?fit=867%2C485&ssl=1&resize=525%2C300 1.5x, https:\/\/i0.wp.com\/noticiasribeiraopreto.com.br\/wp-content\/uploads\/2024\/04\/AnyConv.com__cartorio-eleitoral-ribeirao-preto.webp.webp?fit=867%2C485&ssl=1&resize=700%2C400 2x"},"classes":[]},{"id":80205,"url":"https:\/\/noticiasribeiraopreto.com.br\/index.php\/2025\/11\/17\/cartorios-eleitorais-de-ribeirao-preto-suspendem-atendimento-presencial-veja-o-motivo\/","url_meta":{"origin":85321,"position":1},"title":"Cart\u00f3rios Eleitorais de Ribeir\u00e3o Preto suspendem atendimento presencial; veja o motivo","author":"noticiasribeiraopreto.com.br","date":"17 de November de 2025","format":false,"excerpt":"Os Cart\u00f3rios Eleitorais de Ribeir\u00e3o Preto suspenderam o atendimento presencial entre os dias 17 e 24 de novembro para realizar a mudan\u00e7a para a nova sede, localizada na rua Jos\u00e9 Pierri, 487, no bairro Nova Ribeirania. As equipes organizam a transfer\u00eancia da estrutura e a instala\u00e7\u00e3o dos servi\u00e7os no novo\u2026","rel":"","context":"In &quot;Not\u00edcias de Ribeir\u00e3o Preto-SP e Regi\u00e3o&quot;","block_context":{"text":"Not\u00edcias de Ribeir\u00e3o Preto-SP e Regi\u00e3o","link":"https:\/\/noticiasribeiraopreto.com.br\/index.php\/category\/noticias-de-ribeirao-preto-sp-e-regiao-ismael-colosi\/"},"img":{"alt_text":"","src":"https:\/\/i0.wp.com\/noticiasribeiraopreto.com.br\/wp-content\/uploads\/2025\/11\/AnyConv.com__cartorio-eleitoral-ribeirao-preto.webp.webp?fit=867%2C485&ssl=1&resize=350%2C200","width":350,"height":200,"srcset":"https:\/\/i0.wp.com\/noticiasribeiraopreto.com.br\/wp-content\/uploads\/2025\/11\/AnyConv.com__cartorio-eleitoral-ribeirao-preto.webp.webp?fit=867%2C485&ssl=1&resize=350%2C200 1x, https:\/\/i0.wp.com\/noticiasribeiraopreto.com.br\/wp-content\/uploads\/2025\/11\/AnyConv.com__cartorio-eleitoral-ribeirao-preto.webp.webp?fit=867%2C485&ssl=1&resize=525%2C300 1.5x, https:\/\/i0.wp.com\/noticiasribeiraopreto.com.br\/wp-content\/uploads\/2025\/11\/AnyConv.com__cartorio-eleitoral-ribeirao-preto.webp.webp?fit=867%2C485&ssl=1&resize=700%2C400 2x"},"classes":[]},{"id":45912,"url":"https:\/\/noticiasribeiraopreto.com.br\/index.php\/2024\/04\/08\/saiba-como-regularizar-a-situacao-eleitoral-em-ribeirao-preto\/","url_meta":{"origin":85321,"position":2},"title":"Saiba como regularizar a situa\u00e7\u00e3o eleitoral em Ribeir\u00e3o Preto","author":"noticiasribeiraopreto.com.br","date":"8 de April de 2024","format":false,"excerpt":"Nesta segunda-feira (8), termina o prazo para que eleitores sem biometria cadastrada regularizem a situa\u00e7\u00e3o eleitoral pela internet. Ap\u00f3s essa data, o atendimento ser\u00e1 apenas de forma presencial nos cart\u00f3rios eleitorais. Ribeir\u00e3o Preto tem 474.634 eleitores registrados, sendo que 164.803 ainda precisam registrar a biometria \u2013 consulte aqui a sua\u2026","rel":"","context":"In &quot;Not\u00edcias de Ribeir\u00e3o Preto-SP e Regi\u00e3o&quot;","block_context":{"text":"Not\u00edcias de Ribeir\u00e3o Preto-SP e Regi\u00e3o","link":"https:\/\/noticiasribeiraopreto.com.br\/index.php\/category\/noticias-de-ribeirao-preto-sp-e-regiao-ismael-colosi\/"},"img":{"alt_text":"","src":"https:\/\/i0.wp.com\/noticiasribeiraopreto.com.br\/wp-content\/uploads\/2024\/04\/AnyConv.com__cartorio-eleitoral-ribeirao-preto.webp.webp?fit=867%2C485&ssl=1&resize=350%2C200","width":350,"height":200,"srcset":"https:\/\/i0.wp.com\/noticiasribeiraopreto.com.br\/wp-content\/uploads\/2024\/04\/AnyConv.com__cartorio-eleitoral-ribeirao-preto.webp.webp?fit=867%2C485&ssl=1&resize=350%2C200 1x, https:\/\/i0.wp.com\/noticiasribeiraopreto.com.br\/wp-content\/uploads\/2024\/04\/AnyConv.com__cartorio-eleitoral-ribeirao-preto.webp.webp?fit=867%2C485&ssl=1&resize=525%2C300 1.5x, https:\/\/i0.wp.com\/noticiasribeiraopreto.com.br\/wp-content\/uploads\/2024\/04\/AnyConv.com__cartorio-eleitoral-ribeirao-preto.webp.webp?fit=867%2C485&ssl=1&resize=700%2C400 2x"},"classes":[]},{"id":68464,"url":"https:\/\/noticiasribeiraopreto.com.br\/index.php\/2025\/04\/25\/regularizacao-de-titulo-vai-ate-dia-19-de-maio\/","url_meta":{"origin":85321,"position":3},"title":"Regulariza\u00e7\u00e3o de t\u00edtulo\u00a0vai at\u00e9 dia 19 de maio \u00a0","author":"noticiasribeiraopreto.com.br","date":"25 de April de 2025","format":false,"excerpt":"25 de abril de 2025 15:3025 de abril de 2025 09:456 Compartilhar0 O prazo para eleitoras e eleitores que deixaram de votar em tr\u00eas turnos consecutivos regularizar o t\u00edtulo se encerra em menos de um m\u00eas. A regulariza\u00e7\u00e3o do documento deve ser feita at\u00e9 19 de maio, ou a pessoa\u2026","rel":"","context":"In &quot;Not\u00edcias de Ribeir\u00e3o Preto-SP e Regi\u00e3o&quot;","block_context":{"text":"Not\u00edcias de Ribeir\u00e3o Preto-SP e Regi\u00e3o","link":"https:\/\/noticiasribeiraopreto.com.br\/index.php\/category\/noticias-de-ribeirao-preto-sp-e-regiao-ismael-colosi\/"},"img":{"alt_text":"","src":"https:\/\/i0.wp.com\/noticiasribeiraopreto.com.br\/wp-content\/uploads\/2025\/04\/Titulo-Marcello-Casal-Jr.-Ag.Br_.-1-scaled.jpg?fit=800%2C479&ssl=1&resize=350%2C200","width":350,"height":200,"srcset":"https:\/\/i0.wp.com\/noticiasribeiraopreto.com.br\/wp-content\/uploads\/2025\/04\/Titulo-Marcello-Casal-Jr.-Ag.Br_.-1-scaled.jpg?fit=800%2C479&ssl=1&resize=350%2C200 1x, https:\/\/i0.wp.com\/noticiasribeiraopreto.com.br\/wp-content\/uploads\/2025\/04\/Titulo-Marcello-Casal-Jr.-Ag.Br_.-1-scaled.jpg?fit=800%2C479&ssl=1&resize=525%2C300 1.5x, https:\/\/i0.wp.com\/noticiasribeiraopreto.com.br\/wp-content\/uploads\/2025\/04\/Titulo-Marcello-Casal-Jr.-Ag.Br_.-1-scaled.jpg?fit=800%2C479&ssl=1&resize=700%2C400 2x"},"classes":[]},{"id":48672,"url":"https:\/\/noticiasribeiraopreto.com.br\/index.php\/2024\/05\/05\/esta-acabando-prazo-para-regularizar-situacao-eleitoral-vai-ate-o-dia-8\/","url_meta":{"origin":85321,"position":4},"title":"Est\u00e1 acabando! Prazo para regularizar situa\u00e7\u00e3o eleitoral vai at\u00e9 o dia 8","author":"noticiasribeiraopreto.com.br","date":"5 de May de 2024","format":false,"excerpt":"As eleitoras e eleitores t\u00eam at\u00e9 8 de maio para ficar em dia com a Justi\u00e7a Eleitoral e votar na elei\u00e7\u00f5es municipais de 2024, no pr\u00f3ximo m\u00eas de outubro. Na segunda (6), ter\u00e7a (7) e quarta-feira (8), os cart\u00f3rios eleitorais v\u00e3o funcionar das 9h \u00e0s 17h. Neste domingo, os cart\u00f3rios\u2026","rel":"","context":"In &quot;Not\u00edcias de Ribeir\u00e3o Preto-SP e Regi\u00e3o&quot;","block_context":{"text":"Not\u00edcias de Ribeir\u00e3o Preto-SP e Regi\u00e3o","link":"https:\/\/noticiasribeiraopreto.com.br\/index.php\/category\/noticias-de-ribeirao-preto-sp-e-regiao-ismael-colosi\/"},"img":{"alt_text":"","src":"https:\/\/i0.wp.com\/noticiasribeiraopreto.com.br\/wp-content\/uploads\/2024\/05\/AnyConv.com__titulo-de-eleitor_2024-05-05_17-12-29.webp.webp?fit=1167%2C698&ssl=1&resize=350%2C200","width":350,"height":200,"srcset":"https:\/\/i0.wp.com\/noticiasribeiraopreto.com.br\/wp-content\/uploads\/2024\/05\/AnyConv.com__titulo-de-eleitor_2024-05-05_17-12-29.webp.webp?fit=1167%2C698&ssl=1&resize=350%2C200 1x, https:\/\/i0.wp.com\/noticiasribeiraopreto.com.br\/wp-content\/uploads\/2024\/05\/AnyConv.com__titulo-de-eleitor_2024-05-05_17-12-29.webp.webp?fit=1167%2C698&ssl=1&resize=525%2C300 1.5x, https:\/\/i0.wp.com\/noticiasribeiraopreto.com.br\/wp-content\/uploads\/2024\/05\/AnyConv.com__titulo-de-eleitor_2024-05-05_17-12-29.webp.webp?fit=1167%2C698&ssl=1&resize=700%2C400 2x, https:\/\/i0.wp.com\/noticiasribeiraopreto.com.br\/wp-content\/uploads\/2024\/05\/AnyConv.com__titulo-de-eleitor_2024-05-05_17-12-29.webp.webp?fit=1167%2C698&ssl=1&resize=1050%2C600 3x"},"classes":[]},{"id":64277,"url":"https:\/\/noticiasribeiraopreto.com.br\/index.php\/2025\/03\/06\/quem-deixou-de-votar-nas-ultimas-tres-eleicoes-deve-regularizar-a-situacao-ate-maio\/","url_meta":{"origin":85321,"position":5},"title":"Quem deixou de votar nas \u00faltimas tr\u00eas elei\u00e7\u00f5es deve regularizar a situa\u00e7\u00e3o at\u00e9 maio","author":"noticiasribeiraopreto.com.br","date":"6 de March de 2025","format":false,"excerpt":"O TSE (Tribunal Superior Eleitoral) publicou no final de fevereiro norma que estipula as diretrizes para o cancelamento de inscri\u00e7\u00f5es eleitorais de quem deixou de votar em tr\u00eas \u00faltimas elei\u00e7\u00f5es consecutivas. Eleitores que n\u00e3o votaram, n\u00e3o justificaram e n\u00e3o pagaram multas por aus\u00eancia nos tr\u00eas \u00faltimos pleitos (incluindo o 1\u00ba\u2026","rel":"","context":"In &quot;Not\u00edcias de Ribeir\u00e3o Preto-SP e Regi\u00e3o&quot;","block_context":{"text":"Not\u00edcias de Ribeir\u00e3o Preto-SP e Regi\u00e3o","link":"https:\/\/noticiasribeiraopreto.com.br\/index.php\/category\/noticias-de-ribeirao-preto-sp-e-regiao-ismael-colosi\/"},"img":{"alt_text":"","src":"https:\/\/i0.wp.com\/noticiasribeiraopreto.com.br\/wp-content\/uploads\/2024\/10\/votacao_2024-10-04_13-06-05_jpg_2024-10-04_13-06-05.webp.webp?fit=1170%2C700&ssl=1&resize=350%2C200","width":350,"height":200,"srcset":"https:\/\/i0.wp.com\/noticiasribeiraopreto.com.br\/wp-content\/uploads\/2024\/10\/votacao_2024-10-04_13-06-05_jpg_2024-10-04_13-06-05.webp.webp?fit=1170%2C700&ssl=1&resize=350%2C200 1x, https:\/\/i0.wp.com\/noticiasribeiraopreto.com.br\/wp-content\/uploads\/2024\/10\/votacao_2024-10-04_13-06-05_jpg_2024-10-04_13-06-05.webp.webp?fit=1170%2C700&ssl=1&resize=525%2C300 1.5x, https:\/\/i0.wp.com\/noticiasribeiraopreto.com.br\/wp-content\/uploads\/2024\/10\/votacao_2024-10-04_13-06-05_jpg_2024-10-04_13-06-05.webp.webp?fit=1170%2C700&ssl=1&resize=700%2C400 2x, https:\/\/i0.wp.com\/noticiasribeiraopreto.com.br\/wp-content\/uploads\/2024\/10\/votacao_2024-10-04_13-06-05_jpg_2024-10-04_13-06-05.webp.webp?fit=1170%2C700&ssl=1&resize=1050%2C600 3x"},"classes":[]}],"jetpack_sharing_enabled":true,"jetpack_shortlink":"https:\/\/wp.me\/peQAOb-mc9","_links":{"self":[{"href":"https:\/\/noticiasribeiraopreto.com.br\/index.php\/wp-json\/wp\/v2\/posts\/85321","targetHints":{"allow":["GET"]}}],"collection":[{"href":"https:\/\/noticiasribeiraopreto.com.br\/index.php\/wp-json\/wp\/v2\/posts"}],"about":[{"href":"https:\/\/noticiasribeiraopreto.com.br\/index.php\/wp-json\/wp\/v2\/types\/post"}],"author":[{"embeddable":true,"href":"https:\/\/noticiasribeiraopreto.com.br\/index.php\/wp-json\/wp\/v2\/users\/1"}],"replies":[{"embeddable":true,"href":"https:\/\/noticiasribeiraopreto.com.br\/index.php\/wp-json\/wp\/v2\/comments?post=85321"}],"version-history":[{"count":0,"href":"https:\/\/noticiasribeiraopreto.com.br\/index.php\/wp-json\/wp\/v2\/posts\/85321\/revisions"}],"wp:featuredmedia":[{"embeddable":true,"href":"https:\/\/noticiasribeiraopreto.com.br\/index.php\/wp-json\/wp\/v2\/media\/85322"}],"wp:attachment":[{"href":"https:\/\/noticiasribeiraopreto.com.br\/index.php\/wp-json\/wp\/v2\/media?parent=85321"}],"wp:term":[{"taxonomy":"category","embeddable":true,"href":"https:\/\/noticiasribeiraopreto.com.br\/index.php\/wp-json\/wp\/v2\/categories?post=85321"},{"taxonomy":"post_tag","embeddable":true,"href":"https:\/\/noticiasribeiraopreto.com.br\/index.php\/wp-json\/wp\/v2\/tags?post=85321"}],"curies":[{"name":"wp","href":"https:\/\/api.w.org\/{rel}","templated":true}]}}