{"id":85323,"date":"2026-04-29T07:35:26","date_gmt":"2026-04-29T10:35:26","guid":{"rendered":"https:\/\/noticiasribeiraopreto.com.br\/index.php\/2026\/04\/29\/governador-confirma-inicio-de-obras-do-anel-viario-sul-em-setembro\/"},"modified":"2026-04-29T07:35:26","modified_gmt":"2026-04-29T10:35:26","slug":"governador-confirma-inicio-de-obras-do-anel-viario-sul-em-setembro","status":"publish","type":"post","link":"https:\/\/noticiasribeiraopreto.com.br\/index.php\/2026\/04\/29\/governador-confirma-inicio-de-obras-do-anel-viario-sul-em-setembro\/","title":{"rendered":"Governador confirma in\u00edcio de obras do Anel Vi\u00e1rio Sul em setembro &#8211; THMais"},"content":{"rendered":"<div class='code-block code-block-1' style='margin: 8px 0 8px auto; text-align: right; display: block; clear: both;'>\n<p><a href=\"https:\/\/wa.link\/vpicfd\"><img data-recalc-dims=\"1\" class=\"wp-image-4922\" style=\"aspect-ratio: 2.0253164556962027; width: 561px; height: auto;\" src=\"https:\/\/i0.wp.com\/ismaelcolosi.com.br\/wp-content\/uploads\/2023\/11\/grupo-de-empregos-whatsapp-e-facebook-ismael-colosi-vagas.jpg?ssl=1\" alt=\"\" \/><\/a><\/p>\n<!-- \/wp:image -->\n<\/div>\n<p> <br \/>\n<\/p>\n<div>\n<p>Durante agenda oficial nesta segunda e ter\u00e7a-feira, 27 e 28 de abril, na Agrishow, o governador Tarc\u00edsio de Freitas (Republicanos) atualizou o cronograma das obras do Anel Vi\u00e1rio Sul, interven\u00e7\u00e3o estrat\u00e9gica aguardada para melhorar o tr\u00e2nsito na cidade.<\/p>\n<p>De acordo com o Governo do Estado, a primeira etapa est\u00e1 prevista para come\u00e7ar em setembro, com parte dos projetos executivos conclu\u00edda at\u00e9 julho. A expectativa \u00e9 que 100% das obras estejam em execu\u00e7\u00e3o at\u00e9 janeiro de 2027.<\/p>\n<p>\u201cOs projetos executivos est\u00e3o em andamento, a gente vai ter uma parte desses projetos executivos em julho e a\u00ed a gente inicia a primeira etapa da obra em setembro, e o restante do projeto fica pronto em dezembro para que a gente inicie a obra em janeiro\u201d, afirmou o governador Tarc\u00edsio de Freitas.<\/p>\n<p>\u201cA confirma\u00e7\u00e3o do in\u00edcio das obras do Anel Vi\u00e1rio Sul para setembro \u00e9 uma not\u00edcia muito importante para Ribeir\u00e3o Preto. \u00c9 uma interven\u00e7\u00e3o aguardada h\u00e1 anos e que vai transformar a mobilidade em uma regi\u00e3o estrat\u00e9gica da cidade\u201d, pontuou o prefeito Ricardo Silva.<\/p>\n<p>Al\u00e9m da mobilidade, o governador anunciou, nesta ter\u00e7a-feira (28), um pacote de R$ 455 milh\u00f5es em investimentos e medidas estruturantes para o fortalecimento do agroneg\u00f3cio paulista. Do total, R$ 400 milh\u00f5es ser\u00e3o destinados \u00e0 amplia\u00e7\u00e3o do cr\u00e9dito rural, expans\u00e3o do seguro agr\u00edcola e avan\u00e7o da regulariza\u00e7\u00e3o fundi\u00e1ria, enquanto R$ 55 milh\u00f5es contemplam a entrega de m\u00e1quinas e equipamentos agr\u00edcolas.<\/p>\n<p>O principal destaque \u00e9 a amplia\u00e7\u00e3o dos recursos do Fundo de Expans\u00e3o do Agroneg\u00f3cio Paulista (FEAP), consolidando o maior volume de subven\u00e7\u00e3o e cr\u00e9dito rural da hist\u00f3ria do Estado. As linhas de financiamento abrangem produ\u00e7\u00e3o, investimento e seguro rural, com condi\u00e7\u00f5es facilitadas e juros subvencionados.<\/p>\n<p>Entre as iniciativas, tamb\u00e9m se destaca o refor\u00e7o ao FEAP Mulher, com R$ 25 milh\u00f5es destinados ao apoio a produtoras rurais. No seguro rural, ser\u00e3o investidos R$ 100 milh\u00f5es, com potencial de cobertura de at\u00e9 20 mil ap\u00f3lices. J\u00e1 o programa Pr\u00f3-Trator contar\u00e1 com R$ 40 milh\u00f5es para aquisi\u00e7\u00e3o de m\u00e1quinas e equipamentos.<\/p>\n<p>Outro eixo relevante \u00e9 o avan\u00e7o da regulariza\u00e7\u00e3o fundi\u00e1ria, com a entrega de 42 t\u00edtulos rurais, dentro do maior programa j\u00e1 realizado no Estado, que soma mais de 5,3 mil t\u00edtulos entregues e cerca de 250 mil hectares regularizados, beneficiando principalmente pequenos e m\u00e9dios produtores.<\/p>\n<p>Durante a Agrishow, o Governo do Estado tamb\u00e9m realizou a entrega de 177 m\u00e1quinas e equipamentos agr\u00edcolas a 174 munic\u00edpios, por meio do programa Patrulha Rural, al\u00e9m da assinatura de conv\u00eanios com 90 cidades reconhecidas pelo programa Munic\u00edpio Agro 2025, totalizando R$ 6 milh\u00f5es em repasses.<\/p>\n<p>As a\u00e7\u00f5es incluem ainda iniciativas voltadas \u00e0 inova\u00e7\u00e3o, pesquisa aplicada, sustentabilidade e governan\u00e7a ambiental, fortalecendo o desenvolvimento do campo.<\/p>\n<\/div>\n<p><br \/>\n<br \/><a href=\"https:\/\/thmais.com.br\/cidades\/ribeirao-preto\/governador-confirma-inicio-de-obras-do-anel-viario-sul-em-setembro\/\">Link para o texto original <\/a><\/p>\n<!-- CONTENT END 1 -->\n","protected":false},"excerpt":{"rendered":"<p>Durante agenda oficial nesta segunda e ter\u00e7a-feira, 27 e 28 de abril, na Agrishow, o governador Tarc\u00edsio de Freitas (Republicanos) atualizou o cronograma das obras&#8230;<\/p>\n","protected":false},"author":1,"featured_media":85324,"comment_status":"","ping_status":"","sticky":false,"template":"","format":"standard","meta":{"advanced_seo_description":"","jetpack_seo_html_title":"","jetpack_seo_noindex":false,"jetpack_post_was_ever_published":false,"_jetpack_newsletter_access":"","_jetpack_dont_email_post_to_subs":false,"_jetpack_newsletter_tier_id":0,"_jetpack_memberships_contains_paywalled_content":false,"_jetpack_memberships_contains_paid_content":false,"footnotes":"","jetpack_publicize_message":"","jetpack_publicize_feature_enabled":true,"jetpack_social_post_already_shared":true,"jetpack_social_options":{"image_generator_settings":{"template":"highway","default_image_id":0,"font":"","enabled":false},"version":2}},"categories":[11],"tags":[927,1675,2097,539,1059,3398,420,6443,928],"class_list":["post-85323","post","type-post","status-publish","format-standard","has-post-thumbnail","hentry","category-noticias-de-ribeirao-preto-sp-e-regiao-ismael-colosi","tag-anel","tag-confirma","tag-governador","tag-inicio","tag-obras","tag-setembro","tag-sul","tag-thmais","tag-viario"],"jetpack_publicize_connections":[],"jetpack_featured_media_url":"https:\/\/i0.wp.com\/noticiasribeiraopreto.com.br\/wp-content\/uploads\/2026\/04\/agrishow_governador_terca_feira_-_foto_fernando_gonzaga_21.jpeg?fit=1280%2C853&ssl=1","jetpack-related-posts":[{"id":68943,"url":"https:\/\/noticiasribeiraopreto.com.br\/index.php\/2025\/04\/30\/ricardo-silva-anuncia-obras-de-melhoria-nos-trechos-norte-e-sul-do-anel-viario\/","url_meta":{"origin":85323,"position":0},"title":"Ricardo Silva anuncia obras de melhoria nos trechos Norte e Sul do Anel Vi\u00e1rio","author":"noticiasribeiraopreto.com.br","date":"30 de April de 2025","format":false,"excerpt":"O prefeito Ricardo Silva (PSD) anunciou nesta ter\u00e7a-feira (29), que os trechos Norte e Sul do Anel Vi\u00e1rio de Ribeir\u00e3o Preto passar\u00e3o por obras de melhoria \u2013 veja o v\u00eddeo abaixo. >>>FIQUE POR DENTRO: Come\u00e7a instala\u00e7\u00e3o das l\u00e2mpadas de LED em avenida de Ribeir\u00e3o Preto A declara\u00e7\u00e3o foi feita durante\u2026","rel":"","context":"In &quot;Not\u00edcias de Ribeir\u00e3o Preto-SP e Regi\u00e3o&quot;","block_context":{"text":"Not\u00edcias de Ribeir\u00e3o Preto-SP e Regi\u00e3o","link":"https:\/\/noticiasribeiraopreto.com.br\/index.php\/category\/noticias-de-ribeirao-preto-sp-e-regiao-ismael-colosi\/"},"img":{"alt_text":"","src":"https:\/\/i0.wp.com\/noticiasribeiraopreto.com.br\/wp-content\/uploads\/2025\/04\/WhatsApp-Image-2025-04-28-at-07.17.05_2025-04-28_10-22-30.webp.webp?fit=1200%2C900&ssl=1&resize=350%2C200","width":350,"height":200,"srcset":"https:\/\/i0.wp.com\/noticiasribeiraopreto.com.br\/wp-content\/uploads\/2025\/04\/WhatsApp-Image-2025-04-28-at-07.17.05_2025-04-28_10-22-30.webp.webp?fit=1200%2C900&ssl=1&resize=350%2C200 1x, https:\/\/i0.wp.com\/noticiasribeiraopreto.com.br\/wp-content\/uploads\/2025\/04\/WhatsApp-Image-2025-04-28-at-07.17.05_2025-04-28_10-22-30.webp.webp?fit=1200%2C900&ssl=1&resize=525%2C300 1.5x, https:\/\/i0.wp.com\/noticiasribeiraopreto.com.br\/wp-content\/uploads\/2025\/04\/WhatsApp-Image-2025-04-28-at-07.17.05_2025-04-28_10-22-30.webp.webp?fit=1200%2C900&ssl=1&resize=700%2C400 2x, https:\/\/i0.wp.com\/noticiasribeiraopreto.com.br\/wp-content\/uploads\/2025\/04\/WhatsApp-Image-2025-04-28-at-07.17.05_2025-04-28_10-22-30.webp.webp?fit=1200%2C900&ssl=1&resize=1050%2C600 3x"},"classes":[]},{"id":82456,"url":"https:\/\/noticiasribeiraopreto.com.br\/index.php\/2026\/02\/15\/projetos-para-o-anel-viario-de-ribeirao-preto-dependem-de-estudo\/","url_meta":{"origin":85323,"position":1},"title":"Projetos para o Anel Vi\u00e1rio de Ribeir\u00e3o Preto dependem de estudo","author":"noticiasribeiraopreto.com.br","date":"15 de February de 2026","format":false,"excerpt":"A Artesp (Ag\u00eancia de Transporte do Estado de S\u00e3o Paulo) revelou que os projetos das obras para melhorias nos acessos do Anel Vi\u00e1rio de Ribeir\u00e3o Preto ainda dependem de um estudo. O levantamento deve diagnosticar as condi\u00e7\u00f5es de tr\u00e1fego e indicar as interven\u00e7\u00f5es necess\u00e1rias. A ag\u00eancia informou que as demandas\u2026","rel":"","context":"In &quot;Not\u00edcias de Ribeir\u00e3o Preto-SP e Regi\u00e3o&quot;","block_context":{"text":"Not\u00edcias de Ribeir\u00e3o Preto-SP e Regi\u00e3o","link":"https:\/\/noticiasribeiraopreto.com.br\/index.php\/category\/noticias-de-ribeirao-preto-sp-e-regiao-ismael-colosi\/"},"img":{"alt_text":"","src":"https:\/\/i0.wp.com\/noticiasribeiraopreto.com.br\/wp-content\/uploads\/2025\/10\/AnyConv.com__anel-viario-sul_2024-07-03_13-31-20-1024x576.webp.webp?fit=1024%2C576&ssl=1&resize=350%2C200","width":350,"height":200,"srcset":"https:\/\/i0.wp.com\/noticiasribeiraopreto.com.br\/wp-content\/uploads\/2025\/10\/AnyConv.com__anel-viario-sul_2024-07-03_13-31-20-1024x576.webp.webp?fit=1024%2C576&ssl=1&resize=350%2C200 1x, https:\/\/i0.wp.com\/noticiasribeiraopreto.com.br\/wp-content\/uploads\/2025\/10\/AnyConv.com__anel-viario-sul_2024-07-03_13-31-20-1024x576.webp.webp?fit=1024%2C576&ssl=1&resize=525%2C300 1.5x, https:\/\/i0.wp.com\/noticiasribeiraopreto.com.br\/wp-content\/uploads\/2025\/10\/AnyConv.com__anel-viario-sul_2024-07-03_13-31-20-1024x576.webp.webp?fit=1024%2C576&ssl=1&resize=700%2C400 2x"},"classes":[]},{"id":43177,"url":"https:\/\/noticiasribeiraopreto.com.br\/index.php\/2024\/03\/19\/vice-governador-preve-inicio-de-obras-do-novo-hc-ue-de-ribeirao-ainda-em-2024\/","url_meta":{"origin":85323,"position":2},"title":"Vice-governador prev\u00ea in\u00edcio de obras do novo HC-UE de Ribeir\u00e3o ainda em 2024","author":"noticiasribeiraopreto.com.br","date":"19 de March de 2024","format":false,"excerpt":"O vice-governador de S\u00e3o Paulo, Felicio Ramuth (PSD), disse nesta ter\u00e7a-feira (19) que as obras do novo HC-UE (Hospital das Cl\u00ednicas \u2013 Unidade de Emerg\u00eancia) de Ribeir\u00e3o Preto devem ter in\u00edcio ainda em 2024. Felicio Ramuth, que \u00e9 o governador em exerc\u00edcio (Tarc\u00edsio de Freitas est\u00e1 em Israel), lan\u00e7ou em\u2026","rel":"","context":"In &quot;Not\u00edcias de Ribeir\u00e3o Preto-SP e Regi\u00e3o&quot;","block_context":{"text":"Not\u00edcias de Ribeir\u00e3o Preto-SP e Regi\u00e3o","link":"https:\/\/noticiasribeiraopreto.com.br\/index.php\/category\/noticias-de-ribeirao-preto-sp-e-regiao-ismael-colosi\/"},"img":{"alt_text":"","src":"https:\/\/i0.wp.com\/noticiasribeiraopreto.com.br\/wp-content\/uploads\/2024\/03\/AnyConv.com__felicio-ramuth-scaled.webp.webp?fit=1200%2C900&ssl=1&resize=350%2C200","width":350,"height":200,"srcset":"https:\/\/i0.wp.com\/noticiasribeiraopreto.com.br\/wp-content\/uploads\/2024\/03\/AnyConv.com__felicio-ramuth-scaled.webp.webp?fit=1200%2C900&ssl=1&resize=350%2C200 1x, https:\/\/i0.wp.com\/noticiasribeiraopreto.com.br\/wp-content\/uploads\/2024\/03\/AnyConv.com__felicio-ramuth-scaled.webp.webp?fit=1200%2C900&ssl=1&resize=525%2C300 1.5x, https:\/\/i0.wp.com\/noticiasribeiraopreto.com.br\/wp-content\/uploads\/2024\/03\/AnyConv.com__felicio-ramuth-scaled.webp.webp?fit=1200%2C900&ssl=1&resize=700%2C400 2x, https:\/\/i0.wp.com\/noticiasribeiraopreto.com.br\/wp-content\/uploads\/2024\/03\/AnyConv.com__felicio-ramuth-scaled.webp.webp?fit=1200%2C900&ssl=1&resize=1050%2C600 3x"},"classes":[]},{"id":43169,"url":"https:\/\/noticiasribeiraopreto.com.br\/index.php\/2024\/03\/19\/vice-governador-preve-inicio-do-novo-hc-ue-de-ribeirao-ainda-em-2024\/","url_meta":{"origin":85323,"position":3},"title":"Vice-governador prev\u00ea inicio do novo HC-UE de Ribeir\u00e3o ainda em 2024","author":"noticiasribeiraopreto.com.br","date":"19 de March de 2024","format":false,"excerpt":"O vice-governador de S\u00e3o Paulo, Felicio Ramuth (PSD), disse nesta ter\u00e7a-feira (19) que as obras do novo HC-UE (Hospital das Cl\u00ednicas \u2013 Unidade de Emerg\u00eancia) de Ribeir\u00e3o Preto devem ter in\u00edcio ainda em 2024. Felicio Ramuth, que \u00e9 o governador em exerc\u00edcio (Tarc\u00edsio de Freitas est\u00e1 em Israel), lan\u00e7ou em\u2026","rel":"","context":"In &quot;Not\u00edcias de Ribeir\u00e3o Preto-SP e Regi\u00e3o&quot;","block_context":{"text":"Not\u00edcias de Ribeir\u00e3o Preto-SP e Regi\u00e3o","link":"https:\/\/noticiasribeiraopreto.com.br\/index.php\/category\/noticias-de-ribeirao-preto-sp-e-regiao-ismael-colosi\/"},"img":{"alt_text":"","src":"https:\/\/i0.wp.com\/noticiasribeiraopreto.com.br\/wp-content\/uploads\/2024\/03\/AnyConv.com__felicio-ramuth-scaled.webp.webp?fit=1200%2C900&ssl=1&resize=350%2C200","width":350,"height":200,"srcset":"https:\/\/i0.wp.com\/noticiasribeiraopreto.com.br\/wp-content\/uploads\/2024\/03\/AnyConv.com__felicio-ramuth-scaled.webp.webp?fit=1200%2C900&ssl=1&resize=350%2C200 1x, https:\/\/i0.wp.com\/noticiasribeiraopreto.com.br\/wp-content\/uploads\/2024\/03\/AnyConv.com__felicio-ramuth-scaled.webp.webp?fit=1200%2C900&ssl=1&resize=525%2C300 1.5x, https:\/\/i0.wp.com\/noticiasribeiraopreto.com.br\/wp-content\/uploads\/2024\/03\/AnyConv.com__felicio-ramuth-scaled.webp.webp?fit=1200%2C900&ssl=1&resize=700%2C400 2x, https:\/\/i0.wp.com\/noticiasribeiraopreto.com.br\/wp-content\/uploads\/2024\/03\/AnyConv.com__felicio-ramuth-scaled.webp.webp?fit=1200%2C900&ssl=1&resize=1050%2C600 3x"},"classes":[]},{"id":68901,"url":"https:\/\/noticiasribeiraopreto.com.br\/index.php\/2025\/04\/30\/estado-anuncia-obras-de-mobilidade\/","url_meta":{"origin":85323,"position":4},"title":"Estado anuncia obras de mobilidade \u00a0","author":"noticiasribeiraopreto.com.br","date":"30 de April de 2025","format":false,"excerpt":"30 de abril de 2025 09:3530 de abril de 2025 09:377 Compartilhar0 Durante visita a 30\u00aa edi\u00e7\u00e3o da Feira Internacional de Tecnologia Agr\u00edcola em A\u00e7\u00e3o (Agrishow 2025), nesta ter\u00e7a-feira, 29 de abril, o governador de S\u00e3o Paulo, Tarc\u00edsio de Freitas (Republicanos), anunciou obras de mobilidade que v\u00e3o melhorar a infraestrutura\u2026","rel":"","context":"In &quot;Not\u00edcias de Ribeir\u00e3o Preto-SP e Regi\u00e3o&quot;","block_context":{"text":"Not\u00edcias de Ribeir\u00e3o Preto-SP e Regi\u00e3o","link":"https:\/\/noticiasribeiraopreto.com.br\/index.php\/category\/noticias-de-ribeirao-preto-sp-e-regiao-ismael-colosi\/"},"img":{"alt_text":"","src":"https:\/\/i0.wp.com\/noticiasribeiraopreto.com.br\/wp-content\/uploads\/2025\/04\/obras-scaled.jpeg?fit=750%2C500&ssl=1&resize=350%2C200","width":350,"height":200,"srcset":"https:\/\/i0.wp.com\/noticiasribeiraopreto.com.br\/wp-content\/uploads\/2025\/04\/obras-scaled.jpeg?fit=750%2C500&ssl=1&resize=350%2C200 1x, https:\/\/i0.wp.com\/noticiasribeiraopreto.com.br\/wp-content\/uploads\/2025\/04\/obras-scaled.jpeg?fit=750%2C500&ssl=1&resize=525%2C300 1.5x, https:\/\/i0.wp.com\/noticiasribeiraopreto.com.br\/wp-content\/uploads\/2025\/04\/obras-scaled.jpeg?fit=750%2C500&ssl=1&resize=700%2C400 2x"},"classes":[]},{"id":84103,"url":"https:\/\/noticiasribeiraopreto.com.br\/index.php\/2026\/04\/01\/obras-no-anel-viario-seguem-sem-prazo-e-prefeito-anuncia-medidas-para-a-agrishow\/","url_meta":{"origin":85323,"position":5},"title":"Obras no Anel Vi\u00e1rio seguem sem prazo, e prefeito anuncia medidas para a Agrishow","author":"noticiasribeiraopreto.com.br","date":"1 de April de 2026","format":false,"excerpt":"Ler o resumo da not\u00edcia Obras no Anel Vi\u00e1rio Sul devem come\u00e7ar este ano, mas ainda n\u00e3o h\u00e1 prazo definido devido ao ano eleitoral. Prefect Ricardo Silva anunciou medidas de tr\u00e2nsito para a Agrishow, incluindo novos acessos e bols\u00f5es vi\u00e1rios. Entrada de autoridades pelo Instituto Agron\u00f4mico ser\u00e1 alterada para eliminar\u2026","rel":"","context":"In &quot;Not\u00edcias de Ribeir\u00e3o Preto-SP e Regi\u00e3o&quot;","block_context":{"text":"Not\u00edcias de Ribeir\u00e3o Preto-SP e Regi\u00e3o","link":"https:\/\/noticiasribeiraopreto.com.br\/index.php\/category\/noticias-de-ribeirao-preto-sp-e-regiao-ismael-colosi\/"},"img":{"alt_text":"","src":"https:\/\/i0.wp.com\/noticiasribeiraopreto.com.br\/wp-content\/uploads\/2026\/04\/domingo-6_2026-04-01_20-44-33.webp.webp?fit=1200%2C675&ssl=1&resize=350%2C200","width":350,"height":200,"srcset":"https:\/\/i0.wp.com\/noticiasribeiraopreto.com.br\/wp-content\/uploads\/2026\/04\/domingo-6_2026-04-01_20-44-33.webp.webp?fit=1200%2C675&ssl=1&resize=350%2C200 1x, https:\/\/i0.wp.com\/noticiasribeiraopreto.com.br\/wp-content\/uploads\/2026\/04\/domingo-6_2026-04-01_20-44-33.webp.webp?fit=1200%2C675&ssl=1&resize=525%2C300 1.5x, https:\/\/i0.wp.com\/noticiasribeiraopreto.com.br\/wp-content\/uploads\/2026\/04\/domingo-6_2026-04-01_20-44-33.webp.webp?fit=1200%2C675&ssl=1&resize=700%2C400 2x, https:\/\/i0.wp.com\/noticiasribeiraopreto.com.br\/wp-content\/uploads\/2026\/04\/domingo-6_2026-04-01_20-44-33.webp.webp?fit=1200%2C675&ssl=1&resize=1050%2C600 3x"},"classes":[]}],"jetpack_sharing_enabled":true,"jetpack_shortlink":"https:\/\/wp.me\/peQAOb-mcb","_links":{"self":[{"href":"https:\/\/noticiasribeiraopreto.com.br\/index.php\/wp-json\/wp\/v2\/posts\/85323","targetHints":{"allow":["GET"]}}],"collection":[{"href":"https:\/\/noticiasribeiraopreto.com.br\/index.php\/wp-json\/wp\/v2\/posts"}],"about":[{"href":"https:\/\/noticiasribeiraopreto.com.br\/index.php\/wp-json\/wp\/v2\/types\/post"}],"author":[{"embeddable":true,"href":"https:\/\/noticiasribeiraopreto.com.br\/index.php\/wp-json\/wp\/v2\/users\/1"}],"replies":[{"embeddable":true,"href":"https:\/\/noticiasribeiraopreto.com.br\/index.php\/wp-json\/wp\/v2\/comments?post=85323"}],"version-history":[{"count":0,"href":"https:\/\/noticiasribeiraopreto.com.br\/index.php\/wp-json\/wp\/v2\/posts\/85323\/revisions"}],"wp:featuredmedia":[{"embeddable":true,"href":"https:\/\/noticiasribeiraopreto.com.br\/index.php\/wp-json\/wp\/v2\/media\/85324"}],"wp:attachment":[{"href":"https:\/\/noticiasribeiraopreto.com.br\/index.php\/wp-json\/wp\/v2\/media?parent=85323"}],"wp:term":[{"taxonomy":"category","embeddable":true,"href":"https:\/\/noticiasribeiraopreto.com.br\/index.php\/wp-json\/wp\/v2\/categories?post=85323"},{"taxonomy":"post_tag","embeddable":true,"href":"https:\/\/noticiasribeiraopreto.com.br\/index.php\/wp-json\/wp\/v2\/tags?post=85323"}],"curies":[{"name":"wp","href":"https:\/\/api.w.org\/{rel}","templated":true}]}}